{"id":3167,"date":"2025-06-19T09:48:00","date_gmt":"2025-06-19T07:48:00","guid":{"rendered":"https:\/\/lavoixdelanation.tg\/?p=3167"},"modified":"2025-06-19T16:52:02","modified_gmt":"2025-06-19T14:52:02","slug":"municipales-2025-au-togo-le-ministre-awate-hodabalo-en-tournee-de-sensibilisation-des-chefs-traditionnels","status":"publish","type":"post","link":"https:\/\/lavoixdelanation.tg\/index.php\/2025\/06\/19\/municipales-2025-au-togo-le-ministre-awate-hodabalo-en-tournee-de-sensibilisation-des-chefs-traditionnels\/","title":{"rendered":"Municipales 2025 au Togo\u00a0: Le ministre Awat\u00e9 Hodabalo en tourn\u00e9e de sensibilisation des chefs traditionnels"},"content":{"rendered":"\n<p><strong>Les togolais seront aux urnes le 17 juillet 2025 pour des \u00e9lections municipales. Pour un processus \u00e9lectoral apais\u00e9, le ministre Awat\u00e9 Hodabalo de l\u2019administration territoriale, de la d\u00e9centralisation et de la chefferie coutumi\u00e8re a entam\u00e9 en d\u00e9but de semaine, une tourn\u00e9e nationale de sensibilisation des chefs traditionnels sur leurs r\u00f4les et responsabilit\u00e9s.<\/strong><\/p>\n\n\n\n<p>Le coup d\u2019envoi de la tourn\u00e9e nationale d\u2019\u00e9changes avec la chefferie traditionnelle a \u00e9t\u00e9 donn\u00e9e lundi 16 juin \u00e0 Dapaong dans la r\u00e9gion des savanes.<\/p>\n\n\n\n<p>Les \u00e9changes portent sur le r\u00f4le des chefs traditionnels, la gestion efficace de la chefferie traditionnelle, la contribution de la chefferie traditionnelle que les garants des us et coutumes devront faire valoir pour un processus \u00e9lectoral apais\u00e9 en vue de l\u2019heureux aboutissement du scrutin municipal.<\/p>\n\n\n\n<p>Cette tourn\u00e9e nationale de sensibilisation des chefs traditionnels du Togo s\u2019est poursuivie \u00e0 Kara le mardi 17 juin, \u00e0 Sokod\u00e9 le mercredi 18 juin. Elle est \u00e0 l\u2019\u00e9tape d\u2019Atakpam\u00e9 ce jeudi 19 juin, avant de prendre fin \u00e0 Ts\u00e9vi\u00e9 demain vendredi 20 juin 2025.<\/p>\n\n\n\n<p>Pour rappel, la chefferie traditionnelle, pilier fondamental et un des vecteurs de d\u00e9veloppement local, est r\u00e9gi au Togo par la loi n\u00b02007-002 du 08 janvier 2007 relative \u00e0 la chefferie traditionnelle et au statut des chefs traditionnels dans le pays, et son d\u00e9cret d\u2019application n\u00b02016-028\/PR du 11 mars 2016.<\/p>\n\n\n\n<p><strong>La R\u00e9daction<\/strong><\/p>\n","protected":false},"excerpt":{"rendered":"<p>Les togolais seront aux urnes le 17 juillet 2025 pour des \u00e9lections municipales. Pour un processus \u00e9lectoral apais\u00e9, le ministre Awat\u00e9 Hodabalo de l\u2019administration territoriale, de la d\u00e9centralisation et de&hellip; <\/p>\n","protected":false},"author":1,"featured_media":3168,"comment_status":"open","ping_status":"open","sticky":false,"template":"","format":"standard","meta":{"footnotes":""},"categories":[21],"tags":[562,749,385,555,39],"class_list":["post-3167","post","type-post","status-publish","format-standard","has-post-thumbnail","hentry","category-politique","tag-awate-hodabalo","tag-chefs-traditionnels","tag-decentralisation","tag-elections-municipales-2","tag-togo"],"yoast_head":"<!-- This site is optimized with the Yoast SEO plugin v26.4 - https:\/\/yoast.com\/wordpress\/plugins\/seo\/ -->\n<title>Municipales 2025 au Togo\u00a0: Le ministre Awat\u00e9 Hodabalo en tourn\u00e9e de sensibilisation des chefs traditionnels - La Voix de la Nation<\/title>\n<meta name=\"robots\" content=\"index, follow, max-snippet:-1, max-image-preview:large, max-video-preview:-1\" \/>\n<link rel=\"canonical\" href=\"https:\/\/lavoixdelanation.tg\/index.php\/2025\/06\/19\/municipales-2025-au-togo-le-ministre-awate-hodabalo-en-tournee-de-sensibilisation-des-chefs-traditionnels\/\" \/>\n<meta property=\"og:locale\" content=\"fr_FR\" \/>\n<meta property=\"og:type\" content=\"article\" \/>\n<meta property=\"og:title\" content=\"Municipales 2025 au Togo\u00a0: Le ministre Awat\u00e9 Hodabalo en tourn\u00e9e de sensibilisation des chefs traditionnels - La Voix de la Nation\" \/>\n<meta property=\"og:description\" content=\"Les togolais seront aux urnes le 17 juillet 2025 pour des \u00e9lections municipales. Pour un processus \u00e9lectoral apais\u00e9, le ministre Awat\u00e9 Hodabalo de l\u2019administration territoriale, de la d\u00e9centralisation et de&hellip;\" \/>\n<meta property=\"og:url\" content=\"https:\/\/lavoixdelanation.tg\/index.php\/2025\/06\/19\/municipales-2025-au-togo-le-ministre-awate-hodabalo-en-tournee-de-sensibilisation-des-chefs-traditionnels\/\" \/>\n<meta property=\"og:site_name\" content=\"La Voix de la Nation\" \/>\n<meta property=\"article:publisher\" content=\"https:\/\/www.facebook.com\/lavoixdelanation\" \/>\n<meta property=\"article:published_time\" content=\"2025-06-19T07:48:00+00:00\" \/>\n<meta property=\"article:modified_time\" content=\"2025-06-19T14:52:02+00:00\" \/>\n<meta property=\"og:image\" content=\"https:\/\/lavoixdelanation.tg\/wp-content\/uploads\/2025\/06\/Awate-Hodabalo-en-tournee-de-sensibilisation-des-chefs-traditionnels.jpg\" \/>\n\t<meta property=\"og:image:width\" content=\"650\" \/>\n\t<meta property=\"og:image:height\" content=\"373\" \/>\n\t<meta property=\"og:image:type\" content=\"image\/jpeg\" \/>\n<meta name=\"author\" content=\"La voix de la nation\" \/>\n<meta name=\"twitter:card\" content=\"summary_large_image\" \/>\n<meta name=\"twitter:label1\" content=\"\u00c9crit par\" \/>\n\t<meta name=\"twitter:data1\" content=\"La voix de la nation\" \/>\n\t<meta name=\"twitter:label2\" content=\"Dur\u00e9e de lecture estim\u00e9e\" \/>\n\t<meta name=\"twitter:data2\" content=\"2 minutes\" \/>\n<script type=\"application\/ld+json\" class=\"yoast-schema-graph\">{\"@context\":\"https:\/\/schema.org\",\"@graph\":[{\"@type\":\"Article\",\"@id\":\"https:\/\/lavoixdelanation.tg\/index.php\/2025\/06\/19\/municipales-2025-au-togo-le-ministre-awate-hodabalo-en-tournee-de-sensibilisation-des-chefs-traditionnels\/#article\",\"isPartOf\":{\"@id\":\"https:\/\/lavoixdelanation.tg\/index.php\/2025\/06\/19\/municipales-2025-au-togo-le-ministre-awate-hodabalo-en-tournee-de-sensibilisation-des-chefs-traditionnels\/\"},\"author\":{\"name\":\"La voix de la nation\",\"@id\":\"https:\/\/lavoixdelanation.tg\/#\/schema\/person\/6c489293aa38053673a9e554acb6e224\"},\"headline\":\"Municipales 2025 au Togo\u00a0: Le ministre Awat\u00e9 Hodabalo en tourn\u00e9e de sensibilisation des chefs traditionnels\",\"datePublished\":\"2025-06-19T07:48:00+00:00\",\"dateModified\":\"2025-06-19T14:52:02+00:00\",\"mainEntityOfPage\":{\"@id\":\"https:\/\/lavoixdelanation.tg\/index.php\/2025\/06\/19\/municipales-2025-au-togo-le-ministre-awate-hodabalo-en-tournee-de-sensibilisation-des-chefs-traditionnels\/\"},\"wordCount\":241,\"commentCount\":0,\"publisher\":{\"@id\":\"https:\/\/lavoixdelanation.tg\/#organization\"},\"image\":{\"@id\":\"https:\/\/lavoixdelanation.tg\/index.php\/2025\/06\/19\/municipales-2025-au-togo-le-ministre-awate-hodabalo-en-tournee-de-sensibilisation-des-chefs-traditionnels\/#primaryimage\"},\"thumbnailUrl\":\"https:\/\/lavoixdelanation.tg\/wp-content\/uploads\/2025\/06\/Awate-Hodabalo-en-tournee-de-sensibilisation-des-chefs-traditionnels.jpg\",\"keywords\":[\"Awat\u00e9 Hodabalo\",\"chefs traditionnels\",\"D\u00e9centralisation\",\"\u00e9lections municipales\",\"Togo\"],\"articleSection\":[\"Politique\"],\"inLanguage\":\"fr-FR\",\"potentialAction\":[{\"@type\":\"CommentAction\",\"name\":\"Comment\",\"target\":[\"https:\/\/lavoixdelanation.tg\/index.php\/2025\/06\/19\/municipales-2025-au-togo-le-ministre-awate-hodabalo-en-tournee-de-sensibilisation-des-chefs-traditionnels\/#respond\"]}]},{\"@type\":\"WebPage\",\"@id\":\"https:\/\/lavoixdelanation.tg\/index.php\/2025\/06\/19\/municipales-2025-au-togo-le-ministre-awate-hodabalo-en-tournee-de-sensibilisation-des-chefs-traditionnels\/\",\"url\":\"https:\/\/lavoixdelanation.tg\/index.php\/2025\/06\/19\/municipales-2025-au-togo-le-ministre-awate-hodabalo-en-tournee-de-sensibilisation-des-chefs-traditionnels\/\",\"name\":\"Municipales 2025 au Togo\u00a0: Le ministre Awat\u00e9 Hodabalo en tourn\u00e9e de sensibilisation des chefs traditionnels - La Voix de la Nation\",\"isPartOf\":{\"@id\":\"https:\/\/lavoixdelanation.tg\/#website\"},\"primaryImageOfPage\":{\"@id\":\"https:\/\/lavoixdelanation.tg\/index.php\/2025\/06\/19\/municipales-2025-au-togo-le-ministre-awate-hodabalo-en-tournee-de-sensibilisation-des-chefs-traditionnels\/#primaryimage\"},\"image\":{\"@id\":\"https:\/\/lavoixdelanation.tg\/index.php\/2025\/06\/19\/municipales-2025-au-togo-le-ministre-awate-hodabalo-en-tournee-de-sensibilisation-des-chefs-traditionnels\/#primaryimage\"},\"thumbnailUrl\":\"https:\/\/lavoixdelanation.tg\/wp-content\/uploads\/2025\/06\/Awate-Hodabalo-en-tournee-de-sensibilisation-des-chefs-traditionnels.jpg\",\"datePublished\":\"2025-06-19T07:48:00+00:00\",\"dateModified\":\"2025-06-19T14:52:02+00:00\",\"breadcrumb\":{\"@id\":\"https:\/\/lavoixdelanation.tg\/index.php\/2025\/06\/19\/municipales-2025-au-togo-le-ministre-awate-hodabalo-en-tournee-de-sensibilisation-des-chefs-traditionnels\/#breadcrumb\"},\"inLanguage\":\"fr-FR\",\"potentialAction\":[{\"@type\":\"ReadAction\",\"target\":[\"https:\/\/lavoixdelanation.tg\/index.php\/2025\/06\/19\/municipales-2025-au-togo-le-ministre-awate-hodabalo-en-tournee-de-sensibilisation-des-chefs-traditionnels\/\"]}]},{\"@type\":\"ImageObject\",\"inLanguage\":\"fr-FR\",\"@id\":\"https:\/\/lavoixdelanation.tg\/index.php\/2025\/06\/19\/municipales-2025-au-togo-le-ministre-awate-hodabalo-en-tournee-de-sensibilisation-des-chefs-traditionnels\/#primaryimage\",\"url\":\"https:\/\/lavoixdelanation.tg\/wp-content\/uploads\/2025\/06\/Awate-Hodabalo-en-tournee-de-sensibilisation-des-chefs-traditionnels.jpg\",\"contentUrl\":\"https:\/\/lavoixdelanation.tg\/wp-content\/uploads\/2025\/06\/Awate-Hodabalo-en-tournee-de-sensibilisation-des-chefs-traditionnels.jpg\",\"width\":650,\"height\":373},{\"@type\":\"BreadcrumbList\",\"@id\":\"https:\/\/lavoixdelanation.tg\/index.php\/2025\/06\/19\/municipales-2025-au-togo-le-ministre-awate-hodabalo-en-tournee-de-sensibilisation-des-chefs-traditionnels\/#breadcrumb\",\"itemListElement\":[{\"@type\":\"ListItem\",\"position\":1,\"name\":\"Accueil\",\"item\":\"https:\/\/lavoixdelanation.tg\/\"},{\"@type\":\"ListItem\",\"position\":2,\"name\":\"Municipales 2025 au Togo\u00a0: Le ministre Awat\u00e9 Hodabalo en tourn\u00e9e de sensibilisation des chefs traditionnels\"}]},{\"@type\":\"WebSite\",\"@id\":\"https:\/\/lavoixdelanation.tg\/#website\",\"url\":\"https:\/\/lavoixdelanation.tg\/\",\"name\":\"La Voix de la Nation\",\"description\":\"R\u00e9c\u00e9piss\u00e9 n\u00b00108\/HAAC\/01-2024\/pl\/P\",\"publisher\":{\"@id\":\"https:\/\/lavoixdelanation.tg\/#organization\"},\"alternateName\":\"VON\",\"potentialAction\":[{\"@type\":\"SearchAction\",\"target\":{\"@type\":\"EntryPoint\",\"urlTemplate\":\"https:\/\/lavoixdelanation.tg\/?s={search_term_string}\"},\"query-input\":{\"@type\":\"PropertyValueSpecification\",\"valueRequired\":true,\"valueName\":\"search_term_string\"}}],\"inLanguage\":\"fr-FR\"},{\"@type\":\"Organization\",\"@id\":\"https:\/\/lavoixdelanation.tg\/#organization\",\"name\":\"La Voix de la Nation\",\"url\":\"https:\/\/lavoixdelanation.tg\/\",\"logo\":{\"@type\":\"ImageObject\",\"inLanguage\":\"fr-FR\",\"@id\":\"https:\/\/lavoixdelanation.tg\/#\/schema\/logo\/image\/\",\"url\":\"https:\/\/lavoixdelanation.tg\/wp-content\/uploads\/2024\/12\/lavn-1.png\",\"contentUrl\":\"https:\/\/lavoixdelanation.tg\/wp-content\/uploads\/2024\/12\/lavn-1.png\",\"width\":1024,\"height\":464,\"caption\":\"La Voix de la Nation\"},\"image\":{\"@id\":\"https:\/\/lavoixdelanation.tg\/#\/schema\/logo\/image\/\"},\"sameAs\":[\"https:\/\/www.facebook.com\/lavoixdelanation\"]},{\"@type\":\"Person\",\"@id\":\"https:\/\/lavoixdelanation.tg\/#\/schema\/person\/6c489293aa38053673a9e554acb6e224\",\"name\":\"La voix de la nation\",\"image\":{\"@type\":\"ImageObject\",\"inLanguage\":\"fr-FR\",\"@id\":\"https:\/\/lavoixdelanation.tg\/#\/schema\/person\/image\/\",\"url\":\"https:\/\/secure.gravatar.com\/avatar\/8aa135d4bbc794494cecaa8d483f6d6cc1023624868deaff686baed5e727a5a1?s=96&d=mm&r=g\",\"contentUrl\":\"https:\/\/secure.gravatar.com\/avatar\/8aa135d4bbc794494cecaa8d483f6d6cc1023624868deaff686baed5e727a5a1?s=96&d=mm&r=g\",\"caption\":\"La voix de la nation\"},\"sameAs\":[\"https:\/\/lavoixdelanation.tg\"],\"url\":\"https:\/\/lavoixdelanation.tg\/index.php\/author\/lavn\/\"}]}<\/script>\n<!-- \/ Yoast SEO plugin. -->","yoast_head_json":{"title":"Municipales 2025 au Togo\u00a0: Le ministre Awat\u00e9 Hodabalo en tourn\u00e9e de sensibilisation des chefs traditionnels - La Voix de la Nation","robots":{"index":"index","follow":"follow","max-snippet":"max-snippet:-1","max-image-preview":"max-image-preview:large","max-video-preview":"max-video-preview:-1"},"canonical":"https:\/\/lavoixdelanation.tg\/index.php\/2025\/06\/19\/municipales-2025-au-togo-le-ministre-awate-hodabalo-en-tournee-de-sensibilisation-des-chefs-traditionnels\/","og_locale":"fr_FR","og_type":"article","og_title":"Municipales 2025 au Togo\u00a0: Le ministre Awat\u00e9 Hodabalo en tourn\u00e9e de sensibilisation des chefs traditionnels - La Voix de la Nation","og_description":"Les togolais seront aux urnes le 17 juillet 2025 pour des \u00e9lections municipales. Pour un processus \u00e9lectoral apais\u00e9, le ministre Awat\u00e9 Hodabalo de l\u2019administration territoriale, de la d\u00e9centralisation et de&hellip;","og_url":"https:\/\/lavoixdelanation.tg\/index.php\/2025\/06\/19\/municipales-2025-au-togo-le-ministre-awate-hodabalo-en-tournee-de-sensibilisation-des-chefs-traditionnels\/","og_site_name":"La Voix de la Nation","article_publisher":"https:\/\/www.facebook.com\/lavoixdelanation","article_published_time":"2025-06-19T07:48:00+00:00","article_modified_time":"2025-06-19T14:52:02+00:00","og_image":[{"width":650,"height":373,"url":"https:\/\/lavoixdelanation.tg\/wp-content\/uploads\/2025\/06\/Awate-Hodabalo-en-tournee-de-sensibilisation-des-chefs-traditionnels.jpg","type":"image\/jpeg"}],"author":"La voix de la nation","twitter_card":"summary_large_image","twitter_misc":{"\u00c9crit par":"La voix de la nation","Dur\u00e9e de lecture estim\u00e9e":"2 minutes"},"schema":{"@context":"https:\/\/schema.org","@graph":[{"@type":"Article","@id":"https:\/\/lavoixdelanation.tg\/index.php\/2025\/06\/19\/municipales-2025-au-togo-le-ministre-awate-hodabalo-en-tournee-de-sensibilisation-des-chefs-traditionnels\/#article","isPartOf":{"@id":"https:\/\/lavoixdelanation.tg\/index.php\/2025\/06\/19\/municipales-2025-au-togo-le-ministre-awate-hodabalo-en-tournee-de-sensibilisation-des-chefs-traditionnels\/"},"author":{"name":"La voix de la nation","@id":"https:\/\/lavoixdelanation.tg\/#\/schema\/person\/6c489293aa38053673a9e554acb6e224"},"headline":"Municipales 2025 au Togo\u00a0: Le ministre Awat\u00e9 Hodabalo en tourn\u00e9e de sensibilisation des chefs traditionnels","datePublished":"2025-06-19T07:48:00+00:00","dateModified":"2025-06-19T14:52:02+00:00","mainEntityOfPage":{"@id":"https:\/\/lavoixdelanation.tg\/index.php\/2025\/06\/19\/municipales-2025-au-togo-le-ministre-awate-hodabalo-en-tournee-de-sensibilisation-des-chefs-traditionnels\/"},"wordCount":241,"commentCount":0,"publisher":{"@id":"https:\/\/lavoixdelanation.tg\/#organization"},"image":{"@id":"https:\/\/lavoixdelanation.tg\/index.php\/2025\/06\/19\/municipales-2025-au-togo-le-ministre-awate-hodabalo-en-tournee-de-sensibilisation-des-chefs-traditionnels\/#primaryimage"},"thumbnailUrl":"https:\/\/lavoixdelanation.tg\/wp-content\/uploads\/2025\/06\/Awate-Hodabalo-en-tournee-de-sensibilisation-des-chefs-traditionnels.jpg","keywords":["Awat\u00e9 Hodabalo","chefs traditionnels","D\u00e9centralisation","\u00e9lections municipales","Togo"],"articleSection":["Politique"],"inLanguage":"fr-FR","potentialAction":[{"@type":"CommentAction","name":"Comment","target":["https:\/\/lavoixdelanation.tg\/index.php\/2025\/06\/19\/municipales-2025-au-togo-le-ministre-awate-hodabalo-en-tournee-de-sensibilisation-des-chefs-traditionnels\/#respond"]}]},{"@type":"WebPage","@id":"https:\/\/lavoixdelanation.tg\/index.php\/2025\/06\/19\/municipales-2025-au-togo-le-ministre-awate-hodabalo-en-tournee-de-sensibilisation-des-chefs-traditionnels\/","url":"https:\/\/lavoixdelanation.tg\/index.php\/2025\/06\/19\/municipales-2025-au-togo-le-ministre-awate-hodabalo-en-tournee-de-sensibilisation-des-chefs-traditionnels\/","name":"Municipales 2025 au Togo\u00a0: Le ministre Awat\u00e9 Hodabalo en tourn\u00e9e de sensibilisation des chefs traditionnels - La Voix de la Nation","isPartOf":{"@id":"https:\/\/lavoixdelanation.tg\/#website"},"primaryImageOfPage":{"@id":"https:\/\/lavoixdelanation.tg\/index.php\/2025\/06\/19\/municipales-2025-au-togo-le-ministre-awate-hodabalo-en-tournee-de-sensibilisation-des-chefs-traditionnels\/#primaryimage"},"image":{"@id":"https:\/\/lavoixdelanation.tg\/index.php\/2025\/06\/19\/municipales-2025-au-togo-le-ministre-awate-hodabalo-en-tournee-de-sensibilisation-des-chefs-traditionnels\/#primaryimage"},"thumbnailUrl":"https:\/\/lavoixdelanation.tg\/wp-content\/uploads\/2025\/06\/Awate-Hodabalo-en-tournee-de-sensibilisation-des-chefs-traditionnels.jpg","datePublished":"2025-06-19T07:48:00+00:00","dateModified":"2025-06-19T14:52:02+00:00","breadcrumb":{"@id":"https:\/\/lavoixdelanation.tg\/index.php\/2025\/06\/19\/municipales-2025-au-togo-le-ministre-awate-hodabalo-en-tournee-de-sensibilisation-des-chefs-traditionnels\/#breadcrumb"},"inLanguage":"fr-FR","potentialAction":[{"@type":"ReadAction","target":["https:\/\/lavoixdelanation.tg\/index.php\/2025\/06\/19\/municipales-2025-au-togo-le-ministre-awate-hodabalo-en-tournee-de-sensibilisation-des-chefs-traditionnels\/"]}]},{"@type":"ImageObject","inLanguage":"fr-FR","@id":"https:\/\/lavoixdelanation.tg\/index.php\/2025\/06\/19\/municipales-2025-au-togo-le-ministre-awate-hodabalo-en-tournee-de-sensibilisation-des-chefs-traditionnels\/#primaryimage","url":"https:\/\/lavoixdelanation.tg\/wp-content\/uploads\/2025\/06\/Awate-Hodabalo-en-tournee-de-sensibilisation-des-chefs-traditionnels.jpg","contentUrl":"https:\/\/lavoixdelanation.tg\/wp-content\/uploads\/2025\/06\/Awate-Hodabalo-en-tournee-de-sensibilisation-des-chefs-traditionnels.jpg","width":650,"height":373},{"@type":"BreadcrumbList","@id":"https:\/\/lavoixdelanation.tg\/index.php\/2025\/06\/19\/municipales-2025-au-togo-le-ministre-awate-hodabalo-en-tournee-de-sensibilisation-des-chefs-traditionnels\/#breadcrumb","itemListElement":[{"@type":"ListItem","position":1,"name":"Accueil","item":"https:\/\/lavoixdelanation.tg\/"},{"@type":"ListItem","position":2,"name":"Municipales 2025 au Togo\u00a0: Le ministre Awat\u00e9 Hodabalo en tourn\u00e9e de sensibilisation des chefs traditionnels"}]},{"@type":"WebSite","@id":"https:\/\/lavoixdelanation.tg\/#website","url":"https:\/\/lavoixdelanation.tg\/","name":"La Voix de la Nation","description":"R\u00e9c\u00e9piss\u00e9 n\u00b00108\/HAAC\/01-2024\/pl\/P","publisher":{"@id":"https:\/\/lavoixdelanation.tg\/#organization"},"alternateName":"VON","potentialAction":[{"@type":"SearchAction","target":{"@type":"EntryPoint","urlTemplate":"https:\/\/lavoixdelanation.tg\/?s={search_term_string}"},"query-input":{"@type":"PropertyValueSpecification","valueRequired":true,"valueName":"search_term_string"}}],"inLanguage":"fr-FR"},{"@type":"Organization","@id":"https:\/\/lavoixdelanation.tg\/#organization","name":"La Voix de la Nation","url":"https:\/\/lavoixdelanation.tg\/","logo":{"@type":"ImageObject","inLanguage":"fr-FR","@id":"https:\/\/lavoixdelanation.tg\/#\/schema\/logo\/image\/","url":"https:\/\/lavoixdelanation.tg\/wp-content\/uploads\/2024\/12\/lavn-1.png","contentUrl":"https:\/\/lavoixdelanation.tg\/wp-content\/uploads\/2024\/12\/lavn-1.png","width":1024,"height":464,"caption":"La Voix de la Nation"},"image":{"@id":"https:\/\/lavoixdelanation.tg\/#\/schema\/logo\/image\/"},"sameAs":["https:\/\/www.facebook.com\/lavoixdelanation"]},{"@type":"Person","@id":"https:\/\/lavoixdelanation.tg\/#\/schema\/person\/6c489293aa38053673a9e554acb6e224","name":"La voix de la nation","image":{"@type":"ImageObject","inLanguage":"fr-FR","@id":"https:\/\/lavoixdelanation.tg\/#\/schema\/person\/image\/","url":"https:\/\/secure.gravatar.com\/avatar\/8aa135d4bbc794494cecaa8d483f6d6cc1023624868deaff686baed5e727a5a1?s=96&d=mm&r=g","contentUrl":"https:\/\/secure.gravatar.com\/avatar\/8aa135d4bbc794494cecaa8d483f6d6cc1023624868deaff686baed5e727a5a1?s=96&d=mm&r=g","caption":"La voix de la nation"},"sameAs":["https:\/\/lavoixdelanation.tg"],"url":"https:\/\/lavoixdelanation.tg\/index.php\/author\/lavn\/"}]}},"_links":{"self":[{"href":"https:\/\/lavoixdelanation.tg\/index.php\/wp-json\/wp\/v2\/posts\/3167","targetHints":{"allow":["GET"]}}],"collection":[{"href":"https:\/\/lavoixdelanation.tg\/index.php\/wp-json\/wp\/v2\/posts"}],"about":[{"href":"https:\/\/lavoixdelanation.tg\/index.php\/wp-json\/wp\/v2\/types\/post"}],"author":[{"embeddable":true,"href":"https:\/\/lavoixdelanation.tg\/index.php\/wp-json\/wp\/v2\/users\/1"}],"replies":[{"embeddable":true,"href":"https:\/\/lavoixdelanation.tg\/index.php\/wp-json\/wp\/v2\/comments?post=3167"}],"version-history":[{"count":1,"href":"https:\/\/lavoixdelanation.tg\/index.php\/wp-json\/wp\/v2\/posts\/3167\/revisions"}],"predecessor-version":[{"id":3169,"href":"https:\/\/lavoixdelanation.tg\/index.php\/wp-json\/wp\/v2\/posts\/3167\/revisions\/3169"}],"wp:featuredmedia":[{"embeddable":true,"href":"https:\/\/lavoixdelanation.tg\/index.php\/wp-json\/wp\/v2\/media\/3168"}],"wp:attachment":[{"href":"https:\/\/lavoixdelanation.tg\/index.php\/wp-json\/wp\/v2\/media?parent=3167"}],"wp:term":[{"taxonomy":"category","embeddable":true,"href":"https:\/\/lavoixdelanation.tg\/index.php\/wp-json\/wp\/v2\/categories?post=3167"},{"taxonomy":"post_tag","embeddable":true,"href":"https:\/\/lavoixdelanation.tg\/index.php\/wp-json\/wp\/v2\/tags?post=3167"}],"curies":[{"name":"wp","href":"https:\/\/api.w.org\/{rel}","templated":true}]}}