{"id":3163,"date":"2025-06-19T16:40:26","date_gmt":"2025-06-19T14:40:26","guid":{"rendered":"https:\/\/lavoixdelanation.tg\/?p=3163"},"modified":"2025-06-19T16:40:27","modified_gmt":"2025-06-19T14:40:27","slug":"investissement-faure-gnassingbe-inaugure-une-nouvelle-usine-textile-a-la-pia","status":"publish","type":"post","link":"https:\/\/lavoixdelanation.tg\/index.php\/2025\/06\/19\/investissement-faure-gnassingbe-inaugure-une-nouvelle-usine-textile-a-la-pia\/","title":{"rendered":"Investissement\u00a0: Faure Gnassingb\u00e9 inaugure une nouvelle usine textile \u00e0 la PIA"},"content":{"rendered":"\n<p><strong>Le Pr\u00e9sident du Conseil, Faure Gnassingb\u00e9 a proc\u00e9d\u00e9 ce mercredi 18 juin 2025 \u00e0 l\u2019inauguration officielle de l\u2019usine textile de l\u2019entreprise STAR GARMENTS Togo, implant\u00e9e sur la Plateforme industrielle d\u2019Ad\u00e9tikop\u00e9 (PIA).<\/strong><\/p>\n\n\n\n<p>Selon le gouvernement, ce nouvel acteur du secteur textile incarne une avanc\u00e9e d\u00e9cisive dans la strat\u00e9gie de transformation industrielle du Togo et de cr\u00e9ation d\u2019emplois.<\/p>\n\n\n\n<p>Cette usine textile est en effet une initiative \u00e0 haute valeur \u00e9conomique et sociale con\u00e7ue dans un partenariat public-priv\u00e9 pour industrialiser l\u2019\u00e9conomie, diversifier les exportations et augmenter la r\u00e9silience nationale.&nbsp;<\/p>\n\n\n\n<p>Port\u00e9 par le groupe KOMAR, sp\u00e9cialis\u00e9 dans le textile et l\u2019habillement, le projet a b\u00e9n\u00e9fici\u00e9 de l\u2019appui technique et financier de la Soci\u00e9t\u00e9 financi\u00e8re internationale (SFI).<\/p>\n\n\n\n<p>Le Pr\u00e9sident-Directeur G\u00e9n\u00e9ral&nbsp;de KOMAR, la soci\u00e9t\u00e9 m\u00e8re de l\u2019entreprise STAR GARMENTS a salu\u00e9 ce partenariat qui confirme l\u2019efficacit\u00e9 des orientations politiques du gouvernement.<\/p>\n\n\n\n<figure class=\"wp-block-image size-large\"><img loading=\"lazy\" decoding=\"async\" width=\"1024\" height=\"683\" src=\"https:\/\/lavoixdelanation.tg\/wp-content\/uploads\/2025\/06\/pia-text-1024x683.jpg\" alt=\"\" class=\"wp-image-3165\" srcset=\"https:\/\/lavoixdelanation.tg\/wp-content\/uploads\/2025\/06\/pia-text-1024x683.jpg 1024w, https:\/\/lavoixdelanation.tg\/wp-content\/uploads\/2025\/06\/pia-text-300x200.jpg 300w, https:\/\/lavoixdelanation.tg\/wp-content\/uploads\/2025\/06\/pia-text-768x512.jpg 768w, https:\/\/lavoixdelanation.tg\/wp-content\/uploads\/2025\/06\/pia-text.jpg 1280w\" sizes=\"auto, (max-width: 1024px) 100vw, 1024px\" \/><\/figure>\n\n\n\n<p>\u00ab&nbsp;L\u2019ouverture officielle de cette usine marque le d\u00e9but d\u2019une l\u2019histoire unique. Ce n\u2019est pas seulement un partenariat ou un investissement, mais une croyance en la prosp\u00e9rit\u00e9 partag\u00e9e et en la renaissance du Togo. Nous avons choisi le Togo parce que nous avons vu une nation s\u2019\u00e9lever, une gouvernance ax\u00e9e sur la stabilit\u00e9 \u00e9conomique, l\u2019infrastructure et les investissements. En termes d\u2019importance, le Togo pourrait cr\u00e9er d\u2019\u00e9normes opportunit\u00e9s pour les femmes et les jeunes&nbsp;\u00bb a-t-il Charlie Komar,<\/p>\n\n\n\n<p>L\u2019ouverture de cette unit\u00e9 industrielle marque un tournant strat\u00e9gique dans la valorisation du coton togolais, l\u2019une des principales cultures de rente. Elle permettra au pays d\u2019int\u00e9grer le cercle des nations africaines exportatrices de textile sur le march\u00e9 international.<\/p>\n\n\n\n<p>Cette nouvelle manufacture textile vient s\u2019ajouter aux initiatives en cours dans les fili\u00e8res agroindustrielles avec un objectif de transformation locale et de valeur ajout\u00e9e.&nbsp; Elle vient ainsi renforcer la volont\u00e9 du gouvernement de positionner le Togo comme un p\u00f4le industriel et logistique incontournable en Afrique de l\u2019ouest.<\/p>\n\n\n\n<p>Cette nouvelle unit\u00e9 industrielle contribuera \u00e0 l\u2019am\u00e9lioration des conditions de vie des populations togolaises en permettant la cr\u00e9ation de 2000 emplois directs cette ann\u00e9e, et 4500 emplois directs et indirects \u00e0 l\u2019horizon 2030, avec un taux de recrutement de 70% de femmes.<\/p>\n\n\n\n<p>Au demeurant, l\u2019inauguration de STAR GARMENTS Togo refl\u00e8te la dynamique impuls\u00e9e par le gouvernement togolais, qui s\u2019engage dans des projets concrets \u00e0 fort impact socio\u00e9conomique.<\/p>\n\n\n\n<p>La ministre Manuella Santos de la Promotion de l\u2019investissement a exprim\u00e9 ses f\u00e9licitations au Pr\u00e9sident du Conseil qui porte avec constance cette vision de d\u00e9veloppement de notre pays.<\/p>\n\n\n\n<p>\u00ab&nbsp;Le gouvernement d\u00e9montre encore une fois sa capacit\u00e9 \u00e0 attirer les investissements porteurs, \u00e0 valoriser les comp\u00e9tences de la jeunesse et \u00e0 s\u2019inscrire activement dans les chaines de valeur du commerce mondial.&nbsp; Cette usine t\u00e9moigne de l\u2019importance que le Pr\u00e9sident du Conseil accorde \u00e0 l\u2019industrialisation de notre pays pour cr\u00e9er des opportunit\u00e9s durables et une richesse inclusive&nbsp;\u00bb a-t-elle indiqu\u00e9.<\/p>\n\n\n\n<p>Construite sur une superficie de 37 000m2, la nouvelle usine textile, premi\u00e8re implantation en Afrique du groupe KOMAR affiche une capacit\u00e9 de production annuelle d\u2019environ 12,5 millions de pi\u00e8ces, pour un investissement total de 13 milliards FCFA.<\/p>\n\n\n\n<p><strong>La R\u00e9daction<\/strong><\/p>\n","protected":false},"excerpt":{"rendered":"<p>Le Pr\u00e9sident du Conseil, Faure Gnassingb\u00e9 a proc\u00e9d\u00e9 ce mercredi 18 juin 2025 \u00e0 l\u2019inauguration officielle de l\u2019usine textile de l\u2019entreprise STAR GARMENTS Togo, implant\u00e9e sur la Plateforme industrielle d\u2019Ad\u00e9tikop\u00e9&hellip; <\/p>\n","protected":false},"author":1,"featured_media":3164,"comment_status":"open","ping_status":"open","sticky":false,"template":"","format":"standard","meta":{"footnotes":""},"categories":[8],"tags":[747,746,39,748],"class_list":["post-3163","post","type-post","status-publish","format-standard","has-post-thumbnail","hentry","category-economie","tag-plateforme-industrielle-dadetikope","tag-star-garments-togo","tag-togo","tag-usine-textile"],"yoast_head":"<!-- This site is optimized with the Yoast SEO plugin v26.4 - https:\/\/yoast.com\/wordpress\/plugins\/seo\/ -->\n<title>Investissement\u00a0: Faure Gnassingb\u00e9 inaugure une nouvelle usine textile \u00e0 la PIA - La Voix de la Nation<\/title>\n<meta name=\"description\" content=\"Le Pr\u00e9sident du Conseil, Faure Gnassingb\u00e9 a proc\u00e9d\u00e9 ce mercredi 18 juin 2025 \u00e0 l\u2019inauguration officielle de l\u2019usine textile de l\u2019entreprise STAR GARMENTS Togo, implant\u00e9e sur la Plateforme industrielle d\u2019Ad\u00e9tikop\u00e9 (PIA).\" \/>\n<meta name=\"robots\" content=\"index, follow, max-snippet:-1, max-image-preview:large, max-video-preview:-1\" \/>\n<link rel=\"canonical\" href=\"https:\/\/lavoixdelanation.tg\/index.php\/2025\/06\/19\/investissement-faure-gnassingbe-inaugure-une-nouvelle-usine-textile-a-la-pia\/\" \/>\n<meta property=\"og:locale\" content=\"fr_FR\" \/>\n<meta property=\"og:type\" content=\"article\" \/>\n<meta property=\"og:title\" content=\"Investissement\u00a0: Faure Gnassingb\u00e9 inaugure une nouvelle usine textile \u00e0 la PIA - La Voix de la Nation\" \/>\n<meta property=\"og:description\" content=\"Le Pr\u00e9sident du Conseil, Faure Gnassingb\u00e9 a proc\u00e9d\u00e9 ce mercredi 18 juin 2025 \u00e0 l\u2019inauguration officielle de l\u2019usine textile de l\u2019entreprise STAR GARMENTS Togo, implant\u00e9e sur la Plateforme industrielle d\u2019Ad\u00e9tikop\u00e9 (PIA).\" \/>\n<meta property=\"og:url\" content=\"https:\/\/lavoixdelanation.tg\/index.php\/2025\/06\/19\/investissement-faure-gnassingbe-inaugure-une-nouvelle-usine-textile-a-la-pia\/\" \/>\n<meta property=\"og:site_name\" content=\"La Voix de la Nation\" \/>\n<meta property=\"article:publisher\" content=\"https:\/\/www.facebook.com\/lavoixdelanation\" \/>\n<meta property=\"article:published_time\" content=\"2025-06-19T14:40:26+00:00\" \/>\n<meta property=\"article:modified_time\" content=\"2025-06-19T14:40:27+00:00\" \/>\n<meta property=\"og:image\" content=\"https:\/\/lavoixdelanation.tg\/wp-content\/uploads\/2025\/06\/pia-textil.jpg\" \/>\n\t<meta property=\"og:image:width\" content=\"1600\" \/>\n\t<meta property=\"og:image:height\" content=\"1067\" \/>\n\t<meta property=\"og:image:type\" content=\"image\/jpeg\" \/>\n<meta name=\"author\" content=\"La voix de la nation\" \/>\n<meta name=\"twitter:card\" content=\"summary_large_image\" \/>\n<meta name=\"twitter:label1\" content=\"\u00c9crit par\" \/>\n\t<meta name=\"twitter:data1\" content=\"La voix de la nation\" \/>\n\t<meta name=\"twitter:label2\" content=\"Dur\u00e9e de lecture estim\u00e9e\" \/>\n\t<meta name=\"twitter:data2\" content=\"3 minutes\" \/>\n<script type=\"application\/ld+json\" class=\"yoast-schema-graph\">{\"@context\":\"https:\/\/schema.org\",\"@graph\":[{\"@type\":\"Article\",\"@id\":\"https:\/\/lavoixdelanation.tg\/index.php\/2025\/06\/19\/investissement-faure-gnassingbe-inaugure-une-nouvelle-usine-textile-a-la-pia\/#article\",\"isPartOf\":{\"@id\":\"https:\/\/lavoixdelanation.tg\/index.php\/2025\/06\/19\/investissement-faure-gnassingbe-inaugure-une-nouvelle-usine-textile-a-la-pia\/\"},\"author\":{\"name\":\"La voix de la nation\",\"@id\":\"https:\/\/lavoixdelanation.tg\/#\/schema\/person\/6c489293aa38053673a9e554acb6e224\"},\"headline\":\"Investissement\u00a0: Faure Gnassingb\u00e9 inaugure une nouvelle usine textile \u00e0 la PIA\",\"datePublished\":\"2025-06-19T14:40:26+00:00\",\"dateModified\":\"2025-06-19T14:40:27+00:00\",\"mainEntityOfPage\":{\"@id\":\"https:\/\/lavoixdelanation.tg\/index.php\/2025\/06\/19\/investissement-faure-gnassingbe-inaugure-une-nouvelle-usine-textile-a-la-pia\/\"},\"wordCount\":570,\"commentCount\":0,\"publisher\":{\"@id\":\"https:\/\/lavoixdelanation.tg\/#organization\"},\"image\":{\"@id\":\"https:\/\/lavoixdelanation.tg\/index.php\/2025\/06\/19\/investissement-faure-gnassingbe-inaugure-une-nouvelle-usine-textile-a-la-pia\/#primaryimage\"},\"thumbnailUrl\":\"https:\/\/lavoixdelanation.tg\/wp-content\/uploads\/2025\/06\/pia-textil.jpg\",\"keywords\":[\"Plateforme industrielle d\u2019Ad\u00e9tikop\u00e9\",\"STAR GARMENTS Togo\",\"Togo\",\"usine textile\"],\"articleSection\":[\"Economie\"],\"inLanguage\":\"fr-FR\",\"potentialAction\":[{\"@type\":\"CommentAction\",\"name\":\"Comment\",\"target\":[\"https:\/\/lavoixdelanation.tg\/index.php\/2025\/06\/19\/investissement-faure-gnassingbe-inaugure-une-nouvelle-usine-textile-a-la-pia\/#respond\"]}]},{\"@type\":\"WebPage\",\"@id\":\"https:\/\/lavoixdelanation.tg\/index.php\/2025\/06\/19\/investissement-faure-gnassingbe-inaugure-une-nouvelle-usine-textile-a-la-pia\/\",\"url\":\"https:\/\/lavoixdelanation.tg\/index.php\/2025\/06\/19\/investissement-faure-gnassingbe-inaugure-une-nouvelle-usine-textile-a-la-pia\/\",\"name\":\"Investissement\u00a0: Faure Gnassingb\u00e9 inaugure une nouvelle usine textile \u00e0 la PIA - La Voix de la Nation\",\"isPartOf\":{\"@id\":\"https:\/\/lavoixdelanation.tg\/#website\"},\"primaryImageOfPage\":{\"@id\":\"https:\/\/lavoixdelanation.tg\/index.php\/2025\/06\/19\/investissement-faure-gnassingbe-inaugure-une-nouvelle-usine-textile-a-la-pia\/#primaryimage\"},\"image\":{\"@id\":\"https:\/\/lavoixdelanation.tg\/index.php\/2025\/06\/19\/investissement-faure-gnassingbe-inaugure-une-nouvelle-usine-textile-a-la-pia\/#primaryimage\"},\"thumbnailUrl\":\"https:\/\/lavoixdelanation.tg\/wp-content\/uploads\/2025\/06\/pia-textil.jpg\",\"datePublished\":\"2025-06-19T14:40:26+00:00\",\"dateModified\":\"2025-06-19T14:40:27+00:00\",\"description\":\"Le Pr\u00e9sident du Conseil, Faure Gnassingb\u00e9 a proc\u00e9d\u00e9 ce mercredi 18 juin 2025 \u00e0 l\u2019inauguration officielle de l\u2019usine textile de l\u2019entreprise STAR GARMENTS Togo, implant\u00e9e sur la Plateforme industrielle d\u2019Ad\u00e9tikop\u00e9 (PIA).\",\"breadcrumb\":{\"@id\":\"https:\/\/lavoixdelanation.tg\/index.php\/2025\/06\/19\/investissement-faure-gnassingbe-inaugure-une-nouvelle-usine-textile-a-la-pia\/#breadcrumb\"},\"inLanguage\":\"fr-FR\",\"potentialAction\":[{\"@type\":\"ReadAction\",\"target\":[\"https:\/\/lavoixdelanation.tg\/index.php\/2025\/06\/19\/investissement-faure-gnassingbe-inaugure-une-nouvelle-usine-textile-a-la-pia\/\"]}]},{\"@type\":\"ImageObject\",\"inLanguage\":\"fr-FR\",\"@id\":\"https:\/\/lavoixdelanation.tg\/index.php\/2025\/06\/19\/investissement-faure-gnassingbe-inaugure-une-nouvelle-usine-textile-a-la-pia\/#primaryimage\",\"url\":\"https:\/\/lavoixdelanation.tg\/wp-content\/uploads\/2025\/06\/pia-textil.jpg\",\"contentUrl\":\"https:\/\/lavoixdelanation.tg\/wp-content\/uploads\/2025\/06\/pia-textil.jpg\",\"width\":1600,\"height\":1067,\"caption\":\"Faure Gnassingb\u00e9 inaugure une nouvelle usine textile \u00e0 la PIA\"},{\"@type\":\"BreadcrumbList\",\"@id\":\"https:\/\/lavoixdelanation.tg\/index.php\/2025\/06\/19\/investissement-faure-gnassingbe-inaugure-une-nouvelle-usine-textile-a-la-pia\/#breadcrumb\",\"itemListElement\":[{\"@type\":\"ListItem\",\"position\":1,\"name\":\"Accueil\",\"item\":\"https:\/\/lavoixdelanation.tg\/\"},{\"@type\":\"ListItem\",\"position\":2,\"name\":\"Investissement\u00a0: Faure Gnassingb\u00e9 inaugure une nouvelle usine textile \u00e0 la PIA\"}]},{\"@type\":\"WebSite\",\"@id\":\"https:\/\/lavoixdelanation.tg\/#website\",\"url\":\"https:\/\/lavoixdelanation.tg\/\",\"name\":\"La Voix de la Nation\",\"description\":\"R\u00e9c\u00e9piss\u00e9 n\u00b00108\/HAAC\/01-2024\/pl\/P\",\"publisher\":{\"@id\":\"https:\/\/lavoixdelanation.tg\/#organization\"},\"alternateName\":\"VON\",\"potentialAction\":[{\"@type\":\"SearchAction\",\"target\":{\"@type\":\"EntryPoint\",\"urlTemplate\":\"https:\/\/lavoixdelanation.tg\/?s={search_term_string}\"},\"query-input\":{\"@type\":\"PropertyValueSpecification\",\"valueRequired\":true,\"valueName\":\"search_term_string\"}}],\"inLanguage\":\"fr-FR\"},{\"@type\":\"Organization\",\"@id\":\"https:\/\/lavoixdelanation.tg\/#organization\",\"name\":\"La Voix de la Nation\",\"url\":\"https:\/\/lavoixdelanation.tg\/\",\"logo\":{\"@type\":\"ImageObject\",\"inLanguage\":\"fr-FR\",\"@id\":\"https:\/\/lavoixdelanation.tg\/#\/schema\/logo\/image\/\",\"url\":\"https:\/\/lavoixdelanation.tg\/wp-content\/uploads\/2024\/12\/lavn-1.png\",\"contentUrl\":\"https:\/\/lavoixdelanation.tg\/wp-content\/uploads\/2024\/12\/lavn-1.png\",\"width\":1024,\"height\":464,\"caption\":\"La Voix de la Nation\"},\"image\":{\"@id\":\"https:\/\/lavoixdelanation.tg\/#\/schema\/logo\/image\/\"},\"sameAs\":[\"https:\/\/www.facebook.com\/lavoixdelanation\"]},{\"@type\":\"Person\",\"@id\":\"https:\/\/lavoixdelanation.tg\/#\/schema\/person\/6c489293aa38053673a9e554acb6e224\",\"name\":\"La voix de la nation\",\"image\":{\"@type\":\"ImageObject\",\"inLanguage\":\"fr-FR\",\"@id\":\"https:\/\/lavoixdelanation.tg\/#\/schema\/person\/image\/\",\"url\":\"https:\/\/secure.gravatar.com\/avatar\/8aa135d4bbc794494cecaa8d483f6d6cc1023624868deaff686baed5e727a5a1?s=96&d=mm&r=g\",\"contentUrl\":\"https:\/\/secure.gravatar.com\/avatar\/8aa135d4bbc794494cecaa8d483f6d6cc1023624868deaff686baed5e727a5a1?s=96&d=mm&r=g\",\"caption\":\"La voix de la nation\"},\"sameAs\":[\"https:\/\/lavoixdelanation.tg\"],\"url\":\"https:\/\/lavoixdelanation.tg\/index.php\/author\/lavn\/\"}]}<\/script>\n<!-- \/ Yoast SEO plugin. -->","yoast_head_json":{"title":"Investissement\u00a0: Faure Gnassingb\u00e9 inaugure une nouvelle usine textile \u00e0 la PIA - La Voix de la Nation","description":"Le Pr\u00e9sident du Conseil, Faure Gnassingb\u00e9 a proc\u00e9d\u00e9 ce mercredi 18 juin 2025 \u00e0 l\u2019inauguration officielle de l\u2019usine textile de l\u2019entreprise STAR GARMENTS Togo, implant\u00e9e sur la Plateforme industrielle d\u2019Ad\u00e9tikop\u00e9 (PIA).","robots":{"index":"index","follow":"follow","max-snippet":"max-snippet:-1","max-image-preview":"max-image-preview:large","max-video-preview":"max-video-preview:-1"},"canonical":"https:\/\/lavoixdelanation.tg\/index.php\/2025\/06\/19\/investissement-faure-gnassingbe-inaugure-une-nouvelle-usine-textile-a-la-pia\/","og_locale":"fr_FR","og_type":"article","og_title":"Investissement\u00a0: Faure Gnassingb\u00e9 inaugure une nouvelle usine textile \u00e0 la PIA - La Voix de la Nation","og_description":"Le Pr\u00e9sident du Conseil, Faure Gnassingb\u00e9 a proc\u00e9d\u00e9 ce mercredi 18 juin 2025 \u00e0 l\u2019inauguration officielle de l\u2019usine textile de l\u2019entreprise STAR GARMENTS Togo, implant\u00e9e sur la Plateforme industrielle d\u2019Ad\u00e9tikop\u00e9 (PIA).","og_url":"https:\/\/lavoixdelanation.tg\/index.php\/2025\/06\/19\/investissement-faure-gnassingbe-inaugure-une-nouvelle-usine-textile-a-la-pia\/","og_site_name":"La Voix de la Nation","article_publisher":"https:\/\/www.facebook.com\/lavoixdelanation","article_published_time":"2025-06-19T14:40:26+00:00","article_modified_time":"2025-06-19T14:40:27+00:00","og_image":[{"width":1600,"height":1067,"url":"https:\/\/lavoixdelanation.tg\/wp-content\/uploads\/2025\/06\/pia-textil.jpg","type":"image\/jpeg"}],"author":"La voix de la nation","twitter_card":"summary_large_image","twitter_misc":{"\u00c9crit par":"La voix de la nation","Dur\u00e9e de lecture estim\u00e9e":"3 minutes"},"schema":{"@context":"https:\/\/schema.org","@graph":[{"@type":"Article","@id":"https:\/\/lavoixdelanation.tg\/index.php\/2025\/06\/19\/investissement-faure-gnassingbe-inaugure-une-nouvelle-usine-textile-a-la-pia\/#article","isPartOf":{"@id":"https:\/\/lavoixdelanation.tg\/index.php\/2025\/06\/19\/investissement-faure-gnassingbe-inaugure-une-nouvelle-usine-textile-a-la-pia\/"},"author":{"name":"La voix de la nation","@id":"https:\/\/lavoixdelanation.tg\/#\/schema\/person\/6c489293aa38053673a9e554acb6e224"},"headline":"Investissement\u00a0: Faure Gnassingb\u00e9 inaugure une nouvelle usine textile \u00e0 la PIA","datePublished":"2025-06-19T14:40:26+00:00","dateModified":"2025-06-19T14:40:27+00:00","mainEntityOfPage":{"@id":"https:\/\/lavoixdelanation.tg\/index.php\/2025\/06\/19\/investissement-faure-gnassingbe-inaugure-une-nouvelle-usine-textile-a-la-pia\/"},"wordCount":570,"commentCount":0,"publisher":{"@id":"https:\/\/lavoixdelanation.tg\/#organization"},"image":{"@id":"https:\/\/lavoixdelanation.tg\/index.php\/2025\/06\/19\/investissement-faure-gnassingbe-inaugure-une-nouvelle-usine-textile-a-la-pia\/#primaryimage"},"thumbnailUrl":"https:\/\/lavoixdelanation.tg\/wp-content\/uploads\/2025\/06\/pia-textil.jpg","keywords":["Plateforme industrielle d\u2019Ad\u00e9tikop\u00e9","STAR GARMENTS Togo","Togo","usine textile"],"articleSection":["Economie"],"inLanguage":"fr-FR","potentialAction":[{"@type":"CommentAction","name":"Comment","target":["https:\/\/lavoixdelanation.tg\/index.php\/2025\/06\/19\/investissement-faure-gnassingbe-inaugure-une-nouvelle-usine-textile-a-la-pia\/#respond"]}]},{"@type":"WebPage","@id":"https:\/\/lavoixdelanation.tg\/index.php\/2025\/06\/19\/investissement-faure-gnassingbe-inaugure-une-nouvelle-usine-textile-a-la-pia\/","url":"https:\/\/lavoixdelanation.tg\/index.php\/2025\/06\/19\/investissement-faure-gnassingbe-inaugure-une-nouvelle-usine-textile-a-la-pia\/","name":"Investissement\u00a0: Faure Gnassingb\u00e9 inaugure une nouvelle usine textile \u00e0 la PIA - La Voix de la Nation","isPartOf":{"@id":"https:\/\/lavoixdelanation.tg\/#website"},"primaryImageOfPage":{"@id":"https:\/\/lavoixdelanation.tg\/index.php\/2025\/06\/19\/investissement-faure-gnassingbe-inaugure-une-nouvelle-usine-textile-a-la-pia\/#primaryimage"},"image":{"@id":"https:\/\/lavoixdelanation.tg\/index.php\/2025\/06\/19\/investissement-faure-gnassingbe-inaugure-une-nouvelle-usine-textile-a-la-pia\/#primaryimage"},"thumbnailUrl":"https:\/\/lavoixdelanation.tg\/wp-content\/uploads\/2025\/06\/pia-textil.jpg","datePublished":"2025-06-19T14:40:26+00:00","dateModified":"2025-06-19T14:40:27+00:00","description":"Le Pr\u00e9sident du Conseil, Faure Gnassingb\u00e9 a proc\u00e9d\u00e9 ce mercredi 18 juin 2025 \u00e0 l\u2019inauguration officielle de l\u2019usine textile de l\u2019entreprise STAR GARMENTS Togo, implant\u00e9e sur la Plateforme industrielle d\u2019Ad\u00e9tikop\u00e9 (PIA).","breadcrumb":{"@id":"https:\/\/lavoixdelanation.tg\/index.php\/2025\/06\/19\/investissement-faure-gnassingbe-inaugure-une-nouvelle-usine-textile-a-la-pia\/#breadcrumb"},"inLanguage":"fr-FR","potentialAction":[{"@type":"ReadAction","target":["https:\/\/lavoixdelanation.tg\/index.php\/2025\/06\/19\/investissement-faure-gnassingbe-inaugure-une-nouvelle-usine-textile-a-la-pia\/"]}]},{"@type":"ImageObject","inLanguage":"fr-FR","@id":"https:\/\/lavoixdelanation.tg\/index.php\/2025\/06\/19\/investissement-faure-gnassingbe-inaugure-une-nouvelle-usine-textile-a-la-pia\/#primaryimage","url":"https:\/\/lavoixdelanation.tg\/wp-content\/uploads\/2025\/06\/pia-textil.jpg","contentUrl":"https:\/\/lavoixdelanation.tg\/wp-content\/uploads\/2025\/06\/pia-textil.jpg","width":1600,"height":1067,"caption":"Faure Gnassingb\u00e9 inaugure une nouvelle usine textile \u00e0 la PIA"},{"@type":"BreadcrumbList","@id":"https:\/\/lavoixdelanation.tg\/index.php\/2025\/06\/19\/investissement-faure-gnassingbe-inaugure-une-nouvelle-usine-textile-a-la-pia\/#breadcrumb","itemListElement":[{"@type":"ListItem","position":1,"name":"Accueil","item":"https:\/\/lavoixdelanation.tg\/"},{"@type":"ListItem","position":2,"name":"Investissement\u00a0: Faure Gnassingb\u00e9 inaugure une nouvelle usine textile \u00e0 la PIA"}]},{"@type":"WebSite","@id":"https:\/\/lavoixdelanation.tg\/#website","url":"https:\/\/lavoixdelanation.tg\/","name":"La Voix de la Nation","description":"R\u00e9c\u00e9piss\u00e9 n\u00b00108\/HAAC\/01-2024\/pl\/P","publisher":{"@id":"https:\/\/lavoixdelanation.tg\/#organization"},"alternateName":"VON","potentialAction":[{"@type":"SearchAction","target":{"@type":"EntryPoint","urlTemplate":"https:\/\/lavoixdelanation.tg\/?s={search_term_string}"},"query-input":{"@type":"PropertyValueSpecification","valueRequired":true,"valueName":"search_term_string"}}],"inLanguage":"fr-FR"},{"@type":"Organization","@id":"https:\/\/lavoixdelanation.tg\/#organization","name":"La Voix de la Nation","url":"https:\/\/lavoixdelanation.tg\/","logo":{"@type":"ImageObject","inLanguage":"fr-FR","@id":"https:\/\/lavoixdelanation.tg\/#\/schema\/logo\/image\/","url":"https:\/\/lavoixdelanation.tg\/wp-content\/uploads\/2024\/12\/lavn-1.png","contentUrl":"https:\/\/lavoixdelanation.tg\/wp-content\/uploads\/2024\/12\/lavn-1.png","width":1024,"height":464,"caption":"La Voix de la Nation"},"image":{"@id":"https:\/\/lavoixdelanation.tg\/#\/schema\/logo\/image\/"},"sameAs":["https:\/\/www.facebook.com\/lavoixdelanation"]},{"@type":"Person","@id":"https:\/\/lavoixdelanation.tg\/#\/schema\/person\/6c489293aa38053673a9e554acb6e224","name":"La voix de la nation","image":{"@type":"ImageObject","inLanguage":"fr-FR","@id":"https:\/\/lavoixdelanation.tg\/#\/schema\/person\/image\/","url":"https:\/\/secure.gravatar.com\/avatar\/8aa135d4bbc794494cecaa8d483f6d6cc1023624868deaff686baed5e727a5a1?s=96&d=mm&r=g","contentUrl":"https:\/\/secure.gravatar.com\/avatar\/8aa135d4bbc794494cecaa8d483f6d6cc1023624868deaff686baed5e727a5a1?s=96&d=mm&r=g","caption":"La voix de la nation"},"sameAs":["https:\/\/lavoixdelanation.tg"],"url":"https:\/\/lavoixdelanation.tg\/index.php\/author\/lavn\/"}]}},"_links":{"self":[{"href":"https:\/\/lavoixdelanation.tg\/index.php\/wp-json\/wp\/v2\/posts\/3163","targetHints":{"allow":["GET"]}}],"collection":[{"href":"https:\/\/lavoixdelanation.tg\/index.php\/wp-json\/wp\/v2\/posts"}],"about":[{"href":"https:\/\/lavoixdelanation.tg\/index.php\/wp-json\/wp\/v2\/types\/post"}],"author":[{"embeddable":true,"href":"https:\/\/lavoixdelanation.tg\/index.php\/wp-json\/wp\/v2\/users\/1"}],"replies":[{"embeddable":true,"href":"https:\/\/lavoixdelanation.tg\/index.php\/wp-json\/wp\/v2\/comments?post=3163"}],"version-history":[{"count":1,"href":"https:\/\/lavoixdelanation.tg\/index.php\/wp-json\/wp\/v2\/posts\/3163\/revisions"}],"predecessor-version":[{"id":3166,"href":"https:\/\/lavoixdelanation.tg\/index.php\/wp-json\/wp\/v2\/posts\/3163\/revisions\/3166"}],"wp:featuredmedia":[{"embeddable":true,"href":"https:\/\/lavoixdelanation.tg\/index.php\/wp-json\/wp\/v2\/media\/3164"}],"wp:attachment":[{"href":"https:\/\/lavoixdelanation.tg\/index.php\/wp-json\/wp\/v2\/media?parent=3163"}],"wp:term":[{"taxonomy":"category","embeddable":true,"href":"https:\/\/lavoixdelanation.tg\/index.php\/wp-json\/wp\/v2\/categories?post=3163"},{"taxonomy":"post_tag","embeddable":true,"href":"https:\/\/lavoixdelanation.tg\/index.php\/wp-json\/wp\/v2\/tags?post=3163"}],"curies":[{"name":"wp","href":"https:\/\/api.w.org\/{rel}","templated":true}]}}