{"id":3147,"date":"2025-06-16T23:27:00","date_gmt":"2025-06-16T21:27:00","guid":{"rendered":"https:\/\/lavoixdelanation.tg\/?p=3147"},"modified":"2025-06-17T12:32:45","modified_gmt":"2025-06-17T10:32:45","slug":"lome-une-tentative-de-cambriolage-dejouee-a-agoe-nyive","status":"publish","type":"post","link":"https:\/\/lavoixdelanation.tg\/index.php\/2025\/06\/16\/lome-une-tentative-de-cambriolage-dejouee-a-agoe-nyive\/","title":{"rendered":"Lom\u00e9\u00a0: Une tentative de cambriolage d\u00e9jou\u00e9e \u00e0 Ago\u00e8-Nyiv\u00e9"},"content":{"rendered":"\n<p><strong>Une tentative de cambriolage a \u00e9t\u00e9 d\u00e9jou\u00e9e dans la nuit du 15 au 16 juin 2025, aux environs de 3 heures du matin, dans le quartier Bernard-Cop\u00e9 \u00e0 Ago\u00e8-Nyiv\u00e9, a annonc\u00e9 ce lundi la Gendarmerie nationale.<\/strong><\/p>\n\n\n\n<p>Alert\u00e9s d\u2019un vol en cours dans une boutique d\u2019alimentation g\u00e9n\u00e9rale situ\u00e9e \u00e0 proximit\u00e9 de leur poste de garde \u00e0 l\u2019entrep\u00f4t chinois, les \u00e9l\u00e9ments de la gendarmerie se sont en effet imm\u00e9diatement d\u00e9ploy\u00e9s sur les lieux.<\/p>\n\n\n\n<p>Dans un communiqu\u00e9 en date de ce 16 juin 2025, la Gendarmerie nationale explique qu\u2019un groupe d\u2019individus \u00e0 bord d\u2019un bus de 9 places avait sur place forc\u00e9 l\u2019acc\u00e8s \u00e0 la boutique \u00e0 l\u2019aide de pieds-de-biche, burins et coupe-boulons. Deux autres commerces adjacents avaient \u00e9galement \u00e9t\u00e9 cibl\u00e9s.<\/p>\n\n\n\n<p>\u00ab&nbsp;\u00c0 l\u2019arriv\u00e9e des forces de l\u2019ordre, les malfaiteurs ont tent\u00e9 de prendre la fuite en ouvrant le feu \u00e0 l\u2019aide d\u2019un pistolet, vraisemblablement de fabrication artisanale. Les gendarmes ont ripost\u00e9, immobilisant leur v\u00e9hicule contenant une partie du butin. L\u2019\u00e9change de tirs a permis de neutraliser l\u2019un des cambrioleurs, tandis qu\u2019un autre, bless\u00e9, a \u00e9t\u00e9 \u00e9vacu\u00e9 au CHU Sylvanus Olympio. Un troisi\u00e8me individu a r\u00e9ussi \u00e0 prendre la fuite. Un ratissage imm\u00e9diat n\u2019a pas permis son interpellation, mais les recherches se poursuivent activement pour l\u2019identifier et l\u2019appr\u00e9hender&nbsp;\u00bb, pr\u00e9cise le communiqu\u00e9 de la Gendarmerie.<\/p>\n\n\n\n<figure class=\"wp-block-image size-full is-resized\"><img loading=\"lazy\" decoding=\"async\" width=\"650\" height=\"435\" src=\"https:\/\/lavoixdelanation.tg\/wp-content\/uploads\/2025\/06\/Tentative-de-cambriolage-dejouee-a-Agoe-Nyive.jpeg\" alt=\"\" class=\"wp-image-3149\" style=\"width:840px;height:auto\" srcset=\"https:\/\/lavoixdelanation.tg\/wp-content\/uploads\/2025\/06\/Tentative-de-cambriolage-dejouee-a-Agoe-Nyive.jpeg 650w, https:\/\/lavoixdelanation.tg\/wp-content\/uploads\/2025\/06\/Tentative-de-cambriolage-dejouee-a-Agoe-Nyive-300x201.jpeg 300w\" sizes=\"auto, (max-width: 650px) 100vw, 650px\" \/><\/figure>\n\n\n\n<p>La Gendarmerie nationale a saisi l\u2019occasion pour remercier la population pour sa vigilance et sa collaboration pr\u00e9cieuse. Elle encourage par ailleurs toute personne disposant d\u2019informations utiles \u00e0 se rapprocher des unit\u00e9s de gendarmerie et de postes de police les plus proches.<\/p>\n\n\n\n<p>\u00ab&nbsp;Les forces de d\u00e9fense et de s\u00e9curit\u00e9 restent pleinement mobilis\u00e9es pour garantir la s\u00e9curit\u00e9 des citoyens et lutter efficacement contre la criminalit\u00e9 sur toute l\u2019\u00e9tendue du territoire national&nbsp;\u00bb, a-t-elle rassur\u00e9.<\/p>\n","protected":false},"excerpt":{"rendered":"<p>Une tentative de cambriolage a \u00e9t\u00e9 d\u00e9jou\u00e9e dans la nuit du 15 au 16 juin 2025, aux environs de 3 heures du matin, dans le quartier Bernard-Cop\u00e9 \u00e0 Ago\u00e8-Nyiv\u00e9, a&hellip; <\/p>\n","protected":false},"author":1,"featured_media":3148,"comment_status":"open","ping_status":"open","sticky":false,"template":"","format":"standard","meta":{"footnotes":""},"categories":[29],"tags":[],"class_list":["post-3147","post","type-post","status-publish","format-standard","has-post-thumbnail","hentry","category-societe"],"yoast_head":"<!-- This site is optimized with the Yoast SEO plugin v26.4 - https:\/\/yoast.com\/wordpress\/plugins\/seo\/ -->\n<title>Lom\u00e9\u00a0: Une tentative de cambriolage d\u00e9jou\u00e9e \u00e0 Ago\u00e8-Nyiv\u00e9 - La Voix de la Nation<\/title>\n<meta name=\"robots\" content=\"index, follow, max-snippet:-1, max-image-preview:large, max-video-preview:-1\" \/>\n<link rel=\"canonical\" href=\"https:\/\/lavoixdelanation.tg\/index.php\/2025\/06\/16\/lome-une-tentative-de-cambriolage-dejouee-a-agoe-nyive\/\" \/>\n<meta property=\"og:locale\" content=\"fr_FR\" \/>\n<meta property=\"og:type\" content=\"article\" \/>\n<meta property=\"og:title\" content=\"Lom\u00e9\u00a0: Une tentative de cambriolage d\u00e9jou\u00e9e \u00e0 Ago\u00e8-Nyiv\u00e9 - La Voix de la Nation\" \/>\n<meta property=\"og:description\" content=\"Une tentative de cambriolage a \u00e9t\u00e9 d\u00e9jou\u00e9e dans la nuit du 15 au 16 juin 2025, aux environs de 3 heures du matin, dans le quartier Bernard-Cop\u00e9 \u00e0 Ago\u00e8-Nyiv\u00e9, a&hellip;\" \/>\n<meta property=\"og:url\" content=\"https:\/\/lavoixdelanation.tg\/index.php\/2025\/06\/16\/lome-une-tentative-de-cambriolage-dejouee-a-agoe-nyive\/\" \/>\n<meta property=\"og:site_name\" content=\"La Voix de la Nation\" \/>\n<meta property=\"article:publisher\" content=\"https:\/\/www.facebook.com\/lavoixdelanation\" \/>\n<meta property=\"article:published_time\" content=\"2025-06-16T21:27:00+00:00\" \/>\n<meta property=\"article:modified_time\" content=\"2025-06-17T10:32:45+00:00\" \/>\n<meta property=\"og:image\" content=\"https:\/\/lavoixdelanation.tg\/wp-content\/uploads\/2025\/06\/Une-tentative-de-cambriolage-dejouee-a-Agoe-Nyive.jpeg\" \/>\n\t<meta property=\"og:image:width\" content=\"650\" \/>\n\t<meta property=\"og:image:height\" content=\"411\" \/>\n\t<meta property=\"og:image:type\" content=\"image\/jpeg\" \/>\n<meta name=\"author\" content=\"La voix de la nation\" \/>\n<meta name=\"twitter:card\" content=\"summary_large_image\" \/>\n<meta name=\"twitter:label1\" content=\"\u00c9crit par\" \/>\n\t<meta name=\"twitter:data1\" content=\"La voix de la nation\" \/>\n\t<meta name=\"twitter:label2\" content=\"Dur\u00e9e de lecture estim\u00e9e\" \/>\n\t<meta name=\"twitter:data2\" content=\"2 minutes\" \/>\n<script type=\"application\/ld+json\" class=\"yoast-schema-graph\">{\"@context\":\"https:\/\/schema.org\",\"@graph\":[{\"@type\":\"Article\",\"@id\":\"https:\/\/lavoixdelanation.tg\/index.php\/2025\/06\/16\/lome-une-tentative-de-cambriolage-dejouee-a-agoe-nyive\/#article\",\"isPartOf\":{\"@id\":\"https:\/\/lavoixdelanation.tg\/index.php\/2025\/06\/16\/lome-une-tentative-de-cambriolage-dejouee-a-agoe-nyive\/\"},\"author\":{\"name\":\"La voix de la nation\",\"@id\":\"https:\/\/lavoixdelanation.tg\/#\/schema\/person\/6c489293aa38053673a9e554acb6e224\"},\"headline\":\"Lom\u00e9\u00a0: Une tentative de cambriolage d\u00e9jou\u00e9e \u00e0 Ago\u00e8-Nyiv\u00e9\",\"datePublished\":\"2025-06-16T21:27:00+00:00\",\"dateModified\":\"2025-06-17T10:32:45+00:00\",\"mainEntityOfPage\":{\"@id\":\"https:\/\/lavoixdelanation.tg\/index.php\/2025\/06\/16\/lome-une-tentative-de-cambriolage-dejouee-a-agoe-nyive\/\"},\"wordCount\":326,\"commentCount\":0,\"publisher\":{\"@id\":\"https:\/\/lavoixdelanation.tg\/#organization\"},\"image\":{\"@id\":\"https:\/\/lavoixdelanation.tg\/index.php\/2025\/06\/16\/lome-une-tentative-de-cambriolage-dejouee-a-agoe-nyive\/#primaryimage\"},\"thumbnailUrl\":\"https:\/\/lavoixdelanation.tg\/wp-content\/uploads\/2025\/06\/Une-tentative-de-cambriolage-dejouee-a-Agoe-Nyive.jpeg\",\"articleSection\":[\"Soci\u00e9t\u00e9\"],\"inLanguage\":\"fr-FR\",\"potentialAction\":[{\"@type\":\"CommentAction\",\"name\":\"Comment\",\"target\":[\"https:\/\/lavoixdelanation.tg\/index.php\/2025\/06\/16\/lome-une-tentative-de-cambriolage-dejouee-a-agoe-nyive\/#respond\"]}]},{\"@type\":\"WebPage\",\"@id\":\"https:\/\/lavoixdelanation.tg\/index.php\/2025\/06\/16\/lome-une-tentative-de-cambriolage-dejouee-a-agoe-nyive\/\",\"url\":\"https:\/\/lavoixdelanation.tg\/index.php\/2025\/06\/16\/lome-une-tentative-de-cambriolage-dejouee-a-agoe-nyive\/\",\"name\":\"Lom\u00e9\u00a0: Une tentative de cambriolage d\u00e9jou\u00e9e \u00e0 Ago\u00e8-Nyiv\u00e9 - La Voix de la Nation\",\"isPartOf\":{\"@id\":\"https:\/\/lavoixdelanation.tg\/#website\"},\"primaryImageOfPage\":{\"@id\":\"https:\/\/lavoixdelanation.tg\/index.php\/2025\/06\/16\/lome-une-tentative-de-cambriolage-dejouee-a-agoe-nyive\/#primaryimage\"},\"image\":{\"@id\":\"https:\/\/lavoixdelanation.tg\/index.php\/2025\/06\/16\/lome-une-tentative-de-cambriolage-dejouee-a-agoe-nyive\/#primaryimage\"},\"thumbnailUrl\":\"https:\/\/lavoixdelanation.tg\/wp-content\/uploads\/2025\/06\/Une-tentative-de-cambriolage-dejouee-a-Agoe-Nyive.jpeg\",\"datePublished\":\"2025-06-16T21:27:00+00:00\",\"dateModified\":\"2025-06-17T10:32:45+00:00\",\"breadcrumb\":{\"@id\":\"https:\/\/lavoixdelanation.tg\/index.php\/2025\/06\/16\/lome-une-tentative-de-cambriolage-dejouee-a-agoe-nyive\/#breadcrumb\"},\"inLanguage\":\"fr-FR\",\"potentialAction\":[{\"@type\":\"ReadAction\",\"target\":[\"https:\/\/lavoixdelanation.tg\/index.php\/2025\/06\/16\/lome-une-tentative-de-cambriolage-dejouee-a-agoe-nyive\/\"]}]},{\"@type\":\"ImageObject\",\"inLanguage\":\"fr-FR\",\"@id\":\"https:\/\/lavoixdelanation.tg\/index.php\/2025\/06\/16\/lome-une-tentative-de-cambriolage-dejouee-a-agoe-nyive\/#primaryimage\",\"url\":\"https:\/\/lavoixdelanation.tg\/wp-content\/uploads\/2025\/06\/Une-tentative-de-cambriolage-dejouee-a-Agoe-Nyive.jpeg\",\"contentUrl\":\"https:\/\/lavoixdelanation.tg\/wp-content\/uploads\/2025\/06\/Une-tentative-de-cambriolage-dejouee-a-Agoe-Nyive.jpeg\",\"width\":650,\"height\":411},{\"@type\":\"BreadcrumbList\",\"@id\":\"https:\/\/lavoixdelanation.tg\/index.php\/2025\/06\/16\/lome-une-tentative-de-cambriolage-dejouee-a-agoe-nyive\/#breadcrumb\",\"itemListElement\":[{\"@type\":\"ListItem\",\"position\":1,\"name\":\"Accueil\",\"item\":\"https:\/\/lavoixdelanation.tg\/\"},{\"@type\":\"ListItem\",\"position\":2,\"name\":\"Lom\u00e9\u00a0: Une tentative de cambriolage d\u00e9jou\u00e9e \u00e0 Ago\u00e8-Nyiv\u00e9\"}]},{\"@type\":\"WebSite\",\"@id\":\"https:\/\/lavoixdelanation.tg\/#website\",\"url\":\"https:\/\/lavoixdelanation.tg\/\",\"name\":\"La Voix de la Nation\",\"description\":\"R\u00e9c\u00e9piss\u00e9 n\u00b00108\/HAAC\/01-2024\/pl\/P\",\"publisher\":{\"@id\":\"https:\/\/lavoixdelanation.tg\/#organization\"},\"alternateName\":\"VON\",\"potentialAction\":[{\"@type\":\"SearchAction\",\"target\":{\"@type\":\"EntryPoint\",\"urlTemplate\":\"https:\/\/lavoixdelanation.tg\/?s={search_term_string}\"},\"query-input\":{\"@type\":\"PropertyValueSpecification\",\"valueRequired\":true,\"valueName\":\"search_term_string\"}}],\"inLanguage\":\"fr-FR\"},{\"@type\":\"Organization\",\"@id\":\"https:\/\/lavoixdelanation.tg\/#organization\",\"name\":\"La Voix de la Nation\",\"url\":\"https:\/\/lavoixdelanation.tg\/\",\"logo\":{\"@type\":\"ImageObject\",\"inLanguage\":\"fr-FR\",\"@id\":\"https:\/\/lavoixdelanation.tg\/#\/schema\/logo\/image\/\",\"url\":\"https:\/\/lavoixdelanation.tg\/wp-content\/uploads\/2024\/12\/lavn-1.png\",\"contentUrl\":\"https:\/\/lavoixdelanation.tg\/wp-content\/uploads\/2024\/12\/lavn-1.png\",\"width\":1024,\"height\":464,\"caption\":\"La Voix de la Nation\"},\"image\":{\"@id\":\"https:\/\/lavoixdelanation.tg\/#\/schema\/logo\/image\/\"},\"sameAs\":[\"https:\/\/www.facebook.com\/lavoixdelanation\"]},{\"@type\":\"Person\",\"@id\":\"https:\/\/lavoixdelanation.tg\/#\/schema\/person\/6c489293aa38053673a9e554acb6e224\",\"name\":\"La voix de la nation\",\"image\":{\"@type\":\"ImageObject\",\"inLanguage\":\"fr-FR\",\"@id\":\"https:\/\/lavoixdelanation.tg\/#\/schema\/person\/image\/\",\"url\":\"https:\/\/secure.gravatar.com\/avatar\/8aa135d4bbc794494cecaa8d483f6d6cc1023624868deaff686baed5e727a5a1?s=96&d=mm&r=g\",\"contentUrl\":\"https:\/\/secure.gravatar.com\/avatar\/8aa135d4bbc794494cecaa8d483f6d6cc1023624868deaff686baed5e727a5a1?s=96&d=mm&r=g\",\"caption\":\"La voix de la nation\"},\"sameAs\":[\"https:\/\/lavoixdelanation.tg\"],\"url\":\"https:\/\/lavoixdelanation.tg\/index.php\/author\/lavn\/\"}]}<\/script>\n<!-- \/ Yoast SEO plugin. -->","yoast_head_json":{"title":"Lom\u00e9\u00a0: Une tentative de cambriolage d\u00e9jou\u00e9e \u00e0 Ago\u00e8-Nyiv\u00e9 - La Voix de la Nation","robots":{"index":"index","follow":"follow","max-snippet":"max-snippet:-1","max-image-preview":"max-image-preview:large","max-video-preview":"max-video-preview:-1"},"canonical":"https:\/\/lavoixdelanation.tg\/index.php\/2025\/06\/16\/lome-une-tentative-de-cambriolage-dejouee-a-agoe-nyive\/","og_locale":"fr_FR","og_type":"article","og_title":"Lom\u00e9\u00a0: Une tentative de cambriolage d\u00e9jou\u00e9e \u00e0 Ago\u00e8-Nyiv\u00e9 - La Voix de la Nation","og_description":"Une tentative de cambriolage a \u00e9t\u00e9 d\u00e9jou\u00e9e dans la nuit du 15 au 16 juin 2025, aux environs de 3 heures du matin, dans le quartier Bernard-Cop\u00e9 \u00e0 Ago\u00e8-Nyiv\u00e9, a&hellip;","og_url":"https:\/\/lavoixdelanation.tg\/index.php\/2025\/06\/16\/lome-une-tentative-de-cambriolage-dejouee-a-agoe-nyive\/","og_site_name":"La Voix de la Nation","article_publisher":"https:\/\/www.facebook.com\/lavoixdelanation","article_published_time":"2025-06-16T21:27:00+00:00","article_modified_time":"2025-06-17T10:32:45+00:00","og_image":[{"width":650,"height":411,"url":"https:\/\/lavoixdelanation.tg\/wp-content\/uploads\/2025\/06\/Une-tentative-de-cambriolage-dejouee-a-Agoe-Nyive.jpeg","type":"image\/jpeg"}],"author":"La voix de la nation","twitter_card":"summary_large_image","twitter_misc":{"\u00c9crit par":"La voix de la nation","Dur\u00e9e de lecture estim\u00e9e":"2 minutes"},"schema":{"@context":"https:\/\/schema.org","@graph":[{"@type":"Article","@id":"https:\/\/lavoixdelanation.tg\/index.php\/2025\/06\/16\/lome-une-tentative-de-cambriolage-dejouee-a-agoe-nyive\/#article","isPartOf":{"@id":"https:\/\/lavoixdelanation.tg\/index.php\/2025\/06\/16\/lome-une-tentative-de-cambriolage-dejouee-a-agoe-nyive\/"},"author":{"name":"La voix de la nation","@id":"https:\/\/lavoixdelanation.tg\/#\/schema\/person\/6c489293aa38053673a9e554acb6e224"},"headline":"Lom\u00e9\u00a0: Une tentative de cambriolage d\u00e9jou\u00e9e \u00e0 Ago\u00e8-Nyiv\u00e9","datePublished":"2025-06-16T21:27:00+00:00","dateModified":"2025-06-17T10:32:45+00:00","mainEntityOfPage":{"@id":"https:\/\/lavoixdelanation.tg\/index.php\/2025\/06\/16\/lome-une-tentative-de-cambriolage-dejouee-a-agoe-nyive\/"},"wordCount":326,"commentCount":0,"publisher":{"@id":"https:\/\/lavoixdelanation.tg\/#organization"},"image":{"@id":"https:\/\/lavoixdelanation.tg\/index.php\/2025\/06\/16\/lome-une-tentative-de-cambriolage-dejouee-a-agoe-nyive\/#primaryimage"},"thumbnailUrl":"https:\/\/lavoixdelanation.tg\/wp-content\/uploads\/2025\/06\/Une-tentative-de-cambriolage-dejouee-a-Agoe-Nyive.jpeg","articleSection":["Soci\u00e9t\u00e9"],"inLanguage":"fr-FR","potentialAction":[{"@type":"CommentAction","name":"Comment","target":["https:\/\/lavoixdelanation.tg\/index.php\/2025\/06\/16\/lome-une-tentative-de-cambriolage-dejouee-a-agoe-nyive\/#respond"]}]},{"@type":"WebPage","@id":"https:\/\/lavoixdelanation.tg\/index.php\/2025\/06\/16\/lome-une-tentative-de-cambriolage-dejouee-a-agoe-nyive\/","url":"https:\/\/lavoixdelanation.tg\/index.php\/2025\/06\/16\/lome-une-tentative-de-cambriolage-dejouee-a-agoe-nyive\/","name":"Lom\u00e9\u00a0: Une tentative de cambriolage d\u00e9jou\u00e9e \u00e0 Ago\u00e8-Nyiv\u00e9 - La Voix de la Nation","isPartOf":{"@id":"https:\/\/lavoixdelanation.tg\/#website"},"primaryImageOfPage":{"@id":"https:\/\/lavoixdelanation.tg\/index.php\/2025\/06\/16\/lome-une-tentative-de-cambriolage-dejouee-a-agoe-nyive\/#primaryimage"},"image":{"@id":"https:\/\/lavoixdelanation.tg\/index.php\/2025\/06\/16\/lome-une-tentative-de-cambriolage-dejouee-a-agoe-nyive\/#primaryimage"},"thumbnailUrl":"https:\/\/lavoixdelanation.tg\/wp-content\/uploads\/2025\/06\/Une-tentative-de-cambriolage-dejouee-a-Agoe-Nyive.jpeg","datePublished":"2025-06-16T21:27:00+00:00","dateModified":"2025-06-17T10:32:45+00:00","breadcrumb":{"@id":"https:\/\/lavoixdelanation.tg\/index.php\/2025\/06\/16\/lome-une-tentative-de-cambriolage-dejouee-a-agoe-nyive\/#breadcrumb"},"inLanguage":"fr-FR","potentialAction":[{"@type":"ReadAction","target":["https:\/\/lavoixdelanation.tg\/index.php\/2025\/06\/16\/lome-une-tentative-de-cambriolage-dejouee-a-agoe-nyive\/"]}]},{"@type":"ImageObject","inLanguage":"fr-FR","@id":"https:\/\/lavoixdelanation.tg\/index.php\/2025\/06\/16\/lome-une-tentative-de-cambriolage-dejouee-a-agoe-nyive\/#primaryimage","url":"https:\/\/lavoixdelanation.tg\/wp-content\/uploads\/2025\/06\/Une-tentative-de-cambriolage-dejouee-a-Agoe-Nyive.jpeg","contentUrl":"https:\/\/lavoixdelanation.tg\/wp-content\/uploads\/2025\/06\/Une-tentative-de-cambriolage-dejouee-a-Agoe-Nyive.jpeg","width":650,"height":411},{"@type":"BreadcrumbList","@id":"https:\/\/lavoixdelanation.tg\/index.php\/2025\/06\/16\/lome-une-tentative-de-cambriolage-dejouee-a-agoe-nyive\/#breadcrumb","itemListElement":[{"@type":"ListItem","position":1,"name":"Accueil","item":"https:\/\/lavoixdelanation.tg\/"},{"@type":"ListItem","position":2,"name":"Lom\u00e9\u00a0: Une tentative de cambriolage d\u00e9jou\u00e9e \u00e0 Ago\u00e8-Nyiv\u00e9"}]},{"@type":"WebSite","@id":"https:\/\/lavoixdelanation.tg\/#website","url":"https:\/\/lavoixdelanation.tg\/","name":"La Voix de la Nation","description":"R\u00e9c\u00e9piss\u00e9 n\u00b00108\/HAAC\/01-2024\/pl\/P","publisher":{"@id":"https:\/\/lavoixdelanation.tg\/#organization"},"alternateName":"VON","potentialAction":[{"@type":"SearchAction","target":{"@type":"EntryPoint","urlTemplate":"https:\/\/lavoixdelanation.tg\/?s={search_term_string}"},"query-input":{"@type":"PropertyValueSpecification","valueRequired":true,"valueName":"search_term_string"}}],"inLanguage":"fr-FR"},{"@type":"Organization","@id":"https:\/\/lavoixdelanation.tg\/#organization","name":"La Voix de la Nation","url":"https:\/\/lavoixdelanation.tg\/","logo":{"@type":"ImageObject","inLanguage":"fr-FR","@id":"https:\/\/lavoixdelanation.tg\/#\/schema\/logo\/image\/","url":"https:\/\/lavoixdelanation.tg\/wp-content\/uploads\/2024\/12\/lavn-1.png","contentUrl":"https:\/\/lavoixdelanation.tg\/wp-content\/uploads\/2024\/12\/lavn-1.png","width":1024,"height":464,"caption":"La Voix de la Nation"},"image":{"@id":"https:\/\/lavoixdelanation.tg\/#\/schema\/logo\/image\/"},"sameAs":["https:\/\/www.facebook.com\/lavoixdelanation"]},{"@type":"Person","@id":"https:\/\/lavoixdelanation.tg\/#\/schema\/person\/6c489293aa38053673a9e554acb6e224","name":"La voix de la nation","image":{"@type":"ImageObject","inLanguage":"fr-FR","@id":"https:\/\/lavoixdelanation.tg\/#\/schema\/person\/image\/","url":"https:\/\/secure.gravatar.com\/avatar\/8aa135d4bbc794494cecaa8d483f6d6cc1023624868deaff686baed5e727a5a1?s=96&d=mm&r=g","contentUrl":"https:\/\/secure.gravatar.com\/avatar\/8aa135d4bbc794494cecaa8d483f6d6cc1023624868deaff686baed5e727a5a1?s=96&d=mm&r=g","caption":"La voix de la nation"},"sameAs":["https:\/\/lavoixdelanation.tg"],"url":"https:\/\/lavoixdelanation.tg\/index.php\/author\/lavn\/"}]}},"_links":{"self":[{"href":"https:\/\/lavoixdelanation.tg\/index.php\/wp-json\/wp\/v2\/posts\/3147","targetHints":{"allow":["GET"]}}],"collection":[{"href":"https:\/\/lavoixdelanation.tg\/index.php\/wp-json\/wp\/v2\/posts"}],"about":[{"href":"https:\/\/lavoixdelanation.tg\/index.php\/wp-json\/wp\/v2\/types\/post"}],"author":[{"embeddable":true,"href":"https:\/\/lavoixdelanation.tg\/index.php\/wp-json\/wp\/v2\/users\/1"}],"replies":[{"embeddable":true,"href":"https:\/\/lavoixdelanation.tg\/index.php\/wp-json\/wp\/v2\/comments?post=3147"}],"version-history":[{"count":1,"href":"https:\/\/lavoixdelanation.tg\/index.php\/wp-json\/wp\/v2\/posts\/3147\/revisions"}],"predecessor-version":[{"id":3150,"href":"https:\/\/lavoixdelanation.tg\/index.php\/wp-json\/wp\/v2\/posts\/3147\/revisions\/3150"}],"wp:featuredmedia":[{"embeddable":true,"href":"https:\/\/lavoixdelanation.tg\/index.php\/wp-json\/wp\/v2\/media\/3148"}],"wp:attachment":[{"href":"https:\/\/lavoixdelanation.tg\/index.php\/wp-json\/wp\/v2\/media?parent=3147"}],"wp:term":[{"taxonomy":"category","embeddable":true,"href":"https:\/\/lavoixdelanation.tg\/index.php\/wp-json\/wp\/v2\/categories?post=3147"},{"taxonomy":"post_tag","embeddable":true,"href":"https:\/\/lavoixdelanation.tg\/index.php\/wp-json\/wp\/v2\/tags?post=3147"}],"curies":[{"name":"wp","href":"https:\/\/api.w.org\/{rel}","templated":true}]}}