{"id":3141,"date":"2025-06-16T12:38:40","date_gmt":"2025-06-16T10:38:40","guid":{"rendered":"https:\/\/lavoixdelanation.tg\/?p=3141"},"modified":"2025-06-17T10:50:24","modified_gmt":"2025-06-17T08:50:24","slug":"hcrrun-session-dindemnisation-des-victimes-non-vulnerables-a-dankpen","status":"publish","type":"post","link":"https:\/\/lavoixdelanation.tg\/index.php\/2025\/06\/16\/hcrrun-session-dindemnisation-des-victimes-non-vulnerables-a-dankpen\/","title":{"rendered":"HCRRUN\u00a0: Session d&rsquo;indemnisation des victimes non vuln\u00e9rables \u00e0 Dankpen"},"content":{"rendered":"\n<p><strong>Le Haut-Commissariat \u00e0 la R\u00e9conciliation et au Renforcement de l&rsquo;Unit\u00e9 Nationale (HCRRUN) organise une session d&rsquo;indemnisation \u00e0 l&rsquo;intention des victimes non vuln\u00e9rables de la Pr\u00e9fecture de Dankpen.<\/strong><\/p>\n\n\n\n<p>Cette op\u00e9ration d&rsquo;indemnisation s\u2019inscrit dans le cadre de la mise en \u0153uvre du programme de r\u00e9parations relatif aux \u00e9v\u00e9nements dits \u00ab&nbsp;incidents de Bassar&nbsp;\u00bb de 1992.<\/p>\n\n\n\n<p>Elle se d\u00e9roulera du 16 au 21 juin 2025 dans les locaux des affaires sociales de la Pr\u00e9fecture de Dankpen el concerneront les victimes non vuln\u00e9rables de cette pr\u00e9fecture, selon un communiqu\u00e9 de la Pr\u00e9sidente du Hcrrun, Mme Awa Nana Daboya.<\/p>\n\n\n\n<p>\u00ab\u00a0La liste des victimes retenues pour cette \u00e9tape est disponible sur le site web du HCRRUN (www.hcrrun-tg.org), et \u00e9galement affich\u00e9e dans les bureaux des pr\u00e9fectures et mairies concern\u00e9es\u00a0\u00bb, pr\u00e9cise le communiqu\u00e9.<\/p>\n\n\n\n<p>Les victimes sont invit\u00e9es \u00e0 se munir d&rsquo;une des pi\u00e8ces d&rsquo;identit\u00e9 suivantes en cours de validit\u00e9 : Passeport, Carte d&rsquo;identit\u00e9 Permis de conduire, ou \u00e0 d\u00e9faut, de la carte d&rsquo;\u00e9lecteur de 2024.<\/p>\n\n\n\n<p>Le HCRRUN prie \u00e9galement les victimes dont les noms ne sont pas encore publi\u00e9s, \u00e0 faire preuve de patience et de compr\u00e9hension en attendant leur tour d&rsquo;indemnisation le moment venu.<\/p>\n\n\n\n<p><strong>La R\u00e9daction<\/strong><\/p>\n","protected":false},"excerpt":{"rendered":"<p>Le Haut-Commissariat \u00e0 la R\u00e9conciliation et au Renforcement de l&rsquo;Unit\u00e9 Nationale (HCRRUN) organise une session d&rsquo;indemnisation \u00e0 l&rsquo;intention des victimes non vuln\u00e9rables de la Pr\u00e9fecture de Dankpen. Cette op\u00e9ration d&rsquo;indemnisation&hellip; <\/p>\n","protected":false},"author":1,"featured_media":1578,"comment_status":"open","ping_status":"open","sticky":false,"template":"","format":"standard","meta":{"footnotes":""},"categories":[29],"tags":[189,739,54,184,39],"class_list":["post-3141","post","type-post","status-publish","format-standard","has-post-thumbnail","hentry","category-societe","tag-awa-nana-daboya-2","tag-dankpen","tag-hcrrun","tag-indemnisation","tag-togo"],"yoast_head":"<!-- This site is optimized with the Yoast SEO plugin v26.4 - https:\/\/yoast.com\/wordpress\/plugins\/seo\/ -->\n<title>HCRRUN\u00a0: Session d&#039;indemnisation des victimes non vuln\u00e9rables \u00e0 Dankpen - La Voix de la Nation<\/title>\n<meta name=\"robots\" content=\"index, follow, max-snippet:-1, max-image-preview:large, max-video-preview:-1\" \/>\n<link rel=\"canonical\" href=\"https:\/\/lavoixdelanation.tg\/index.php\/2025\/06\/16\/hcrrun-session-dindemnisation-des-victimes-non-vulnerables-a-dankpen\/\" \/>\n<meta property=\"og:locale\" content=\"fr_FR\" \/>\n<meta property=\"og:type\" content=\"article\" \/>\n<meta property=\"og:title\" content=\"HCRRUN\u00a0: Session d&#039;indemnisation des victimes non vuln\u00e9rables \u00e0 Dankpen - La Voix de la Nation\" \/>\n<meta property=\"og:description\" content=\"Le Haut-Commissariat \u00e0 la R\u00e9conciliation et au Renforcement de l&rsquo;Unit\u00e9 Nationale (HCRRUN) organise une session d&rsquo;indemnisation \u00e0 l&rsquo;intention des victimes non vuln\u00e9rables de la Pr\u00e9fecture de Dankpen. Cette op\u00e9ration d&rsquo;indemnisation&hellip;\" \/>\n<meta property=\"og:url\" content=\"https:\/\/lavoixdelanation.tg\/index.php\/2025\/06\/16\/hcrrun-session-dindemnisation-des-victimes-non-vulnerables-a-dankpen\/\" \/>\n<meta property=\"og:site_name\" content=\"La Voix de la Nation\" \/>\n<meta property=\"article:publisher\" content=\"https:\/\/www.facebook.com\/lavoixdelanation\" \/>\n<meta property=\"article:published_time\" content=\"2025-06-16T10:38:40+00:00\" \/>\n<meta property=\"article:modified_time\" content=\"2025-06-17T08:50:24+00:00\" \/>\n<meta property=\"og:image\" content=\"https:\/\/lavoixdelanation.tg\/wp-content\/uploads\/2024\/12\/Awa-nana-Daboya.jpg\" \/>\n\t<meta property=\"og:image:width\" content=\"500\" \/>\n\t<meta property=\"og:image:height\" content=\"318\" \/>\n\t<meta property=\"og:image:type\" content=\"image\/jpeg\" \/>\n<meta name=\"author\" content=\"La voix de la nation\" \/>\n<meta name=\"twitter:card\" content=\"summary_large_image\" \/>\n<meta name=\"twitter:label1\" content=\"\u00c9crit par\" \/>\n\t<meta name=\"twitter:data1\" content=\"La voix de la nation\" \/>\n\t<meta name=\"twitter:label2\" content=\"Dur\u00e9e de lecture estim\u00e9e\" \/>\n\t<meta name=\"twitter:data2\" content=\"2 minutes\" \/>\n<script type=\"application\/ld+json\" class=\"yoast-schema-graph\">{\"@context\":\"https:\/\/schema.org\",\"@graph\":[{\"@type\":\"Article\",\"@id\":\"https:\/\/lavoixdelanation.tg\/index.php\/2025\/06\/16\/hcrrun-session-dindemnisation-des-victimes-non-vulnerables-a-dankpen\/#article\",\"isPartOf\":{\"@id\":\"https:\/\/lavoixdelanation.tg\/index.php\/2025\/06\/16\/hcrrun-session-dindemnisation-des-victimes-non-vulnerables-a-dankpen\/\"},\"author\":{\"name\":\"La voix de la nation\",\"@id\":\"https:\/\/lavoixdelanation.tg\/#\/schema\/person\/6c489293aa38053673a9e554acb6e224\"},\"headline\":\"HCRRUN\u00a0: Session d&rsquo;indemnisation des victimes non vuln\u00e9rables \u00e0 Dankpen\",\"datePublished\":\"2025-06-16T10:38:40+00:00\",\"dateModified\":\"2025-06-17T08:50:24+00:00\",\"mainEntityOfPage\":{\"@id\":\"https:\/\/lavoixdelanation.tg\/index.php\/2025\/06\/16\/hcrrun-session-dindemnisation-des-victimes-non-vulnerables-a-dankpen\/\"},\"wordCount\":222,\"commentCount\":0,\"publisher\":{\"@id\":\"https:\/\/lavoixdelanation.tg\/#organization\"},\"image\":{\"@id\":\"https:\/\/lavoixdelanation.tg\/index.php\/2025\/06\/16\/hcrrun-session-dindemnisation-des-victimes-non-vulnerables-a-dankpen\/#primaryimage\"},\"thumbnailUrl\":\"https:\/\/lavoixdelanation.tg\/wp-content\/uploads\/2024\/12\/Awa-nana-Daboya.jpg\",\"keywords\":[\"Awa Nana Daboya\",\"Dankpen\",\"HCRRUN\",\"Indemnisation\",\"Togo\"],\"articleSection\":[\"Soci\u00e9t\u00e9\"],\"inLanguage\":\"fr-FR\",\"potentialAction\":[{\"@type\":\"CommentAction\",\"name\":\"Comment\",\"target\":[\"https:\/\/lavoixdelanation.tg\/index.php\/2025\/06\/16\/hcrrun-session-dindemnisation-des-victimes-non-vulnerables-a-dankpen\/#respond\"]}]},{\"@type\":\"WebPage\",\"@id\":\"https:\/\/lavoixdelanation.tg\/index.php\/2025\/06\/16\/hcrrun-session-dindemnisation-des-victimes-non-vulnerables-a-dankpen\/\",\"url\":\"https:\/\/lavoixdelanation.tg\/index.php\/2025\/06\/16\/hcrrun-session-dindemnisation-des-victimes-non-vulnerables-a-dankpen\/\",\"name\":\"HCRRUN\u00a0: Session d'indemnisation des victimes non vuln\u00e9rables \u00e0 Dankpen - La Voix de la Nation\",\"isPartOf\":{\"@id\":\"https:\/\/lavoixdelanation.tg\/#website\"},\"primaryImageOfPage\":{\"@id\":\"https:\/\/lavoixdelanation.tg\/index.php\/2025\/06\/16\/hcrrun-session-dindemnisation-des-victimes-non-vulnerables-a-dankpen\/#primaryimage\"},\"image\":{\"@id\":\"https:\/\/lavoixdelanation.tg\/index.php\/2025\/06\/16\/hcrrun-session-dindemnisation-des-victimes-non-vulnerables-a-dankpen\/#primaryimage\"},\"thumbnailUrl\":\"https:\/\/lavoixdelanation.tg\/wp-content\/uploads\/2024\/12\/Awa-nana-Daboya.jpg\",\"datePublished\":\"2025-06-16T10:38:40+00:00\",\"dateModified\":\"2025-06-17T08:50:24+00:00\",\"breadcrumb\":{\"@id\":\"https:\/\/lavoixdelanation.tg\/index.php\/2025\/06\/16\/hcrrun-session-dindemnisation-des-victimes-non-vulnerables-a-dankpen\/#breadcrumb\"},\"inLanguage\":\"fr-FR\",\"potentialAction\":[{\"@type\":\"ReadAction\",\"target\":[\"https:\/\/lavoixdelanation.tg\/index.php\/2025\/06\/16\/hcrrun-session-dindemnisation-des-victimes-non-vulnerables-a-dankpen\/\"]}]},{\"@type\":\"ImageObject\",\"inLanguage\":\"fr-FR\",\"@id\":\"https:\/\/lavoixdelanation.tg\/index.php\/2025\/06\/16\/hcrrun-session-dindemnisation-des-victimes-non-vulnerables-a-dankpen\/#primaryimage\",\"url\":\"https:\/\/lavoixdelanation.tg\/wp-content\/uploads\/2024\/12\/Awa-nana-Daboya.jpg\",\"contentUrl\":\"https:\/\/lavoixdelanation.tg\/wp-content\/uploads\/2024\/12\/Awa-nana-Daboya.jpg\",\"width\":500,\"height\":318,\"caption\":\"Awa nana Daboya\"},{\"@type\":\"BreadcrumbList\",\"@id\":\"https:\/\/lavoixdelanation.tg\/index.php\/2025\/06\/16\/hcrrun-session-dindemnisation-des-victimes-non-vulnerables-a-dankpen\/#breadcrumb\",\"itemListElement\":[{\"@type\":\"ListItem\",\"position\":1,\"name\":\"Accueil\",\"item\":\"https:\/\/lavoixdelanation.tg\/\"},{\"@type\":\"ListItem\",\"position\":2,\"name\":\"HCRRUN\u00a0: Session d&rsquo;indemnisation des victimes non vuln\u00e9rables \u00e0 Dankpen\"}]},{\"@type\":\"WebSite\",\"@id\":\"https:\/\/lavoixdelanation.tg\/#website\",\"url\":\"https:\/\/lavoixdelanation.tg\/\",\"name\":\"La Voix de la Nation\",\"description\":\"R\u00e9c\u00e9piss\u00e9 n\u00b00108\/HAAC\/01-2024\/pl\/P\",\"publisher\":{\"@id\":\"https:\/\/lavoixdelanation.tg\/#organization\"},\"alternateName\":\"VON\",\"potentialAction\":[{\"@type\":\"SearchAction\",\"target\":{\"@type\":\"EntryPoint\",\"urlTemplate\":\"https:\/\/lavoixdelanation.tg\/?s={search_term_string}\"},\"query-input\":{\"@type\":\"PropertyValueSpecification\",\"valueRequired\":true,\"valueName\":\"search_term_string\"}}],\"inLanguage\":\"fr-FR\"},{\"@type\":\"Organization\",\"@id\":\"https:\/\/lavoixdelanation.tg\/#organization\",\"name\":\"La Voix de la Nation\",\"url\":\"https:\/\/lavoixdelanation.tg\/\",\"logo\":{\"@type\":\"ImageObject\",\"inLanguage\":\"fr-FR\",\"@id\":\"https:\/\/lavoixdelanation.tg\/#\/schema\/logo\/image\/\",\"url\":\"https:\/\/lavoixdelanation.tg\/wp-content\/uploads\/2024\/12\/lavn-1.png\",\"contentUrl\":\"https:\/\/lavoixdelanation.tg\/wp-content\/uploads\/2024\/12\/lavn-1.png\",\"width\":1024,\"height\":464,\"caption\":\"La Voix de la Nation\"},\"image\":{\"@id\":\"https:\/\/lavoixdelanation.tg\/#\/schema\/logo\/image\/\"},\"sameAs\":[\"https:\/\/www.facebook.com\/lavoixdelanation\"]},{\"@type\":\"Person\",\"@id\":\"https:\/\/lavoixdelanation.tg\/#\/schema\/person\/6c489293aa38053673a9e554acb6e224\",\"name\":\"La voix de la nation\",\"image\":{\"@type\":\"ImageObject\",\"inLanguage\":\"fr-FR\",\"@id\":\"https:\/\/lavoixdelanation.tg\/#\/schema\/person\/image\/\",\"url\":\"https:\/\/secure.gravatar.com\/avatar\/8aa135d4bbc794494cecaa8d483f6d6cc1023624868deaff686baed5e727a5a1?s=96&d=mm&r=g\",\"contentUrl\":\"https:\/\/secure.gravatar.com\/avatar\/8aa135d4bbc794494cecaa8d483f6d6cc1023624868deaff686baed5e727a5a1?s=96&d=mm&r=g\",\"caption\":\"La voix de la nation\"},\"sameAs\":[\"https:\/\/lavoixdelanation.tg\"],\"url\":\"https:\/\/lavoixdelanation.tg\/index.php\/author\/lavn\/\"}]}<\/script>\n<!-- \/ Yoast SEO plugin. -->","yoast_head_json":{"title":"HCRRUN\u00a0: Session d'indemnisation des victimes non vuln\u00e9rables \u00e0 Dankpen - La Voix de la Nation","robots":{"index":"index","follow":"follow","max-snippet":"max-snippet:-1","max-image-preview":"max-image-preview:large","max-video-preview":"max-video-preview:-1"},"canonical":"https:\/\/lavoixdelanation.tg\/index.php\/2025\/06\/16\/hcrrun-session-dindemnisation-des-victimes-non-vulnerables-a-dankpen\/","og_locale":"fr_FR","og_type":"article","og_title":"HCRRUN\u00a0: Session d'indemnisation des victimes non vuln\u00e9rables \u00e0 Dankpen - La Voix de la Nation","og_description":"Le Haut-Commissariat \u00e0 la R\u00e9conciliation et au Renforcement de l&rsquo;Unit\u00e9 Nationale (HCRRUN) organise une session d&rsquo;indemnisation \u00e0 l&rsquo;intention des victimes non vuln\u00e9rables de la Pr\u00e9fecture de Dankpen. Cette op\u00e9ration d&rsquo;indemnisation&hellip;","og_url":"https:\/\/lavoixdelanation.tg\/index.php\/2025\/06\/16\/hcrrun-session-dindemnisation-des-victimes-non-vulnerables-a-dankpen\/","og_site_name":"La Voix de la Nation","article_publisher":"https:\/\/www.facebook.com\/lavoixdelanation","article_published_time":"2025-06-16T10:38:40+00:00","article_modified_time":"2025-06-17T08:50:24+00:00","og_image":[{"width":500,"height":318,"url":"https:\/\/lavoixdelanation.tg\/wp-content\/uploads\/2024\/12\/Awa-nana-Daboya.jpg","type":"image\/jpeg"}],"author":"La voix de la nation","twitter_card":"summary_large_image","twitter_misc":{"\u00c9crit par":"La voix de la nation","Dur\u00e9e de lecture estim\u00e9e":"2 minutes"},"schema":{"@context":"https:\/\/schema.org","@graph":[{"@type":"Article","@id":"https:\/\/lavoixdelanation.tg\/index.php\/2025\/06\/16\/hcrrun-session-dindemnisation-des-victimes-non-vulnerables-a-dankpen\/#article","isPartOf":{"@id":"https:\/\/lavoixdelanation.tg\/index.php\/2025\/06\/16\/hcrrun-session-dindemnisation-des-victimes-non-vulnerables-a-dankpen\/"},"author":{"name":"La voix de la nation","@id":"https:\/\/lavoixdelanation.tg\/#\/schema\/person\/6c489293aa38053673a9e554acb6e224"},"headline":"HCRRUN\u00a0: Session d&rsquo;indemnisation des victimes non vuln\u00e9rables \u00e0 Dankpen","datePublished":"2025-06-16T10:38:40+00:00","dateModified":"2025-06-17T08:50:24+00:00","mainEntityOfPage":{"@id":"https:\/\/lavoixdelanation.tg\/index.php\/2025\/06\/16\/hcrrun-session-dindemnisation-des-victimes-non-vulnerables-a-dankpen\/"},"wordCount":222,"commentCount":0,"publisher":{"@id":"https:\/\/lavoixdelanation.tg\/#organization"},"image":{"@id":"https:\/\/lavoixdelanation.tg\/index.php\/2025\/06\/16\/hcrrun-session-dindemnisation-des-victimes-non-vulnerables-a-dankpen\/#primaryimage"},"thumbnailUrl":"https:\/\/lavoixdelanation.tg\/wp-content\/uploads\/2024\/12\/Awa-nana-Daboya.jpg","keywords":["Awa Nana Daboya","Dankpen","HCRRUN","Indemnisation","Togo"],"articleSection":["Soci\u00e9t\u00e9"],"inLanguage":"fr-FR","potentialAction":[{"@type":"CommentAction","name":"Comment","target":["https:\/\/lavoixdelanation.tg\/index.php\/2025\/06\/16\/hcrrun-session-dindemnisation-des-victimes-non-vulnerables-a-dankpen\/#respond"]}]},{"@type":"WebPage","@id":"https:\/\/lavoixdelanation.tg\/index.php\/2025\/06\/16\/hcrrun-session-dindemnisation-des-victimes-non-vulnerables-a-dankpen\/","url":"https:\/\/lavoixdelanation.tg\/index.php\/2025\/06\/16\/hcrrun-session-dindemnisation-des-victimes-non-vulnerables-a-dankpen\/","name":"HCRRUN\u00a0: Session d'indemnisation des victimes non vuln\u00e9rables \u00e0 Dankpen - La Voix de la Nation","isPartOf":{"@id":"https:\/\/lavoixdelanation.tg\/#website"},"primaryImageOfPage":{"@id":"https:\/\/lavoixdelanation.tg\/index.php\/2025\/06\/16\/hcrrun-session-dindemnisation-des-victimes-non-vulnerables-a-dankpen\/#primaryimage"},"image":{"@id":"https:\/\/lavoixdelanation.tg\/index.php\/2025\/06\/16\/hcrrun-session-dindemnisation-des-victimes-non-vulnerables-a-dankpen\/#primaryimage"},"thumbnailUrl":"https:\/\/lavoixdelanation.tg\/wp-content\/uploads\/2024\/12\/Awa-nana-Daboya.jpg","datePublished":"2025-06-16T10:38:40+00:00","dateModified":"2025-06-17T08:50:24+00:00","breadcrumb":{"@id":"https:\/\/lavoixdelanation.tg\/index.php\/2025\/06\/16\/hcrrun-session-dindemnisation-des-victimes-non-vulnerables-a-dankpen\/#breadcrumb"},"inLanguage":"fr-FR","potentialAction":[{"@type":"ReadAction","target":["https:\/\/lavoixdelanation.tg\/index.php\/2025\/06\/16\/hcrrun-session-dindemnisation-des-victimes-non-vulnerables-a-dankpen\/"]}]},{"@type":"ImageObject","inLanguage":"fr-FR","@id":"https:\/\/lavoixdelanation.tg\/index.php\/2025\/06\/16\/hcrrun-session-dindemnisation-des-victimes-non-vulnerables-a-dankpen\/#primaryimage","url":"https:\/\/lavoixdelanation.tg\/wp-content\/uploads\/2024\/12\/Awa-nana-Daboya.jpg","contentUrl":"https:\/\/lavoixdelanation.tg\/wp-content\/uploads\/2024\/12\/Awa-nana-Daboya.jpg","width":500,"height":318,"caption":"Awa nana Daboya"},{"@type":"BreadcrumbList","@id":"https:\/\/lavoixdelanation.tg\/index.php\/2025\/06\/16\/hcrrun-session-dindemnisation-des-victimes-non-vulnerables-a-dankpen\/#breadcrumb","itemListElement":[{"@type":"ListItem","position":1,"name":"Accueil","item":"https:\/\/lavoixdelanation.tg\/"},{"@type":"ListItem","position":2,"name":"HCRRUN\u00a0: Session d&rsquo;indemnisation des victimes non vuln\u00e9rables \u00e0 Dankpen"}]},{"@type":"WebSite","@id":"https:\/\/lavoixdelanation.tg\/#website","url":"https:\/\/lavoixdelanation.tg\/","name":"La Voix de la Nation","description":"R\u00e9c\u00e9piss\u00e9 n\u00b00108\/HAAC\/01-2024\/pl\/P","publisher":{"@id":"https:\/\/lavoixdelanation.tg\/#organization"},"alternateName":"VON","potentialAction":[{"@type":"SearchAction","target":{"@type":"EntryPoint","urlTemplate":"https:\/\/lavoixdelanation.tg\/?s={search_term_string}"},"query-input":{"@type":"PropertyValueSpecification","valueRequired":true,"valueName":"search_term_string"}}],"inLanguage":"fr-FR"},{"@type":"Organization","@id":"https:\/\/lavoixdelanation.tg\/#organization","name":"La Voix de la Nation","url":"https:\/\/lavoixdelanation.tg\/","logo":{"@type":"ImageObject","inLanguage":"fr-FR","@id":"https:\/\/lavoixdelanation.tg\/#\/schema\/logo\/image\/","url":"https:\/\/lavoixdelanation.tg\/wp-content\/uploads\/2024\/12\/lavn-1.png","contentUrl":"https:\/\/lavoixdelanation.tg\/wp-content\/uploads\/2024\/12\/lavn-1.png","width":1024,"height":464,"caption":"La Voix de la Nation"},"image":{"@id":"https:\/\/lavoixdelanation.tg\/#\/schema\/logo\/image\/"},"sameAs":["https:\/\/www.facebook.com\/lavoixdelanation"]},{"@type":"Person","@id":"https:\/\/lavoixdelanation.tg\/#\/schema\/person\/6c489293aa38053673a9e554acb6e224","name":"La voix de la nation","image":{"@type":"ImageObject","inLanguage":"fr-FR","@id":"https:\/\/lavoixdelanation.tg\/#\/schema\/person\/image\/","url":"https:\/\/secure.gravatar.com\/avatar\/8aa135d4bbc794494cecaa8d483f6d6cc1023624868deaff686baed5e727a5a1?s=96&d=mm&r=g","contentUrl":"https:\/\/secure.gravatar.com\/avatar\/8aa135d4bbc794494cecaa8d483f6d6cc1023624868deaff686baed5e727a5a1?s=96&d=mm&r=g","caption":"La voix de la nation"},"sameAs":["https:\/\/lavoixdelanation.tg"],"url":"https:\/\/lavoixdelanation.tg\/index.php\/author\/lavn\/"}]}},"_links":{"self":[{"href":"https:\/\/lavoixdelanation.tg\/index.php\/wp-json\/wp\/v2\/posts\/3141","targetHints":{"allow":["GET"]}}],"collection":[{"href":"https:\/\/lavoixdelanation.tg\/index.php\/wp-json\/wp\/v2\/posts"}],"about":[{"href":"https:\/\/lavoixdelanation.tg\/index.php\/wp-json\/wp\/v2\/types\/post"}],"author":[{"embeddable":true,"href":"https:\/\/lavoixdelanation.tg\/index.php\/wp-json\/wp\/v2\/users\/1"}],"replies":[{"embeddable":true,"href":"https:\/\/lavoixdelanation.tg\/index.php\/wp-json\/wp\/v2\/comments?post=3141"}],"version-history":[{"count":2,"href":"https:\/\/lavoixdelanation.tg\/index.php\/wp-json\/wp\/v2\/posts\/3141\/revisions"}],"predecessor-version":[{"id":3143,"href":"https:\/\/lavoixdelanation.tg\/index.php\/wp-json\/wp\/v2\/posts\/3141\/revisions\/3143"}],"wp:featuredmedia":[{"embeddable":true,"href":"https:\/\/lavoixdelanation.tg\/index.php\/wp-json\/wp\/v2\/media\/1578"}],"wp:attachment":[{"href":"https:\/\/lavoixdelanation.tg\/index.php\/wp-json\/wp\/v2\/media?parent=3141"}],"wp:term":[{"taxonomy":"category","embeddable":true,"href":"https:\/\/lavoixdelanation.tg\/index.php\/wp-json\/wp\/v2\/categories?post=3141"},{"taxonomy":"post_tag","embeddable":true,"href":"https:\/\/lavoixdelanation.tg\/index.php\/wp-json\/wp\/v2\/tags?post=3141"}],"curies":[{"name":"wp","href":"https:\/\/api.w.org\/{rel}","templated":true}]}}