{"id":3094,"date":"2025-06-10T11:07:28","date_gmt":"2025-06-10T09:07:28","guid":{"rendered":"https:\/\/lavoixdelanation.tg\/?p=3094"},"modified":"2025-06-11T11:40:21","modified_gmt":"2025-06-11T09:40:21","slug":"education-155-944-candidats-a-lassaut-du-bepc-2025","status":"publish","type":"post","link":"https:\/\/lavoixdelanation.tg\/index.php\/2025\/06\/10\/education-155-944-candidats-a-lassaut-du-bepc-2025\/","title":{"rendered":"Education : 155 944 candidats \u00e0 l\u2019assaut du BEPC 2025"},"content":{"rendered":"<p>Au Togo, l\u2019examen du Brevet de fin d\u2019\u00e9tudes du premier cycle du secondaire (BEPC) d\u00e9marre ce mardi 10 juin sur toute l\u2019\u00e9tendue du territoire national.<br \/>\nAu total, 155 944 candidats sont \u00e0 l\u2019assaut de ce dipl\u00f4me qui ouvre les portes du Lyc\u00e9e.<br \/>\nSelon les donn\u00e9es du minist\u00e8re en charge des enseignements primaire et secondaire, sur les 155 944 candidats, les filles sont au nombre de 75 046 soit une proportion de 48,12 %. Quant aux gar\u00e7ons, ils sont au nombre de 80 898 candidats, soit un taux de 51,88 %.<br \/>\nLe fait marquant est que le plus jeune candidat \u00e0 cet examen est \u00e2g\u00e9 seulement de 13 ans. Il s\u2019agit de l\u2019\u00e9l\u00e8ve A. Kossi Marcel, n\u00e9 le 17 janvier 2012. Il est \u00c9l\u00e8ve au CEG TOME, centre d\u2019\u00e9crit CEG Kpadap\u00e9, DRE Plateaux Ouest.<br \/>\nLe plus \u00e2g\u00e9 est Monsieur N. Komla du CPL EDUCADEV, n\u00e9 le 23 novembre 1971 du centre d\u2019\u00e9crit CPL Kouvahey Djidjole, DRE Grand Lom\u00e9. Il est \u00e2g\u00e9 de 54 ans.<br \/>\nLe plus \u00e2g\u00e9 des candidats libres est Monsieur A. Kossivi, n\u00e9 le 31 d\u00e9cembre 1967. Il est actuellement ag\u00e9 de 58 ans et vient de l\u2019IESG Tsevi\u00e9.<\/p>\n","protected":false},"excerpt":{"rendered":"<p>Au Togo, l\u2019examen du Brevet de fin d\u2019\u00e9tudes du premier cycle du secondaire (BEPC) d\u00e9marre ce mardi 10 juin sur toute l\u2019\u00e9tendue du territoire national. Au total, 155 944 candidats&hellip; <\/p>\n","protected":false},"author":1,"featured_media":3095,"comment_status":"open","ping_status":"open","sticky":false,"template":"","format":"standard","meta":{"footnotes":""},"categories":[10],"tags":[717,39],"class_list":["post-3094","post","type-post","status-publish","format-standard","has-post-thumbnail","hentry","category-education","tag-bepc","tag-togo"],"yoast_head":"<!-- This site is optimized with the Yoast SEO plugin v26.4 - https:\/\/yoast.com\/wordpress\/plugins\/seo\/ -->\n<title>Education : 155 944 candidats \u00e0 l\u2019assaut du BEPC 2025 - La Voix de la Nation<\/title>\n<meta name=\"robots\" content=\"index, follow, max-snippet:-1, max-image-preview:large, max-video-preview:-1\" \/>\n<link rel=\"canonical\" href=\"https:\/\/lavoixdelanation.tg\/index.php\/2025\/06\/10\/education-155-944-candidats-a-lassaut-du-bepc-2025\/\" \/>\n<meta property=\"og:locale\" content=\"fr_FR\" \/>\n<meta property=\"og:type\" content=\"article\" \/>\n<meta property=\"og:title\" content=\"Education : 155 944 candidats \u00e0 l\u2019assaut du BEPC 2025 - La Voix de la Nation\" \/>\n<meta property=\"og:description\" content=\"Au Togo, l\u2019examen du Brevet de fin d\u2019\u00e9tudes du premier cycle du secondaire (BEPC) d\u00e9marre ce mardi 10 juin sur toute l\u2019\u00e9tendue du territoire national. Au total, 155 944 candidats&hellip;\" \/>\n<meta property=\"og:url\" content=\"https:\/\/lavoixdelanation.tg\/index.php\/2025\/06\/10\/education-155-944-candidats-a-lassaut-du-bepc-2025\/\" \/>\n<meta property=\"og:site_name\" content=\"La Voix de la Nation\" \/>\n<meta property=\"article:publisher\" content=\"https:\/\/www.facebook.com\/lavoixdelanation\" \/>\n<meta property=\"article:published_time\" content=\"2025-06-10T09:07:28+00:00\" \/>\n<meta property=\"article:modified_time\" content=\"2025-06-11T09:40:21+00:00\" \/>\n<meta property=\"og:image\" content=\"https:\/\/lavoixdelanation.tg\/wp-content\/uploads\/2025\/06\/Examen-du-BEPC-au-Togo.jpg\" \/>\n\t<meta property=\"og:image:width\" content=\"650\" \/>\n\t<meta property=\"og:image:height\" content=\"430\" \/>\n\t<meta property=\"og:image:type\" content=\"image\/jpeg\" \/>\n<meta name=\"author\" content=\"La voix de la nation\" \/>\n<meta name=\"twitter:card\" content=\"summary_large_image\" \/>\n<meta name=\"twitter:label1\" content=\"\u00c9crit par\" \/>\n\t<meta name=\"twitter:data1\" content=\"La voix de la nation\" \/>\n\t<meta name=\"twitter:label2\" content=\"Dur\u00e9e de lecture estim\u00e9e\" \/>\n\t<meta name=\"twitter:data2\" content=\"2 minutes\" \/>\n<script type=\"application\/ld+json\" class=\"yoast-schema-graph\">{\"@context\":\"https:\/\/schema.org\",\"@graph\":[{\"@type\":\"Article\",\"@id\":\"https:\/\/lavoixdelanation.tg\/index.php\/2025\/06\/10\/education-155-944-candidats-a-lassaut-du-bepc-2025\/#article\",\"isPartOf\":{\"@id\":\"https:\/\/lavoixdelanation.tg\/index.php\/2025\/06\/10\/education-155-944-candidats-a-lassaut-du-bepc-2025\/\"},\"author\":{\"name\":\"La voix de la nation\",\"@id\":\"https:\/\/lavoixdelanation.tg\/#\/schema\/person\/6c489293aa38053673a9e554acb6e224\"},\"headline\":\"Education : 155 944 candidats \u00e0 l\u2019assaut du BEPC 2025\",\"datePublished\":\"2025-06-10T09:07:28+00:00\",\"dateModified\":\"2025-06-11T09:40:21+00:00\",\"mainEntityOfPage\":{\"@id\":\"https:\/\/lavoixdelanation.tg\/index.php\/2025\/06\/10\/education-155-944-candidats-a-lassaut-du-bepc-2025\/\"},\"wordCount\":190,\"commentCount\":0,\"publisher\":{\"@id\":\"https:\/\/lavoixdelanation.tg\/#organization\"},\"image\":{\"@id\":\"https:\/\/lavoixdelanation.tg\/index.php\/2025\/06\/10\/education-155-944-candidats-a-lassaut-du-bepc-2025\/#primaryimage\"},\"thumbnailUrl\":\"https:\/\/lavoixdelanation.tg\/wp-content\/uploads\/2025\/06\/Examen-du-BEPC-au-Togo.jpg\",\"keywords\":[\"BEPC\",\"Togo\"],\"articleSection\":[\"Education\"],\"inLanguage\":\"fr-FR\",\"potentialAction\":[{\"@type\":\"CommentAction\",\"name\":\"Comment\",\"target\":[\"https:\/\/lavoixdelanation.tg\/index.php\/2025\/06\/10\/education-155-944-candidats-a-lassaut-du-bepc-2025\/#respond\"]}]},{\"@type\":\"WebPage\",\"@id\":\"https:\/\/lavoixdelanation.tg\/index.php\/2025\/06\/10\/education-155-944-candidats-a-lassaut-du-bepc-2025\/\",\"url\":\"https:\/\/lavoixdelanation.tg\/index.php\/2025\/06\/10\/education-155-944-candidats-a-lassaut-du-bepc-2025\/\",\"name\":\"Education : 155 944 candidats \u00e0 l\u2019assaut du BEPC 2025 - La Voix de la Nation\",\"isPartOf\":{\"@id\":\"https:\/\/lavoixdelanation.tg\/#website\"},\"primaryImageOfPage\":{\"@id\":\"https:\/\/lavoixdelanation.tg\/index.php\/2025\/06\/10\/education-155-944-candidats-a-lassaut-du-bepc-2025\/#primaryimage\"},\"image\":{\"@id\":\"https:\/\/lavoixdelanation.tg\/index.php\/2025\/06\/10\/education-155-944-candidats-a-lassaut-du-bepc-2025\/#primaryimage\"},\"thumbnailUrl\":\"https:\/\/lavoixdelanation.tg\/wp-content\/uploads\/2025\/06\/Examen-du-BEPC-au-Togo.jpg\",\"datePublished\":\"2025-06-10T09:07:28+00:00\",\"dateModified\":\"2025-06-11T09:40:21+00:00\",\"breadcrumb\":{\"@id\":\"https:\/\/lavoixdelanation.tg\/index.php\/2025\/06\/10\/education-155-944-candidats-a-lassaut-du-bepc-2025\/#breadcrumb\"},\"inLanguage\":\"fr-FR\",\"potentialAction\":[{\"@type\":\"ReadAction\",\"target\":[\"https:\/\/lavoixdelanation.tg\/index.php\/2025\/06\/10\/education-155-944-candidats-a-lassaut-du-bepc-2025\/\"]}]},{\"@type\":\"ImageObject\",\"inLanguage\":\"fr-FR\",\"@id\":\"https:\/\/lavoixdelanation.tg\/index.php\/2025\/06\/10\/education-155-944-candidats-a-lassaut-du-bepc-2025\/#primaryimage\",\"url\":\"https:\/\/lavoixdelanation.tg\/wp-content\/uploads\/2025\/06\/Examen-du-BEPC-au-Togo.jpg\",\"contentUrl\":\"https:\/\/lavoixdelanation.tg\/wp-content\/uploads\/2025\/06\/Examen-du-BEPC-au-Togo.jpg\",\"width\":650,\"height\":430},{\"@type\":\"BreadcrumbList\",\"@id\":\"https:\/\/lavoixdelanation.tg\/index.php\/2025\/06\/10\/education-155-944-candidats-a-lassaut-du-bepc-2025\/#breadcrumb\",\"itemListElement\":[{\"@type\":\"ListItem\",\"position\":1,\"name\":\"Accueil\",\"item\":\"https:\/\/lavoixdelanation.tg\/\"},{\"@type\":\"ListItem\",\"position\":2,\"name\":\"Education : 155 944 candidats \u00e0 l\u2019assaut du BEPC 2025\"}]},{\"@type\":\"WebSite\",\"@id\":\"https:\/\/lavoixdelanation.tg\/#website\",\"url\":\"https:\/\/lavoixdelanation.tg\/\",\"name\":\"La Voix de la Nation\",\"description\":\"R\u00e9c\u00e9piss\u00e9 n\u00b00108\/HAAC\/01-2024\/pl\/P\",\"publisher\":{\"@id\":\"https:\/\/lavoixdelanation.tg\/#organization\"},\"alternateName\":\"VON\",\"potentialAction\":[{\"@type\":\"SearchAction\",\"target\":{\"@type\":\"EntryPoint\",\"urlTemplate\":\"https:\/\/lavoixdelanation.tg\/?s={search_term_string}\"},\"query-input\":{\"@type\":\"PropertyValueSpecification\",\"valueRequired\":true,\"valueName\":\"search_term_string\"}}],\"inLanguage\":\"fr-FR\"},{\"@type\":\"Organization\",\"@id\":\"https:\/\/lavoixdelanation.tg\/#organization\",\"name\":\"La Voix de la Nation\",\"url\":\"https:\/\/lavoixdelanation.tg\/\",\"logo\":{\"@type\":\"ImageObject\",\"inLanguage\":\"fr-FR\",\"@id\":\"https:\/\/lavoixdelanation.tg\/#\/schema\/logo\/image\/\",\"url\":\"https:\/\/lavoixdelanation.tg\/wp-content\/uploads\/2024\/12\/lavn-1.png\",\"contentUrl\":\"https:\/\/lavoixdelanation.tg\/wp-content\/uploads\/2024\/12\/lavn-1.png\",\"width\":1024,\"height\":464,\"caption\":\"La Voix de la Nation\"},\"image\":{\"@id\":\"https:\/\/lavoixdelanation.tg\/#\/schema\/logo\/image\/\"},\"sameAs\":[\"https:\/\/www.facebook.com\/lavoixdelanation\"]},{\"@type\":\"Person\",\"@id\":\"https:\/\/lavoixdelanation.tg\/#\/schema\/person\/6c489293aa38053673a9e554acb6e224\",\"name\":\"La voix de la nation\",\"image\":{\"@type\":\"ImageObject\",\"inLanguage\":\"fr-FR\",\"@id\":\"https:\/\/lavoixdelanation.tg\/#\/schema\/person\/image\/\",\"url\":\"https:\/\/secure.gravatar.com\/avatar\/8aa135d4bbc794494cecaa8d483f6d6cc1023624868deaff686baed5e727a5a1?s=96&d=mm&r=g\",\"contentUrl\":\"https:\/\/secure.gravatar.com\/avatar\/8aa135d4bbc794494cecaa8d483f6d6cc1023624868deaff686baed5e727a5a1?s=96&d=mm&r=g\",\"caption\":\"La voix de la nation\"},\"sameAs\":[\"https:\/\/lavoixdelanation.tg\"],\"url\":\"https:\/\/lavoixdelanation.tg\/index.php\/author\/lavn\/\"}]}<\/script>\n<!-- \/ Yoast SEO plugin. -->","yoast_head_json":{"title":"Education : 155 944 candidats \u00e0 l\u2019assaut du BEPC 2025 - La Voix de la Nation","robots":{"index":"index","follow":"follow","max-snippet":"max-snippet:-1","max-image-preview":"max-image-preview:large","max-video-preview":"max-video-preview:-1"},"canonical":"https:\/\/lavoixdelanation.tg\/index.php\/2025\/06\/10\/education-155-944-candidats-a-lassaut-du-bepc-2025\/","og_locale":"fr_FR","og_type":"article","og_title":"Education : 155 944 candidats \u00e0 l\u2019assaut du BEPC 2025 - La Voix de la Nation","og_description":"Au Togo, l\u2019examen du Brevet de fin d\u2019\u00e9tudes du premier cycle du secondaire (BEPC) d\u00e9marre ce mardi 10 juin sur toute l\u2019\u00e9tendue du territoire national. Au total, 155 944 candidats&hellip;","og_url":"https:\/\/lavoixdelanation.tg\/index.php\/2025\/06\/10\/education-155-944-candidats-a-lassaut-du-bepc-2025\/","og_site_name":"La Voix de la Nation","article_publisher":"https:\/\/www.facebook.com\/lavoixdelanation","article_published_time":"2025-06-10T09:07:28+00:00","article_modified_time":"2025-06-11T09:40:21+00:00","og_image":[{"width":650,"height":430,"url":"https:\/\/lavoixdelanation.tg\/wp-content\/uploads\/2025\/06\/Examen-du-BEPC-au-Togo.jpg","type":"image\/jpeg"}],"author":"La voix de la nation","twitter_card":"summary_large_image","twitter_misc":{"\u00c9crit par":"La voix de la nation","Dur\u00e9e de lecture estim\u00e9e":"2 minutes"},"schema":{"@context":"https:\/\/schema.org","@graph":[{"@type":"Article","@id":"https:\/\/lavoixdelanation.tg\/index.php\/2025\/06\/10\/education-155-944-candidats-a-lassaut-du-bepc-2025\/#article","isPartOf":{"@id":"https:\/\/lavoixdelanation.tg\/index.php\/2025\/06\/10\/education-155-944-candidats-a-lassaut-du-bepc-2025\/"},"author":{"name":"La voix de la nation","@id":"https:\/\/lavoixdelanation.tg\/#\/schema\/person\/6c489293aa38053673a9e554acb6e224"},"headline":"Education : 155 944 candidats \u00e0 l\u2019assaut du BEPC 2025","datePublished":"2025-06-10T09:07:28+00:00","dateModified":"2025-06-11T09:40:21+00:00","mainEntityOfPage":{"@id":"https:\/\/lavoixdelanation.tg\/index.php\/2025\/06\/10\/education-155-944-candidats-a-lassaut-du-bepc-2025\/"},"wordCount":190,"commentCount":0,"publisher":{"@id":"https:\/\/lavoixdelanation.tg\/#organization"},"image":{"@id":"https:\/\/lavoixdelanation.tg\/index.php\/2025\/06\/10\/education-155-944-candidats-a-lassaut-du-bepc-2025\/#primaryimage"},"thumbnailUrl":"https:\/\/lavoixdelanation.tg\/wp-content\/uploads\/2025\/06\/Examen-du-BEPC-au-Togo.jpg","keywords":["BEPC","Togo"],"articleSection":["Education"],"inLanguage":"fr-FR","potentialAction":[{"@type":"CommentAction","name":"Comment","target":["https:\/\/lavoixdelanation.tg\/index.php\/2025\/06\/10\/education-155-944-candidats-a-lassaut-du-bepc-2025\/#respond"]}]},{"@type":"WebPage","@id":"https:\/\/lavoixdelanation.tg\/index.php\/2025\/06\/10\/education-155-944-candidats-a-lassaut-du-bepc-2025\/","url":"https:\/\/lavoixdelanation.tg\/index.php\/2025\/06\/10\/education-155-944-candidats-a-lassaut-du-bepc-2025\/","name":"Education : 155 944 candidats \u00e0 l\u2019assaut du BEPC 2025 - La Voix de la Nation","isPartOf":{"@id":"https:\/\/lavoixdelanation.tg\/#website"},"primaryImageOfPage":{"@id":"https:\/\/lavoixdelanation.tg\/index.php\/2025\/06\/10\/education-155-944-candidats-a-lassaut-du-bepc-2025\/#primaryimage"},"image":{"@id":"https:\/\/lavoixdelanation.tg\/index.php\/2025\/06\/10\/education-155-944-candidats-a-lassaut-du-bepc-2025\/#primaryimage"},"thumbnailUrl":"https:\/\/lavoixdelanation.tg\/wp-content\/uploads\/2025\/06\/Examen-du-BEPC-au-Togo.jpg","datePublished":"2025-06-10T09:07:28+00:00","dateModified":"2025-06-11T09:40:21+00:00","breadcrumb":{"@id":"https:\/\/lavoixdelanation.tg\/index.php\/2025\/06\/10\/education-155-944-candidats-a-lassaut-du-bepc-2025\/#breadcrumb"},"inLanguage":"fr-FR","potentialAction":[{"@type":"ReadAction","target":["https:\/\/lavoixdelanation.tg\/index.php\/2025\/06\/10\/education-155-944-candidats-a-lassaut-du-bepc-2025\/"]}]},{"@type":"ImageObject","inLanguage":"fr-FR","@id":"https:\/\/lavoixdelanation.tg\/index.php\/2025\/06\/10\/education-155-944-candidats-a-lassaut-du-bepc-2025\/#primaryimage","url":"https:\/\/lavoixdelanation.tg\/wp-content\/uploads\/2025\/06\/Examen-du-BEPC-au-Togo.jpg","contentUrl":"https:\/\/lavoixdelanation.tg\/wp-content\/uploads\/2025\/06\/Examen-du-BEPC-au-Togo.jpg","width":650,"height":430},{"@type":"BreadcrumbList","@id":"https:\/\/lavoixdelanation.tg\/index.php\/2025\/06\/10\/education-155-944-candidats-a-lassaut-du-bepc-2025\/#breadcrumb","itemListElement":[{"@type":"ListItem","position":1,"name":"Accueil","item":"https:\/\/lavoixdelanation.tg\/"},{"@type":"ListItem","position":2,"name":"Education : 155 944 candidats \u00e0 l\u2019assaut du BEPC 2025"}]},{"@type":"WebSite","@id":"https:\/\/lavoixdelanation.tg\/#website","url":"https:\/\/lavoixdelanation.tg\/","name":"La Voix de la Nation","description":"R\u00e9c\u00e9piss\u00e9 n\u00b00108\/HAAC\/01-2024\/pl\/P","publisher":{"@id":"https:\/\/lavoixdelanation.tg\/#organization"},"alternateName":"VON","potentialAction":[{"@type":"SearchAction","target":{"@type":"EntryPoint","urlTemplate":"https:\/\/lavoixdelanation.tg\/?s={search_term_string}"},"query-input":{"@type":"PropertyValueSpecification","valueRequired":true,"valueName":"search_term_string"}}],"inLanguage":"fr-FR"},{"@type":"Organization","@id":"https:\/\/lavoixdelanation.tg\/#organization","name":"La Voix de la Nation","url":"https:\/\/lavoixdelanation.tg\/","logo":{"@type":"ImageObject","inLanguage":"fr-FR","@id":"https:\/\/lavoixdelanation.tg\/#\/schema\/logo\/image\/","url":"https:\/\/lavoixdelanation.tg\/wp-content\/uploads\/2024\/12\/lavn-1.png","contentUrl":"https:\/\/lavoixdelanation.tg\/wp-content\/uploads\/2024\/12\/lavn-1.png","width":1024,"height":464,"caption":"La Voix de la Nation"},"image":{"@id":"https:\/\/lavoixdelanation.tg\/#\/schema\/logo\/image\/"},"sameAs":["https:\/\/www.facebook.com\/lavoixdelanation"]},{"@type":"Person","@id":"https:\/\/lavoixdelanation.tg\/#\/schema\/person\/6c489293aa38053673a9e554acb6e224","name":"La voix de la nation","image":{"@type":"ImageObject","inLanguage":"fr-FR","@id":"https:\/\/lavoixdelanation.tg\/#\/schema\/person\/image\/","url":"https:\/\/secure.gravatar.com\/avatar\/8aa135d4bbc794494cecaa8d483f6d6cc1023624868deaff686baed5e727a5a1?s=96&d=mm&r=g","contentUrl":"https:\/\/secure.gravatar.com\/avatar\/8aa135d4bbc794494cecaa8d483f6d6cc1023624868deaff686baed5e727a5a1?s=96&d=mm&r=g","caption":"La voix de la nation"},"sameAs":["https:\/\/lavoixdelanation.tg"],"url":"https:\/\/lavoixdelanation.tg\/index.php\/author\/lavn\/"}]}},"_links":{"self":[{"href":"https:\/\/lavoixdelanation.tg\/index.php\/wp-json\/wp\/v2\/posts\/3094","targetHints":{"allow":["GET"]}}],"collection":[{"href":"https:\/\/lavoixdelanation.tg\/index.php\/wp-json\/wp\/v2\/posts"}],"about":[{"href":"https:\/\/lavoixdelanation.tg\/index.php\/wp-json\/wp\/v2\/types\/post"}],"author":[{"embeddable":true,"href":"https:\/\/lavoixdelanation.tg\/index.php\/wp-json\/wp\/v2\/users\/1"}],"replies":[{"embeddable":true,"href":"https:\/\/lavoixdelanation.tg\/index.php\/wp-json\/wp\/v2\/comments?post=3094"}],"version-history":[{"count":1,"href":"https:\/\/lavoixdelanation.tg\/index.php\/wp-json\/wp\/v2\/posts\/3094\/revisions"}],"predecessor-version":[{"id":3096,"href":"https:\/\/lavoixdelanation.tg\/index.php\/wp-json\/wp\/v2\/posts\/3094\/revisions\/3096"}],"wp:featuredmedia":[{"embeddable":true,"href":"https:\/\/lavoixdelanation.tg\/index.php\/wp-json\/wp\/v2\/media\/3095"}],"wp:attachment":[{"href":"https:\/\/lavoixdelanation.tg\/index.php\/wp-json\/wp\/v2\/media?parent=3094"}],"wp:term":[{"taxonomy":"category","embeddable":true,"href":"https:\/\/lavoixdelanation.tg\/index.php\/wp-json\/wp\/v2\/categories?post=3094"},{"taxonomy":"post_tag","embeddable":true,"href":"https:\/\/lavoixdelanation.tg\/index.php\/wp-json\/wp\/v2\/tags?post=3094"}],"curies":[{"name":"wp","href":"https:\/\/api.w.org\/{rel}","templated":true}]}}