{"id":3066,"date":"2025-06-05T22:06:04","date_gmt":"2025-06-05T20:06:04","guid":{"rendered":"https:\/\/lavoixdelanation.tg\/?p=3066"},"modified":"2025-06-06T22:11:22","modified_gmt":"2025-06-06T20:11:22","slug":"grand-lome-les-lieux-de-priere-pour-la-tabaski-2025-delocalises-au-terrain-du-cerfer-et-a-kegue","status":"publish","type":"post","link":"https:\/\/lavoixdelanation.tg\/index.php\/2025\/06\/05\/grand-lome-les-lieux-de-priere-pour-la-tabaski-2025-delocalises-au-terrain-du-cerfer-et-a-kegue\/","title":{"rendered":"Grand Lom\u00e9 : Les lieux de pri\u00e8re pour la Tabaski\u00a02025 d\u00e9localis\u00e9s au terrain du Cerfer et \u00e0 K\u00e9gu\u00e9"},"content":{"rendered":"\n<p><strong>Dans le Grand Lom\u00e9, les lieux de rassemblement pour la pri\u00e8re de la f\u00eate de Tabaski ce 06 juin 2025 annonc\u00e9s par l\u2019Union musulmane du Togo au Lyc\u00e9e de Tokoin et \u00e0 la mosqu\u00e9e Kadhafi sont finalement d\u00e9localis\u00e9s respectivement sur le terrain du CERFER et au Stade de K\u00e9gu\u00e9.<\/strong><\/p>\n\n\n\n<p>L\u2019information est contenue dans un communiqu\u00e9 du Ministre de la S\u00e9curit\u00e9 et de la Protection Civile Calixte Madjoulba en date de ce 05 juin 2025.<\/p>\n\n\n\n<p>Le ministre a inform\u00e9 les fid\u00e8les musulmans et l&rsquo;ensemble de la population, que les dispositions s\u00e9curitaires habituelles sont prises pour que les services de s\u00e9curit\u00e9 et de secours garantissent le bon d\u00e9roulement des activit\u00e9s pr\u00e9vues par l&rsquo;Union musulmane du Togo (UMT), dans les diff\u00e9rents lieux de pri\u00e8re et de r\u00e9jouissances, sur toute l&rsquo;\u00e9tendue du territoire national.&nbsp;<\/p>\n\n\n\n<p>\u00ab&nbsp;De m\u00eame, les dispositions appropri\u00e9es sont prises pour garantir le bon d\u00e9roulement de la c\u00e9l\u00e9bration de la f\u00eate de la Pentec\u00f4te par les communaut\u00e9s et fid\u00e8les chr\u00e9tiens, le dimanche 08 juin 2025, sur toute l&rsquo;\u00e9tendue du territoire national&nbsp;\u00bb, ajoute le communiqu\u00e9 du ministre qui dit compter sur \u00ab&nbsp;le sens civique de tous, pour le respect scrupuleux des mesures sp\u00e9ciales prises pour faciliter le bon d\u00e9roulement de ces f\u00eates&nbsp;\u00bb.<\/p>\n","protected":false},"excerpt":{"rendered":"<p>Dans le Grand Lom\u00e9, les lieux de rassemblement pour la pri\u00e8re de la f\u00eate de Tabaski ce 06 juin 2025 annonc\u00e9s par l\u2019Union musulmane du Togo au Lyc\u00e9e de Tokoin&hellip; <\/p>\n","protected":false},"author":1,"featured_media":3067,"comment_status":"open","ping_status":"open","sticky":false,"template":"","format":"standard","meta":{"footnotes":""},"categories":[29],"tags":[711,39,710],"class_list":["post-3066","post","type-post","status-publish","format-standard","has-post-thumbnail","hentry","category-societe","tag-tabaski","tag-togo","tag-union-musulmane-du-togo"],"yoast_head":"<!-- This site is optimized with the Yoast SEO plugin v26.4 - https:\/\/yoast.com\/wordpress\/plugins\/seo\/ -->\n<title>Grand Lom\u00e9 : Les lieux de pri\u00e8re pour la Tabaski\u00a02025 d\u00e9localis\u00e9s au terrain du Cerfer et \u00e0 K\u00e9gu\u00e9 - La Voix de la Nation<\/title>\n<meta name=\"robots\" content=\"index, follow, max-snippet:-1, max-image-preview:large, max-video-preview:-1\" \/>\n<link rel=\"canonical\" href=\"https:\/\/lavoixdelanation.tg\/index.php\/2025\/06\/05\/grand-lome-les-lieux-de-priere-pour-la-tabaski-2025-delocalises-au-terrain-du-cerfer-et-a-kegue\/\" \/>\n<meta property=\"og:locale\" content=\"fr_FR\" \/>\n<meta property=\"og:type\" content=\"article\" \/>\n<meta property=\"og:title\" content=\"Grand Lom\u00e9 : Les lieux de pri\u00e8re pour la Tabaski\u00a02025 d\u00e9localis\u00e9s au terrain du Cerfer et \u00e0 K\u00e9gu\u00e9 - La Voix de la Nation\" \/>\n<meta property=\"og:description\" content=\"Dans le Grand Lom\u00e9, les lieux de rassemblement pour la pri\u00e8re de la f\u00eate de Tabaski ce 06 juin 2025 annonc\u00e9s par l\u2019Union musulmane du Togo au Lyc\u00e9e de Tokoin&hellip;\" \/>\n<meta property=\"og:url\" content=\"https:\/\/lavoixdelanation.tg\/index.php\/2025\/06\/05\/grand-lome-les-lieux-de-priere-pour-la-tabaski-2025-delocalises-au-terrain-du-cerfer-et-a-kegue\/\" \/>\n<meta property=\"og:site_name\" content=\"La Voix de la Nation\" \/>\n<meta property=\"article:publisher\" content=\"https:\/\/www.facebook.com\/lavoixdelanation\" \/>\n<meta property=\"article:published_time\" content=\"2025-06-05T20:06:04+00:00\" \/>\n<meta property=\"article:modified_time\" content=\"2025-06-06T20:11:22+00:00\" \/>\n<meta property=\"og:image\" content=\"https:\/\/lavoixdelanation.tg\/wp-content\/uploads\/2025\/06\/Tabaski-au-Togo.jpg\" \/>\n\t<meta property=\"og:image:width\" content=\"650\" \/>\n\t<meta property=\"og:image:height\" content=\"368\" \/>\n\t<meta property=\"og:image:type\" content=\"image\/jpeg\" \/>\n<meta name=\"author\" content=\"La voix de la nation\" \/>\n<meta name=\"twitter:card\" content=\"summary_large_image\" \/>\n<meta name=\"twitter:label1\" content=\"\u00c9crit par\" \/>\n\t<meta name=\"twitter:data1\" content=\"La voix de la nation\" \/>\n\t<meta name=\"twitter:label2\" content=\"Dur\u00e9e de lecture estim\u00e9e\" \/>\n\t<meta name=\"twitter:data2\" content=\"2 minutes\" \/>\n<script type=\"application\/ld+json\" class=\"yoast-schema-graph\">{\"@context\":\"https:\/\/schema.org\",\"@graph\":[{\"@type\":\"Article\",\"@id\":\"https:\/\/lavoixdelanation.tg\/index.php\/2025\/06\/05\/grand-lome-les-lieux-de-priere-pour-la-tabaski-2025-delocalises-au-terrain-du-cerfer-et-a-kegue\/#article\",\"isPartOf\":{\"@id\":\"https:\/\/lavoixdelanation.tg\/index.php\/2025\/06\/05\/grand-lome-les-lieux-de-priere-pour-la-tabaski-2025-delocalises-au-terrain-du-cerfer-et-a-kegue\/\"},\"author\":{\"name\":\"La voix de la nation\",\"@id\":\"https:\/\/lavoixdelanation.tg\/#\/schema\/person\/6c489293aa38053673a9e554acb6e224\"},\"headline\":\"Grand Lom\u00e9 : Les lieux de pri\u00e8re pour la Tabaski\u00a02025 d\u00e9localis\u00e9s au terrain du Cerfer et \u00e0 K\u00e9gu\u00e9\",\"datePublished\":\"2025-06-05T20:06:04+00:00\",\"dateModified\":\"2025-06-06T20:11:22+00:00\",\"mainEntityOfPage\":{\"@id\":\"https:\/\/lavoixdelanation.tg\/index.php\/2025\/06\/05\/grand-lome-les-lieux-de-priere-pour-la-tabaski-2025-delocalises-au-terrain-du-cerfer-et-a-kegue\/\"},\"wordCount\":253,\"commentCount\":0,\"publisher\":{\"@id\":\"https:\/\/lavoixdelanation.tg\/#organization\"},\"image\":{\"@id\":\"https:\/\/lavoixdelanation.tg\/index.php\/2025\/06\/05\/grand-lome-les-lieux-de-priere-pour-la-tabaski-2025-delocalises-au-terrain-du-cerfer-et-a-kegue\/#primaryimage\"},\"thumbnailUrl\":\"https:\/\/lavoixdelanation.tg\/wp-content\/uploads\/2025\/06\/Tabaski-au-Togo.jpg\",\"keywords\":[\"TABASKI\",\"Togo\",\"Union musulmane du Togo\"],\"articleSection\":[\"Soci\u00e9t\u00e9\"],\"inLanguage\":\"fr-FR\",\"potentialAction\":[{\"@type\":\"CommentAction\",\"name\":\"Comment\",\"target\":[\"https:\/\/lavoixdelanation.tg\/index.php\/2025\/06\/05\/grand-lome-les-lieux-de-priere-pour-la-tabaski-2025-delocalises-au-terrain-du-cerfer-et-a-kegue\/#respond\"]}]},{\"@type\":\"WebPage\",\"@id\":\"https:\/\/lavoixdelanation.tg\/index.php\/2025\/06\/05\/grand-lome-les-lieux-de-priere-pour-la-tabaski-2025-delocalises-au-terrain-du-cerfer-et-a-kegue\/\",\"url\":\"https:\/\/lavoixdelanation.tg\/index.php\/2025\/06\/05\/grand-lome-les-lieux-de-priere-pour-la-tabaski-2025-delocalises-au-terrain-du-cerfer-et-a-kegue\/\",\"name\":\"Grand Lom\u00e9 : Les lieux de pri\u00e8re pour la Tabaski\u00a02025 d\u00e9localis\u00e9s au terrain du Cerfer et \u00e0 K\u00e9gu\u00e9 - La Voix de la Nation\",\"isPartOf\":{\"@id\":\"https:\/\/lavoixdelanation.tg\/#website\"},\"primaryImageOfPage\":{\"@id\":\"https:\/\/lavoixdelanation.tg\/index.php\/2025\/06\/05\/grand-lome-les-lieux-de-priere-pour-la-tabaski-2025-delocalises-au-terrain-du-cerfer-et-a-kegue\/#primaryimage\"},\"image\":{\"@id\":\"https:\/\/lavoixdelanation.tg\/index.php\/2025\/06\/05\/grand-lome-les-lieux-de-priere-pour-la-tabaski-2025-delocalises-au-terrain-du-cerfer-et-a-kegue\/#primaryimage\"},\"thumbnailUrl\":\"https:\/\/lavoixdelanation.tg\/wp-content\/uploads\/2025\/06\/Tabaski-au-Togo.jpg\",\"datePublished\":\"2025-06-05T20:06:04+00:00\",\"dateModified\":\"2025-06-06T20:11:22+00:00\",\"breadcrumb\":{\"@id\":\"https:\/\/lavoixdelanation.tg\/index.php\/2025\/06\/05\/grand-lome-les-lieux-de-priere-pour-la-tabaski-2025-delocalises-au-terrain-du-cerfer-et-a-kegue\/#breadcrumb\"},\"inLanguage\":\"fr-FR\",\"potentialAction\":[{\"@type\":\"ReadAction\",\"target\":[\"https:\/\/lavoixdelanation.tg\/index.php\/2025\/06\/05\/grand-lome-les-lieux-de-priere-pour-la-tabaski-2025-delocalises-au-terrain-du-cerfer-et-a-kegue\/\"]}]},{\"@type\":\"ImageObject\",\"inLanguage\":\"fr-FR\",\"@id\":\"https:\/\/lavoixdelanation.tg\/index.php\/2025\/06\/05\/grand-lome-les-lieux-de-priere-pour-la-tabaski-2025-delocalises-au-terrain-du-cerfer-et-a-kegue\/#primaryimage\",\"url\":\"https:\/\/lavoixdelanation.tg\/wp-content\/uploads\/2025\/06\/Tabaski-au-Togo.jpg\",\"contentUrl\":\"https:\/\/lavoixdelanation.tg\/wp-content\/uploads\/2025\/06\/Tabaski-au-Togo.jpg\",\"width\":650,\"height\":368},{\"@type\":\"BreadcrumbList\",\"@id\":\"https:\/\/lavoixdelanation.tg\/index.php\/2025\/06\/05\/grand-lome-les-lieux-de-priere-pour-la-tabaski-2025-delocalises-au-terrain-du-cerfer-et-a-kegue\/#breadcrumb\",\"itemListElement\":[{\"@type\":\"ListItem\",\"position\":1,\"name\":\"Accueil\",\"item\":\"https:\/\/lavoixdelanation.tg\/\"},{\"@type\":\"ListItem\",\"position\":2,\"name\":\"Grand Lom\u00e9 : Les lieux de pri\u00e8re pour la Tabaski\u00a02025 d\u00e9localis\u00e9s au terrain du Cerfer et \u00e0 K\u00e9gu\u00e9\"}]},{\"@type\":\"WebSite\",\"@id\":\"https:\/\/lavoixdelanation.tg\/#website\",\"url\":\"https:\/\/lavoixdelanation.tg\/\",\"name\":\"La Voix de la Nation\",\"description\":\"R\u00e9c\u00e9piss\u00e9 n\u00b00108\/HAAC\/01-2024\/pl\/P\",\"publisher\":{\"@id\":\"https:\/\/lavoixdelanation.tg\/#organization\"},\"alternateName\":\"VON\",\"potentialAction\":[{\"@type\":\"SearchAction\",\"target\":{\"@type\":\"EntryPoint\",\"urlTemplate\":\"https:\/\/lavoixdelanation.tg\/?s={search_term_string}\"},\"query-input\":{\"@type\":\"PropertyValueSpecification\",\"valueRequired\":true,\"valueName\":\"search_term_string\"}}],\"inLanguage\":\"fr-FR\"},{\"@type\":\"Organization\",\"@id\":\"https:\/\/lavoixdelanation.tg\/#organization\",\"name\":\"La Voix de la Nation\",\"url\":\"https:\/\/lavoixdelanation.tg\/\",\"logo\":{\"@type\":\"ImageObject\",\"inLanguage\":\"fr-FR\",\"@id\":\"https:\/\/lavoixdelanation.tg\/#\/schema\/logo\/image\/\",\"url\":\"https:\/\/lavoixdelanation.tg\/wp-content\/uploads\/2024\/12\/lavn-1.png\",\"contentUrl\":\"https:\/\/lavoixdelanation.tg\/wp-content\/uploads\/2024\/12\/lavn-1.png\",\"width\":1024,\"height\":464,\"caption\":\"La Voix de la Nation\"},\"image\":{\"@id\":\"https:\/\/lavoixdelanation.tg\/#\/schema\/logo\/image\/\"},\"sameAs\":[\"https:\/\/www.facebook.com\/lavoixdelanation\"]},{\"@type\":\"Person\",\"@id\":\"https:\/\/lavoixdelanation.tg\/#\/schema\/person\/6c489293aa38053673a9e554acb6e224\",\"name\":\"La voix de la nation\",\"image\":{\"@type\":\"ImageObject\",\"inLanguage\":\"fr-FR\",\"@id\":\"https:\/\/lavoixdelanation.tg\/#\/schema\/person\/image\/\",\"url\":\"https:\/\/secure.gravatar.com\/avatar\/8aa135d4bbc794494cecaa8d483f6d6cc1023624868deaff686baed5e727a5a1?s=96&d=mm&r=g\",\"contentUrl\":\"https:\/\/secure.gravatar.com\/avatar\/8aa135d4bbc794494cecaa8d483f6d6cc1023624868deaff686baed5e727a5a1?s=96&d=mm&r=g\",\"caption\":\"La voix de la nation\"},\"sameAs\":[\"https:\/\/lavoixdelanation.tg\"],\"url\":\"https:\/\/lavoixdelanation.tg\/index.php\/author\/lavn\/\"}]}<\/script>\n<!-- \/ Yoast SEO plugin. -->","yoast_head_json":{"title":"Grand Lom\u00e9 : Les lieux de pri\u00e8re pour la Tabaski\u00a02025 d\u00e9localis\u00e9s au terrain du Cerfer et \u00e0 K\u00e9gu\u00e9 - La Voix de la Nation","robots":{"index":"index","follow":"follow","max-snippet":"max-snippet:-1","max-image-preview":"max-image-preview:large","max-video-preview":"max-video-preview:-1"},"canonical":"https:\/\/lavoixdelanation.tg\/index.php\/2025\/06\/05\/grand-lome-les-lieux-de-priere-pour-la-tabaski-2025-delocalises-au-terrain-du-cerfer-et-a-kegue\/","og_locale":"fr_FR","og_type":"article","og_title":"Grand Lom\u00e9 : Les lieux de pri\u00e8re pour la Tabaski\u00a02025 d\u00e9localis\u00e9s au terrain du Cerfer et \u00e0 K\u00e9gu\u00e9 - La Voix de la Nation","og_description":"Dans le Grand Lom\u00e9, les lieux de rassemblement pour la pri\u00e8re de la f\u00eate de Tabaski ce 06 juin 2025 annonc\u00e9s par l\u2019Union musulmane du Togo au Lyc\u00e9e de Tokoin&hellip;","og_url":"https:\/\/lavoixdelanation.tg\/index.php\/2025\/06\/05\/grand-lome-les-lieux-de-priere-pour-la-tabaski-2025-delocalises-au-terrain-du-cerfer-et-a-kegue\/","og_site_name":"La Voix de la Nation","article_publisher":"https:\/\/www.facebook.com\/lavoixdelanation","article_published_time":"2025-06-05T20:06:04+00:00","article_modified_time":"2025-06-06T20:11:22+00:00","og_image":[{"width":650,"height":368,"url":"https:\/\/lavoixdelanation.tg\/wp-content\/uploads\/2025\/06\/Tabaski-au-Togo.jpg","type":"image\/jpeg"}],"author":"La voix de la nation","twitter_card":"summary_large_image","twitter_misc":{"\u00c9crit par":"La voix de la nation","Dur\u00e9e de lecture estim\u00e9e":"2 minutes"},"schema":{"@context":"https:\/\/schema.org","@graph":[{"@type":"Article","@id":"https:\/\/lavoixdelanation.tg\/index.php\/2025\/06\/05\/grand-lome-les-lieux-de-priere-pour-la-tabaski-2025-delocalises-au-terrain-du-cerfer-et-a-kegue\/#article","isPartOf":{"@id":"https:\/\/lavoixdelanation.tg\/index.php\/2025\/06\/05\/grand-lome-les-lieux-de-priere-pour-la-tabaski-2025-delocalises-au-terrain-du-cerfer-et-a-kegue\/"},"author":{"name":"La voix de la nation","@id":"https:\/\/lavoixdelanation.tg\/#\/schema\/person\/6c489293aa38053673a9e554acb6e224"},"headline":"Grand Lom\u00e9 : Les lieux de pri\u00e8re pour la Tabaski\u00a02025 d\u00e9localis\u00e9s au terrain du Cerfer et \u00e0 K\u00e9gu\u00e9","datePublished":"2025-06-05T20:06:04+00:00","dateModified":"2025-06-06T20:11:22+00:00","mainEntityOfPage":{"@id":"https:\/\/lavoixdelanation.tg\/index.php\/2025\/06\/05\/grand-lome-les-lieux-de-priere-pour-la-tabaski-2025-delocalises-au-terrain-du-cerfer-et-a-kegue\/"},"wordCount":253,"commentCount":0,"publisher":{"@id":"https:\/\/lavoixdelanation.tg\/#organization"},"image":{"@id":"https:\/\/lavoixdelanation.tg\/index.php\/2025\/06\/05\/grand-lome-les-lieux-de-priere-pour-la-tabaski-2025-delocalises-au-terrain-du-cerfer-et-a-kegue\/#primaryimage"},"thumbnailUrl":"https:\/\/lavoixdelanation.tg\/wp-content\/uploads\/2025\/06\/Tabaski-au-Togo.jpg","keywords":["TABASKI","Togo","Union musulmane du Togo"],"articleSection":["Soci\u00e9t\u00e9"],"inLanguage":"fr-FR","potentialAction":[{"@type":"CommentAction","name":"Comment","target":["https:\/\/lavoixdelanation.tg\/index.php\/2025\/06\/05\/grand-lome-les-lieux-de-priere-pour-la-tabaski-2025-delocalises-au-terrain-du-cerfer-et-a-kegue\/#respond"]}]},{"@type":"WebPage","@id":"https:\/\/lavoixdelanation.tg\/index.php\/2025\/06\/05\/grand-lome-les-lieux-de-priere-pour-la-tabaski-2025-delocalises-au-terrain-du-cerfer-et-a-kegue\/","url":"https:\/\/lavoixdelanation.tg\/index.php\/2025\/06\/05\/grand-lome-les-lieux-de-priere-pour-la-tabaski-2025-delocalises-au-terrain-du-cerfer-et-a-kegue\/","name":"Grand Lom\u00e9 : Les lieux de pri\u00e8re pour la Tabaski\u00a02025 d\u00e9localis\u00e9s au terrain du Cerfer et \u00e0 K\u00e9gu\u00e9 - La Voix de la Nation","isPartOf":{"@id":"https:\/\/lavoixdelanation.tg\/#website"},"primaryImageOfPage":{"@id":"https:\/\/lavoixdelanation.tg\/index.php\/2025\/06\/05\/grand-lome-les-lieux-de-priere-pour-la-tabaski-2025-delocalises-au-terrain-du-cerfer-et-a-kegue\/#primaryimage"},"image":{"@id":"https:\/\/lavoixdelanation.tg\/index.php\/2025\/06\/05\/grand-lome-les-lieux-de-priere-pour-la-tabaski-2025-delocalises-au-terrain-du-cerfer-et-a-kegue\/#primaryimage"},"thumbnailUrl":"https:\/\/lavoixdelanation.tg\/wp-content\/uploads\/2025\/06\/Tabaski-au-Togo.jpg","datePublished":"2025-06-05T20:06:04+00:00","dateModified":"2025-06-06T20:11:22+00:00","breadcrumb":{"@id":"https:\/\/lavoixdelanation.tg\/index.php\/2025\/06\/05\/grand-lome-les-lieux-de-priere-pour-la-tabaski-2025-delocalises-au-terrain-du-cerfer-et-a-kegue\/#breadcrumb"},"inLanguage":"fr-FR","potentialAction":[{"@type":"ReadAction","target":["https:\/\/lavoixdelanation.tg\/index.php\/2025\/06\/05\/grand-lome-les-lieux-de-priere-pour-la-tabaski-2025-delocalises-au-terrain-du-cerfer-et-a-kegue\/"]}]},{"@type":"ImageObject","inLanguage":"fr-FR","@id":"https:\/\/lavoixdelanation.tg\/index.php\/2025\/06\/05\/grand-lome-les-lieux-de-priere-pour-la-tabaski-2025-delocalises-au-terrain-du-cerfer-et-a-kegue\/#primaryimage","url":"https:\/\/lavoixdelanation.tg\/wp-content\/uploads\/2025\/06\/Tabaski-au-Togo.jpg","contentUrl":"https:\/\/lavoixdelanation.tg\/wp-content\/uploads\/2025\/06\/Tabaski-au-Togo.jpg","width":650,"height":368},{"@type":"BreadcrumbList","@id":"https:\/\/lavoixdelanation.tg\/index.php\/2025\/06\/05\/grand-lome-les-lieux-de-priere-pour-la-tabaski-2025-delocalises-au-terrain-du-cerfer-et-a-kegue\/#breadcrumb","itemListElement":[{"@type":"ListItem","position":1,"name":"Accueil","item":"https:\/\/lavoixdelanation.tg\/"},{"@type":"ListItem","position":2,"name":"Grand Lom\u00e9 : Les lieux de pri\u00e8re pour la Tabaski\u00a02025 d\u00e9localis\u00e9s au terrain du Cerfer et \u00e0 K\u00e9gu\u00e9"}]},{"@type":"WebSite","@id":"https:\/\/lavoixdelanation.tg\/#website","url":"https:\/\/lavoixdelanation.tg\/","name":"La Voix de la Nation","description":"R\u00e9c\u00e9piss\u00e9 n\u00b00108\/HAAC\/01-2024\/pl\/P","publisher":{"@id":"https:\/\/lavoixdelanation.tg\/#organization"},"alternateName":"VON","potentialAction":[{"@type":"SearchAction","target":{"@type":"EntryPoint","urlTemplate":"https:\/\/lavoixdelanation.tg\/?s={search_term_string}"},"query-input":{"@type":"PropertyValueSpecification","valueRequired":true,"valueName":"search_term_string"}}],"inLanguage":"fr-FR"},{"@type":"Organization","@id":"https:\/\/lavoixdelanation.tg\/#organization","name":"La Voix de la Nation","url":"https:\/\/lavoixdelanation.tg\/","logo":{"@type":"ImageObject","inLanguage":"fr-FR","@id":"https:\/\/lavoixdelanation.tg\/#\/schema\/logo\/image\/","url":"https:\/\/lavoixdelanation.tg\/wp-content\/uploads\/2024\/12\/lavn-1.png","contentUrl":"https:\/\/lavoixdelanation.tg\/wp-content\/uploads\/2024\/12\/lavn-1.png","width":1024,"height":464,"caption":"La Voix de la Nation"},"image":{"@id":"https:\/\/lavoixdelanation.tg\/#\/schema\/logo\/image\/"},"sameAs":["https:\/\/www.facebook.com\/lavoixdelanation"]},{"@type":"Person","@id":"https:\/\/lavoixdelanation.tg\/#\/schema\/person\/6c489293aa38053673a9e554acb6e224","name":"La voix de la nation","image":{"@type":"ImageObject","inLanguage":"fr-FR","@id":"https:\/\/lavoixdelanation.tg\/#\/schema\/person\/image\/","url":"https:\/\/secure.gravatar.com\/avatar\/8aa135d4bbc794494cecaa8d483f6d6cc1023624868deaff686baed5e727a5a1?s=96&d=mm&r=g","contentUrl":"https:\/\/secure.gravatar.com\/avatar\/8aa135d4bbc794494cecaa8d483f6d6cc1023624868deaff686baed5e727a5a1?s=96&d=mm&r=g","caption":"La voix de la nation"},"sameAs":["https:\/\/lavoixdelanation.tg"],"url":"https:\/\/lavoixdelanation.tg\/index.php\/author\/lavn\/"}]}},"_links":{"self":[{"href":"https:\/\/lavoixdelanation.tg\/index.php\/wp-json\/wp\/v2\/posts\/3066","targetHints":{"allow":["GET"]}}],"collection":[{"href":"https:\/\/lavoixdelanation.tg\/index.php\/wp-json\/wp\/v2\/posts"}],"about":[{"href":"https:\/\/lavoixdelanation.tg\/index.php\/wp-json\/wp\/v2\/types\/post"}],"author":[{"embeddable":true,"href":"https:\/\/lavoixdelanation.tg\/index.php\/wp-json\/wp\/v2\/users\/1"}],"replies":[{"embeddable":true,"href":"https:\/\/lavoixdelanation.tg\/index.php\/wp-json\/wp\/v2\/comments?post=3066"}],"version-history":[{"count":1,"href":"https:\/\/lavoixdelanation.tg\/index.php\/wp-json\/wp\/v2\/posts\/3066\/revisions"}],"predecessor-version":[{"id":3068,"href":"https:\/\/lavoixdelanation.tg\/index.php\/wp-json\/wp\/v2\/posts\/3066\/revisions\/3068"}],"wp:featuredmedia":[{"embeddable":true,"href":"https:\/\/lavoixdelanation.tg\/index.php\/wp-json\/wp\/v2\/media\/3067"}],"wp:attachment":[{"href":"https:\/\/lavoixdelanation.tg\/index.php\/wp-json\/wp\/v2\/media?parent=3066"}],"wp:term":[{"taxonomy":"category","embeddable":true,"href":"https:\/\/lavoixdelanation.tg\/index.php\/wp-json\/wp\/v2\/categories?post=3066"},{"taxonomy":"post_tag","embeddable":true,"href":"https:\/\/lavoixdelanation.tg\/index.php\/wp-json\/wp\/v2\/tags?post=3066"}],"curies":[{"name":"wp","href":"https:\/\/api.w.org\/{rel}","templated":true}]}}