{"id":3048,"date":"2025-06-04T14:51:00","date_gmt":"2025-06-04T12:51:00","guid":{"rendered":"https:\/\/lavoixdelanation.tg\/?p=3048"},"modified":"2025-06-04T18:58:12","modified_gmt":"2025-06-04T16:58:12","slug":"echanges-diplomatiques-entre-faure-gnassingbe-et-la-cheffe-de-la-monusco","status":"publish","type":"post","link":"https:\/\/lavoixdelanation.tg\/index.php\/2025\/06\/04\/echanges-diplomatiques-entre-faure-gnassingbe-et-la-cheffe-de-la-monusco\/","title":{"rendered":"Echanges diplomatiques entre Faure Gnassingb\u00e9 et la cheffe de la MONUSCO"},"content":{"rendered":"\n<p><strong>Le Pr\u00e9sident du Conseil, Faure Gnassingb\u00e9 s\u2019est entretenu ce mardi 03 juin 2025 \u00e0 Lom\u00e9 avec Mme Bintou Keita, Repr\u00e9sentante sp\u00e9ciale du Secr\u00e9taire g\u00e9n\u00e9ral en R\u00e9publique d\u00e9mocratique du Congo et cheffe de la Mission de l\u2019Organisation des Nations Unies pour la Stabilisation en R\u00e9publique d\u00e9mocratique du Congo (MONUSCO).<\/strong><\/p>\n\n\n\n<p>Cette rencontre s\u2019inscrit dans le cadre des \u00e9changes diplomatiques visant \u00e0 renforcer les efforts pour la paix et la stabilit\u00e9 dans la r\u00e9gion des Grands Lacs.<\/p>\n\n\n\n<p>Avec Faure Gnassingb\u00e9, la Repr\u00e9sentante sp\u00e9ciale du Secr\u00e9taire g\u00e9n\u00e9ral des Nations unies a discut\u00e9 de la situation s\u00e9curitaire \u00e0 l\u2019Est de la R\u00e9publique D\u00e9mocratique du Congo (RDC).<\/p>\n\n\n\n<p>Selon la Pr\u00e9sidence de la R\u00e9publique, Mme Bintou Keita a salu\u00e9 les initiatives de m\u00e9diation du Pr\u00e9sident du Conseil pour favoriser une issue diplomatique \u00e0 la crise.&nbsp; Elle a r\u00e9affirm\u00e9 le soutien des Nations unies au Pr\u00e9sident du Conseil qui continue d\u2019\u0153uvrer pour une paix durable dans la r\u00e9gion.<\/p>\n\n\n\n<p>D\u00e9sign\u00e9 M\u00e9diateur de l\u2019Union africaine (UA) dans la crise en R\u00e9publique D\u00e9mocratique du Congo (RDC) en avril dernier, le Pr\u00e9sident du Conseil Faure Gnassingb\u00e9 ne cesse de multiplier les contacts et consultations avec les protagonistes et les partenaires r\u00e9gionaux et internationaux, en vue de cr\u00e9er les conditions favorables \u00e0 un dialogue inclusif et \u00e0 une solution pacifique durable.<\/p>\n","protected":false},"excerpt":{"rendered":"<p>Le Pr\u00e9sident du Conseil, Faure Gnassingb\u00e9 s\u2019est entretenu ce mardi 03 juin 2025 \u00e0 Lom\u00e9 avec Mme Bintou Keita, Repr\u00e9sentante sp\u00e9ciale du Secr\u00e9taire g\u00e9n\u00e9ral en R\u00e9publique d\u00e9mocratique du Congo et&hellip; <\/p>\n","protected":false},"author":1,"featured_media":3049,"comment_status":"open","ping_status":"open","sticky":false,"template":"","format":"standard","meta":{"footnotes":""},"categories":[12],"tags":[707,45,706],"class_list":["post-3048","post","type-post","status-publish","format-standard","has-post-thumbnail","hentry","category-diplomatie","tag-echanges-diplomatiques","tag-faure-gnassingbe","tag-monusco"],"yoast_head":"<!-- This site is optimized with the Yoast SEO plugin v26.4 - https:\/\/yoast.com\/wordpress\/plugins\/seo\/ -->\n<title>Echanges diplomatiques entre Faure Gnassingb\u00e9 et la cheffe de la MONUSCO - La Voix de la Nation<\/title>\n<meta name=\"robots\" content=\"index, follow, max-snippet:-1, max-image-preview:large, max-video-preview:-1\" \/>\n<link rel=\"canonical\" href=\"https:\/\/lavoixdelanation.tg\/index.php\/2025\/06\/04\/echanges-diplomatiques-entre-faure-gnassingbe-et-la-cheffe-de-la-monusco\/\" \/>\n<meta property=\"og:locale\" content=\"fr_FR\" \/>\n<meta property=\"og:type\" content=\"article\" \/>\n<meta property=\"og:title\" content=\"Echanges diplomatiques entre Faure Gnassingb\u00e9 et la cheffe de la MONUSCO - La Voix de la Nation\" \/>\n<meta property=\"og:description\" content=\"Le Pr\u00e9sident du Conseil, Faure Gnassingb\u00e9 s\u2019est entretenu ce mardi 03 juin 2025 \u00e0 Lom\u00e9 avec Mme Bintou Keita, Repr\u00e9sentante sp\u00e9ciale du Secr\u00e9taire g\u00e9n\u00e9ral en R\u00e9publique d\u00e9mocratique du Congo et&hellip;\" \/>\n<meta property=\"og:url\" content=\"https:\/\/lavoixdelanation.tg\/index.php\/2025\/06\/04\/echanges-diplomatiques-entre-faure-gnassingbe-et-la-cheffe-de-la-monusco\/\" \/>\n<meta property=\"og:site_name\" content=\"La Voix de la Nation\" \/>\n<meta property=\"article:publisher\" content=\"https:\/\/www.facebook.com\/lavoixdelanation\" \/>\n<meta property=\"article:published_time\" content=\"2025-06-04T12:51:00+00:00\" \/>\n<meta property=\"article:modified_time\" content=\"2025-06-04T16:58:12+00:00\" \/>\n<meta property=\"og:image\" content=\"https:\/\/lavoixdelanation.tg\/wp-content\/uploads\/2025\/06\/Mme-Bintou-Keita-et-Faure-Gnassingbe-a-Lome.jpg\" \/>\n\t<meta property=\"og:image:width\" content=\"1600\" \/>\n\t<meta property=\"og:image:height\" content=\"1173\" \/>\n\t<meta property=\"og:image:type\" content=\"image\/jpeg\" \/>\n<meta name=\"author\" content=\"La voix de la nation\" \/>\n<meta name=\"twitter:card\" content=\"summary_large_image\" \/>\n<meta name=\"twitter:label1\" content=\"\u00c9crit par\" \/>\n\t<meta name=\"twitter:data1\" content=\"La voix de la nation\" \/>\n\t<meta name=\"twitter:label2\" content=\"Dur\u00e9e de lecture estim\u00e9e\" \/>\n\t<meta name=\"twitter:data2\" content=\"2 minutes\" \/>\n<script type=\"application\/ld+json\" class=\"yoast-schema-graph\">{\"@context\":\"https:\/\/schema.org\",\"@graph\":[{\"@type\":\"Article\",\"@id\":\"https:\/\/lavoixdelanation.tg\/index.php\/2025\/06\/04\/echanges-diplomatiques-entre-faure-gnassingbe-et-la-cheffe-de-la-monusco\/#article\",\"isPartOf\":{\"@id\":\"https:\/\/lavoixdelanation.tg\/index.php\/2025\/06\/04\/echanges-diplomatiques-entre-faure-gnassingbe-et-la-cheffe-de-la-monusco\/\"},\"author\":{\"name\":\"La voix de la nation\",\"@id\":\"https:\/\/lavoixdelanation.tg\/#\/schema\/person\/6c489293aa38053673a9e554acb6e224\"},\"headline\":\"Echanges diplomatiques entre Faure Gnassingb\u00e9 et la cheffe de la MONUSCO\",\"datePublished\":\"2025-06-04T12:51:00+00:00\",\"dateModified\":\"2025-06-04T16:58:12+00:00\",\"mainEntityOfPage\":{\"@id\":\"https:\/\/lavoixdelanation.tg\/index.php\/2025\/06\/04\/echanges-diplomatiques-entre-faure-gnassingbe-et-la-cheffe-de-la-monusco\/\"},\"wordCount\":251,\"commentCount\":0,\"publisher\":{\"@id\":\"https:\/\/lavoixdelanation.tg\/#organization\"},\"image\":{\"@id\":\"https:\/\/lavoixdelanation.tg\/index.php\/2025\/06\/04\/echanges-diplomatiques-entre-faure-gnassingbe-et-la-cheffe-de-la-monusco\/#primaryimage\"},\"thumbnailUrl\":\"https:\/\/lavoixdelanation.tg\/wp-content\/uploads\/2025\/06\/Mme-Bintou-Keita-et-Faure-Gnassingbe-a-Lome.jpg\",\"keywords\":[\"Echanges diplomatiques\",\"Faure Gnassingb\u00e9\",\"MONUSCO\"],\"articleSection\":[\"Diplomatie\"],\"inLanguage\":\"fr-FR\",\"potentialAction\":[{\"@type\":\"CommentAction\",\"name\":\"Comment\",\"target\":[\"https:\/\/lavoixdelanation.tg\/index.php\/2025\/06\/04\/echanges-diplomatiques-entre-faure-gnassingbe-et-la-cheffe-de-la-monusco\/#respond\"]}]},{\"@type\":\"WebPage\",\"@id\":\"https:\/\/lavoixdelanation.tg\/index.php\/2025\/06\/04\/echanges-diplomatiques-entre-faure-gnassingbe-et-la-cheffe-de-la-monusco\/\",\"url\":\"https:\/\/lavoixdelanation.tg\/index.php\/2025\/06\/04\/echanges-diplomatiques-entre-faure-gnassingbe-et-la-cheffe-de-la-monusco\/\",\"name\":\"Echanges diplomatiques entre Faure Gnassingb\u00e9 et la cheffe de la MONUSCO - La Voix de la Nation\",\"isPartOf\":{\"@id\":\"https:\/\/lavoixdelanation.tg\/#website\"},\"primaryImageOfPage\":{\"@id\":\"https:\/\/lavoixdelanation.tg\/index.php\/2025\/06\/04\/echanges-diplomatiques-entre-faure-gnassingbe-et-la-cheffe-de-la-monusco\/#primaryimage\"},\"image\":{\"@id\":\"https:\/\/lavoixdelanation.tg\/index.php\/2025\/06\/04\/echanges-diplomatiques-entre-faure-gnassingbe-et-la-cheffe-de-la-monusco\/#primaryimage\"},\"thumbnailUrl\":\"https:\/\/lavoixdelanation.tg\/wp-content\/uploads\/2025\/06\/Mme-Bintou-Keita-et-Faure-Gnassingbe-a-Lome.jpg\",\"datePublished\":\"2025-06-04T12:51:00+00:00\",\"dateModified\":\"2025-06-04T16:58:12+00:00\",\"breadcrumb\":{\"@id\":\"https:\/\/lavoixdelanation.tg\/index.php\/2025\/06\/04\/echanges-diplomatiques-entre-faure-gnassingbe-et-la-cheffe-de-la-monusco\/#breadcrumb\"},\"inLanguage\":\"fr-FR\",\"potentialAction\":[{\"@type\":\"ReadAction\",\"target\":[\"https:\/\/lavoixdelanation.tg\/index.php\/2025\/06\/04\/echanges-diplomatiques-entre-faure-gnassingbe-et-la-cheffe-de-la-monusco\/\"]}]},{\"@type\":\"ImageObject\",\"inLanguage\":\"fr-FR\",\"@id\":\"https:\/\/lavoixdelanation.tg\/index.php\/2025\/06\/04\/echanges-diplomatiques-entre-faure-gnassingbe-et-la-cheffe-de-la-monusco\/#primaryimage\",\"url\":\"https:\/\/lavoixdelanation.tg\/wp-content\/uploads\/2025\/06\/Mme-Bintou-Keita-et-Faure-Gnassingbe-a-Lome.jpg\",\"contentUrl\":\"https:\/\/lavoixdelanation.tg\/wp-content\/uploads\/2025\/06\/Mme-Bintou-Keita-et-Faure-Gnassingbe-a-Lome.jpg\",\"width\":1600,\"height\":1173},{\"@type\":\"BreadcrumbList\",\"@id\":\"https:\/\/lavoixdelanation.tg\/index.php\/2025\/06\/04\/echanges-diplomatiques-entre-faure-gnassingbe-et-la-cheffe-de-la-monusco\/#breadcrumb\",\"itemListElement\":[{\"@type\":\"ListItem\",\"position\":1,\"name\":\"Accueil\",\"item\":\"https:\/\/lavoixdelanation.tg\/\"},{\"@type\":\"ListItem\",\"position\":2,\"name\":\"Echanges diplomatiques entre Faure Gnassingb\u00e9 et la cheffe de la MONUSCO\"}]},{\"@type\":\"WebSite\",\"@id\":\"https:\/\/lavoixdelanation.tg\/#website\",\"url\":\"https:\/\/lavoixdelanation.tg\/\",\"name\":\"La Voix de la Nation\",\"description\":\"R\u00e9c\u00e9piss\u00e9 n\u00b00108\/HAAC\/01-2024\/pl\/P\",\"publisher\":{\"@id\":\"https:\/\/lavoixdelanation.tg\/#organization\"},\"alternateName\":\"VON\",\"potentialAction\":[{\"@type\":\"SearchAction\",\"target\":{\"@type\":\"EntryPoint\",\"urlTemplate\":\"https:\/\/lavoixdelanation.tg\/?s={search_term_string}\"},\"query-input\":{\"@type\":\"PropertyValueSpecification\",\"valueRequired\":true,\"valueName\":\"search_term_string\"}}],\"inLanguage\":\"fr-FR\"},{\"@type\":\"Organization\",\"@id\":\"https:\/\/lavoixdelanation.tg\/#organization\",\"name\":\"La Voix de la Nation\",\"url\":\"https:\/\/lavoixdelanation.tg\/\",\"logo\":{\"@type\":\"ImageObject\",\"inLanguage\":\"fr-FR\",\"@id\":\"https:\/\/lavoixdelanation.tg\/#\/schema\/logo\/image\/\",\"url\":\"https:\/\/lavoixdelanation.tg\/wp-content\/uploads\/2024\/12\/lavn-1.png\",\"contentUrl\":\"https:\/\/lavoixdelanation.tg\/wp-content\/uploads\/2024\/12\/lavn-1.png\",\"width\":1024,\"height\":464,\"caption\":\"La Voix de la Nation\"},\"image\":{\"@id\":\"https:\/\/lavoixdelanation.tg\/#\/schema\/logo\/image\/\"},\"sameAs\":[\"https:\/\/www.facebook.com\/lavoixdelanation\"]},{\"@type\":\"Person\",\"@id\":\"https:\/\/lavoixdelanation.tg\/#\/schema\/person\/6c489293aa38053673a9e554acb6e224\",\"name\":\"La voix de la nation\",\"image\":{\"@type\":\"ImageObject\",\"inLanguage\":\"fr-FR\",\"@id\":\"https:\/\/lavoixdelanation.tg\/#\/schema\/person\/image\/\",\"url\":\"https:\/\/secure.gravatar.com\/avatar\/8aa135d4bbc794494cecaa8d483f6d6cc1023624868deaff686baed5e727a5a1?s=96&d=mm&r=g\",\"contentUrl\":\"https:\/\/secure.gravatar.com\/avatar\/8aa135d4bbc794494cecaa8d483f6d6cc1023624868deaff686baed5e727a5a1?s=96&d=mm&r=g\",\"caption\":\"La voix de la nation\"},\"sameAs\":[\"https:\/\/lavoixdelanation.tg\"],\"url\":\"https:\/\/lavoixdelanation.tg\/index.php\/author\/lavn\/\"}]}<\/script>\n<!-- \/ Yoast SEO plugin. -->","yoast_head_json":{"title":"Echanges diplomatiques entre Faure Gnassingb\u00e9 et la cheffe de la MONUSCO - La Voix de la Nation","robots":{"index":"index","follow":"follow","max-snippet":"max-snippet:-1","max-image-preview":"max-image-preview:large","max-video-preview":"max-video-preview:-1"},"canonical":"https:\/\/lavoixdelanation.tg\/index.php\/2025\/06\/04\/echanges-diplomatiques-entre-faure-gnassingbe-et-la-cheffe-de-la-monusco\/","og_locale":"fr_FR","og_type":"article","og_title":"Echanges diplomatiques entre Faure Gnassingb\u00e9 et la cheffe de la MONUSCO - La Voix de la Nation","og_description":"Le Pr\u00e9sident du Conseil, Faure Gnassingb\u00e9 s\u2019est entretenu ce mardi 03 juin 2025 \u00e0 Lom\u00e9 avec Mme Bintou Keita, Repr\u00e9sentante sp\u00e9ciale du Secr\u00e9taire g\u00e9n\u00e9ral en R\u00e9publique d\u00e9mocratique du Congo et&hellip;","og_url":"https:\/\/lavoixdelanation.tg\/index.php\/2025\/06\/04\/echanges-diplomatiques-entre-faure-gnassingbe-et-la-cheffe-de-la-monusco\/","og_site_name":"La Voix de la Nation","article_publisher":"https:\/\/www.facebook.com\/lavoixdelanation","article_published_time":"2025-06-04T12:51:00+00:00","article_modified_time":"2025-06-04T16:58:12+00:00","og_image":[{"width":1600,"height":1173,"url":"https:\/\/lavoixdelanation.tg\/wp-content\/uploads\/2025\/06\/Mme-Bintou-Keita-et-Faure-Gnassingbe-a-Lome.jpg","type":"image\/jpeg"}],"author":"La voix de la nation","twitter_card":"summary_large_image","twitter_misc":{"\u00c9crit par":"La voix de la nation","Dur\u00e9e de lecture estim\u00e9e":"2 minutes"},"schema":{"@context":"https:\/\/schema.org","@graph":[{"@type":"Article","@id":"https:\/\/lavoixdelanation.tg\/index.php\/2025\/06\/04\/echanges-diplomatiques-entre-faure-gnassingbe-et-la-cheffe-de-la-monusco\/#article","isPartOf":{"@id":"https:\/\/lavoixdelanation.tg\/index.php\/2025\/06\/04\/echanges-diplomatiques-entre-faure-gnassingbe-et-la-cheffe-de-la-monusco\/"},"author":{"name":"La voix de la nation","@id":"https:\/\/lavoixdelanation.tg\/#\/schema\/person\/6c489293aa38053673a9e554acb6e224"},"headline":"Echanges diplomatiques entre Faure Gnassingb\u00e9 et la cheffe de la MONUSCO","datePublished":"2025-06-04T12:51:00+00:00","dateModified":"2025-06-04T16:58:12+00:00","mainEntityOfPage":{"@id":"https:\/\/lavoixdelanation.tg\/index.php\/2025\/06\/04\/echanges-diplomatiques-entre-faure-gnassingbe-et-la-cheffe-de-la-monusco\/"},"wordCount":251,"commentCount":0,"publisher":{"@id":"https:\/\/lavoixdelanation.tg\/#organization"},"image":{"@id":"https:\/\/lavoixdelanation.tg\/index.php\/2025\/06\/04\/echanges-diplomatiques-entre-faure-gnassingbe-et-la-cheffe-de-la-monusco\/#primaryimage"},"thumbnailUrl":"https:\/\/lavoixdelanation.tg\/wp-content\/uploads\/2025\/06\/Mme-Bintou-Keita-et-Faure-Gnassingbe-a-Lome.jpg","keywords":["Echanges diplomatiques","Faure Gnassingb\u00e9","MONUSCO"],"articleSection":["Diplomatie"],"inLanguage":"fr-FR","potentialAction":[{"@type":"CommentAction","name":"Comment","target":["https:\/\/lavoixdelanation.tg\/index.php\/2025\/06\/04\/echanges-diplomatiques-entre-faure-gnassingbe-et-la-cheffe-de-la-monusco\/#respond"]}]},{"@type":"WebPage","@id":"https:\/\/lavoixdelanation.tg\/index.php\/2025\/06\/04\/echanges-diplomatiques-entre-faure-gnassingbe-et-la-cheffe-de-la-monusco\/","url":"https:\/\/lavoixdelanation.tg\/index.php\/2025\/06\/04\/echanges-diplomatiques-entre-faure-gnassingbe-et-la-cheffe-de-la-monusco\/","name":"Echanges diplomatiques entre Faure Gnassingb\u00e9 et la cheffe de la MONUSCO - La Voix de la Nation","isPartOf":{"@id":"https:\/\/lavoixdelanation.tg\/#website"},"primaryImageOfPage":{"@id":"https:\/\/lavoixdelanation.tg\/index.php\/2025\/06\/04\/echanges-diplomatiques-entre-faure-gnassingbe-et-la-cheffe-de-la-monusco\/#primaryimage"},"image":{"@id":"https:\/\/lavoixdelanation.tg\/index.php\/2025\/06\/04\/echanges-diplomatiques-entre-faure-gnassingbe-et-la-cheffe-de-la-monusco\/#primaryimage"},"thumbnailUrl":"https:\/\/lavoixdelanation.tg\/wp-content\/uploads\/2025\/06\/Mme-Bintou-Keita-et-Faure-Gnassingbe-a-Lome.jpg","datePublished":"2025-06-04T12:51:00+00:00","dateModified":"2025-06-04T16:58:12+00:00","breadcrumb":{"@id":"https:\/\/lavoixdelanation.tg\/index.php\/2025\/06\/04\/echanges-diplomatiques-entre-faure-gnassingbe-et-la-cheffe-de-la-monusco\/#breadcrumb"},"inLanguage":"fr-FR","potentialAction":[{"@type":"ReadAction","target":["https:\/\/lavoixdelanation.tg\/index.php\/2025\/06\/04\/echanges-diplomatiques-entre-faure-gnassingbe-et-la-cheffe-de-la-monusco\/"]}]},{"@type":"ImageObject","inLanguage":"fr-FR","@id":"https:\/\/lavoixdelanation.tg\/index.php\/2025\/06\/04\/echanges-diplomatiques-entre-faure-gnassingbe-et-la-cheffe-de-la-monusco\/#primaryimage","url":"https:\/\/lavoixdelanation.tg\/wp-content\/uploads\/2025\/06\/Mme-Bintou-Keita-et-Faure-Gnassingbe-a-Lome.jpg","contentUrl":"https:\/\/lavoixdelanation.tg\/wp-content\/uploads\/2025\/06\/Mme-Bintou-Keita-et-Faure-Gnassingbe-a-Lome.jpg","width":1600,"height":1173},{"@type":"BreadcrumbList","@id":"https:\/\/lavoixdelanation.tg\/index.php\/2025\/06\/04\/echanges-diplomatiques-entre-faure-gnassingbe-et-la-cheffe-de-la-monusco\/#breadcrumb","itemListElement":[{"@type":"ListItem","position":1,"name":"Accueil","item":"https:\/\/lavoixdelanation.tg\/"},{"@type":"ListItem","position":2,"name":"Echanges diplomatiques entre Faure Gnassingb\u00e9 et la cheffe de la MONUSCO"}]},{"@type":"WebSite","@id":"https:\/\/lavoixdelanation.tg\/#website","url":"https:\/\/lavoixdelanation.tg\/","name":"La Voix de la Nation","description":"R\u00e9c\u00e9piss\u00e9 n\u00b00108\/HAAC\/01-2024\/pl\/P","publisher":{"@id":"https:\/\/lavoixdelanation.tg\/#organization"},"alternateName":"VON","potentialAction":[{"@type":"SearchAction","target":{"@type":"EntryPoint","urlTemplate":"https:\/\/lavoixdelanation.tg\/?s={search_term_string}"},"query-input":{"@type":"PropertyValueSpecification","valueRequired":true,"valueName":"search_term_string"}}],"inLanguage":"fr-FR"},{"@type":"Organization","@id":"https:\/\/lavoixdelanation.tg\/#organization","name":"La Voix de la Nation","url":"https:\/\/lavoixdelanation.tg\/","logo":{"@type":"ImageObject","inLanguage":"fr-FR","@id":"https:\/\/lavoixdelanation.tg\/#\/schema\/logo\/image\/","url":"https:\/\/lavoixdelanation.tg\/wp-content\/uploads\/2024\/12\/lavn-1.png","contentUrl":"https:\/\/lavoixdelanation.tg\/wp-content\/uploads\/2024\/12\/lavn-1.png","width":1024,"height":464,"caption":"La Voix de la Nation"},"image":{"@id":"https:\/\/lavoixdelanation.tg\/#\/schema\/logo\/image\/"},"sameAs":["https:\/\/www.facebook.com\/lavoixdelanation"]},{"@type":"Person","@id":"https:\/\/lavoixdelanation.tg\/#\/schema\/person\/6c489293aa38053673a9e554acb6e224","name":"La voix de la nation","image":{"@type":"ImageObject","inLanguage":"fr-FR","@id":"https:\/\/lavoixdelanation.tg\/#\/schema\/person\/image\/","url":"https:\/\/secure.gravatar.com\/avatar\/8aa135d4bbc794494cecaa8d483f6d6cc1023624868deaff686baed5e727a5a1?s=96&d=mm&r=g","contentUrl":"https:\/\/secure.gravatar.com\/avatar\/8aa135d4bbc794494cecaa8d483f6d6cc1023624868deaff686baed5e727a5a1?s=96&d=mm&r=g","caption":"La voix de la nation"},"sameAs":["https:\/\/lavoixdelanation.tg"],"url":"https:\/\/lavoixdelanation.tg\/index.php\/author\/lavn\/"}]}},"_links":{"self":[{"href":"https:\/\/lavoixdelanation.tg\/index.php\/wp-json\/wp\/v2\/posts\/3048","targetHints":{"allow":["GET"]}}],"collection":[{"href":"https:\/\/lavoixdelanation.tg\/index.php\/wp-json\/wp\/v2\/posts"}],"about":[{"href":"https:\/\/lavoixdelanation.tg\/index.php\/wp-json\/wp\/v2\/types\/post"}],"author":[{"embeddable":true,"href":"https:\/\/lavoixdelanation.tg\/index.php\/wp-json\/wp\/v2\/users\/1"}],"replies":[{"embeddable":true,"href":"https:\/\/lavoixdelanation.tg\/index.php\/wp-json\/wp\/v2\/comments?post=3048"}],"version-history":[{"count":1,"href":"https:\/\/lavoixdelanation.tg\/index.php\/wp-json\/wp\/v2\/posts\/3048\/revisions"}],"predecessor-version":[{"id":3050,"href":"https:\/\/lavoixdelanation.tg\/index.php\/wp-json\/wp\/v2\/posts\/3048\/revisions\/3050"}],"wp:featuredmedia":[{"embeddable":true,"href":"https:\/\/lavoixdelanation.tg\/index.php\/wp-json\/wp\/v2\/media\/3049"}],"wp:attachment":[{"href":"https:\/\/lavoixdelanation.tg\/index.php\/wp-json\/wp\/v2\/media?parent=3048"}],"wp:term":[{"taxonomy":"category","embeddable":true,"href":"https:\/\/lavoixdelanation.tg\/index.php\/wp-json\/wp\/v2\/categories?post=3048"},{"taxonomy":"post_tag","embeddable":true,"href":"https:\/\/lavoixdelanation.tg\/index.php\/wp-json\/wp\/v2\/tags?post=3048"}],"curies":[{"name":"wp","href":"https:\/\/api.w.org\/{rel}","templated":true}]}}