{"id":3045,"date":"2025-06-04T18:40:20","date_gmt":"2025-06-04T16:40:20","guid":{"rendered":"https:\/\/lavoixdelanation.tg\/?p=3045"},"modified":"2025-06-04T18:40:21","modified_gmt":"2025-06-04T16:40:21","slug":"municipales-2025-les-listes-provisoires-des-candidatures-disponibles-des-ce-jeudi-05-juin","status":"publish","type":"post","link":"https:\/\/lavoixdelanation.tg\/index.php\/2025\/06\/04\/municipales-2025-les-listes-provisoires-des-candidatures-disponibles-des-ce-jeudi-05-juin\/","title":{"rendered":"Municipales 2025\u00a0: Les listes provisoires des candidatures disponibles d\u00e8s ce jeudi 05 juin"},"content":{"rendered":"\n<p><strong>Dans le cadre des prochaines \u00e9lections municipales, les listes provisoires des candidatures accept\u00e9es par la Commission Electorale Nationale Ind\u00e9pendante (CENI) seront publi\u00e9es dans chaque CELI le jeudi 05 juin 2025 \u00e0 partir de 15 h 00.<\/strong><\/p>\n\n\n\n<p>L\u2019information est port\u00e9e \u00e0 la connaissance des candidats par le Pr\u00e9sident de la CENI Dago Yabr\u00e9 \u00e0 travers un communiqu\u00e9 en date de ce mercredi 04 juin 2025.<\/p>\n\n\n\n<p>Les candidats sont donc pri\u00e9s de consulter ces listes provisoires affich\u00e9es. En cas de contestation, le candidat en t\u00eate de liste se pourvoit imm\u00e9diatement devant la Cour supr\u00eame qui rend sa d\u00e9cision dans les soixante-douze (72) heures.<\/p>\n\n\n\n<p>\u00ab&nbsp;Dans les quarante-huit heures (48h) qui suivent l&rsquo;affichage des listes provisoires des candidatures accept\u00e9es par la CENI, le candidat en t\u00eate de liste verse au Tr\u00e9sor public, pour chaque candidat(e) de la liste, la caution dont le montant est de vingt-cinq mille (25 000) Francs CFA, pour les candidats de sexe masculin et de douze mille cinq cent (12 500) Francs CFA, pour les candidats de sexe f\u00e9minin&nbsp;\u00bb, rappelle le pr\u00e9sident de la CENI.<\/p>\n\n\n\n<p>\u00ab&nbsp;Le non-versement de cette caution entra\u00eene l&rsquo;annulation de la candidature. La pr\u00e9sentation \u00e0 la CELI de l&rsquo;original de la quittance de paiement de la caution constitue la preuve de paiement. Un r\u00e9c\u00e9piss\u00e9 d\u00e9finitif est d\u00e9livr\u00e9 au candidat en t\u00eate de liste sur pr\u00e9sentation de la quittance de paiement de la caution&nbsp;\u00bb, a-t-il pr\u00e9cis\u00e9, souhaitant une bonne chance \u00e0 tous les candidats.<\/p>\n","protected":false},"excerpt":{"rendered":"<p>Dans le cadre des prochaines \u00e9lections municipales, les listes provisoires des candidatures accept\u00e9es par la Commission Electorale Nationale Ind\u00e9pendante (CENI) seront publi\u00e9es dans chaque CELI le jeudi 05 juin 2025&hellip; <\/p>\n","protected":false},"author":1,"featured_media":3046,"comment_status":"open","ping_status":"open","sticky":false,"template":"","format":"standard","meta":{"footnotes":""},"categories":[21],"tags":[57,468,654,39],"class_list":["post-3045","post","type-post","status-publish","format-standard","has-post-thumbnail","hentry","category-politique","tag-ceni","tag-listes-electorales","tag-municipales-2025","tag-togo"],"yoast_head":"<!-- This site is optimized with the Yoast SEO plugin v26.4 - https:\/\/yoast.com\/wordpress\/plugins\/seo\/ -->\n<title>Municipales 2025\u00a0: Les listes provisoires des candidatures disponibles d\u00e8s ce jeudi 05 juin - La Voix de la Nation<\/title>\n<meta name=\"description\" content=\"Dans le cadre des prochaines \u00e9lections municipales, les listes provisoires des candidatures accept\u00e9es par la Commission Electorale Nationale Ind\u00e9pendante (CENI) seront publi\u00e9es dans chaque CELI le jeudi 05 juin 2025 \u00e0 partir de 15 h 00.\" \/>\n<meta name=\"robots\" content=\"index, follow, max-snippet:-1, max-image-preview:large, max-video-preview:-1\" \/>\n<link rel=\"canonical\" href=\"https:\/\/lavoixdelanation.tg\/index.php\/2025\/06\/04\/municipales-2025-les-listes-provisoires-des-candidatures-disponibles-des-ce-jeudi-05-juin\/\" \/>\n<meta property=\"og:locale\" content=\"fr_FR\" \/>\n<meta property=\"og:type\" content=\"article\" \/>\n<meta property=\"og:title\" content=\"Municipales 2025\u00a0: Les listes provisoires des candidatures disponibles d\u00e8s ce jeudi 05 juin - La Voix de la Nation\" \/>\n<meta property=\"og:description\" content=\"Dans le cadre des prochaines \u00e9lections municipales, les listes provisoires des candidatures accept\u00e9es par la Commission Electorale Nationale Ind\u00e9pendante (CENI) seront publi\u00e9es dans chaque CELI le jeudi 05 juin 2025 \u00e0 partir de 15 h 00.\" \/>\n<meta property=\"og:url\" content=\"https:\/\/lavoixdelanation.tg\/index.php\/2025\/06\/04\/municipales-2025-les-listes-provisoires-des-candidatures-disponibles-des-ce-jeudi-05-juin\/\" \/>\n<meta property=\"og:site_name\" content=\"La Voix de la Nation\" \/>\n<meta property=\"article:publisher\" content=\"https:\/\/www.facebook.com\/lavoixdelanation\" \/>\n<meta property=\"article:published_time\" content=\"2025-06-04T16:40:20+00:00\" \/>\n<meta property=\"article:modified_time\" content=\"2025-06-04T16:40:21+00:00\" \/>\n<meta property=\"og:image\" content=\"https:\/\/lavoixdelanation.tg\/wp-content\/uploads\/2025\/06\/Siege-de-la-CENI-a-Lome.jpg\" \/>\n\t<meta property=\"og:image:width\" content=\"650\" \/>\n\t<meta property=\"og:image:height\" content=\"370\" \/>\n\t<meta property=\"og:image:type\" content=\"image\/jpeg\" \/>\n<meta name=\"author\" content=\"La voix de la nation\" \/>\n<meta name=\"twitter:card\" content=\"summary_large_image\" \/>\n<meta name=\"twitter:label1\" content=\"\u00c9crit par\" \/>\n\t<meta name=\"twitter:data1\" content=\"La voix de la nation\" \/>\n\t<meta name=\"twitter:label2\" content=\"Dur\u00e9e de lecture estim\u00e9e\" \/>\n\t<meta name=\"twitter:data2\" content=\"2 minutes\" \/>\n<script type=\"application\/ld+json\" class=\"yoast-schema-graph\">{\"@context\":\"https:\/\/schema.org\",\"@graph\":[{\"@type\":\"Article\",\"@id\":\"https:\/\/lavoixdelanation.tg\/index.php\/2025\/06\/04\/municipales-2025-les-listes-provisoires-des-candidatures-disponibles-des-ce-jeudi-05-juin\/#article\",\"isPartOf\":{\"@id\":\"https:\/\/lavoixdelanation.tg\/index.php\/2025\/06\/04\/municipales-2025-les-listes-provisoires-des-candidatures-disponibles-des-ce-jeudi-05-juin\/\"},\"author\":{\"name\":\"La voix de la nation\",\"@id\":\"https:\/\/lavoixdelanation.tg\/#\/schema\/person\/6c489293aa38053673a9e554acb6e224\"},\"headline\":\"Municipales 2025\u00a0: Les listes provisoires des candidatures disponibles d\u00e8s ce jeudi 05 juin\",\"datePublished\":\"2025-06-04T16:40:20+00:00\",\"dateModified\":\"2025-06-04T16:40:21+00:00\",\"mainEntityOfPage\":{\"@id\":\"https:\/\/lavoixdelanation.tg\/index.php\/2025\/06\/04\/municipales-2025-les-listes-provisoires-des-candidatures-disponibles-des-ce-jeudi-05-juin\/\"},\"wordCount\":266,\"commentCount\":0,\"publisher\":{\"@id\":\"https:\/\/lavoixdelanation.tg\/#organization\"},\"image\":{\"@id\":\"https:\/\/lavoixdelanation.tg\/index.php\/2025\/06\/04\/municipales-2025-les-listes-provisoires-des-candidatures-disponibles-des-ce-jeudi-05-juin\/#primaryimage\"},\"thumbnailUrl\":\"https:\/\/lavoixdelanation.tg\/wp-content\/uploads\/2025\/06\/Siege-de-la-CENI-a-Lome.jpg\",\"keywords\":[\"CENI\",\"Listes \u00e9lectorales\",\"Municipales 2025\",\"Togo\"],\"articleSection\":[\"Politique\"],\"inLanguage\":\"fr-FR\",\"potentialAction\":[{\"@type\":\"CommentAction\",\"name\":\"Comment\",\"target\":[\"https:\/\/lavoixdelanation.tg\/index.php\/2025\/06\/04\/municipales-2025-les-listes-provisoires-des-candidatures-disponibles-des-ce-jeudi-05-juin\/#respond\"]}]},{\"@type\":\"WebPage\",\"@id\":\"https:\/\/lavoixdelanation.tg\/index.php\/2025\/06\/04\/municipales-2025-les-listes-provisoires-des-candidatures-disponibles-des-ce-jeudi-05-juin\/\",\"url\":\"https:\/\/lavoixdelanation.tg\/index.php\/2025\/06\/04\/municipales-2025-les-listes-provisoires-des-candidatures-disponibles-des-ce-jeudi-05-juin\/\",\"name\":\"Municipales 2025\u00a0: Les listes provisoires des candidatures disponibles d\u00e8s ce jeudi 05 juin - La Voix de la Nation\",\"isPartOf\":{\"@id\":\"https:\/\/lavoixdelanation.tg\/#website\"},\"primaryImageOfPage\":{\"@id\":\"https:\/\/lavoixdelanation.tg\/index.php\/2025\/06\/04\/municipales-2025-les-listes-provisoires-des-candidatures-disponibles-des-ce-jeudi-05-juin\/#primaryimage\"},\"image\":{\"@id\":\"https:\/\/lavoixdelanation.tg\/index.php\/2025\/06\/04\/municipales-2025-les-listes-provisoires-des-candidatures-disponibles-des-ce-jeudi-05-juin\/#primaryimage\"},\"thumbnailUrl\":\"https:\/\/lavoixdelanation.tg\/wp-content\/uploads\/2025\/06\/Siege-de-la-CENI-a-Lome.jpg\",\"datePublished\":\"2025-06-04T16:40:20+00:00\",\"dateModified\":\"2025-06-04T16:40:21+00:00\",\"description\":\"Dans le cadre des prochaines \u00e9lections municipales, les listes provisoires des candidatures accept\u00e9es par la Commission Electorale Nationale Ind\u00e9pendante (CENI) seront publi\u00e9es dans chaque CELI le jeudi 05 juin 2025 \u00e0 partir de 15 h 00.\",\"breadcrumb\":{\"@id\":\"https:\/\/lavoixdelanation.tg\/index.php\/2025\/06\/04\/municipales-2025-les-listes-provisoires-des-candidatures-disponibles-des-ce-jeudi-05-juin\/#breadcrumb\"},\"inLanguage\":\"fr-FR\",\"potentialAction\":[{\"@type\":\"ReadAction\",\"target\":[\"https:\/\/lavoixdelanation.tg\/index.php\/2025\/06\/04\/municipales-2025-les-listes-provisoires-des-candidatures-disponibles-des-ce-jeudi-05-juin\/\"]}]},{\"@type\":\"ImageObject\",\"inLanguage\":\"fr-FR\",\"@id\":\"https:\/\/lavoixdelanation.tg\/index.php\/2025\/06\/04\/municipales-2025-les-listes-provisoires-des-candidatures-disponibles-des-ce-jeudi-05-juin\/#primaryimage\",\"url\":\"https:\/\/lavoixdelanation.tg\/wp-content\/uploads\/2025\/06\/Siege-de-la-CENI-a-Lome.jpg\",\"contentUrl\":\"https:\/\/lavoixdelanation.tg\/wp-content\/uploads\/2025\/06\/Siege-de-la-CENI-a-Lome.jpg\",\"width\":650,\"height\":370},{\"@type\":\"BreadcrumbList\",\"@id\":\"https:\/\/lavoixdelanation.tg\/index.php\/2025\/06\/04\/municipales-2025-les-listes-provisoires-des-candidatures-disponibles-des-ce-jeudi-05-juin\/#breadcrumb\",\"itemListElement\":[{\"@type\":\"ListItem\",\"position\":1,\"name\":\"Accueil\",\"item\":\"https:\/\/lavoixdelanation.tg\/\"},{\"@type\":\"ListItem\",\"position\":2,\"name\":\"Municipales 2025\u00a0: Les listes provisoires des candidatures disponibles d\u00e8s ce jeudi 05 juin\"}]},{\"@type\":\"WebSite\",\"@id\":\"https:\/\/lavoixdelanation.tg\/#website\",\"url\":\"https:\/\/lavoixdelanation.tg\/\",\"name\":\"La Voix de la Nation\",\"description\":\"R\u00e9c\u00e9piss\u00e9 n\u00b00108\/HAAC\/01-2024\/pl\/P\",\"publisher\":{\"@id\":\"https:\/\/lavoixdelanation.tg\/#organization\"},\"alternateName\":\"VON\",\"potentialAction\":[{\"@type\":\"SearchAction\",\"target\":{\"@type\":\"EntryPoint\",\"urlTemplate\":\"https:\/\/lavoixdelanation.tg\/?s={search_term_string}\"},\"query-input\":{\"@type\":\"PropertyValueSpecification\",\"valueRequired\":true,\"valueName\":\"search_term_string\"}}],\"inLanguage\":\"fr-FR\"},{\"@type\":\"Organization\",\"@id\":\"https:\/\/lavoixdelanation.tg\/#organization\",\"name\":\"La Voix de la Nation\",\"url\":\"https:\/\/lavoixdelanation.tg\/\",\"logo\":{\"@type\":\"ImageObject\",\"inLanguage\":\"fr-FR\",\"@id\":\"https:\/\/lavoixdelanation.tg\/#\/schema\/logo\/image\/\",\"url\":\"https:\/\/lavoixdelanation.tg\/wp-content\/uploads\/2024\/12\/lavn-1.png\",\"contentUrl\":\"https:\/\/lavoixdelanation.tg\/wp-content\/uploads\/2024\/12\/lavn-1.png\",\"width\":1024,\"height\":464,\"caption\":\"La Voix de la Nation\"},\"image\":{\"@id\":\"https:\/\/lavoixdelanation.tg\/#\/schema\/logo\/image\/\"},\"sameAs\":[\"https:\/\/www.facebook.com\/lavoixdelanation\"]},{\"@type\":\"Person\",\"@id\":\"https:\/\/lavoixdelanation.tg\/#\/schema\/person\/6c489293aa38053673a9e554acb6e224\",\"name\":\"La voix de la nation\",\"image\":{\"@type\":\"ImageObject\",\"inLanguage\":\"fr-FR\",\"@id\":\"https:\/\/lavoixdelanation.tg\/#\/schema\/person\/image\/\",\"url\":\"https:\/\/secure.gravatar.com\/avatar\/8aa135d4bbc794494cecaa8d483f6d6cc1023624868deaff686baed5e727a5a1?s=96&d=mm&r=g\",\"contentUrl\":\"https:\/\/secure.gravatar.com\/avatar\/8aa135d4bbc794494cecaa8d483f6d6cc1023624868deaff686baed5e727a5a1?s=96&d=mm&r=g\",\"caption\":\"La voix de la nation\"},\"sameAs\":[\"https:\/\/lavoixdelanation.tg\"],\"url\":\"https:\/\/lavoixdelanation.tg\/index.php\/author\/lavn\/\"}]}<\/script>\n<!-- \/ Yoast SEO plugin. -->","yoast_head_json":{"title":"Municipales 2025\u00a0: Les listes provisoires des candidatures disponibles d\u00e8s ce jeudi 05 juin - La Voix de la Nation","description":"Dans le cadre des prochaines \u00e9lections municipales, les listes provisoires des candidatures accept\u00e9es par la Commission Electorale Nationale Ind\u00e9pendante (CENI) seront publi\u00e9es dans chaque CELI le jeudi 05 juin 2025 \u00e0 partir de 15 h 00.","robots":{"index":"index","follow":"follow","max-snippet":"max-snippet:-1","max-image-preview":"max-image-preview:large","max-video-preview":"max-video-preview:-1"},"canonical":"https:\/\/lavoixdelanation.tg\/index.php\/2025\/06\/04\/municipales-2025-les-listes-provisoires-des-candidatures-disponibles-des-ce-jeudi-05-juin\/","og_locale":"fr_FR","og_type":"article","og_title":"Municipales 2025\u00a0: Les listes provisoires des candidatures disponibles d\u00e8s ce jeudi 05 juin - La Voix de la Nation","og_description":"Dans le cadre des prochaines \u00e9lections municipales, les listes provisoires des candidatures accept\u00e9es par la Commission Electorale Nationale Ind\u00e9pendante (CENI) seront publi\u00e9es dans chaque CELI le jeudi 05 juin 2025 \u00e0 partir de 15 h 00.","og_url":"https:\/\/lavoixdelanation.tg\/index.php\/2025\/06\/04\/municipales-2025-les-listes-provisoires-des-candidatures-disponibles-des-ce-jeudi-05-juin\/","og_site_name":"La Voix de la Nation","article_publisher":"https:\/\/www.facebook.com\/lavoixdelanation","article_published_time":"2025-06-04T16:40:20+00:00","article_modified_time":"2025-06-04T16:40:21+00:00","og_image":[{"width":650,"height":370,"url":"https:\/\/lavoixdelanation.tg\/wp-content\/uploads\/2025\/06\/Siege-de-la-CENI-a-Lome.jpg","type":"image\/jpeg"}],"author":"La voix de la nation","twitter_card":"summary_large_image","twitter_misc":{"\u00c9crit par":"La voix de la nation","Dur\u00e9e de lecture estim\u00e9e":"2 minutes"},"schema":{"@context":"https:\/\/schema.org","@graph":[{"@type":"Article","@id":"https:\/\/lavoixdelanation.tg\/index.php\/2025\/06\/04\/municipales-2025-les-listes-provisoires-des-candidatures-disponibles-des-ce-jeudi-05-juin\/#article","isPartOf":{"@id":"https:\/\/lavoixdelanation.tg\/index.php\/2025\/06\/04\/municipales-2025-les-listes-provisoires-des-candidatures-disponibles-des-ce-jeudi-05-juin\/"},"author":{"name":"La voix de la nation","@id":"https:\/\/lavoixdelanation.tg\/#\/schema\/person\/6c489293aa38053673a9e554acb6e224"},"headline":"Municipales 2025\u00a0: Les listes provisoires des candidatures disponibles d\u00e8s ce jeudi 05 juin","datePublished":"2025-06-04T16:40:20+00:00","dateModified":"2025-06-04T16:40:21+00:00","mainEntityOfPage":{"@id":"https:\/\/lavoixdelanation.tg\/index.php\/2025\/06\/04\/municipales-2025-les-listes-provisoires-des-candidatures-disponibles-des-ce-jeudi-05-juin\/"},"wordCount":266,"commentCount":0,"publisher":{"@id":"https:\/\/lavoixdelanation.tg\/#organization"},"image":{"@id":"https:\/\/lavoixdelanation.tg\/index.php\/2025\/06\/04\/municipales-2025-les-listes-provisoires-des-candidatures-disponibles-des-ce-jeudi-05-juin\/#primaryimage"},"thumbnailUrl":"https:\/\/lavoixdelanation.tg\/wp-content\/uploads\/2025\/06\/Siege-de-la-CENI-a-Lome.jpg","keywords":["CENI","Listes \u00e9lectorales","Municipales 2025","Togo"],"articleSection":["Politique"],"inLanguage":"fr-FR","potentialAction":[{"@type":"CommentAction","name":"Comment","target":["https:\/\/lavoixdelanation.tg\/index.php\/2025\/06\/04\/municipales-2025-les-listes-provisoires-des-candidatures-disponibles-des-ce-jeudi-05-juin\/#respond"]}]},{"@type":"WebPage","@id":"https:\/\/lavoixdelanation.tg\/index.php\/2025\/06\/04\/municipales-2025-les-listes-provisoires-des-candidatures-disponibles-des-ce-jeudi-05-juin\/","url":"https:\/\/lavoixdelanation.tg\/index.php\/2025\/06\/04\/municipales-2025-les-listes-provisoires-des-candidatures-disponibles-des-ce-jeudi-05-juin\/","name":"Municipales 2025\u00a0: Les listes provisoires des candidatures disponibles d\u00e8s ce jeudi 05 juin - La Voix de la Nation","isPartOf":{"@id":"https:\/\/lavoixdelanation.tg\/#website"},"primaryImageOfPage":{"@id":"https:\/\/lavoixdelanation.tg\/index.php\/2025\/06\/04\/municipales-2025-les-listes-provisoires-des-candidatures-disponibles-des-ce-jeudi-05-juin\/#primaryimage"},"image":{"@id":"https:\/\/lavoixdelanation.tg\/index.php\/2025\/06\/04\/municipales-2025-les-listes-provisoires-des-candidatures-disponibles-des-ce-jeudi-05-juin\/#primaryimage"},"thumbnailUrl":"https:\/\/lavoixdelanation.tg\/wp-content\/uploads\/2025\/06\/Siege-de-la-CENI-a-Lome.jpg","datePublished":"2025-06-04T16:40:20+00:00","dateModified":"2025-06-04T16:40:21+00:00","description":"Dans le cadre des prochaines \u00e9lections municipales, les listes provisoires des candidatures accept\u00e9es par la Commission Electorale Nationale Ind\u00e9pendante (CENI) seront publi\u00e9es dans chaque CELI le jeudi 05 juin 2025 \u00e0 partir de 15 h 00.","breadcrumb":{"@id":"https:\/\/lavoixdelanation.tg\/index.php\/2025\/06\/04\/municipales-2025-les-listes-provisoires-des-candidatures-disponibles-des-ce-jeudi-05-juin\/#breadcrumb"},"inLanguage":"fr-FR","potentialAction":[{"@type":"ReadAction","target":["https:\/\/lavoixdelanation.tg\/index.php\/2025\/06\/04\/municipales-2025-les-listes-provisoires-des-candidatures-disponibles-des-ce-jeudi-05-juin\/"]}]},{"@type":"ImageObject","inLanguage":"fr-FR","@id":"https:\/\/lavoixdelanation.tg\/index.php\/2025\/06\/04\/municipales-2025-les-listes-provisoires-des-candidatures-disponibles-des-ce-jeudi-05-juin\/#primaryimage","url":"https:\/\/lavoixdelanation.tg\/wp-content\/uploads\/2025\/06\/Siege-de-la-CENI-a-Lome.jpg","contentUrl":"https:\/\/lavoixdelanation.tg\/wp-content\/uploads\/2025\/06\/Siege-de-la-CENI-a-Lome.jpg","width":650,"height":370},{"@type":"BreadcrumbList","@id":"https:\/\/lavoixdelanation.tg\/index.php\/2025\/06\/04\/municipales-2025-les-listes-provisoires-des-candidatures-disponibles-des-ce-jeudi-05-juin\/#breadcrumb","itemListElement":[{"@type":"ListItem","position":1,"name":"Accueil","item":"https:\/\/lavoixdelanation.tg\/"},{"@type":"ListItem","position":2,"name":"Municipales 2025\u00a0: Les listes provisoires des candidatures disponibles d\u00e8s ce jeudi 05 juin"}]},{"@type":"WebSite","@id":"https:\/\/lavoixdelanation.tg\/#website","url":"https:\/\/lavoixdelanation.tg\/","name":"La Voix de la Nation","description":"R\u00e9c\u00e9piss\u00e9 n\u00b00108\/HAAC\/01-2024\/pl\/P","publisher":{"@id":"https:\/\/lavoixdelanation.tg\/#organization"},"alternateName":"VON","potentialAction":[{"@type":"SearchAction","target":{"@type":"EntryPoint","urlTemplate":"https:\/\/lavoixdelanation.tg\/?s={search_term_string}"},"query-input":{"@type":"PropertyValueSpecification","valueRequired":true,"valueName":"search_term_string"}}],"inLanguage":"fr-FR"},{"@type":"Organization","@id":"https:\/\/lavoixdelanation.tg\/#organization","name":"La Voix de la Nation","url":"https:\/\/lavoixdelanation.tg\/","logo":{"@type":"ImageObject","inLanguage":"fr-FR","@id":"https:\/\/lavoixdelanation.tg\/#\/schema\/logo\/image\/","url":"https:\/\/lavoixdelanation.tg\/wp-content\/uploads\/2024\/12\/lavn-1.png","contentUrl":"https:\/\/lavoixdelanation.tg\/wp-content\/uploads\/2024\/12\/lavn-1.png","width":1024,"height":464,"caption":"La Voix de la Nation"},"image":{"@id":"https:\/\/lavoixdelanation.tg\/#\/schema\/logo\/image\/"},"sameAs":["https:\/\/www.facebook.com\/lavoixdelanation"]},{"@type":"Person","@id":"https:\/\/lavoixdelanation.tg\/#\/schema\/person\/6c489293aa38053673a9e554acb6e224","name":"La voix de la nation","image":{"@type":"ImageObject","inLanguage":"fr-FR","@id":"https:\/\/lavoixdelanation.tg\/#\/schema\/person\/image\/","url":"https:\/\/secure.gravatar.com\/avatar\/8aa135d4bbc794494cecaa8d483f6d6cc1023624868deaff686baed5e727a5a1?s=96&d=mm&r=g","contentUrl":"https:\/\/secure.gravatar.com\/avatar\/8aa135d4bbc794494cecaa8d483f6d6cc1023624868deaff686baed5e727a5a1?s=96&d=mm&r=g","caption":"La voix de la nation"},"sameAs":["https:\/\/lavoixdelanation.tg"],"url":"https:\/\/lavoixdelanation.tg\/index.php\/author\/lavn\/"}]}},"_links":{"self":[{"href":"https:\/\/lavoixdelanation.tg\/index.php\/wp-json\/wp\/v2\/posts\/3045","targetHints":{"allow":["GET"]}}],"collection":[{"href":"https:\/\/lavoixdelanation.tg\/index.php\/wp-json\/wp\/v2\/posts"}],"about":[{"href":"https:\/\/lavoixdelanation.tg\/index.php\/wp-json\/wp\/v2\/types\/post"}],"author":[{"embeddable":true,"href":"https:\/\/lavoixdelanation.tg\/index.php\/wp-json\/wp\/v2\/users\/1"}],"replies":[{"embeddable":true,"href":"https:\/\/lavoixdelanation.tg\/index.php\/wp-json\/wp\/v2\/comments?post=3045"}],"version-history":[{"count":1,"href":"https:\/\/lavoixdelanation.tg\/index.php\/wp-json\/wp\/v2\/posts\/3045\/revisions"}],"predecessor-version":[{"id":3047,"href":"https:\/\/lavoixdelanation.tg\/index.php\/wp-json\/wp\/v2\/posts\/3045\/revisions\/3047"}],"wp:featuredmedia":[{"embeddable":true,"href":"https:\/\/lavoixdelanation.tg\/index.php\/wp-json\/wp\/v2\/media\/3046"}],"wp:attachment":[{"href":"https:\/\/lavoixdelanation.tg\/index.php\/wp-json\/wp\/v2\/media?parent=3045"}],"wp:term":[{"taxonomy":"category","embeddable":true,"href":"https:\/\/lavoixdelanation.tg\/index.php\/wp-json\/wp\/v2\/categories?post=3045"},{"taxonomy":"post_tag","embeddable":true,"href":"https:\/\/lavoixdelanation.tg\/index.php\/wp-json\/wp\/v2\/tags?post=3045"}],"curies":[{"name":"wp","href":"https:\/\/api.w.org\/{rel}","templated":true}]}}