{"id":3027,"date":"2025-06-03T10:08:48","date_gmt":"2025-06-03T08:08:48","guid":{"rendered":"https:\/\/lavoixdelanation.tg\/?p=3027"},"modified":"2025-06-04T10:12:58","modified_gmt":"2025-06-04T08:12:58","slug":"une-delegation-des-ministres-africains-des-affaires-etrangeres-recue-par-faure-gnassingbe-a-lome","status":"publish","type":"post","link":"https:\/\/lavoixdelanation.tg\/index.php\/2025\/06\/03\/une-delegation-des-ministres-africains-des-affaires-etrangeres-recue-par-faure-gnassingbe-a-lome\/","title":{"rendered":"Une d\u00e9l\u00e9gation des ministres africains des Affaires \u00e9trang\u00e8res re\u00e7ue par Faure Gnassingb\u00e9 \u00e0 Lom\u00e9"},"content":{"rendered":"\n<p><strong>Le Pr\u00e9sident du Conseil Faure Gnassingb\u00e9 a re\u00e7u ce lundi 02 juin 2025, une d\u00e9l\u00e9gation des ministres africains en charge des Affaires \u00e9trang\u00e8res pr\u00e9sents \u00e0 Lom\u00e9 dans le cadre de la troisi\u00e8me conf\u00e9rence minist\u00e9rielle de l\u2019Alliance politique africaine (APA).<\/strong><\/p>\n\n\n\n<p>La d\u00e9l\u00e9gation est compos\u00e9e des ministres des Affaires \u00e9trang\u00e8res et de la coop\u00e9ration du Mali et du Niger, de la vice-ministre des Affaires \u00e9trang\u00e8res de la R\u00e9publique D\u00e9mocratique du Congo (RDC), des ministres d\u00e9l\u00e9gu\u00e9s aux Affaires \u00e9trang\u00e8res du Lib\u00e9ria, du Tchad et du Burkina Faso.<\/p>\n\n\n\n<p>Selon une note de la Pr\u00e9sidence du Conseil, les diplomates ont pr\u00e9sent\u00e9 \u00e0 Faure Gnassingb\u00e9, les conclusions des travaux de cette troisi\u00e8me conf\u00e9rence ainsi que la d\u00e9claration de Lom\u00e9 y aff\u00e9rente, laquelle vise \u00e0 renforcer la voix de l\u2019Afrique sur la sc\u00e8ne internationale dans un contexte mondial marqu\u00e9 par de profonds bouleversements g\u00e9opolitiques.<\/p>\n\n\n\n<p>\u00ab&nbsp;Nous avons eu l\u2019insigne honneur d\u2019\u00eatre re\u00e7us par le Pr\u00e9sident du Conseil \u00e0 l\u2019issue de la troisi\u00e8me session de l\u2019Alliance politique africaine, qui est une initiative mise en place gr\u00e2ce au leadership du Togo. Nous lui avons pr\u00e9sent\u00e9 les conclusions de nos travaux et la d\u00e9claration qui a \u00e9t\u00e9 adopt\u00e9e, laquelle d\u00e9gage de nouvelles pistes d\u2019action pour relever les d\u00e9fis auxquels nous sommes confront\u00e9s&nbsp;\u00bb, a d\u00e9clar\u00e9&nbsp;le ministre malien des Affaires \u00e9trang\u00e8res et de la coop\u00e9ration, Abdoulaye Diop.<\/p>\n\n\n\n<p>La d\u00e9l\u00e9gation s\u2019est r\u00e9jouie des orientations donn\u00e9es par le Pr\u00e9sident du Conseil qui vont contribuer \u00e0 une meilleure mise en \u0153uvre des recommandations de cette rencontre panafricaine.<\/p>\n\n\n\n<p>Elle a \u00e9galement salu\u00e9 la d\u00e9signation du Pr\u00e9sident Faure Gnassingb\u00e9 \u00e0 la t\u00eate du Conseil et ses efforts constants en faveur de la paix en Afrique.<\/p>\n\n\n\n<p>\u00ab&nbsp;Nous avons f\u00e9licit\u00e9 le Pr\u00e9sident Faure Gnassingb\u00e9 pour sa d\u00e9signation \u00e0 la t\u00eate du Conseil de la R\u00e9publique togolaise et lui avons souhait\u00e9 plein succ\u00e8s dans la r\u00e9ussite de cette mission. Nous l\u2019avons \u00e9galement f\u00e9licit\u00e9 pour le r\u00f4le \u00e9minent qu\u2019il joue en tant que M\u00e9diateur d\u00e9sign\u00e9 par ses pairs de l\u2019Union africaine pour ramener la paix et la stabilit\u00e9 en R\u00e9publique D\u00e9mocratique du Congo \u00bb, a pr\u00e9cis\u00e9 le ministre malien des Affaires \u00e9trang\u00e8res et de la coop\u00e9ration.<\/p>\n","protected":false},"excerpt":{"rendered":"<p>Le Pr\u00e9sident du Conseil Faure Gnassingb\u00e9 a re\u00e7u ce lundi 02 juin 2025, une d\u00e9l\u00e9gation des ministres africains en charge des Affaires \u00e9trang\u00e8res pr\u00e9sents \u00e0 Lom\u00e9 dans le cadre de&hellip; <\/p>\n","protected":false},"author":1,"featured_media":3028,"comment_status":"open","ping_status":"open","sticky":false,"template":"","format":"standard","meta":{"footnotes":""},"categories":[12],"tags":[704,39],"class_list":["post-3027","post","type-post","status-publish","format-standard","has-post-thumbnail","hentry","category-diplomatie","tag-alliance-politique-africaine","tag-togo"],"yoast_head":"<!-- This site is optimized with the Yoast SEO plugin v26.4 - https:\/\/yoast.com\/wordpress\/plugins\/seo\/ -->\n<title>Une d\u00e9l\u00e9gation des ministres africains des Affaires \u00e9trang\u00e8res re\u00e7ue par Faure Gnassingb\u00e9 \u00e0 Lom\u00e9 - La Voix de la Nation<\/title>\n<meta name=\"robots\" content=\"index, follow, max-snippet:-1, max-image-preview:large, max-video-preview:-1\" \/>\n<link rel=\"canonical\" href=\"https:\/\/lavoixdelanation.tg\/index.php\/2025\/06\/03\/une-delegation-des-ministres-africains-des-affaires-etrangeres-recue-par-faure-gnassingbe-a-lome\/\" \/>\n<meta property=\"og:locale\" content=\"fr_FR\" \/>\n<meta property=\"og:type\" content=\"article\" \/>\n<meta property=\"og:title\" content=\"Une d\u00e9l\u00e9gation des ministres africains des Affaires \u00e9trang\u00e8res re\u00e7ue par Faure Gnassingb\u00e9 \u00e0 Lom\u00e9 - La Voix de la Nation\" \/>\n<meta property=\"og:description\" content=\"Le Pr\u00e9sident du Conseil Faure Gnassingb\u00e9 a re\u00e7u ce lundi 02 juin 2025, une d\u00e9l\u00e9gation des ministres africains en charge des Affaires \u00e9trang\u00e8res pr\u00e9sents \u00e0 Lom\u00e9 dans le cadre de&hellip;\" \/>\n<meta property=\"og:url\" content=\"https:\/\/lavoixdelanation.tg\/index.php\/2025\/06\/03\/une-delegation-des-ministres-africains-des-affaires-etrangeres-recue-par-faure-gnassingbe-a-lome\/\" \/>\n<meta property=\"og:site_name\" content=\"La Voix de la Nation\" \/>\n<meta property=\"article:publisher\" content=\"https:\/\/www.facebook.com\/lavoixdelanation\" \/>\n<meta property=\"article:published_time\" content=\"2025-06-03T08:08:48+00:00\" \/>\n<meta property=\"article:modified_time\" content=\"2025-06-04T08:12:58+00:00\" \/>\n<meta property=\"og:image\" content=\"https:\/\/lavoixdelanation.tg\/wp-content\/uploads\/2025\/06\/Une-delegation-des-ministres-africains-des-Affaires-etrangeres-recue-par-Faure-Gnassingbe.jpg\" \/>\n\t<meta property=\"og:image:width\" content=\"650\" \/>\n\t<meta property=\"og:image:height\" content=\"420\" \/>\n\t<meta property=\"og:image:type\" content=\"image\/jpeg\" \/>\n<meta name=\"author\" content=\"La voix de la nation\" \/>\n<meta name=\"twitter:card\" content=\"summary_large_image\" \/>\n<meta name=\"twitter:label1\" content=\"\u00c9crit par\" \/>\n\t<meta name=\"twitter:data1\" content=\"La voix de la nation\" \/>\n\t<meta name=\"twitter:label2\" content=\"Dur\u00e9e de lecture estim\u00e9e\" \/>\n\t<meta name=\"twitter:data2\" content=\"2 minutes\" \/>\n<script type=\"application\/ld+json\" class=\"yoast-schema-graph\">{\"@context\":\"https:\/\/schema.org\",\"@graph\":[{\"@type\":\"Article\",\"@id\":\"https:\/\/lavoixdelanation.tg\/index.php\/2025\/06\/03\/une-delegation-des-ministres-africains-des-affaires-etrangeres-recue-par-faure-gnassingbe-a-lome\/#article\",\"isPartOf\":{\"@id\":\"https:\/\/lavoixdelanation.tg\/index.php\/2025\/06\/03\/une-delegation-des-ministres-africains-des-affaires-etrangeres-recue-par-faure-gnassingbe-a-lome\/\"},\"author\":{\"name\":\"La voix de la nation\",\"@id\":\"https:\/\/lavoixdelanation.tg\/#\/schema\/person\/6c489293aa38053673a9e554acb6e224\"},\"headline\":\"Une d\u00e9l\u00e9gation des ministres africains des Affaires \u00e9trang\u00e8res re\u00e7ue par Faure Gnassingb\u00e9 \u00e0 Lom\u00e9\",\"datePublished\":\"2025-06-03T08:08:48+00:00\",\"dateModified\":\"2025-06-04T08:12:58+00:00\",\"mainEntityOfPage\":{\"@id\":\"https:\/\/lavoixdelanation.tg\/index.php\/2025\/06\/03\/une-delegation-des-ministres-africains-des-affaires-etrangeres-recue-par-faure-gnassingbe-a-lome\/\"},\"wordCount\":434,\"commentCount\":0,\"publisher\":{\"@id\":\"https:\/\/lavoixdelanation.tg\/#organization\"},\"image\":{\"@id\":\"https:\/\/lavoixdelanation.tg\/index.php\/2025\/06\/03\/une-delegation-des-ministres-africains-des-affaires-etrangeres-recue-par-faure-gnassingbe-a-lome\/#primaryimage\"},\"thumbnailUrl\":\"https:\/\/lavoixdelanation.tg\/wp-content\/uploads\/2025\/06\/Une-delegation-des-ministres-africains-des-Affaires-etrangeres-recue-par-Faure-Gnassingbe.jpg\",\"keywords\":[\"Alliance politique africaine\",\"Togo\"],\"articleSection\":[\"Diplomatie\"],\"inLanguage\":\"fr-FR\",\"potentialAction\":[{\"@type\":\"CommentAction\",\"name\":\"Comment\",\"target\":[\"https:\/\/lavoixdelanation.tg\/index.php\/2025\/06\/03\/une-delegation-des-ministres-africains-des-affaires-etrangeres-recue-par-faure-gnassingbe-a-lome\/#respond\"]}]},{\"@type\":\"WebPage\",\"@id\":\"https:\/\/lavoixdelanation.tg\/index.php\/2025\/06\/03\/une-delegation-des-ministres-africains-des-affaires-etrangeres-recue-par-faure-gnassingbe-a-lome\/\",\"url\":\"https:\/\/lavoixdelanation.tg\/index.php\/2025\/06\/03\/une-delegation-des-ministres-africains-des-affaires-etrangeres-recue-par-faure-gnassingbe-a-lome\/\",\"name\":\"Une d\u00e9l\u00e9gation des ministres africains des Affaires \u00e9trang\u00e8res re\u00e7ue par Faure Gnassingb\u00e9 \u00e0 Lom\u00e9 - La Voix de la Nation\",\"isPartOf\":{\"@id\":\"https:\/\/lavoixdelanation.tg\/#website\"},\"primaryImageOfPage\":{\"@id\":\"https:\/\/lavoixdelanation.tg\/index.php\/2025\/06\/03\/une-delegation-des-ministres-africains-des-affaires-etrangeres-recue-par-faure-gnassingbe-a-lome\/#primaryimage\"},\"image\":{\"@id\":\"https:\/\/lavoixdelanation.tg\/index.php\/2025\/06\/03\/une-delegation-des-ministres-africains-des-affaires-etrangeres-recue-par-faure-gnassingbe-a-lome\/#primaryimage\"},\"thumbnailUrl\":\"https:\/\/lavoixdelanation.tg\/wp-content\/uploads\/2025\/06\/Une-delegation-des-ministres-africains-des-Affaires-etrangeres-recue-par-Faure-Gnassingbe.jpg\",\"datePublished\":\"2025-06-03T08:08:48+00:00\",\"dateModified\":\"2025-06-04T08:12:58+00:00\",\"breadcrumb\":{\"@id\":\"https:\/\/lavoixdelanation.tg\/index.php\/2025\/06\/03\/une-delegation-des-ministres-africains-des-affaires-etrangeres-recue-par-faure-gnassingbe-a-lome\/#breadcrumb\"},\"inLanguage\":\"fr-FR\",\"potentialAction\":[{\"@type\":\"ReadAction\",\"target\":[\"https:\/\/lavoixdelanation.tg\/index.php\/2025\/06\/03\/une-delegation-des-ministres-africains-des-affaires-etrangeres-recue-par-faure-gnassingbe-a-lome\/\"]}]},{\"@type\":\"ImageObject\",\"inLanguage\":\"fr-FR\",\"@id\":\"https:\/\/lavoixdelanation.tg\/index.php\/2025\/06\/03\/une-delegation-des-ministres-africains-des-affaires-etrangeres-recue-par-faure-gnassingbe-a-lome\/#primaryimage\",\"url\":\"https:\/\/lavoixdelanation.tg\/wp-content\/uploads\/2025\/06\/Une-delegation-des-ministres-africains-des-Affaires-etrangeres-recue-par-Faure-Gnassingbe.jpg\",\"contentUrl\":\"https:\/\/lavoixdelanation.tg\/wp-content\/uploads\/2025\/06\/Une-delegation-des-ministres-africains-des-Affaires-etrangeres-recue-par-Faure-Gnassingbe.jpg\",\"width\":650,\"height\":420},{\"@type\":\"BreadcrumbList\",\"@id\":\"https:\/\/lavoixdelanation.tg\/index.php\/2025\/06\/03\/une-delegation-des-ministres-africains-des-affaires-etrangeres-recue-par-faure-gnassingbe-a-lome\/#breadcrumb\",\"itemListElement\":[{\"@type\":\"ListItem\",\"position\":1,\"name\":\"Accueil\",\"item\":\"https:\/\/lavoixdelanation.tg\/\"},{\"@type\":\"ListItem\",\"position\":2,\"name\":\"Une d\u00e9l\u00e9gation des ministres africains des Affaires \u00e9trang\u00e8res re\u00e7ue par Faure Gnassingb\u00e9 \u00e0 Lom\u00e9\"}]},{\"@type\":\"WebSite\",\"@id\":\"https:\/\/lavoixdelanation.tg\/#website\",\"url\":\"https:\/\/lavoixdelanation.tg\/\",\"name\":\"La Voix de la Nation\",\"description\":\"R\u00e9c\u00e9piss\u00e9 n\u00b00108\/HAAC\/01-2024\/pl\/P\",\"publisher\":{\"@id\":\"https:\/\/lavoixdelanation.tg\/#organization\"},\"alternateName\":\"VON\",\"potentialAction\":[{\"@type\":\"SearchAction\",\"target\":{\"@type\":\"EntryPoint\",\"urlTemplate\":\"https:\/\/lavoixdelanation.tg\/?s={search_term_string}\"},\"query-input\":{\"@type\":\"PropertyValueSpecification\",\"valueRequired\":true,\"valueName\":\"search_term_string\"}}],\"inLanguage\":\"fr-FR\"},{\"@type\":\"Organization\",\"@id\":\"https:\/\/lavoixdelanation.tg\/#organization\",\"name\":\"La Voix de la Nation\",\"url\":\"https:\/\/lavoixdelanation.tg\/\",\"logo\":{\"@type\":\"ImageObject\",\"inLanguage\":\"fr-FR\",\"@id\":\"https:\/\/lavoixdelanation.tg\/#\/schema\/logo\/image\/\",\"url\":\"https:\/\/lavoixdelanation.tg\/wp-content\/uploads\/2024\/12\/lavn-1.png\",\"contentUrl\":\"https:\/\/lavoixdelanation.tg\/wp-content\/uploads\/2024\/12\/lavn-1.png\",\"width\":1024,\"height\":464,\"caption\":\"La Voix de la Nation\"},\"image\":{\"@id\":\"https:\/\/lavoixdelanation.tg\/#\/schema\/logo\/image\/\"},\"sameAs\":[\"https:\/\/www.facebook.com\/lavoixdelanation\"]},{\"@type\":\"Person\",\"@id\":\"https:\/\/lavoixdelanation.tg\/#\/schema\/person\/6c489293aa38053673a9e554acb6e224\",\"name\":\"La voix de la nation\",\"image\":{\"@type\":\"ImageObject\",\"inLanguage\":\"fr-FR\",\"@id\":\"https:\/\/lavoixdelanation.tg\/#\/schema\/person\/image\/\",\"url\":\"https:\/\/secure.gravatar.com\/avatar\/8aa135d4bbc794494cecaa8d483f6d6cc1023624868deaff686baed5e727a5a1?s=96&d=mm&r=g\",\"contentUrl\":\"https:\/\/secure.gravatar.com\/avatar\/8aa135d4bbc794494cecaa8d483f6d6cc1023624868deaff686baed5e727a5a1?s=96&d=mm&r=g\",\"caption\":\"La voix de la nation\"},\"sameAs\":[\"https:\/\/lavoixdelanation.tg\"],\"url\":\"https:\/\/lavoixdelanation.tg\/index.php\/author\/lavn\/\"}]}<\/script>\n<!-- \/ Yoast SEO plugin. -->","yoast_head_json":{"title":"Une d\u00e9l\u00e9gation des ministres africains des Affaires \u00e9trang\u00e8res re\u00e7ue par Faure Gnassingb\u00e9 \u00e0 Lom\u00e9 - La Voix de la Nation","robots":{"index":"index","follow":"follow","max-snippet":"max-snippet:-1","max-image-preview":"max-image-preview:large","max-video-preview":"max-video-preview:-1"},"canonical":"https:\/\/lavoixdelanation.tg\/index.php\/2025\/06\/03\/une-delegation-des-ministres-africains-des-affaires-etrangeres-recue-par-faure-gnassingbe-a-lome\/","og_locale":"fr_FR","og_type":"article","og_title":"Une d\u00e9l\u00e9gation des ministres africains des Affaires \u00e9trang\u00e8res re\u00e7ue par Faure Gnassingb\u00e9 \u00e0 Lom\u00e9 - La Voix de la Nation","og_description":"Le Pr\u00e9sident du Conseil Faure Gnassingb\u00e9 a re\u00e7u ce lundi 02 juin 2025, une d\u00e9l\u00e9gation des ministres africains en charge des Affaires \u00e9trang\u00e8res pr\u00e9sents \u00e0 Lom\u00e9 dans le cadre de&hellip;","og_url":"https:\/\/lavoixdelanation.tg\/index.php\/2025\/06\/03\/une-delegation-des-ministres-africains-des-affaires-etrangeres-recue-par-faure-gnassingbe-a-lome\/","og_site_name":"La Voix de la Nation","article_publisher":"https:\/\/www.facebook.com\/lavoixdelanation","article_published_time":"2025-06-03T08:08:48+00:00","article_modified_time":"2025-06-04T08:12:58+00:00","og_image":[{"width":650,"height":420,"url":"https:\/\/lavoixdelanation.tg\/wp-content\/uploads\/2025\/06\/Une-delegation-des-ministres-africains-des-Affaires-etrangeres-recue-par-Faure-Gnassingbe.jpg","type":"image\/jpeg"}],"author":"La voix de la nation","twitter_card":"summary_large_image","twitter_misc":{"\u00c9crit par":"La voix de la nation","Dur\u00e9e de lecture estim\u00e9e":"2 minutes"},"schema":{"@context":"https:\/\/schema.org","@graph":[{"@type":"Article","@id":"https:\/\/lavoixdelanation.tg\/index.php\/2025\/06\/03\/une-delegation-des-ministres-africains-des-affaires-etrangeres-recue-par-faure-gnassingbe-a-lome\/#article","isPartOf":{"@id":"https:\/\/lavoixdelanation.tg\/index.php\/2025\/06\/03\/une-delegation-des-ministres-africains-des-affaires-etrangeres-recue-par-faure-gnassingbe-a-lome\/"},"author":{"name":"La voix de la nation","@id":"https:\/\/lavoixdelanation.tg\/#\/schema\/person\/6c489293aa38053673a9e554acb6e224"},"headline":"Une d\u00e9l\u00e9gation des ministres africains des Affaires \u00e9trang\u00e8res re\u00e7ue par Faure Gnassingb\u00e9 \u00e0 Lom\u00e9","datePublished":"2025-06-03T08:08:48+00:00","dateModified":"2025-06-04T08:12:58+00:00","mainEntityOfPage":{"@id":"https:\/\/lavoixdelanation.tg\/index.php\/2025\/06\/03\/une-delegation-des-ministres-africains-des-affaires-etrangeres-recue-par-faure-gnassingbe-a-lome\/"},"wordCount":434,"commentCount":0,"publisher":{"@id":"https:\/\/lavoixdelanation.tg\/#organization"},"image":{"@id":"https:\/\/lavoixdelanation.tg\/index.php\/2025\/06\/03\/une-delegation-des-ministres-africains-des-affaires-etrangeres-recue-par-faure-gnassingbe-a-lome\/#primaryimage"},"thumbnailUrl":"https:\/\/lavoixdelanation.tg\/wp-content\/uploads\/2025\/06\/Une-delegation-des-ministres-africains-des-Affaires-etrangeres-recue-par-Faure-Gnassingbe.jpg","keywords":["Alliance politique africaine","Togo"],"articleSection":["Diplomatie"],"inLanguage":"fr-FR","potentialAction":[{"@type":"CommentAction","name":"Comment","target":["https:\/\/lavoixdelanation.tg\/index.php\/2025\/06\/03\/une-delegation-des-ministres-africains-des-affaires-etrangeres-recue-par-faure-gnassingbe-a-lome\/#respond"]}]},{"@type":"WebPage","@id":"https:\/\/lavoixdelanation.tg\/index.php\/2025\/06\/03\/une-delegation-des-ministres-africains-des-affaires-etrangeres-recue-par-faure-gnassingbe-a-lome\/","url":"https:\/\/lavoixdelanation.tg\/index.php\/2025\/06\/03\/une-delegation-des-ministres-africains-des-affaires-etrangeres-recue-par-faure-gnassingbe-a-lome\/","name":"Une d\u00e9l\u00e9gation des ministres africains des Affaires \u00e9trang\u00e8res re\u00e7ue par Faure Gnassingb\u00e9 \u00e0 Lom\u00e9 - La Voix de la Nation","isPartOf":{"@id":"https:\/\/lavoixdelanation.tg\/#website"},"primaryImageOfPage":{"@id":"https:\/\/lavoixdelanation.tg\/index.php\/2025\/06\/03\/une-delegation-des-ministres-africains-des-affaires-etrangeres-recue-par-faure-gnassingbe-a-lome\/#primaryimage"},"image":{"@id":"https:\/\/lavoixdelanation.tg\/index.php\/2025\/06\/03\/une-delegation-des-ministres-africains-des-affaires-etrangeres-recue-par-faure-gnassingbe-a-lome\/#primaryimage"},"thumbnailUrl":"https:\/\/lavoixdelanation.tg\/wp-content\/uploads\/2025\/06\/Une-delegation-des-ministres-africains-des-Affaires-etrangeres-recue-par-Faure-Gnassingbe.jpg","datePublished":"2025-06-03T08:08:48+00:00","dateModified":"2025-06-04T08:12:58+00:00","breadcrumb":{"@id":"https:\/\/lavoixdelanation.tg\/index.php\/2025\/06\/03\/une-delegation-des-ministres-africains-des-affaires-etrangeres-recue-par-faure-gnassingbe-a-lome\/#breadcrumb"},"inLanguage":"fr-FR","potentialAction":[{"@type":"ReadAction","target":["https:\/\/lavoixdelanation.tg\/index.php\/2025\/06\/03\/une-delegation-des-ministres-africains-des-affaires-etrangeres-recue-par-faure-gnassingbe-a-lome\/"]}]},{"@type":"ImageObject","inLanguage":"fr-FR","@id":"https:\/\/lavoixdelanation.tg\/index.php\/2025\/06\/03\/une-delegation-des-ministres-africains-des-affaires-etrangeres-recue-par-faure-gnassingbe-a-lome\/#primaryimage","url":"https:\/\/lavoixdelanation.tg\/wp-content\/uploads\/2025\/06\/Une-delegation-des-ministres-africains-des-Affaires-etrangeres-recue-par-Faure-Gnassingbe.jpg","contentUrl":"https:\/\/lavoixdelanation.tg\/wp-content\/uploads\/2025\/06\/Une-delegation-des-ministres-africains-des-Affaires-etrangeres-recue-par-Faure-Gnassingbe.jpg","width":650,"height":420},{"@type":"BreadcrumbList","@id":"https:\/\/lavoixdelanation.tg\/index.php\/2025\/06\/03\/une-delegation-des-ministres-africains-des-affaires-etrangeres-recue-par-faure-gnassingbe-a-lome\/#breadcrumb","itemListElement":[{"@type":"ListItem","position":1,"name":"Accueil","item":"https:\/\/lavoixdelanation.tg\/"},{"@type":"ListItem","position":2,"name":"Une d\u00e9l\u00e9gation des ministres africains des Affaires \u00e9trang\u00e8res re\u00e7ue par Faure Gnassingb\u00e9 \u00e0 Lom\u00e9"}]},{"@type":"WebSite","@id":"https:\/\/lavoixdelanation.tg\/#website","url":"https:\/\/lavoixdelanation.tg\/","name":"La Voix de la Nation","description":"R\u00e9c\u00e9piss\u00e9 n\u00b00108\/HAAC\/01-2024\/pl\/P","publisher":{"@id":"https:\/\/lavoixdelanation.tg\/#organization"},"alternateName":"VON","potentialAction":[{"@type":"SearchAction","target":{"@type":"EntryPoint","urlTemplate":"https:\/\/lavoixdelanation.tg\/?s={search_term_string}"},"query-input":{"@type":"PropertyValueSpecification","valueRequired":true,"valueName":"search_term_string"}}],"inLanguage":"fr-FR"},{"@type":"Organization","@id":"https:\/\/lavoixdelanation.tg\/#organization","name":"La Voix de la Nation","url":"https:\/\/lavoixdelanation.tg\/","logo":{"@type":"ImageObject","inLanguage":"fr-FR","@id":"https:\/\/lavoixdelanation.tg\/#\/schema\/logo\/image\/","url":"https:\/\/lavoixdelanation.tg\/wp-content\/uploads\/2024\/12\/lavn-1.png","contentUrl":"https:\/\/lavoixdelanation.tg\/wp-content\/uploads\/2024\/12\/lavn-1.png","width":1024,"height":464,"caption":"La Voix de la Nation"},"image":{"@id":"https:\/\/lavoixdelanation.tg\/#\/schema\/logo\/image\/"},"sameAs":["https:\/\/www.facebook.com\/lavoixdelanation"]},{"@type":"Person","@id":"https:\/\/lavoixdelanation.tg\/#\/schema\/person\/6c489293aa38053673a9e554acb6e224","name":"La voix de la nation","image":{"@type":"ImageObject","inLanguage":"fr-FR","@id":"https:\/\/lavoixdelanation.tg\/#\/schema\/person\/image\/","url":"https:\/\/secure.gravatar.com\/avatar\/8aa135d4bbc794494cecaa8d483f6d6cc1023624868deaff686baed5e727a5a1?s=96&d=mm&r=g","contentUrl":"https:\/\/secure.gravatar.com\/avatar\/8aa135d4bbc794494cecaa8d483f6d6cc1023624868deaff686baed5e727a5a1?s=96&d=mm&r=g","caption":"La voix de la nation"},"sameAs":["https:\/\/lavoixdelanation.tg"],"url":"https:\/\/lavoixdelanation.tg\/index.php\/author\/lavn\/"}]}},"_links":{"self":[{"href":"https:\/\/lavoixdelanation.tg\/index.php\/wp-json\/wp\/v2\/posts\/3027","targetHints":{"allow":["GET"]}}],"collection":[{"href":"https:\/\/lavoixdelanation.tg\/index.php\/wp-json\/wp\/v2\/posts"}],"about":[{"href":"https:\/\/lavoixdelanation.tg\/index.php\/wp-json\/wp\/v2\/types\/post"}],"author":[{"embeddable":true,"href":"https:\/\/lavoixdelanation.tg\/index.php\/wp-json\/wp\/v2\/users\/1"}],"replies":[{"embeddable":true,"href":"https:\/\/lavoixdelanation.tg\/index.php\/wp-json\/wp\/v2\/comments?post=3027"}],"version-history":[{"count":1,"href":"https:\/\/lavoixdelanation.tg\/index.php\/wp-json\/wp\/v2\/posts\/3027\/revisions"}],"predecessor-version":[{"id":3029,"href":"https:\/\/lavoixdelanation.tg\/index.php\/wp-json\/wp\/v2\/posts\/3027\/revisions\/3029"}],"wp:featuredmedia":[{"embeddable":true,"href":"https:\/\/lavoixdelanation.tg\/index.php\/wp-json\/wp\/v2\/media\/3028"}],"wp:attachment":[{"href":"https:\/\/lavoixdelanation.tg\/index.php\/wp-json\/wp\/v2\/media?parent=3027"}],"wp:term":[{"taxonomy":"category","embeddable":true,"href":"https:\/\/lavoixdelanation.tg\/index.php\/wp-json\/wp\/v2\/categories?post=3027"},{"taxonomy":"post_tag","embeddable":true,"href":"https:\/\/lavoixdelanation.tg\/index.php\/wp-json\/wp\/v2\/tags?post=3027"}],"curies":[{"name":"wp","href":"https:\/\/api.w.org\/{rel}","templated":true}]}}