{"id":3024,"date":"2025-06-02T17:07:09","date_gmt":"2025-06-02T15:07:09","guid":{"rendered":"https:\/\/lavoixdelanation.tg\/?p=3024"},"modified":"2025-06-02T18:40:10","modified_gmt":"2025-06-02T16:40:10","slug":"education-le-taux-dachevement-du-primaire-attendu-a-12170-en-2025-au-togo","status":"publish","type":"post","link":"https:\/\/lavoixdelanation.tg\/index.php\/2025\/06\/02\/education-le-taux-dachevement-du-primaire-attendu-a-12170-en-2025-au-togo\/","title":{"rendered":"Education\u00a0: Le taux d&rsquo;ach\u00e8vement du primaire attendu \u00e0 121,70 % en 2025 au Togo"},"content":{"rendered":"\n<p><strong>L&rsquo;\u00e9ducation de base occupe une place centrale dans les priorit\u00e9s du Togo, qui multiplie depuis des ann\u00e9es les actions en faveur de l&rsquo;acc\u00e8s universel et du maintien des enfants \u00e0 l&rsquo;\u00e9cole. Ces efforts soutenus portent progressivement leurs fruits, comme en t\u00e9moigne la progression r\u00e9guli\u00e8re du taux d&rsquo;ach\u00e8vement du primaire.<\/strong><\/p>\n\n\n\n<p>Ainsi, le taux d&rsquo;ach\u00e8vement du primaire (proportion d&rsquo;enfants achevant le cycle primaire par rapport \u00e0 ceux en \u00e2ge de le faire) est en \u00e9volution.<\/p>\n\n\n\n<p>Ce taux \u00e9tait \u00e0 88,80 % en 2023. Les mesures de soutien du gouvernement l&rsquo;ont port\u00e9 \u00e0 94,60 % l&rsquo;ann\u00e9e suivante. Cette ann\u00e9e (2025), on s&rsquo;attend \u00e0 ce qu&rsquo;il grimpe jusqu&rsquo;\u00e0 121,70 %.<\/p>\n\n\n\n<p>Un autre indicateur rassurant est le ratio apprenants publics\/classe au primaire. Il est pass\u00e9 de 48 en 2023 \u00e0 51 en 2024 et est attendu \u00e0 49 en 2025. S&rsquo;agissant de la proportion de salles en dur au primaire public, elle est \u00e9valu\u00e9e \u00e0 71 % en 2023, 76 % en 2024 et attendue \u00e0 80 % cette ann\u00e9e.<\/p>\n\n\n\n<p class=\"has-text-align-center\"><strong>Un r\u00e9sultat des r\u00e9formes<\/strong><\/p>\n\n\n\n<p>Au rang des r\u00e9formes phares \u00e0 la base de ces r\u00e9sultats, figurent la gratuit\u00e9 des frais de scolarit\u00e9 dans le primaire public, du Cours pr\u00e9paratoire premi\u00e8re ann\u00e9e (CP1) au Cours moyen deuxi\u00e8me ann\u00e9e (CM2). Justement, en classe de CM2 qui s&rsquo;ach\u00e8ve par l&rsquo;examen du Certificat d&rsquo;\u00e9tudes du premier degr\u00e9 (CEPD), une autre d\u00e9cision salutaire est la suppression des frais d&rsquo;examen.<\/p>\n\n\n\n<p>Les informations font \u00e9tat de ce que pour la seule ann\u00e9e 2021, la mesure&nbsp;d&rsquo;exemption de frais d&rsquo;inscriptions pour les candidats&nbsp;aux diff\u00e9rents examens scolaires et universitaires a co\u00fbt\u00e9 globalement 1,9 milliard de francs CFA \u00e0 l&rsquo;\u00c9tat. Cette gratuit\u00e9, promesse du pr\u00e9sident du Conseil des ministres, est entr\u00e9e en vigueur d\u00e8s le d\u00e9but de l&rsquo;ann\u00e9e acad\u00e9mique 2020-2021.<\/p>\n\n\n\n<p>Au total, pr\u00e8s de 485&nbsp;000 candidats, inscrits \u00e0 une dizaine d&rsquo;\u00e9valuations dipl\u00f4mantes scolaires y compris le CEPD, en ont b\u00e9n\u00e9fici\u00e9e, ce qui constitue une aide inestimable pour les parents d&rsquo;\u00e9l\u00e8ves et les diff\u00e9rents apprenants.<\/p>\n\n\n\n<p><strong>La R\u00e9daction<\/strong><\/p>\n","protected":false},"excerpt":{"rendered":"<p>L&rsquo;\u00e9ducation de base occupe une place centrale dans les priorit\u00e9s du Togo, qui multiplie depuis des ann\u00e9es les actions en faveur de l&rsquo;acc\u00e8s universel et du maintien des enfants \u00e0&hellip; <\/p>\n","protected":false},"author":1,"featured_media":3025,"comment_status":"open","ping_status":"open","sticky":false,"template":"","format":"standard","meta":{"footnotes":""},"categories":[10],"tags":[703],"class_list":["post-3024","post","type-post","status-publish","format-standard","has-post-thumbnail","hentry","category-education","tag-education-au-togo"],"yoast_head":"<!-- This site is optimized with the Yoast SEO plugin v26.4 - https:\/\/yoast.com\/wordpress\/plugins\/seo\/ -->\n<title>Education\u00a0: Le taux d&#039;ach\u00e8vement du primaire attendu \u00e0 121,70 % en 2025 au Togo - La Voix de la Nation<\/title>\n<meta name=\"description\" content=\"L&#039;\u00e9ducation de base occupe une place centrale dans les priorit\u00e9s du Togo, qui multiplie depuis des ann\u00e9es les actions en faveur de l&#039;acc\u00e8s universel et du maintien des enfants \u00e0 l&#039;\u00e9cole. Ces efforts soutenus portent progressivement leurs fruits, comme en t\u00e9moigne la progression r\u00e9guli\u00e8re du taux d&#039;ach\u00e8vement du primaire.\" \/>\n<meta name=\"robots\" content=\"index, follow, max-snippet:-1, max-image-preview:large, max-video-preview:-1\" \/>\n<link rel=\"canonical\" href=\"https:\/\/lavoixdelanation.tg\/index.php\/2025\/06\/02\/education-le-taux-dachevement-du-primaire-attendu-a-12170-en-2025-au-togo\/\" \/>\n<meta property=\"og:locale\" content=\"fr_FR\" \/>\n<meta property=\"og:type\" content=\"article\" \/>\n<meta property=\"og:title\" content=\"Education\u00a0: Le taux d&#039;ach\u00e8vement du primaire attendu \u00e0 121,70 % en 2025 au Togo - La Voix de la Nation\" \/>\n<meta property=\"og:description\" content=\"L&#039;\u00e9ducation de base occupe une place centrale dans les priorit\u00e9s du Togo, qui multiplie depuis des ann\u00e9es les actions en faveur de l&#039;acc\u00e8s universel et du maintien des enfants \u00e0 l&#039;\u00e9cole. Ces efforts soutenus portent progressivement leurs fruits, comme en t\u00e9moigne la progression r\u00e9guli\u00e8re du taux d&#039;ach\u00e8vement du primaire.\" \/>\n<meta property=\"og:url\" content=\"https:\/\/lavoixdelanation.tg\/index.php\/2025\/06\/02\/education-le-taux-dachevement-du-primaire-attendu-a-12170-en-2025-au-togo\/\" \/>\n<meta property=\"og:site_name\" content=\"La Voix de la Nation\" \/>\n<meta property=\"article:publisher\" content=\"https:\/\/www.facebook.com\/lavoixdelanation\" \/>\n<meta property=\"article:published_time\" content=\"2025-06-02T15:07:09+00:00\" \/>\n<meta property=\"article:modified_time\" content=\"2025-06-02T16:40:10+00:00\" \/>\n<meta property=\"og:image\" content=\"https:\/\/lavoixdelanation.tg\/wp-content\/uploads\/2025\/06\/Le-taux-dachevement-du-primaire-attendu-a-12170-en-2025-au-Togo.jpg\" \/>\n\t<meta property=\"og:image:width\" content=\"640\" \/>\n\t<meta property=\"og:image:height\" content=\"427\" \/>\n\t<meta property=\"og:image:type\" content=\"image\/jpeg\" \/>\n<meta name=\"author\" content=\"La voix de la nation\" \/>\n<meta name=\"twitter:card\" content=\"summary_large_image\" \/>\n<meta name=\"twitter:label1\" content=\"\u00c9crit par\" \/>\n\t<meta name=\"twitter:data1\" content=\"La voix de la nation\" \/>\n\t<meta name=\"twitter:label2\" content=\"Dur\u00e9e de lecture estim\u00e9e\" \/>\n\t<meta name=\"twitter:data2\" content=\"2 minutes\" \/>\n<script type=\"application\/ld+json\" class=\"yoast-schema-graph\">{\"@context\":\"https:\/\/schema.org\",\"@graph\":[{\"@type\":\"Article\",\"@id\":\"https:\/\/lavoixdelanation.tg\/index.php\/2025\/06\/02\/education-le-taux-dachevement-du-primaire-attendu-a-12170-en-2025-au-togo\/#article\",\"isPartOf\":{\"@id\":\"https:\/\/lavoixdelanation.tg\/index.php\/2025\/06\/02\/education-le-taux-dachevement-du-primaire-attendu-a-12170-en-2025-au-togo\/\"},\"author\":{\"name\":\"La voix de la nation\",\"@id\":\"https:\/\/lavoixdelanation.tg\/#\/schema\/person\/6c489293aa38053673a9e554acb6e224\"},\"headline\":\"Education\u00a0: Le taux d&rsquo;ach\u00e8vement du primaire attendu \u00e0 121,70 % en 2025 au Togo\",\"datePublished\":\"2025-06-02T15:07:09+00:00\",\"dateModified\":\"2025-06-02T16:40:10+00:00\",\"mainEntityOfPage\":{\"@id\":\"https:\/\/lavoixdelanation.tg\/index.php\/2025\/06\/02\/education-le-taux-dachevement-du-primaire-attendu-a-12170-en-2025-au-togo\/\"},\"wordCount\":362,\"commentCount\":0,\"publisher\":{\"@id\":\"https:\/\/lavoixdelanation.tg\/#organization\"},\"image\":{\"@id\":\"https:\/\/lavoixdelanation.tg\/index.php\/2025\/06\/02\/education-le-taux-dachevement-du-primaire-attendu-a-12170-en-2025-au-togo\/#primaryimage\"},\"thumbnailUrl\":\"https:\/\/lavoixdelanation.tg\/wp-content\/uploads\/2025\/06\/Le-taux-dachevement-du-primaire-attendu-a-12170-en-2025-au-Togo.jpg\",\"keywords\":[\"Education au Togo\"],\"articleSection\":[\"Education\"],\"inLanguage\":\"fr-FR\",\"potentialAction\":[{\"@type\":\"CommentAction\",\"name\":\"Comment\",\"target\":[\"https:\/\/lavoixdelanation.tg\/index.php\/2025\/06\/02\/education-le-taux-dachevement-du-primaire-attendu-a-12170-en-2025-au-togo\/#respond\"]}]},{\"@type\":\"WebPage\",\"@id\":\"https:\/\/lavoixdelanation.tg\/index.php\/2025\/06\/02\/education-le-taux-dachevement-du-primaire-attendu-a-12170-en-2025-au-togo\/\",\"url\":\"https:\/\/lavoixdelanation.tg\/index.php\/2025\/06\/02\/education-le-taux-dachevement-du-primaire-attendu-a-12170-en-2025-au-togo\/\",\"name\":\"Education\u00a0: Le taux d'ach\u00e8vement du primaire attendu \u00e0 121,70 % en 2025 au Togo - La Voix de la Nation\",\"isPartOf\":{\"@id\":\"https:\/\/lavoixdelanation.tg\/#website\"},\"primaryImageOfPage\":{\"@id\":\"https:\/\/lavoixdelanation.tg\/index.php\/2025\/06\/02\/education-le-taux-dachevement-du-primaire-attendu-a-12170-en-2025-au-togo\/#primaryimage\"},\"image\":{\"@id\":\"https:\/\/lavoixdelanation.tg\/index.php\/2025\/06\/02\/education-le-taux-dachevement-du-primaire-attendu-a-12170-en-2025-au-togo\/#primaryimage\"},\"thumbnailUrl\":\"https:\/\/lavoixdelanation.tg\/wp-content\/uploads\/2025\/06\/Le-taux-dachevement-du-primaire-attendu-a-12170-en-2025-au-Togo.jpg\",\"datePublished\":\"2025-06-02T15:07:09+00:00\",\"dateModified\":\"2025-06-02T16:40:10+00:00\",\"description\":\"L'\u00e9ducation de base occupe une place centrale dans les priorit\u00e9s du Togo, qui multiplie depuis des ann\u00e9es les actions en faveur de l'acc\u00e8s universel et du maintien des enfants \u00e0 l'\u00e9cole. Ces efforts soutenus portent progressivement leurs fruits, comme en t\u00e9moigne la progression r\u00e9guli\u00e8re du taux d'ach\u00e8vement du primaire.\",\"breadcrumb\":{\"@id\":\"https:\/\/lavoixdelanation.tg\/index.php\/2025\/06\/02\/education-le-taux-dachevement-du-primaire-attendu-a-12170-en-2025-au-togo\/#breadcrumb\"},\"inLanguage\":\"fr-FR\",\"potentialAction\":[{\"@type\":\"ReadAction\",\"target\":[\"https:\/\/lavoixdelanation.tg\/index.php\/2025\/06\/02\/education-le-taux-dachevement-du-primaire-attendu-a-12170-en-2025-au-togo\/\"]}]},{\"@type\":\"ImageObject\",\"inLanguage\":\"fr-FR\",\"@id\":\"https:\/\/lavoixdelanation.tg\/index.php\/2025\/06\/02\/education-le-taux-dachevement-du-primaire-attendu-a-12170-en-2025-au-togo\/#primaryimage\",\"url\":\"https:\/\/lavoixdelanation.tg\/wp-content\/uploads\/2025\/06\/Le-taux-dachevement-du-primaire-attendu-a-12170-en-2025-au-Togo.jpg\",\"contentUrl\":\"https:\/\/lavoixdelanation.tg\/wp-content\/uploads\/2025\/06\/Le-taux-dachevement-du-primaire-attendu-a-12170-en-2025-au-Togo.jpg\",\"width\":640,\"height\":427},{\"@type\":\"BreadcrumbList\",\"@id\":\"https:\/\/lavoixdelanation.tg\/index.php\/2025\/06\/02\/education-le-taux-dachevement-du-primaire-attendu-a-12170-en-2025-au-togo\/#breadcrumb\",\"itemListElement\":[{\"@type\":\"ListItem\",\"position\":1,\"name\":\"Accueil\",\"item\":\"https:\/\/lavoixdelanation.tg\/\"},{\"@type\":\"ListItem\",\"position\":2,\"name\":\"Education\u00a0: Le taux d&rsquo;ach\u00e8vement du primaire attendu \u00e0 121,70 % en 2025 au Togo\"}]},{\"@type\":\"WebSite\",\"@id\":\"https:\/\/lavoixdelanation.tg\/#website\",\"url\":\"https:\/\/lavoixdelanation.tg\/\",\"name\":\"La Voix de la Nation\",\"description\":\"R\u00e9c\u00e9piss\u00e9 n\u00b00108\/HAAC\/01-2024\/pl\/P\",\"publisher\":{\"@id\":\"https:\/\/lavoixdelanation.tg\/#organization\"},\"alternateName\":\"VON\",\"potentialAction\":[{\"@type\":\"SearchAction\",\"target\":{\"@type\":\"EntryPoint\",\"urlTemplate\":\"https:\/\/lavoixdelanation.tg\/?s={search_term_string}\"},\"query-input\":{\"@type\":\"PropertyValueSpecification\",\"valueRequired\":true,\"valueName\":\"search_term_string\"}}],\"inLanguage\":\"fr-FR\"},{\"@type\":\"Organization\",\"@id\":\"https:\/\/lavoixdelanation.tg\/#organization\",\"name\":\"La Voix de la Nation\",\"url\":\"https:\/\/lavoixdelanation.tg\/\",\"logo\":{\"@type\":\"ImageObject\",\"inLanguage\":\"fr-FR\",\"@id\":\"https:\/\/lavoixdelanation.tg\/#\/schema\/logo\/image\/\",\"url\":\"https:\/\/lavoixdelanation.tg\/wp-content\/uploads\/2024\/12\/lavn-1.png\",\"contentUrl\":\"https:\/\/lavoixdelanation.tg\/wp-content\/uploads\/2024\/12\/lavn-1.png\",\"width\":1024,\"height\":464,\"caption\":\"La Voix de la Nation\"},\"image\":{\"@id\":\"https:\/\/lavoixdelanation.tg\/#\/schema\/logo\/image\/\"},\"sameAs\":[\"https:\/\/www.facebook.com\/lavoixdelanation\"]},{\"@type\":\"Person\",\"@id\":\"https:\/\/lavoixdelanation.tg\/#\/schema\/person\/6c489293aa38053673a9e554acb6e224\",\"name\":\"La voix de la nation\",\"image\":{\"@type\":\"ImageObject\",\"inLanguage\":\"fr-FR\",\"@id\":\"https:\/\/lavoixdelanation.tg\/#\/schema\/person\/image\/\",\"url\":\"https:\/\/secure.gravatar.com\/avatar\/8aa135d4bbc794494cecaa8d483f6d6cc1023624868deaff686baed5e727a5a1?s=96&d=mm&r=g\",\"contentUrl\":\"https:\/\/secure.gravatar.com\/avatar\/8aa135d4bbc794494cecaa8d483f6d6cc1023624868deaff686baed5e727a5a1?s=96&d=mm&r=g\",\"caption\":\"La voix de la nation\"},\"sameAs\":[\"https:\/\/lavoixdelanation.tg\"],\"url\":\"https:\/\/lavoixdelanation.tg\/index.php\/author\/lavn\/\"}]}<\/script>\n<!-- \/ Yoast SEO plugin. -->","yoast_head_json":{"title":"Education\u00a0: Le taux d'ach\u00e8vement du primaire attendu \u00e0 121,70 % en 2025 au Togo - La Voix de la Nation","description":"L'\u00e9ducation de base occupe une place centrale dans les priorit\u00e9s du Togo, qui multiplie depuis des ann\u00e9es les actions en faveur de l'acc\u00e8s universel et du maintien des enfants \u00e0 l'\u00e9cole. Ces efforts soutenus portent progressivement leurs fruits, comme en t\u00e9moigne la progression r\u00e9guli\u00e8re du taux d'ach\u00e8vement du primaire.","robots":{"index":"index","follow":"follow","max-snippet":"max-snippet:-1","max-image-preview":"max-image-preview:large","max-video-preview":"max-video-preview:-1"},"canonical":"https:\/\/lavoixdelanation.tg\/index.php\/2025\/06\/02\/education-le-taux-dachevement-du-primaire-attendu-a-12170-en-2025-au-togo\/","og_locale":"fr_FR","og_type":"article","og_title":"Education\u00a0: Le taux d'ach\u00e8vement du primaire attendu \u00e0 121,70 % en 2025 au Togo - La Voix de la Nation","og_description":"L'\u00e9ducation de base occupe une place centrale dans les priorit\u00e9s du Togo, qui multiplie depuis des ann\u00e9es les actions en faveur de l'acc\u00e8s universel et du maintien des enfants \u00e0 l'\u00e9cole. Ces efforts soutenus portent progressivement leurs fruits, comme en t\u00e9moigne la progression r\u00e9guli\u00e8re du taux d'ach\u00e8vement du primaire.","og_url":"https:\/\/lavoixdelanation.tg\/index.php\/2025\/06\/02\/education-le-taux-dachevement-du-primaire-attendu-a-12170-en-2025-au-togo\/","og_site_name":"La Voix de la Nation","article_publisher":"https:\/\/www.facebook.com\/lavoixdelanation","article_published_time":"2025-06-02T15:07:09+00:00","article_modified_time":"2025-06-02T16:40:10+00:00","og_image":[{"width":640,"height":427,"url":"https:\/\/lavoixdelanation.tg\/wp-content\/uploads\/2025\/06\/Le-taux-dachevement-du-primaire-attendu-a-12170-en-2025-au-Togo.jpg","type":"image\/jpeg"}],"author":"La voix de la nation","twitter_card":"summary_large_image","twitter_misc":{"\u00c9crit par":"La voix de la nation","Dur\u00e9e de lecture estim\u00e9e":"2 minutes"},"schema":{"@context":"https:\/\/schema.org","@graph":[{"@type":"Article","@id":"https:\/\/lavoixdelanation.tg\/index.php\/2025\/06\/02\/education-le-taux-dachevement-du-primaire-attendu-a-12170-en-2025-au-togo\/#article","isPartOf":{"@id":"https:\/\/lavoixdelanation.tg\/index.php\/2025\/06\/02\/education-le-taux-dachevement-du-primaire-attendu-a-12170-en-2025-au-togo\/"},"author":{"name":"La voix de la nation","@id":"https:\/\/lavoixdelanation.tg\/#\/schema\/person\/6c489293aa38053673a9e554acb6e224"},"headline":"Education\u00a0: Le taux d&rsquo;ach\u00e8vement du primaire attendu \u00e0 121,70 % en 2025 au Togo","datePublished":"2025-06-02T15:07:09+00:00","dateModified":"2025-06-02T16:40:10+00:00","mainEntityOfPage":{"@id":"https:\/\/lavoixdelanation.tg\/index.php\/2025\/06\/02\/education-le-taux-dachevement-du-primaire-attendu-a-12170-en-2025-au-togo\/"},"wordCount":362,"commentCount":0,"publisher":{"@id":"https:\/\/lavoixdelanation.tg\/#organization"},"image":{"@id":"https:\/\/lavoixdelanation.tg\/index.php\/2025\/06\/02\/education-le-taux-dachevement-du-primaire-attendu-a-12170-en-2025-au-togo\/#primaryimage"},"thumbnailUrl":"https:\/\/lavoixdelanation.tg\/wp-content\/uploads\/2025\/06\/Le-taux-dachevement-du-primaire-attendu-a-12170-en-2025-au-Togo.jpg","keywords":["Education au Togo"],"articleSection":["Education"],"inLanguage":"fr-FR","potentialAction":[{"@type":"CommentAction","name":"Comment","target":["https:\/\/lavoixdelanation.tg\/index.php\/2025\/06\/02\/education-le-taux-dachevement-du-primaire-attendu-a-12170-en-2025-au-togo\/#respond"]}]},{"@type":"WebPage","@id":"https:\/\/lavoixdelanation.tg\/index.php\/2025\/06\/02\/education-le-taux-dachevement-du-primaire-attendu-a-12170-en-2025-au-togo\/","url":"https:\/\/lavoixdelanation.tg\/index.php\/2025\/06\/02\/education-le-taux-dachevement-du-primaire-attendu-a-12170-en-2025-au-togo\/","name":"Education\u00a0: Le taux d'ach\u00e8vement du primaire attendu \u00e0 121,70 % en 2025 au Togo - La Voix de la Nation","isPartOf":{"@id":"https:\/\/lavoixdelanation.tg\/#website"},"primaryImageOfPage":{"@id":"https:\/\/lavoixdelanation.tg\/index.php\/2025\/06\/02\/education-le-taux-dachevement-du-primaire-attendu-a-12170-en-2025-au-togo\/#primaryimage"},"image":{"@id":"https:\/\/lavoixdelanation.tg\/index.php\/2025\/06\/02\/education-le-taux-dachevement-du-primaire-attendu-a-12170-en-2025-au-togo\/#primaryimage"},"thumbnailUrl":"https:\/\/lavoixdelanation.tg\/wp-content\/uploads\/2025\/06\/Le-taux-dachevement-du-primaire-attendu-a-12170-en-2025-au-Togo.jpg","datePublished":"2025-06-02T15:07:09+00:00","dateModified":"2025-06-02T16:40:10+00:00","description":"L'\u00e9ducation de base occupe une place centrale dans les priorit\u00e9s du Togo, qui multiplie depuis des ann\u00e9es les actions en faveur de l'acc\u00e8s universel et du maintien des enfants \u00e0 l'\u00e9cole. Ces efforts soutenus portent progressivement leurs fruits, comme en t\u00e9moigne la progression r\u00e9guli\u00e8re du taux d'ach\u00e8vement du primaire.","breadcrumb":{"@id":"https:\/\/lavoixdelanation.tg\/index.php\/2025\/06\/02\/education-le-taux-dachevement-du-primaire-attendu-a-12170-en-2025-au-togo\/#breadcrumb"},"inLanguage":"fr-FR","potentialAction":[{"@type":"ReadAction","target":["https:\/\/lavoixdelanation.tg\/index.php\/2025\/06\/02\/education-le-taux-dachevement-du-primaire-attendu-a-12170-en-2025-au-togo\/"]}]},{"@type":"ImageObject","inLanguage":"fr-FR","@id":"https:\/\/lavoixdelanation.tg\/index.php\/2025\/06\/02\/education-le-taux-dachevement-du-primaire-attendu-a-12170-en-2025-au-togo\/#primaryimage","url":"https:\/\/lavoixdelanation.tg\/wp-content\/uploads\/2025\/06\/Le-taux-dachevement-du-primaire-attendu-a-12170-en-2025-au-Togo.jpg","contentUrl":"https:\/\/lavoixdelanation.tg\/wp-content\/uploads\/2025\/06\/Le-taux-dachevement-du-primaire-attendu-a-12170-en-2025-au-Togo.jpg","width":640,"height":427},{"@type":"BreadcrumbList","@id":"https:\/\/lavoixdelanation.tg\/index.php\/2025\/06\/02\/education-le-taux-dachevement-du-primaire-attendu-a-12170-en-2025-au-togo\/#breadcrumb","itemListElement":[{"@type":"ListItem","position":1,"name":"Accueil","item":"https:\/\/lavoixdelanation.tg\/"},{"@type":"ListItem","position":2,"name":"Education\u00a0: Le taux d&rsquo;ach\u00e8vement du primaire attendu \u00e0 121,70 % en 2025 au Togo"}]},{"@type":"WebSite","@id":"https:\/\/lavoixdelanation.tg\/#website","url":"https:\/\/lavoixdelanation.tg\/","name":"La Voix de la Nation","description":"R\u00e9c\u00e9piss\u00e9 n\u00b00108\/HAAC\/01-2024\/pl\/P","publisher":{"@id":"https:\/\/lavoixdelanation.tg\/#organization"},"alternateName":"VON","potentialAction":[{"@type":"SearchAction","target":{"@type":"EntryPoint","urlTemplate":"https:\/\/lavoixdelanation.tg\/?s={search_term_string}"},"query-input":{"@type":"PropertyValueSpecification","valueRequired":true,"valueName":"search_term_string"}}],"inLanguage":"fr-FR"},{"@type":"Organization","@id":"https:\/\/lavoixdelanation.tg\/#organization","name":"La Voix de la Nation","url":"https:\/\/lavoixdelanation.tg\/","logo":{"@type":"ImageObject","inLanguage":"fr-FR","@id":"https:\/\/lavoixdelanation.tg\/#\/schema\/logo\/image\/","url":"https:\/\/lavoixdelanation.tg\/wp-content\/uploads\/2024\/12\/lavn-1.png","contentUrl":"https:\/\/lavoixdelanation.tg\/wp-content\/uploads\/2024\/12\/lavn-1.png","width":1024,"height":464,"caption":"La Voix de la Nation"},"image":{"@id":"https:\/\/lavoixdelanation.tg\/#\/schema\/logo\/image\/"},"sameAs":["https:\/\/www.facebook.com\/lavoixdelanation"]},{"@type":"Person","@id":"https:\/\/lavoixdelanation.tg\/#\/schema\/person\/6c489293aa38053673a9e554acb6e224","name":"La voix de la nation","image":{"@type":"ImageObject","inLanguage":"fr-FR","@id":"https:\/\/lavoixdelanation.tg\/#\/schema\/person\/image\/","url":"https:\/\/secure.gravatar.com\/avatar\/8aa135d4bbc794494cecaa8d483f6d6cc1023624868deaff686baed5e727a5a1?s=96&d=mm&r=g","contentUrl":"https:\/\/secure.gravatar.com\/avatar\/8aa135d4bbc794494cecaa8d483f6d6cc1023624868deaff686baed5e727a5a1?s=96&d=mm&r=g","caption":"La voix de la nation"},"sameAs":["https:\/\/lavoixdelanation.tg"],"url":"https:\/\/lavoixdelanation.tg\/index.php\/author\/lavn\/"}]}},"_links":{"self":[{"href":"https:\/\/lavoixdelanation.tg\/index.php\/wp-json\/wp\/v2\/posts\/3024","targetHints":{"allow":["GET"]}}],"collection":[{"href":"https:\/\/lavoixdelanation.tg\/index.php\/wp-json\/wp\/v2\/posts"}],"about":[{"href":"https:\/\/lavoixdelanation.tg\/index.php\/wp-json\/wp\/v2\/types\/post"}],"author":[{"embeddable":true,"href":"https:\/\/lavoixdelanation.tg\/index.php\/wp-json\/wp\/v2\/users\/1"}],"replies":[{"embeddable":true,"href":"https:\/\/lavoixdelanation.tg\/index.php\/wp-json\/wp\/v2\/comments?post=3024"}],"version-history":[{"count":1,"href":"https:\/\/lavoixdelanation.tg\/index.php\/wp-json\/wp\/v2\/posts\/3024\/revisions"}],"predecessor-version":[{"id":3026,"href":"https:\/\/lavoixdelanation.tg\/index.php\/wp-json\/wp\/v2\/posts\/3024\/revisions\/3026"}],"wp:featuredmedia":[{"embeddable":true,"href":"https:\/\/lavoixdelanation.tg\/index.php\/wp-json\/wp\/v2\/media\/3025"}],"wp:attachment":[{"href":"https:\/\/lavoixdelanation.tg\/index.php\/wp-json\/wp\/v2\/media?parent=3024"}],"wp:term":[{"taxonomy":"category","embeddable":true,"href":"https:\/\/lavoixdelanation.tg\/index.php\/wp-json\/wp\/v2\/categories?post=3024"},{"taxonomy":"post_tag","embeddable":true,"href":"https:\/\/lavoixdelanation.tg\/index.php\/wp-json\/wp\/v2\/tags?post=3024"}],"curies":[{"name":"wp","href":"https:\/\/api.w.org\/{rel}","templated":true}]}}