{"id":3008,"date":"2025-06-01T21:16:24","date_gmt":"2025-06-01T19:16:24","guid":{"rendered":"https:\/\/lavoixdelanation.tg\/?p=3008"},"modified":"2025-06-01T21:16:25","modified_gmt":"2025-06-01T19:16:25","slug":"journee-nationale-de-larbre-les-forces-armees-togolaises-ont-repondu-present","status":"publish","type":"post","link":"https:\/\/lavoixdelanation.tg\/index.php\/2025\/06\/01\/journee-nationale-de-larbre-les-forces-armees-togolaises-ont-repondu-present\/","title":{"rendered":"Journ\u00e9e nationale de l\u2019arbre\u00a0: Les Forces arm\u00e9es togolaises ont r\u00e9pondu pr\u00e9sent"},"content":{"rendered":"\n<p><strong>Les Forces arm\u00e9es togolaises (FAT) se sont encore une fois mobilis\u00e9es ce dimanche 1<sup>er<\/sup> juin 2025 pour mettre en terre des plants \u00e0 l\u2019occasion de la journ\u00e9e nationale de l\u2019arbre.<\/strong><\/p>\n\n\n\n<p>Le ton a \u00e9t\u00e9 donn\u00e9 \u00e0 Lom\u00e9 au sein de l\u2019\u00e9tat-major g\u00e9n\u00e9ral des FAT par le G\u00e9n\u00e9ral de Brigade ALLAHARE Dimini (Chef d\u2019\u00e9tat-major g\u00e9n\u00e9ral).<\/p>\n\n\n\n<p>Il a plant\u00e9 symboliquement un jeune Sterculia (kapokier), r\u00e9affirmant ainsi l\u2019engagement de l\u2019arm\u00e9e dans cette action citoyenne instaur\u00e9e depuis 1977 par feu le G\u00e9n\u00e9ral Gnassingb\u00e9 Eyad\u00e9ma.<\/p>\n\n\n\n<p>Officiers, sous-officiers et militaires de rang ont ensuite embo\u00eet\u00e9 le pas, mettant en terre plus de 500 jeunes plants notamment (eucalyptus, acacias, kapokiers, neems) le long de la cl\u00f4ture sud et \u00e0 l\u2019int\u00e9rieur de l\u2019\u00e9tat-major g\u00e9n\u00e9ral.<\/p>\n\n\n\n<p>Cette journ\u00e9e de l\u2019arbre a \u00e9t\u00e9 \u00e9galement observ\u00e9e dans tous les secteurs militaires et de gendarmerie \u00e0 travers le pays, avec la m\u00eame ferveur.<\/p>\n\n\n\n<p>Les militaires de l\u2019op\u00e9ration Koundjoar\u00e9 mobilis\u00e9s pour lutter contre les groupes arm\u00e9s terroristes dans la r\u00e9gion des Savanes ont aussi particip\u00e9 \u00e0 cette campagne de reboisement au service de la pr\u00e9servation de l\u2019environnement dans le pays.<\/p>\n\n\n\n<p><strong>David S.<\/strong><\/p>\n","protected":false},"excerpt":{"rendered":"<p>Les Forces arm\u00e9es togolaises (FAT) se sont encore une fois mobilis\u00e9es ce dimanche 1er juin 2025 pour mettre en terre des plants \u00e0 l\u2019occasion de la journ\u00e9e nationale de l\u2019arbre.&hellip; <\/p>\n","protected":false},"author":1,"featured_media":3009,"comment_status":"open","ping_status":"open","sticky":false,"template":"","format":"standard","meta":{"footnotes":""},"categories":[29],"tags":[522,700,39],"class_list":["post-3008","post","type-post","status-publish","format-standard","has-post-thumbnail","hentry","category-societe","tag-forces-armees-togolaises","tag-journee-nationale-de-larbre","tag-togo"],"yoast_head":"<!-- This site is optimized with the Yoast SEO plugin v26.4 - https:\/\/yoast.com\/wordpress\/plugins\/seo\/ -->\n<title>Journ\u00e9e nationale de l\u2019arbre\u00a0: Les Forces arm\u00e9es togolaises ont r\u00e9pondu pr\u00e9sent - La Voix de la Nation<\/title>\n<meta name=\"robots\" content=\"index, follow, max-snippet:-1, max-image-preview:large, max-video-preview:-1\" \/>\n<link rel=\"canonical\" href=\"https:\/\/lavoixdelanation.tg\/index.php\/2025\/06\/01\/journee-nationale-de-larbre-les-forces-armees-togolaises-ont-repondu-present\/\" \/>\n<meta property=\"og:locale\" content=\"fr_FR\" \/>\n<meta property=\"og:type\" content=\"article\" \/>\n<meta property=\"og:title\" content=\"Journ\u00e9e nationale de l\u2019arbre\u00a0: Les Forces arm\u00e9es togolaises ont r\u00e9pondu pr\u00e9sent - La Voix de la Nation\" \/>\n<meta property=\"og:description\" content=\"Les Forces arm\u00e9es togolaises (FAT) se sont encore une fois mobilis\u00e9es ce dimanche 1er juin 2025 pour mettre en terre des plants \u00e0 l\u2019occasion de la journ\u00e9e nationale de l\u2019arbre.&hellip;\" \/>\n<meta property=\"og:url\" content=\"https:\/\/lavoixdelanation.tg\/index.php\/2025\/06\/01\/journee-nationale-de-larbre-les-forces-armees-togolaises-ont-repondu-present\/\" \/>\n<meta property=\"og:site_name\" content=\"La Voix de la Nation\" \/>\n<meta property=\"article:publisher\" content=\"https:\/\/www.facebook.com\/lavoixdelanation\" \/>\n<meta property=\"article:published_time\" content=\"2025-06-01T19:16:24+00:00\" \/>\n<meta property=\"article:modified_time\" content=\"2025-06-01T19:16:25+00:00\" \/>\n<meta property=\"og:image\" content=\"https:\/\/lavoixdelanation.tg\/wp-content\/uploads\/2025\/06\/Mise-en-terre-de-plants-par-les-Forces-armees-togolaises-image-FAT.jpeg\" \/>\n\t<meta property=\"og:image:width\" content=\"649\" \/>\n\t<meta property=\"og:image:height\" content=\"450\" \/>\n\t<meta property=\"og:image:type\" content=\"image\/jpeg\" \/>\n<meta name=\"author\" content=\"La voix de la nation\" \/>\n<meta name=\"twitter:card\" content=\"summary_large_image\" \/>\n<meta name=\"twitter:label1\" content=\"\u00c9crit par\" \/>\n\t<meta name=\"twitter:data1\" content=\"La voix de la nation\" \/>\n\t<meta name=\"twitter:label2\" content=\"Dur\u00e9e de lecture estim\u00e9e\" \/>\n\t<meta name=\"twitter:data2\" content=\"1 minute\" \/>\n<script type=\"application\/ld+json\" class=\"yoast-schema-graph\">{\"@context\":\"https:\/\/schema.org\",\"@graph\":[{\"@type\":\"Article\",\"@id\":\"https:\/\/lavoixdelanation.tg\/index.php\/2025\/06\/01\/journee-nationale-de-larbre-les-forces-armees-togolaises-ont-repondu-present\/#article\",\"isPartOf\":{\"@id\":\"https:\/\/lavoixdelanation.tg\/index.php\/2025\/06\/01\/journee-nationale-de-larbre-les-forces-armees-togolaises-ont-repondu-present\/\"},\"author\":{\"name\":\"La voix de la nation\",\"@id\":\"https:\/\/lavoixdelanation.tg\/#\/schema\/person\/6c489293aa38053673a9e554acb6e224\"},\"headline\":\"Journ\u00e9e nationale de l\u2019arbre\u00a0: Les Forces arm\u00e9es togolaises ont r\u00e9pondu pr\u00e9sent\",\"datePublished\":\"2025-06-01T19:16:24+00:00\",\"dateModified\":\"2025-06-01T19:16:25+00:00\",\"mainEntityOfPage\":{\"@id\":\"https:\/\/lavoixdelanation.tg\/index.php\/2025\/06\/01\/journee-nationale-de-larbre-les-forces-armees-togolaises-ont-repondu-present\/\"},\"wordCount\":225,\"commentCount\":0,\"publisher\":{\"@id\":\"https:\/\/lavoixdelanation.tg\/#organization\"},\"image\":{\"@id\":\"https:\/\/lavoixdelanation.tg\/index.php\/2025\/06\/01\/journee-nationale-de-larbre-les-forces-armees-togolaises-ont-repondu-present\/#primaryimage\"},\"thumbnailUrl\":\"https:\/\/lavoixdelanation.tg\/wp-content\/uploads\/2025\/06\/Mise-en-terre-de-plants-par-les-Forces-armees-togolaises-image-FAT.jpeg\",\"keywords\":[\"Forces arm\u00e9es togolaises\",\"journ\u00e9e nationale de l\u2019arbre\",\"Togo\"],\"articleSection\":[\"Soci\u00e9t\u00e9\"],\"inLanguage\":\"fr-FR\",\"potentialAction\":[{\"@type\":\"CommentAction\",\"name\":\"Comment\",\"target\":[\"https:\/\/lavoixdelanation.tg\/index.php\/2025\/06\/01\/journee-nationale-de-larbre-les-forces-armees-togolaises-ont-repondu-present\/#respond\"]}]},{\"@type\":\"WebPage\",\"@id\":\"https:\/\/lavoixdelanation.tg\/index.php\/2025\/06\/01\/journee-nationale-de-larbre-les-forces-armees-togolaises-ont-repondu-present\/\",\"url\":\"https:\/\/lavoixdelanation.tg\/index.php\/2025\/06\/01\/journee-nationale-de-larbre-les-forces-armees-togolaises-ont-repondu-present\/\",\"name\":\"Journ\u00e9e nationale de l\u2019arbre\u00a0: Les Forces arm\u00e9es togolaises ont r\u00e9pondu pr\u00e9sent - La Voix de la Nation\",\"isPartOf\":{\"@id\":\"https:\/\/lavoixdelanation.tg\/#website\"},\"primaryImageOfPage\":{\"@id\":\"https:\/\/lavoixdelanation.tg\/index.php\/2025\/06\/01\/journee-nationale-de-larbre-les-forces-armees-togolaises-ont-repondu-present\/#primaryimage\"},\"image\":{\"@id\":\"https:\/\/lavoixdelanation.tg\/index.php\/2025\/06\/01\/journee-nationale-de-larbre-les-forces-armees-togolaises-ont-repondu-present\/#primaryimage\"},\"thumbnailUrl\":\"https:\/\/lavoixdelanation.tg\/wp-content\/uploads\/2025\/06\/Mise-en-terre-de-plants-par-les-Forces-armees-togolaises-image-FAT.jpeg\",\"datePublished\":\"2025-06-01T19:16:24+00:00\",\"dateModified\":\"2025-06-01T19:16:25+00:00\",\"breadcrumb\":{\"@id\":\"https:\/\/lavoixdelanation.tg\/index.php\/2025\/06\/01\/journee-nationale-de-larbre-les-forces-armees-togolaises-ont-repondu-present\/#breadcrumb\"},\"inLanguage\":\"fr-FR\",\"potentialAction\":[{\"@type\":\"ReadAction\",\"target\":[\"https:\/\/lavoixdelanation.tg\/index.php\/2025\/06\/01\/journee-nationale-de-larbre-les-forces-armees-togolaises-ont-repondu-present\/\"]}]},{\"@type\":\"ImageObject\",\"inLanguage\":\"fr-FR\",\"@id\":\"https:\/\/lavoixdelanation.tg\/index.php\/2025\/06\/01\/journee-nationale-de-larbre-les-forces-armees-togolaises-ont-repondu-present\/#primaryimage\",\"url\":\"https:\/\/lavoixdelanation.tg\/wp-content\/uploads\/2025\/06\/Mise-en-terre-de-plants-par-les-Forces-armees-togolaises-image-FAT.jpeg\",\"contentUrl\":\"https:\/\/lavoixdelanation.tg\/wp-content\/uploads\/2025\/06\/Mise-en-terre-de-plants-par-les-Forces-armees-togolaises-image-FAT.jpeg\",\"width\":649,\"height\":450,\"caption\":\"Mise en terre de plants par les Forces arm\u00e9es togolaises (image, FAT)\"},{\"@type\":\"BreadcrumbList\",\"@id\":\"https:\/\/lavoixdelanation.tg\/index.php\/2025\/06\/01\/journee-nationale-de-larbre-les-forces-armees-togolaises-ont-repondu-present\/#breadcrumb\",\"itemListElement\":[{\"@type\":\"ListItem\",\"position\":1,\"name\":\"Accueil\",\"item\":\"https:\/\/lavoixdelanation.tg\/\"},{\"@type\":\"ListItem\",\"position\":2,\"name\":\"Journ\u00e9e nationale de l\u2019arbre\u00a0: Les Forces arm\u00e9es togolaises ont r\u00e9pondu pr\u00e9sent\"}]},{\"@type\":\"WebSite\",\"@id\":\"https:\/\/lavoixdelanation.tg\/#website\",\"url\":\"https:\/\/lavoixdelanation.tg\/\",\"name\":\"La Voix de la Nation\",\"description\":\"R\u00e9c\u00e9piss\u00e9 n\u00b00108\/HAAC\/01-2024\/pl\/P\",\"publisher\":{\"@id\":\"https:\/\/lavoixdelanation.tg\/#organization\"},\"alternateName\":\"VON\",\"potentialAction\":[{\"@type\":\"SearchAction\",\"target\":{\"@type\":\"EntryPoint\",\"urlTemplate\":\"https:\/\/lavoixdelanation.tg\/?s={search_term_string}\"},\"query-input\":{\"@type\":\"PropertyValueSpecification\",\"valueRequired\":true,\"valueName\":\"search_term_string\"}}],\"inLanguage\":\"fr-FR\"},{\"@type\":\"Organization\",\"@id\":\"https:\/\/lavoixdelanation.tg\/#organization\",\"name\":\"La Voix de la Nation\",\"url\":\"https:\/\/lavoixdelanation.tg\/\",\"logo\":{\"@type\":\"ImageObject\",\"inLanguage\":\"fr-FR\",\"@id\":\"https:\/\/lavoixdelanation.tg\/#\/schema\/logo\/image\/\",\"url\":\"https:\/\/lavoixdelanation.tg\/wp-content\/uploads\/2024\/12\/lavn-1.png\",\"contentUrl\":\"https:\/\/lavoixdelanation.tg\/wp-content\/uploads\/2024\/12\/lavn-1.png\",\"width\":1024,\"height\":464,\"caption\":\"La Voix de la Nation\"},\"image\":{\"@id\":\"https:\/\/lavoixdelanation.tg\/#\/schema\/logo\/image\/\"},\"sameAs\":[\"https:\/\/www.facebook.com\/lavoixdelanation\"]},{\"@type\":\"Person\",\"@id\":\"https:\/\/lavoixdelanation.tg\/#\/schema\/person\/6c489293aa38053673a9e554acb6e224\",\"name\":\"La voix de la nation\",\"image\":{\"@type\":\"ImageObject\",\"inLanguage\":\"fr-FR\",\"@id\":\"https:\/\/lavoixdelanation.tg\/#\/schema\/person\/image\/\",\"url\":\"https:\/\/secure.gravatar.com\/avatar\/8aa135d4bbc794494cecaa8d483f6d6cc1023624868deaff686baed5e727a5a1?s=96&d=mm&r=g\",\"contentUrl\":\"https:\/\/secure.gravatar.com\/avatar\/8aa135d4bbc794494cecaa8d483f6d6cc1023624868deaff686baed5e727a5a1?s=96&d=mm&r=g\",\"caption\":\"La voix de la nation\"},\"sameAs\":[\"https:\/\/lavoixdelanation.tg\"],\"url\":\"https:\/\/lavoixdelanation.tg\/index.php\/author\/lavn\/\"}]}<\/script>\n<!-- \/ Yoast SEO plugin. -->","yoast_head_json":{"title":"Journ\u00e9e nationale de l\u2019arbre\u00a0: Les Forces arm\u00e9es togolaises ont r\u00e9pondu pr\u00e9sent - La Voix de la Nation","robots":{"index":"index","follow":"follow","max-snippet":"max-snippet:-1","max-image-preview":"max-image-preview:large","max-video-preview":"max-video-preview:-1"},"canonical":"https:\/\/lavoixdelanation.tg\/index.php\/2025\/06\/01\/journee-nationale-de-larbre-les-forces-armees-togolaises-ont-repondu-present\/","og_locale":"fr_FR","og_type":"article","og_title":"Journ\u00e9e nationale de l\u2019arbre\u00a0: Les Forces arm\u00e9es togolaises ont r\u00e9pondu pr\u00e9sent - La Voix de la Nation","og_description":"Les Forces arm\u00e9es togolaises (FAT) se sont encore une fois mobilis\u00e9es ce dimanche 1er juin 2025 pour mettre en terre des plants \u00e0 l\u2019occasion de la journ\u00e9e nationale de l\u2019arbre.&hellip;","og_url":"https:\/\/lavoixdelanation.tg\/index.php\/2025\/06\/01\/journee-nationale-de-larbre-les-forces-armees-togolaises-ont-repondu-present\/","og_site_name":"La Voix de la Nation","article_publisher":"https:\/\/www.facebook.com\/lavoixdelanation","article_published_time":"2025-06-01T19:16:24+00:00","article_modified_time":"2025-06-01T19:16:25+00:00","og_image":[{"width":649,"height":450,"url":"https:\/\/lavoixdelanation.tg\/wp-content\/uploads\/2025\/06\/Mise-en-terre-de-plants-par-les-Forces-armees-togolaises-image-FAT.jpeg","type":"image\/jpeg"}],"author":"La voix de la nation","twitter_card":"summary_large_image","twitter_misc":{"\u00c9crit par":"La voix de la nation","Dur\u00e9e de lecture estim\u00e9e":"1 minute"},"schema":{"@context":"https:\/\/schema.org","@graph":[{"@type":"Article","@id":"https:\/\/lavoixdelanation.tg\/index.php\/2025\/06\/01\/journee-nationale-de-larbre-les-forces-armees-togolaises-ont-repondu-present\/#article","isPartOf":{"@id":"https:\/\/lavoixdelanation.tg\/index.php\/2025\/06\/01\/journee-nationale-de-larbre-les-forces-armees-togolaises-ont-repondu-present\/"},"author":{"name":"La voix de la nation","@id":"https:\/\/lavoixdelanation.tg\/#\/schema\/person\/6c489293aa38053673a9e554acb6e224"},"headline":"Journ\u00e9e nationale de l\u2019arbre\u00a0: Les Forces arm\u00e9es togolaises ont r\u00e9pondu pr\u00e9sent","datePublished":"2025-06-01T19:16:24+00:00","dateModified":"2025-06-01T19:16:25+00:00","mainEntityOfPage":{"@id":"https:\/\/lavoixdelanation.tg\/index.php\/2025\/06\/01\/journee-nationale-de-larbre-les-forces-armees-togolaises-ont-repondu-present\/"},"wordCount":225,"commentCount":0,"publisher":{"@id":"https:\/\/lavoixdelanation.tg\/#organization"},"image":{"@id":"https:\/\/lavoixdelanation.tg\/index.php\/2025\/06\/01\/journee-nationale-de-larbre-les-forces-armees-togolaises-ont-repondu-present\/#primaryimage"},"thumbnailUrl":"https:\/\/lavoixdelanation.tg\/wp-content\/uploads\/2025\/06\/Mise-en-terre-de-plants-par-les-Forces-armees-togolaises-image-FAT.jpeg","keywords":["Forces arm\u00e9es togolaises","journ\u00e9e nationale de l\u2019arbre","Togo"],"articleSection":["Soci\u00e9t\u00e9"],"inLanguage":"fr-FR","potentialAction":[{"@type":"CommentAction","name":"Comment","target":["https:\/\/lavoixdelanation.tg\/index.php\/2025\/06\/01\/journee-nationale-de-larbre-les-forces-armees-togolaises-ont-repondu-present\/#respond"]}]},{"@type":"WebPage","@id":"https:\/\/lavoixdelanation.tg\/index.php\/2025\/06\/01\/journee-nationale-de-larbre-les-forces-armees-togolaises-ont-repondu-present\/","url":"https:\/\/lavoixdelanation.tg\/index.php\/2025\/06\/01\/journee-nationale-de-larbre-les-forces-armees-togolaises-ont-repondu-present\/","name":"Journ\u00e9e nationale de l\u2019arbre\u00a0: Les Forces arm\u00e9es togolaises ont r\u00e9pondu pr\u00e9sent - La Voix de la Nation","isPartOf":{"@id":"https:\/\/lavoixdelanation.tg\/#website"},"primaryImageOfPage":{"@id":"https:\/\/lavoixdelanation.tg\/index.php\/2025\/06\/01\/journee-nationale-de-larbre-les-forces-armees-togolaises-ont-repondu-present\/#primaryimage"},"image":{"@id":"https:\/\/lavoixdelanation.tg\/index.php\/2025\/06\/01\/journee-nationale-de-larbre-les-forces-armees-togolaises-ont-repondu-present\/#primaryimage"},"thumbnailUrl":"https:\/\/lavoixdelanation.tg\/wp-content\/uploads\/2025\/06\/Mise-en-terre-de-plants-par-les-Forces-armees-togolaises-image-FAT.jpeg","datePublished":"2025-06-01T19:16:24+00:00","dateModified":"2025-06-01T19:16:25+00:00","breadcrumb":{"@id":"https:\/\/lavoixdelanation.tg\/index.php\/2025\/06\/01\/journee-nationale-de-larbre-les-forces-armees-togolaises-ont-repondu-present\/#breadcrumb"},"inLanguage":"fr-FR","potentialAction":[{"@type":"ReadAction","target":["https:\/\/lavoixdelanation.tg\/index.php\/2025\/06\/01\/journee-nationale-de-larbre-les-forces-armees-togolaises-ont-repondu-present\/"]}]},{"@type":"ImageObject","inLanguage":"fr-FR","@id":"https:\/\/lavoixdelanation.tg\/index.php\/2025\/06\/01\/journee-nationale-de-larbre-les-forces-armees-togolaises-ont-repondu-present\/#primaryimage","url":"https:\/\/lavoixdelanation.tg\/wp-content\/uploads\/2025\/06\/Mise-en-terre-de-plants-par-les-Forces-armees-togolaises-image-FAT.jpeg","contentUrl":"https:\/\/lavoixdelanation.tg\/wp-content\/uploads\/2025\/06\/Mise-en-terre-de-plants-par-les-Forces-armees-togolaises-image-FAT.jpeg","width":649,"height":450,"caption":"Mise en terre de plants par les Forces arm\u00e9es togolaises (image, FAT)"},{"@type":"BreadcrumbList","@id":"https:\/\/lavoixdelanation.tg\/index.php\/2025\/06\/01\/journee-nationale-de-larbre-les-forces-armees-togolaises-ont-repondu-present\/#breadcrumb","itemListElement":[{"@type":"ListItem","position":1,"name":"Accueil","item":"https:\/\/lavoixdelanation.tg\/"},{"@type":"ListItem","position":2,"name":"Journ\u00e9e nationale de l\u2019arbre\u00a0: Les Forces arm\u00e9es togolaises ont r\u00e9pondu pr\u00e9sent"}]},{"@type":"WebSite","@id":"https:\/\/lavoixdelanation.tg\/#website","url":"https:\/\/lavoixdelanation.tg\/","name":"La Voix de la Nation","description":"R\u00e9c\u00e9piss\u00e9 n\u00b00108\/HAAC\/01-2024\/pl\/P","publisher":{"@id":"https:\/\/lavoixdelanation.tg\/#organization"},"alternateName":"VON","potentialAction":[{"@type":"SearchAction","target":{"@type":"EntryPoint","urlTemplate":"https:\/\/lavoixdelanation.tg\/?s={search_term_string}"},"query-input":{"@type":"PropertyValueSpecification","valueRequired":true,"valueName":"search_term_string"}}],"inLanguage":"fr-FR"},{"@type":"Organization","@id":"https:\/\/lavoixdelanation.tg\/#organization","name":"La Voix de la Nation","url":"https:\/\/lavoixdelanation.tg\/","logo":{"@type":"ImageObject","inLanguage":"fr-FR","@id":"https:\/\/lavoixdelanation.tg\/#\/schema\/logo\/image\/","url":"https:\/\/lavoixdelanation.tg\/wp-content\/uploads\/2024\/12\/lavn-1.png","contentUrl":"https:\/\/lavoixdelanation.tg\/wp-content\/uploads\/2024\/12\/lavn-1.png","width":1024,"height":464,"caption":"La Voix de la Nation"},"image":{"@id":"https:\/\/lavoixdelanation.tg\/#\/schema\/logo\/image\/"},"sameAs":["https:\/\/www.facebook.com\/lavoixdelanation"]},{"@type":"Person","@id":"https:\/\/lavoixdelanation.tg\/#\/schema\/person\/6c489293aa38053673a9e554acb6e224","name":"La voix de la nation","image":{"@type":"ImageObject","inLanguage":"fr-FR","@id":"https:\/\/lavoixdelanation.tg\/#\/schema\/person\/image\/","url":"https:\/\/secure.gravatar.com\/avatar\/8aa135d4bbc794494cecaa8d483f6d6cc1023624868deaff686baed5e727a5a1?s=96&d=mm&r=g","contentUrl":"https:\/\/secure.gravatar.com\/avatar\/8aa135d4bbc794494cecaa8d483f6d6cc1023624868deaff686baed5e727a5a1?s=96&d=mm&r=g","caption":"La voix de la nation"},"sameAs":["https:\/\/lavoixdelanation.tg"],"url":"https:\/\/lavoixdelanation.tg\/index.php\/author\/lavn\/"}]}},"_links":{"self":[{"href":"https:\/\/lavoixdelanation.tg\/index.php\/wp-json\/wp\/v2\/posts\/3008","targetHints":{"allow":["GET"]}}],"collection":[{"href":"https:\/\/lavoixdelanation.tg\/index.php\/wp-json\/wp\/v2\/posts"}],"about":[{"href":"https:\/\/lavoixdelanation.tg\/index.php\/wp-json\/wp\/v2\/types\/post"}],"author":[{"embeddable":true,"href":"https:\/\/lavoixdelanation.tg\/index.php\/wp-json\/wp\/v2\/users\/1"}],"replies":[{"embeddable":true,"href":"https:\/\/lavoixdelanation.tg\/index.php\/wp-json\/wp\/v2\/comments?post=3008"}],"version-history":[{"count":1,"href":"https:\/\/lavoixdelanation.tg\/index.php\/wp-json\/wp\/v2\/posts\/3008\/revisions"}],"predecessor-version":[{"id":3010,"href":"https:\/\/lavoixdelanation.tg\/index.php\/wp-json\/wp\/v2\/posts\/3008\/revisions\/3010"}],"wp:featuredmedia":[{"embeddable":true,"href":"https:\/\/lavoixdelanation.tg\/index.php\/wp-json\/wp\/v2\/media\/3009"}],"wp:attachment":[{"href":"https:\/\/lavoixdelanation.tg\/index.php\/wp-json\/wp\/v2\/media?parent=3008"}],"wp:term":[{"taxonomy":"category","embeddable":true,"href":"https:\/\/lavoixdelanation.tg\/index.php\/wp-json\/wp\/v2\/categories?post=3008"},{"taxonomy":"post_tag","embeddable":true,"href":"https:\/\/lavoixdelanation.tg\/index.php\/wp-json\/wp\/v2\/tags?post=3008"}],"curies":[{"name":"wp","href":"https:\/\/api.w.org\/{rel}","templated":true}]}}