{"id":3006,"date":"2025-06-01T09:36:00","date_gmt":"2025-06-01T07:36:00","guid":{"rendered":"https:\/\/lavoixdelanation.tg\/?p=3006"},"modified":"2025-06-01T20:38:30","modified_gmt":"2025-06-01T18:38:30","slug":"togo-demarrage-du-processus-de-renouvellement-des-membres-de-la-ceni","status":"publish","type":"post","link":"https:\/\/lavoixdelanation.tg\/index.php\/2025\/06\/01\/togo-demarrage-du-processus-de-renouvellement-des-membres-de-la-ceni\/","title":{"rendered":"Togo : D\u00e9marrage du processus de renouvellement des membres de la CENI"},"content":{"rendered":"\n<p><strong>Le processus de renouvellement des membres de la Commission \u00e9lectorale nationale ind\u00e9pendante (CENI) a officiellement d\u00e9marr\u00e9 dans la perspective des prochaines \u00e9lections municipales.<\/strong><\/p>\n\n\n\n<p>Un appel \u00e0 candidature est lanc\u00e9 \u00e0 cet effet par le pr\u00e9sident de l\u2019Assembl\u00e9e nationale Kodjo Ad\u00e9dz\u00e9, conform\u00e9ment aux dispositions de l\u2019ordonnance n\u00b0003\/PR du 05 novembre 2024 portant code \u00e9lectoral.<\/p>\n\n\n\n<p>Il s\u2019agit d\u2019un avis qui concerne sp\u00e9cifiquement le renouvellement de trois membres repr\u00e9sentant l\u2019opposition extraparlementaire et de deux membres repr\u00e9sentant la soci\u00e9t\u00e9 civile.<\/p>\n\n\n\n<p>Ainsi, les candidats des partis politiques de l\u2019opposition extraparlementaire et de la soci\u00e9t\u00e9 civile sont invit\u00e9s soumettre leurs dossiers du 02 au 13 juin prochain.<\/p>\n\n\n\n<p>Les dossiers de candidature doivent \u00eatre d\u00e9pos\u00e9s sous pli ferm\u00e9 avec la mention \u00ab candidature pour membre de la CENI repr\u00e9sentant l\u2019opposition extraparlementaire \u00bb ou \u00ab candidature pour membre de la CENI repr\u00e9sentant la soci\u00e9t\u00e9 civile \u00bb au secr\u00e9tariat g\u00e9n\u00e9ral de l\u2019Assembl\u00e9e nationale sis \u00e0 Lom\u00e9 du lundi 02 juin au vendredi 13 juin 2025 les jours ouvrables de 8h \u00e0 16h.<\/p>\n\n\n\n<p>Il faut souligner que cette recomposition de la CENI est \u00e9galement une demande formul\u00e9e par les acteurs politiques r\u00e9unis au sein du Cadre permanent de concertation (CPC). Les informations compl\u00e9mentaires sont \u00e0 consulter dans le quotidien national \u00ab&nbsp;Togo Presse&nbsp;\u00bb.<\/p>\n","protected":false},"excerpt":{"rendered":"<p>Le processus de renouvellement des membres de la Commission \u00e9lectorale nationale ind\u00e9pendante (CENI) a officiellement d\u00e9marr\u00e9 dans la perspective des prochaines \u00e9lections municipales. Un appel \u00e0 candidature est lanc\u00e9 \u00e0&hellip; <\/p>\n","protected":false},"author":1,"featured_media":2805,"comment_status":"open","ping_status":"open","sticky":false,"template":"","format":"standard","meta":{"footnotes":""},"categories":[21],"tags":[57,555,39],"class_list":["post-3006","post","type-post","status-publish","format-standard","has-post-thumbnail","hentry","category-politique","tag-ceni","tag-elections-municipales-2","tag-togo"],"yoast_head":"<!-- This site is optimized with the Yoast SEO plugin v26.4 - https:\/\/yoast.com\/wordpress\/plugins\/seo\/ -->\n<title>Togo : D\u00e9marrage du processus de renouvellement des membres de la CENI - La Voix de la Nation<\/title>\n<meta name=\"robots\" content=\"index, follow, max-snippet:-1, max-image-preview:large, max-video-preview:-1\" \/>\n<link rel=\"canonical\" href=\"https:\/\/lavoixdelanation.tg\/index.php\/2025\/06\/01\/togo-demarrage-du-processus-de-renouvellement-des-membres-de-la-ceni\/\" \/>\n<meta property=\"og:locale\" content=\"fr_FR\" \/>\n<meta property=\"og:type\" content=\"article\" \/>\n<meta property=\"og:title\" content=\"Togo : D\u00e9marrage du processus de renouvellement des membres de la CENI - La Voix de la Nation\" \/>\n<meta property=\"og:description\" content=\"Le processus de renouvellement des membres de la Commission \u00e9lectorale nationale ind\u00e9pendante (CENI) a officiellement d\u00e9marr\u00e9 dans la perspective des prochaines \u00e9lections municipales. Un appel \u00e0 candidature est lanc\u00e9 \u00e0&hellip;\" \/>\n<meta property=\"og:url\" content=\"https:\/\/lavoixdelanation.tg\/index.php\/2025\/06\/01\/togo-demarrage-du-processus-de-renouvellement-des-membres-de-la-ceni\/\" \/>\n<meta property=\"og:site_name\" content=\"La Voix de la Nation\" \/>\n<meta property=\"article:publisher\" content=\"https:\/\/www.facebook.com\/lavoixdelanation\" \/>\n<meta property=\"article:published_time\" content=\"2025-06-01T07:36:00+00:00\" \/>\n<meta property=\"article:modified_time\" content=\"2025-06-01T18:38:30+00:00\" \/>\n<meta property=\"og:image\" content=\"https:\/\/lavoixdelanation.tg\/wp-content\/uploads\/2025\/05\/Depot-des-candidatures-pour-les-elections-municipales-2025-au-Togo.jpg\" \/>\n\t<meta property=\"og:image:width\" content=\"600\" \/>\n\t<meta property=\"og:image:height\" content=\"371\" \/>\n\t<meta property=\"og:image:type\" content=\"image\/jpeg\" \/>\n<meta name=\"author\" content=\"La voix de la nation\" \/>\n<meta name=\"twitter:card\" content=\"summary_large_image\" \/>\n<meta name=\"twitter:label1\" content=\"\u00c9crit par\" \/>\n\t<meta name=\"twitter:data1\" content=\"La voix de la nation\" \/>\n\t<meta name=\"twitter:label2\" content=\"Dur\u00e9e de lecture estim\u00e9e\" \/>\n\t<meta name=\"twitter:data2\" content=\"2 minutes\" \/>\n<script type=\"application\/ld+json\" class=\"yoast-schema-graph\">{\"@context\":\"https:\/\/schema.org\",\"@graph\":[{\"@type\":\"Article\",\"@id\":\"https:\/\/lavoixdelanation.tg\/index.php\/2025\/06\/01\/togo-demarrage-du-processus-de-renouvellement-des-membres-de-la-ceni\/#article\",\"isPartOf\":{\"@id\":\"https:\/\/lavoixdelanation.tg\/index.php\/2025\/06\/01\/togo-demarrage-du-processus-de-renouvellement-des-membres-de-la-ceni\/\"},\"author\":{\"name\":\"La voix de la nation\",\"@id\":\"https:\/\/lavoixdelanation.tg\/#\/schema\/person\/6c489293aa38053673a9e554acb6e224\"},\"headline\":\"Togo : D\u00e9marrage du processus de renouvellement des membres de la CENI\",\"datePublished\":\"2025-06-01T07:36:00+00:00\",\"dateModified\":\"2025-06-01T18:38:30+00:00\",\"mainEntityOfPage\":{\"@id\":\"https:\/\/lavoixdelanation.tg\/index.php\/2025\/06\/01\/togo-demarrage-du-processus-de-renouvellement-des-membres-de-la-ceni\/\"},\"wordCount\":233,\"commentCount\":0,\"publisher\":{\"@id\":\"https:\/\/lavoixdelanation.tg\/#organization\"},\"image\":{\"@id\":\"https:\/\/lavoixdelanation.tg\/index.php\/2025\/06\/01\/togo-demarrage-du-processus-de-renouvellement-des-membres-de-la-ceni\/#primaryimage\"},\"thumbnailUrl\":\"https:\/\/lavoixdelanation.tg\/wp-content\/uploads\/2025\/05\/Depot-des-candidatures-pour-les-elections-municipales-2025-au-Togo.jpg\",\"keywords\":[\"CENI\",\"\u00e9lections municipales\",\"Togo\"],\"articleSection\":[\"Politique\"],\"inLanguage\":\"fr-FR\",\"potentialAction\":[{\"@type\":\"CommentAction\",\"name\":\"Comment\",\"target\":[\"https:\/\/lavoixdelanation.tg\/index.php\/2025\/06\/01\/togo-demarrage-du-processus-de-renouvellement-des-membres-de-la-ceni\/#respond\"]}]},{\"@type\":\"WebPage\",\"@id\":\"https:\/\/lavoixdelanation.tg\/index.php\/2025\/06\/01\/togo-demarrage-du-processus-de-renouvellement-des-membres-de-la-ceni\/\",\"url\":\"https:\/\/lavoixdelanation.tg\/index.php\/2025\/06\/01\/togo-demarrage-du-processus-de-renouvellement-des-membres-de-la-ceni\/\",\"name\":\"Togo : D\u00e9marrage du processus de renouvellement des membres de la CENI - La Voix de la Nation\",\"isPartOf\":{\"@id\":\"https:\/\/lavoixdelanation.tg\/#website\"},\"primaryImageOfPage\":{\"@id\":\"https:\/\/lavoixdelanation.tg\/index.php\/2025\/06\/01\/togo-demarrage-du-processus-de-renouvellement-des-membres-de-la-ceni\/#primaryimage\"},\"image\":{\"@id\":\"https:\/\/lavoixdelanation.tg\/index.php\/2025\/06\/01\/togo-demarrage-du-processus-de-renouvellement-des-membres-de-la-ceni\/#primaryimage\"},\"thumbnailUrl\":\"https:\/\/lavoixdelanation.tg\/wp-content\/uploads\/2025\/05\/Depot-des-candidatures-pour-les-elections-municipales-2025-au-Togo.jpg\",\"datePublished\":\"2025-06-01T07:36:00+00:00\",\"dateModified\":\"2025-06-01T18:38:30+00:00\",\"breadcrumb\":{\"@id\":\"https:\/\/lavoixdelanation.tg\/index.php\/2025\/06\/01\/togo-demarrage-du-processus-de-renouvellement-des-membres-de-la-ceni\/#breadcrumb\"},\"inLanguage\":\"fr-FR\",\"potentialAction\":[{\"@type\":\"ReadAction\",\"target\":[\"https:\/\/lavoixdelanation.tg\/index.php\/2025\/06\/01\/togo-demarrage-du-processus-de-renouvellement-des-membres-de-la-ceni\/\"]}]},{\"@type\":\"ImageObject\",\"inLanguage\":\"fr-FR\",\"@id\":\"https:\/\/lavoixdelanation.tg\/index.php\/2025\/06\/01\/togo-demarrage-du-processus-de-renouvellement-des-membres-de-la-ceni\/#primaryimage\",\"url\":\"https:\/\/lavoixdelanation.tg\/wp-content\/uploads\/2025\/05\/Depot-des-candidatures-pour-les-elections-municipales-2025-au-Togo.jpg\",\"contentUrl\":\"https:\/\/lavoixdelanation.tg\/wp-content\/uploads\/2025\/05\/Depot-des-candidatures-pour-les-elections-municipales-2025-au-Togo.jpg\",\"width\":600,\"height\":371},{\"@type\":\"BreadcrumbList\",\"@id\":\"https:\/\/lavoixdelanation.tg\/index.php\/2025\/06\/01\/togo-demarrage-du-processus-de-renouvellement-des-membres-de-la-ceni\/#breadcrumb\",\"itemListElement\":[{\"@type\":\"ListItem\",\"position\":1,\"name\":\"Accueil\",\"item\":\"https:\/\/lavoixdelanation.tg\/\"},{\"@type\":\"ListItem\",\"position\":2,\"name\":\"Togo : D\u00e9marrage du processus de renouvellement des membres de la CENI\"}]},{\"@type\":\"WebSite\",\"@id\":\"https:\/\/lavoixdelanation.tg\/#website\",\"url\":\"https:\/\/lavoixdelanation.tg\/\",\"name\":\"La Voix de la Nation\",\"description\":\"R\u00e9c\u00e9piss\u00e9 n\u00b00108\/HAAC\/01-2024\/pl\/P\",\"publisher\":{\"@id\":\"https:\/\/lavoixdelanation.tg\/#organization\"},\"alternateName\":\"VON\",\"potentialAction\":[{\"@type\":\"SearchAction\",\"target\":{\"@type\":\"EntryPoint\",\"urlTemplate\":\"https:\/\/lavoixdelanation.tg\/?s={search_term_string}\"},\"query-input\":{\"@type\":\"PropertyValueSpecification\",\"valueRequired\":true,\"valueName\":\"search_term_string\"}}],\"inLanguage\":\"fr-FR\"},{\"@type\":\"Organization\",\"@id\":\"https:\/\/lavoixdelanation.tg\/#organization\",\"name\":\"La Voix de la Nation\",\"url\":\"https:\/\/lavoixdelanation.tg\/\",\"logo\":{\"@type\":\"ImageObject\",\"inLanguage\":\"fr-FR\",\"@id\":\"https:\/\/lavoixdelanation.tg\/#\/schema\/logo\/image\/\",\"url\":\"https:\/\/lavoixdelanation.tg\/wp-content\/uploads\/2024\/12\/lavn-1.png\",\"contentUrl\":\"https:\/\/lavoixdelanation.tg\/wp-content\/uploads\/2024\/12\/lavn-1.png\",\"width\":1024,\"height\":464,\"caption\":\"La Voix de la Nation\"},\"image\":{\"@id\":\"https:\/\/lavoixdelanation.tg\/#\/schema\/logo\/image\/\"},\"sameAs\":[\"https:\/\/www.facebook.com\/lavoixdelanation\"]},{\"@type\":\"Person\",\"@id\":\"https:\/\/lavoixdelanation.tg\/#\/schema\/person\/6c489293aa38053673a9e554acb6e224\",\"name\":\"La voix de la nation\",\"image\":{\"@type\":\"ImageObject\",\"inLanguage\":\"fr-FR\",\"@id\":\"https:\/\/lavoixdelanation.tg\/#\/schema\/person\/image\/\",\"url\":\"https:\/\/secure.gravatar.com\/avatar\/8aa135d4bbc794494cecaa8d483f6d6cc1023624868deaff686baed5e727a5a1?s=96&d=mm&r=g\",\"contentUrl\":\"https:\/\/secure.gravatar.com\/avatar\/8aa135d4bbc794494cecaa8d483f6d6cc1023624868deaff686baed5e727a5a1?s=96&d=mm&r=g\",\"caption\":\"La voix de la nation\"},\"sameAs\":[\"https:\/\/lavoixdelanation.tg\"],\"url\":\"https:\/\/lavoixdelanation.tg\/index.php\/author\/lavn\/\"}]}<\/script>\n<!-- \/ Yoast SEO plugin. -->","yoast_head_json":{"title":"Togo : D\u00e9marrage du processus de renouvellement des membres de la CENI - La Voix de la Nation","robots":{"index":"index","follow":"follow","max-snippet":"max-snippet:-1","max-image-preview":"max-image-preview:large","max-video-preview":"max-video-preview:-1"},"canonical":"https:\/\/lavoixdelanation.tg\/index.php\/2025\/06\/01\/togo-demarrage-du-processus-de-renouvellement-des-membres-de-la-ceni\/","og_locale":"fr_FR","og_type":"article","og_title":"Togo : D\u00e9marrage du processus de renouvellement des membres de la CENI - La Voix de la Nation","og_description":"Le processus de renouvellement des membres de la Commission \u00e9lectorale nationale ind\u00e9pendante (CENI) a officiellement d\u00e9marr\u00e9 dans la perspective des prochaines \u00e9lections municipales. Un appel \u00e0 candidature est lanc\u00e9 \u00e0&hellip;","og_url":"https:\/\/lavoixdelanation.tg\/index.php\/2025\/06\/01\/togo-demarrage-du-processus-de-renouvellement-des-membres-de-la-ceni\/","og_site_name":"La Voix de la Nation","article_publisher":"https:\/\/www.facebook.com\/lavoixdelanation","article_published_time":"2025-06-01T07:36:00+00:00","article_modified_time":"2025-06-01T18:38:30+00:00","og_image":[{"width":600,"height":371,"url":"https:\/\/lavoixdelanation.tg\/wp-content\/uploads\/2025\/05\/Depot-des-candidatures-pour-les-elections-municipales-2025-au-Togo.jpg","type":"image\/jpeg"}],"author":"La voix de la nation","twitter_card":"summary_large_image","twitter_misc":{"\u00c9crit par":"La voix de la nation","Dur\u00e9e de lecture estim\u00e9e":"2 minutes"},"schema":{"@context":"https:\/\/schema.org","@graph":[{"@type":"Article","@id":"https:\/\/lavoixdelanation.tg\/index.php\/2025\/06\/01\/togo-demarrage-du-processus-de-renouvellement-des-membres-de-la-ceni\/#article","isPartOf":{"@id":"https:\/\/lavoixdelanation.tg\/index.php\/2025\/06\/01\/togo-demarrage-du-processus-de-renouvellement-des-membres-de-la-ceni\/"},"author":{"name":"La voix de la nation","@id":"https:\/\/lavoixdelanation.tg\/#\/schema\/person\/6c489293aa38053673a9e554acb6e224"},"headline":"Togo : D\u00e9marrage du processus de renouvellement des membres de la CENI","datePublished":"2025-06-01T07:36:00+00:00","dateModified":"2025-06-01T18:38:30+00:00","mainEntityOfPage":{"@id":"https:\/\/lavoixdelanation.tg\/index.php\/2025\/06\/01\/togo-demarrage-du-processus-de-renouvellement-des-membres-de-la-ceni\/"},"wordCount":233,"commentCount":0,"publisher":{"@id":"https:\/\/lavoixdelanation.tg\/#organization"},"image":{"@id":"https:\/\/lavoixdelanation.tg\/index.php\/2025\/06\/01\/togo-demarrage-du-processus-de-renouvellement-des-membres-de-la-ceni\/#primaryimage"},"thumbnailUrl":"https:\/\/lavoixdelanation.tg\/wp-content\/uploads\/2025\/05\/Depot-des-candidatures-pour-les-elections-municipales-2025-au-Togo.jpg","keywords":["CENI","\u00e9lections municipales","Togo"],"articleSection":["Politique"],"inLanguage":"fr-FR","potentialAction":[{"@type":"CommentAction","name":"Comment","target":["https:\/\/lavoixdelanation.tg\/index.php\/2025\/06\/01\/togo-demarrage-du-processus-de-renouvellement-des-membres-de-la-ceni\/#respond"]}]},{"@type":"WebPage","@id":"https:\/\/lavoixdelanation.tg\/index.php\/2025\/06\/01\/togo-demarrage-du-processus-de-renouvellement-des-membres-de-la-ceni\/","url":"https:\/\/lavoixdelanation.tg\/index.php\/2025\/06\/01\/togo-demarrage-du-processus-de-renouvellement-des-membres-de-la-ceni\/","name":"Togo : D\u00e9marrage du processus de renouvellement des membres de la CENI - La Voix de la Nation","isPartOf":{"@id":"https:\/\/lavoixdelanation.tg\/#website"},"primaryImageOfPage":{"@id":"https:\/\/lavoixdelanation.tg\/index.php\/2025\/06\/01\/togo-demarrage-du-processus-de-renouvellement-des-membres-de-la-ceni\/#primaryimage"},"image":{"@id":"https:\/\/lavoixdelanation.tg\/index.php\/2025\/06\/01\/togo-demarrage-du-processus-de-renouvellement-des-membres-de-la-ceni\/#primaryimage"},"thumbnailUrl":"https:\/\/lavoixdelanation.tg\/wp-content\/uploads\/2025\/05\/Depot-des-candidatures-pour-les-elections-municipales-2025-au-Togo.jpg","datePublished":"2025-06-01T07:36:00+00:00","dateModified":"2025-06-01T18:38:30+00:00","breadcrumb":{"@id":"https:\/\/lavoixdelanation.tg\/index.php\/2025\/06\/01\/togo-demarrage-du-processus-de-renouvellement-des-membres-de-la-ceni\/#breadcrumb"},"inLanguage":"fr-FR","potentialAction":[{"@type":"ReadAction","target":["https:\/\/lavoixdelanation.tg\/index.php\/2025\/06\/01\/togo-demarrage-du-processus-de-renouvellement-des-membres-de-la-ceni\/"]}]},{"@type":"ImageObject","inLanguage":"fr-FR","@id":"https:\/\/lavoixdelanation.tg\/index.php\/2025\/06\/01\/togo-demarrage-du-processus-de-renouvellement-des-membres-de-la-ceni\/#primaryimage","url":"https:\/\/lavoixdelanation.tg\/wp-content\/uploads\/2025\/05\/Depot-des-candidatures-pour-les-elections-municipales-2025-au-Togo.jpg","contentUrl":"https:\/\/lavoixdelanation.tg\/wp-content\/uploads\/2025\/05\/Depot-des-candidatures-pour-les-elections-municipales-2025-au-Togo.jpg","width":600,"height":371},{"@type":"BreadcrumbList","@id":"https:\/\/lavoixdelanation.tg\/index.php\/2025\/06\/01\/togo-demarrage-du-processus-de-renouvellement-des-membres-de-la-ceni\/#breadcrumb","itemListElement":[{"@type":"ListItem","position":1,"name":"Accueil","item":"https:\/\/lavoixdelanation.tg\/"},{"@type":"ListItem","position":2,"name":"Togo : D\u00e9marrage du processus de renouvellement des membres de la CENI"}]},{"@type":"WebSite","@id":"https:\/\/lavoixdelanation.tg\/#website","url":"https:\/\/lavoixdelanation.tg\/","name":"La Voix de la Nation","description":"R\u00e9c\u00e9piss\u00e9 n\u00b00108\/HAAC\/01-2024\/pl\/P","publisher":{"@id":"https:\/\/lavoixdelanation.tg\/#organization"},"alternateName":"VON","potentialAction":[{"@type":"SearchAction","target":{"@type":"EntryPoint","urlTemplate":"https:\/\/lavoixdelanation.tg\/?s={search_term_string}"},"query-input":{"@type":"PropertyValueSpecification","valueRequired":true,"valueName":"search_term_string"}}],"inLanguage":"fr-FR"},{"@type":"Organization","@id":"https:\/\/lavoixdelanation.tg\/#organization","name":"La Voix de la Nation","url":"https:\/\/lavoixdelanation.tg\/","logo":{"@type":"ImageObject","inLanguage":"fr-FR","@id":"https:\/\/lavoixdelanation.tg\/#\/schema\/logo\/image\/","url":"https:\/\/lavoixdelanation.tg\/wp-content\/uploads\/2024\/12\/lavn-1.png","contentUrl":"https:\/\/lavoixdelanation.tg\/wp-content\/uploads\/2024\/12\/lavn-1.png","width":1024,"height":464,"caption":"La Voix de la Nation"},"image":{"@id":"https:\/\/lavoixdelanation.tg\/#\/schema\/logo\/image\/"},"sameAs":["https:\/\/www.facebook.com\/lavoixdelanation"]},{"@type":"Person","@id":"https:\/\/lavoixdelanation.tg\/#\/schema\/person\/6c489293aa38053673a9e554acb6e224","name":"La voix de la nation","image":{"@type":"ImageObject","inLanguage":"fr-FR","@id":"https:\/\/lavoixdelanation.tg\/#\/schema\/person\/image\/","url":"https:\/\/secure.gravatar.com\/avatar\/8aa135d4bbc794494cecaa8d483f6d6cc1023624868deaff686baed5e727a5a1?s=96&d=mm&r=g","contentUrl":"https:\/\/secure.gravatar.com\/avatar\/8aa135d4bbc794494cecaa8d483f6d6cc1023624868deaff686baed5e727a5a1?s=96&d=mm&r=g","caption":"La voix de la nation"},"sameAs":["https:\/\/lavoixdelanation.tg"],"url":"https:\/\/lavoixdelanation.tg\/index.php\/author\/lavn\/"}]}},"_links":{"self":[{"href":"https:\/\/lavoixdelanation.tg\/index.php\/wp-json\/wp\/v2\/posts\/3006","targetHints":{"allow":["GET"]}}],"collection":[{"href":"https:\/\/lavoixdelanation.tg\/index.php\/wp-json\/wp\/v2\/posts"}],"about":[{"href":"https:\/\/lavoixdelanation.tg\/index.php\/wp-json\/wp\/v2\/types\/post"}],"author":[{"embeddable":true,"href":"https:\/\/lavoixdelanation.tg\/index.php\/wp-json\/wp\/v2\/users\/1"}],"replies":[{"embeddable":true,"href":"https:\/\/lavoixdelanation.tg\/index.php\/wp-json\/wp\/v2\/comments?post=3006"}],"version-history":[{"count":1,"href":"https:\/\/lavoixdelanation.tg\/index.php\/wp-json\/wp\/v2\/posts\/3006\/revisions"}],"predecessor-version":[{"id":3007,"href":"https:\/\/lavoixdelanation.tg\/index.php\/wp-json\/wp\/v2\/posts\/3006\/revisions\/3007"}],"wp:featuredmedia":[{"embeddable":true,"href":"https:\/\/lavoixdelanation.tg\/index.php\/wp-json\/wp\/v2\/media\/2805"}],"wp:attachment":[{"href":"https:\/\/lavoixdelanation.tg\/index.php\/wp-json\/wp\/v2\/media?parent=3006"}],"wp:term":[{"taxonomy":"category","embeddable":true,"href":"https:\/\/lavoixdelanation.tg\/index.php\/wp-json\/wp\/v2\/categories?post=3006"},{"taxonomy":"post_tag","embeddable":true,"href":"https:\/\/lavoixdelanation.tg\/index.php\/wp-json\/wp\/v2\/tags?post=3006"}],"curies":[{"name":"wp","href":"https:\/\/api.w.org\/{rel}","templated":true}]}}