{"id":2961,"date":"2025-05-17T17:59:44","date_gmt":"2025-05-17T15:59:44","guid":{"rendered":"https:\/\/lavoixdelanation.tg\/?p=2961"},"modified":"2025-05-29T18:00:58","modified_gmt":"2025-05-29T16:00:58","slug":"commerce-renforcement-du-dispositif-de-controle-pour-une-meilleure-protection-des-consommateurs","status":"publish","type":"post","link":"https:\/\/lavoixdelanation.tg\/index.php\/2025\/05\/17\/commerce-renforcement-du-dispositif-de-controle-pour-une-meilleure-protection-des-consommateurs\/","title":{"rendered":"Commerce\u00a0: Renforcement du dispositif de contr\u00f4le pour une meilleure protection des consommateurs"},"content":{"rendered":"\n<p>Au Togo, le minist\u00e8re en charge du commerce renforce son dispositif de contr\u00f4le pour une meilleure protection des consommateurs.<\/p>\n\n\n\n<p>Les nouveaux contr\u00f4leurs de commerce affect\u00e9s \u00e0 la direction du commerce int\u00e9rieur et de la concurrence ont en effet pris part du 12 au 15 mai \u00e0 Lom\u00e9, \u00e0 un atelier de formation organis\u00e9e par le minist\u00e8re en collaboration avec la soci\u00e9t\u00e9 industrielle et commerciale des produits alimentaires (SICPA).<\/p>\n\n\n\n<p>La session a port\u00e9 sur le cadre r\u00e9glementaire r\u00e9gissant le syst\u00e8me de produits marqu\u00e9s, les outils op\u00e9rationnels et les techniques de mise en \u0153uvre du syst\u00e8me de produits marqu\u00e9s ainsi que sur le cadre juridique de la concurrence au Togo.<\/p>\n\n\n\n<p>A l\u2019issue de la s\u00e9ance th\u00e9orique, les agents form\u00e9s ont effectu\u00e9 une descente de terrain dans certains espaces de ventes de Lom\u00e9, le temps pour eux de confronter les notions re\u00e7ues en salle aux r\u00e9alit\u00e9s qui les attendent.<\/p>\n\n\n\n<p>Ainsi, dans ces espaces, ils ont pass\u00e9 au contr\u00f4le de l\u2019effectivit\u00e9 de l\u2019apposition des \u00e9tiquettes sur les produits notamment les tabacs, boissons alcoolis\u00e9es, non alcoolis\u00e9es, et eaux min\u00e9rales en vente dans les rayons de ces supers march\u00e9s.<\/p>\n\n\n\n<p>L\u2019exercice leur a permis de se mettre dans le bain de leur mission de contr\u00f4leurs de commerce et de renforcer par ailleurs le dispositif de lutte contre la contrefa\u00e7on en assurant la tra\u00e7abilit\u00e9 des produits pour une protection optimale des consommateurs.<\/p>\n\n\n\n<p>Apr\u00e8s Lom\u00e9, le cap est mis sur les r\u00e9gions. Au total, six sessions de formation seront organis\u00e9es et toucheront 91 agents.<\/p>\n\n\n\n<p><strong>Cris DADA<\/strong><\/p>\n","protected":false},"excerpt":{"rendered":"<p>Au Togo, le minist\u00e8re en charge du commerce renforce son dispositif de contr\u00f4le pour une meilleure protection des consommateurs. Les nouveaux contr\u00f4leurs de commerce affect\u00e9s \u00e0 la direction du commerce&hellip; <\/p>\n","protected":false},"author":1,"featured_media":2962,"comment_status":"open","ping_status":"open","sticky":false,"template":"","format":"standard","meta":{"footnotes":""},"categories":[8],"tags":[],"class_list":["post-2961","post","type-post","status-publish","format-standard","has-post-thumbnail","hentry","category-economie"],"yoast_head":"<!-- This site is optimized with the Yoast SEO plugin v26.4 - https:\/\/yoast.com\/wordpress\/plugins\/seo\/ -->\n<title>Commerce\u00a0: Renforcement du dispositif de contr\u00f4le pour une meilleure protection des consommateurs - La Voix de la Nation<\/title>\n<meta name=\"robots\" content=\"index, follow, max-snippet:-1, max-image-preview:large, max-video-preview:-1\" \/>\n<link rel=\"canonical\" href=\"https:\/\/lavoixdelanation.tg\/index.php\/2025\/05\/17\/commerce-renforcement-du-dispositif-de-controle-pour-une-meilleure-protection-des-consommateurs\/\" \/>\n<meta property=\"og:locale\" content=\"fr_FR\" \/>\n<meta property=\"og:type\" content=\"article\" \/>\n<meta property=\"og:title\" content=\"Commerce\u00a0: Renforcement du dispositif de contr\u00f4le pour une meilleure protection des consommateurs - La Voix de la Nation\" \/>\n<meta property=\"og:description\" content=\"Au Togo, le minist\u00e8re en charge du commerce renforce son dispositif de contr\u00f4le pour une meilleure protection des consommateurs. Les nouveaux contr\u00f4leurs de commerce affect\u00e9s \u00e0 la direction du commerce&hellip;\" \/>\n<meta property=\"og:url\" content=\"https:\/\/lavoixdelanation.tg\/index.php\/2025\/05\/17\/commerce-renforcement-du-dispositif-de-controle-pour-une-meilleure-protection-des-consommateurs\/\" \/>\n<meta property=\"og:site_name\" content=\"La Voix de la Nation\" \/>\n<meta property=\"article:publisher\" content=\"https:\/\/www.facebook.com\/lavoixdelanation\" \/>\n<meta property=\"article:published_time\" content=\"2025-05-17T15:59:44+00:00\" \/>\n<meta property=\"article:modified_time\" content=\"2025-05-29T16:00:58+00:00\" \/>\n<meta property=\"og:image\" content=\"https:\/\/lavoixdelanation.tg\/wp-content\/uploads\/2025\/05\/Formation-des-controleurs-de-commerce-au-Togo.jpg\" \/>\n\t<meta property=\"og:image:width\" content=\"650\" \/>\n\t<meta property=\"og:image:height\" content=\"440\" \/>\n\t<meta property=\"og:image:type\" content=\"image\/jpeg\" \/>\n<meta name=\"author\" content=\"La voix de la nation\" \/>\n<meta name=\"twitter:card\" content=\"summary_large_image\" \/>\n<meta name=\"twitter:label1\" content=\"\u00c9crit par\" \/>\n\t<meta name=\"twitter:data1\" content=\"La voix de la nation\" \/>\n\t<meta name=\"twitter:label2\" content=\"Dur\u00e9e de lecture estim\u00e9e\" \/>\n\t<meta name=\"twitter:data2\" content=\"2 minutes\" \/>\n<script type=\"application\/ld+json\" class=\"yoast-schema-graph\">{\"@context\":\"https:\/\/schema.org\",\"@graph\":[{\"@type\":\"Article\",\"@id\":\"https:\/\/lavoixdelanation.tg\/index.php\/2025\/05\/17\/commerce-renforcement-du-dispositif-de-controle-pour-une-meilleure-protection-des-consommateurs\/#article\",\"isPartOf\":{\"@id\":\"https:\/\/lavoixdelanation.tg\/index.php\/2025\/05\/17\/commerce-renforcement-du-dispositif-de-controle-pour-une-meilleure-protection-des-consommateurs\/\"},\"author\":{\"name\":\"La voix de la nation\",\"@id\":\"https:\/\/lavoixdelanation.tg\/#\/schema\/person\/6c489293aa38053673a9e554acb6e224\"},\"headline\":\"Commerce\u00a0: Renforcement du dispositif de contr\u00f4le pour une meilleure protection des consommateurs\",\"datePublished\":\"2025-05-17T15:59:44+00:00\",\"dateModified\":\"2025-05-29T16:00:58+00:00\",\"mainEntityOfPage\":{\"@id\":\"https:\/\/lavoixdelanation.tg\/index.php\/2025\/05\/17\/commerce-renforcement-du-dispositif-de-controle-pour-une-meilleure-protection-des-consommateurs\/\"},\"wordCount\":290,\"commentCount\":0,\"publisher\":{\"@id\":\"https:\/\/lavoixdelanation.tg\/#organization\"},\"image\":{\"@id\":\"https:\/\/lavoixdelanation.tg\/index.php\/2025\/05\/17\/commerce-renforcement-du-dispositif-de-controle-pour-une-meilleure-protection-des-consommateurs\/#primaryimage\"},\"thumbnailUrl\":\"https:\/\/lavoixdelanation.tg\/wp-content\/uploads\/2025\/05\/Formation-des-controleurs-de-commerce-au-Togo.jpg\",\"articleSection\":[\"Economie\"],\"inLanguage\":\"fr-FR\",\"potentialAction\":[{\"@type\":\"CommentAction\",\"name\":\"Comment\",\"target\":[\"https:\/\/lavoixdelanation.tg\/index.php\/2025\/05\/17\/commerce-renforcement-du-dispositif-de-controle-pour-une-meilleure-protection-des-consommateurs\/#respond\"]}]},{\"@type\":\"WebPage\",\"@id\":\"https:\/\/lavoixdelanation.tg\/index.php\/2025\/05\/17\/commerce-renforcement-du-dispositif-de-controle-pour-une-meilleure-protection-des-consommateurs\/\",\"url\":\"https:\/\/lavoixdelanation.tg\/index.php\/2025\/05\/17\/commerce-renforcement-du-dispositif-de-controle-pour-une-meilleure-protection-des-consommateurs\/\",\"name\":\"Commerce\u00a0: Renforcement du dispositif de contr\u00f4le pour une meilleure protection des consommateurs - La Voix de la Nation\",\"isPartOf\":{\"@id\":\"https:\/\/lavoixdelanation.tg\/#website\"},\"primaryImageOfPage\":{\"@id\":\"https:\/\/lavoixdelanation.tg\/index.php\/2025\/05\/17\/commerce-renforcement-du-dispositif-de-controle-pour-une-meilleure-protection-des-consommateurs\/#primaryimage\"},\"image\":{\"@id\":\"https:\/\/lavoixdelanation.tg\/index.php\/2025\/05\/17\/commerce-renforcement-du-dispositif-de-controle-pour-une-meilleure-protection-des-consommateurs\/#primaryimage\"},\"thumbnailUrl\":\"https:\/\/lavoixdelanation.tg\/wp-content\/uploads\/2025\/05\/Formation-des-controleurs-de-commerce-au-Togo.jpg\",\"datePublished\":\"2025-05-17T15:59:44+00:00\",\"dateModified\":\"2025-05-29T16:00:58+00:00\",\"breadcrumb\":{\"@id\":\"https:\/\/lavoixdelanation.tg\/index.php\/2025\/05\/17\/commerce-renforcement-du-dispositif-de-controle-pour-une-meilleure-protection-des-consommateurs\/#breadcrumb\"},\"inLanguage\":\"fr-FR\",\"potentialAction\":[{\"@type\":\"ReadAction\",\"target\":[\"https:\/\/lavoixdelanation.tg\/index.php\/2025\/05\/17\/commerce-renforcement-du-dispositif-de-controle-pour-une-meilleure-protection-des-consommateurs\/\"]}]},{\"@type\":\"ImageObject\",\"inLanguage\":\"fr-FR\",\"@id\":\"https:\/\/lavoixdelanation.tg\/index.php\/2025\/05\/17\/commerce-renforcement-du-dispositif-de-controle-pour-une-meilleure-protection-des-consommateurs\/#primaryimage\",\"url\":\"https:\/\/lavoixdelanation.tg\/wp-content\/uploads\/2025\/05\/Formation-des-controleurs-de-commerce-au-Togo.jpg\",\"contentUrl\":\"https:\/\/lavoixdelanation.tg\/wp-content\/uploads\/2025\/05\/Formation-des-controleurs-de-commerce-au-Togo.jpg\",\"width\":650,\"height\":440},{\"@type\":\"BreadcrumbList\",\"@id\":\"https:\/\/lavoixdelanation.tg\/index.php\/2025\/05\/17\/commerce-renforcement-du-dispositif-de-controle-pour-une-meilleure-protection-des-consommateurs\/#breadcrumb\",\"itemListElement\":[{\"@type\":\"ListItem\",\"position\":1,\"name\":\"Accueil\",\"item\":\"https:\/\/lavoixdelanation.tg\/\"},{\"@type\":\"ListItem\",\"position\":2,\"name\":\"Commerce\u00a0: Renforcement du dispositif de contr\u00f4le pour une meilleure protection des consommateurs\"}]},{\"@type\":\"WebSite\",\"@id\":\"https:\/\/lavoixdelanation.tg\/#website\",\"url\":\"https:\/\/lavoixdelanation.tg\/\",\"name\":\"La Voix de la Nation\",\"description\":\"R\u00e9c\u00e9piss\u00e9 n\u00b00108\/HAAC\/01-2024\/pl\/P\",\"publisher\":{\"@id\":\"https:\/\/lavoixdelanation.tg\/#organization\"},\"alternateName\":\"VON\",\"potentialAction\":[{\"@type\":\"SearchAction\",\"target\":{\"@type\":\"EntryPoint\",\"urlTemplate\":\"https:\/\/lavoixdelanation.tg\/?s={search_term_string}\"},\"query-input\":{\"@type\":\"PropertyValueSpecification\",\"valueRequired\":true,\"valueName\":\"search_term_string\"}}],\"inLanguage\":\"fr-FR\"},{\"@type\":\"Organization\",\"@id\":\"https:\/\/lavoixdelanation.tg\/#organization\",\"name\":\"La Voix de la Nation\",\"url\":\"https:\/\/lavoixdelanation.tg\/\",\"logo\":{\"@type\":\"ImageObject\",\"inLanguage\":\"fr-FR\",\"@id\":\"https:\/\/lavoixdelanation.tg\/#\/schema\/logo\/image\/\",\"url\":\"https:\/\/lavoixdelanation.tg\/wp-content\/uploads\/2024\/12\/lavn-1.png\",\"contentUrl\":\"https:\/\/lavoixdelanation.tg\/wp-content\/uploads\/2024\/12\/lavn-1.png\",\"width\":1024,\"height\":464,\"caption\":\"La Voix de la Nation\"},\"image\":{\"@id\":\"https:\/\/lavoixdelanation.tg\/#\/schema\/logo\/image\/\"},\"sameAs\":[\"https:\/\/www.facebook.com\/lavoixdelanation\"]},{\"@type\":\"Person\",\"@id\":\"https:\/\/lavoixdelanation.tg\/#\/schema\/person\/6c489293aa38053673a9e554acb6e224\",\"name\":\"La voix de la nation\",\"image\":{\"@type\":\"ImageObject\",\"inLanguage\":\"fr-FR\",\"@id\":\"https:\/\/lavoixdelanation.tg\/#\/schema\/person\/image\/\",\"url\":\"https:\/\/secure.gravatar.com\/avatar\/8aa135d4bbc794494cecaa8d483f6d6cc1023624868deaff686baed5e727a5a1?s=96&d=mm&r=g\",\"contentUrl\":\"https:\/\/secure.gravatar.com\/avatar\/8aa135d4bbc794494cecaa8d483f6d6cc1023624868deaff686baed5e727a5a1?s=96&d=mm&r=g\",\"caption\":\"La voix de la nation\"},\"sameAs\":[\"https:\/\/lavoixdelanation.tg\"],\"url\":\"https:\/\/lavoixdelanation.tg\/index.php\/author\/lavn\/\"}]}<\/script>\n<!-- \/ Yoast SEO plugin. -->","yoast_head_json":{"title":"Commerce\u00a0: Renforcement du dispositif de contr\u00f4le pour une meilleure protection des consommateurs - La Voix de la Nation","robots":{"index":"index","follow":"follow","max-snippet":"max-snippet:-1","max-image-preview":"max-image-preview:large","max-video-preview":"max-video-preview:-1"},"canonical":"https:\/\/lavoixdelanation.tg\/index.php\/2025\/05\/17\/commerce-renforcement-du-dispositif-de-controle-pour-une-meilleure-protection-des-consommateurs\/","og_locale":"fr_FR","og_type":"article","og_title":"Commerce\u00a0: Renforcement du dispositif de contr\u00f4le pour une meilleure protection des consommateurs - La Voix de la Nation","og_description":"Au Togo, le minist\u00e8re en charge du commerce renforce son dispositif de contr\u00f4le pour une meilleure protection des consommateurs. Les nouveaux contr\u00f4leurs de commerce affect\u00e9s \u00e0 la direction du commerce&hellip;","og_url":"https:\/\/lavoixdelanation.tg\/index.php\/2025\/05\/17\/commerce-renforcement-du-dispositif-de-controle-pour-une-meilleure-protection-des-consommateurs\/","og_site_name":"La Voix de la Nation","article_publisher":"https:\/\/www.facebook.com\/lavoixdelanation","article_published_time":"2025-05-17T15:59:44+00:00","article_modified_time":"2025-05-29T16:00:58+00:00","og_image":[{"width":650,"height":440,"url":"https:\/\/lavoixdelanation.tg\/wp-content\/uploads\/2025\/05\/Formation-des-controleurs-de-commerce-au-Togo.jpg","type":"image\/jpeg"}],"author":"La voix de la nation","twitter_card":"summary_large_image","twitter_misc":{"\u00c9crit par":"La voix de la nation","Dur\u00e9e de lecture estim\u00e9e":"2 minutes"},"schema":{"@context":"https:\/\/schema.org","@graph":[{"@type":"Article","@id":"https:\/\/lavoixdelanation.tg\/index.php\/2025\/05\/17\/commerce-renforcement-du-dispositif-de-controle-pour-une-meilleure-protection-des-consommateurs\/#article","isPartOf":{"@id":"https:\/\/lavoixdelanation.tg\/index.php\/2025\/05\/17\/commerce-renforcement-du-dispositif-de-controle-pour-une-meilleure-protection-des-consommateurs\/"},"author":{"name":"La voix de la nation","@id":"https:\/\/lavoixdelanation.tg\/#\/schema\/person\/6c489293aa38053673a9e554acb6e224"},"headline":"Commerce\u00a0: Renforcement du dispositif de contr\u00f4le pour une meilleure protection des consommateurs","datePublished":"2025-05-17T15:59:44+00:00","dateModified":"2025-05-29T16:00:58+00:00","mainEntityOfPage":{"@id":"https:\/\/lavoixdelanation.tg\/index.php\/2025\/05\/17\/commerce-renforcement-du-dispositif-de-controle-pour-une-meilleure-protection-des-consommateurs\/"},"wordCount":290,"commentCount":0,"publisher":{"@id":"https:\/\/lavoixdelanation.tg\/#organization"},"image":{"@id":"https:\/\/lavoixdelanation.tg\/index.php\/2025\/05\/17\/commerce-renforcement-du-dispositif-de-controle-pour-une-meilleure-protection-des-consommateurs\/#primaryimage"},"thumbnailUrl":"https:\/\/lavoixdelanation.tg\/wp-content\/uploads\/2025\/05\/Formation-des-controleurs-de-commerce-au-Togo.jpg","articleSection":["Economie"],"inLanguage":"fr-FR","potentialAction":[{"@type":"CommentAction","name":"Comment","target":["https:\/\/lavoixdelanation.tg\/index.php\/2025\/05\/17\/commerce-renforcement-du-dispositif-de-controle-pour-une-meilleure-protection-des-consommateurs\/#respond"]}]},{"@type":"WebPage","@id":"https:\/\/lavoixdelanation.tg\/index.php\/2025\/05\/17\/commerce-renforcement-du-dispositif-de-controle-pour-une-meilleure-protection-des-consommateurs\/","url":"https:\/\/lavoixdelanation.tg\/index.php\/2025\/05\/17\/commerce-renforcement-du-dispositif-de-controle-pour-une-meilleure-protection-des-consommateurs\/","name":"Commerce\u00a0: Renforcement du dispositif de contr\u00f4le pour une meilleure protection des consommateurs - La Voix de la Nation","isPartOf":{"@id":"https:\/\/lavoixdelanation.tg\/#website"},"primaryImageOfPage":{"@id":"https:\/\/lavoixdelanation.tg\/index.php\/2025\/05\/17\/commerce-renforcement-du-dispositif-de-controle-pour-une-meilleure-protection-des-consommateurs\/#primaryimage"},"image":{"@id":"https:\/\/lavoixdelanation.tg\/index.php\/2025\/05\/17\/commerce-renforcement-du-dispositif-de-controle-pour-une-meilleure-protection-des-consommateurs\/#primaryimage"},"thumbnailUrl":"https:\/\/lavoixdelanation.tg\/wp-content\/uploads\/2025\/05\/Formation-des-controleurs-de-commerce-au-Togo.jpg","datePublished":"2025-05-17T15:59:44+00:00","dateModified":"2025-05-29T16:00:58+00:00","breadcrumb":{"@id":"https:\/\/lavoixdelanation.tg\/index.php\/2025\/05\/17\/commerce-renforcement-du-dispositif-de-controle-pour-une-meilleure-protection-des-consommateurs\/#breadcrumb"},"inLanguage":"fr-FR","potentialAction":[{"@type":"ReadAction","target":["https:\/\/lavoixdelanation.tg\/index.php\/2025\/05\/17\/commerce-renforcement-du-dispositif-de-controle-pour-une-meilleure-protection-des-consommateurs\/"]}]},{"@type":"ImageObject","inLanguage":"fr-FR","@id":"https:\/\/lavoixdelanation.tg\/index.php\/2025\/05\/17\/commerce-renforcement-du-dispositif-de-controle-pour-une-meilleure-protection-des-consommateurs\/#primaryimage","url":"https:\/\/lavoixdelanation.tg\/wp-content\/uploads\/2025\/05\/Formation-des-controleurs-de-commerce-au-Togo.jpg","contentUrl":"https:\/\/lavoixdelanation.tg\/wp-content\/uploads\/2025\/05\/Formation-des-controleurs-de-commerce-au-Togo.jpg","width":650,"height":440},{"@type":"BreadcrumbList","@id":"https:\/\/lavoixdelanation.tg\/index.php\/2025\/05\/17\/commerce-renforcement-du-dispositif-de-controle-pour-une-meilleure-protection-des-consommateurs\/#breadcrumb","itemListElement":[{"@type":"ListItem","position":1,"name":"Accueil","item":"https:\/\/lavoixdelanation.tg\/"},{"@type":"ListItem","position":2,"name":"Commerce\u00a0: Renforcement du dispositif de contr\u00f4le pour une meilleure protection des consommateurs"}]},{"@type":"WebSite","@id":"https:\/\/lavoixdelanation.tg\/#website","url":"https:\/\/lavoixdelanation.tg\/","name":"La Voix de la Nation","description":"R\u00e9c\u00e9piss\u00e9 n\u00b00108\/HAAC\/01-2024\/pl\/P","publisher":{"@id":"https:\/\/lavoixdelanation.tg\/#organization"},"alternateName":"VON","potentialAction":[{"@type":"SearchAction","target":{"@type":"EntryPoint","urlTemplate":"https:\/\/lavoixdelanation.tg\/?s={search_term_string}"},"query-input":{"@type":"PropertyValueSpecification","valueRequired":true,"valueName":"search_term_string"}}],"inLanguage":"fr-FR"},{"@type":"Organization","@id":"https:\/\/lavoixdelanation.tg\/#organization","name":"La Voix de la Nation","url":"https:\/\/lavoixdelanation.tg\/","logo":{"@type":"ImageObject","inLanguage":"fr-FR","@id":"https:\/\/lavoixdelanation.tg\/#\/schema\/logo\/image\/","url":"https:\/\/lavoixdelanation.tg\/wp-content\/uploads\/2024\/12\/lavn-1.png","contentUrl":"https:\/\/lavoixdelanation.tg\/wp-content\/uploads\/2024\/12\/lavn-1.png","width":1024,"height":464,"caption":"La Voix de la Nation"},"image":{"@id":"https:\/\/lavoixdelanation.tg\/#\/schema\/logo\/image\/"},"sameAs":["https:\/\/www.facebook.com\/lavoixdelanation"]},{"@type":"Person","@id":"https:\/\/lavoixdelanation.tg\/#\/schema\/person\/6c489293aa38053673a9e554acb6e224","name":"La voix de la nation","image":{"@type":"ImageObject","inLanguage":"fr-FR","@id":"https:\/\/lavoixdelanation.tg\/#\/schema\/person\/image\/","url":"https:\/\/secure.gravatar.com\/avatar\/8aa135d4bbc794494cecaa8d483f6d6cc1023624868deaff686baed5e727a5a1?s=96&d=mm&r=g","contentUrl":"https:\/\/secure.gravatar.com\/avatar\/8aa135d4bbc794494cecaa8d483f6d6cc1023624868deaff686baed5e727a5a1?s=96&d=mm&r=g","caption":"La voix de la nation"},"sameAs":["https:\/\/lavoixdelanation.tg"],"url":"https:\/\/lavoixdelanation.tg\/index.php\/author\/lavn\/"}]}},"_links":{"self":[{"href":"https:\/\/lavoixdelanation.tg\/index.php\/wp-json\/wp\/v2\/posts\/2961","targetHints":{"allow":["GET"]}}],"collection":[{"href":"https:\/\/lavoixdelanation.tg\/index.php\/wp-json\/wp\/v2\/posts"}],"about":[{"href":"https:\/\/lavoixdelanation.tg\/index.php\/wp-json\/wp\/v2\/types\/post"}],"author":[{"embeddable":true,"href":"https:\/\/lavoixdelanation.tg\/index.php\/wp-json\/wp\/v2\/users\/1"}],"replies":[{"embeddable":true,"href":"https:\/\/lavoixdelanation.tg\/index.php\/wp-json\/wp\/v2\/comments?post=2961"}],"version-history":[{"count":1,"href":"https:\/\/lavoixdelanation.tg\/index.php\/wp-json\/wp\/v2\/posts\/2961\/revisions"}],"predecessor-version":[{"id":2963,"href":"https:\/\/lavoixdelanation.tg\/index.php\/wp-json\/wp\/v2\/posts\/2961\/revisions\/2963"}],"wp:featuredmedia":[{"embeddable":true,"href":"https:\/\/lavoixdelanation.tg\/index.php\/wp-json\/wp\/v2\/media\/2962"}],"wp:attachment":[{"href":"https:\/\/lavoixdelanation.tg\/index.php\/wp-json\/wp\/v2\/media?parent=2961"}],"wp:term":[{"taxonomy":"category","embeddable":true,"href":"https:\/\/lavoixdelanation.tg\/index.php\/wp-json\/wp\/v2\/categories?post=2961"},{"taxonomy":"post_tag","embeddable":true,"href":"https:\/\/lavoixdelanation.tg\/index.php\/wp-json\/wp\/v2\/tags?post=2961"}],"curies":[{"name":"wp","href":"https:\/\/api.w.org\/{rel}","templated":true}]}}