{"id":2958,"date":"2025-05-21T17:45:07","date_gmt":"2025-05-21T15:45:07","guid":{"rendered":"https:\/\/lavoixdelanation.tg\/?p=2958"},"modified":"2025-05-29T17:46:27","modified_gmt":"2025-05-29T15:46:27","slug":"togo-la-ceni-receptionne-de-lencre-indelebile-pour-les-prochaines-municipales","status":"publish","type":"post","link":"https:\/\/lavoixdelanation.tg\/index.php\/2025\/05\/21\/togo-la-ceni-receptionne-de-lencre-indelebile-pour-les-prochaines-municipales\/","title":{"rendered":"Togo\u00a0: La CENI r\u00e9ceptionne de l\u2019encre ind\u00e9l\u00e9bile pour les prochaines municipales"},"content":{"rendered":"\n<p>Les pr\u00e9paratifs pour les \u00e9lections municipales du 10 juillet 2025 se poursuivent au Togo. La Commission \u00e9lectorale nationale ind\u00e9pendante (CENI) a r\u00e9ceptionn\u00e9 ce 20 mai \u00e0 Lom\u00e9, des cartons d\u2019encre ind\u00e9l\u00e9bile devant servir pour l\u2019int\u00e9grit\u00e9 du scrutin.<\/p>\n\n\n\n<p>C\u2019est le pr\u00e9sident de la CENI Dago YABRE qui a re\u00e7u ledit mat\u00e9riel des mains de Mme KAGONE T\u00e9n\u00e9 Alima, pr\u00e9sidente de la Soci\u00e9t\u00e9 NetCom qui est le fournisseur.<\/p>\n\n\n\n<p>Selon la CENI, au total 33.000 flacons de cette encre ont \u00e9t\u00e9 livr\u00e9s pour l\u2019organisation de l\u2019\u00e9lection des conseillers municipaux de cette ann\u00e9e 2025.<\/p>\n\n\n\n<p>La c\u00e9r\u00e9monie de r\u00e9ception s\u2019est d\u00e9roul\u00e9e en pr\u00e9sence des membres de la CENI ainsi que de certaines personnalit\u00e9s notamment ceux du Minist\u00e8re de l\u2019Administration, de la D\u00e9centralisation et de la Chefferie Coutumi\u00e8re.<\/p>\n\n\n\n<p>Apr\u00e8s la c\u00e9r\u00e9monie de r\u00e9ception, l\u2019encre a \u00e9t\u00e9 convoy\u00e9e au si\u00e8ge de la CENI, o\u00f9 un pr\u00e9l\u00e8vement al\u00e9atoire de flacons a \u00e9t\u00e9 effectu\u00e9 par le Laboratoire d\u2019Hydrologie Appliqu\u00e9e et Environnement de l\u2019Universit\u00e9 de Lom\u00e9 (LHAE). Des tests et analyses seront faits sur ces pr\u00e9l\u00e8vements, en vue de prouver l\u2019ind\u00e9l\u00e9bilit\u00e9 de cette encre.<\/p>\n\n\n\n<p>Les r\u00e9sultats de ces analyses confirmant ou non son caract\u00e8re ind\u00e9l\u00e9bile, seront connus dans les prochains jours.<\/p>\n","protected":false},"excerpt":{"rendered":"<p>Les pr\u00e9paratifs pour les \u00e9lections municipales du 10 juillet 2025 se poursuivent au Togo. La Commission \u00e9lectorale nationale ind\u00e9pendante (CENI) a r\u00e9ceptionn\u00e9 ce 20 mai \u00e0 Lom\u00e9, des cartons d\u2019encre&hellip; <\/p>\n","protected":false},"author":1,"featured_media":2959,"comment_status":"open","ping_status":"open","sticky":false,"template":"","format":"standard","meta":{"footnotes":""},"categories":[21],"tags":[57,691,39],"class_list":["post-2958","post","type-post","status-publish","format-standard","has-post-thumbnail","hentry","category-politique","tag-ceni","tag-encre-indelebile","tag-togo"],"yoast_head":"<!-- This site is optimized with the Yoast SEO plugin v26.4 - https:\/\/yoast.com\/wordpress\/plugins\/seo\/ -->\n<title>Togo\u00a0: La CENI r\u00e9ceptionne de l\u2019encre ind\u00e9l\u00e9bile pour les prochaines municipales - La Voix de la Nation<\/title>\n<meta name=\"robots\" content=\"index, follow, max-snippet:-1, max-image-preview:large, max-video-preview:-1\" \/>\n<link rel=\"canonical\" href=\"https:\/\/lavoixdelanation.tg\/index.php\/2025\/05\/21\/togo-la-ceni-receptionne-de-lencre-indelebile-pour-les-prochaines-municipales\/\" \/>\n<meta property=\"og:locale\" content=\"fr_FR\" \/>\n<meta property=\"og:type\" content=\"article\" \/>\n<meta property=\"og:title\" content=\"Togo\u00a0: La CENI r\u00e9ceptionne de l\u2019encre ind\u00e9l\u00e9bile pour les prochaines municipales - La Voix de la Nation\" \/>\n<meta property=\"og:description\" content=\"Les pr\u00e9paratifs pour les \u00e9lections municipales du 10 juillet 2025 se poursuivent au Togo. La Commission \u00e9lectorale nationale ind\u00e9pendante (CENI) a r\u00e9ceptionn\u00e9 ce 20 mai \u00e0 Lom\u00e9, des cartons d\u2019encre&hellip;\" \/>\n<meta property=\"og:url\" content=\"https:\/\/lavoixdelanation.tg\/index.php\/2025\/05\/21\/togo-la-ceni-receptionne-de-lencre-indelebile-pour-les-prochaines-municipales\/\" \/>\n<meta property=\"og:site_name\" content=\"La Voix de la Nation\" \/>\n<meta property=\"article:publisher\" content=\"https:\/\/www.facebook.com\/lavoixdelanation\" \/>\n<meta property=\"article:published_time\" content=\"2025-05-21T15:45:07+00:00\" \/>\n<meta property=\"article:modified_time\" content=\"2025-05-29T15:46:27+00:00\" \/>\n<meta property=\"og:image\" content=\"https:\/\/lavoixdelanation.tg\/wp-content\/uploads\/2025\/05\/La-CENI-receptionne-lencre-indelebile-au-Togo.jpg\" \/>\n\t<meta property=\"og:image:width\" content=\"633\" \/>\n\t<meta property=\"og:image:height\" content=\"400\" \/>\n\t<meta property=\"og:image:type\" content=\"image\/jpeg\" \/>\n<meta name=\"author\" content=\"La voix de la nation\" \/>\n<meta name=\"twitter:card\" content=\"summary_large_image\" \/>\n<meta name=\"twitter:label1\" content=\"\u00c9crit par\" \/>\n\t<meta name=\"twitter:data1\" content=\"La voix de la nation\" \/>\n\t<meta name=\"twitter:label2\" content=\"Dur\u00e9e de lecture estim\u00e9e\" \/>\n\t<meta name=\"twitter:data2\" content=\"2 minutes\" \/>\n<script type=\"application\/ld+json\" class=\"yoast-schema-graph\">{\"@context\":\"https:\/\/schema.org\",\"@graph\":[{\"@type\":\"Article\",\"@id\":\"https:\/\/lavoixdelanation.tg\/index.php\/2025\/05\/21\/togo-la-ceni-receptionne-de-lencre-indelebile-pour-les-prochaines-municipales\/#article\",\"isPartOf\":{\"@id\":\"https:\/\/lavoixdelanation.tg\/index.php\/2025\/05\/21\/togo-la-ceni-receptionne-de-lencre-indelebile-pour-les-prochaines-municipales\/\"},\"author\":{\"name\":\"La voix de la nation\",\"@id\":\"https:\/\/lavoixdelanation.tg\/#\/schema\/person\/6c489293aa38053673a9e554acb6e224\"},\"headline\":\"Togo\u00a0: La CENI r\u00e9ceptionne de l\u2019encre ind\u00e9l\u00e9bile pour les prochaines municipales\",\"datePublished\":\"2025-05-21T15:45:07+00:00\",\"dateModified\":\"2025-05-29T15:46:27+00:00\",\"mainEntityOfPage\":{\"@id\":\"https:\/\/lavoixdelanation.tg\/index.php\/2025\/05\/21\/togo-la-ceni-receptionne-de-lencre-indelebile-pour-les-prochaines-municipales\/\"},\"wordCount\":253,\"commentCount\":0,\"publisher\":{\"@id\":\"https:\/\/lavoixdelanation.tg\/#organization\"},\"image\":{\"@id\":\"https:\/\/lavoixdelanation.tg\/index.php\/2025\/05\/21\/togo-la-ceni-receptionne-de-lencre-indelebile-pour-les-prochaines-municipales\/#primaryimage\"},\"thumbnailUrl\":\"https:\/\/lavoixdelanation.tg\/wp-content\/uploads\/2025\/05\/La-CENI-receptionne-lencre-indelebile-au-Togo.jpg\",\"keywords\":[\"CENI\",\"encre ind\u00e9l\u00e9bile\",\"Togo\"],\"articleSection\":[\"Politique\"],\"inLanguage\":\"fr-FR\",\"potentialAction\":[{\"@type\":\"CommentAction\",\"name\":\"Comment\",\"target\":[\"https:\/\/lavoixdelanation.tg\/index.php\/2025\/05\/21\/togo-la-ceni-receptionne-de-lencre-indelebile-pour-les-prochaines-municipales\/#respond\"]}]},{\"@type\":\"WebPage\",\"@id\":\"https:\/\/lavoixdelanation.tg\/index.php\/2025\/05\/21\/togo-la-ceni-receptionne-de-lencre-indelebile-pour-les-prochaines-municipales\/\",\"url\":\"https:\/\/lavoixdelanation.tg\/index.php\/2025\/05\/21\/togo-la-ceni-receptionne-de-lencre-indelebile-pour-les-prochaines-municipales\/\",\"name\":\"Togo\u00a0: La CENI r\u00e9ceptionne de l\u2019encre ind\u00e9l\u00e9bile pour les prochaines municipales - La Voix de la Nation\",\"isPartOf\":{\"@id\":\"https:\/\/lavoixdelanation.tg\/#website\"},\"primaryImageOfPage\":{\"@id\":\"https:\/\/lavoixdelanation.tg\/index.php\/2025\/05\/21\/togo-la-ceni-receptionne-de-lencre-indelebile-pour-les-prochaines-municipales\/#primaryimage\"},\"image\":{\"@id\":\"https:\/\/lavoixdelanation.tg\/index.php\/2025\/05\/21\/togo-la-ceni-receptionne-de-lencre-indelebile-pour-les-prochaines-municipales\/#primaryimage\"},\"thumbnailUrl\":\"https:\/\/lavoixdelanation.tg\/wp-content\/uploads\/2025\/05\/La-CENI-receptionne-lencre-indelebile-au-Togo.jpg\",\"datePublished\":\"2025-05-21T15:45:07+00:00\",\"dateModified\":\"2025-05-29T15:46:27+00:00\",\"breadcrumb\":{\"@id\":\"https:\/\/lavoixdelanation.tg\/index.php\/2025\/05\/21\/togo-la-ceni-receptionne-de-lencre-indelebile-pour-les-prochaines-municipales\/#breadcrumb\"},\"inLanguage\":\"fr-FR\",\"potentialAction\":[{\"@type\":\"ReadAction\",\"target\":[\"https:\/\/lavoixdelanation.tg\/index.php\/2025\/05\/21\/togo-la-ceni-receptionne-de-lencre-indelebile-pour-les-prochaines-municipales\/\"]}]},{\"@type\":\"ImageObject\",\"inLanguage\":\"fr-FR\",\"@id\":\"https:\/\/lavoixdelanation.tg\/index.php\/2025\/05\/21\/togo-la-ceni-receptionne-de-lencre-indelebile-pour-les-prochaines-municipales\/#primaryimage\",\"url\":\"https:\/\/lavoixdelanation.tg\/wp-content\/uploads\/2025\/05\/La-CENI-receptionne-lencre-indelebile-au-Togo.jpg\",\"contentUrl\":\"https:\/\/lavoixdelanation.tg\/wp-content\/uploads\/2025\/05\/La-CENI-receptionne-lencre-indelebile-au-Togo.jpg\",\"width\":633,\"height\":400},{\"@type\":\"BreadcrumbList\",\"@id\":\"https:\/\/lavoixdelanation.tg\/index.php\/2025\/05\/21\/togo-la-ceni-receptionne-de-lencre-indelebile-pour-les-prochaines-municipales\/#breadcrumb\",\"itemListElement\":[{\"@type\":\"ListItem\",\"position\":1,\"name\":\"Accueil\",\"item\":\"https:\/\/lavoixdelanation.tg\/\"},{\"@type\":\"ListItem\",\"position\":2,\"name\":\"Togo\u00a0: La CENI r\u00e9ceptionne de l\u2019encre ind\u00e9l\u00e9bile pour les prochaines municipales\"}]},{\"@type\":\"WebSite\",\"@id\":\"https:\/\/lavoixdelanation.tg\/#website\",\"url\":\"https:\/\/lavoixdelanation.tg\/\",\"name\":\"La Voix de la Nation\",\"description\":\"R\u00e9c\u00e9piss\u00e9 n\u00b00108\/HAAC\/01-2024\/pl\/P\",\"publisher\":{\"@id\":\"https:\/\/lavoixdelanation.tg\/#organization\"},\"alternateName\":\"VON\",\"potentialAction\":[{\"@type\":\"SearchAction\",\"target\":{\"@type\":\"EntryPoint\",\"urlTemplate\":\"https:\/\/lavoixdelanation.tg\/?s={search_term_string}\"},\"query-input\":{\"@type\":\"PropertyValueSpecification\",\"valueRequired\":true,\"valueName\":\"search_term_string\"}}],\"inLanguage\":\"fr-FR\"},{\"@type\":\"Organization\",\"@id\":\"https:\/\/lavoixdelanation.tg\/#organization\",\"name\":\"La Voix de la Nation\",\"url\":\"https:\/\/lavoixdelanation.tg\/\",\"logo\":{\"@type\":\"ImageObject\",\"inLanguage\":\"fr-FR\",\"@id\":\"https:\/\/lavoixdelanation.tg\/#\/schema\/logo\/image\/\",\"url\":\"https:\/\/lavoixdelanation.tg\/wp-content\/uploads\/2024\/12\/lavn-1.png\",\"contentUrl\":\"https:\/\/lavoixdelanation.tg\/wp-content\/uploads\/2024\/12\/lavn-1.png\",\"width\":1024,\"height\":464,\"caption\":\"La Voix de la Nation\"},\"image\":{\"@id\":\"https:\/\/lavoixdelanation.tg\/#\/schema\/logo\/image\/\"},\"sameAs\":[\"https:\/\/www.facebook.com\/lavoixdelanation\"]},{\"@type\":\"Person\",\"@id\":\"https:\/\/lavoixdelanation.tg\/#\/schema\/person\/6c489293aa38053673a9e554acb6e224\",\"name\":\"La voix de la nation\",\"image\":{\"@type\":\"ImageObject\",\"inLanguage\":\"fr-FR\",\"@id\":\"https:\/\/lavoixdelanation.tg\/#\/schema\/person\/image\/\",\"url\":\"https:\/\/secure.gravatar.com\/avatar\/8aa135d4bbc794494cecaa8d483f6d6cc1023624868deaff686baed5e727a5a1?s=96&d=mm&r=g\",\"contentUrl\":\"https:\/\/secure.gravatar.com\/avatar\/8aa135d4bbc794494cecaa8d483f6d6cc1023624868deaff686baed5e727a5a1?s=96&d=mm&r=g\",\"caption\":\"La voix de la nation\"},\"sameAs\":[\"https:\/\/lavoixdelanation.tg\"],\"url\":\"https:\/\/lavoixdelanation.tg\/index.php\/author\/lavn\/\"}]}<\/script>\n<!-- \/ Yoast SEO plugin. -->","yoast_head_json":{"title":"Togo\u00a0: La CENI r\u00e9ceptionne de l\u2019encre ind\u00e9l\u00e9bile pour les prochaines municipales - La Voix de la Nation","robots":{"index":"index","follow":"follow","max-snippet":"max-snippet:-1","max-image-preview":"max-image-preview:large","max-video-preview":"max-video-preview:-1"},"canonical":"https:\/\/lavoixdelanation.tg\/index.php\/2025\/05\/21\/togo-la-ceni-receptionne-de-lencre-indelebile-pour-les-prochaines-municipales\/","og_locale":"fr_FR","og_type":"article","og_title":"Togo\u00a0: La CENI r\u00e9ceptionne de l\u2019encre ind\u00e9l\u00e9bile pour les prochaines municipales - La Voix de la Nation","og_description":"Les pr\u00e9paratifs pour les \u00e9lections municipales du 10 juillet 2025 se poursuivent au Togo. La Commission \u00e9lectorale nationale ind\u00e9pendante (CENI) a r\u00e9ceptionn\u00e9 ce 20 mai \u00e0 Lom\u00e9, des cartons d\u2019encre&hellip;","og_url":"https:\/\/lavoixdelanation.tg\/index.php\/2025\/05\/21\/togo-la-ceni-receptionne-de-lencre-indelebile-pour-les-prochaines-municipales\/","og_site_name":"La Voix de la Nation","article_publisher":"https:\/\/www.facebook.com\/lavoixdelanation","article_published_time":"2025-05-21T15:45:07+00:00","article_modified_time":"2025-05-29T15:46:27+00:00","og_image":[{"width":633,"height":400,"url":"https:\/\/lavoixdelanation.tg\/wp-content\/uploads\/2025\/05\/La-CENI-receptionne-lencre-indelebile-au-Togo.jpg","type":"image\/jpeg"}],"author":"La voix de la nation","twitter_card":"summary_large_image","twitter_misc":{"\u00c9crit par":"La voix de la nation","Dur\u00e9e de lecture estim\u00e9e":"2 minutes"},"schema":{"@context":"https:\/\/schema.org","@graph":[{"@type":"Article","@id":"https:\/\/lavoixdelanation.tg\/index.php\/2025\/05\/21\/togo-la-ceni-receptionne-de-lencre-indelebile-pour-les-prochaines-municipales\/#article","isPartOf":{"@id":"https:\/\/lavoixdelanation.tg\/index.php\/2025\/05\/21\/togo-la-ceni-receptionne-de-lencre-indelebile-pour-les-prochaines-municipales\/"},"author":{"name":"La voix de la nation","@id":"https:\/\/lavoixdelanation.tg\/#\/schema\/person\/6c489293aa38053673a9e554acb6e224"},"headline":"Togo\u00a0: La CENI r\u00e9ceptionne de l\u2019encre ind\u00e9l\u00e9bile pour les prochaines municipales","datePublished":"2025-05-21T15:45:07+00:00","dateModified":"2025-05-29T15:46:27+00:00","mainEntityOfPage":{"@id":"https:\/\/lavoixdelanation.tg\/index.php\/2025\/05\/21\/togo-la-ceni-receptionne-de-lencre-indelebile-pour-les-prochaines-municipales\/"},"wordCount":253,"commentCount":0,"publisher":{"@id":"https:\/\/lavoixdelanation.tg\/#organization"},"image":{"@id":"https:\/\/lavoixdelanation.tg\/index.php\/2025\/05\/21\/togo-la-ceni-receptionne-de-lencre-indelebile-pour-les-prochaines-municipales\/#primaryimage"},"thumbnailUrl":"https:\/\/lavoixdelanation.tg\/wp-content\/uploads\/2025\/05\/La-CENI-receptionne-lencre-indelebile-au-Togo.jpg","keywords":["CENI","encre ind\u00e9l\u00e9bile","Togo"],"articleSection":["Politique"],"inLanguage":"fr-FR","potentialAction":[{"@type":"CommentAction","name":"Comment","target":["https:\/\/lavoixdelanation.tg\/index.php\/2025\/05\/21\/togo-la-ceni-receptionne-de-lencre-indelebile-pour-les-prochaines-municipales\/#respond"]}]},{"@type":"WebPage","@id":"https:\/\/lavoixdelanation.tg\/index.php\/2025\/05\/21\/togo-la-ceni-receptionne-de-lencre-indelebile-pour-les-prochaines-municipales\/","url":"https:\/\/lavoixdelanation.tg\/index.php\/2025\/05\/21\/togo-la-ceni-receptionne-de-lencre-indelebile-pour-les-prochaines-municipales\/","name":"Togo\u00a0: La CENI r\u00e9ceptionne de l\u2019encre ind\u00e9l\u00e9bile pour les prochaines municipales - La Voix de la Nation","isPartOf":{"@id":"https:\/\/lavoixdelanation.tg\/#website"},"primaryImageOfPage":{"@id":"https:\/\/lavoixdelanation.tg\/index.php\/2025\/05\/21\/togo-la-ceni-receptionne-de-lencre-indelebile-pour-les-prochaines-municipales\/#primaryimage"},"image":{"@id":"https:\/\/lavoixdelanation.tg\/index.php\/2025\/05\/21\/togo-la-ceni-receptionne-de-lencre-indelebile-pour-les-prochaines-municipales\/#primaryimage"},"thumbnailUrl":"https:\/\/lavoixdelanation.tg\/wp-content\/uploads\/2025\/05\/La-CENI-receptionne-lencre-indelebile-au-Togo.jpg","datePublished":"2025-05-21T15:45:07+00:00","dateModified":"2025-05-29T15:46:27+00:00","breadcrumb":{"@id":"https:\/\/lavoixdelanation.tg\/index.php\/2025\/05\/21\/togo-la-ceni-receptionne-de-lencre-indelebile-pour-les-prochaines-municipales\/#breadcrumb"},"inLanguage":"fr-FR","potentialAction":[{"@type":"ReadAction","target":["https:\/\/lavoixdelanation.tg\/index.php\/2025\/05\/21\/togo-la-ceni-receptionne-de-lencre-indelebile-pour-les-prochaines-municipales\/"]}]},{"@type":"ImageObject","inLanguage":"fr-FR","@id":"https:\/\/lavoixdelanation.tg\/index.php\/2025\/05\/21\/togo-la-ceni-receptionne-de-lencre-indelebile-pour-les-prochaines-municipales\/#primaryimage","url":"https:\/\/lavoixdelanation.tg\/wp-content\/uploads\/2025\/05\/La-CENI-receptionne-lencre-indelebile-au-Togo.jpg","contentUrl":"https:\/\/lavoixdelanation.tg\/wp-content\/uploads\/2025\/05\/La-CENI-receptionne-lencre-indelebile-au-Togo.jpg","width":633,"height":400},{"@type":"BreadcrumbList","@id":"https:\/\/lavoixdelanation.tg\/index.php\/2025\/05\/21\/togo-la-ceni-receptionne-de-lencre-indelebile-pour-les-prochaines-municipales\/#breadcrumb","itemListElement":[{"@type":"ListItem","position":1,"name":"Accueil","item":"https:\/\/lavoixdelanation.tg\/"},{"@type":"ListItem","position":2,"name":"Togo\u00a0: La CENI r\u00e9ceptionne de l\u2019encre ind\u00e9l\u00e9bile pour les prochaines municipales"}]},{"@type":"WebSite","@id":"https:\/\/lavoixdelanation.tg\/#website","url":"https:\/\/lavoixdelanation.tg\/","name":"La Voix de la Nation","description":"R\u00e9c\u00e9piss\u00e9 n\u00b00108\/HAAC\/01-2024\/pl\/P","publisher":{"@id":"https:\/\/lavoixdelanation.tg\/#organization"},"alternateName":"VON","potentialAction":[{"@type":"SearchAction","target":{"@type":"EntryPoint","urlTemplate":"https:\/\/lavoixdelanation.tg\/?s={search_term_string}"},"query-input":{"@type":"PropertyValueSpecification","valueRequired":true,"valueName":"search_term_string"}}],"inLanguage":"fr-FR"},{"@type":"Organization","@id":"https:\/\/lavoixdelanation.tg\/#organization","name":"La Voix de la Nation","url":"https:\/\/lavoixdelanation.tg\/","logo":{"@type":"ImageObject","inLanguage":"fr-FR","@id":"https:\/\/lavoixdelanation.tg\/#\/schema\/logo\/image\/","url":"https:\/\/lavoixdelanation.tg\/wp-content\/uploads\/2024\/12\/lavn-1.png","contentUrl":"https:\/\/lavoixdelanation.tg\/wp-content\/uploads\/2024\/12\/lavn-1.png","width":1024,"height":464,"caption":"La Voix de la Nation"},"image":{"@id":"https:\/\/lavoixdelanation.tg\/#\/schema\/logo\/image\/"},"sameAs":["https:\/\/www.facebook.com\/lavoixdelanation"]},{"@type":"Person","@id":"https:\/\/lavoixdelanation.tg\/#\/schema\/person\/6c489293aa38053673a9e554acb6e224","name":"La voix de la nation","image":{"@type":"ImageObject","inLanguage":"fr-FR","@id":"https:\/\/lavoixdelanation.tg\/#\/schema\/person\/image\/","url":"https:\/\/secure.gravatar.com\/avatar\/8aa135d4bbc794494cecaa8d483f6d6cc1023624868deaff686baed5e727a5a1?s=96&d=mm&r=g","contentUrl":"https:\/\/secure.gravatar.com\/avatar\/8aa135d4bbc794494cecaa8d483f6d6cc1023624868deaff686baed5e727a5a1?s=96&d=mm&r=g","caption":"La voix de la nation"},"sameAs":["https:\/\/lavoixdelanation.tg"],"url":"https:\/\/lavoixdelanation.tg\/index.php\/author\/lavn\/"}]}},"_links":{"self":[{"href":"https:\/\/lavoixdelanation.tg\/index.php\/wp-json\/wp\/v2\/posts\/2958","targetHints":{"allow":["GET"]}}],"collection":[{"href":"https:\/\/lavoixdelanation.tg\/index.php\/wp-json\/wp\/v2\/posts"}],"about":[{"href":"https:\/\/lavoixdelanation.tg\/index.php\/wp-json\/wp\/v2\/types\/post"}],"author":[{"embeddable":true,"href":"https:\/\/lavoixdelanation.tg\/index.php\/wp-json\/wp\/v2\/users\/1"}],"replies":[{"embeddable":true,"href":"https:\/\/lavoixdelanation.tg\/index.php\/wp-json\/wp\/v2\/comments?post=2958"}],"version-history":[{"count":1,"href":"https:\/\/lavoixdelanation.tg\/index.php\/wp-json\/wp\/v2\/posts\/2958\/revisions"}],"predecessor-version":[{"id":2960,"href":"https:\/\/lavoixdelanation.tg\/index.php\/wp-json\/wp\/v2\/posts\/2958\/revisions\/2960"}],"wp:featuredmedia":[{"embeddable":true,"href":"https:\/\/lavoixdelanation.tg\/index.php\/wp-json\/wp\/v2\/media\/2959"}],"wp:attachment":[{"href":"https:\/\/lavoixdelanation.tg\/index.php\/wp-json\/wp\/v2\/media?parent=2958"}],"wp:term":[{"taxonomy":"category","embeddable":true,"href":"https:\/\/lavoixdelanation.tg\/index.php\/wp-json\/wp\/v2\/categories?post=2958"},{"taxonomy":"post_tag","embeddable":true,"href":"https:\/\/lavoixdelanation.tg\/index.php\/wp-json\/wp\/v2\/tags?post=2958"}],"curies":[{"name":"wp","href":"https:\/\/api.w.org\/{rel}","templated":true}]}}