{"id":2890,"date":"2025-05-20T19:27:27","date_gmt":"2025-05-20T17:27:27","guid":{"rendered":"https:\/\/lavoixdelanation.tg\/?p=2890"},"modified":"2025-05-21T19:37:34","modified_gmt":"2025-05-21T17:37:34","slug":"togo-les-elections-municipales-au-centre-dune-nouvelle-reunion-du-cpc","status":"publish","type":"post","link":"https:\/\/lavoixdelanation.tg\/index.php\/2025\/05\/20\/togo-les-elections-municipales-au-centre-dune-nouvelle-reunion-du-cpc\/","title":{"rendered":"Togo\u00a0: Les \u00e9lections municipales au centre d\u2019une nouvelle r\u00e9union du CPC"},"content":{"rendered":"\n<p>La 20<sup>\u00e8me<\/sup>&nbsp;s\u00e9ance de la 2<sup>\u00e8me<\/sup>&nbsp;session de l\u2019ann\u00e9e 2025 du Cadre permanent de concertation (CPC) s\u2019est tenue ce lundi 19 mai 2025 ce Lom\u00e9.<\/p>\n\n\n\n<p>Au rang des sujets abord\u00e9es par les acteurs politiques, la question des prochaines \u00e9lections municipales pr\u00e9vues le 10 juillet prochain.<\/p>\n\n\n\n<p>L\u2019on apprend qu\u2019au sujet de ces municipales, les membres du CPC ont exprim\u00e9 plusieurs attentes portant entre autres sur la revue \u00e0 la baisse du montant de la caution de candidature avec toujours beaucoup plus de particularit\u00e9 encourageante \u00e0 la candidature f\u00e9minine, l\u2019intervention du ministre charg\u00e9 de l\u2019administration territoriale pour recadrer les maires des 117 communes du pays face aux difficult\u00e9s li\u00e9es \u00e0 la d\u00e9livrance des certificats de r\u00e9sidence sollicit\u00e9s en ces moments pr\u00e9cis par les candidats aux prochaines municipales pour cause d\u2019une mauvaise interpr\u00e9tation des textes cadrant la question de r\u00e9sidence par les maires.<\/p>\n\n\n\n<p>Suite au constat des montants exorbitants r\u00e9clam\u00e9s aux candidats aux \u00e9lections municipales pour la d\u00e9livrance des certificats de r\u00e9sidence, il a \u00e9t\u00e9 demand\u00e9 au ministre charg\u00e9 de l\u2019administration territoriale de rappeler les maires \u00e0 l\u2019ordre au sujet de ces attestations dont le montant ne devrait pas d\u00e9passer 5000 F CFA.<\/p>\n\n\n\n<figure class=\"wp-block-image size-full is-resized\"><img loading=\"lazy\" decoding=\"async\" width=\"700\" height=\"343\" src=\"https:\/\/lavoixdelanation.tg\/wp-content\/uploads\/2025\/05\/Reunion-des-acteurs-politiques-au-CPC-a-Lome.jpg\" alt=\"\" class=\"wp-image-2892\" style=\"width:840px;height:auto\" srcset=\"https:\/\/lavoixdelanation.tg\/wp-content\/uploads\/2025\/05\/Reunion-des-acteurs-politiques-au-CPC-a-Lome.jpg 700w, https:\/\/lavoixdelanation.tg\/wp-content\/uploads\/2025\/05\/Reunion-des-acteurs-politiques-au-CPC-a-Lome-300x147.jpg 300w\" sizes=\"auto, (max-width: 700px) 100vw, 700px\" \/><\/figure>\n\n\n\n<p>Il a \u00e9t\u00e9 par ailleurs \u00e9voqu\u00e9 la revue \u00e0 la hausse de la subvention des pouvoirs publics au titre du financement de l\u2019Etat visant \u00e0 accompagner les formations politiques engag\u00e9es en courses \u00e9lectorales, et le report de la date initiale pr\u00e9vue pour la tenue des \u00e9lections municipales en vue d\u2019une meilleure pr\u00e9paration individuelle de chaque parti politique.<\/p>\n\n\n\n<p>Un autre sujet \u00e0 souligner est l\u2019invitation lanc\u00e9e par le CPC \u00e0 l\u2019Assembl\u00e9e nationale, pour la recomposition de la Commission \u00e9lectorale nationale ind\u00e9pendante (CENI) afin de d\u00e9signer les personnalit\u00e9s y devant si\u00e9ger au titre du renouvellement de ses membres arriv\u00e9s en fin de mandat, mais rest\u00e9s en fonction pour des raisons majeures obligeant \u00e0 assurer la continuit\u00e9 des institutions de l\u2019Etat.<\/p>\n\n\n\n<p>Les membres ont demand\u00e9 pour finir que les recommandations formul\u00e9es au CPC de l\u2019an 2024 soient mat\u00e9rialis\u00e9es en un document officiel \u00e0 toutes fins d\u2019int\u00e9r\u00eat national pour les g\u00e9n\u00e9rations pr\u00e9sentes et futures.<\/p>\n\n\n\n<p>Le ministre de l\u2019administration territoriale, de la d\u00e9centralisation et de la chefferie coutumi\u00e8re, Colonel Awat\u00e9 Hodabalo (commissaire du gouvernement et rapporteur du CPC) a promis de rendre compte des relev\u00e9es de conclusion des travaux, formul\u00e9es en termes de propositions exprim\u00e9es dans le respect du fonctionnement de l\u2019Etat et de ses institutions r\u00e9publicaines.<\/p>\n\n\n\n<p>Il a \u00e9galement rassur\u00e9 les membres du CPC de la disponibilit\u00e9 permanente et de l\u2019oreille attentive de Faure Gnassingb\u00e9, pr\u00e9sident du Conseil de la R\u00e9publique Togolaise.<\/p>\n\n\n\n<p><strong>La R\u00e9daction<\/strong><\/p>\n","protected":false},"excerpt":{"rendered":"<p>La 20\u00e8me&nbsp;s\u00e9ance de la 2\u00e8me&nbsp;session de l\u2019ann\u00e9e 2025 du Cadre permanent de concertation (CPC) s\u2019est tenue ce lundi 19 mai 2025 ce Lom\u00e9. Au rang des sujets abord\u00e9es par les&hellip; <\/p>\n","protected":false},"author":1,"featured_media":2891,"comment_status":"open","ping_status":"open","sticky":false,"template":"","format":"standard","meta":{"footnotes":""},"categories":[21],"tags":[678,39],"class_list":["post-2890","post","type-post","status-publish","format-standard","has-post-thumbnail","hentry","category-politique","tag-cadre-permanent-de-concertation","tag-togo"],"yoast_head":"<!-- This site is optimized with the Yoast SEO plugin v26.4 - https:\/\/yoast.com\/wordpress\/plugins\/seo\/ -->\n<title>Togo\u00a0: Les \u00e9lections municipales au centre d\u2019une nouvelle r\u00e9union du CPC - La Voix de la Nation<\/title>\n<meta name=\"robots\" content=\"index, follow, max-snippet:-1, max-image-preview:large, max-video-preview:-1\" \/>\n<link rel=\"canonical\" href=\"https:\/\/lavoixdelanation.tg\/index.php\/2025\/05\/20\/togo-les-elections-municipales-au-centre-dune-nouvelle-reunion-du-cpc\/\" \/>\n<meta property=\"og:locale\" content=\"fr_FR\" \/>\n<meta property=\"og:type\" content=\"article\" \/>\n<meta property=\"og:title\" content=\"Togo\u00a0: Les \u00e9lections municipales au centre d\u2019une nouvelle r\u00e9union du CPC - La Voix de la Nation\" \/>\n<meta property=\"og:description\" content=\"La 20\u00e8me&nbsp;s\u00e9ance de la 2\u00e8me&nbsp;session de l\u2019ann\u00e9e 2025 du Cadre permanent de concertation (CPC) s\u2019est tenue ce lundi 19 mai 2025 ce Lom\u00e9. Au rang des sujets abord\u00e9es par les&hellip;\" \/>\n<meta property=\"og:url\" content=\"https:\/\/lavoixdelanation.tg\/index.php\/2025\/05\/20\/togo-les-elections-municipales-au-centre-dune-nouvelle-reunion-du-cpc\/\" \/>\n<meta property=\"og:site_name\" content=\"La Voix de la Nation\" \/>\n<meta property=\"article:publisher\" content=\"https:\/\/www.facebook.com\/lavoixdelanation\" \/>\n<meta property=\"article:published_time\" content=\"2025-05-20T17:27:27+00:00\" \/>\n<meta property=\"article:modified_time\" content=\"2025-05-21T17:37:34+00:00\" \/>\n<meta property=\"og:image\" content=\"https:\/\/lavoixdelanation.tg\/wp-content\/uploads\/2025\/05\/Reunion-du-CPC-au-Togo.jpg\" \/>\n\t<meta property=\"og:image:width\" content=\"650\" \/>\n\t<meta property=\"og:image:height\" content=\"438\" \/>\n\t<meta property=\"og:image:type\" content=\"image\/jpeg\" \/>\n<meta name=\"author\" content=\"La voix de la nation\" \/>\n<meta name=\"twitter:card\" content=\"summary_large_image\" \/>\n<meta name=\"twitter:label1\" content=\"\u00c9crit par\" \/>\n\t<meta name=\"twitter:data1\" content=\"La voix de la nation\" \/>\n\t<meta name=\"twitter:label2\" content=\"Dur\u00e9e de lecture estim\u00e9e\" \/>\n\t<meta name=\"twitter:data2\" content=\"3 minutes\" \/>\n<script type=\"application\/ld+json\" class=\"yoast-schema-graph\">{\"@context\":\"https:\/\/schema.org\",\"@graph\":[{\"@type\":\"Article\",\"@id\":\"https:\/\/lavoixdelanation.tg\/index.php\/2025\/05\/20\/togo-les-elections-municipales-au-centre-dune-nouvelle-reunion-du-cpc\/#article\",\"isPartOf\":{\"@id\":\"https:\/\/lavoixdelanation.tg\/index.php\/2025\/05\/20\/togo-les-elections-municipales-au-centre-dune-nouvelle-reunion-du-cpc\/\"},\"author\":{\"name\":\"La voix de la nation\",\"@id\":\"https:\/\/lavoixdelanation.tg\/#\/schema\/person\/6c489293aa38053673a9e554acb6e224\"},\"headline\":\"Togo\u00a0: Les \u00e9lections municipales au centre d\u2019une nouvelle r\u00e9union du CPC\",\"datePublished\":\"2025-05-20T17:27:27+00:00\",\"dateModified\":\"2025-05-21T17:37:34+00:00\",\"mainEntityOfPage\":{\"@id\":\"https:\/\/lavoixdelanation.tg\/index.php\/2025\/05\/20\/togo-les-elections-municipales-au-centre-dune-nouvelle-reunion-du-cpc\/\"},\"wordCount\":483,\"commentCount\":0,\"publisher\":{\"@id\":\"https:\/\/lavoixdelanation.tg\/#organization\"},\"image\":{\"@id\":\"https:\/\/lavoixdelanation.tg\/index.php\/2025\/05\/20\/togo-les-elections-municipales-au-centre-dune-nouvelle-reunion-du-cpc\/#primaryimage\"},\"thumbnailUrl\":\"https:\/\/lavoixdelanation.tg\/wp-content\/uploads\/2025\/05\/Reunion-du-CPC-au-Togo.jpg\",\"keywords\":[\"Cadre permanent de concertation\",\"Togo\"],\"articleSection\":[\"Politique\"],\"inLanguage\":\"fr-FR\",\"potentialAction\":[{\"@type\":\"CommentAction\",\"name\":\"Comment\",\"target\":[\"https:\/\/lavoixdelanation.tg\/index.php\/2025\/05\/20\/togo-les-elections-municipales-au-centre-dune-nouvelle-reunion-du-cpc\/#respond\"]}]},{\"@type\":\"WebPage\",\"@id\":\"https:\/\/lavoixdelanation.tg\/index.php\/2025\/05\/20\/togo-les-elections-municipales-au-centre-dune-nouvelle-reunion-du-cpc\/\",\"url\":\"https:\/\/lavoixdelanation.tg\/index.php\/2025\/05\/20\/togo-les-elections-municipales-au-centre-dune-nouvelle-reunion-du-cpc\/\",\"name\":\"Togo\u00a0: Les \u00e9lections municipales au centre d\u2019une nouvelle r\u00e9union du CPC - La Voix de la Nation\",\"isPartOf\":{\"@id\":\"https:\/\/lavoixdelanation.tg\/#website\"},\"primaryImageOfPage\":{\"@id\":\"https:\/\/lavoixdelanation.tg\/index.php\/2025\/05\/20\/togo-les-elections-municipales-au-centre-dune-nouvelle-reunion-du-cpc\/#primaryimage\"},\"image\":{\"@id\":\"https:\/\/lavoixdelanation.tg\/index.php\/2025\/05\/20\/togo-les-elections-municipales-au-centre-dune-nouvelle-reunion-du-cpc\/#primaryimage\"},\"thumbnailUrl\":\"https:\/\/lavoixdelanation.tg\/wp-content\/uploads\/2025\/05\/Reunion-du-CPC-au-Togo.jpg\",\"datePublished\":\"2025-05-20T17:27:27+00:00\",\"dateModified\":\"2025-05-21T17:37:34+00:00\",\"breadcrumb\":{\"@id\":\"https:\/\/lavoixdelanation.tg\/index.php\/2025\/05\/20\/togo-les-elections-municipales-au-centre-dune-nouvelle-reunion-du-cpc\/#breadcrumb\"},\"inLanguage\":\"fr-FR\",\"potentialAction\":[{\"@type\":\"ReadAction\",\"target\":[\"https:\/\/lavoixdelanation.tg\/index.php\/2025\/05\/20\/togo-les-elections-municipales-au-centre-dune-nouvelle-reunion-du-cpc\/\"]}]},{\"@type\":\"ImageObject\",\"inLanguage\":\"fr-FR\",\"@id\":\"https:\/\/lavoixdelanation.tg\/index.php\/2025\/05\/20\/togo-les-elections-municipales-au-centre-dune-nouvelle-reunion-du-cpc\/#primaryimage\",\"url\":\"https:\/\/lavoixdelanation.tg\/wp-content\/uploads\/2025\/05\/Reunion-du-CPC-au-Togo.jpg\",\"contentUrl\":\"https:\/\/lavoixdelanation.tg\/wp-content\/uploads\/2025\/05\/Reunion-du-CPC-au-Togo.jpg\",\"width\":650,\"height\":438},{\"@type\":\"BreadcrumbList\",\"@id\":\"https:\/\/lavoixdelanation.tg\/index.php\/2025\/05\/20\/togo-les-elections-municipales-au-centre-dune-nouvelle-reunion-du-cpc\/#breadcrumb\",\"itemListElement\":[{\"@type\":\"ListItem\",\"position\":1,\"name\":\"Accueil\",\"item\":\"https:\/\/lavoixdelanation.tg\/\"},{\"@type\":\"ListItem\",\"position\":2,\"name\":\"Togo\u00a0: Les \u00e9lections municipales au centre d\u2019une nouvelle r\u00e9union du CPC\"}]},{\"@type\":\"WebSite\",\"@id\":\"https:\/\/lavoixdelanation.tg\/#website\",\"url\":\"https:\/\/lavoixdelanation.tg\/\",\"name\":\"La Voix de la Nation\",\"description\":\"R\u00e9c\u00e9piss\u00e9 n\u00b00108\/HAAC\/01-2024\/pl\/P\",\"publisher\":{\"@id\":\"https:\/\/lavoixdelanation.tg\/#organization\"},\"alternateName\":\"VON\",\"potentialAction\":[{\"@type\":\"SearchAction\",\"target\":{\"@type\":\"EntryPoint\",\"urlTemplate\":\"https:\/\/lavoixdelanation.tg\/?s={search_term_string}\"},\"query-input\":{\"@type\":\"PropertyValueSpecification\",\"valueRequired\":true,\"valueName\":\"search_term_string\"}}],\"inLanguage\":\"fr-FR\"},{\"@type\":\"Organization\",\"@id\":\"https:\/\/lavoixdelanation.tg\/#organization\",\"name\":\"La Voix de la Nation\",\"url\":\"https:\/\/lavoixdelanation.tg\/\",\"logo\":{\"@type\":\"ImageObject\",\"inLanguage\":\"fr-FR\",\"@id\":\"https:\/\/lavoixdelanation.tg\/#\/schema\/logo\/image\/\",\"url\":\"https:\/\/lavoixdelanation.tg\/wp-content\/uploads\/2024\/12\/lavn-1.png\",\"contentUrl\":\"https:\/\/lavoixdelanation.tg\/wp-content\/uploads\/2024\/12\/lavn-1.png\",\"width\":1024,\"height\":464,\"caption\":\"La Voix de la Nation\"},\"image\":{\"@id\":\"https:\/\/lavoixdelanation.tg\/#\/schema\/logo\/image\/\"},\"sameAs\":[\"https:\/\/www.facebook.com\/lavoixdelanation\"]},{\"@type\":\"Person\",\"@id\":\"https:\/\/lavoixdelanation.tg\/#\/schema\/person\/6c489293aa38053673a9e554acb6e224\",\"name\":\"La voix de la nation\",\"image\":{\"@type\":\"ImageObject\",\"inLanguage\":\"fr-FR\",\"@id\":\"https:\/\/lavoixdelanation.tg\/#\/schema\/person\/image\/\",\"url\":\"https:\/\/secure.gravatar.com\/avatar\/8aa135d4bbc794494cecaa8d483f6d6cc1023624868deaff686baed5e727a5a1?s=96&d=mm&r=g\",\"contentUrl\":\"https:\/\/secure.gravatar.com\/avatar\/8aa135d4bbc794494cecaa8d483f6d6cc1023624868deaff686baed5e727a5a1?s=96&d=mm&r=g\",\"caption\":\"La voix de la nation\"},\"sameAs\":[\"https:\/\/lavoixdelanation.tg\"],\"url\":\"https:\/\/lavoixdelanation.tg\/index.php\/author\/lavn\/\"}]}<\/script>\n<!-- \/ Yoast SEO plugin. -->","yoast_head_json":{"title":"Togo\u00a0: Les \u00e9lections municipales au centre d\u2019une nouvelle r\u00e9union du CPC - La Voix de la Nation","robots":{"index":"index","follow":"follow","max-snippet":"max-snippet:-1","max-image-preview":"max-image-preview:large","max-video-preview":"max-video-preview:-1"},"canonical":"https:\/\/lavoixdelanation.tg\/index.php\/2025\/05\/20\/togo-les-elections-municipales-au-centre-dune-nouvelle-reunion-du-cpc\/","og_locale":"fr_FR","og_type":"article","og_title":"Togo\u00a0: Les \u00e9lections municipales au centre d\u2019une nouvelle r\u00e9union du CPC - La Voix de la Nation","og_description":"La 20\u00e8me&nbsp;s\u00e9ance de la 2\u00e8me&nbsp;session de l\u2019ann\u00e9e 2025 du Cadre permanent de concertation (CPC) s\u2019est tenue ce lundi 19 mai 2025 ce Lom\u00e9. Au rang des sujets abord\u00e9es par les&hellip;","og_url":"https:\/\/lavoixdelanation.tg\/index.php\/2025\/05\/20\/togo-les-elections-municipales-au-centre-dune-nouvelle-reunion-du-cpc\/","og_site_name":"La Voix de la Nation","article_publisher":"https:\/\/www.facebook.com\/lavoixdelanation","article_published_time":"2025-05-20T17:27:27+00:00","article_modified_time":"2025-05-21T17:37:34+00:00","og_image":[{"width":650,"height":438,"url":"https:\/\/lavoixdelanation.tg\/wp-content\/uploads\/2025\/05\/Reunion-du-CPC-au-Togo.jpg","type":"image\/jpeg"}],"author":"La voix de la nation","twitter_card":"summary_large_image","twitter_misc":{"\u00c9crit par":"La voix de la nation","Dur\u00e9e de lecture estim\u00e9e":"3 minutes"},"schema":{"@context":"https:\/\/schema.org","@graph":[{"@type":"Article","@id":"https:\/\/lavoixdelanation.tg\/index.php\/2025\/05\/20\/togo-les-elections-municipales-au-centre-dune-nouvelle-reunion-du-cpc\/#article","isPartOf":{"@id":"https:\/\/lavoixdelanation.tg\/index.php\/2025\/05\/20\/togo-les-elections-municipales-au-centre-dune-nouvelle-reunion-du-cpc\/"},"author":{"name":"La voix de la nation","@id":"https:\/\/lavoixdelanation.tg\/#\/schema\/person\/6c489293aa38053673a9e554acb6e224"},"headline":"Togo\u00a0: Les \u00e9lections municipales au centre d\u2019une nouvelle r\u00e9union du CPC","datePublished":"2025-05-20T17:27:27+00:00","dateModified":"2025-05-21T17:37:34+00:00","mainEntityOfPage":{"@id":"https:\/\/lavoixdelanation.tg\/index.php\/2025\/05\/20\/togo-les-elections-municipales-au-centre-dune-nouvelle-reunion-du-cpc\/"},"wordCount":483,"commentCount":0,"publisher":{"@id":"https:\/\/lavoixdelanation.tg\/#organization"},"image":{"@id":"https:\/\/lavoixdelanation.tg\/index.php\/2025\/05\/20\/togo-les-elections-municipales-au-centre-dune-nouvelle-reunion-du-cpc\/#primaryimage"},"thumbnailUrl":"https:\/\/lavoixdelanation.tg\/wp-content\/uploads\/2025\/05\/Reunion-du-CPC-au-Togo.jpg","keywords":["Cadre permanent de concertation","Togo"],"articleSection":["Politique"],"inLanguage":"fr-FR","potentialAction":[{"@type":"CommentAction","name":"Comment","target":["https:\/\/lavoixdelanation.tg\/index.php\/2025\/05\/20\/togo-les-elections-municipales-au-centre-dune-nouvelle-reunion-du-cpc\/#respond"]}]},{"@type":"WebPage","@id":"https:\/\/lavoixdelanation.tg\/index.php\/2025\/05\/20\/togo-les-elections-municipales-au-centre-dune-nouvelle-reunion-du-cpc\/","url":"https:\/\/lavoixdelanation.tg\/index.php\/2025\/05\/20\/togo-les-elections-municipales-au-centre-dune-nouvelle-reunion-du-cpc\/","name":"Togo\u00a0: Les \u00e9lections municipales au centre d\u2019une nouvelle r\u00e9union du CPC - La Voix de la Nation","isPartOf":{"@id":"https:\/\/lavoixdelanation.tg\/#website"},"primaryImageOfPage":{"@id":"https:\/\/lavoixdelanation.tg\/index.php\/2025\/05\/20\/togo-les-elections-municipales-au-centre-dune-nouvelle-reunion-du-cpc\/#primaryimage"},"image":{"@id":"https:\/\/lavoixdelanation.tg\/index.php\/2025\/05\/20\/togo-les-elections-municipales-au-centre-dune-nouvelle-reunion-du-cpc\/#primaryimage"},"thumbnailUrl":"https:\/\/lavoixdelanation.tg\/wp-content\/uploads\/2025\/05\/Reunion-du-CPC-au-Togo.jpg","datePublished":"2025-05-20T17:27:27+00:00","dateModified":"2025-05-21T17:37:34+00:00","breadcrumb":{"@id":"https:\/\/lavoixdelanation.tg\/index.php\/2025\/05\/20\/togo-les-elections-municipales-au-centre-dune-nouvelle-reunion-du-cpc\/#breadcrumb"},"inLanguage":"fr-FR","potentialAction":[{"@type":"ReadAction","target":["https:\/\/lavoixdelanation.tg\/index.php\/2025\/05\/20\/togo-les-elections-municipales-au-centre-dune-nouvelle-reunion-du-cpc\/"]}]},{"@type":"ImageObject","inLanguage":"fr-FR","@id":"https:\/\/lavoixdelanation.tg\/index.php\/2025\/05\/20\/togo-les-elections-municipales-au-centre-dune-nouvelle-reunion-du-cpc\/#primaryimage","url":"https:\/\/lavoixdelanation.tg\/wp-content\/uploads\/2025\/05\/Reunion-du-CPC-au-Togo.jpg","contentUrl":"https:\/\/lavoixdelanation.tg\/wp-content\/uploads\/2025\/05\/Reunion-du-CPC-au-Togo.jpg","width":650,"height":438},{"@type":"BreadcrumbList","@id":"https:\/\/lavoixdelanation.tg\/index.php\/2025\/05\/20\/togo-les-elections-municipales-au-centre-dune-nouvelle-reunion-du-cpc\/#breadcrumb","itemListElement":[{"@type":"ListItem","position":1,"name":"Accueil","item":"https:\/\/lavoixdelanation.tg\/"},{"@type":"ListItem","position":2,"name":"Togo\u00a0: Les \u00e9lections municipales au centre d\u2019une nouvelle r\u00e9union du CPC"}]},{"@type":"WebSite","@id":"https:\/\/lavoixdelanation.tg\/#website","url":"https:\/\/lavoixdelanation.tg\/","name":"La Voix de la Nation","description":"R\u00e9c\u00e9piss\u00e9 n\u00b00108\/HAAC\/01-2024\/pl\/P","publisher":{"@id":"https:\/\/lavoixdelanation.tg\/#organization"},"alternateName":"VON","potentialAction":[{"@type":"SearchAction","target":{"@type":"EntryPoint","urlTemplate":"https:\/\/lavoixdelanation.tg\/?s={search_term_string}"},"query-input":{"@type":"PropertyValueSpecification","valueRequired":true,"valueName":"search_term_string"}}],"inLanguage":"fr-FR"},{"@type":"Organization","@id":"https:\/\/lavoixdelanation.tg\/#organization","name":"La Voix de la Nation","url":"https:\/\/lavoixdelanation.tg\/","logo":{"@type":"ImageObject","inLanguage":"fr-FR","@id":"https:\/\/lavoixdelanation.tg\/#\/schema\/logo\/image\/","url":"https:\/\/lavoixdelanation.tg\/wp-content\/uploads\/2024\/12\/lavn-1.png","contentUrl":"https:\/\/lavoixdelanation.tg\/wp-content\/uploads\/2024\/12\/lavn-1.png","width":1024,"height":464,"caption":"La Voix de la Nation"},"image":{"@id":"https:\/\/lavoixdelanation.tg\/#\/schema\/logo\/image\/"},"sameAs":["https:\/\/www.facebook.com\/lavoixdelanation"]},{"@type":"Person","@id":"https:\/\/lavoixdelanation.tg\/#\/schema\/person\/6c489293aa38053673a9e554acb6e224","name":"La voix de la nation","image":{"@type":"ImageObject","inLanguage":"fr-FR","@id":"https:\/\/lavoixdelanation.tg\/#\/schema\/person\/image\/","url":"https:\/\/secure.gravatar.com\/avatar\/8aa135d4bbc794494cecaa8d483f6d6cc1023624868deaff686baed5e727a5a1?s=96&d=mm&r=g","contentUrl":"https:\/\/secure.gravatar.com\/avatar\/8aa135d4bbc794494cecaa8d483f6d6cc1023624868deaff686baed5e727a5a1?s=96&d=mm&r=g","caption":"La voix de la nation"},"sameAs":["https:\/\/lavoixdelanation.tg"],"url":"https:\/\/lavoixdelanation.tg\/index.php\/author\/lavn\/"}]}},"_links":{"self":[{"href":"https:\/\/lavoixdelanation.tg\/index.php\/wp-json\/wp\/v2\/posts\/2890","targetHints":{"allow":["GET"]}}],"collection":[{"href":"https:\/\/lavoixdelanation.tg\/index.php\/wp-json\/wp\/v2\/posts"}],"about":[{"href":"https:\/\/lavoixdelanation.tg\/index.php\/wp-json\/wp\/v2\/types\/post"}],"author":[{"embeddable":true,"href":"https:\/\/lavoixdelanation.tg\/index.php\/wp-json\/wp\/v2\/users\/1"}],"replies":[{"embeddable":true,"href":"https:\/\/lavoixdelanation.tg\/index.php\/wp-json\/wp\/v2\/comments?post=2890"}],"version-history":[{"count":1,"href":"https:\/\/lavoixdelanation.tg\/index.php\/wp-json\/wp\/v2\/posts\/2890\/revisions"}],"predecessor-version":[{"id":2893,"href":"https:\/\/lavoixdelanation.tg\/index.php\/wp-json\/wp\/v2\/posts\/2890\/revisions\/2893"}],"wp:featuredmedia":[{"embeddable":true,"href":"https:\/\/lavoixdelanation.tg\/index.php\/wp-json\/wp\/v2\/media\/2891"}],"wp:attachment":[{"href":"https:\/\/lavoixdelanation.tg\/index.php\/wp-json\/wp\/v2\/media?parent=2890"}],"wp:term":[{"taxonomy":"category","embeddable":true,"href":"https:\/\/lavoixdelanation.tg\/index.php\/wp-json\/wp\/v2\/categories?post=2890"},{"taxonomy":"post_tag","embeddable":true,"href":"https:\/\/lavoixdelanation.tg\/index.php\/wp-json\/wp\/v2\/tags?post=2890"}],"curies":[{"name":"wp","href":"https:\/\/api.w.org\/{rel}","templated":true}]}}