{"id":2887,"date":"2025-05-21T18:39:56","date_gmt":"2025-05-21T16:39:56","guid":{"rendered":"https:\/\/lavoixdelanation.tg\/?p=2887"},"modified":"2025-05-21T18:39:56","modified_gmt":"2025-05-21T16:39:56","slug":"togo-campagne-de-vulgarisation-du-portail-de-facilitation-des-echanges-togo-trade-portal","status":"publish","type":"post","link":"https:\/\/lavoixdelanation.tg\/index.php\/2025\/05\/21\/togo-campagne-de-vulgarisation-du-portail-de-facilitation-des-echanges-togo-trade-portal\/","title":{"rendered":"Togo\u00a0: Campagne de vulgarisation du portail de facilitation des \u00e9changes \u00ab\u00a0Togo Trade Portal\u00a0\u00bb"},"content":{"rendered":"\n<p><strong>Le minist\u00e8re togolais du commerce passe \u00e0 la phase de son impl\u00e9mentation de la plateforme de facilitation des \u00e9changes \u00ab&nbsp;Togo Trade Portal&nbsp;\u00bb. Une campagne nationale de sensibilisation et de formation des op\u00e9rateurs \u00e9conomiques sur l\u2019utilisation de l\u2019outil a \u00e9t\u00e9 lanc\u00e9e \u00e0 cet effet ce mardi 20 mai 2025 \u00e0 Lom\u00e9.<\/strong><\/p>\n\n\n\n<p>La campagne vise notamment \u00e0 renforcer la visibilit\u00e9 et l\u2019appropriation du Togo Trade Portal par les acteurs \u00e9conomiques.<\/p>\n\n\n\n<p>Les acteurs de la fili\u00e8re soja ont \u00e9t\u00e9 les premiers \u00e0 \u00eatre sensibilis\u00e9s et form\u00e9s sur le fonctionnement et l\u2019utilisation de cette plateforme en ligne pr\u00e9vue pour toucher une diversit\u00e9 d\u2019acteurs du commerce.<\/p>\n\n\n\n<p>Les travaux ont \u00e9t\u00e9 marqu\u00e9s par une description \u00e9tape par \u00e9tape des proc\u00e9dures d\u2019importation, d\u2019exportation et de transit des produits strat\u00e9giques sur la plateforme.<\/p>\n\n\n\n<p>Selon le minist\u00e8re du commerce, le but de cet exercice est de les amener \u00e0 mieux ma\u00eetriser les proc\u00e9dures et \u00e0 faire d\u00e9sormais de cette plateforme, un outil permanent de travail dans leurs d\u00e9marches commerciales.<\/p>\n\n\n\n<p>La plateforme fournit des informations fiables centralis\u00e9es sur l\u2019\u00e9conomie togolaise notamment les lois et r\u00e8glementations pertinentes, les formulaires, les frais n\u00e9cessaires bref, tout ce qu\u2019il faut pour effectuer leurs op\u00e9rations commerciales sans n\u00e9cessairement se d\u00e9placer physiquement \u00e0 tous les points de formalit\u00e9s.<\/p>\n\n\n\n<p>Con\u00e7ue par le minist\u00e8re du commerce, de l\u2019artisanat et de la consommation locale en collaboration avec le Centre du commerce international dans le cadre du Projet de \u00ab&nbsp;facilitation d\u2019un meilleur acc\u00e8s aux march\u00e9s internationaux (AMI Commerce Togo)&nbsp;\u00bb, Togo Trade Portal offre une meilleure transparence dans les proc\u00e9dures commerciales et facilite l\u2019acc\u00e8s des entreprises togolaises aux march\u00e9s r\u00e9gionaux et internationaux.<\/p>\n\n\n\n<p>En dehors des facilit\u00e9s offertes aux op\u00e9rations d\u2019\u00e9changes, le Togo Trade Portal, r\u00e9pond en outre \u00e0 l\u2019objectif du Gouvernement de faire du Togo, une r\u00e9f\u00e9rence en mati\u00e8re du digital et de hub logistique.<\/p>\n\n\n\n<p><strong>La R\u00e9daction<\/strong><\/p>\n","protected":false},"excerpt":{"rendered":"<p>Le minist\u00e8re togolais du commerce passe \u00e0 la phase de son impl\u00e9mentation de la plateforme de facilitation des \u00e9changes \u00ab&nbsp;Togo Trade Portal&nbsp;\u00bb. Une campagne nationale de sensibilisation et de formation&hellip; <\/p>\n","protected":false},"author":1,"featured_media":2888,"comment_status":"open","ping_status":"open","sticky":false,"template":"","format":"standard","meta":{"footnotes":""},"categories":[8],"tags":[677],"class_list":["post-2887","post","type-post","status-publish","format-standard","has-post-thumbnail","hentry","category-economie","tag-togo-trade-portal"],"yoast_head":"<!-- This site is optimized with the Yoast SEO plugin v26.4 - https:\/\/yoast.com\/wordpress\/plugins\/seo\/ -->\n<title>Togo\u00a0: Campagne de vulgarisation du portail de facilitation des \u00e9changes \u00ab\u00a0Togo Trade Portal\u00a0\u00bb - La Voix de la Nation<\/title>\n<meta name=\"robots\" content=\"index, follow, max-snippet:-1, max-image-preview:large, max-video-preview:-1\" \/>\n<link rel=\"canonical\" href=\"https:\/\/lavoixdelanation.tg\/index.php\/2025\/05\/21\/togo-campagne-de-vulgarisation-du-portail-de-facilitation-des-echanges-togo-trade-portal\/\" \/>\n<meta property=\"og:locale\" content=\"fr_FR\" \/>\n<meta property=\"og:type\" content=\"article\" \/>\n<meta property=\"og:title\" content=\"Togo\u00a0: Campagne de vulgarisation du portail de facilitation des \u00e9changes \u00ab\u00a0Togo Trade Portal\u00a0\u00bb - La Voix de la Nation\" \/>\n<meta property=\"og:description\" content=\"Le minist\u00e8re togolais du commerce passe \u00e0 la phase de son impl\u00e9mentation de la plateforme de facilitation des \u00e9changes \u00ab&nbsp;Togo Trade Portal&nbsp;\u00bb. Une campagne nationale de sensibilisation et de formation&hellip;\" \/>\n<meta property=\"og:url\" content=\"https:\/\/lavoixdelanation.tg\/index.php\/2025\/05\/21\/togo-campagne-de-vulgarisation-du-portail-de-facilitation-des-echanges-togo-trade-portal\/\" \/>\n<meta property=\"og:site_name\" content=\"La Voix de la Nation\" \/>\n<meta property=\"article:publisher\" content=\"https:\/\/www.facebook.com\/lavoixdelanation\" \/>\n<meta property=\"article:published_time\" content=\"2025-05-21T16:39:56+00:00\" \/>\n<meta property=\"og:image\" content=\"https:\/\/lavoixdelanation.tg\/wp-content\/uploads\/2025\/05\/Campagne-de-vulgarisation-de-Togo-Trade-Portal.jpg\" \/>\n\t<meta property=\"og:image:width\" content=\"650\" \/>\n\t<meta property=\"og:image:height\" content=\"365\" \/>\n\t<meta property=\"og:image:type\" content=\"image\/jpeg\" \/>\n<meta name=\"author\" content=\"La voix de la nation\" \/>\n<meta name=\"twitter:card\" content=\"summary_large_image\" \/>\n<meta name=\"twitter:label1\" content=\"\u00c9crit par\" \/>\n\t<meta name=\"twitter:data1\" content=\"La voix de la nation\" \/>\n\t<meta name=\"twitter:label2\" content=\"Dur\u00e9e de lecture estim\u00e9e\" \/>\n\t<meta name=\"twitter:data2\" content=\"2 minutes\" \/>\n<script type=\"application\/ld+json\" class=\"yoast-schema-graph\">{\"@context\":\"https:\/\/schema.org\",\"@graph\":[{\"@type\":\"Article\",\"@id\":\"https:\/\/lavoixdelanation.tg\/index.php\/2025\/05\/21\/togo-campagne-de-vulgarisation-du-portail-de-facilitation-des-echanges-togo-trade-portal\/#article\",\"isPartOf\":{\"@id\":\"https:\/\/lavoixdelanation.tg\/index.php\/2025\/05\/21\/togo-campagne-de-vulgarisation-du-portail-de-facilitation-des-echanges-togo-trade-portal\/\"},\"author\":{\"name\":\"La voix de la nation\",\"@id\":\"https:\/\/lavoixdelanation.tg\/#\/schema\/person\/6c489293aa38053673a9e554acb6e224\"},\"headline\":\"Togo\u00a0: Campagne de vulgarisation du portail de facilitation des \u00e9changes \u00ab\u00a0Togo Trade Portal\u00a0\u00bb\",\"datePublished\":\"2025-05-21T16:39:56+00:00\",\"mainEntityOfPage\":{\"@id\":\"https:\/\/lavoixdelanation.tg\/index.php\/2025\/05\/21\/togo-campagne-de-vulgarisation-du-portail-de-facilitation-des-echanges-togo-trade-portal\/\"},\"wordCount\":354,\"commentCount\":0,\"publisher\":{\"@id\":\"https:\/\/lavoixdelanation.tg\/#organization\"},\"image\":{\"@id\":\"https:\/\/lavoixdelanation.tg\/index.php\/2025\/05\/21\/togo-campagne-de-vulgarisation-du-portail-de-facilitation-des-echanges-togo-trade-portal\/#primaryimage\"},\"thumbnailUrl\":\"https:\/\/lavoixdelanation.tg\/wp-content\/uploads\/2025\/05\/Campagne-de-vulgarisation-de-Togo-Trade-Portal.jpg\",\"keywords\":[\"Togo Trade Portal\"],\"articleSection\":[\"Economie\"],\"inLanguage\":\"fr-FR\",\"potentialAction\":[{\"@type\":\"CommentAction\",\"name\":\"Comment\",\"target\":[\"https:\/\/lavoixdelanation.tg\/index.php\/2025\/05\/21\/togo-campagne-de-vulgarisation-du-portail-de-facilitation-des-echanges-togo-trade-portal\/#respond\"]}]},{\"@type\":\"WebPage\",\"@id\":\"https:\/\/lavoixdelanation.tg\/index.php\/2025\/05\/21\/togo-campagne-de-vulgarisation-du-portail-de-facilitation-des-echanges-togo-trade-portal\/\",\"url\":\"https:\/\/lavoixdelanation.tg\/index.php\/2025\/05\/21\/togo-campagne-de-vulgarisation-du-portail-de-facilitation-des-echanges-togo-trade-portal\/\",\"name\":\"Togo\u00a0: Campagne de vulgarisation du portail de facilitation des \u00e9changes \u00ab\u00a0Togo Trade Portal\u00a0\u00bb - La Voix de la Nation\",\"isPartOf\":{\"@id\":\"https:\/\/lavoixdelanation.tg\/#website\"},\"primaryImageOfPage\":{\"@id\":\"https:\/\/lavoixdelanation.tg\/index.php\/2025\/05\/21\/togo-campagne-de-vulgarisation-du-portail-de-facilitation-des-echanges-togo-trade-portal\/#primaryimage\"},\"image\":{\"@id\":\"https:\/\/lavoixdelanation.tg\/index.php\/2025\/05\/21\/togo-campagne-de-vulgarisation-du-portail-de-facilitation-des-echanges-togo-trade-portal\/#primaryimage\"},\"thumbnailUrl\":\"https:\/\/lavoixdelanation.tg\/wp-content\/uploads\/2025\/05\/Campagne-de-vulgarisation-de-Togo-Trade-Portal.jpg\",\"datePublished\":\"2025-05-21T16:39:56+00:00\",\"breadcrumb\":{\"@id\":\"https:\/\/lavoixdelanation.tg\/index.php\/2025\/05\/21\/togo-campagne-de-vulgarisation-du-portail-de-facilitation-des-echanges-togo-trade-portal\/#breadcrumb\"},\"inLanguage\":\"fr-FR\",\"potentialAction\":[{\"@type\":\"ReadAction\",\"target\":[\"https:\/\/lavoixdelanation.tg\/index.php\/2025\/05\/21\/togo-campagne-de-vulgarisation-du-portail-de-facilitation-des-echanges-togo-trade-portal\/\"]}]},{\"@type\":\"ImageObject\",\"inLanguage\":\"fr-FR\",\"@id\":\"https:\/\/lavoixdelanation.tg\/index.php\/2025\/05\/21\/togo-campagne-de-vulgarisation-du-portail-de-facilitation-des-echanges-togo-trade-portal\/#primaryimage\",\"url\":\"https:\/\/lavoixdelanation.tg\/wp-content\/uploads\/2025\/05\/Campagne-de-vulgarisation-de-Togo-Trade-Portal.jpg\",\"contentUrl\":\"https:\/\/lavoixdelanation.tg\/wp-content\/uploads\/2025\/05\/Campagne-de-vulgarisation-de-Togo-Trade-Portal.jpg\",\"width\":650,\"height\":365},{\"@type\":\"BreadcrumbList\",\"@id\":\"https:\/\/lavoixdelanation.tg\/index.php\/2025\/05\/21\/togo-campagne-de-vulgarisation-du-portail-de-facilitation-des-echanges-togo-trade-portal\/#breadcrumb\",\"itemListElement\":[{\"@type\":\"ListItem\",\"position\":1,\"name\":\"Accueil\",\"item\":\"https:\/\/lavoixdelanation.tg\/\"},{\"@type\":\"ListItem\",\"position\":2,\"name\":\"Togo\u00a0: Campagne de vulgarisation du portail de facilitation des \u00e9changes \u00ab\u00a0Togo Trade Portal\u00a0\u00bb\"}]},{\"@type\":\"WebSite\",\"@id\":\"https:\/\/lavoixdelanation.tg\/#website\",\"url\":\"https:\/\/lavoixdelanation.tg\/\",\"name\":\"La Voix de la Nation\",\"description\":\"R\u00e9c\u00e9piss\u00e9 n\u00b00108\/HAAC\/01-2024\/pl\/P\",\"publisher\":{\"@id\":\"https:\/\/lavoixdelanation.tg\/#organization\"},\"alternateName\":\"VON\",\"potentialAction\":[{\"@type\":\"SearchAction\",\"target\":{\"@type\":\"EntryPoint\",\"urlTemplate\":\"https:\/\/lavoixdelanation.tg\/?s={search_term_string}\"},\"query-input\":{\"@type\":\"PropertyValueSpecification\",\"valueRequired\":true,\"valueName\":\"search_term_string\"}}],\"inLanguage\":\"fr-FR\"},{\"@type\":\"Organization\",\"@id\":\"https:\/\/lavoixdelanation.tg\/#organization\",\"name\":\"La Voix de la Nation\",\"url\":\"https:\/\/lavoixdelanation.tg\/\",\"logo\":{\"@type\":\"ImageObject\",\"inLanguage\":\"fr-FR\",\"@id\":\"https:\/\/lavoixdelanation.tg\/#\/schema\/logo\/image\/\",\"url\":\"https:\/\/lavoixdelanation.tg\/wp-content\/uploads\/2024\/12\/lavn-1.png\",\"contentUrl\":\"https:\/\/lavoixdelanation.tg\/wp-content\/uploads\/2024\/12\/lavn-1.png\",\"width\":1024,\"height\":464,\"caption\":\"La Voix de la Nation\"},\"image\":{\"@id\":\"https:\/\/lavoixdelanation.tg\/#\/schema\/logo\/image\/\"},\"sameAs\":[\"https:\/\/www.facebook.com\/lavoixdelanation\"]},{\"@type\":\"Person\",\"@id\":\"https:\/\/lavoixdelanation.tg\/#\/schema\/person\/6c489293aa38053673a9e554acb6e224\",\"name\":\"La voix de la nation\",\"image\":{\"@type\":\"ImageObject\",\"inLanguage\":\"fr-FR\",\"@id\":\"https:\/\/lavoixdelanation.tg\/#\/schema\/person\/image\/\",\"url\":\"https:\/\/secure.gravatar.com\/avatar\/8aa135d4bbc794494cecaa8d483f6d6cc1023624868deaff686baed5e727a5a1?s=96&d=mm&r=g\",\"contentUrl\":\"https:\/\/secure.gravatar.com\/avatar\/8aa135d4bbc794494cecaa8d483f6d6cc1023624868deaff686baed5e727a5a1?s=96&d=mm&r=g\",\"caption\":\"La voix de la nation\"},\"sameAs\":[\"https:\/\/lavoixdelanation.tg\"],\"url\":\"https:\/\/lavoixdelanation.tg\/index.php\/author\/lavn\/\"}]}<\/script>\n<!-- \/ Yoast SEO plugin. -->","yoast_head_json":{"title":"Togo\u00a0: Campagne de vulgarisation du portail de facilitation des \u00e9changes \u00ab\u00a0Togo Trade Portal\u00a0\u00bb - La Voix de la Nation","robots":{"index":"index","follow":"follow","max-snippet":"max-snippet:-1","max-image-preview":"max-image-preview:large","max-video-preview":"max-video-preview:-1"},"canonical":"https:\/\/lavoixdelanation.tg\/index.php\/2025\/05\/21\/togo-campagne-de-vulgarisation-du-portail-de-facilitation-des-echanges-togo-trade-portal\/","og_locale":"fr_FR","og_type":"article","og_title":"Togo\u00a0: Campagne de vulgarisation du portail de facilitation des \u00e9changes \u00ab\u00a0Togo Trade Portal\u00a0\u00bb - La Voix de la Nation","og_description":"Le minist\u00e8re togolais du commerce passe \u00e0 la phase de son impl\u00e9mentation de la plateforme de facilitation des \u00e9changes \u00ab&nbsp;Togo Trade Portal&nbsp;\u00bb. Une campagne nationale de sensibilisation et de formation&hellip;","og_url":"https:\/\/lavoixdelanation.tg\/index.php\/2025\/05\/21\/togo-campagne-de-vulgarisation-du-portail-de-facilitation-des-echanges-togo-trade-portal\/","og_site_name":"La Voix de la Nation","article_publisher":"https:\/\/www.facebook.com\/lavoixdelanation","article_published_time":"2025-05-21T16:39:56+00:00","og_image":[{"width":650,"height":365,"url":"https:\/\/lavoixdelanation.tg\/wp-content\/uploads\/2025\/05\/Campagne-de-vulgarisation-de-Togo-Trade-Portal.jpg","type":"image\/jpeg"}],"author":"La voix de la nation","twitter_card":"summary_large_image","twitter_misc":{"\u00c9crit par":"La voix de la nation","Dur\u00e9e de lecture estim\u00e9e":"2 minutes"},"schema":{"@context":"https:\/\/schema.org","@graph":[{"@type":"Article","@id":"https:\/\/lavoixdelanation.tg\/index.php\/2025\/05\/21\/togo-campagne-de-vulgarisation-du-portail-de-facilitation-des-echanges-togo-trade-portal\/#article","isPartOf":{"@id":"https:\/\/lavoixdelanation.tg\/index.php\/2025\/05\/21\/togo-campagne-de-vulgarisation-du-portail-de-facilitation-des-echanges-togo-trade-portal\/"},"author":{"name":"La voix de la nation","@id":"https:\/\/lavoixdelanation.tg\/#\/schema\/person\/6c489293aa38053673a9e554acb6e224"},"headline":"Togo\u00a0: Campagne de vulgarisation du portail de facilitation des \u00e9changes \u00ab\u00a0Togo Trade Portal\u00a0\u00bb","datePublished":"2025-05-21T16:39:56+00:00","mainEntityOfPage":{"@id":"https:\/\/lavoixdelanation.tg\/index.php\/2025\/05\/21\/togo-campagne-de-vulgarisation-du-portail-de-facilitation-des-echanges-togo-trade-portal\/"},"wordCount":354,"commentCount":0,"publisher":{"@id":"https:\/\/lavoixdelanation.tg\/#organization"},"image":{"@id":"https:\/\/lavoixdelanation.tg\/index.php\/2025\/05\/21\/togo-campagne-de-vulgarisation-du-portail-de-facilitation-des-echanges-togo-trade-portal\/#primaryimage"},"thumbnailUrl":"https:\/\/lavoixdelanation.tg\/wp-content\/uploads\/2025\/05\/Campagne-de-vulgarisation-de-Togo-Trade-Portal.jpg","keywords":["Togo Trade Portal"],"articleSection":["Economie"],"inLanguage":"fr-FR","potentialAction":[{"@type":"CommentAction","name":"Comment","target":["https:\/\/lavoixdelanation.tg\/index.php\/2025\/05\/21\/togo-campagne-de-vulgarisation-du-portail-de-facilitation-des-echanges-togo-trade-portal\/#respond"]}]},{"@type":"WebPage","@id":"https:\/\/lavoixdelanation.tg\/index.php\/2025\/05\/21\/togo-campagne-de-vulgarisation-du-portail-de-facilitation-des-echanges-togo-trade-portal\/","url":"https:\/\/lavoixdelanation.tg\/index.php\/2025\/05\/21\/togo-campagne-de-vulgarisation-du-portail-de-facilitation-des-echanges-togo-trade-portal\/","name":"Togo\u00a0: Campagne de vulgarisation du portail de facilitation des \u00e9changes \u00ab\u00a0Togo Trade Portal\u00a0\u00bb - La Voix de la Nation","isPartOf":{"@id":"https:\/\/lavoixdelanation.tg\/#website"},"primaryImageOfPage":{"@id":"https:\/\/lavoixdelanation.tg\/index.php\/2025\/05\/21\/togo-campagne-de-vulgarisation-du-portail-de-facilitation-des-echanges-togo-trade-portal\/#primaryimage"},"image":{"@id":"https:\/\/lavoixdelanation.tg\/index.php\/2025\/05\/21\/togo-campagne-de-vulgarisation-du-portail-de-facilitation-des-echanges-togo-trade-portal\/#primaryimage"},"thumbnailUrl":"https:\/\/lavoixdelanation.tg\/wp-content\/uploads\/2025\/05\/Campagne-de-vulgarisation-de-Togo-Trade-Portal.jpg","datePublished":"2025-05-21T16:39:56+00:00","breadcrumb":{"@id":"https:\/\/lavoixdelanation.tg\/index.php\/2025\/05\/21\/togo-campagne-de-vulgarisation-du-portail-de-facilitation-des-echanges-togo-trade-portal\/#breadcrumb"},"inLanguage":"fr-FR","potentialAction":[{"@type":"ReadAction","target":["https:\/\/lavoixdelanation.tg\/index.php\/2025\/05\/21\/togo-campagne-de-vulgarisation-du-portail-de-facilitation-des-echanges-togo-trade-portal\/"]}]},{"@type":"ImageObject","inLanguage":"fr-FR","@id":"https:\/\/lavoixdelanation.tg\/index.php\/2025\/05\/21\/togo-campagne-de-vulgarisation-du-portail-de-facilitation-des-echanges-togo-trade-portal\/#primaryimage","url":"https:\/\/lavoixdelanation.tg\/wp-content\/uploads\/2025\/05\/Campagne-de-vulgarisation-de-Togo-Trade-Portal.jpg","contentUrl":"https:\/\/lavoixdelanation.tg\/wp-content\/uploads\/2025\/05\/Campagne-de-vulgarisation-de-Togo-Trade-Portal.jpg","width":650,"height":365},{"@type":"BreadcrumbList","@id":"https:\/\/lavoixdelanation.tg\/index.php\/2025\/05\/21\/togo-campagne-de-vulgarisation-du-portail-de-facilitation-des-echanges-togo-trade-portal\/#breadcrumb","itemListElement":[{"@type":"ListItem","position":1,"name":"Accueil","item":"https:\/\/lavoixdelanation.tg\/"},{"@type":"ListItem","position":2,"name":"Togo\u00a0: Campagne de vulgarisation du portail de facilitation des \u00e9changes \u00ab\u00a0Togo Trade Portal\u00a0\u00bb"}]},{"@type":"WebSite","@id":"https:\/\/lavoixdelanation.tg\/#website","url":"https:\/\/lavoixdelanation.tg\/","name":"La Voix de la Nation","description":"R\u00e9c\u00e9piss\u00e9 n\u00b00108\/HAAC\/01-2024\/pl\/P","publisher":{"@id":"https:\/\/lavoixdelanation.tg\/#organization"},"alternateName":"VON","potentialAction":[{"@type":"SearchAction","target":{"@type":"EntryPoint","urlTemplate":"https:\/\/lavoixdelanation.tg\/?s={search_term_string}"},"query-input":{"@type":"PropertyValueSpecification","valueRequired":true,"valueName":"search_term_string"}}],"inLanguage":"fr-FR"},{"@type":"Organization","@id":"https:\/\/lavoixdelanation.tg\/#organization","name":"La Voix de la Nation","url":"https:\/\/lavoixdelanation.tg\/","logo":{"@type":"ImageObject","inLanguage":"fr-FR","@id":"https:\/\/lavoixdelanation.tg\/#\/schema\/logo\/image\/","url":"https:\/\/lavoixdelanation.tg\/wp-content\/uploads\/2024\/12\/lavn-1.png","contentUrl":"https:\/\/lavoixdelanation.tg\/wp-content\/uploads\/2024\/12\/lavn-1.png","width":1024,"height":464,"caption":"La Voix de la Nation"},"image":{"@id":"https:\/\/lavoixdelanation.tg\/#\/schema\/logo\/image\/"},"sameAs":["https:\/\/www.facebook.com\/lavoixdelanation"]},{"@type":"Person","@id":"https:\/\/lavoixdelanation.tg\/#\/schema\/person\/6c489293aa38053673a9e554acb6e224","name":"La voix de la nation","image":{"@type":"ImageObject","inLanguage":"fr-FR","@id":"https:\/\/lavoixdelanation.tg\/#\/schema\/person\/image\/","url":"https:\/\/secure.gravatar.com\/avatar\/8aa135d4bbc794494cecaa8d483f6d6cc1023624868deaff686baed5e727a5a1?s=96&d=mm&r=g","contentUrl":"https:\/\/secure.gravatar.com\/avatar\/8aa135d4bbc794494cecaa8d483f6d6cc1023624868deaff686baed5e727a5a1?s=96&d=mm&r=g","caption":"La voix de la nation"},"sameAs":["https:\/\/lavoixdelanation.tg"],"url":"https:\/\/lavoixdelanation.tg\/index.php\/author\/lavn\/"}]}},"_links":{"self":[{"href":"https:\/\/lavoixdelanation.tg\/index.php\/wp-json\/wp\/v2\/posts\/2887","targetHints":{"allow":["GET"]}}],"collection":[{"href":"https:\/\/lavoixdelanation.tg\/index.php\/wp-json\/wp\/v2\/posts"}],"about":[{"href":"https:\/\/lavoixdelanation.tg\/index.php\/wp-json\/wp\/v2\/types\/post"}],"author":[{"embeddable":true,"href":"https:\/\/lavoixdelanation.tg\/index.php\/wp-json\/wp\/v2\/users\/1"}],"replies":[{"embeddable":true,"href":"https:\/\/lavoixdelanation.tg\/index.php\/wp-json\/wp\/v2\/comments?post=2887"}],"version-history":[{"count":1,"href":"https:\/\/lavoixdelanation.tg\/index.php\/wp-json\/wp\/v2\/posts\/2887\/revisions"}],"predecessor-version":[{"id":2889,"href":"https:\/\/lavoixdelanation.tg\/index.php\/wp-json\/wp\/v2\/posts\/2887\/revisions\/2889"}],"wp:featuredmedia":[{"embeddable":true,"href":"https:\/\/lavoixdelanation.tg\/index.php\/wp-json\/wp\/v2\/media\/2888"}],"wp:attachment":[{"href":"https:\/\/lavoixdelanation.tg\/index.php\/wp-json\/wp\/v2\/media?parent=2887"}],"wp:term":[{"taxonomy":"category","embeddable":true,"href":"https:\/\/lavoixdelanation.tg\/index.php\/wp-json\/wp\/v2\/categories?post=2887"},{"taxonomy":"post_tag","embeddable":true,"href":"https:\/\/lavoixdelanation.tg\/index.php\/wp-json\/wp\/v2\/tags?post=2887"}],"curies":[{"name":"wp","href":"https:\/\/api.w.org\/{rel}","templated":true}]}}