{"id":2872,"date":"2025-05-15T17:25:00","date_gmt":"2025-05-15T15:25:00","guid":{"rendered":"https:\/\/lavoixdelanation.tg\/?p=2872"},"modified":"2025-05-16T14:48:12","modified_gmt":"2025-05-16T12:48:12","slug":"dette-publique-en-afrique-ce-quil-faut-retenir-de-la-declaration-de-lome","status":"publish","type":"post","link":"https:\/\/lavoixdelanation.tg\/index.php\/2025\/05\/15\/dette-publique-en-afrique-ce-quil-faut-retenir-de-la-declaration-de-lome\/","title":{"rendered":"Dette publique en Afrique\u00a0: Ce qu\u2019il faut retenir de la d\u00e9claration de Lom\u00e9"},"content":{"rendered":"\n<p><strong>Apr\u00e8s trois jours de tables rondes et de d\u00e9bats entre acteurs politiques et financiers, les travaux de la conf\u00e9rence de l&rsquo;Union africaine sur la dette publique en Afrique ont pris fin ce 14 mai 2025 avec la \u00ab&nbsp;D\u00e9claration de Lom\u00e9&nbsp;\u00bb qui annonce une nouvelle strat\u00e9gie africaine commune pour une meilleure gestion de la dette.<\/strong><\/p>\n\n\n\n<p>\u00ab&nbsp;L\u2019Agenda africain de gestion de la dette publique : restaurer et pr\u00e9server la viabilit\u00e9 de la dette&nbsp;\u00bb&nbsp;: c\u2019est le th\u00e8me au centre des \u00e9changes qui ont permis aux participants venus de tous les coins du continent de mener des r\u00e9flexions pouss\u00e9es sur la probl\u00e9matique majeure des \u00e9conomies africaines avec un accent particulier sur la question de la dette.<\/p>\n\n\n\n<p>Les participants ont \u00e9voqu\u00e9 certaines contraintes et la n\u00e9cessit\u00e9 de revoir les accords de financement avec les partenaires financiers avec surtout la baisse du co\u00fbt des cr\u00e9dits.<\/p>\n\n\n\n<p>\u00ab&nbsp;Nous pouvons dire que la conf\u00e9rence de Lom\u00e9, a relev\u00e9 deux types de contraintes concernant la dette africaine : La premi\u00e8re contrainte est propre aux pays africains. D\u2019abord chaque pays devra faire des efforts, puisque les d\u00e9bats ont port\u00e9 sur l\u2019assainissement des cadres macro\u00e9conomiques, la consolidation budg\u00e9taire de nos \u00c9tats. Donc chaque pays devra faire un effort pour assainir le cadre macro\u00e9conomique et parvenir \u00e0 la consolidation budg\u00e9taire&nbsp;\u00bb, a expliqu\u00e9 Georges Barcola, ministre togolais de l\u2019\u00e9conomie et des finances.<\/p>\n\n\n\n<p>\u00ab&nbsp;Mais l\u2019autre contrainte aussi se situe au niveau de nos institutions financi\u00e8res r\u00e9gionales qui doivent aussi faire un effort pour accompagner nos pays en mobilisant davantage des ressources concessionnelles. Les ressources concessionnelles, comme vous le savez, permettent de faire des recours \u00e0 la dette, mais qui p\u00e8sent moins sur les \u00c9tats. Mais l\u2019autre contrainte sur laquelle en fait la conf\u00e9rence s\u2019est pench\u00e9e s\u00e9rieusement, et toutes les analyses faites aboutissent donc \u00e0 cela, c\u2019est des contraintes qui nous sont impos\u00e9es de l\u2019ext\u00e9rieur&nbsp;\u00bb, a-t-il ajout\u00e9.<\/p>\n\n\n\n<p class=\"has-text-align-center\"><strong>Les grandes d\u00e9cisions<\/strong><\/p>\n\n\n\n<p>A l\u2019issue de la conf\u00e9rence, les pays africains ont r\u00e9affirm\u00e9 leur d\u00e9termination \u00e0 mettre en \u0153uvre au niveau national, continental et international toutes les mesures susceptibles de contribuer \u00e0 la r\u00e9solution effective de la crise de la dette actuelle.<\/p>\n\n\n\n<p>Ils ont d\u00e9cid\u00e9 de plaider en faveur de la r\u00e9forme du Cadre commun du G20 en \u00e9tablissant une m\u00e9thodologie universellement accept\u00e9e pour la comparabilit\u00e9 des traitements.<\/p>\n\n\n\n<p>Les participants ont \u00e9galement r\u00e9affirm\u00e9 leur \u00ab&nbsp;ferme engagement&nbsp;\u00bb \u00e0 plaider en faveur de l\u2019annulation de la dette, au cas par cas, en tenant compte de l\u2019incapacit\u00e9 de certains pays africains \u00e0 honorer le service de leur dette, en nous fondant sur les principes de justice \u00e9conomique, de n\u00e9cessit\u00e9 ainsi que les principes du droit international.<\/p>\n\n\n\n<p>Ils se sont \u00e9galement engag\u00e9s \u00e0 adopter une position africaine commune sur la dette sous l\u2019\u00e9gide de l\u2019Union africaine, afin d\u2019en faire une strat\u00e9gie de n\u00e9gociation et de pr\u00e9senter un front uni face aux cr\u00e9anciers et autres parties prenantes lors des n\u00e9gociations et discussions relatives \u00e0 l\u2019annulation de la dette du continent, \u00e0 sa restructuration et aux autres engagements de financement de la dette continentale.<\/p>\n\n\n\n<p>Il faut \u00e9galement souligner l\u2019appel des \u00c9tats africains \u00e0 promouvoir l\u2019appel en faveur d\u2019une convention cadre des Nations unies sur la dette souveraine, ainsi que la cr\u00e9ation d\u2019un organe onusien sur la dette souveraine plus repr\u00e9sentatif et inclusif en mati\u00e8re de dette souveraine, afin de mettre en place un syst\u00e8me \u00e0 la fois \u00e9quitable et transparent de r\u00e9solution des crises de la dette.<\/p>\n\n\n\n<p>Les pays ont par ailleurs estim\u00e9 la n\u00e9cessit\u00e9 d\u2019harmoniser les politiques macro\u00e9conomiques r\u00e9gionales pour une plus grande r\u00e9silience, en intensifiant l&rsquo;int\u00e9gration \u00e9conomique et en favorisant la convergence des cadres politiques, avec l\u2019engagement \u00e0 \u00e9tablir des cadres de stabilit\u00e9 mon\u00e9taire et budg\u00e9taire adapt\u00e9s aux priorit\u00e9s de d\u00e9veloppement, et en promouvant des politiques responsables, une gestion prudente de la dette et une stabilit\u00e9 mon\u00e9taire au service de la croissance.<\/p>\n\n\n\n<p>Ils ont en outre r\u00e9affirm\u00e9 leurs engagement \u00e0 poursuivre la mise en \u0153uvre de mesures aux niveaux national, continental et mondial afin de veiller \u00e0 ce que le continent mobilise des financements concessionnels ad\u00e9quats pour la mise en \u0153uvre de la transformation sociale et \u00e9conomique du continent sans compromettre la viabilit\u00e9 de la dette.<\/p>\n\n\n\n<p>Un appel est \u00e9galement lanc\u00e9 \u00e0 l\u2019endroit des organisations internationales \u00e0 reconnaitre la v\u00e9tust\u00e9 des outils actuels d&rsquo;analyse et de gestion de la dette qui contraignent et freinent les investissements essentiels dans le capital humain, les infrastructures vitales et la r\u00e9silience face aux d\u00e9fis globaux et \u00e0 privil\u00e9gier d\u00e9sormais le bon sens politique et strat\u00e9gique \u00e0 l&rsquo;automatisme technique contre-productif.<\/p>\n\n\n\n<p class=\"has-text-align-center\"><strong>Faure Gnassingb\u00e9, porte-voix sur la dette africaine<\/strong><\/p>\n\n\n\n<p>La conf\u00e9rence a confi\u00e9 au Pr\u00e9sident du Conseil de la R\u00e9publique togolaise la mission de porter la voix de l\u2019Afrique dans cette dynamique de sorte \u00e0 parvenir \u00e0 des m\u00e9canismes innovants pour une meilleure gestion de la dette africaine.<\/p>\n\n\n\n<p>\u00ab&nbsp;La conf\u00e9rence a demand\u00e9 \u00e0 Son Excellence, M. Faure Essozimna GNASSINGBE Pr\u00e9sident du Conseil, de porter la question de la dette africaine, de sorte qu\u2019avec l\u2019Union africaine, qu\u2019ils puissent demander que cette architecture internationale soit revue, que la question soit port\u00e9e donc aupr\u00e8s de nos partenaires du G20, les partenaires institutionnels internationaux, FMI, Banque mondiale, de sorte que la question des co\u00fbts des cr\u00e9dits puisse \u00eatre revue, en tout cas qu\u2019on puisse revoir l\u2019architecture financi\u00e8re internationale, de sorte que l\u2019Afrique, pour se d\u00e9velopper, puisse b\u00e9n\u00e9ficier de la dette, mais de la dette saine. La dette saine, la dette qui ne soit pas, disons, accord\u00e9e \u00e0 des co\u00fbts prohibitifs&nbsp;\u00bb, a d\u00e9clar\u00e9 le ministre Barcola.<\/p>\n\n\n\n<p>\u00ab&nbsp;Il nous faut avoir des ressources, mais des ressources concessionnelles. Et pour cela, il faudrait qu\u2019on puisse revoir le m\u00e9canisme international de la dette. Voil\u00e0 ce qu\u2019on peut retenir de cette conf\u00e9rence, qui a donc bien voulu solliciter le pr\u00e9sident du conseil de la R\u00e9publique togolaise pour porter cette question de la dette sur le plan africain, et de proposer donc des m\u00e9canismes innovants au niveau international pour permettre \u00e0 l\u2019Afrique tout enti\u00e8re de pouvoir se retrouver dans de meilleures conditions&nbsp;\u00bb, a-t-il pr\u00e9cis\u00e9.<\/p>\n\n\n\n<div data-wp-interactive=\"core\/file\" class=\"wp-block-file\"><object data-wp-bind--hidden=\"!state.hasPdfPreview\" hidden class=\"wp-block-file__embed\" data=\"https:\/\/lavoixdelanation.tg\/wp-content\/uploads\/2025\/05\/Declaration-de-Lome-sur-la-dette-africaine.pdf\" type=\"application\/pdf\" style=\"width:100%;height:600px\" aria-label=\"PDF embarqu\u00e9\"><\/object><a href=\"https:\/\/lavoixdelanation.tg\/wp-content\/uploads\/2025\/05\/Declaration-de-Lome-sur-la-dette-africaine.pdf\" class=\"wp-block-file__button wp-element-button\" download>T\u00e9l\u00e9charger<\/a><\/div>\n","protected":false},"excerpt":{"rendered":"<p>Apr\u00e8s trois jours de tables rondes et de d\u00e9bats entre acteurs politiques et financiers, les travaux de la conf\u00e9rence de l&rsquo;Union africaine sur la dette publique en Afrique ont pris&hellip; <\/p>\n","protected":false},"author":1,"featured_media":2873,"comment_status":"open","ping_status":"open","sticky":false,"template":"","format":"standard","meta":{"footnotes":""},"categories":[8],"tags":[671,672],"class_list":["post-2872","post","type-post","status-publish","format-standard","has-post-thumbnail","hentry","category-economie","tag-declaration-de-lome","tag-dette-publique-africaine"],"yoast_head":"<!-- This site is optimized with the Yoast SEO plugin v26.4 - https:\/\/yoast.com\/wordpress\/plugins\/seo\/ -->\n<title>Dette publique en Afrique\u00a0: Ce qu\u2019il faut retenir de la d\u00e9claration de Lom\u00e9 - La Voix de la Nation<\/title>\n<meta name=\"robots\" content=\"index, follow, max-snippet:-1, max-image-preview:large, max-video-preview:-1\" \/>\n<link rel=\"canonical\" href=\"https:\/\/lavoixdelanation.tg\/index.php\/2025\/05\/15\/dette-publique-en-afrique-ce-quil-faut-retenir-de-la-declaration-de-lome\/\" \/>\n<meta property=\"og:locale\" content=\"fr_FR\" \/>\n<meta property=\"og:type\" content=\"article\" \/>\n<meta property=\"og:title\" content=\"Dette publique en Afrique\u00a0: Ce qu\u2019il faut retenir de la d\u00e9claration de Lom\u00e9 - La Voix de la Nation\" \/>\n<meta property=\"og:description\" content=\"Apr\u00e8s trois jours de tables rondes et de d\u00e9bats entre acteurs politiques et financiers, les travaux de la conf\u00e9rence de l&rsquo;Union africaine sur la dette publique en Afrique ont pris&hellip;\" \/>\n<meta property=\"og:url\" content=\"https:\/\/lavoixdelanation.tg\/index.php\/2025\/05\/15\/dette-publique-en-afrique-ce-quil-faut-retenir-de-la-declaration-de-lome\/\" \/>\n<meta property=\"og:site_name\" content=\"La Voix de la Nation\" \/>\n<meta property=\"article:publisher\" content=\"https:\/\/www.facebook.com\/lavoixdelanation\" \/>\n<meta property=\"article:published_time\" content=\"2025-05-15T15:25:00+00:00\" \/>\n<meta property=\"article:modified_time\" content=\"2025-05-16T12:48:12+00:00\" \/>\n<meta property=\"og:image\" content=\"https:\/\/lavoixdelanation.tg\/wp-content\/uploads\/2025\/05\/Declaration-de-Lome-sur-la-dette-publique-africaine.png\" \/>\n\t<meta property=\"og:image:width\" content=\"622\" \/>\n\t<meta property=\"og:image:height\" content=\"368\" \/>\n\t<meta property=\"og:image:type\" content=\"image\/png\" \/>\n<meta name=\"author\" content=\"La voix de la nation\" \/>\n<meta name=\"twitter:card\" content=\"summary_large_image\" \/>\n<meta name=\"twitter:label1\" content=\"\u00c9crit par\" \/>\n\t<meta name=\"twitter:data1\" content=\"La voix de la nation\" \/>\n\t<meta name=\"twitter:label2\" content=\"Dur\u00e9e de lecture estim\u00e9e\" \/>\n\t<meta name=\"twitter:data2\" content=\"6 minutes\" \/>\n<script type=\"application\/ld+json\" class=\"yoast-schema-graph\">{\"@context\":\"https:\/\/schema.org\",\"@graph\":[{\"@type\":\"Article\",\"@id\":\"https:\/\/lavoixdelanation.tg\/index.php\/2025\/05\/15\/dette-publique-en-afrique-ce-quil-faut-retenir-de-la-declaration-de-lome\/#article\",\"isPartOf\":{\"@id\":\"https:\/\/lavoixdelanation.tg\/index.php\/2025\/05\/15\/dette-publique-en-afrique-ce-quil-faut-retenir-de-la-declaration-de-lome\/\"},\"author\":{\"name\":\"La voix de la nation\",\"@id\":\"https:\/\/lavoixdelanation.tg\/#\/schema\/person\/6c489293aa38053673a9e554acb6e224\"},\"headline\":\"Dette publique en Afrique\u00a0: Ce qu\u2019il faut retenir de la d\u00e9claration de Lom\u00e9\",\"datePublished\":\"2025-05-15T15:25:00+00:00\",\"dateModified\":\"2025-05-16T12:48:12+00:00\",\"mainEntityOfPage\":{\"@id\":\"https:\/\/lavoixdelanation.tg\/index.php\/2025\/05\/15\/dette-publique-en-afrique-ce-quil-faut-retenir-de-la-declaration-de-lome\/\"},\"wordCount\":1110,\"commentCount\":0,\"publisher\":{\"@id\":\"https:\/\/lavoixdelanation.tg\/#organization\"},\"image\":{\"@id\":\"https:\/\/lavoixdelanation.tg\/index.php\/2025\/05\/15\/dette-publique-en-afrique-ce-quil-faut-retenir-de-la-declaration-de-lome\/#primaryimage\"},\"thumbnailUrl\":\"https:\/\/lavoixdelanation.tg\/wp-content\/uploads\/2025\/05\/Declaration-de-Lome-sur-la-dette-publique-africaine.png\",\"keywords\":[\"D\u00e9claration de Lom\u00e9\",\"Dette publique africaine\"],\"articleSection\":[\"Economie\"],\"inLanguage\":\"fr-FR\",\"potentialAction\":[{\"@type\":\"CommentAction\",\"name\":\"Comment\",\"target\":[\"https:\/\/lavoixdelanation.tg\/index.php\/2025\/05\/15\/dette-publique-en-afrique-ce-quil-faut-retenir-de-la-declaration-de-lome\/#respond\"]}]},{\"@type\":\"WebPage\",\"@id\":\"https:\/\/lavoixdelanation.tg\/index.php\/2025\/05\/15\/dette-publique-en-afrique-ce-quil-faut-retenir-de-la-declaration-de-lome\/\",\"url\":\"https:\/\/lavoixdelanation.tg\/index.php\/2025\/05\/15\/dette-publique-en-afrique-ce-quil-faut-retenir-de-la-declaration-de-lome\/\",\"name\":\"Dette publique en Afrique\u00a0: Ce qu\u2019il faut retenir de la d\u00e9claration de Lom\u00e9 - La Voix de la Nation\",\"isPartOf\":{\"@id\":\"https:\/\/lavoixdelanation.tg\/#website\"},\"primaryImageOfPage\":{\"@id\":\"https:\/\/lavoixdelanation.tg\/index.php\/2025\/05\/15\/dette-publique-en-afrique-ce-quil-faut-retenir-de-la-declaration-de-lome\/#primaryimage\"},\"image\":{\"@id\":\"https:\/\/lavoixdelanation.tg\/index.php\/2025\/05\/15\/dette-publique-en-afrique-ce-quil-faut-retenir-de-la-declaration-de-lome\/#primaryimage\"},\"thumbnailUrl\":\"https:\/\/lavoixdelanation.tg\/wp-content\/uploads\/2025\/05\/Declaration-de-Lome-sur-la-dette-publique-africaine.png\",\"datePublished\":\"2025-05-15T15:25:00+00:00\",\"dateModified\":\"2025-05-16T12:48:12+00:00\",\"breadcrumb\":{\"@id\":\"https:\/\/lavoixdelanation.tg\/index.php\/2025\/05\/15\/dette-publique-en-afrique-ce-quil-faut-retenir-de-la-declaration-de-lome\/#breadcrumb\"},\"inLanguage\":\"fr-FR\",\"potentialAction\":[{\"@type\":\"ReadAction\",\"target\":[\"https:\/\/lavoixdelanation.tg\/index.php\/2025\/05\/15\/dette-publique-en-afrique-ce-quil-faut-retenir-de-la-declaration-de-lome\/\"]}]},{\"@type\":\"ImageObject\",\"inLanguage\":\"fr-FR\",\"@id\":\"https:\/\/lavoixdelanation.tg\/index.php\/2025\/05\/15\/dette-publique-en-afrique-ce-quil-faut-retenir-de-la-declaration-de-lome\/#primaryimage\",\"url\":\"https:\/\/lavoixdelanation.tg\/wp-content\/uploads\/2025\/05\/Declaration-de-Lome-sur-la-dette-publique-africaine.png\",\"contentUrl\":\"https:\/\/lavoixdelanation.tg\/wp-content\/uploads\/2025\/05\/Declaration-de-Lome-sur-la-dette-publique-africaine.png\",\"width\":622,\"height\":368},{\"@type\":\"BreadcrumbList\",\"@id\":\"https:\/\/lavoixdelanation.tg\/index.php\/2025\/05\/15\/dette-publique-en-afrique-ce-quil-faut-retenir-de-la-declaration-de-lome\/#breadcrumb\",\"itemListElement\":[{\"@type\":\"ListItem\",\"position\":1,\"name\":\"Accueil\",\"item\":\"https:\/\/lavoixdelanation.tg\/\"},{\"@type\":\"ListItem\",\"position\":2,\"name\":\"Dette publique en Afrique\u00a0: Ce qu\u2019il faut retenir de la d\u00e9claration de Lom\u00e9\"}]},{\"@type\":\"WebSite\",\"@id\":\"https:\/\/lavoixdelanation.tg\/#website\",\"url\":\"https:\/\/lavoixdelanation.tg\/\",\"name\":\"La Voix de la Nation\",\"description\":\"R\u00e9c\u00e9piss\u00e9 n\u00b00108\/HAAC\/01-2024\/pl\/P\",\"publisher\":{\"@id\":\"https:\/\/lavoixdelanation.tg\/#organization\"},\"alternateName\":\"VON\",\"potentialAction\":[{\"@type\":\"SearchAction\",\"target\":{\"@type\":\"EntryPoint\",\"urlTemplate\":\"https:\/\/lavoixdelanation.tg\/?s={search_term_string}\"},\"query-input\":{\"@type\":\"PropertyValueSpecification\",\"valueRequired\":true,\"valueName\":\"search_term_string\"}}],\"inLanguage\":\"fr-FR\"},{\"@type\":\"Organization\",\"@id\":\"https:\/\/lavoixdelanation.tg\/#organization\",\"name\":\"La Voix de la Nation\",\"url\":\"https:\/\/lavoixdelanation.tg\/\",\"logo\":{\"@type\":\"ImageObject\",\"inLanguage\":\"fr-FR\",\"@id\":\"https:\/\/lavoixdelanation.tg\/#\/schema\/logo\/image\/\",\"url\":\"https:\/\/lavoixdelanation.tg\/wp-content\/uploads\/2024\/12\/lavn-1.png\",\"contentUrl\":\"https:\/\/lavoixdelanation.tg\/wp-content\/uploads\/2024\/12\/lavn-1.png\",\"width\":1024,\"height\":464,\"caption\":\"La Voix de la Nation\"},\"image\":{\"@id\":\"https:\/\/lavoixdelanation.tg\/#\/schema\/logo\/image\/\"},\"sameAs\":[\"https:\/\/www.facebook.com\/lavoixdelanation\"]},{\"@type\":\"Person\",\"@id\":\"https:\/\/lavoixdelanation.tg\/#\/schema\/person\/6c489293aa38053673a9e554acb6e224\",\"name\":\"La voix de la nation\",\"image\":{\"@type\":\"ImageObject\",\"inLanguage\":\"fr-FR\",\"@id\":\"https:\/\/lavoixdelanation.tg\/#\/schema\/person\/image\/\",\"url\":\"https:\/\/secure.gravatar.com\/avatar\/8aa135d4bbc794494cecaa8d483f6d6cc1023624868deaff686baed5e727a5a1?s=96&d=mm&r=g\",\"contentUrl\":\"https:\/\/secure.gravatar.com\/avatar\/8aa135d4bbc794494cecaa8d483f6d6cc1023624868deaff686baed5e727a5a1?s=96&d=mm&r=g\",\"caption\":\"La voix de la nation\"},\"sameAs\":[\"https:\/\/lavoixdelanation.tg\"],\"url\":\"https:\/\/lavoixdelanation.tg\/index.php\/author\/lavn\/\"}]}<\/script>\n<!-- \/ Yoast SEO plugin. -->","yoast_head_json":{"title":"Dette publique en Afrique\u00a0: Ce qu\u2019il faut retenir de la d\u00e9claration de Lom\u00e9 - La Voix de la Nation","robots":{"index":"index","follow":"follow","max-snippet":"max-snippet:-1","max-image-preview":"max-image-preview:large","max-video-preview":"max-video-preview:-1"},"canonical":"https:\/\/lavoixdelanation.tg\/index.php\/2025\/05\/15\/dette-publique-en-afrique-ce-quil-faut-retenir-de-la-declaration-de-lome\/","og_locale":"fr_FR","og_type":"article","og_title":"Dette publique en Afrique\u00a0: Ce qu\u2019il faut retenir de la d\u00e9claration de Lom\u00e9 - La Voix de la Nation","og_description":"Apr\u00e8s trois jours de tables rondes et de d\u00e9bats entre acteurs politiques et financiers, les travaux de la conf\u00e9rence de l&rsquo;Union africaine sur la dette publique en Afrique ont pris&hellip;","og_url":"https:\/\/lavoixdelanation.tg\/index.php\/2025\/05\/15\/dette-publique-en-afrique-ce-quil-faut-retenir-de-la-declaration-de-lome\/","og_site_name":"La Voix de la Nation","article_publisher":"https:\/\/www.facebook.com\/lavoixdelanation","article_published_time":"2025-05-15T15:25:00+00:00","article_modified_time":"2025-05-16T12:48:12+00:00","og_image":[{"width":622,"height":368,"url":"https:\/\/lavoixdelanation.tg\/wp-content\/uploads\/2025\/05\/Declaration-de-Lome-sur-la-dette-publique-africaine.png","type":"image\/png"}],"author":"La voix de la nation","twitter_card":"summary_large_image","twitter_misc":{"\u00c9crit par":"La voix de la nation","Dur\u00e9e de lecture estim\u00e9e":"6 minutes"},"schema":{"@context":"https:\/\/schema.org","@graph":[{"@type":"Article","@id":"https:\/\/lavoixdelanation.tg\/index.php\/2025\/05\/15\/dette-publique-en-afrique-ce-quil-faut-retenir-de-la-declaration-de-lome\/#article","isPartOf":{"@id":"https:\/\/lavoixdelanation.tg\/index.php\/2025\/05\/15\/dette-publique-en-afrique-ce-quil-faut-retenir-de-la-declaration-de-lome\/"},"author":{"name":"La voix de la nation","@id":"https:\/\/lavoixdelanation.tg\/#\/schema\/person\/6c489293aa38053673a9e554acb6e224"},"headline":"Dette publique en Afrique\u00a0: Ce qu\u2019il faut retenir de la d\u00e9claration de Lom\u00e9","datePublished":"2025-05-15T15:25:00+00:00","dateModified":"2025-05-16T12:48:12+00:00","mainEntityOfPage":{"@id":"https:\/\/lavoixdelanation.tg\/index.php\/2025\/05\/15\/dette-publique-en-afrique-ce-quil-faut-retenir-de-la-declaration-de-lome\/"},"wordCount":1110,"commentCount":0,"publisher":{"@id":"https:\/\/lavoixdelanation.tg\/#organization"},"image":{"@id":"https:\/\/lavoixdelanation.tg\/index.php\/2025\/05\/15\/dette-publique-en-afrique-ce-quil-faut-retenir-de-la-declaration-de-lome\/#primaryimage"},"thumbnailUrl":"https:\/\/lavoixdelanation.tg\/wp-content\/uploads\/2025\/05\/Declaration-de-Lome-sur-la-dette-publique-africaine.png","keywords":["D\u00e9claration de Lom\u00e9","Dette publique africaine"],"articleSection":["Economie"],"inLanguage":"fr-FR","potentialAction":[{"@type":"CommentAction","name":"Comment","target":["https:\/\/lavoixdelanation.tg\/index.php\/2025\/05\/15\/dette-publique-en-afrique-ce-quil-faut-retenir-de-la-declaration-de-lome\/#respond"]}]},{"@type":"WebPage","@id":"https:\/\/lavoixdelanation.tg\/index.php\/2025\/05\/15\/dette-publique-en-afrique-ce-quil-faut-retenir-de-la-declaration-de-lome\/","url":"https:\/\/lavoixdelanation.tg\/index.php\/2025\/05\/15\/dette-publique-en-afrique-ce-quil-faut-retenir-de-la-declaration-de-lome\/","name":"Dette publique en Afrique\u00a0: Ce qu\u2019il faut retenir de la d\u00e9claration de Lom\u00e9 - La Voix de la Nation","isPartOf":{"@id":"https:\/\/lavoixdelanation.tg\/#website"},"primaryImageOfPage":{"@id":"https:\/\/lavoixdelanation.tg\/index.php\/2025\/05\/15\/dette-publique-en-afrique-ce-quil-faut-retenir-de-la-declaration-de-lome\/#primaryimage"},"image":{"@id":"https:\/\/lavoixdelanation.tg\/index.php\/2025\/05\/15\/dette-publique-en-afrique-ce-quil-faut-retenir-de-la-declaration-de-lome\/#primaryimage"},"thumbnailUrl":"https:\/\/lavoixdelanation.tg\/wp-content\/uploads\/2025\/05\/Declaration-de-Lome-sur-la-dette-publique-africaine.png","datePublished":"2025-05-15T15:25:00+00:00","dateModified":"2025-05-16T12:48:12+00:00","breadcrumb":{"@id":"https:\/\/lavoixdelanation.tg\/index.php\/2025\/05\/15\/dette-publique-en-afrique-ce-quil-faut-retenir-de-la-declaration-de-lome\/#breadcrumb"},"inLanguage":"fr-FR","potentialAction":[{"@type":"ReadAction","target":["https:\/\/lavoixdelanation.tg\/index.php\/2025\/05\/15\/dette-publique-en-afrique-ce-quil-faut-retenir-de-la-declaration-de-lome\/"]}]},{"@type":"ImageObject","inLanguage":"fr-FR","@id":"https:\/\/lavoixdelanation.tg\/index.php\/2025\/05\/15\/dette-publique-en-afrique-ce-quil-faut-retenir-de-la-declaration-de-lome\/#primaryimage","url":"https:\/\/lavoixdelanation.tg\/wp-content\/uploads\/2025\/05\/Declaration-de-Lome-sur-la-dette-publique-africaine.png","contentUrl":"https:\/\/lavoixdelanation.tg\/wp-content\/uploads\/2025\/05\/Declaration-de-Lome-sur-la-dette-publique-africaine.png","width":622,"height":368},{"@type":"BreadcrumbList","@id":"https:\/\/lavoixdelanation.tg\/index.php\/2025\/05\/15\/dette-publique-en-afrique-ce-quil-faut-retenir-de-la-declaration-de-lome\/#breadcrumb","itemListElement":[{"@type":"ListItem","position":1,"name":"Accueil","item":"https:\/\/lavoixdelanation.tg\/"},{"@type":"ListItem","position":2,"name":"Dette publique en Afrique\u00a0: Ce qu\u2019il faut retenir de la d\u00e9claration de Lom\u00e9"}]},{"@type":"WebSite","@id":"https:\/\/lavoixdelanation.tg\/#website","url":"https:\/\/lavoixdelanation.tg\/","name":"La Voix de la Nation","description":"R\u00e9c\u00e9piss\u00e9 n\u00b00108\/HAAC\/01-2024\/pl\/P","publisher":{"@id":"https:\/\/lavoixdelanation.tg\/#organization"},"alternateName":"VON","potentialAction":[{"@type":"SearchAction","target":{"@type":"EntryPoint","urlTemplate":"https:\/\/lavoixdelanation.tg\/?s={search_term_string}"},"query-input":{"@type":"PropertyValueSpecification","valueRequired":true,"valueName":"search_term_string"}}],"inLanguage":"fr-FR"},{"@type":"Organization","@id":"https:\/\/lavoixdelanation.tg\/#organization","name":"La Voix de la Nation","url":"https:\/\/lavoixdelanation.tg\/","logo":{"@type":"ImageObject","inLanguage":"fr-FR","@id":"https:\/\/lavoixdelanation.tg\/#\/schema\/logo\/image\/","url":"https:\/\/lavoixdelanation.tg\/wp-content\/uploads\/2024\/12\/lavn-1.png","contentUrl":"https:\/\/lavoixdelanation.tg\/wp-content\/uploads\/2024\/12\/lavn-1.png","width":1024,"height":464,"caption":"La Voix de la Nation"},"image":{"@id":"https:\/\/lavoixdelanation.tg\/#\/schema\/logo\/image\/"},"sameAs":["https:\/\/www.facebook.com\/lavoixdelanation"]},{"@type":"Person","@id":"https:\/\/lavoixdelanation.tg\/#\/schema\/person\/6c489293aa38053673a9e554acb6e224","name":"La voix de la nation","image":{"@type":"ImageObject","inLanguage":"fr-FR","@id":"https:\/\/lavoixdelanation.tg\/#\/schema\/person\/image\/","url":"https:\/\/secure.gravatar.com\/avatar\/8aa135d4bbc794494cecaa8d483f6d6cc1023624868deaff686baed5e727a5a1?s=96&d=mm&r=g","contentUrl":"https:\/\/secure.gravatar.com\/avatar\/8aa135d4bbc794494cecaa8d483f6d6cc1023624868deaff686baed5e727a5a1?s=96&d=mm&r=g","caption":"La voix de la nation"},"sameAs":["https:\/\/lavoixdelanation.tg"],"url":"https:\/\/lavoixdelanation.tg\/index.php\/author\/lavn\/"}]}},"_links":{"self":[{"href":"https:\/\/lavoixdelanation.tg\/index.php\/wp-json\/wp\/v2\/posts\/2872","targetHints":{"allow":["GET"]}}],"collection":[{"href":"https:\/\/lavoixdelanation.tg\/index.php\/wp-json\/wp\/v2\/posts"}],"about":[{"href":"https:\/\/lavoixdelanation.tg\/index.php\/wp-json\/wp\/v2\/types\/post"}],"author":[{"embeddable":true,"href":"https:\/\/lavoixdelanation.tg\/index.php\/wp-json\/wp\/v2\/users\/1"}],"replies":[{"embeddable":true,"href":"https:\/\/lavoixdelanation.tg\/index.php\/wp-json\/wp\/v2\/comments?post=2872"}],"version-history":[{"count":1,"href":"https:\/\/lavoixdelanation.tg\/index.php\/wp-json\/wp\/v2\/posts\/2872\/revisions"}],"predecessor-version":[{"id":2875,"href":"https:\/\/lavoixdelanation.tg\/index.php\/wp-json\/wp\/v2\/posts\/2872\/revisions\/2875"}],"wp:featuredmedia":[{"embeddable":true,"href":"https:\/\/lavoixdelanation.tg\/index.php\/wp-json\/wp\/v2\/media\/2873"}],"wp:attachment":[{"href":"https:\/\/lavoixdelanation.tg\/index.php\/wp-json\/wp\/v2\/media?parent=2872"}],"wp:term":[{"taxonomy":"category","embeddable":true,"href":"https:\/\/lavoixdelanation.tg\/index.php\/wp-json\/wp\/v2\/categories?post=2872"},{"taxonomy":"post_tag","embeddable":true,"href":"https:\/\/lavoixdelanation.tg\/index.php\/wp-json\/wp\/v2\/tags?post=2872"}],"curies":[{"name":"wp","href":"https:\/\/api.w.org\/{rel}","templated":true}]}}