{"id":2869,"date":"2025-05-14T14:19:26","date_gmt":"2025-05-14T12:19:26","guid":{"rendered":"https:\/\/lavoixdelanation.tg\/?p=2869"},"modified":"2025-05-16T14:25:34","modified_gmt":"2025-05-16T12:25:34","slug":"economie-le-secretaire-executif-de-la-cea-recu-par-faure-gnassingbe-a-lome","status":"publish","type":"post","link":"https:\/\/lavoixdelanation.tg\/index.php\/2025\/05\/14\/economie-le-secretaire-executif-de-la-cea-recu-par-faure-gnassingbe-a-lome\/","title":{"rendered":"Economie\u00a0: Le Secr\u00e9taire ex\u00e9cutif de la CEA re\u00e7u par Faure Gnassingb\u00e9 \u00e0 Lom\u00e9"},"content":{"rendered":"\n<p><strong>Le Pr\u00e9sident du Conseil Faure Gnassingb\u00e9 s\u2019est entretenu ce 12 mai 2025 avec Claver Gatete, Secr\u00e9taire ex\u00e9cutif de la Commission \u00e9conomique des Nations unies pour l\u2019Afrique (CEA).<\/strong><\/p>\n\n\n\n<p>Les \u00e9changes entre les deux personnalit\u00e9s ont port\u00e9 sur la probl\u00e9matique de la dette en Afrique ainsi que le partenariat entre le Togo et la Commission \u00e9conomique des Nations unies pour l\u2019Afrique (CEA).<\/p>\n\n\n\n<p>\u00ab&nbsp;Nous avons identifi\u00e9 quatre domaines cl\u00e9s \u00e0 savoir la zone de libre-\u00e9change du continent africain, les statistiques o\u00f9 nous travaillons sur le recalibrage du PIB, la technologie pour accro\u00eetre le syst\u00e8me fiscal et le ratio fiscal\/PIB ainsi que l\u2019efficacit\u00e9 du gouvernement&nbsp;\u00bb, a indiqu\u00e9 Claver Gatete \u00e0 l\u2019issue de l\u2019entretien.<\/p>\n\n\n\n<p>En pr\u00e9sence de la nouvelle coordonnatrice r\u00e9sidente du syst\u00e8me des Nations Unies au Togo, Mme Coumba Sow, les deux personnalit\u00e9s ont par ailleurs abord\u00e9 le sujet de la possibilit\u00e9 pour l\u2019Afrique d\u2019avoir des si\u00e8ges permanents au Conseil de s\u00e9curit\u00e9 des Nations unies.<\/p>\n\n\n\n<p>Il faut souligner que Claver Gatete est actuellement \u00e0 Lom\u00e9 dans le cadre de la premi\u00e8re \u00e9dition de la Conf\u00e9rence de l\u2019Union africaine sur la dette publique plac\u00e9e sous le th\u00e8me \u00ab l\u2019agenda africain de gestion de la dette publique : restaurer et pr\u00e9server la viabilit\u00e9 de la dette \u00bb.<\/p>\n\n\n\n<p><strong>Cris DADA<\/strong><\/p>\n","protected":false},"excerpt":{"rendered":"<p>Le Pr\u00e9sident du Conseil Faure Gnassingb\u00e9 s\u2019est entretenu ce 12 mai 2025 avec Claver Gatete, Secr\u00e9taire ex\u00e9cutif de la Commission \u00e9conomique des Nations unies pour l\u2019Afrique (CEA). Les \u00e9changes entre&hellip; <\/p>\n","protected":false},"author":1,"featured_media":2870,"comment_status":"open","ping_status":"open","sticky":false,"template":"","format":"standard","meta":{"footnotes":""},"categories":[8],"tags":[670,45,39],"class_list":["post-2869","post","type-post","status-publish","format-standard","has-post-thumbnail","hentry","category-economie","tag-claver-gatete","tag-faure-gnassingbe","tag-togo"],"yoast_head":"<!-- This site is optimized with the Yoast SEO plugin v26.4 - https:\/\/yoast.com\/wordpress\/plugins\/seo\/ -->\n<title>Economie\u00a0: Le Secr\u00e9taire ex\u00e9cutif de la CEA re\u00e7u par Faure Gnassingb\u00e9 \u00e0 Lom\u00e9 - La Voix de la Nation<\/title>\n<meta name=\"description\" content=\"Le Pr\u00e9sident du Conseil Faure Gnassingb\u00e9 s\u2019est entretenu ce 12 mai 2025 avec Claver Gatete, Secr\u00e9taire ex\u00e9cutif de la Commission \u00e9conomique des Nations unies pour l\u2019Afrique (CEA).\" \/>\n<meta name=\"robots\" content=\"index, follow, max-snippet:-1, max-image-preview:large, max-video-preview:-1\" \/>\n<link rel=\"canonical\" href=\"https:\/\/lavoixdelanation.tg\/index.php\/2025\/05\/14\/economie-le-secretaire-executif-de-la-cea-recu-par-faure-gnassingbe-a-lome\/\" \/>\n<meta property=\"og:locale\" content=\"fr_FR\" \/>\n<meta property=\"og:type\" content=\"article\" \/>\n<meta property=\"og:title\" content=\"Economie\u00a0: Le Secr\u00e9taire ex\u00e9cutif de la CEA re\u00e7u par Faure Gnassingb\u00e9 \u00e0 Lom\u00e9 - La Voix de la Nation\" \/>\n<meta property=\"og:description\" content=\"Le Pr\u00e9sident du Conseil Faure Gnassingb\u00e9 s\u2019est entretenu ce 12 mai 2025 avec Claver Gatete, Secr\u00e9taire ex\u00e9cutif de la Commission \u00e9conomique des Nations unies pour l\u2019Afrique (CEA).\" \/>\n<meta property=\"og:url\" content=\"https:\/\/lavoixdelanation.tg\/index.php\/2025\/05\/14\/economie-le-secretaire-executif-de-la-cea-recu-par-faure-gnassingbe-a-lome\/\" \/>\n<meta property=\"og:site_name\" content=\"La Voix de la Nation\" \/>\n<meta property=\"article:publisher\" content=\"https:\/\/www.facebook.com\/lavoixdelanation\" \/>\n<meta property=\"article:published_time\" content=\"2025-05-14T12:19:26+00:00\" \/>\n<meta property=\"article:modified_time\" content=\"2025-05-16T12:25:34+00:00\" \/>\n<meta property=\"og:image\" content=\"https:\/\/lavoixdelanation.tg\/wp-content\/uploads\/2025\/05\/Claver-Gatete-avec-Faure-Gnassingbe-a-Lome.jpg\" \/>\n\t<meta property=\"og:image:width\" content=\"800\" \/>\n\t<meta property=\"og:image:height\" content=\"567\" \/>\n\t<meta property=\"og:image:type\" content=\"image\/jpeg\" \/>\n<meta name=\"author\" content=\"La voix de la nation\" \/>\n<meta name=\"twitter:card\" content=\"summary_large_image\" \/>\n<meta name=\"twitter:label1\" content=\"\u00c9crit par\" \/>\n\t<meta name=\"twitter:data1\" content=\"La voix de la nation\" \/>\n\t<meta name=\"twitter:label2\" content=\"Dur\u00e9e de lecture estim\u00e9e\" \/>\n\t<meta name=\"twitter:data2\" content=\"2 minutes\" \/>\n<script type=\"application\/ld+json\" class=\"yoast-schema-graph\">{\"@context\":\"https:\/\/schema.org\",\"@graph\":[{\"@type\":\"Article\",\"@id\":\"https:\/\/lavoixdelanation.tg\/index.php\/2025\/05\/14\/economie-le-secretaire-executif-de-la-cea-recu-par-faure-gnassingbe-a-lome\/#article\",\"isPartOf\":{\"@id\":\"https:\/\/lavoixdelanation.tg\/index.php\/2025\/05\/14\/economie-le-secretaire-executif-de-la-cea-recu-par-faure-gnassingbe-a-lome\/\"},\"author\":{\"name\":\"La voix de la nation\",\"@id\":\"https:\/\/lavoixdelanation.tg\/#\/schema\/person\/6c489293aa38053673a9e554acb6e224\"},\"headline\":\"Economie\u00a0: Le Secr\u00e9taire ex\u00e9cutif de la CEA re\u00e7u par Faure Gnassingb\u00e9 \u00e0 Lom\u00e9\",\"datePublished\":\"2025-05-14T12:19:26+00:00\",\"dateModified\":\"2025-05-16T12:25:34+00:00\",\"mainEntityOfPage\":{\"@id\":\"https:\/\/lavoixdelanation.tg\/index.php\/2025\/05\/14\/economie-le-secretaire-executif-de-la-cea-recu-par-faure-gnassingbe-a-lome\/\"},\"wordCount\":243,\"commentCount\":0,\"publisher\":{\"@id\":\"https:\/\/lavoixdelanation.tg\/#organization\"},\"image\":{\"@id\":\"https:\/\/lavoixdelanation.tg\/index.php\/2025\/05\/14\/economie-le-secretaire-executif-de-la-cea-recu-par-faure-gnassingbe-a-lome\/#primaryimage\"},\"thumbnailUrl\":\"https:\/\/lavoixdelanation.tg\/wp-content\/uploads\/2025\/05\/Claver-Gatete-avec-Faure-Gnassingbe-a-Lome.jpg\",\"keywords\":[\"Claver Gatete\",\"Faure Gnassingb\u00e9\",\"Togo\"],\"articleSection\":[\"Economie\"],\"inLanguage\":\"fr-FR\",\"potentialAction\":[{\"@type\":\"CommentAction\",\"name\":\"Comment\",\"target\":[\"https:\/\/lavoixdelanation.tg\/index.php\/2025\/05\/14\/economie-le-secretaire-executif-de-la-cea-recu-par-faure-gnassingbe-a-lome\/#respond\"]}]},{\"@type\":\"WebPage\",\"@id\":\"https:\/\/lavoixdelanation.tg\/index.php\/2025\/05\/14\/economie-le-secretaire-executif-de-la-cea-recu-par-faure-gnassingbe-a-lome\/\",\"url\":\"https:\/\/lavoixdelanation.tg\/index.php\/2025\/05\/14\/economie-le-secretaire-executif-de-la-cea-recu-par-faure-gnassingbe-a-lome\/\",\"name\":\"Economie\u00a0: Le Secr\u00e9taire ex\u00e9cutif de la CEA re\u00e7u par Faure Gnassingb\u00e9 \u00e0 Lom\u00e9 - La Voix de la Nation\",\"isPartOf\":{\"@id\":\"https:\/\/lavoixdelanation.tg\/#website\"},\"primaryImageOfPage\":{\"@id\":\"https:\/\/lavoixdelanation.tg\/index.php\/2025\/05\/14\/economie-le-secretaire-executif-de-la-cea-recu-par-faure-gnassingbe-a-lome\/#primaryimage\"},\"image\":{\"@id\":\"https:\/\/lavoixdelanation.tg\/index.php\/2025\/05\/14\/economie-le-secretaire-executif-de-la-cea-recu-par-faure-gnassingbe-a-lome\/#primaryimage\"},\"thumbnailUrl\":\"https:\/\/lavoixdelanation.tg\/wp-content\/uploads\/2025\/05\/Claver-Gatete-avec-Faure-Gnassingbe-a-Lome.jpg\",\"datePublished\":\"2025-05-14T12:19:26+00:00\",\"dateModified\":\"2025-05-16T12:25:34+00:00\",\"description\":\"Le Pr\u00e9sident du Conseil Faure Gnassingb\u00e9 s\u2019est entretenu ce 12 mai 2025 avec Claver Gatete, Secr\u00e9taire ex\u00e9cutif de la Commission \u00e9conomique des Nations unies pour l\u2019Afrique (CEA).\",\"breadcrumb\":{\"@id\":\"https:\/\/lavoixdelanation.tg\/index.php\/2025\/05\/14\/economie-le-secretaire-executif-de-la-cea-recu-par-faure-gnassingbe-a-lome\/#breadcrumb\"},\"inLanguage\":\"fr-FR\",\"potentialAction\":[{\"@type\":\"ReadAction\",\"target\":[\"https:\/\/lavoixdelanation.tg\/index.php\/2025\/05\/14\/economie-le-secretaire-executif-de-la-cea-recu-par-faure-gnassingbe-a-lome\/\"]}]},{\"@type\":\"ImageObject\",\"inLanguage\":\"fr-FR\",\"@id\":\"https:\/\/lavoixdelanation.tg\/index.php\/2025\/05\/14\/economie-le-secretaire-executif-de-la-cea-recu-par-faure-gnassingbe-a-lome\/#primaryimage\",\"url\":\"https:\/\/lavoixdelanation.tg\/wp-content\/uploads\/2025\/05\/Claver-Gatete-avec-Faure-Gnassingbe-a-Lome.jpg\",\"contentUrl\":\"https:\/\/lavoixdelanation.tg\/wp-content\/uploads\/2025\/05\/Claver-Gatete-avec-Faure-Gnassingbe-a-Lome.jpg\",\"width\":800,\"height\":567},{\"@type\":\"BreadcrumbList\",\"@id\":\"https:\/\/lavoixdelanation.tg\/index.php\/2025\/05\/14\/economie-le-secretaire-executif-de-la-cea-recu-par-faure-gnassingbe-a-lome\/#breadcrumb\",\"itemListElement\":[{\"@type\":\"ListItem\",\"position\":1,\"name\":\"Accueil\",\"item\":\"https:\/\/lavoixdelanation.tg\/\"},{\"@type\":\"ListItem\",\"position\":2,\"name\":\"Economie\u00a0: Le Secr\u00e9taire ex\u00e9cutif de la CEA re\u00e7u par Faure Gnassingb\u00e9 \u00e0 Lom\u00e9\"}]},{\"@type\":\"WebSite\",\"@id\":\"https:\/\/lavoixdelanation.tg\/#website\",\"url\":\"https:\/\/lavoixdelanation.tg\/\",\"name\":\"La Voix de la Nation\",\"description\":\"R\u00e9c\u00e9piss\u00e9 n\u00b00108\/HAAC\/01-2024\/pl\/P\",\"publisher\":{\"@id\":\"https:\/\/lavoixdelanation.tg\/#organization\"},\"alternateName\":\"VON\",\"potentialAction\":[{\"@type\":\"SearchAction\",\"target\":{\"@type\":\"EntryPoint\",\"urlTemplate\":\"https:\/\/lavoixdelanation.tg\/?s={search_term_string}\"},\"query-input\":{\"@type\":\"PropertyValueSpecification\",\"valueRequired\":true,\"valueName\":\"search_term_string\"}}],\"inLanguage\":\"fr-FR\"},{\"@type\":\"Organization\",\"@id\":\"https:\/\/lavoixdelanation.tg\/#organization\",\"name\":\"La Voix de la Nation\",\"url\":\"https:\/\/lavoixdelanation.tg\/\",\"logo\":{\"@type\":\"ImageObject\",\"inLanguage\":\"fr-FR\",\"@id\":\"https:\/\/lavoixdelanation.tg\/#\/schema\/logo\/image\/\",\"url\":\"https:\/\/lavoixdelanation.tg\/wp-content\/uploads\/2024\/12\/lavn-1.png\",\"contentUrl\":\"https:\/\/lavoixdelanation.tg\/wp-content\/uploads\/2024\/12\/lavn-1.png\",\"width\":1024,\"height\":464,\"caption\":\"La Voix de la Nation\"},\"image\":{\"@id\":\"https:\/\/lavoixdelanation.tg\/#\/schema\/logo\/image\/\"},\"sameAs\":[\"https:\/\/www.facebook.com\/lavoixdelanation\"]},{\"@type\":\"Person\",\"@id\":\"https:\/\/lavoixdelanation.tg\/#\/schema\/person\/6c489293aa38053673a9e554acb6e224\",\"name\":\"La voix de la nation\",\"image\":{\"@type\":\"ImageObject\",\"inLanguage\":\"fr-FR\",\"@id\":\"https:\/\/lavoixdelanation.tg\/#\/schema\/person\/image\/\",\"url\":\"https:\/\/secure.gravatar.com\/avatar\/8aa135d4bbc794494cecaa8d483f6d6cc1023624868deaff686baed5e727a5a1?s=96&d=mm&r=g\",\"contentUrl\":\"https:\/\/secure.gravatar.com\/avatar\/8aa135d4bbc794494cecaa8d483f6d6cc1023624868deaff686baed5e727a5a1?s=96&d=mm&r=g\",\"caption\":\"La voix de la nation\"},\"sameAs\":[\"https:\/\/lavoixdelanation.tg\"],\"url\":\"https:\/\/lavoixdelanation.tg\/index.php\/author\/lavn\/\"}]}<\/script>\n<!-- \/ Yoast SEO plugin. -->","yoast_head_json":{"title":"Economie\u00a0: Le Secr\u00e9taire ex\u00e9cutif de la CEA re\u00e7u par Faure Gnassingb\u00e9 \u00e0 Lom\u00e9 - La Voix de la Nation","description":"Le Pr\u00e9sident du Conseil Faure Gnassingb\u00e9 s\u2019est entretenu ce 12 mai 2025 avec Claver Gatete, Secr\u00e9taire ex\u00e9cutif de la Commission \u00e9conomique des Nations unies pour l\u2019Afrique (CEA).","robots":{"index":"index","follow":"follow","max-snippet":"max-snippet:-1","max-image-preview":"max-image-preview:large","max-video-preview":"max-video-preview:-1"},"canonical":"https:\/\/lavoixdelanation.tg\/index.php\/2025\/05\/14\/economie-le-secretaire-executif-de-la-cea-recu-par-faure-gnassingbe-a-lome\/","og_locale":"fr_FR","og_type":"article","og_title":"Economie\u00a0: Le Secr\u00e9taire ex\u00e9cutif de la CEA re\u00e7u par Faure Gnassingb\u00e9 \u00e0 Lom\u00e9 - La Voix de la Nation","og_description":"Le Pr\u00e9sident du Conseil Faure Gnassingb\u00e9 s\u2019est entretenu ce 12 mai 2025 avec Claver Gatete, Secr\u00e9taire ex\u00e9cutif de la Commission \u00e9conomique des Nations unies pour l\u2019Afrique (CEA).","og_url":"https:\/\/lavoixdelanation.tg\/index.php\/2025\/05\/14\/economie-le-secretaire-executif-de-la-cea-recu-par-faure-gnassingbe-a-lome\/","og_site_name":"La Voix de la Nation","article_publisher":"https:\/\/www.facebook.com\/lavoixdelanation","article_published_time":"2025-05-14T12:19:26+00:00","article_modified_time":"2025-05-16T12:25:34+00:00","og_image":[{"width":800,"height":567,"url":"https:\/\/lavoixdelanation.tg\/wp-content\/uploads\/2025\/05\/Claver-Gatete-avec-Faure-Gnassingbe-a-Lome.jpg","type":"image\/jpeg"}],"author":"La voix de la nation","twitter_card":"summary_large_image","twitter_misc":{"\u00c9crit par":"La voix de la nation","Dur\u00e9e de lecture estim\u00e9e":"2 minutes"},"schema":{"@context":"https:\/\/schema.org","@graph":[{"@type":"Article","@id":"https:\/\/lavoixdelanation.tg\/index.php\/2025\/05\/14\/economie-le-secretaire-executif-de-la-cea-recu-par-faure-gnassingbe-a-lome\/#article","isPartOf":{"@id":"https:\/\/lavoixdelanation.tg\/index.php\/2025\/05\/14\/economie-le-secretaire-executif-de-la-cea-recu-par-faure-gnassingbe-a-lome\/"},"author":{"name":"La voix de la nation","@id":"https:\/\/lavoixdelanation.tg\/#\/schema\/person\/6c489293aa38053673a9e554acb6e224"},"headline":"Economie\u00a0: Le Secr\u00e9taire ex\u00e9cutif de la CEA re\u00e7u par Faure Gnassingb\u00e9 \u00e0 Lom\u00e9","datePublished":"2025-05-14T12:19:26+00:00","dateModified":"2025-05-16T12:25:34+00:00","mainEntityOfPage":{"@id":"https:\/\/lavoixdelanation.tg\/index.php\/2025\/05\/14\/economie-le-secretaire-executif-de-la-cea-recu-par-faure-gnassingbe-a-lome\/"},"wordCount":243,"commentCount":0,"publisher":{"@id":"https:\/\/lavoixdelanation.tg\/#organization"},"image":{"@id":"https:\/\/lavoixdelanation.tg\/index.php\/2025\/05\/14\/economie-le-secretaire-executif-de-la-cea-recu-par-faure-gnassingbe-a-lome\/#primaryimage"},"thumbnailUrl":"https:\/\/lavoixdelanation.tg\/wp-content\/uploads\/2025\/05\/Claver-Gatete-avec-Faure-Gnassingbe-a-Lome.jpg","keywords":["Claver Gatete","Faure Gnassingb\u00e9","Togo"],"articleSection":["Economie"],"inLanguage":"fr-FR","potentialAction":[{"@type":"CommentAction","name":"Comment","target":["https:\/\/lavoixdelanation.tg\/index.php\/2025\/05\/14\/economie-le-secretaire-executif-de-la-cea-recu-par-faure-gnassingbe-a-lome\/#respond"]}]},{"@type":"WebPage","@id":"https:\/\/lavoixdelanation.tg\/index.php\/2025\/05\/14\/economie-le-secretaire-executif-de-la-cea-recu-par-faure-gnassingbe-a-lome\/","url":"https:\/\/lavoixdelanation.tg\/index.php\/2025\/05\/14\/economie-le-secretaire-executif-de-la-cea-recu-par-faure-gnassingbe-a-lome\/","name":"Economie\u00a0: Le Secr\u00e9taire ex\u00e9cutif de la CEA re\u00e7u par Faure Gnassingb\u00e9 \u00e0 Lom\u00e9 - La Voix de la Nation","isPartOf":{"@id":"https:\/\/lavoixdelanation.tg\/#website"},"primaryImageOfPage":{"@id":"https:\/\/lavoixdelanation.tg\/index.php\/2025\/05\/14\/economie-le-secretaire-executif-de-la-cea-recu-par-faure-gnassingbe-a-lome\/#primaryimage"},"image":{"@id":"https:\/\/lavoixdelanation.tg\/index.php\/2025\/05\/14\/economie-le-secretaire-executif-de-la-cea-recu-par-faure-gnassingbe-a-lome\/#primaryimage"},"thumbnailUrl":"https:\/\/lavoixdelanation.tg\/wp-content\/uploads\/2025\/05\/Claver-Gatete-avec-Faure-Gnassingbe-a-Lome.jpg","datePublished":"2025-05-14T12:19:26+00:00","dateModified":"2025-05-16T12:25:34+00:00","description":"Le Pr\u00e9sident du Conseil Faure Gnassingb\u00e9 s\u2019est entretenu ce 12 mai 2025 avec Claver Gatete, Secr\u00e9taire ex\u00e9cutif de la Commission \u00e9conomique des Nations unies pour l\u2019Afrique (CEA).","breadcrumb":{"@id":"https:\/\/lavoixdelanation.tg\/index.php\/2025\/05\/14\/economie-le-secretaire-executif-de-la-cea-recu-par-faure-gnassingbe-a-lome\/#breadcrumb"},"inLanguage":"fr-FR","potentialAction":[{"@type":"ReadAction","target":["https:\/\/lavoixdelanation.tg\/index.php\/2025\/05\/14\/economie-le-secretaire-executif-de-la-cea-recu-par-faure-gnassingbe-a-lome\/"]}]},{"@type":"ImageObject","inLanguage":"fr-FR","@id":"https:\/\/lavoixdelanation.tg\/index.php\/2025\/05\/14\/economie-le-secretaire-executif-de-la-cea-recu-par-faure-gnassingbe-a-lome\/#primaryimage","url":"https:\/\/lavoixdelanation.tg\/wp-content\/uploads\/2025\/05\/Claver-Gatete-avec-Faure-Gnassingbe-a-Lome.jpg","contentUrl":"https:\/\/lavoixdelanation.tg\/wp-content\/uploads\/2025\/05\/Claver-Gatete-avec-Faure-Gnassingbe-a-Lome.jpg","width":800,"height":567},{"@type":"BreadcrumbList","@id":"https:\/\/lavoixdelanation.tg\/index.php\/2025\/05\/14\/economie-le-secretaire-executif-de-la-cea-recu-par-faure-gnassingbe-a-lome\/#breadcrumb","itemListElement":[{"@type":"ListItem","position":1,"name":"Accueil","item":"https:\/\/lavoixdelanation.tg\/"},{"@type":"ListItem","position":2,"name":"Economie\u00a0: Le Secr\u00e9taire ex\u00e9cutif de la CEA re\u00e7u par Faure Gnassingb\u00e9 \u00e0 Lom\u00e9"}]},{"@type":"WebSite","@id":"https:\/\/lavoixdelanation.tg\/#website","url":"https:\/\/lavoixdelanation.tg\/","name":"La Voix de la Nation","description":"R\u00e9c\u00e9piss\u00e9 n\u00b00108\/HAAC\/01-2024\/pl\/P","publisher":{"@id":"https:\/\/lavoixdelanation.tg\/#organization"},"alternateName":"VON","potentialAction":[{"@type":"SearchAction","target":{"@type":"EntryPoint","urlTemplate":"https:\/\/lavoixdelanation.tg\/?s={search_term_string}"},"query-input":{"@type":"PropertyValueSpecification","valueRequired":true,"valueName":"search_term_string"}}],"inLanguage":"fr-FR"},{"@type":"Organization","@id":"https:\/\/lavoixdelanation.tg\/#organization","name":"La Voix de la Nation","url":"https:\/\/lavoixdelanation.tg\/","logo":{"@type":"ImageObject","inLanguage":"fr-FR","@id":"https:\/\/lavoixdelanation.tg\/#\/schema\/logo\/image\/","url":"https:\/\/lavoixdelanation.tg\/wp-content\/uploads\/2024\/12\/lavn-1.png","contentUrl":"https:\/\/lavoixdelanation.tg\/wp-content\/uploads\/2024\/12\/lavn-1.png","width":1024,"height":464,"caption":"La Voix de la Nation"},"image":{"@id":"https:\/\/lavoixdelanation.tg\/#\/schema\/logo\/image\/"},"sameAs":["https:\/\/www.facebook.com\/lavoixdelanation"]},{"@type":"Person","@id":"https:\/\/lavoixdelanation.tg\/#\/schema\/person\/6c489293aa38053673a9e554acb6e224","name":"La voix de la nation","image":{"@type":"ImageObject","inLanguage":"fr-FR","@id":"https:\/\/lavoixdelanation.tg\/#\/schema\/person\/image\/","url":"https:\/\/secure.gravatar.com\/avatar\/8aa135d4bbc794494cecaa8d483f6d6cc1023624868deaff686baed5e727a5a1?s=96&d=mm&r=g","contentUrl":"https:\/\/secure.gravatar.com\/avatar\/8aa135d4bbc794494cecaa8d483f6d6cc1023624868deaff686baed5e727a5a1?s=96&d=mm&r=g","caption":"La voix de la nation"},"sameAs":["https:\/\/lavoixdelanation.tg"],"url":"https:\/\/lavoixdelanation.tg\/index.php\/author\/lavn\/"}]}},"_links":{"self":[{"href":"https:\/\/lavoixdelanation.tg\/index.php\/wp-json\/wp\/v2\/posts\/2869","targetHints":{"allow":["GET"]}}],"collection":[{"href":"https:\/\/lavoixdelanation.tg\/index.php\/wp-json\/wp\/v2\/posts"}],"about":[{"href":"https:\/\/lavoixdelanation.tg\/index.php\/wp-json\/wp\/v2\/types\/post"}],"author":[{"embeddable":true,"href":"https:\/\/lavoixdelanation.tg\/index.php\/wp-json\/wp\/v2\/users\/1"}],"replies":[{"embeddable":true,"href":"https:\/\/lavoixdelanation.tg\/index.php\/wp-json\/wp\/v2\/comments?post=2869"}],"version-history":[{"count":1,"href":"https:\/\/lavoixdelanation.tg\/index.php\/wp-json\/wp\/v2\/posts\/2869\/revisions"}],"predecessor-version":[{"id":2871,"href":"https:\/\/lavoixdelanation.tg\/index.php\/wp-json\/wp\/v2\/posts\/2869\/revisions\/2871"}],"wp:featuredmedia":[{"embeddable":true,"href":"https:\/\/lavoixdelanation.tg\/index.php\/wp-json\/wp\/v2\/media\/2870"}],"wp:attachment":[{"href":"https:\/\/lavoixdelanation.tg\/index.php\/wp-json\/wp\/v2\/media?parent=2869"}],"wp:term":[{"taxonomy":"category","embeddable":true,"href":"https:\/\/lavoixdelanation.tg\/index.php\/wp-json\/wp\/v2\/categories?post=2869"},{"taxonomy":"post_tag","embeddable":true,"href":"https:\/\/lavoixdelanation.tg\/index.php\/wp-json\/wp\/v2\/tags?post=2869"}],"curies":[{"name":"wp","href":"https:\/\/api.w.org\/{rel}","templated":true}]}}