{"id":2861,"date":"2025-05-13T17:52:52","date_gmt":"2025-05-13T15:52:52","guid":{"rendered":"https:\/\/lavoixdelanation.tg\/?p=2861"},"modified":"2025-05-13T17:52:52","modified_gmt":"2025-05-13T15:52:52","slug":"conference-sur-la-dette-le-choix-de-lome-salue-par-lunion-africaine","status":"publish","type":"post","link":"https:\/\/lavoixdelanation.tg\/index.php\/2025\/05\/13\/conference-sur-la-dette-le-choix-de-lome-salue-par-lunion-africaine\/","title":{"rendered":"Conf\u00e9rence sur la dette : Le choix de Lom\u00e9 salu\u00e9 par l\u2019Union Africaine"},"content":{"rendered":"\n<p><strong>Lom\u00e9 la capitale togolaise accueille depuis ce 12 mai 2025, la premi\u00e8re \u00e9dition de la Conf\u00e9rence de l\u2019Union africaine sur la dette publique plac\u00e9e sous le th\u00e8me \u00ab l\u2019agenda africain de gestion de la dette publique : restaurer et pr\u00e9server la viabilit\u00e9 de la dette \u00bb.<\/strong><\/p>\n\n\n\n<p>En marge des travaux, le Pr\u00e9sident du Conseil, Faure Gnassingb\u00e9 a accord\u00e9 une audience au Commissaire de l\u2019Union africaine \u00e0 l\u2019agriculture, au d\u00e9veloppement rural, \u00e0 l\u2019\u00e9conomie bleue et \u00e0 l\u2019environnement durable, Moses Vilakazi.<\/p>\n\n\n\n<p>Ce dernier a exprim\u00e9 au Pr\u00e9sident du Conseil, la gratitude de l\u2019Union africaine pour les facilit\u00e9s offertes en vue d\u2019une organisation r\u00e9ussie de cette conf\u00e9rence.<\/p>\n\n\n\n<p>\u00ab&nbsp;Nous tenons une conf\u00e9rence \u00e0 Lom\u00e9 sur la gestion de la dette en Afrique et le service. C\u2019est un sujet tr\u00e8s important dans nos pays africains car chaque pays est affect\u00e9 par la dette. Les \u00e9tats de nos fonds sont utilis\u00e9s pour l\u2019\u00e9ducation, la sant\u00e9 et les infrastructures. Nous sommes venus pour remercier le Pr\u00e9sident du Conseil et le peuple togolais d\u2019avoir accept\u00e9 que nous organisions cette importante conf\u00e9rence au Togo&nbsp;\u00bb, a indiqu\u00e9 Moses Vilakazi.<\/p>\n\n\n\n<figure class=\"wp-block-image size-large\"><img loading=\"lazy\" decoding=\"async\" width=\"1024\" height=\"769\" src=\"https:\/\/lavoixdelanation.tg\/wp-content\/uploads\/2025\/05\/Faure-Gnassingbe-avec-Moses-Vilakazi-1024x769.jpg\" alt=\"\" class=\"wp-image-2863\" srcset=\"https:\/\/lavoixdelanation.tg\/wp-content\/uploads\/2025\/05\/Faure-Gnassingbe-avec-Moses-Vilakazi-1024x769.jpg 1024w, https:\/\/lavoixdelanation.tg\/wp-content\/uploads\/2025\/05\/Faure-Gnassingbe-avec-Moses-Vilakazi-300x225.jpg 300w, https:\/\/lavoixdelanation.tg\/wp-content\/uploads\/2025\/05\/Faure-Gnassingbe-avec-Moses-Vilakazi-768x577.jpg 768w, https:\/\/lavoixdelanation.tg\/wp-content\/uploads\/2025\/05\/Faure-Gnassingbe-avec-Moses-Vilakazi-1536x1154.jpg 1536w, https:\/\/lavoixdelanation.tg\/wp-content\/uploads\/2025\/05\/Faure-Gnassingbe-avec-Moses-Vilakazi.jpg 1600w\" sizes=\"auto, (max-width: 1024px) 100vw, 1024px\" \/><\/figure>\n\n\n\n<p>Au cours de l\u2019audience, le Commissaire par int\u00e9rim de l\u2019Union africaine pour le D\u00e9veloppement \u00e9conomique, le commerce, le tourisme, l\u2019industrie et les mines a \u00e9galement partag\u00e9 avec le Pr\u00e9sident du Conseil, les enjeux et perspectives de cette rencontre strat\u00e9gie sur la soutenabilit\u00e9 de la dette en Afrique.<\/p>\n\n\n\n<p class=\"has-text-align-center\"><strong>Pourquoi le Togo&nbsp;?<\/strong><\/p>\n\n\n\n<p>Pour les autorit\u00e9s togolaises, ce choix port\u00e9 sur Lom\u00e9 comme ville h\u00f4te de cette conf\u00e9rence strat\u00e9gique n&rsquo;est pas fortuit. Il traduit la confiance sans cesse renouvel\u00e9e au Togo et son leadership affirm\u00e9 sur les questions d\u2019int\u00e9gration africaine et de r\u00e9formes structurelles, la position g\u00e9ostrat\u00e9gique du pays et son engagement historique pour la paix et la stabilit\u00e9 en Afrique.<\/p>\n\n\n\n<p>Le Togo occupe une position g\u00e9ographique privil\u00e9gi\u00e9e en Afrique de l&rsquo;Ouest, servant de carrefour entre les zones francophone et anglophone du continent.<\/p>\n\n\n\n<p>Le pays jouit d&rsquo;une stabilit\u00e9 politique et d&rsquo;une croissance \u00e9conomique soutenue qui en fait un mod\u00e8le de d\u00e9veloppement dans la r\u00e9gion. Fort de son exp\u00e9rience dans l&rsquo;organisation d&rsquo;\u00e9v\u00e9nements internationaux de premier plan, le Togo dispose des infrastructures et de l&rsquo;expertise n\u00e9cessaires pour accueillir cette conf\u00e9rence. Son leadership reconnu dans la m\u00e9diation r\u00e9gionale renforce sa l\u00e9gitimit\u00e9 comme facilitateur du dialogue continental sur la dette.<\/p>\n\n\n\n<p>Pour rappel, la Conf\u00e9rence de l\u2019Union africaine sur la dette vise \u00e0 cr\u00e9er une plateforme de discussions de haut niveau entre les responsables politiques des \u00c9tats membres de l\u2019Union africaine, les partenaires de d\u00e9veloppement et les principales parties prenantes en vue de renforcer l\u2019efficience, la transparence et la responsabilit\u00e9 de la gestion de la dette publique \u00e0 l\u2019\u00e9chelle du continent.<\/p>\n\n\n\n<p><strong>La R\u00e9daction<\/strong><\/p>\n","protected":false},"excerpt":{"rendered":"<p>Lom\u00e9 la capitale togolaise accueille depuis ce 12 mai 2025, la premi\u00e8re \u00e9dition de la Conf\u00e9rence de l\u2019Union africaine sur la dette publique plac\u00e9e sous le th\u00e8me \u00ab l\u2019agenda africain&hellip; <\/p>\n","protected":false},"author":1,"featured_media":2862,"comment_status":"open","ping_status":"open","sticky":false,"template":"","format":"standard","meta":{"footnotes":""},"categories":[12],"tags":[664,45,39,163],"class_list":["post-2861","post","type-post","status-publish","format-standard","has-post-thumbnail","hentry","category-diplomatie","tag-dette-publique","tag-faure-gnassingbe","tag-togo","tag-union-africaine"],"yoast_head":"<!-- This site is optimized with the Yoast SEO plugin v26.4 - https:\/\/yoast.com\/wordpress\/plugins\/seo\/ -->\n<title>Conf\u00e9rence sur la dette : Le choix de Lom\u00e9 salu\u00e9 par l\u2019Union Africaine - La Voix de la Nation<\/title>\n<meta name=\"robots\" content=\"index, follow, max-snippet:-1, max-image-preview:large, max-video-preview:-1\" \/>\n<link rel=\"canonical\" href=\"https:\/\/lavoixdelanation.tg\/index.php\/2025\/05\/13\/conference-sur-la-dette-le-choix-de-lome-salue-par-lunion-africaine\/\" \/>\n<meta property=\"og:locale\" content=\"fr_FR\" \/>\n<meta property=\"og:type\" content=\"article\" \/>\n<meta property=\"og:title\" content=\"Conf\u00e9rence sur la dette : Le choix de Lom\u00e9 salu\u00e9 par l\u2019Union Africaine - La Voix de la Nation\" \/>\n<meta property=\"og:description\" content=\"Lom\u00e9 la capitale togolaise accueille depuis ce 12 mai 2025, la premi\u00e8re \u00e9dition de la Conf\u00e9rence de l\u2019Union africaine sur la dette publique plac\u00e9e sous le th\u00e8me \u00ab l\u2019agenda africain&hellip;\" \/>\n<meta property=\"og:url\" content=\"https:\/\/lavoixdelanation.tg\/index.php\/2025\/05\/13\/conference-sur-la-dette-le-choix-de-lome-salue-par-lunion-africaine\/\" \/>\n<meta property=\"og:site_name\" content=\"La Voix de la Nation\" \/>\n<meta property=\"article:publisher\" content=\"https:\/\/www.facebook.com\/lavoixdelanation\" \/>\n<meta property=\"article:published_time\" content=\"2025-05-13T15:52:52+00:00\" \/>\n<meta property=\"og:image\" content=\"https:\/\/lavoixdelanation.tg\/wp-content\/uploads\/2025\/05\/Faure-Gnassingbe-avec-Moses-Vilakazi-a-Lome.jpg\" \/>\n\t<meta property=\"og:image:width\" content=\"550\" \/>\n\t<meta property=\"og:image:height\" content=\"381\" \/>\n\t<meta property=\"og:image:type\" content=\"image\/jpeg\" \/>\n<meta name=\"author\" content=\"La voix de la nation\" \/>\n<meta name=\"twitter:card\" content=\"summary_large_image\" \/>\n<meta name=\"twitter:label1\" content=\"\u00c9crit par\" \/>\n\t<meta name=\"twitter:data1\" content=\"La voix de la nation\" \/>\n\t<meta name=\"twitter:label2\" content=\"Dur\u00e9e de lecture estim\u00e9e\" \/>\n\t<meta name=\"twitter:data2\" content=\"3 minutes\" \/>\n<script type=\"application\/ld+json\" class=\"yoast-schema-graph\">{\"@context\":\"https:\/\/schema.org\",\"@graph\":[{\"@type\":\"Article\",\"@id\":\"https:\/\/lavoixdelanation.tg\/index.php\/2025\/05\/13\/conference-sur-la-dette-le-choix-de-lome-salue-par-lunion-africaine\/#article\",\"isPartOf\":{\"@id\":\"https:\/\/lavoixdelanation.tg\/index.php\/2025\/05\/13\/conference-sur-la-dette-le-choix-de-lome-salue-par-lunion-africaine\/\"},\"author\":{\"name\":\"La voix de la nation\",\"@id\":\"https:\/\/lavoixdelanation.tg\/#\/schema\/person\/6c489293aa38053673a9e554acb6e224\"},\"headline\":\"Conf\u00e9rence sur la dette : Le choix de Lom\u00e9 salu\u00e9 par l\u2019Union Africaine\",\"datePublished\":\"2025-05-13T15:52:52+00:00\",\"mainEntityOfPage\":{\"@id\":\"https:\/\/lavoixdelanation.tg\/index.php\/2025\/05\/13\/conference-sur-la-dette-le-choix-de-lome-salue-par-lunion-africaine\/\"},\"wordCount\":512,\"commentCount\":0,\"publisher\":{\"@id\":\"https:\/\/lavoixdelanation.tg\/#organization\"},\"image\":{\"@id\":\"https:\/\/lavoixdelanation.tg\/index.php\/2025\/05\/13\/conference-sur-la-dette-le-choix-de-lome-salue-par-lunion-africaine\/#primaryimage\"},\"thumbnailUrl\":\"https:\/\/lavoixdelanation.tg\/wp-content\/uploads\/2025\/05\/Faure-Gnassingbe-avec-Moses-Vilakazi-a-Lome.jpg\",\"keywords\":[\"dette publique\",\"Faure Gnassingb\u00e9\",\"Togo\",\"Union africaine\"],\"articleSection\":[\"Diplomatie\"],\"inLanguage\":\"fr-FR\",\"potentialAction\":[{\"@type\":\"CommentAction\",\"name\":\"Comment\",\"target\":[\"https:\/\/lavoixdelanation.tg\/index.php\/2025\/05\/13\/conference-sur-la-dette-le-choix-de-lome-salue-par-lunion-africaine\/#respond\"]}]},{\"@type\":\"WebPage\",\"@id\":\"https:\/\/lavoixdelanation.tg\/index.php\/2025\/05\/13\/conference-sur-la-dette-le-choix-de-lome-salue-par-lunion-africaine\/\",\"url\":\"https:\/\/lavoixdelanation.tg\/index.php\/2025\/05\/13\/conference-sur-la-dette-le-choix-de-lome-salue-par-lunion-africaine\/\",\"name\":\"Conf\u00e9rence sur la dette : Le choix de Lom\u00e9 salu\u00e9 par l\u2019Union Africaine - La Voix de la Nation\",\"isPartOf\":{\"@id\":\"https:\/\/lavoixdelanation.tg\/#website\"},\"primaryImageOfPage\":{\"@id\":\"https:\/\/lavoixdelanation.tg\/index.php\/2025\/05\/13\/conference-sur-la-dette-le-choix-de-lome-salue-par-lunion-africaine\/#primaryimage\"},\"image\":{\"@id\":\"https:\/\/lavoixdelanation.tg\/index.php\/2025\/05\/13\/conference-sur-la-dette-le-choix-de-lome-salue-par-lunion-africaine\/#primaryimage\"},\"thumbnailUrl\":\"https:\/\/lavoixdelanation.tg\/wp-content\/uploads\/2025\/05\/Faure-Gnassingbe-avec-Moses-Vilakazi-a-Lome.jpg\",\"datePublished\":\"2025-05-13T15:52:52+00:00\",\"breadcrumb\":{\"@id\":\"https:\/\/lavoixdelanation.tg\/index.php\/2025\/05\/13\/conference-sur-la-dette-le-choix-de-lome-salue-par-lunion-africaine\/#breadcrumb\"},\"inLanguage\":\"fr-FR\",\"potentialAction\":[{\"@type\":\"ReadAction\",\"target\":[\"https:\/\/lavoixdelanation.tg\/index.php\/2025\/05\/13\/conference-sur-la-dette-le-choix-de-lome-salue-par-lunion-africaine\/\"]}]},{\"@type\":\"ImageObject\",\"inLanguage\":\"fr-FR\",\"@id\":\"https:\/\/lavoixdelanation.tg\/index.php\/2025\/05\/13\/conference-sur-la-dette-le-choix-de-lome-salue-par-lunion-africaine\/#primaryimage\",\"url\":\"https:\/\/lavoixdelanation.tg\/wp-content\/uploads\/2025\/05\/Faure-Gnassingbe-avec-Moses-Vilakazi-a-Lome.jpg\",\"contentUrl\":\"https:\/\/lavoixdelanation.tg\/wp-content\/uploads\/2025\/05\/Faure-Gnassingbe-avec-Moses-Vilakazi-a-Lome.jpg\",\"width\":550,\"height\":381,\"caption\":\"Faure Gnassingb\u00e9 avec Moses Vilakazi \u00e0 Lom\u00e9\"},{\"@type\":\"BreadcrumbList\",\"@id\":\"https:\/\/lavoixdelanation.tg\/index.php\/2025\/05\/13\/conference-sur-la-dette-le-choix-de-lome-salue-par-lunion-africaine\/#breadcrumb\",\"itemListElement\":[{\"@type\":\"ListItem\",\"position\":1,\"name\":\"Accueil\",\"item\":\"https:\/\/lavoixdelanation.tg\/\"},{\"@type\":\"ListItem\",\"position\":2,\"name\":\"Conf\u00e9rence sur la dette : Le choix de Lom\u00e9 salu\u00e9 par l\u2019Union Africaine\"}]},{\"@type\":\"WebSite\",\"@id\":\"https:\/\/lavoixdelanation.tg\/#website\",\"url\":\"https:\/\/lavoixdelanation.tg\/\",\"name\":\"La Voix de la Nation\",\"description\":\"R\u00e9c\u00e9piss\u00e9 n\u00b00108\/HAAC\/01-2024\/pl\/P\",\"publisher\":{\"@id\":\"https:\/\/lavoixdelanation.tg\/#organization\"},\"alternateName\":\"VON\",\"potentialAction\":[{\"@type\":\"SearchAction\",\"target\":{\"@type\":\"EntryPoint\",\"urlTemplate\":\"https:\/\/lavoixdelanation.tg\/?s={search_term_string}\"},\"query-input\":{\"@type\":\"PropertyValueSpecification\",\"valueRequired\":true,\"valueName\":\"search_term_string\"}}],\"inLanguage\":\"fr-FR\"},{\"@type\":\"Organization\",\"@id\":\"https:\/\/lavoixdelanation.tg\/#organization\",\"name\":\"La Voix de la Nation\",\"url\":\"https:\/\/lavoixdelanation.tg\/\",\"logo\":{\"@type\":\"ImageObject\",\"inLanguage\":\"fr-FR\",\"@id\":\"https:\/\/lavoixdelanation.tg\/#\/schema\/logo\/image\/\",\"url\":\"https:\/\/lavoixdelanation.tg\/wp-content\/uploads\/2024\/12\/lavn-1.png\",\"contentUrl\":\"https:\/\/lavoixdelanation.tg\/wp-content\/uploads\/2024\/12\/lavn-1.png\",\"width\":1024,\"height\":464,\"caption\":\"La Voix de la Nation\"},\"image\":{\"@id\":\"https:\/\/lavoixdelanation.tg\/#\/schema\/logo\/image\/\"},\"sameAs\":[\"https:\/\/www.facebook.com\/lavoixdelanation\"]},{\"@type\":\"Person\",\"@id\":\"https:\/\/lavoixdelanation.tg\/#\/schema\/person\/6c489293aa38053673a9e554acb6e224\",\"name\":\"La voix de la nation\",\"image\":{\"@type\":\"ImageObject\",\"inLanguage\":\"fr-FR\",\"@id\":\"https:\/\/lavoixdelanation.tg\/#\/schema\/person\/image\/\",\"url\":\"https:\/\/secure.gravatar.com\/avatar\/8aa135d4bbc794494cecaa8d483f6d6cc1023624868deaff686baed5e727a5a1?s=96&d=mm&r=g\",\"contentUrl\":\"https:\/\/secure.gravatar.com\/avatar\/8aa135d4bbc794494cecaa8d483f6d6cc1023624868deaff686baed5e727a5a1?s=96&d=mm&r=g\",\"caption\":\"La voix de la nation\"},\"sameAs\":[\"https:\/\/lavoixdelanation.tg\"],\"url\":\"https:\/\/lavoixdelanation.tg\/index.php\/author\/lavn\/\"}]}<\/script>\n<!-- \/ Yoast SEO plugin. -->","yoast_head_json":{"title":"Conf\u00e9rence sur la dette : Le choix de Lom\u00e9 salu\u00e9 par l\u2019Union Africaine - La Voix de la Nation","robots":{"index":"index","follow":"follow","max-snippet":"max-snippet:-1","max-image-preview":"max-image-preview:large","max-video-preview":"max-video-preview:-1"},"canonical":"https:\/\/lavoixdelanation.tg\/index.php\/2025\/05\/13\/conference-sur-la-dette-le-choix-de-lome-salue-par-lunion-africaine\/","og_locale":"fr_FR","og_type":"article","og_title":"Conf\u00e9rence sur la dette : Le choix de Lom\u00e9 salu\u00e9 par l\u2019Union Africaine - La Voix de la Nation","og_description":"Lom\u00e9 la capitale togolaise accueille depuis ce 12 mai 2025, la premi\u00e8re \u00e9dition de la Conf\u00e9rence de l\u2019Union africaine sur la dette publique plac\u00e9e sous le th\u00e8me \u00ab l\u2019agenda africain&hellip;","og_url":"https:\/\/lavoixdelanation.tg\/index.php\/2025\/05\/13\/conference-sur-la-dette-le-choix-de-lome-salue-par-lunion-africaine\/","og_site_name":"La Voix de la Nation","article_publisher":"https:\/\/www.facebook.com\/lavoixdelanation","article_published_time":"2025-05-13T15:52:52+00:00","og_image":[{"width":550,"height":381,"url":"https:\/\/lavoixdelanation.tg\/wp-content\/uploads\/2025\/05\/Faure-Gnassingbe-avec-Moses-Vilakazi-a-Lome.jpg","type":"image\/jpeg"}],"author":"La voix de la nation","twitter_card":"summary_large_image","twitter_misc":{"\u00c9crit par":"La voix de la nation","Dur\u00e9e de lecture estim\u00e9e":"3 minutes"},"schema":{"@context":"https:\/\/schema.org","@graph":[{"@type":"Article","@id":"https:\/\/lavoixdelanation.tg\/index.php\/2025\/05\/13\/conference-sur-la-dette-le-choix-de-lome-salue-par-lunion-africaine\/#article","isPartOf":{"@id":"https:\/\/lavoixdelanation.tg\/index.php\/2025\/05\/13\/conference-sur-la-dette-le-choix-de-lome-salue-par-lunion-africaine\/"},"author":{"name":"La voix de la nation","@id":"https:\/\/lavoixdelanation.tg\/#\/schema\/person\/6c489293aa38053673a9e554acb6e224"},"headline":"Conf\u00e9rence sur la dette : Le choix de Lom\u00e9 salu\u00e9 par l\u2019Union Africaine","datePublished":"2025-05-13T15:52:52+00:00","mainEntityOfPage":{"@id":"https:\/\/lavoixdelanation.tg\/index.php\/2025\/05\/13\/conference-sur-la-dette-le-choix-de-lome-salue-par-lunion-africaine\/"},"wordCount":512,"commentCount":0,"publisher":{"@id":"https:\/\/lavoixdelanation.tg\/#organization"},"image":{"@id":"https:\/\/lavoixdelanation.tg\/index.php\/2025\/05\/13\/conference-sur-la-dette-le-choix-de-lome-salue-par-lunion-africaine\/#primaryimage"},"thumbnailUrl":"https:\/\/lavoixdelanation.tg\/wp-content\/uploads\/2025\/05\/Faure-Gnassingbe-avec-Moses-Vilakazi-a-Lome.jpg","keywords":["dette publique","Faure Gnassingb\u00e9","Togo","Union africaine"],"articleSection":["Diplomatie"],"inLanguage":"fr-FR","potentialAction":[{"@type":"CommentAction","name":"Comment","target":["https:\/\/lavoixdelanation.tg\/index.php\/2025\/05\/13\/conference-sur-la-dette-le-choix-de-lome-salue-par-lunion-africaine\/#respond"]}]},{"@type":"WebPage","@id":"https:\/\/lavoixdelanation.tg\/index.php\/2025\/05\/13\/conference-sur-la-dette-le-choix-de-lome-salue-par-lunion-africaine\/","url":"https:\/\/lavoixdelanation.tg\/index.php\/2025\/05\/13\/conference-sur-la-dette-le-choix-de-lome-salue-par-lunion-africaine\/","name":"Conf\u00e9rence sur la dette : Le choix de Lom\u00e9 salu\u00e9 par l\u2019Union Africaine - La Voix de la Nation","isPartOf":{"@id":"https:\/\/lavoixdelanation.tg\/#website"},"primaryImageOfPage":{"@id":"https:\/\/lavoixdelanation.tg\/index.php\/2025\/05\/13\/conference-sur-la-dette-le-choix-de-lome-salue-par-lunion-africaine\/#primaryimage"},"image":{"@id":"https:\/\/lavoixdelanation.tg\/index.php\/2025\/05\/13\/conference-sur-la-dette-le-choix-de-lome-salue-par-lunion-africaine\/#primaryimage"},"thumbnailUrl":"https:\/\/lavoixdelanation.tg\/wp-content\/uploads\/2025\/05\/Faure-Gnassingbe-avec-Moses-Vilakazi-a-Lome.jpg","datePublished":"2025-05-13T15:52:52+00:00","breadcrumb":{"@id":"https:\/\/lavoixdelanation.tg\/index.php\/2025\/05\/13\/conference-sur-la-dette-le-choix-de-lome-salue-par-lunion-africaine\/#breadcrumb"},"inLanguage":"fr-FR","potentialAction":[{"@type":"ReadAction","target":["https:\/\/lavoixdelanation.tg\/index.php\/2025\/05\/13\/conference-sur-la-dette-le-choix-de-lome-salue-par-lunion-africaine\/"]}]},{"@type":"ImageObject","inLanguage":"fr-FR","@id":"https:\/\/lavoixdelanation.tg\/index.php\/2025\/05\/13\/conference-sur-la-dette-le-choix-de-lome-salue-par-lunion-africaine\/#primaryimage","url":"https:\/\/lavoixdelanation.tg\/wp-content\/uploads\/2025\/05\/Faure-Gnassingbe-avec-Moses-Vilakazi-a-Lome.jpg","contentUrl":"https:\/\/lavoixdelanation.tg\/wp-content\/uploads\/2025\/05\/Faure-Gnassingbe-avec-Moses-Vilakazi-a-Lome.jpg","width":550,"height":381,"caption":"Faure Gnassingb\u00e9 avec Moses Vilakazi \u00e0 Lom\u00e9"},{"@type":"BreadcrumbList","@id":"https:\/\/lavoixdelanation.tg\/index.php\/2025\/05\/13\/conference-sur-la-dette-le-choix-de-lome-salue-par-lunion-africaine\/#breadcrumb","itemListElement":[{"@type":"ListItem","position":1,"name":"Accueil","item":"https:\/\/lavoixdelanation.tg\/"},{"@type":"ListItem","position":2,"name":"Conf\u00e9rence sur la dette : Le choix de Lom\u00e9 salu\u00e9 par l\u2019Union Africaine"}]},{"@type":"WebSite","@id":"https:\/\/lavoixdelanation.tg\/#website","url":"https:\/\/lavoixdelanation.tg\/","name":"La Voix de la Nation","description":"R\u00e9c\u00e9piss\u00e9 n\u00b00108\/HAAC\/01-2024\/pl\/P","publisher":{"@id":"https:\/\/lavoixdelanation.tg\/#organization"},"alternateName":"VON","potentialAction":[{"@type":"SearchAction","target":{"@type":"EntryPoint","urlTemplate":"https:\/\/lavoixdelanation.tg\/?s={search_term_string}"},"query-input":{"@type":"PropertyValueSpecification","valueRequired":true,"valueName":"search_term_string"}}],"inLanguage":"fr-FR"},{"@type":"Organization","@id":"https:\/\/lavoixdelanation.tg\/#organization","name":"La Voix de la Nation","url":"https:\/\/lavoixdelanation.tg\/","logo":{"@type":"ImageObject","inLanguage":"fr-FR","@id":"https:\/\/lavoixdelanation.tg\/#\/schema\/logo\/image\/","url":"https:\/\/lavoixdelanation.tg\/wp-content\/uploads\/2024\/12\/lavn-1.png","contentUrl":"https:\/\/lavoixdelanation.tg\/wp-content\/uploads\/2024\/12\/lavn-1.png","width":1024,"height":464,"caption":"La Voix de la Nation"},"image":{"@id":"https:\/\/lavoixdelanation.tg\/#\/schema\/logo\/image\/"},"sameAs":["https:\/\/www.facebook.com\/lavoixdelanation"]},{"@type":"Person","@id":"https:\/\/lavoixdelanation.tg\/#\/schema\/person\/6c489293aa38053673a9e554acb6e224","name":"La voix de la nation","image":{"@type":"ImageObject","inLanguage":"fr-FR","@id":"https:\/\/lavoixdelanation.tg\/#\/schema\/person\/image\/","url":"https:\/\/secure.gravatar.com\/avatar\/8aa135d4bbc794494cecaa8d483f6d6cc1023624868deaff686baed5e727a5a1?s=96&d=mm&r=g","contentUrl":"https:\/\/secure.gravatar.com\/avatar\/8aa135d4bbc794494cecaa8d483f6d6cc1023624868deaff686baed5e727a5a1?s=96&d=mm&r=g","caption":"La voix de la nation"},"sameAs":["https:\/\/lavoixdelanation.tg"],"url":"https:\/\/lavoixdelanation.tg\/index.php\/author\/lavn\/"}]}},"_links":{"self":[{"href":"https:\/\/lavoixdelanation.tg\/index.php\/wp-json\/wp\/v2\/posts\/2861","targetHints":{"allow":["GET"]}}],"collection":[{"href":"https:\/\/lavoixdelanation.tg\/index.php\/wp-json\/wp\/v2\/posts"}],"about":[{"href":"https:\/\/lavoixdelanation.tg\/index.php\/wp-json\/wp\/v2\/types\/post"}],"author":[{"embeddable":true,"href":"https:\/\/lavoixdelanation.tg\/index.php\/wp-json\/wp\/v2\/users\/1"}],"replies":[{"embeddable":true,"href":"https:\/\/lavoixdelanation.tg\/index.php\/wp-json\/wp\/v2\/comments?post=2861"}],"version-history":[{"count":1,"href":"https:\/\/lavoixdelanation.tg\/index.php\/wp-json\/wp\/v2\/posts\/2861\/revisions"}],"predecessor-version":[{"id":2864,"href":"https:\/\/lavoixdelanation.tg\/index.php\/wp-json\/wp\/v2\/posts\/2861\/revisions\/2864"}],"wp:featuredmedia":[{"embeddable":true,"href":"https:\/\/lavoixdelanation.tg\/index.php\/wp-json\/wp\/v2\/media\/2862"}],"wp:attachment":[{"href":"https:\/\/lavoixdelanation.tg\/index.php\/wp-json\/wp\/v2\/media?parent=2861"}],"wp:term":[{"taxonomy":"category","embeddable":true,"href":"https:\/\/lavoixdelanation.tg\/index.php\/wp-json\/wp\/v2\/categories?post=2861"},{"taxonomy":"post_tag","embeddable":true,"href":"https:\/\/lavoixdelanation.tg\/index.php\/wp-json\/wp\/v2\/tags?post=2861"}],"curies":[{"name":"wp","href":"https:\/\/api.w.org\/{rel}","templated":true}]}}