{"id":2852,"date":"2025-05-12T23:59:00","date_gmt":"2025-05-12T21:59:00","guid":{"rendered":"https:\/\/lavoixdelanation.tg\/?p=2852"},"modified":"2025-05-13T12:09:25","modified_gmt":"2025-05-13T10:09:25","slug":"les-pays-africains-a-lome-pour-des-mecanismes-innovants-de-gestion-de-la-dette-publique","status":"publish","type":"post","link":"https:\/\/lavoixdelanation.tg\/index.php\/2025\/05\/12\/les-pays-africains-a-lome-pour-des-mecanismes-innovants-de-gestion-de-la-dette-publique\/","title":{"rendered":"Les pays africains \u00e0 Lom\u00e9 pour des m\u00e9canismes innovants de gestion de la dette publique"},"content":{"rendered":"\n<p><strong>Les travaux de la premi\u00e8re conf\u00e9rence de l\u2019Union africaine sur la dette publique se sont ouverts ce lundi 12 mai 2025 \u00e0 Lom\u00e9.<\/strong><\/p>\n\n\n\n<p>Plac\u00e9e sous le th\u00e8me \u00ab l\u2019agenda africain de gestion de la dette publique : restaurer et pr\u00e9server la viabilit\u00e9 de la dette \u00bb, cette initiative conjointe de l\u2019Union africaine et du Togo, se pr\u00e9sente comme un cadre strat\u00e9gique consacr\u00e9e aux m\u00e9canismes innovants de gestion de la dette publique en Afrique.<\/p>\n\n\n\n<p>C\u2019est le Pr\u00e9sident du Conseil, Faure Gnassingb\u00e9, qui a pr\u00e9sid\u00e9 les travaux de cette conf\u00e9rence en pr\u00e9sence du Pr\u00e9sident ghan\u00e9en John Dramani Mahama et le Pr\u00e9sident zambien Hakainde Hichilema par visioconf\u00e9rence, et de plusieurs autres personnalit\u00e9s du monde \u00e9conomique et financier.<\/p>\n\n\n\n<p>Dans leurs interventions, les pr\u00e9sidents ghan\u00e9en et zambien ont salu\u00e9 la pertinence de cette conf\u00e9rence, et remerci\u00e9 le Togo pour l\u2019accueil de cette tribune de r\u00e9flexions.<\/p>\n\n\n\n<p>Hakainde Hichilema a notamment soulign\u00e9 l\u2019importance pour l\u2019Afrique de faire entendre sa voix sur les enjeux cruciaux \u00e0 travers des r\u00e9formes adapt\u00e9es.<\/p>\n\n\n\n<figure class=\"wp-block-image size-full is-resized\"><img loading=\"lazy\" decoding=\"async\" width=\"700\" height=\"353\" src=\"https:\/\/lavoixdelanation.tg\/wp-content\/uploads\/2025\/05\/Conference-sur-la-dette-publique-a-Lome-au-Togo.jpeg\" alt=\"\" class=\"wp-image-2854\" style=\"width:840px;height:auto\" srcset=\"https:\/\/lavoixdelanation.tg\/wp-content\/uploads\/2025\/05\/Conference-sur-la-dette-publique-a-Lome-au-Togo.jpeg 700w, https:\/\/lavoixdelanation.tg\/wp-content\/uploads\/2025\/05\/Conference-sur-la-dette-publique-a-Lome-au-Togo-300x151.jpeg 300w\" sizes=\"auto, (max-width: 700px) 100vw, 700px\" \/><\/figure>\n\n\n\n<p>Le Pr\u00e9sident du Conseil des ministres a relev\u00e9 que la dette en Afrique est une crise silencieuse, mais structurelle, pr\u00e9cisant que \u00ab&nbsp;le surendettement africain n\u2019est plus un risque : il est une r\u00e9alit\u00e9 quotidienne&nbsp;\u00bb, et que \u00ab&nbsp;plus de vingt pays africains sont aujourd\u2019hui en situation de d\u00e9tresse ou \u00e0 haut risque&nbsp;\u00bb.<\/p>\n\n\n\n<p>Faure Gnassingb\u00e9 a \u00e0 cet effet estim\u00e9 que \u00ab&nbsp;l\u2019Afrique a besoin d\u2019une nouvelle doctrine sur la dette. Une doctrine o\u00f9 l\u2019endettement n\u2019est pas consid\u00e9r\u00e9 comme un mal en soi, mais comme un outil de transformation, \u00e0 condition d\u2019\u00eatre bien utilis\u00e9 et bien encadr\u00e9&nbsp;\u00bb.<\/p>\n\n\n\n<p>\u00ab&nbsp;Nous ne pouvons plus accepter que nos \u00c9tats soient \u00e9valu\u00e9s uniquement \u00e0 travers la taille de leur d\u00e9ficit, et sans tenir compte des efforts r\u00e9alis\u00e9s pour pr\u00e9parer l\u2019avenir&nbsp;\u00bb, a-t-il martel\u00e9.<\/p>\n\n\n\n<p>Il a fait un plaidoyer pour une refondation des r\u00e8gles de financement international, au service d\u2019une Afrique souveraine, solidaire et strat\u00e8ge.<\/p>\n\n\n\n<p>Faure Gnassingb\u00e9 a partag\u00e9 \u00e0 cet effet, une r\u00e9flexion \u00e0 travers cinq observations portant notamment sur le risque de surendettement devenu une crise silencieuse mais structurelle sur la doctrine africaine de la dette publique, sur la trilogie paix-s\u00e9curit\u00e9-endettement, l\u2019investissement dans la stabilit\u00e9 globale et sur une strat\u00e9gie africaine collective de la dette.<\/p>\n\n\n\n<p>Il a invit\u00e9 les \u00c9tats africains et les partenaires au d\u00e9veloppement \u00e0 faire de cette conf\u00e9rence le point de d\u00e9part d\u2019un agenda africain pour la souverainet\u00e9 budg\u00e9taire, la transformation \u00e9conomique et la justice internationale.<\/p>\n\n\n\n<p>Pendant trois (03) jours, les travaux seront meubl\u00e9s de sessions sur diverses th\u00e9matiques et offriront aux repr\u00e9sentants des pays africains une plateforme de partage des exp\u00e9riences nationales en vue de l\u2019adoption d\u2019une position africaine commune \u00e0 travers la D\u00e9claration de Lom\u00e9.<\/p>\n\n\n\n<p><strong>David S.<\/strong><\/p>\n","protected":false},"excerpt":{"rendered":"<p>Les travaux de la premi\u00e8re conf\u00e9rence de l\u2019Union africaine sur la dette publique se sont ouverts ce lundi 12 mai 2025 \u00e0 Lom\u00e9. Plac\u00e9e sous le th\u00e8me \u00ab l\u2019agenda africain&hellip; <\/p>\n","protected":false},"author":1,"featured_media":2853,"comment_status":"open","ping_status":"open","sticky":false,"template":"","format":"standard","meta":{"footnotes":""},"categories":[8],"tags":[664,45,39,163],"class_list":["post-2852","post","type-post","status-publish","format-standard","has-post-thumbnail","hentry","category-economie","tag-dette-publique","tag-faure-gnassingbe","tag-togo","tag-union-africaine"],"yoast_head":"<!-- This site is optimized with the Yoast SEO plugin v26.4 - https:\/\/yoast.com\/wordpress\/plugins\/seo\/ -->\n<title>Les pays africains \u00e0 Lom\u00e9 pour des m\u00e9canismes innovants de gestion de la dette publique - La Voix de la Nation<\/title>\n<meta name=\"description\" content=\"Les travaux de la premi\u00e8re conf\u00e9rence de l\u2019Union africaine sur la dette publique se sont ouverts ce lundi 12 mai 2025 \u00e0 Lom\u00e9.\" \/>\n<meta name=\"robots\" content=\"index, follow, max-snippet:-1, max-image-preview:large, max-video-preview:-1\" \/>\n<link rel=\"canonical\" href=\"https:\/\/lavoixdelanation.tg\/index.php\/2025\/05\/12\/les-pays-africains-a-lome-pour-des-mecanismes-innovants-de-gestion-de-la-dette-publique\/\" \/>\n<meta property=\"og:locale\" content=\"fr_FR\" \/>\n<meta property=\"og:type\" content=\"article\" \/>\n<meta property=\"og:title\" content=\"Les pays africains \u00e0 Lom\u00e9 pour des m\u00e9canismes innovants de gestion de la dette publique - La Voix de la Nation\" \/>\n<meta property=\"og:description\" content=\"Les travaux de la premi\u00e8re conf\u00e9rence de l\u2019Union africaine sur la dette publique se sont ouverts ce lundi 12 mai 2025 \u00e0 Lom\u00e9.\" \/>\n<meta property=\"og:url\" content=\"https:\/\/lavoixdelanation.tg\/index.php\/2025\/05\/12\/les-pays-africains-a-lome-pour-des-mecanismes-innovants-de-gestion-de-la-dette-publique\/\" \/>\n<meta property=\"og:site_name\" content=\"La Voix de la Nation\" \/>\n<meta property=\"article:publisher\" content=\"https:\/\/www.facebook.com\/lavoixdelanation\" \/>\n<meta property=\"article:published_time\" content=\"2025-05-12T21:59:00+00:00\" \/>\n<meta property=\"article:modified_time\" content=\"2025-05-13T10:09:25+00:00\" \/>\n<meta property=\"og:image\" content=\"https:\/\/lavoixdelanation.tg\/wp-content\/uploads\/2025\/05\/Conference-sur-la-dette-publique-a-Lome.jpeg\" \/>\n\t<meta property=\"og:image:width\" content=\"650\" \/>\n\t<meta property=\"og:image:height\" content=\"468\" \/>\n\t<meta property=\"og:image:type\" content=\"image\/jpeg\" \/>\n<meta name=\"author\" content=\"La voix de la nation\" \/>\n<meta name=\"twitter:card\" content=\"summary_large_image\" \/>\n<meta name=\"twitter:label1\" content=\"\u00c9crit par\" \/>\n\t<meta name=\"twitter:data1\" content=\"La voix de la nation\" \/>\n\t<meta name=\"twitter:label2\" content=\"Dur\u00e9e de lecture estim\u00e9e\" \/>\n\t<meta name=\"twitter:data2\" content=\"3 minutes\" \/>\n<script type=\"application\/ld+json\" class=\"yoast-schema-graph\">{\"@context\":\"https:\/\/schema.org\",\"@graph\":[{\"@type\":\"Article\",\"@id\":\"https:\/\/lavoixdelanation.tg\/index.php\/2025\/05\/12\/les-pays-africains-a-lome-pour-des-mecanismes-innovants-de-gestion-de-la-dette-publique\/#article\",\"isPartOf\":{\"@id\":\"https:\/\/lavoixdelanation.tg\/index.php\/2025\/05\/12\/les-pays-africains-a-lome-pour-des-mecanismes-innovants-de-gestion-de-la-dette-publique\/\"},\"author\":{\"name\":\"La voix de la nation\",\"@id\":\"https:\/\/lavoixdelanation.tg\/#\/schema\/person\/6c489293aa38053673a9e554acb6e224\"},\"headline\":\"Les pays africains \u00e0 Lom\u00e9 pour des m\u00e9canismes innovants de gestion de la dette publique\",\"datePublished\":\"2025-05-12T21:59:00+00:00\",\"dateModified\":\"2025-05-13T10:09:25+00:00\",\"mainEntityOfPage\":{\"@id\":\"https:\/\/lavoixdelanation.tg\/index.php\/2025\/05\/12\/les-pays-africains-a-lome-pour-des-mecanismes-innovants-de-gestion-de-la-dette-publique\/\"},\"wordCount\":511,\"commentCount\":0,\"publisher\":{\"@id\":\"https:\/\/lavoixdelanation.tg\/#organization\"},\"image\":{\"@id\":\"https:\/\/lavoixdelanation.tg\/index.php\/2025\/05\/12\/les-pays-africains-a-lome-pour-des-mecanismes-innovants-de-gestion-de-la-dette-publique\/#primaryimage\"},\"thumbnailUrl\":\"https:\/\/lavoixdelanation.tg\/wp-content\/uploads\/2025\/05\/Conference-sur-la-dette-publique-a-Lome.jpeg\",\"keywords\":[\"dette publique\",\"Faure Gnassingb\u00e9\",\"Togo\",\"Union africaine\"],\"articleSection\":[\"Economie\"],\"inLanguage\":\"fr-FR\",\"potentialAction\":[{\"@type\":\"CommentAction\",\"name\":\"Comment\",\"target\":[\"https:\/\/lavoixdelanation.tg\/index.php\/2025\/05\/12\/les-pays-africains-a-lome-pour-des-mecanismes-innovants-de-gestion-de-la-dette-publique\/#respond\"]}]},{\"@type\":\"WebPage\",\"@id\":\"https:\/\/lavoixdelanation.tg\/index.php\/2025\/05\/12\/les-pays-africains-a-lome-pour-des-mecanismes-innovants-de-gestion-de-la-dette-publique\/\",\"url\":\"https:\/\/lavoixdelanation.tg\/index.php\/2025\/05\/12\/les-pays-africains-a-lome-pour-des-mecanismes-innovants-de-gestion-de-la-dette-publique\/\",\"name\":\"Les pays africains \u00e0 Lom\u00e9 pour des m\u00e9canismes innovants de gestion de la dette publique - La Voix de la Nation\",\"isPartOf\":{\"@id\":\"https:\/\/lavoixdelanation.tg\/#website\"},\"primaryImageOfPage\":{\"@id\":\"https:\/\/lavoixdelanation.tg\/index.php\/2025\/05\/12\/les-pays-africains-a-lome-pour-des-mecanismes-innovants-de-gestion-de-la-dette-publique\/#primaryimage\"},\"image\":{\"@id\":\"https:\/\/lavoixdelanation.tg\/index.php\/2025\/05\/12\/les-pays-africains-a-lome-pour-des-mecanismes-innovants-de-gestion-de-la-dette-publique\/#primaryimage\"},\"thumbnailUrl\":\"https:\/\/lavoixdelanation.tg\/wp-content\/uploads\/2025\/05\/Conference-sur-la-dette-publique-a-Lome.jpeg\",\"datePublished\":\"2025-05-12T21:59:00+00:00\",\"dateModified\":\"2025-05-13T10:09:25+00:00\",\"description\":\"Les travaux de la premi\u00e8re conf\u00e9rence de l\u2019Union africaine sur la dette publique se sont ouverts ce lundi 12 mai 2025 \u00e0 Lom\u00e9.\",\"breadcrumb\":{\"@id\":\"https:\/\/lavoixdelanation.tg\/index.php\/2025\/05\/12\/les-pays-africains-a-lome-pour-des-mecanismes-innovants-de-gestion-de-la-dette-publique\/#breadcrumb\"},\"inLanguage\":\"fr-FR\",\"potentialAction\":[{\"@type\":\"ReadAction\",\"target\":[\"https:\/\/lavoixdelanation.tg\/index.php\/2025\/05\/12\/les-pays-africains-a-lome-pour-des-mecanismes-innovants-de-gestion-de-la-dette-publique\/\"]}]},{\"@type\":\"ImageObject\",\"inLanguage\":\"fr-FR\",\"@id\":\"https:\/\/lavoixdelanation.tg\/index.php\/2025\/05\/12\/les-pays-africains-a-lome-pour-des-mecanismes-innovants-de-gestion-de-la-dette-publique\/#primaryimage\",\"url\":\"https:\/\/lavoixdelanation.tg\/wp-content\/uploads\/2025\/05\/Conference-sur-la-dette-publique-a-Lome.jpeg\",\"contentUrl\":\"https:\/\/lavoixdelanation.tg\/wp-content\/uploads\/2025\/05\/Conference-sur-la-dette-publique-a-Lome.jpeg\",\"width\":650,\"height\":468},{\"@type\":\"BreadcrumbList\",\"@id\":\"https:\/\/lavoixdelanation.tg\/index.php\/2025\/05\/12\/les-pays-africains-a-lome-pour-des-mecanismes-innovants-de-gestion-de-la-dette-publique\/#breadcrumb\",\"itemListElement\":[{\"@type\":\"ListItem\",\"position\":1,\"name\":\"Accueil\",\"item\":\"https:\/\/lavoixdelanation.tg\/\"},{\"@type\":\"ListItem\",\"position\":2,\"name\":\"Les pays africains \u00e0 Lom\u00e9 pour des m\u00e9canismes innovants de gestion de la dette publique\"}]},{\"@type\":\"WebSite\",\"@id\":\"https:\/\/lavoixdelanation.tg\/#website\",\"url\":\"https:\/\/lavoixdelanation.tg\/\",\"name\":\"La Voix de la Nation\",\"description\":\"R\u00e9c\u00e9piss\u00e9 n\u00b00108\/HAAC\/01-2024\/pl\/P\",\"publisher\":{\"@id\":\"https:\/\/lavoixdelanation.tg\/#organization\"},\"alternateName\":\"VON\",\"potentialAction\":[{\"@type\":\"SearchAction\",\"target\":{\"@type\":\"EntryPoint\",\"urlTemplate\":\"https:\/\/lavoixdelanation.tg\/?s={search_term_string}\"},\"query-input\":{\"@type\":\"PropertyValueSpecification\",\"valueRequired\":true,\"valueName\":\"search_term_string\"}}],\"inLanguage\":\"fr-FR\"},{\"@type\":\"Organization\",\"@id\":\"https:\/\/lavoixdelanation.tg\/#organization\",\"name\":\"La Voix de la Nation\",\"url\":\"https:\/\/lavoixdelanation.tg\/\",\"logo\":{\"@type\":\"ImageObject\",\"inLanguage\":\"fr-FR\",\"@id\":\"https:\/\/lavoixdelanation.tg\/#\/schema\/logo\/image\/\",\"url\":\"https:\/\/lavoixdelanation.tg\/wp-content\/uploads\/2024\/12\/lavn-1.png\",\"contentUrl\":\"https:\/\/lavoixdelanation.tg\/wp-content\/uploads\/2024\/12\/lavn-1.png\",\"width\":1024,\"height\":464,\"caption\":\"La Voix de la Nation\"},\"image\":{\"@id\":\"https:\/\/lavoixdelanation.tg\/#\/schema\/logo\/image\/\"},\"sameAs\":[\"https:\/\/www.facebook.com\/lavoixdelanation\"]},{\"@type\":\"Person\",\"@id\":\"https:\/\/lavoixdelanation.tg\/#\/schema\/person\/6c489293aa38053673a9e554acb6e224\",\"name\":\"La voix de la nation\",\"image\":{\"@type\":\"ImageObject\",\"inLanguage\":\"fr-FR\",\"@id\":\"https:\/\/lavoixdelanation.tg\/#\/schema\/person\/image\/\",\"url\":\"https:\/\/secure.gravatar.com\/avatar\/8aa135d4bbc794494cecaa8d483f6d6cc1023624868deaff686baed5e727a5a1?s=96&d=mm&r=g\",\"contentUrl\":\"https:\/\/secure.gravatar.com\/avatar\/8aa135d4bbc794494cecaa8d483f6d6cc1023624868deaff686baed5e727a5a1?s=96&d=mm&r=g\",\"caption\":\"La voix de la nation\"},\"sameAs\":[\"https:\/\/lavoixdelanation.tg\"],\"url\":\"https:\/\/lavoixdelanation.tg\/index.php\/author\/lavn\/\"}]}<\/script>\n<!-- \/ Yoast SEO plugin. -->","yoast_head_json":{"title":"Les pays africains \u00e0 Lom\u00e9 pour des m\u00e9canismes innovants de gestion de la dette publique - La Voix de la Nation","description":"Les travaux de la premi\u00e8re conf\u00e9rence de l\u2019Union africaine sur la dette publique se sont ouverts ce lundi 12 mai 2025 \u00e0 Lom\u00e9.","robots":{"index":"index","follow":"follow","max-snippet":"max-snippet:-1","max-image-preview":"max-image-preview:large","max-video-preview":"max-video-preview:-1"},"canonical":"https:\/\/lavoixdelanation.tg\/index.php\/2025\/05\/12\/les-pays-africains-a-lome-pour-des-mecanismes-innovants-de-gestion-de-la-dette-publique\/","og_locale":"fr_FR","og_type":"article","og_title":"Les pays africains \u00e0 Lom\u00e9 pour des m\u00e9canismes innovants de gestion de la dette publique - La Voix de la Nation","og_description":"Les travaux de la premi\u00e8re conf\u00e9rence de l\u2019Union africaine sur la dette publique se sont ouverts ce lundi 12 mai 2025 \u00e0 Lom\u00e9.","og_url":"https:\/\/lavoixdelanation.tg\/index.php\/2025\/05\/12\/les-pays-africains-a-lome-pour-des-mecanismes-innovants-de-gestion-de-la-dette-publique\/","og_site_name":"La Voix de la Nation","article_publisher":"https:\/\/www.facebook.com\/lavoixdelanation","article_published_time":"2025-05-12T21:59:00+00:00","article_modified_time":"2025-05-13T10:09:25+00:00","og_image":[{"width":650,"height":468,"url":"https:\/\/lavoixdelanation.tg\/wp-content\/uploads\/2025\/05\/Conference-sur-la-dette-publique-a-Lome.jpeg","type":"image\/jpeg"}],"author":"La voix de la nation","twitter_card":"summary_large_image","twitter_misc":{"\u00c9crit par":"La voix de la nation","Dur\u00e9e de lecture estim\u00e9e":"3 minutes"},"schema":{"@context":"https:\/\/schema.org","@graph":[{"@type":"Article","@id":"https:\/\/lavoixdelanation.tg\/index.php\/2025\/05\/12\/les-pays-africains-a-lome-pour-des-mecanismes-innovants-de-gestion-de-la-dette-publique\/#article","isPartOf":{"@id":"https:\/\/lavoixdelanation.tg\/index.php\/2025\/05\/12\/les-pays-africains-a-lome-pour-des-mecanismes-innovants-de-gestion-de-la-dette-publique\/"},"author":{"name":"La voix de la nation","@id":"https:\/\/lavoixdelanation.tg\/#\/schema\/person\/6c489293aa38053673a9e554acb6e224"},"headline":"Les pays africains \u00e0 Lom\u00e9 pour des m\u00e9canismes innovants de gestion de la dette publique","datePublished":"2025-05-12T21:59:00+00:00","dateModified":"2025-05-13T10:09:25+00:00","mainEntityOfPage":{"@id":"https:\/\/lavoixdelanation.tg\/index.php\/2025\/05\/12\/les-pays-africains-a-lome-pour-des-mecanismes-innovants-de-gestion-de-la-dette-publique\/"},"wordCount":511,"commentCount":0,"publisher":{"@id":"https:\/\/lavoixdelanation.tg\/#organization"},"image":{"@id":"https:\/\/lavoixdelanation.tg\/index.php\/2025\/05\/12\/les-pays-africains-a-lome-pour-des-mecanismes-innovants-de-gestion-de-la-dette-publique\/#primaryimage"},"thumbnailUrl":"https:\/\/lavoixdelanation.tg\/wp-content\/uploads\/2025\/05\/Conference-sur-la-dette-publique-a-Lome.jpeg","keywords":["dette publique","Faure Gnassingb\u00e9","Togo","Union africaine"],"articleSection":["Economie"],"inLanguage":"fr-FR","potentialAction":[{"@type":"CommentAction","name":"Comment","target":["https:\/\/lavoixdelanation.tg\/index.php\/2025\/05\/12\/les-pays-africains-a-lome-pour-des-mecanismes-innovants-de-gestion-de-la-dette-publique\/#respond"]}]},{"@type":"WebPage","@id":"https:\/\/lavoixdelanation.tg\/index.php\/2025\/05\/12\/les-pays-africains-a-lome-pour-des-mecanismes-innovants-de-gestion-de-la-dette-publique\/","url":"https:\/\/lavoixdelanation.tg\/index.php\/2025\/05\/12\/les-pays-africains-a-lome-pour-des-mecanismes-innovants-de-gestion-de-la-dette-publique\/","name":"Les pays africains \u00e0 Lom\u00e9 pour des m\u00e9canismes innovants de gestion de la dette publique - La Voix de la Nation","isPartOf":{"@id":"https:\/\/lavoixdelanation.tg\/#website"},"primaryImageOfPage":{"@id":"https:\/\/lavoixdelanation.tg\/index.php\/2025\/05\/12\/les-pays-africains-a-lome-pour-des-mecanismes-innovants-de-gestion-de-la-dette-publique\/#primaryimage"},"image":{"@id":"https:\/\/lavoixdelanation.tg\/index.php\/2025\/05\/12\/les-pays-africains-a-lome-pour-des-mecanismes-innovants-de-gestion-de-la-dette-publique\/#primaryimage"},"thumbnailUrl":"https:\/\/lavoixdelanation.tg\/wp-content\/uploads\/2025\/05\/Conference-sur-la-dette-publique-a-Lome.jpeg","datePublished":"2025-05-12T21:59:00+00:00","dateModified":"2025-05-13T10:09:25+00:00","description":"Les travaux de la premi\u00e8re conf\u00e9rence de l\u2019Union africaine sur la dette publique se sont ouverts ce lundi 12 mai 2025 \u00e0 Lom\u00e9.","breadcrumb":{"@id":"https:\/\/lavoixdelanation.tg\/index.php\/2025\/05\/12\/les-pays-africains-a-lome-pour-des-mecanismes-innovants-de-gestion-de-la-dette-publique\/#breadcrumb"},"inLanguage":"fr-FR","potentialAction":[{"@type":"ReadAction","target":["https:\/\/lavoixdelanation.tg\/index.php\/2025\/05\/12\/les-pays-africains-a-lome-pour-des-mecanismes-innovants-de-gestion-de-la-dette-publique\/"]}]},{"@type":"ImageObject","inLanguage":"fr-FR","@id":"https:\/\/lavoixdelanation.tg\/index.php\/2025\/05\/12\/les-pays-africains-a-lome-pour-des-mecanismes-innovants-de-gestion-de-la-dette-publique\/#primaryimage","url":"https:\/\/lavoixdelanation.tg\/wp-content\/uploads\/2025\/05\/Conference-sur-la-dette-publique-a-Lome.jpeg","contentUrl":"https:\/\/lavoixdelanation.tg\/wp-content\/uploads\/2025\/05\/Conference-sur-la-dette-publique-a-Lome.jpeg","width":650,"height":468},{"@type":"BreadcrumbList","@id":"https:\/\/lavoixdelanation.tg\/index.php\/2025\/05\/12\/les-pays-africains-a-lome-pour-des-mecanismes-innovants-de-gestion-de-la-dette-publique\/#breadcrumb","itemListElement":[{"@type":"ListItem","position":1,"name":"Accueil","item":"https:\/\/lavoixdelanation.tg\/"},{"@type":"ListItem","position":2,"name":"Les pays africains \u00e0 Lom\u00e9 pour des m\u00e9canismes innovants de gestion de la dette publique"}]},{"@type":"WebSite","@id":"https:\/\/lavoixdelanation.tg\/#website","url":"https:\/\/lavoixdelanation.tg\/","name":"La Voix de la Nation","description":"R\u00e9c\u00e9piss\u00e9 n\u00b00108\/HAAC\/01-2024\/pl\/P","publisher":{"@id":"https:\/\/lavoixdelanation.tg\/#organization"},"alternateName":"VON","potentialAction":[{"@type":"SearchAction","target":{"@type":"EntryPoint","urlTemplate":"https:\/\/lavoixdelanation.tg\/?s={search_term_string}"},"query-input":{"@type":"PropertyValueSpecification","valueRequired":true,"valueName":"search_term_string"}}],"inLanguage":"fr-FR"},{"@type":"Organization","@id":"https:\/\/lavoixdelanation.tg\/#organization","name":"La Voix de la Nation","url":"https:\/\/lavoixdelanation.tg\/","logo":{"@type":"ImageObject","inLanguage":"fr-FR","@id":"https:\/\/lavoixdelanation.tg\/#\/schema\/logo\/image\/","url":"https:\/\/lavoixdelanation.tg\/wp-content\/uploads\/2024\/12\/lavn-1.png","contentUrl":"https:\/\/lavoixdelanation.tg\/wp-content\/uploads\/2024\/12\/lavn-1.png","width":1024,"height":464,"caption":"La Voix de la Nation"},"image":{"@id":"https:\/\/lavoixdelanation.tg\/#\/schema\/logo\/image\/"},"sameAs":["https:\/\/www.facebook.com\/lavoixdelanation"]},{"@type":"Person","@id":"https:\/\/lavoixdelanation.tg\/#\/schema\/person\/6c489293aa38053673a9e554acb6e224","name":"La voix de la nation","image":{"@type":"ImageObject","inLanguage":"fr-FR","@id":"https:\/\/lavoixdelanation.tg\/#\/schema\/person\/image\/","url":"https:\/\/secure.gravatar.com\/avatar\/8aa135d4bbc794494cecaa8d483f6d6cc1023624868deaff686baed5e727a5a1?s=96&d=mm&r=g","contentUrl":"https:\/\/secure.gravatar.com\/avatar\/8aa135d4bbc794494cecaa8d483f6d6cc1023624868deaff686baed5e727a5a1?s=96&d=mm&r=g","caption":"La voix de la nation"},"sameAs":["https:\/\/lavoixdelanation.tg"],"url":"https:\/\/lavoixdelanation.tg\/index.php\/author\/lavn\/"}]}},"_links":{"self":[{"href":"https:\/\/lavoixdelanation.tg\/index.php\/wp-json\/wp\/v2\/posts\/2852","targetHints":{"allow":["GET"]}}],"collection":[{"href":"https:\/\/lavoixdelanation.tg\/index.php\/wp-json\/wp\/v2\/posts"}],"about":[{"href":"https:\/\/lavoixdelanation.tg\/index.php\/wp-json\/wp\/v2\/types\/post"}],"author":[{"embeddable":true,"href":"https:\/\/lavoixdelanation.tg\/index.php\/wp-json\/wp\/v2\/users\/1"}],"replies":[{"embeddable":true,"href":"https:\/\/lavoixdelanation.tg\/index.php\/wp-json\/wp\/v2\/comments?post=2852"}],"version-history":[{"count":2,"href":"https:\/\/lavoixdelanation.tg\/index.php\/wp-json\/wp\/v2\/posts\/2852\/revisions"}],"predecessor-version":[{"id":2856,"href":"https:\/\/lavoixdelanation.tg\/index.php\/wp-json\/wp\/v2\/posts\/2852\/revisions\/2856"}],"wp:featuredmedia":[{"embeddable":true,"href":"https:\/\/lavoixdelanation.tg\/index.php\/wp-json\/wp\/v2\/media\/2853"}],"wp:attachment":[{"href":"https:\/\/lavoixdelanation.tg\/index.php\/wp-json\/wp\/v2\/media?parent=2852"}],"wp:term":[{"taxonomy":"category","embeddable":true,"href":"https:\/\/lavoixdelanation.tg\/index.php\/wp-json\/wp\/v2\/categories?post=2852"},{"taxonomy":"post_tag","embeddable":true,"href":"https:\/\/lavoixdelanation.tg\/index.php\/wp-json\/wp\/v2\/tags?post=2852"}],"curies":[{"name":"wp","href":"https:\/\/api.w.org\/{rel}","templated":true}]}}