{"id":2800,"date":"2025-05-06T21:07:00","date_gmt":"2025-05-06T19:07:00","guid":{"rendered":"https:\/\/lavoixdelanation.tg\/?p=2800"},"modified":"2025-05-07T03:09:46","modified_gmt":"2025-05-07T01:09:46","slug":"une-importante-delegation-de-la-banque-mondiale-recue-par-faure-gnassingbe-a-lome","status":"publish","type":"post","link":"https:\/\/lavoixdelanation.tg\/index.php\/2025\/05\/06\/une-importante-delegation-de-la-banque-mondiale-recue-par-faure-gnassingbe-a-lome\/","title":{"rendered":"Une importante d\u00e9l\u00e9gation de la Banque mondiale re\u00e7ue par Faure Gnassingb\u00e9 \u00e0 Lom\u00e9"},"content":{"rendered":"\n<p><strong>Le Pr\u00e9sident du Conseil, Faure Gnassingb\u00e9 a re\u00e7u ce 6 mai 2025 \u00e0 Lom\u00e9, une importante d\u00e9l\u00e9gation de la Banque mondiale compos\u00e9e de trois vice-pr\u00e9sidents de l\u2019institution.<\/strong><\/p>\n\n\n\n<p>Il s\u2019agit notamment du vice-pr\u00e9sident pour l\u2019Afrique de l\u2019ouest et du centre Ousmane Diagana, du premier vice-pr\u00e9sident, \u00e9conomiste en chef Indermit Gill, et du vice-pr\u00e9sident de la Soci\u00e9t\u00e9 financi\u00e8re internationale (SFI) pour l\u2019Afrique, Ethiopis Tafara.<\/p>\n\n\n\n<p>Conduite par Ousmane Diagana, la d\u00e9l\u00e9gation s\u00e9journe \u00e0 Lom\u00e9 dans le cadre de l\u2019atelier r\u00e9gional Africa WBG LEADS sur l\u2019\u00e9valuation de l\u2019impact des projets de d\u00e9veloppement financ\u00e9s par la Banque mondiale en Afrique de l\u2019Ouest et du Centre.<\/p>\n\n\n\n<p>Selon une note de la Pr\u00e9sidence du Conseil, les entretiens ont essentiellement port\u00e9 sur le partenariat entre le Togo et la Banque mondiale ainsi que sur les perspectives de coop\u00e9ration.<\/p>\n\n\n\n<p>L\u2019on apprend \u00e0 cet effet que le Pr\u00e9sident du Conseil a partag\u00e9 avec la d\u00e9l\u00e9gation, la strat\u00e9gie pour acc\u00e9l\u00e9rer la croissance \u00e9conomique du Togo bas\u00e9e essentiellement sur trois leviers que sont la mobilisation des investissements priv\u00e9s domestique et directs \u00e9trangers, l\u2019am\u00e9lioration de la gestion de l\u2019administration publique et les investissements publics dans les secteurs, notamment sociaux, la sant\u00e9 et l\u2019\u00e9ducation.<\/p>\n\n\n\n<figure class=\"wp-block-image size-large\"><img loading=\"lazy\" decoding=\"async\" width=\"1024\" height=\"625\" src=\"https:\/\/lavoixdelanation.tg\/wp-content\/uploads\/2025\/05\/Une-delegation-de-la-Banque-mondiale-chez-Faure-Gnassingbe-1024x625.jpg\" alt=\"\" class=\"wp-image-2802\" srcset=\"https:\/\/lavoixdelanation.tg\/wp-content\/uploads\/2025\/05\/Une-delegation-de-la-Banque-mondiale-chez-Faure-Gnassingbe-1024x625.jpg 1024w, https:\/\/lavoixdelanation.tg\/wp-content\/uploads\/2025\/05\/Une-delegation-de-la-Banque-mondiale-chez-Faure-Gnassingbe-300x183.jpg 300w, https:\/\/lavoixdelanation.tg\/wp-content\/uploads\/2025\/05\/Une-delegation-de-la-Banque-mondiale-chez-Faure-Gnassingbe-768x469.jpg 768w, https:\/\/lavoixdelanation.tg\/wp-content\/uploads\/2025\/05\/Une-delegation-de-la-Banque-mondiale-chez-Faure-Gnassingbe-1536x938.jpg 1536w, https:\/\/lavoixdelanation.tg\/wp-content\/uploads\/2025\/05\/Une-delegation-de-la-Banque-mondiale-chez-Faure-Gnassingbe.jpg 1600w\" sizes=\"auto, (max-width: 1024px) 100vw, 1024px\" \/><\/figure>\n\n\n\n<p>Le premier vice-pr\u00e9sident et \u00e9conomiste en chef s\u2019est f\u00e9licit\u00e9 des nouvelles orientations du Pr\u00e9sident du Conseil. Indermit Gill a salu\u00e9 les efforts du Togo pour assurer la croissance \u00e9conomique du pays, malgr\u00e9 les tensions inflationnistes mondiales.<\/p>\n\n\n\n<p>\u00ab Le contexte global \u00e9conomique est tr\u00e8s incertain mais je suis ressorti de cette audience tr\u00e8s optimiste, car nous avons discut\u00e9 des possibilit\u00e9s pour le Togo de pouvoir avoir une \u00e9conomie qui cro\u00eet au-del\u00e0 de 6 ou 7% \u00bb, a-t-il indiqu\u00e9.<\/p>\n\n\n\n<p>Les \u00e9changes ont \u00e9galement port\u00e9 sur d\u2019autres sujets \u00e0 savoir l\u2019alignement des projets et programmes de la Banque mondiale sur le plan de d\u00e9veloppement du Togo.<\/p>\n\n\n\n<p>Le Pr\u00e9sident de la SFI a r\u00e9affirm\u00e9 sa volont\u00e9 de renforcer son accompagnement \u00e0 notre pays notamment dans le financement du secteur priv\u00e9.<\/p>\n\n\n\n<p>\u00ab J\u2019\u00e9tais vraiment tr\u00e8s impressionn\u00e9 par la vision du Pr\u00e9sident du Conseil. Nous avons discut\u00e9 de l\u2019alignement de ce qu\u2019on fait \u00e0 la SFI sur le plan de d\u00e9veloppement du pays. Nous allons renforcer nos actions dans les secteurs de cha\u00eenes de valeur agricole, du num\u00e9rique, du financement des PME et du transport et de la logistique. Nous avons des perspectives pour le pays et je suis tr\u00e8s content de l\u2019audience \u00bb a pr\u00e9cis\u00e9 Tafara.<\/p>\n","protected":false},"excerpt":{"rendered":"<p>Le Pr\u00e9sident du Conseil, Faure Gnassingb\u00e9 a re\u00e7u ce 6 mai 2025 \u00e0 Lom\u00e9, une importante d\u00e9l\u00e9gation de la Banque mondiale compos\u00e9e de trois vice-pr\u00e9sidents de l\u2019institution. Il s\u2019agit notamment&hellip; <\/p>\n","protected":false},"author":1,"featured_media":2801,"comment_status":"open","ping_status":"open","sticky":false,"template":"","format":"standard","meta":{"footnotes":""},"categories":[8],"tags":[],"class_list":["post-2800","post","type-post","status-publish","format-standard","has-post-thumbnail","hentry","category-economie"],"yoast_head":"<!-- This site is optimized with the Yoast SEO plugin v26.4 - https:\/\/yoast.com\/wordpress\/plugins\/seo\/ -->\n<title>Une importante d\u00e9l\u00e9gation de la Banque mondiale re\u00e7ue par Faure Gnassingb\u00e9 \u00e0 Lom\u00e9 - La Voix de la Nation<\/title>\n<meta name=\"robots\" content=\"index, follow, max-snippet:-1, max-image-preview:large, max-video-preview:-1\" \/>\n<link rel=\"canonical\" href=\"https:\/\/lavoixdelanation.tg\/index.php\/2025\/05\/06\/une-importante-delegation-de-la-banque-mondiale-recue-par-faure-gnassingbe-a-lome\/\" \/>\n<meta property=\"og:locale\" content=\"fr_FR\" \/>\n<meta property=\"og:type\" content=\"article\" \/>\n<meta property=\"og:title\" content=\"Une importante d\u00e9l\u00e9gation de la Banque mondiale re\u00e7ue par Faure Gnassingb\u00e9 \u00e0 Lom\u00e9 - La Voix de la Nation\" \/>\n<meta property=\"og:description\" content=\"Le Pr\u00e9sident du Conseil, Faure Gnassingb\u00e9 a re\u00e7u ce 6 mai 2025 \u00e0 Lom\u00e9, une importante d\u00e9l\u00e9gation de la Banque mondiale compos\u00e9e de trois vice-pr\u00e9sidents de l\u2019institution. Il s\u2019agit notamment&hellip;\" \/>\n<meta property=\"og:url\" content=\"https:\/\/lavoixdelanation.tg\/index.php\/2025\/05\/06\/une-importante-delegation-de-la-banque-mondiale-recue-par-faure-gnassingbe-a-lome\/\" \/>\n<meta property=\"og:site_name\" content=\"La Voix de la Nation\" \/>\n<meta property=\"article:publisher\" content=\"https:\/\/www.facebook.com\/lavoixdelanation\" \/>\n<meta property=\"article:published_time\" content=\"2025-05-06T19:07:00+00:00\" \/>\n<meta property=\"article:modified_time\" content=\"2025-05-07T01:09:46+00:00\" \/>\n<meta property=\"og:image\" content=\"https:\/\/lavoixdelanation.tg\/wp-content\/uploads\/2025\/05\/Faure-Gnassingbe-avec-Ousmane-Diagana-a-Lome.jpg\" \/>\n\t<meta property=\"og:image:width\" content=\"650\" \/>\n\t<meta property=\"og:image:height\" content=\"397\" \/>\n\t<meta property=\"og:image:type\" content=\"image\/jpeg\" \/>\n<meta name=\"author\" content=\"La voix de la nation\" \/>\n<meta name=\"twitter:card\" content=\"summary_large_image\" \/>\n<meta name=\"twitter:label1\" content=\"\u00c9crit par\" \/>\n\t<meta name=\"twitter:data1\" content=\"La voix de la nation\" \/>\n\t<meta name=\"twitter:label2\" content=\"Dur\u00e9e de lecture estim\u00e9e\" \/>\n\t<meta name=\"twitter:data2\" content=\"3 minutes\" \/>\n<script type=\"application\/ld+json\" class=\"yoast-schema-graph\">{\"@context\":\"https:\/\/schema.org\",\"@graph\":[{\"@type\":\"Article\",\"@id\":\"https:\/\/lavoixdelanation.tg\/index.php\/2025\/05\/06\/une-importante-delegation-de-la-banque-mondiale-recue-par-faure-gnassingbe-a-lome\/#article\",\"isPartOf\":{\"@id\":\"https:\/\/lavoixdelanation.tg\/index.php\/2025\/05\/06\/une-importante-delegation-de-la-banque-mondiale-recue-par-faure-gnassingbe-a-lome\/\"},\"author\":{\"name\":\"La voix de la nation\",\"@id\":\"https:\/\/lavoixdelanation.tg\/#\/schema\/person\/6c489293aa38053673a9e554acb6e224\"},\"headline\":\"Une importante d\u00e9l\u00e9gation de la Banque mondiale re\u00e7ue par Faure Gnassingb\u00e9 \u00e0 Lom\u00e9\",\"datePublished\":\"2025-05-06T19:07:00+00:00\",\"dateModified\":\"2025-05-07T01:09:46+00:00\",\"mainEntityOfPage\":{\"@id\":\"https:\/\/lavoixdelanation.tg\/index.php\/2025\/05\/06\/une-importante-delegation-de-la-banque-mondiale-recue-par-faure-gnassingbe-a-lome\/\"},\"wordCount\":457,\"commentCount\":0,\"publisher\":{\"@id\":\"https:\/\/lavoixdelanation.tg\/#organization\"},\"image\":{\"@id\":\"https:\/\/lavoixdelanation.tg\/index.php\/2025\/05\/06\/une-importante-delegation-de-la-banque-mondiale-recue-par-faure-gnassingbe-a-lome\/#primaryimage\"},\"thumbnailUrl\":\"https:\/\/lavoixdelanation.tg\/wp-content\/uploads\/2025\/05\/Faure-Gnassingbe-avec-Ousmane-Diagana-a-Lome.jpg\",\"articleSection\":[\"Economie\"],\"inLanguage\":\"fr-FR\",\"potentialAction\":[{\"@type\":\"CommentAction\",\"name\":\"Comment\",\"target\":[\"https:\/\/lavoixdelanation.tg\/index.php\/2025\/05\/06\/une-importante-delegation-de-la-banque-mondiale-recue-par-faure-gnassingbe-a-lome\/#respond\"]}]},{\"@type\":\"WebPage\",\"@id\":\"https:\/\/lavoixdelanation.tg\/index.php\/2025\/05\/06\/une-importante-delegation-de-la-banque-mondiale-recue-par-faure-gnassingbe-a-lome\/\",\"url\":\"https:\/\/lavoixdelanation.tg\/index.php\/2025\/05\/06\/une-importante-delegation-de-la-banque-mondiale-recue-par-faure-gnassingbe-a-lome\/\",\"name\":\"Une importante d\u00e9l\u00e9gation de la Banque mondiale re\u00e7ue par Faure Gnassingb\u00e9 \u00e0 Lom\u00e9 - La Voix de la Nation\",\"isPartOf\":{\"@id\":\"https:\/\/lavoixdelanation.tg\/#website\"},\"primaryImageOfPage\":{\"@id\":\"https:\/\/lavoixdelanation.tg\/index.php\/2025\/05\/06\/une-importante-delegation-de-la-banque-mondiale-recue-par-faure-gnassingbe-a-lome\/#primaryimage\"},\"image\":{\"@id\":\"https:\/\/lavoixdelanation.tg\/index.php\/2025\/05\/06\/une-importante-delegation-de-la-banque-mondiale-recue-par-faure-gnassingbe-a-lome\/#primaryimage\"},\"thumbnailUrl\":\"https:\/\/lavoixdelanation.tg\/wp-content\/uploads\/2025\/05\/Faure-Gnassingbe-avec-Ousmane-Diagana-a-Lome.jpg\",\"datePublished\":\"2025-05-06T19:07:00+00:00\",\"dateModified\":\"2025-05-07T01:09:46+00:00\",\"breadcrumb\":{\"@id\":\"https:\/\/lavoixdelanation.tg\/index.php\/2025\/05\/06\/une-importante-delegation-de-la-banque-mondiale-recue-par-faure-gnassingbe-a-lome\/#breadcrumb\"},\"inLanguage\":\"fr-FR\",\"potentialAction\":[{\"@type\":\"ReadAction\",\"target\":[\"https:\/\/lavoixdelanation.tg\/index.php\/2025\/05\/06\/une-importante-delegation-de-la-banque-mondiale-recue-par-faure-gnassingbe-a-lome\/\"]}]},{\"@type\":\"ImageObject\",\"inLanguage\":\"fr-FR\",\"@id\":\"https:\/\/lavoixdelanation.tg\/index.php\/2025\/05\/06\/une-importante-delegation-de-la-banque-mondiale-recue-par-faure-gnassingbe-a-lome\/#primaryimage\",\"url\":\"https:\/\/lavoixdelanation.tg\/wp-content\/uploads\/2025\/05\/Faure-Gnassingbe-avec-Ousmane-Diagana-a-Lome.jpg\",\"contentUrl\":\"https:\/\/lavoixdelanation.tg\/wp-content\/uploads\/2025\/05\/Faure-Gnassingbe-avec-Ousmane-Diagana-a-Lome.jpg\",\"width\":650,\"height\":397,\"caption\":\"Faure Gnassingb\u00e9 avec Ousmane Diagana \u00e0 Lom\u00e9\"},{\"@type\":\"BreadcrumbList\",\"@id\":\"https:\/\/lavoixdelanation.tg\/index.php\/2025\/05\/06\/une-importante-delegation-de-la-banque-mondiale-recue-par-faure-gnassingbe-a-lome\/#breadcrumb\",\"itemListElement\":[{\"@type\":\"ListItem\",\"position\":1,\"name\":\"Accueil\",\"item\":\"https:\/\/lavoixdelanation.tg\/\"},{\"@type\":\"ListItem\",\"position\":2,\"name\":\"Une importante d\u00e9l\u00e9gation de la Banque mondiale re\u00e7ue par Faure Gnassingb\u00e9 \u00e0 Lom\u00e9\"}]},{\"@type\":\"WebSite\",\"@id\":\"https:\/\/lavoixdelanation.tg\/#website\",\"url\":\"https:\/\/lavoixdelanation.tg\/\",\"name\":\"La Voix de la Nation\",\"description\":\"R\u00e9c\u00e9piss\u00e9 n\u00b00108\/HAAC\/01-2024\/pl\/P\",\"publisher\":{\"@id\":\"https:\/\/lavoixdelanation.tg\/#organization\"},\"alternateName\":\"VON\",\"potentialAction\":[{\"@type\":\"SearchAction\",\"target\":{\"@type\":\"EntryPoint\",\"urlTemplate\":\"https:\/\/lavoixdelanation.tg\/?s={search_term_string}\"},\"query-input\":{\"@type\":\"PropertyValueSpecification\",\"valueRequired\":true,\"valueName\":\"search_term_string\"}}],\"inLanguage\":\"fr-FR\"},{\"@type\":\"Organization\",\"@id\":\"https:\/\/lavoixdelanation.tg\/#organization\",\"name\":\"La Voix de la Nation\",\"url\":\"https:\/\/lavoixdelanation.tg\/\",\"logo\":{\"@type\":\"ImageObject\",\"inLanguage\":\"fr-FR\",\"@id\":\"https:\/\/lavoixdelanation.tg\/#\/schema\/logo\/image\/\",\"url\":\"https:\/\/lavoixdelanation.tg\/wp-content\/uploads\/2024\/12\/lavn-1.png\",\"contentUrl\":\"https:\/\/lavoixdelanation.tg\/wp-content\/uploads\/2024\/12\/lavn-1.png\",\"width\":1024,\"height\":464,\"caption\":\"La Voix de la Nation\"},\"image\":{\"@id\":\"https:\/\/lavoixdelanation.tg\/#\/schema\/logo\/image\/\"},\"sameAs\":[\"https:\/\/www.facebook.com\/lavoixdelanation\"]},{\"@type\":\"Person\",\"@id\":\"https:\/\/lavoixdelanation.tg\/#\/schema\/person\/6c489293aa38053673a9e554acb6e224\",\"name\":\"La voix de la nation\",\"image\":{\"@type\":\"ImageObject\",\"inLanguage\":\"fr-FR\",\"@id\":\"https:\/\/lavoixdelanation.tg\/#\/schema\/person\/image\/\",\"url\":\"https:\/\/secure.gravatar.com\/avatar\/8aa135d4bbc794494cecaa8d483f6d6cc1023624868deaff686baed5e727a5a1?s=96&d=mm&r=g\",\"contentUrl\":\"https:\/\/secure.gravatar.com\/avatar\/8aa135d4bbc794494cecaa8d483f6d6cc1023624868deaff686baed5e727a5a1?s=96&d=mm&r=g\",\"caption\":\"La voix de la nation\"},\"sameAs\":[\"https:\/\/lavoixdelanation.tg\"],\"url\":\"https:\/\/lavoixdelanation.tg\/index.php\/author\/lavn\/\"}]}<\/script>\n<!-- \/ Yoast SEO plugin. -->","yoast_head_json":{"title":"Une importante d\u00e9l\u00e9gation de la Banque mondiale re\u00e7ue par Faure Gnassingb\u00e9 \u00e0 Lom\u00e9 - La Voix de la Nation","robots":{"index":"index","follow":"follow","max-snippet":"max-snippet:-1","max-image-preview":"max-image-preview:large","max-video-preview":"max-video-preview:-1"},"canonical":"https:\/\/lavoixdelanation.tg\/index.php\/2025\/05\/06\/une-importante-delegation-de-la-banque-mondiale-recue-par-faure-gnassingbe-a-lome\/","og_locale":"fr_FR","og_type":"article","og_title":"Une importante d\u00e9l\u00e9gation de la Banque mondiale re\u00e7ue par Faure Gnassingb\u00e9 \u00e0 Lom\u00e9 - La Voix de la Nation","og_description":"Le Pr\u00e9sident du Conseil, Faure Gnassingb\u00e9 a re\u00e7u ce 6 mai 2025 \u00e0 Lom\u00e9, une importante d\u00e9l\u00e9gation de la Banque mondiale compos\u00e9e de trois vice-pr\u00e9sidents de l\u2019institution. Il s\u2019agit notamment&hellip;","og_url":"https:\/\/lavoixdelanation.tg\/index.php\/2025\/05\/06\/une-importante-delegation-de-la-banque-mondiale-recue-par-faure-gnassingbe-a-lome\/","og_site_name":"La Voix de la Nation","article_publisher":"https:\/\/www.facebook.com\/lavoixdelanation","article_published_time":"2025-05-06T19:07:00+00:00","article_modified_time":"2025-05-07T01:09:46+00:00","og_image":[{"width":650,"height":397,"url":"https:\/\/lavoixdelanation.tg\/wp-content\/uploads\/2025\/05\/Faure-Gnassingbe-avec-Ousmane-Diagana-a-Lome.jpg","type":"image\/jpeg"}],"author":"La voix de la nation","twitter_card":"summary_large_image","twitter_misc":{"\u00c9crit par":"La voix de la nation","Dur\u00e9e de lecture estim\u00e9e":"3 minutes"},"schema":{"@context":"https:\/\/schema.org","@graph":[{"@type":"Article","@id":"https:\/\/lavoixdelanation.tg\/index.php\/2025\/05\/06\/une-importante-delegation-de-la-banque-mondiale-recue-par-faure-gnassingbe-a-lome\/#article","isPartOf":{"@id":"https:\/\/lavoixdelanation.tg\/index.php\/2025\/05\/06\/une-importante-delegation-de-la-banque-mondiale-recue-par-faure-gnassingbe-a-lome\/"},"author":{"name":"La voix de la nation","@id":"https:\/\/lavoixdelanation.tg\/#\/schema\/person\/6c489293aa38053673a9e554acb6e224"},"headline":"Une importante d\u00e9l\u00e9gation de la Banque mondiale re\u00e7ue par Faure Gnassingb\u00e9 \u00e0 Lom\u00e9","datePublished":"2025-05-06T19:07:00+00:00","dateModified":"2025-05-07T01:09:46+00:00","mainEntityOfPage":{"@id":"https:\/\/lavoixdelanation.tg\/index.php\/2025\/05\/06\/une-importante-delegation-de-la-banque-mondiale-recue-par-faure-gnassingbe-a-lome\/"},"wordCount":457,"commentCount":0,"publisher":{"@id":"https:\/\/lavoixdelanation.tg\/#organization"},"image":{"@id":"https:\/\/lavoixdelanation.tg\/index.php\/2025\/05\/06\/une-importante-delegation-de-la-banque-mondiale-recue-par-faure-gnassingbe-a-lome\/#primaryimage"},"thumbnailUrl":"https:\/\/lavoixdelanation.tg\/wp-content\/uploads\/2025\/05\/Faure-Gnassingbe-avec-Ousmane-Diagana-a-Lome.jpg","articleSection":["Economie"],"inLanguage":"fr-FR","potentialAction":[{"@type":"CommentAction","name":"Comment","target":["https:\/\/lavoixdelanation.tg\/index.php\/2025\/05\/06\/une-importante-delegation-de-la-banque-mondiale-recue-par-faure-gnassingbe-a-lome\/#respond"]}]},{"@type":"WebPage","@id":"https:\/\/lavoixdelanation.tg\/index.php\/2025\/05\/06\/une-importante-delegation-de-la-banque-mondiale-recue-par-faure-gnassingbe-a-lome\/","url":"https:\/\/lavoixdelanation.tg\/index.php\/2025\/05\/06\/une-importante-delegation-de-la-banque-mondiale-recue-par-faure-gnassingbe-a-lome\/","name":"Une importante d\u00e9l\u00e9gation de la Banque mondiale re\u00e7ue par Faure Gnassingb\u00e9 \u00e0 Lom\u00e9 - La Voix de la Nation","isPartOf":{"@id":"https:\/\/lavoixdelanation.tg\/#website"},"primaryImageOfPage":{"@id":"https:\/\/lavoixdelanation.tg\/index.php\/2025\/05\/06\/une-importante-delegation-de-la-banque-mondiale-recue-par-faure-gnassingbe-a-lome\/#primaryimage"},"image":{"@id":"https:\/\/lavoixdelanation.tg\/index.php\/2025\/05\/06\/une-importante-delegation-de-la-banque-mondiale-recue-par-faure-gnassingbe-a-lome\/#primaryimage"},"thumbnailUrl":"https:\/\/lavoixdelanation.tg\/wp-content\/uploads\/2025\/05\/Faure-Gnassingbe-avec-Ousmane-Diagana-a-Lome.jpg","datePublished":"2025-05-06T19:07:00+00:00","dateModified":"2025-05-07T01:09:46+00:00","breadcrumb":{"@id":"https:\/\/lavoixdelanation.tg\/index.php\/2025\/05\/06\/une-importante-delegation-de-la-banque-mondiale-recue-par-faure-gnassingbe-a-lome\/#breadcrumb"},"inLanguage":"fr-FR","potentialAction":[{"@type":"ReadAction","target":["https:\/\/lavoixdelanation.tg\/index.php\/2025\/05\/06\/une-importante-delegation-de-la-banque-mondiale-recue-par-faure-gnassingbe-a-lome\/"]}]},{"@type":"ImageObject","inLanguage":"fr-FR","@id":"https:\/\/lavoixdelanation.tg\/index.php\/2025\/05\/06\/une-importante-delegation-de-la-banque-mondiale-recue-par-faure-gnassingbe-a-lome\/#primaryimage","url":"https:\/\/lavoixdelanation.tg\/wp-content\/uploads\/2025\/05\/Faure-Gnassingbe-avec-Ousmane-Diagana-a-Lome.jpg","contentUrl":"https:\/\/lavoixdelanation.tg\/wp-content\/uploads\/2025\/05\/Faure-Gnassingbe-avec-Ousmane-Diagana-a-Lome.jpg","width":650,"height":397,"caption":"Faure Gnassingb\u00e9 avec Ousmane Diagana \u00e0 Lom\u00e9"},{"@type":"BreadcrumbList","@id":"https:\/\/lavoixdelanation.tg\/index.php\/2025\/05\/06\/une-importante-delegation-de-la-banque-mondiale-recue-par-faure-gnassingbe-a-lome\/#breadcrumb","itemListElement":[{"@type":"ListItem","position":1,"name":"Accueil","item":"https:\/\/lavoixdelanation.tg\/"},{"@type":"ListItem","position":2,"name":"Une importante d\u00e9l\u00e9gation de la Banque mondiale re\u00e7ue par Faure Gnassingb\u00e9 \u00e0 Lom\u00e9"}]},{"@type":"WebSite","@id":"https:\/\/lavoixdelanation.tg\/#website","url":"https:\/\/lavoixdelanation.tg\/","name":"La Voix de la Nation","description":"R\u00e9c\u00e9piss\u00e9 n\u00b00108\/HAAC\/01-2024\/pl\/P","publisher":{"@id":"https:\/\/lavoixdelanation.tg\/#organization"},"alternateName":"VON","potentialAction":[{"@type":"SearchAction","target":{"@type":"EntryPoint","urlTemplate":"https:\/\/lavoixdelanation.tg\/?s={search_term_string}"},"query-input":{"@type":"PropertyValueSpecification","valueRequired":true,"valueName":"search_term_string"}}],"inLanguage":"fr-FR"},{"@type":"Organization","@id":"https:\/\/lavoixdelanation.tg\/#organization","name":"La Voix de la Nation","url":"https:\/\/lavoixdelanation.tg\/","logo":{"@type":"ImageObject","inLanguage":"fr-FR","@id":"https:\/\/lavoixdelanation.tg\/#\/schema\/logo\/image\/","url":"https:\/\/lavoixdelanation.tg\/wp-content\/uploads\/2024\/12\/lavn-1.png","contentUrl":"https:\/\/lavoixdelanation.tg\/wp-content\/uploads\/2024\/12\/lavn-1.png","width":1024,"height":464,"caption":"La Voix de la Nation"},"image":{"@id":"https:\/\/lavoixdelanation.tg\/#\/schema\/logo\/image\/"},"sameAs":["https:\/\/www.facebook.com\/lavoixdelanation"]},{"@type":"Person","@id":"https:\/\/lavoixdelanation.tg\/#\/schema\/person\/6c489293aa38053673a9e554acb6e224","name":"La voix de la nation","image":{"@type":"ImageObject","inLanguage":"fr-FR","@id":"https:\/\/lavoixdelanation.tg\/#\/schema\/person\/image\/","url":"https:\/\/secure.gravatar.com\/avatar\/8aa135d4bbc794494cecaa8d483f6d6cc1023624868deaff686baed5e727a5a1?s=96&d=mm&r=g","contentUrl":"https:\/\/secure.gravatar.com\/avatar\/8aa135d4bbc794494cecaa8d483f6d6cc1023624868deaff686baed5e727a5a1?s=96&d=mm&r=g","caption":"La voix de la nation"},"sameAs":["https:\/\/lavoixdelanation.tg"],"url":"https:\/\/lavoixdelanation.tg\/index.php\/author\/lavn\/"}]}},"_links":{"self":[{"href":"https:\/\/lavoixdelanation.tg\/index.php\/wp-json\/wp\/v2\/posts\/2800","targetHints":{"allow":["GET"]}}],"collection":[{"href":"https:\/\/lavoixdelanation.tg\/index.php\/wp-json\/wp\/v2\/posts"}],"about":[{"href":"https:\/\/lavoixdelanation.tg\/index.php\/wp-json\/wp\/v2\/types\/post"}],"author":[{"embeddable":true,"href":"https:\/\/lavoixdelanation.tg\/index.php\/wp-json\/wp\/v2\/users\/1"}],"replies":[{"embeddable":true,"href":"https:\/\/lavoixdelanation.tg\/index.php\/wp-json\/wp\/v2\/comments?post=2800"}],"version-history":[{"count":1,"href":"https:\/\/lavoixdelanation.tg\/index.php\/wp-json\/wp\/v2\/posts\/2800\/revisions"}],"predecessor-version":[{"id":2803,"href":"https:\/\/lavoixdelanation.tg\/index.php\/wp-json\/wp\/v2\/posts\/2800\/revisions\/2803"}],"wp:featuredmedia":[{"embeddable":true,"href":"https:\/\/lavoixdelanation.tg\/index.php\/wp-json\/wp\/v2\/media\/2801"}],"wp:attachment":[{"href":"https:\/\/lavoixdelanation.tg\/index.php\/wp-json\/wp\/v2\/media?parent=2800"}],"wp:term":[{"taxonomy":"category","embeddable":true,"href":"https:\/\/lavoixdelanation.tg\/index.php\/wp-json\/wp\/v2\/categories?post=2800"},{"taxonomy":"post_tag","embeddable":true,"href":"https:\/\/lavoixdelanation.tg\/index.php\/wp-json\/wp\/v2\/tags?post=2800"}],"curies":[{"name":"wp","href":"https:\/\/api.w.org\/{rel}","templated":true}]}}