{"id":2768,"date":"2025-05-02T17:33:45","date_gmt":"2025-05-02T15:33:45","guid":{"rendered":"https:\/\/lavoixdelanation.tg\/?p=2768"},"modified":"2025-05-02T17:33:46","modified_gmt":"2025-05-02T15:33:46","slug":"togo-la-fete-du-travail-celebree-avec-eclat-a-la-presidence-de-la-republique","status":"publish","type":"post","link":"https:\/\/lavoixdelanation.tg\/index.php\/2025\/05\/02\/togo-la-fete-du-travail-celebree-avec-eclat-a-la-presidence-de-la-republique\/","title":{"rendered":"Togo\u00a0: La f\u00eate du travail c\u00e9l\u00e9br\u00e9e avec \u00e9clat \u00e0 la Pr\u00e9sidence de la R\u00e9publique"},"content":{"rendered":"\n<p><strong>Le personnel de la Pr\u00e9sidence de la R\u00e9publique du Togo a c\u00e9l\u00e9br\u00e9 avec \u00e9clat ce 1er mai 2025, la f\u00eate des travailleurs sur fond d\u2019hommage au chef de l\u2019\u00c9tat Faure Gnassingb\u00e9.<\/strong><\/p>\n\n\n\n<p>Sous le signe de la fraternit\u00e9, de la reconnaissance et de r\u00e9flexion, la f\u00eate a \u00e9t\u00e9 une occasion de retrouvailles et de communion entre les collaborateurs directs du Pr\u00e9sident de la R\u00e9publique.<\/p>\n\n\n\n<p>Elle a \u00e9t\u00e9 marqu\u00e9e par une c\u00e9r\u00e9monie de remise de distinction aux agents admis \u00e0 la retraite, le message du Porte-parole du personnel et l\u2019intervention de Madame le ministre, Secr\u00e9taire g\u00e9n\u00e9ral de la Pr\u00e9sidence de la R\u00e9publique Mme Sandra Johnson qui avait \u00e0 ses c\u00f4t\u00e9s, ses coll\u00e8gues ministres \u00e0 la Pr\u00e9sidence Pascal Bodjona, Edem Kokou Tengu\u00e9 et Agn\u00e8s Eho-Johnsosn.<\/p>\n\n\n\n<p>Pour Mme Sandra Johnson, cette c\u00e9l\u00e9bration, au-del\u00e0 de son caract\u00e8re festif, traduit la reconnaissance du r\u00f4le essentiel des travailleurs dans l\u2019architecture sociale et \u00e9conomique du Togo.<\/p>\n\n\n\n<figure class=\"wp-block-image size-large\"><img loading=\"lazy\" decoding=\"async\" width=\"1024\" height=\"683\" src=\"https:\/\/lavoixdelanation.tg\/wp-content\/uploads\/2025\/05\/1er-mai-a-la-Presidence-Togolaise-du-Togo-1024x683.jpg\" alt=\"\" class=\"wp-image-2772\" srcset=\"https:\/\/lavoixdelanation.tg\/wp-content\/uploads\/2025\/05\/1er-mai-a-la-Presidence-Togolaise-du-Togo-1024x683.jpg 1024w, https:\/\/lavoixdelanation.tg\/wp-content\/uploads\/2025\/05\/1er-mai-a-la-Presidence-Togolaise-du-Togo-300x200.jpg 300w, https:\/\/lavoixdelanation.tg\/wp-content\/uploads\/2025\/05\/1er-mai-a-la-Presidence-Togolaise-du-Togo-768x512.jpg 768w, https:\/\/lavoixdelanation.tg\/wp-content\/uploads\/2025\/05\/1er-mai-a-la-Presidence-Togolaise-du-Togo-1536x1024.jpg 1536w, https:\/\/lavoixdelanation.tg\/wp-content\/uploads\/2025\/05\/1er-mai-a-la-Presidence-Togolaise-du-Togo.jpg 1600w\" sizes=\"auto, (max-width: 1024px) 100vw, 1024px\" \/><\/figure>\n\n\n\n<p>Elle a invit\u00e9 chaque fonctionnaire de la Pr\u00e9sidence de la R\u00e9publique \u00e0 consid\u00e9rer cette journ\u00e9e comme un rappel du r\u00f4le d\u00e9terminant des travailleurs dans la construction de la nation.<\/p>\n\n\n\n<p class=\"has-text-align-center\"><strong>Hommage au chef de l\u2019Etat<\/strong><\/p>\n\n\n\n<p>La Secr\u00e9taire g\u00e9n\u00e9rale de la Pr\u00e9science de la R\u00e9publique a saisi l\u2019occasion pour rendre un hommage appuy\u00e9 au chef de l\u2019\u00c9tat pour sa politique sociale, soulignant plusieurs actions majeures entreprises en faveur des travailleurs togolais au cours des douze derniers mois.<\/p>\n\n\n\n<p>Au rang de ces actions figurent notamment le recrutement de plus de 3 000 jeunes dipl\u00f4m\u00e9s dans la fonction publique, la mise en \u0153uvre de l\u2019assurance maladie universelle et la digitalisation progressive de l\u2019administration publique, autant de mesures qui traduisent une volont\u00e9 ferme du chef de l\u2019Etat de b\u00e2tir une soci\u00e9t\u00e9 plus \u00e9quitable.<\/p>\n\n\n\n<p>\u00ab Je voudrais ici saluer la politique sociale du Pr\u00e9sident de la R\u00e9publique, Son Excellence Faure Essozimna Gnassingb\u00e9, gr\u00e2ce \u00e0 laquelle le bien-\u00eatre des populations togolaises en g\u00e9n\u00e9ral et celui des agents et fonctionnaires de l\u2019Etat est constamment assur\u00e9 et am\u00e9lior\u00e9 \u00bb, a-t-elle d\u00e9clar\u00e9.<\/p>\n\n\n\n<p>Secr\u00e9taire g\u00e9n\u00e9ral de la Pr\u00e9sidence de la R\u00e9publique a insist\u00e9 sur la n\u00e9cessit\u00e9 de faire \u00e9voluer la conception du travail pour mieux accompagner la politique de modernisation des services publics, dans le contexte actuel des changements institutionnels qui s\u2019op\u00e8rent actuellement dans au Togo.<\/p>\n\n\n\n<p class=\"has-text-align-center\"><strong>Hommage aux retrait\u00e9s<\/strong><\/p>\n\n\n\n<p>Un autre temp fort de cette c\u00e9l\u00e9bration a \u00e9t\u00e9 la reconnaissance accord\u00e9e aux retrait\u00e9s, invit\u00e9s d\u2019honneur de la journ\u00e9e.<\/p>\n\n\n\n<p>Mme Sandra Johnson a rappel\u00e9 que la retraite ne marque pas une fin, mais plut\u00f4t une nouvelle \u00e9tape de la vie. Elle leur a souhait\u00e9 une retraite paisible, remplie de s\u00e9r\u00e9nit\u00e9 et d\u2019activit\u00e9s personnelles \u00e9panouissantes.<\/p>\n\n\n\n<figure class=\"wp-block-image size-full\"><img loading=\"lazy\" decoding=\"async\" width=\"800\" height=\"648\" src=\"https:\/\/lavoixdelanation.tg\/wp-content\/uploads\/2025\/05\/Hommage-a-Mouzou-Aklesso-de-la-Presidence-de-la-Republique-togolaise.jpg\" alt=\"\" class=\"wp-image-2770\" srcset=\"https:\/\/lavoixdelanation.tg\/wp-content\/uploads\/2025\/05\/Hommage-a-Mouzou-Aklesso-de-la-Presidence-de-la-Republique-togolaise.jpg 800w, https:\/\/lavoixdelanation.tg\/wp-content\/uploads\/2025\/05\/Hommage-a-Mouzou-Aklesso-de-la-Presidence-de-la-Republique-togolaise-300x243.jpg 300w, https:\/\/lavoixdelanation.tg\/wp-content\/uploads\/2025\/05\/Hommage-a-Mouzou-Aklesso-de-la-Presidence-de-la-Republique-togolaise-768x622.jpg 768w\" sizes=\"auto, (max-width: 800px) 100vw, 800px\" \/><\/figure>\n\n\n\n<p>A l\u2019occasion, les agents admis \u00e0 la retraite ont re\u00e7u un troph\u00e9e, symbole de la reconnaissance de leur engagement, de leur assiduit\u00e9 et de leur loyaut\u00e9 tout au long de leur parcours \u00e0 la Pr\u00e9sidence de la R\u00e9publique. Ce geste qui selon l\u2019Institution, marque l\u2019attachement du chef de l\u2019\u00c9tat \u00e0 la valorisation des efforts fournis par les fonctionnaires tout au long de leur carri\u00e8re.<\/p>\n\n\n\n<p>Des t\u00e9moignages \u00e9mouvants ont rappel\u00e9 le professionnalisme, la rigueur et l\u2019esprit de service public de ces agents qui ont contribu\u00e9, chacun \u00e0 son niveau, au bon fonctionnement de l\u2019institution pr\u00e9sidentielle.<\/p>\n\n\n\n<p class=\"has-text-align-center\"><strong>Gratitude du personnel au chef de l\u2019Etat<\/strong><\/p>\n\n\n\n<p>Au cours de la c\u00e9l\u00e9bration, le porte-parole du personnel a exprim\u00e9 sa gratitude au chef de l\u2019Etat Faure Gnassingb\u00e9 pour sa vision humaniste et son leadership \u00e9clair\u00e9 qui placent le capital humain au c\u0153ur de sa politique de d\u00e9veloppement et pour les investissements consacr\u00e9s \u00e0 l\u2019am\u00e9lioration des conditions de vie et de travail et \u00e0 la consolidation de la paix, la stabilit\u00e9 et la coh\u00e9sion sociale au Togo.<\/p>\n\n\n\n<p>Il a r\u00e9affirm\u00e9 l\u2019engagement du personnel \u00e0 contribuer \u00e0 l\u2019\u00e9dification d\u2019un Togo uni, pacifique et prosp\u00e8re par le patriotisme, la loyaut\u00e9, le professionnalisme, l\u2019excellence, des valeurs ch\u00e8res au chef de l\u2019Etat.<\/p>\n\n\n\n<figure class=\"wp-block-image size-large\"><img loading=\"lazy\" decoding=\"async\" width=\"1024\" height=\"672\" src=\"https:\/\/lavoixdelanation.tg\/wp-content\/uploads\/2025\/05\/1er-mai-a-la-Presidence-Togolaise-1024x672.jpg\" alt=\"\" class=\"wp-image-2771\" srcset=\"https:\/\/lavoixdelanation.tg\/wp-content\/uploads\/2025\/05\/1er-mai-a-la-Presidence-Togolaise-1024x672.jpg 1024w, https:\/\/lavoixdelanation.tg\/wp-content\/uploads\/2025\/05\/1er-mai-a-la-Presidence-Togolaise-300x197.jpg 300w, https:\/\/lavoixdelanation.tg\/wp-content\/uploads\/2025\/05\/1er-mai-a-la-Presidence-Togolaise-768x504.jpg 768w, https:\/\/lavoixdelanation.tg\/wp-content\/uploads\/2025\/05\/1er-mai-a-la-Presidence-Togolaise-1536x1008.jpg 1536w, https:\/\/lavoixdelanation.tg\/wp-content\/uploads\/2025\/05\/1er-mai-a-la-Presidence-Togolaise.jpg 1600w\" sizes=\"auto, (max-width: 1024px) 100vw, 1024px\" \/><\/figure>\n\n\n\n<p>La c\u00e9r\u00e9monie s\u2019est achev\u00e9e sur une note de c\u00e9l\u00e9bration collective, empreinte de fiert\u00e9 nationale et d\u2019un engagement renouvel\u00e9 envers la vision du chef de l\u2019\u00c9tat pour un Togo juste, prosp\u00e8re et solidaire.<\/p>\n\n\n\n<p>Le personnel a \u00e9t\u00e9 invit\u00e9 \u00e0 redoubler d\u2019ardeur, et \u00e0 faire preuve de rigueur et de diligence, en vue d\u2019une mise en \u0153uvre optimale des projets de d\u00e9veloppement \u00e9conomique et social du pays.<\/p>\n\n\n\n<p><strong>La R\u00e9daction<\/strong><\/p>\n","protected":false},"excerpt":{"rendered":"<p>Le personnel de la Pr\u00e9sidence de la R\u00e9publique du Togo a c\u00e9l\u00e9br\u00e9 avec \u00e9clat ce 1er mai 2025, la f\u00eate des travailleurs sur fond d\u2019hommage au chef de l\u2019\u00c9tat Faure&hellip; <\/p>\n","protected":false},"author":1,"featured_media":2769,"comment_status":"open","ping_status":"open","sticky":false,"template":"","format":"standard","meta":{"footnotes":""},"categories":[29],"tags":[],"class_list":["post-2768","post","type-post","status-publish","format-standard","has-post-thumbnail","hentry","category-societe"],"yoast_head":"<!-- This site is optimized with the Yoast SEO plugin v26.4 - https:\/\/yoast.com\/wordpress\/plugins\/seo\/ -->\n<title>Togo\u00a0: La f\u00eate du travail c\u00e9l\u00e9br\u00e9e avec \u00e9clat \u00e0 la Pr\u00e9sidence de la R\u00e9publique - La Voix de la Nation<\/title>\n<meta name=\"robots\" content=\"index, follow, max-snippet:-1, max-image-preview:large, max-video-preview:-1\" \/>\n<link rel=\"canonical\" href=\"https:\/\/lavoixdelanation.tg\/index.php\/2025\/05\/02\/togo-la-fete-du-travail-celebree-avec-eclat-a-la-presidence-de-la-republique\/\" \/>\n<meta property=\"og:locale\" content=\"fr_FR\" \/>\n<meta property=\"og:type\" content=\"article\" \/>\n<meta property=\"og:title\" content=\"Togo\u00a0: La f\u00eate du travail c\u00e9l\u00e9br\u00e9e avec \u00e9clat \u00e0 la Pr\u00e9sidence de la R\u00e9publique - La Voix de la Nation\" \/>\n<meta property=\"og:description\" content=\"Le personnel de la Pr\u00e9sidence de la R\u00e9publique du Togo a c\u00e9l\u00e9br\u00e9 avec \u00e9clat ce 1er mai 2025, la f\u00eate des travailleurs sur fond d\u2019hommage au chef de l\u2019\u00c9tat Faure&hellip;\" \/>\n<meta property=\"og:url\" content=\"https:\/\/lavoixdelanation.tg\/index.php\/2025\/05\/02\/togo-la-fete-du-travail-celebree-avec-eclat-a-la-presidence-de-la-republique\/\" \/>\n<meta property=\"og:site_name\" content=\"La Voix de la Nation\" \/>\n<meta property=\"article:publisher\" content=\"https:\/\/www.facebook.com\/lavoixdelanation\" \/>\n<meta property=\"article:published_time\" content=\"2025-05-02T15:33:45+00:00\" \/>\n<meta property=\"article:modified_time\" content=\"2025-05-02T15:33:46+00:00\" \/>\n<meta property=\"og:image\" content=\"https:\/\/lavoixdelanation.tg\/wp-content\/uploads\/2025\/05\/La-fete-du-travail-a-la-Presidence-de-la-Republique-togolaise.jpg\" \/>\n\t<meta property=\"og:image:width\" content=\"800\" \/>\n\t<meta property=\"og:image:height\" content=\"533\" \/>\n\t<meta property=\"og:image:type\" content=\"image\/jpeg\" \/>\n<meta name=\"author\" content=\"La voix de la nation\" \/>\n<meta name=\"twitter:card\" content=\"summary_large_image\" \/>\n<meta name=\"twitter:label1\" content=\"\u00c9crit par\" \/>\n\t<meta name=\"twitter:data1\" content=\"La voix de la nation\" \/>\n\t<meta name=\"twitter:label2\" content=\"Dur\u00e9e de lecture estim\u00e9e\" \/>\n\t<meta name=\"twitter:data2\" content=\"5 minutes\" \/>\n<script type=\"application\/ld+json\" class=\"yoast-schema-graph\">{\"@context\":\"https:\/\/schema.org\",\"@graph\":[{\"@type\":\"Article\",\"@id\":\"https:\/\/lavoixdelanation.tg\/index.php\/2025\/05\/02\/togo-la-fete-du-travail-celebree-avec-eclat-a-la-presidence-de-la-republique\/#article\",\"isPartOf\":{\"@id\":\"https:\/\/lavoixdelanation.tg\/index.php\/2025\/05\/02\/togo-la-fete-du-travail-celebree-avec-eclat-a-la-presidence-de-la-republique\/\"},\"author\":{\"name\":\"La voix de la nation\",\"@id\":\"https:\/\/lavoixdelanation.tg\/#\/schema\/person\/6c489293aa38053673a9e554acb6e224\"},\"headline\":\"Togo\u00a0: La f\u00eate du travail c\u00e9l\u00e9br\u00e9e avec \u00e9clat \u00e0 la Pr\u00e9sidence de la R\u00e9publique\",\"datePublished\":\"2025-05-02T15:33:45+00:00\",\"dateModified\":\"2025-05-02T15:33:46+00:00\",\"mainEntityOfPage\":{\"@id\":\"https:\/\/lavoixdelanation.tg\/index.php\/2025\/05\/02\/togo-la-fete-du-travail-celebree-avec-eclat-a-la-presidence-de-la-republique\/\"},\"wordCount\":811,\"commentCount\":0,\"publisher\":{\"@id\":\"https:\/\/lavoixdelanation.tg\/#organization\"},\"image\":{\"@id\":\"https:\/\/lavoixdelanation.tg\/index.php\/2025\/05\/02\/togo-la-fete-du-travail-celebree-avec-eclat-a-la-presidence-de-la-republique\/#primaryimage\"},\"thumbnailUrl\":\"https:\/\/lavoixdelanation.tg\/wp-content\/uploads\/2025\/05\/La-fete-du-travail-a-la-Presidence-de-la-Republique-togolaise.jpg\",\"articleSection\":[\"Soci\u00e9t\u00e9\"],\"inLanguage\":\"fr-FR\",\"potentialAction\":[{\"@type\":\"CommentAction\",\"name\":\"Comment\",\"target\":[\"https:\/\/lavoixdelanation.tg\/index.php\/2025\/05\/02\/togo-la-fete-du-travail-celebree-avec-eclat-a-la-presidence-de-la-republique\/#respond\"]}]},{\"@type\":\"WebPage\",\"@id\":\"https:\/\/lavoixdelanation.tg\/index.php\/2025\/05\/02\/togo-la-fete-du-travail-celebree-avec-eclat-a-la-presidence-de-la-republique\/\",\"url\":\"https:\/\/lavoixdelanation.tg\/index.php\/2025\/05\/02\/togo-la-fete-du-travail-celebree-avec-eclat-a-la-presidence-de-la-republique\/\",\"name\":\"Togo\u00a0: La f\u00eate du travail c\u00e9l\u00e9br\u00e9e avec \u00e9clat \u00e0 la Pr\u00e9sidence de la R\u00e9publique - La Voix de la Nation\",\"isPartOf\":{\"@id\":\"https:\/\/lavoixdelanation.tg\/#website\"},\"primaryImageOfPage\":{\"@id\":\"https:\/\/lavoixdelanation.tg\/index.php\/2025\/05\/02\/togo-la-fete-du-travail-celebree-avec-eclat-a-la-presidence-de-la-republique\/#primaryimage\"},\"image\":{\"@id\":\"https:\/\/lavoixdelanation.tg\/index.php\/2025\/05\/02\/togo-la-fete-du-travail-celebree-avec-eclat-a-la-presidence-de-la-republique\/#primaryimage\"},\"thumbnailUrl\":\"https:\/\/lavoixdelanation.tg\/wp-content\/uploads\/2025\/05\/La-fete-du-travail-a-la-Presidence-de-la-Republique-togolaise.jpg\",\"datePublished\":\"2025-05-02T15:33:45+00:00\",\"dateModified\":\"2025-05-02T15:33:46+00:00\",\"breadcrumb\":{\"@id\":\"https:\/\/lavoixdelanation.tg\/index.php\/2025\/05\/02\/togo-la-fete-du-travail-celebree-avec-eclat-a-la-presidence-de-la-republique\/#breadcrumb\"},\"inLanguage\":\"fr-FR\",\"potentialAction\":[{\"@type\":\"ReadAction\",\"target\":[\"https:\/\/lavoixdelanation.tg\/index.php\/2025\/05\/02\/togo-la-fete-du-travail-celebree-avec-eclat-a-la-presidence-de-la-republique\/\"]}]},{\"@type\":\"ImageObject\",\"inLanguage\":\"fr-FR\",\"@id\":\"https:\/\/lavoixdelanation.tg\/index.php\/2025\/05\/02\/togo-la-fete-du-travail-celebree-avec-eclat-a-la-presidence-de-la-republique\/#primaryimage\",\"url\":\"https:\/\/lavoixdelanation.tg\/wp-content\/uploads\/2025\/05\/La-fete-du-travail-a-la-Presidence-de-la-Republique-togolaise.jpg\",\"contentUrl\":\"https:\/\/lavoixdelanation.tg\/wp-content\/uploads\/2025\/05\/La-fete-du-travail-a-la-Presidence-de-la-Republique-togolaise.jpg\",\"width\":800,\"height\":533},{\"@type\":\"BreadcrumbList\",\"@id\":\"https:\/\/lavoixdelanation.tg\/index.php\/2025\/05\/02\/togo-la-fete-du-travail-celebree-avec-eclat-a-la-presidence-de-la-republique\/#breadcrumb\",\"itemListElement\":[{\"@type\":\"ListItem\",\"position\":1,\"name\":\"Accueil\",\"item\":\"https:\/\/lavoixdelanation.tg\/\"},{\"@type\":\"ListItem\",\"position\":2,\"name\":\"Togo\u00a0: La f\u00eate du travail c\u00e9l\u00e9br\u00e9e avec \u00e9clat \u00e0 la Pr\u00e9sidence de la R\u00e9publique\"}]},{\"@type\":\"WebSite\",\"@id\":\"https:\/\/lavoixdelanation.tg\/#website\",\"url\":\"https:\/\/lavoixdelanation.tg\/\",\"name\":\"La Voix de la Nation\",\"description\":\"R\u00e9c\u00e9piss\u00e9 n\u00b00108\/HAAC\/01-2024\/pl\/P\",\"publisher\":{\"@id\":\"https:\/\/lavoixdelanation.tg\/#organization\"},\"alternateName\":\"VON\",\"potentialAction\":[{\"@type\":\"SearchAction\",\"target\":{\"@type\":\"EntryPoint\",\"urlTemplate\":\"https:\/\/lavoixdelanation.tg\/?s={search_term_string}\"},\"query-input\":{\"@type\":\"PropertyValueSpecification\",\"valueRequired\":true,\"valueName\":\"search_term_string\"}}],\"inLanguage\":\"fr-FR\"},{\"@type\":\"Organization\",\"@id\":\"https:\/\/lavoixdelanation.tg\/#organization\",\"name\":\"La Voix de la Nation\",\"url\":\"https:\/\/lavoixdelanation.tg\/\",\"logo\":{\"@type\":\"ImageObject\",\"inLanguage\":\"fr-FR\",\"@id\":\"https:\/\/lavoixdelanation.tg\/#\/schema\/logo\/image\/\",\"url\":\"https:\/\/lavoixdelanation.tg\/wp-content\/uploads\/2024\/12\/lavn-1.png\",\"contentUrl\":\"https:\/\/lavoixdelanation.tg\/wp-content\/uploads\/2024\/12\/lavn-1.png\",\"width\":1024,\"height\":464,\"caption\":\"La Voix de la Nation\"},\"image\":{\"@id\":\"https:\/\/lavoixdelanation.tg\/#\/schema\/logo\/image\/\"},\"sameAs\":[\"https:\/\/www.facebook.com\/lavoixdelanation\"]},{\"@type\":\"Person\",\"@id\":\"https:\/\/lavoixdelanation.tg\/#\/schema\/person\/6c489293aa38053673a9e554acb6e224\",\"name\":\"La voix de la nation\",\"image\":{\"@type\":\"ImageObject\",\"inLanguage\":\"fr-FR\",\"@id\":\"https:\/\/lavoixdelanation.tg\/#\/schema\/person\/image\/\",\"url\":\"https:\/\/secure.gravatar.com\/avatar\/8aa135d4bbc794494cecaa8d483f6d6cc1023624868deaff686baed5e727a5a1?s=96&d=mm&r=g\",\"contentUrl\":\"https:\/\/secure.gravatar.com\/avatar\/8aa135d4bbc794494cecaa8d483f6d6cc1023624868deaff686baed5e727a5a1?s=96&d=mm&r=g\",\"caption\":\"La voix de la nation\"},\"sameAs\":[\"https:\/\/lavoixdelanation.tg\"],\"url\":\"https:\/\/lavoixdelanation.tg\/index.php\/author\/lavn\/\"}]}<\/script>\n<!-- \/ Yoast SEO plugin. -->","yoast_head_json":{"title":"Togo\u00a0: La f\u00eate du travail c\u00e9l\u00e9br\u00e9e avec \u00e9clat \u00e0 la Pr\u00e9sidence de la R\u00e9publique - La Voix de la Nation","robots":{"index":"index","follow":"follow","max-snippet":"max-snippet:-1","max-image-preview":"max-image-preview:large","max-video-preview":"max-video-preview:-1"},"canonical":"https:\/\/lavoixdelanation.tg\/index.php\/2025\/05\/02\/togo-la-fete-du-travail-celebree-avec-eclat-a-la-presidence-de-la-republique\/","og_locale":"fr_FR","og_type":"article","og_title":"Togo\u00a0: La f\u00eate du travail c\u00e9l\u00e9br\u00e9e avec \u00e9clat \u00e0 la Pr\u00e9sidence de la R\u00e9publique - La Voix de la Nation","og_description":"Le personnel de la Pr\u00e9sidence de la R\u00e9publique du Togo a c\u00e9l\u00e9br\u00e9 avec \u00e9clat ce 1er mai 2025, la f\u00eate des travailleurs sur fond d\u2019hommage au chef de l\u2019\u00c9tat Faure&hellip;","og_url":"https:\/\/lavoixdelanation.tg\/index.php\/2025\/05\/02\/togo-la-fete-du-travail-celebree-avec-eclat-a-la-presidence-de-la-republique\/","og_site_name":"La Voix de la Nation","article_publisher":"https:\/\/www.facebook.com\/lavoixdelanation","article_published_time":"2025-05-02T15:33:45+00:00","article_modified_time":"2025-05-02T15:33:46+00:00","og_image":[{"width":800,"height":533,"url":"https:\/\/lavoixdelanation.tg\/wp-content\/uploads\/2025\/05\/La-fete-du-travail-a-la-Presidence-de-la-Republique-togolaise.jpg","type":"image\/jpeg"}],"author":"La voix de la nation","twitter_card":"summary_large_image","twitter_misc":{"\u00c9crit par":"La voix de la nation","Dur\u00e9e de lecture estim\u00e9e":"5 minutes"},"schema":{"@context":"https:\/\/schema.org","@graph":[{"@type":"Article","@id":"https:\/\/lavoixdelanation.tg\/index.php\/2025\/05\/02\/togo-la-fete-du-travail-celebree-avec-eclat-a-la-presidence-de-la-republique\/#article","isPartOf":{"@id":"https:\/\/lavoixdelanation.tg\/index.php\/2025\/05\/02\/togo-la-fete-du-travail-celebree-avec-eclat-a-la-presidence-de-la-republique\/"},"author":{"name":"La voix de la nation","@id":"https:\/\/lavoixdelanation.tg\/#\/schema\/person\/6c489293aa38053673a9e554acb6e224"},"headline":"Togo\u00a0: La f\u00eate du travail c\u00e9l\u00e9br\u00e9e avec \u00e9clat \u00e0 la Pr\u00e9sidence de la R\u00e9publique","datePublished":"2025-05-02T15:33:45+00:00","dateModified":"2025-05-02T15:33:46+00:00","mainEntityOfPage":{"@id":"https:\/\/lavoixdelanation.tg\/index.php\/2025\/05\/02\/togo-la-fete-du-travail-celebree-avec-eclat-a-la-presidence-de-la-republique\/"},"wordCount":811,"commentCount":0,"publisher":{"@id":"https:\/\/lavoixdelanation.tg\/#organization"},"image":{"@id":"https:\/\/lavoixdelanation.tg\/index.php\/2025\/05\/02\/togo-la-fete-du-travail-celebree-avec-eclat-a-la-presidence-de-la-republique\/#primaryimage"},"thumbnailUrl":"https:\/\/lavoixdelanation.tg\/wp-content\/uploads\/2025\/05\/La-fete-du-travail-a-la-Presidence-de-la-Republique-togolaise.jpg","articleSection":["Soci\u00e9t\u00e9"],"inLanguage":"fr-FR","potentialAction":[{"@type":"CommentAction","name":"Comment","target":["https:\/\/lavoixdelanation.tg\/index.php\/2025\/05\/02\/togo-la-fete-du-travail-celebree-avec-eclat-a-la-presidence-de-la-republique\/#respond"]}]},{"@type":"WebPage","@id":"https:\/\/lavoixdelanation.tg\/index.php\/2025\/05\/02\/togo-la-fete-du-travail-celebree-avec-eclat-a-la-presidence-de-la-republique\/","url":"https:\/\/lavoixdelanation.tg\/index.php\/2025\/05\/02\/togo-la-fete-du-travail-celebree-avec-eclat-a-la-presidence-de-la-republique\/","name":"Togo\u00a0: La f\u00eate du travail c\u00e9l\u00e9br\u00e9e avec \u00e9clat \u00e0 la Pr\u00e9sidence de la R\u00e9publique - La Voix de la Nation","isPartOf":{"@id":"https:\/\/lavoixdelanation.tg\/#website"},"primaryImageOfPage":{"@id":"https:\/\/lavoixdelanation.tg\/index.php\/2025\/05\/02\/togo-la-fete-du-travail-celebree-avec-eclat-a-la-presidence-de-la-republique\/#primaryimage"},"image":{"@id":"https:\/\/lavoixdelanation.tg\/index.php\/2025\/05\/02\/togo-la-fete-du-travail-celebree-avec-eclat-a-la-presidence-de-la-republique\/#primaryimage"},"thumbnailUrl":"https:\/\/lavoixdelanation.tg\/wp-content\/uploads\/2025\/05\/La-fete-du-travail-a-la-Presidence-de-la-Republique-togolaise.jpg","datePublished":"2025-05-02T15:33:45+00:00","dateModified":"2025-05-02T15:33:46+00:00","breadcrumb":{"@id":"https:\/\/lavoixdelanation.tg\/index.php\/2025\/05\/02\/togo-la-fete-du-travail-celebree-avec-eclat-a-la-presidence-de-la-republique\/#breadcrumb"},"inLanguage":"fr-FR","potentialAction":[{"@type":"ReadAction","target":["https:\/\/lavoixdelanation.tg\/index.php\/2025\/05\/02\/togo-la-fete-du-travail-celebree-avec-eclat-a-la-presidence-de-la-republique\/"]}]},{"@type":"ImageObject","inLanguage":"fr-FR","@id":"https:\/\/lavoixdelanation.tg\/index.php\/2025\/05\/02\/togo-la-fete-du-travail-celebree-avec-eclat-a-la-presidence-de-la-republique\/#primaryimage","url":"https:\/\/lavoixdelanation.tg\/wp-content\/uploads\/2025\/05\/La-fete-du-travail-a-la-Presidence-de-la-Republique-togolaise.jpg","contentUrl":"https:\/\/lavoixdelanation.tg\/wp-content\/uploads\/2025\/05\/La-fete-du-travail-a-la-Presidence-de-la-Republique-togolaise.jpg","width":800,"height":533},{"@type":"BreadcrumbList","@id":"https:\/\/lavoixdelanation.tg\/index.php\/2025\/05\/02\/togo-la-fete-du-travail-celebree-avec-eclat-a-la-presidence-de-la-republique\/#breadcrumb","itemListElement":[{"@type":"ListItem","position":1,"name":"Accueil","item":"https:\/\/lavoixdelanation.tg\/"},{"@type":"ListItem","position":2,"name":"Togo\u00a0: La f\u00eate du travail c\u00e9l\u00e9br\u00e9e avec \u00e9clat \u00e0 la Pr\u00e9sidence de la R\u00e9publique"}]},{"@type":"WebSite","@id":"https:\/\/lavoixdelanation.tg\/#website","url":"https:\/\/lavoixdelanation.tg\/","name":"La Voix de la Nation","description":"R\u00e9c\u00e9piss\u00e9 n\u00b00108\/HAAC\/01-2024\/pl\/P","publisher":{"@id":"https:\/\/lavoixdelanation.tg\/#organization"},"alternateName":"VON","potentialAction":[{"@type":"SearchAction","target":{"@type":"EntryPoint","urlTemplate":"https:\/\/lavoixdelanation.tg\/?s={search_term_string}"},"query-input":{"@type":"PropertyValueSpecification","valueRequired":true,"valueName":"search_term_string"}}],"inLanguage":"fr-FR"},{"@type":"Organization","@id":"https:\/\/lavoixdelanation.tg\/#organization","name":"La Voix de la Nation","url":"https:\/\/lavoixdelanation.tg\/","logo":{"@type":"ImageObject","inLanguage":"fr-FR","@id":"https:\/\/lavoixdelanation.tg\/#\/schema\/logo\/image\/","url":"https:\/\/lavoixdelanation.tg\/wp-content\/uploads\/2024\/12\/lavn-1.png","contentUrl":"https:\/\/lavoixdelanation.tg\/wp-content\/uploads\/2024\/12\/lavn-1.png","width":1024,"height":464,"caption":"La Voix de la Nation"},"image":{"@id":"https:\/\/lavoixdelanation.tg\/#\/schema\/logo\/image\/"},"sameAs":["https:\/\/www.facebook.com\/lavoixdelanation"]},{"@type":"Person","@id":"https:\/\/lavoixdelanation.tg\/#\/schema\/person\/6c489293aa38053673a9e554acb6e224","name":"La voix de la nation","image":{"@type":"ImageObject","inLanguage":"fr-FR","@id":"https:\/\/lavoixdelanation.tg\/#\/schema\/person\/image\/","url":"https:\/\/secure.gravatar.com\/avatar\/8aa135d4bbc794494cecaa8d483f6d6cc1023624868deaff686baed5e727a5a1?s=96&d=mm&r=g","contentUrl":"https:\/\/secure.gravatar.com\/avatar\/8aa135d4bbc794494cecaa8d483f6d6cc1023624868deaff686baed5e727a5a1?s=96&d=mm&r=g","caption":"La voix de la nation"},"sameAs":["https:\/\/lavoixdelanation.tg"],"url":"https:\/\/lavoixdelanation.tg\/index.php\/author\/lavn\/"}]}},"_links":{"self":[{"href":"https:\/\/lavoixdelanation.tg\/index.php\/wp-json\/wp\/v2\/posts\/2768","targetHints":{"allow":["GET"]}}],"collection":[{"href":"https:\/\/lavoixdelanation.tg\/index.php\/wp-json\/wp\/v2\/posts"}],"about":[{"href":"https:\/\/lavoixdelanation.tg\/index.php\/wp-json\/wp\/v2\/types\/post"}],"author":[{"embeddable":true,"href":"https:\/\/lavoixdelanation.tg\/index.php\/wp-json\/wp\/v2\/users\/1"}],"replies":[{"embeddable":true,"href":"https:\/\/lavoixdelanation.tg\/index.php\/wp-json\/wp\/v2\/comments?post=2768"}],"version-history":[{"count":1,"href":"https:\/\/lavoixdelanation.tg\/index.php\/wp-json\/wp\/v2\/posts\/2768\/revisions"}],"predecessor-version":[{"id":2773,"href":"https:\/\/lavoixdelanation.tg\/index.php\/wp-json\/wp\/v2\/posts\/2768\/revisions\/2773"}],"wp:featuredmedia":[{"embeddable":true,"href":"https:\/\/lavoixdelanation.tg\/index.php\/wp-json\/wp\/v2\/media\/2769"}],"wp:attachment":[{"href":"https:\/\/lavoixdelanation.tg\/index.php\/wp-json\/wp\/v2\/media?parent=2768"}],"wp:term":[{"taxonomy":"category","embeddable":true,"href":"https:\/\/lavoixdelanation.tg\/index.php\/wp-json\/wp\/v2\/categories?post=2768"},{"taxonomy":"post_tag","embeddable":true,"href":"https:\/\/lavoixdelanation.tg\/index.php\/wp-json\/wp\/v2\/tags?post=2768"}],"curies":[{"name":"wp","href":"https:\/\/api.w.org\/{rel}","templated":true}]}}