{"id":2708,"date":"2025-04-25T09:04:36","date_gmt":"2025-04-25T07:04:36","guid":{"rendered":"https:\/\/lavoixdelanation.tg\/?p=2708"},"modified":"2025-04-25T09:04:37","modified_gmt":"2025-04-25T07:04:37","slug":"concours-efofat-2025-les-epreuves-ecrites-prevues-le-samedi-10-mai-2025","status":"publish","type":"post","link":"https:\/\/lavoixdelanation.tg\/index.php\/2025\/04\/25\/concours-efofat-2025-les-epreuves-ecrites-prevues-le-samedi-10-mai-2025\/","title":{"rendered":"Concours EFOFAT 2025\u00a0: Les \u00e9preuves \u00e9crites pr\u00e9vues le samedi 10 mai 2025"},"content":{"rendered":"\n<p>Le Minist\u00e8re des Arm\u00e9es porte \u00e0 la connaissance des candidats ayant d\u00e9pos\u00e9 les dossiers pour le concours d\u2019entr\u00e9e \u00e0 l\u2019\u00e9cole de formation des officiers des forces arm\u00e9es togolaises (EFOFAT) au titre de l\u2019ann\u00e9e 2025 que les \u00e9preuves \u00e9crites auront lieu le samedi 10 mai 2025.<\/p>\n\n\n\n<p>Dans un communiqu\u00e9 publi\u00e9 \u00e0 cet effet, ces \u00e9preuves auront lieu \u00e0 l\u2019\u00e9cole du camp G\u00e9n\u00e9ral Gnassingb\u00e9 Eyad\u00e9ma \u00e0 Lom\u00e9 pour les candidats des r\u00e9gions maritime et des plateaux, et au lyc\u00e9e Kara 1 \u00e0 Kara pour les candidats des r\u00e9gions Centrale, Kara et Savanes, selon le programme contenu dans le document ci-dessous :<\/p>\n\n\n\n<div data-wp-interactive=\"core\/file\" class=\"wp-block-file\"><object data-wp-bind--hidden=\"!state.hasPdfPreview\" hidden class=\"wp-block-file__embed\" data=\"https:\/\/lavoixdelanation.tg\/wp-content\/uploads\/2025\/04\/Communique-du-Ministere-des-Armees-relatif-aux-Candidats-retenus-pour-le-concours-EFOFAT-2025.pdf\" type=\"application\/pdf\" style=\"width:100%;height:600px\" aria-label=\"PDF embarqu\u00e9\"><\/object><a href=\"https:\/\/lavoixdelanation.tg\/wp-content\/uploads\/2025\/04\/Communique-du-Ministere-des-Armees-relatif-aux-Candidats-retenus-pour-le-concours-EFOFAT-2025.pdf\" class=\"wp-block-file__button wp-element-button\" download>T\u00e9l\u00e9charger<\/a><\/div>\n","protected":false},"excerpt":{"rendered":"<p>Le Minist\u00e8re des Arm\u00e9es porte \u00e0 la connaissance des candidats ayant d\u00e9pos\u00e9 les dossiers pour le concours d\u2019entr\u00e9e \u00e0 l\u2019\u00e9cole de formation des officiers des forces arm\u00e9es togolaises (EFOFAT) au&hellip; <\/p>\n","protected":false},"author":1,"featured_media":2709,"comment_status":"open","ping_status":"open","sticky":false,"template":"","format":"standard","meta":{"footnotes":""},"categories":[10],"tags":[318,631,39],"class_list":["post-2708","post","type-post","status-publish","format-standard","has-post-thumbnail","hentry","category-education","tag-armees","tag-concours-efofat","tag-togo"],"yoast_head":"<!-- This site is optimized with the Yoast SEO plugin v26.4 - https:\/\/yoast.com\/wordpress\/plugins\/seo\/ -->\n<title>Concours EFOFAT 2025\u00a0: Les \u00e9preuves \u00e9crites pr\u00e9vues le samedi 10 mai 2025 - La Voix de la Nation<\/title>\n<meta name=\"robots\" content=\"index, follow, max-snippet:-1, max-image-preview:large, max-video-preview:-1\" \/>\n<link rel=\"canonical\" href=\"https:\/\/lavoixdelanation.tg\/index.php\/2025\/04\/25\/concours-efofat-2025-les-epreuves-ecrites-prevues-le-samedi-10-mai-2025\/\" \/>\n<meta property=\"og:locale\" content=\"fr_FR\" \/>\n<meta property=\"og:type\" content=\"article\" \/>\n<meta property=\"og:title\" content=\"Concours EFOFAT 2025\u00a0: Les \u00e9preuves \u00e9crites pr\u00e9vues le samedi 10 mai 2025 - La Voix de la Nation\" \/>\n<meta property=\"og:description\" content=\"Le Minist\u00e8re des Arm\u00e9es porte \u00e0 la connaissance des candidats ayant d\u00e9pos\u00e9 les dossiers pour le concours d\u2019entr\u00e9e \u00e0 l\u2019\u00e9cole de formation des officiers des forces arm\u00e9es togolaises (EFOFAT) au&hellip;\" \/>\n<meta property=\"og:url\" content=\"https:\/\/lavoixdelanation.tg\/index.php\/2025\/04\/25\/concours-efofat-2025-les-epreuves-ecrites-prevues-le-samedi-10-mai-2025\/\" \/>\n<meta property=\"og:site_name\" content=\"La Voix de la Nation\" \/>\n<meta property=\"article:publisher\" content=\"https:\/\/www.facebook.com\/lavoixdelanation\" \/>\n<meta property=\"article:published_time\" content=\"2025-04-25T07:04:36+00:00\" \/>\n<meta property=\"article:modified_time\" content=\"2025-04-25T07:04:37+00:00\" \/>\n<meta property=\"og:image\" content=\"https:\/\/lavoixdelanation.tg\/wp-content\/uploads\/2025\/04\/Concours-EFOFAT-2025-au-Togo.jpeg\" \/>\n\t<meta property=\"og:image:width\" content=\"650\" \/>\n\t<meta property=\"og:image:height\" content=\"437\" \/>\n\t<meta property=\"og:image:type\" content=\"image\/jpeg\" \/>\n<meta name=\"author\" content=\"La voix de la nation\" \/>\n<meta name=\"twitter:card\" content=\"summary_large_image\" \/>\n<meta name=\"twitter:label1\" content=\"\u00c9crit par\" \/>\n\t<meta name=\"twitter:data1\" content=\"La voix de la nation\" \/>\n\t<meta name=\"twitter:label2\" content=\"Dur\u00e9e de lecture estim\u00e9e\" \/>\n\t<meta name=\"twitter:data2\" content=\"1 minute\" \/>\n<script type=\"application\/ld+json\" class=\"yoast-schema-graph\">{\"@context\":\"https:\/\/schema.org\",\"@graph\":[{\"@type\":\"Article\",\"@id\":\"https:\/\/lavoixdelanation.tg\/index.php\/2025\/04\/25\/concours-efofat-2025-les-epreuves-ecrites-prevues-le-samedi-10-mai-2025\/#article\",\"isPartOf\":{\"@id\":\"https:\/\/lavoixdelanation.tg\/index.php\/2025\/04\/25\/concours-efofat-2025-les-epreuves-ecrites-prevues-le-samedi-10-mai-2025\/\"},\"author\":{\"name\":\"La voix de la nation\",\"@id\":\"https:\/\/lavoixdelanation.tg\/#\/schema\/person\/6c489293aa38053673a9e554acb6e224\"},\"headline\":\"Concours EFOFAT 2025\u00a0: Les \u00e9preuves \u00e9crites pr\u00e9vues le samedi 10 mai 2025\",\"datePublished\":\"2025-04-25T07:04:36+00:00\",\"dateModified\":\"2025-04-25T07:04:37+00:00\",\"mainEntityOfPage\":{\"@id\":\"https:\/\/lavoixdelanation.tg\/index.php\/2025\/04\/25\/concours-efofat-2025-les-epreuves-ecrites-prevues-le-samedi-10-mai-2025\/\"},\"wordCount\":117,\"commentCount\":0,\"publisher\":{\"@id\":\"https:\/\/lavoixdelanation.tg\/#organization\"},\"image\":{\"@id\":\"https:\/\/lavoixdelanation.tg\/index.php\/2025\/04\/25\/concours-efofat-2025-les-epreuves-ecrites-prevues-le-samedi-10-mai-2025\/#primaryimage\"},\"thumbnailUrl\":\"https:\/\/lavoixdelanation.tg\/wp-content\/uploads\/2025\/04\/Concours-EFOFAT-2025-au-Togo.jpeg\",\"keywords\":[\"Arm\u00e9es\",\"Concours EFOFAT\",\"Togo\"],\"articleSection\":[\"Education\"],\"inLanguage\":\"fr-FR\",\"potentialAction\":[{\"@type\":\"CommentAction\",\"name\":\"Comment\",\"target\":[\"https:\/\/lavoixdelanation.tg\/index.php\/2025\/04\/25\/concours-efofat-2025-les-epreuves-ecrites-prevues-le-samedi-10-mai-2025\/#respond\"]}]},{\"@type\":\"WebPage\",\"@id\":\"https:\/\/lavoixdelanation.tg\/index.php\/2025\/04\/25\/concours-efofat-2025-les-epreuves-ecrites-prevues-le-samedi-10-mai-2025\/\",\"url\":\"https:\/\/lavoixdelanation.tg\/index.php\/2025\/04\/25\/concours-efofat-2025-les-epreuves-ecrites-prevues-le-samedi-10-mai-2025\/\",\"name\":\"Concours EFOFAT 2025\u00a0: Les \u00e9preuves \u00e9crites pr\u00e9vues le samedi 10 mai 2025 - La Voix de la Nation\",\"isPartOf\":{\"@id\":\"https:\/\/lavoixdelanation.tg\/#website\"},\"primaryImageOfPage\":{\"@id\":\"https:\/\/lavoixdelanation.tg\/index.php\/2025\/04\/25\/concours-efofat-2025-les-epreuves-ecrites-prevues-le-samedi-10-mai-2025\/#primaryimage\"},\"image\":{\"@id\":\"https:\/\/lavoixdelanation.tg\/index.php\/2025\/04\/25\/concours-efofat-2025-les-epreuves-ecrites-prevues-le-samedi-10-mai-2025\/#primaryimage\"},\"thumbnailUrl\":\"https:\/\/lavoixdelanation.tg\/wp-content\/uploads\/2025\/04\/Concours-EFOFAT-2025-au-Togo.jpeg\",\"datePublished\":\"2025-04-25T07:04:36+00:00\",\"dateModified\":\"2025-04-25T07:04:37+00:00\",\"breadcrumb\":{\"@id\":\"https:\/\/lavoixdelanation.tg\/index.php\/2025\/04\/25\/concours-efofat-2025-les-epreuves-ecrites-prevues-le-samedi-10-mai-2025\/#breadcrumb\"},\"inLanguage\":\"fr-FR\",\"potentialAction\":[{\"@type\":\"ReadAction\",\"target\":[\"https:\/\/lavoixdelanation.tg\/index.php\/2025\/04\/25\/concours-efofat-2025-les-epreuves-ecrites-prevues-le-samedi-10-mai-2025\/\"]}]},{\"@type\":\"ImageObject\",\"inLanguage\":\"fr-FR\",\"@id\":\"https:\/\/lavoixdelanation.tg\/index.php\/2025\/04\/25\/concours-efofat-2025-les-epreuves-ecrites-prevues-le-samedi-10-mai-2025\/#primaryimage\",\"url\":\"https:\/\/lavoixdelanation.tg\/wp-content\/uploads\/2025\/04\/Concours-EFOFAT-2025-au-Togo.jpeg\",\"contentUrl\":\"https:\/\/lavoixdelanation.tg\/wp-content\/uploads\/2025\/04\/Concours-EFOFAT-2025-au-Togo.jpeg\",\"width\":650,\"height\":437},{\"@type\":\"BreadcrumbList\",\"@id\":\"https:\/\/lavoixdelanation.tg\/index.php\/2025\/04\/25\/concours-efofat-2025-les-epreuves-ecrites-prevues-le-samedi-10-mai-2025\/#breadcrumb\",\"itemListElement\":[{\"@type\":\"ListItem\",\"position\":1,\"name\":\"Accueil\",\"item\":\"https:\/\/lavoixdelanation.tg\/\"},{\"@type\":\"ListItem\",\"position\":2,\"name\":\"Concours EFOFAT 2025\u00a0: Les \u00e9preuves \u00e9crites pr\u00e9vues le samedi 10 mai 2025\"}]},{\"@type\":\"WebSite\",\"@id\":\"https:\/\/lavoixdelanation.tg\/#website\",\"url\":\"https:\/\/lavoixdelanation.tg\/\",\"name\":\"La Voix de la Nation\",\"description\":\"R\u00e9c\u00e9piss\u00e9 n\u00b00108\/HAAC\/01-2024\/pl\/P\",\"publisher\":{\"@id\":\"https:\/\/lavoixdelanation.tg\/#organization\"},\"alternateName\":\"VON\",\"potentialAction\":[{\"@type\":\"SearchAction\",\"target\":{\"@type\":\"EntryPoint\",\"urlTemplate\":\"https:\/\/lavoixdelanation.tg\/?s={search_term_string}\"},\"query-input\":{\"@type\":\"PropertyValueSpecification\",\"valueRequired\":true,\"valueName\":\"search_term_string\"}}],\"inLanguage\":\"fr-FR\"},{\"@type\":\"Organization\",\"@id\":\"https:\/\/lavoixdelanation.tg\/#organization\",\"name\":\"La Voix de la Nation\",\"url\":\"https:\/\/lavoixdelanation.tg\/\",\"logo\":{\"@type\":\"ImageObject\",\"inLanguage\":\"fr-FR\",\"@id\":\"https:\/\/lavoixdelanation.tg\/#\/schema\/logo\/image\/\",\"url\":\"https:\/\/lavoixdelanation.tg\/wp-content\/uploads\/2024\/12\/lavn-1.png\",\"contentUrl\":\"https:\/\/lavoixdelanation.tg\/wp-content\/uploads\/2024\/12\/lavn-1.png\",\"width\":1024,\"height\":464,\"caption\":\"La Voix de la Nation\"},\"image\":{\"@id\":\"https:\/\/lavoixdelanation.tg\/#\/schema\/logo\/image\/\"},\"sameAs\":[\"https:\/\/www.facebook.com\/lavoixdelanation\"]},{\"@type\":\"Person\",\"@id\":\"https:\/\/lavoixdelanation.tg\/#\/schema\/person\/6c489293aa38053673a9e554acb6e224\",\"name\":\"La voix de la nation\",\"image\":{\"@type\":\"ImageObject\",\"inLanguage\":\"fr-FR\",\"@id\":\"https:\/\/lavoixdelanation.tg\/#\/schema\/person\/image\/\",\"url\":\"https:\/\/secure.gravatar.com\/avatar\/8aa135d4bbc794494cecaa8d483f6d6cc1023624868deaff686baed5e727a5a1?s=96&d=mm&r=g\",\"contentUrl\":\"https:\/\/secure.gravatar.com\/avatar\/8aa135d4bbc794494cecaa8d483f6d6cc1023624868deaff686baed5e727a5a1?s=96&d=mm&r=g\",\"caption\":\"La voix de la nation\"},\"sameAs\":[\"https:\/\/lavoixdelanation.tg\"],\"url\":\"https:\/\/lavoixdelanation.tg\/index.php\/author\/lavn\/\"}]}<\/script>\n<!-- \/ Yoast SEO plugin. -->","yoast_head_json":{"title":"Concours EFOFAT 2025\u00a0: Les \u00e9preuves \u00e9crites pr\u00e9vues le samedi 10 mai 2025 - La Voix de la Nation","robots":{"index":"index","follow":"follow","max-snippet":"max-snippet:-1","max-image-preview":"max-image-preview:large","max-video-preview":"max-video-preview:-1"},"canonical":"https:\/\/lavoixdelanation.tg\/index.php\/2025\/04\/25\/concours-efofat-2025-les-epreuves-ecrites-prevues-le-samedi-10-mai-2025\/","og_locale":"fr_FR","og_type":"article","og_title":"Concours EFOFAT 2025\u00a0: Les \u00e9preuves \u00e9crites pr\u00e9vues le samedi 10 mai 2025 - La Voix de la Nation","og_description":"Le Minist\u00e8re des Arm\u00e9es porte \u00e0 la connaissance des candidats ayant d\u00e9pos\u00e9 les dossiers pour le concours d\u2019entr\u00e9e \u00e0 l\u2019\u00e9cole de formation des officiers des forces arm\u00e9es togolaises (EFOFAT) au&hellip;","og_url":"https:\/\/lavoixdelanation.tg\/index.php\/2025\/04\/25\/concours-efofat-2025-les-epreuves-ecrites-prevues-le-samedi-10-mai-2025\/","og_site_name":"La Voix de la Nation","article_publisher":"https:\/\/www.facebook.com\/lavoixdelanation","article_published_time":"2025-04-25T07:04:36+00:00","article_modified_time":"2025-04-25T07:04:37+00:00","og_image":[{"width":650,"height":437,"url":"https:\/\/lavoixdelanation.tg\/wp-content\/uploads\/2025\/04\/Concours-EFOFAT-2025-au-Togo.jpeg","type":"image\/jpeg"}],"author":"La voix de la nation","twitter_card":"summary_large_image","twitter_misc":{"\u00c9crit par":"La voix de la nation","Dur\u00e9e de lecture estim\u00e9e":"1 minute"},"schema":{"@context":"https:\/\/schema.org","@graph":[{"@type":"Article","@id":"https:\/\/lavoixdelanation.tg\/index.php\/2025\/04\/25\/concours-efofat-2025-les-epreuves-ecrites-prevues-le-samedi-10-mai-2025\/#article","isPartOf":{"@id":"https:\/\/lavoixdelanation.tg\/index.php\/2025\/04\/25\/concours-efofat-2025-les-epreuves-ecrites-prevues-le-samedi-10-mai-2025\/"},"author":{"name":"La voix de la nation","@id":"https:\/\/lavoixdelanation.tg\/#\/schema\/person\/6c489293aa38053673a9e554acb6e224"},"headline":"Concours EFOFAT 2025\u00a0: Les \u00e9preuves \u00e9crites pr\u00e9vues le samedi 10 mai 2025","datePublished":"2025-04-25T07:04:36+00:00","dateModified":"2025-04-25T07:04:37+00:00","mainEntityOfPage":{"@id":"https:\/\/lavoixdelanation.tg\/index.php\/2025\/04\/25\/concours-efofat-2025-les-epreuves-ecrites-prevues-le-samedi-10-mai-2025\/"},"wordCount":117,"commentCount":0,"publisher":{"@id":"https:\/\/lavoixdelanation.tg\/#organization"},"image":{"@id":"https:\/\/lavoixdelanation.tg\/index.php\/2025\/04\/25\/concours-efofat-2025-les-epreuves-ecrites-prevues-le-samedi-10-mai-2025\/#primaryimage"},"thumbnailUrl":"https:\/\/lavoixdelanation.tg\/wp-content\/uploads\/2025\/04\/Concours-EFOFAT-2025-au-Togo.jpeg","keywords":["Arm\u00e9es","Concours EFOFAT","Togo"],"articleSection":["Education"],"inLanguage":"fr-FR","potentialAction":[{"@type":"CommentAction","name":"Comment","target":["https:\/\/lavoixdelanation.tg\/index.php\/2025\/04\/25\/concours-efofat-2025-les-epreuves-ecrites-prevues-le-samedi-10-mai-2025\/#respond"]}]},{"@type":"WebPage","@id":"https:\/\/lavoixdelanation.tg\/index.php\/2025\/04\/25\/concours-efofat-2025-les-epreuves-ecrites-prevues-le-samedi-10-mai-2025\/","url":"https:\/\/lavoixdelanation.tg\/index.php\/2025\/04\/25\/concours-efofat-2025-les-epreuves-ecrites-prevues-le-samedi-10-mai-2025\/","name":"Concours EFOFAT 2025\u00a0: Les \u00e9preuves \u00e9crites pr\u00e9vues le samedi 10 mai 2025 - La Voix de la Nation","isPartOf":{"@id":"https:\/\/lavoixdelanation.tg\/#website"},"primaryImageOfPage":{"@id":"https:\/\/lavoixdelanation.tg\/index.php\/2025\/04\/25\/concours-efofat-2025-les-epreuves-ecrites-prevues-le-samedi-10-mai-2025\/#primaryimage"},"image":{"@id":"https:\/\/lavoixdelanation.tg\/index.php\/2025\/04\/25\/concours-efofat-2025-les-epreuves-ecrites-prevues-le-samedi-10-mai-2025\/#primaryimage"},"thumbnailUrl":"https:\/\/lavoixdelanation.tg\/wp-content\/uploads\/2025\/04\/Concours-EFOFAT-2025-au-Togo.jpeg","datePublished":"2025-04-25T07:04:36+00:00","dateModified":"2025-04-25T07:04:37+00:00","breadcrumb":{"@id":"https:\/\/lavoixdelanation.tg\/index.php\/2025\/04\/25\/concours-efofat-2025-les-epreuves-ecrites-prevues-le-samedi-10-mai-2025\/#breadcrumb"},"inLanguage":"fr-FR","potentialAction":[{"@type":"ReadAction","target":["https:\/\/lavoixdelanation.tg\/index.php\/2025\/04\/25\/concours-efofat-2025-les-epreuves-ecrites-prevues-le-samedi-10-mai-2025\/"]}]},{"@type":"ImageObject","inLanguage":"fr-FR","@id":"https:\/\/lavoixdelanation.tg\/index.php\/2025\/04\/25\/concours-efofat-2025-les-epreuves-ecrites-prevues-le-samedi-10-mai-2025\/#primaryimage","url":"https:\/\/lavoixdelanation.tg\/wp-content\/uploads\/2025\/04\/Concours-EFOFAT-2025-au-Togo.jpeg","contentUrl":"https:\/\/lavoixdelanation.tg\/wp-content\/uploads\/2025\/04\/Concours-EFOFAT-2025-au-Togo.jpeg","width":650,"height":437},{"@type":"BreadcrumbList","@id":"https:\/\/lavoixdelanation.tg\/index.php\/2025\/04\/25\/concours-efofat-2025-les-epreuves-ecrites-prevues-le-samedi-10-mai-2025\/#breadcrumb","itemListElement":[{"@type":"ListItem","position":1,"name":"Accueil","item":"https:\/\/lavoixdelanation.tg\/"},{"@type":"ListItem","position":2,"name":"Concours EFOFAT 2025\u00a0: Les \u00e9preuves \u00e9crites pr\u00e9vues le samedi 10 mai 2025"}]},{"@type":"WebSite","@id":"https:\/\/lavoixdelanation.tg\/#website","url":"https:\/\/lavoixdelanation.tg\/","name":"La Voix de la Nation","description":"R\u00e9c\u00e9piss\u00e9 n\u00b00108\/HAAC\/01-2024\/pl\/P","publisher":{"@id":"https:\/\/lavoixdelanation.tg\/#organization"},"alternateName":"VON","potentialAction":[{"@type":"SearchAction","target":{"@type":"EntryPoint","urlTemplate":"https:\/\/lavoixdelanation.tg\/?s={search_term_string}"},"query-input":{"@type":"PropertyValueSpecification","valueRequired":true,"valueName":"search_term_string"}}],"inLanguage":"fr-FR"},{"@type":"Organization","@id":"https:\/\/lavoixdelanation.tg\/#organization","name":"La Voix de la Nation","url":"https:\/\/lavoixdelanation.tg\/","logo":{"@type":"ImageObject","inLanguage":"fr-FR","@id":"https:\/\/lavoixdelanation.tg\/#\/schema\/logo\/image\/","url":"https:\/\/lavoixdelanation.tg\/wp-content\/uploads\/2024\/12\/lavn-1.png","contentUrl":"https:\/\/lavoixdelanation.tg\/wp-content\/uploads\/2024\/12\/lavn-1.png","width":1024,"height":464,"caption":"La Voix de la Nation"},"image":{"@id":"https:\/\/lavoixdelanation.tg\/#\/schema\/logo\/image\/"},"sameAs":["https:\/\/www.facebook.com\/lavoixdelanation"]},{"@type":"Person","@id":"https:\/\/lavoixdelanation.tg\/#\/schema\/person\/6c489293aa38053673a9e554acb6e224","name":"La voix de la nation","image":{"@type":"ImageObject","inLanguage":"fr-FR","@id":"https:\/\/lavoixdelanation.tg\/#\/schema\/person\/image\/","url":"https:\/\/secure.gravatar.com\/avatar\/8aa135d4bbc794494cecaa8d483f6d6cc1023624868deaff686baed5e727a5a1?s=96&d=mm&r=g","contentUrl":"https:\/\/secure.gravatar.com\/avatar\/8aa135d4bbc794494cecaa8d483f6d6cc1023624868deaff686baed5e727a5a1?s=96&d=mm&r=g","caption":"La voix de la nation"},"sameAs":["https:\/\/lavoixdelanation.tg"],"url":"https:\/\/lavoixdelanation.tg\/index.php\/author\/lavn\/"}]}},"_links":{"self":[{"href":"https:\/\/lavoixdelanation.tg\/index.php\/wp-json\/wp\/v2\/posts\/2708","targetHints":{"allow":["GET"]}}],"collection":[{"href":"https:\/\/lavoixdelanation.tg\/index.php\/wp-json\/wp\/v2\/posts"}],"about":[{"href":"https:\/\/lavoixdelanation.tg\/index.php\/wp-json\/wp\/v2\/types\/post"}],"author":[{"embeddable":true,"href":"https:\/\/lavoixdelanation.tg\/index.php\/wp-json\/wp\/v2\/users\/1"}],"replies":[{"embeddable":true,"href":"https:\/\/lavoixdelanation.tg\/index.php\/wp-json\/wp\/v2\/comments?post=2708"}],"version-history":[{"count":1,"href":"https:\/\/lavoixdelanation.tg\/index.php\/wp-json\/wp\/v2\/posts\/2708\/revisions"}],"predecessor-version":[{"id":2711,"href":"https:\/\/lavoixdelanation.tg\/index.php\/wp-json\/wp\/v2\/posts\/2708\/revisions\/2711"}],"wp:featuredmedia":[{"embeddable":true,"href":"https:\/\/lavoixdelanation.tg\/index.php\/wp-json\/wp\/v2\/media\/2709"}],"wp:attachment":[{"href":"https:\/\/lavoixdelanation.tg\/index.php\/wp-json\/wp\/v2\/media?parent=2708"}],"wp:term":[{"taxonomy":"category","embeddable":true,"href":"https:\/\/lavoixdelanation.tg\/index.php\/wp-json\/wp\/v2\/categories?post=2708"},{"taxonomy":"post_tag","embeddable":true,"href":"https:\/\/lavoixdelanation.tg\/index.php\/wp-json\/wp\/v2\/tags?post=2708"}],"curies":[{"name":"wp","href":"https:\/\/api.w.org\/{rel}","templated":true}]}}