{"id":2705,"date":"2025-04-24T21:32:00","date_gmt":"2025-04-24T19:32:00","guid":{"rendered":"https:\/\/lavoixdelanation.tg\/?p=2705"},"modified":"2025-04-25T08:44:55","modified_gmt":"2025-04-25T06:44:55","slug":"mediation-rdc-rwanda-faure-gnassingbe-recoit-le-soutien-des-nations-unies","status":"publish","type":"post","link":"https:\/\/lavoixdelanation.tg\/index.php\/2025\/04\/24\/mediation-rdc-rwanda-faure-gnassingbe-recoit-le-soutien-des-nations-unies\/","title":{"rendered":"M\u00e9diation RDC-Rwanda : Faure Gnassingb\u00e9 re\u00e7oit le soutien des Nations Unies"},"content":{"rendered":"\n<p><strong>Le chef de l\u2019Etat Faure Gnassingb\u00e9 s\u2019est entretenu ce 24 avril 2025 \u00e0 Lom\u00e9, avec Huang Xia,<\/strong> <strong>envoy\u00e9 sp\u00e9cial du Secr\u00e9taire g\u00e9n\u00e9ral des Nations unies pour la r\u00e9gion des Grands Lacs.<\/strong><\/p>\n\n\n\n<p>Selon une note de la Pr\u00e9sidence de la R\u00e9publique, les \u00e9changes ont essentiellement port\u00e9 sur les questions de paix et de s\u00e9curit\u00e9 en Afrique notamment l\u2019\u00e9volution des efforts de m\u00e9diation du chef de l\u2019Etat entre le Rwanda et la R\u00e9publique D\u00e9mocratique du Congo (RDC).<\/p>\n\n\n\n<p>Le document renseigne que l\u2019Envoy\u00e9 sp\u00e9cial du Secr\u00e9taire g\u00e9n\u00e9ral des Nations unies pour la r\u00e9gion des grands Lacs a exprim\u00e9 la volont\u00e9 des Nations unies de soutenir le Togo dans cette noble mission pour la paix et la stabilit\u00e9 dans cette r\u00e9gion du continent.<\/p>\n\n\n\n<p>\u00ab Notre visite s\u2019inscrit dans le cadre du mandat du Pr\u00e9sident de la R\u00e9publique comme m\u00e9diateur de l\u2019Union africaine. Nous avons parl\u00e9 des efforts de paix r\u00e9gionaux africains pour mieux relever les d\u00e9fis de paix et de s\u00e9curit\u00e9 dans la r\u00e9gion des Grands Lacs. J\u2019ai tenu \u00e0 dire au Pr\u00e9sident la disponibilit\u00e9 compl\u00e8te du bureau du Secr\u00e9taire g\u00e9n\u00e9ral pour la r\u00e9gion des Grands Lacs \u00e0 accompagner les autorit\u00e9s togolaises dans les efforts de m\u00e9diation \u00bb a pr\u00e9cis\u00e9 Huang Xia.<\/p>\n\n\n\n<p>Pour rappel, le dirigeant togolais a \u00e9t\u00e9 officiellement d\u00e9sign\u00e9 le 12 avril dernier par l\u2019Union africaine (UA) comme nouveau M\u00e9diateur de la crise entre la RDC, le Rwanda et le Mouvement du 23 mars (M23) suite \u00e0 une proposition de nomination par le bureau de l\u2019Assembl\u00e9e de l\u2019instance continentale.<\/p>\n\n\n\n<p>Sur place \u00e0 Lom\u00e9, l\u2019Envoy\u00e9 sp\u00e9cial du Secr\u00e9taire g\u00e9n\u00e9ral des Nations unies a f\u00e9licit\u00e9 Faure Gnassingb\u00e9 pour la qualit\u00e9 du partenariat entre le Togo et les Nations unies qui travaillent \u00e9troitement \u00e0 travers les diff\u00e9rentes entit\u00e9s repr\u00e9sent\u00e9es dans le pays.<\/p>\n","protected":false},"excerpt":{"rendered":"<p>Le chef de l\u2019Etat Faure Gnassingb\u00e9 s\u2019est entretenu ce 24 avril 2025 \u00e0 Lom\u00e9, avec Huang Xia, envoy\u00e9 sp\u00e9cial du Secr\u00e9taire g\u00e9n\u00e9ral des Nations unies pour la r\u00e9gion des Grands&hellip; <\/p>\n","protected":false},"author":1,"featured_media":2706,"comment_status":"open","ping_status":"open","sticky":false,"template":"","format":"standard","meta":{"footnotes":""},"categories":[12],"tags":[],"class_list":["post-2705","post","type-post","status-publish","format-standard","has-post-thumbnail","hentry","category-diplomatie"],"yoast_head":"<!-- This site is optimized with the Yoast SEO plugin v26.4 - https:\/\/yoast.com\/wordpress\/plugins\/seo\/ -->\n<title>M\u00e9diation RDC-Rwanda : Faure Gnassingb\u00e9 re\u00e7oit le soutien des Nations Unies - La Voix de la Nation<\/title>\n<meta name=\"robots\" content=\"index, follow, max-snippet:-1, max-image-preview:large, max-video-preview:-1\" \/>\n<link rel=\"canonical\" href=\"https:\/\/lavoixdelanation.tg\/index.php\/2025\/04\/24\/mediation-rdc-rwanda-faure-gnassingbe-recoit-le-soutien-des-nations-unies\/\" \/>\n<meta property=\"og:locale\" content=\"fr_FR\" \/>\n<meta property=\"og:type\" content=\"article\" \/>\n<meta property=\"og:title\" content=\"M\u00e9diation RDC-Rwanda : Faure Gnassingb\u00e9 re\u00e7oit le soutien des Nations Unies - La Voix de la Nation\" \/>\n<meta property=\"og:description\" content=\"Le chef de l\u2019Etat Faure Gnassingb\u00e9 s\u2019est entretenu ce 24 avril 2025 \u00e0 Lom\u00e9, avec Huang Xia, envoy\u00e9 sp\u00e9cial du Secr\u00e9taire g\u00e9n\u00e9ral des Nations unies pour la r\u00e9gion des Grands&hellip;\" \/>\n<meta property=\"og:url\" content=\"https:\/\/lavoixdelanation.tg\/index.php\/2025\/04\/24\/mediation-rdc-rwanda-faure-gnassingbe-recoit-le-soutien-des-nations-unies\/\" \/>\n<meta property=\"og:site_name\" content=\"La Voix de la Nation\" \/>\n<meta property=\"article:publisher\" content=\"https:\/\/www.facebook.com\/lavoixdelanation\" \/>\n<meta property=\"article:published_time\" content=\"2025-04-24T19:32:00+00:00\" \/>\n<meta property=\"article:modified_time\" content=\"2025-04-25T06:44:55+00:00\" \/>\n<meta property=\"og:image\" content=\"https:\/\/lavoixdelanation.tg\/wp-content\/uploads\/2025\/04\/Faure-Gnassingbe-et-Huang-Xia-a-Lome.jpg\" \/>\n\t<meta property=\"og:image:width\" content=\"1600\" \/>\n\t<meta property=\"og:image:height\" content=\"1213\" \/>\n\t<meta property=\"og:image:type\" content=\"image\/jpeg\" \/>\n<meta name=\"author\" content=\"La voix de la nation\" \/>\n<meta name=\"twitter:card\" content=\"summary_large_image\" \/>\n<meta name=\"twitter:label1\" content=\"\u00c9crit par\" \/>\n\t<meta name=\"twitter:data1\" content=\"La voix de la nation\" \/>\n\t<meta name=\"twitter:label2\" content=\"Dur\u00e9e de lecture estim\u00e9e\" \/>\n\t<meta name=\"twitter:data2\" content=\"2 minutes\" \/>\n<script type=\"application\/ld+json\" class=\"yoast-schema-graph\">{\"@context\":\"https:\/\/schema.org\",\"@graph\":[{\"@type\":\"Article\",\"@id\":\"https:\/\/lavoixdelanation.tg\/index.php\/2025\/04\/24\/mediation-rdc-rwanda-faure-gnassingbe-recoit-le-soutien-des-nations-unies\/#article\",\"isPartOf\":{\"@id\":\"https:\/\/lavoixdelanation.tg\/index.php\/2025\/04\/24\/mediation-rdc-rwanda-faure-gnassingbe-recoit-le-soutien-des-nations-unies\/\"},\"author\":{\"name\":\"La voix de la nation\",\"@id\":\"https:\/\/lavoixdelanation.tg\/#\/schema\/person\/6c489293aa38053673a9e554acb6e224\"},\"headline\":\"M\u00e9diation RDC-Rwanda : Faure Gnassingb\u00e9 re\u00e7oit le soutien des Nations Unies\",\"datePublished\":\"2025-04-24T19:32:00+00:00\",\"dateModified\":\"2025-04-25T06:44:55+00:00\",\"mainEntityOfPage\":{\"@id\":\"https:\/\/lavoixdelanation.tg\/index.php\/2025\/04\/24\/mediation-rdc-rwanda-faure-gnassingbe-recoit-le-soutien-des-nations-unies\/\"},\"wordCount\":344,\"commentCount\":0,\"publisher\":{\"@id\":\"https:\/\/lavoixdelanation.tg\/#organization\"},\"image\":{\"@id\":\"https:\/\/lavoixdelanation.tg\/index.php\/2025\/04\/24\/mediation-rdc-rwanda-faure-gnassingbe-recoit-le-soutien-des-nations-unies\/#primaryimage\"},\"thumbnailUrl\":\"https:\/\/lavoixdelanation.tg\/wp-content\/uploads\/2025\/04\/Faure-Gnassingbe-et-Huang-Xia-a-Lome.jpg\",\"articleSection\":[\"Diplomatie\"],\"inLanguage\":\"fr-FR\",\"potentialAction\":[{\"@type\":\"CommentAction\",\"name\":\"Comment\",\"target\":[\"https:\/\/lavoixdelanation.tg\/index.php\/2025\/04\/24\/mediation-rdc-rwanda-faure-gnassingbe-recoit-le-soutien-des-nations-unies\/#respond\"]}]},{\"@type\":\"WebPage\",\"@id\":\"https:\/\/lavoixdelanation.tg\/index.php\/2025\/04\/24\/mediation-rdc-rwanda-faure-gnassingbe-recoit-le-soutien-des-nations-unies\/\",\"url\":\"https:\/\/lavoixdelanation.tg\/index.php\/2025\/04\/24\/mediation-rdc-rwanda-faure-gnassingbe-recoit-le-soutien-des-nations-unies\/\",\"name\":\"M\u00e9diation RDC-Rwanda : Faure Gnassingb\u00e9 re\u00e7oit le soutien des Nations Unies - La Voix de la Nation\",\"isPartOf\":{\"@id\":\"https:\/\/lavoixdelanation.tg\/#website\"},\"primaryImageOfPage\":{\"@id\":\"https:\/\/lavoixdelanation.tg\/index.php\/2025\/04\/24\/mediation-rdc-rwanda-faure-gnassingbe-recoit-le-soutien-des-nations-unies\/#primaryimage\"},\"image\":{\"@id\":\"https:\/\/lavoixdelanation.tg\/index.php\/2025\/04\/24\/mediation-rdc-rwanda-faure-gnassingbe-recoit-le-soutien-des-nations-unies\/#primaryimage\"},\"thumbnailUrl\":\"https:\/\/lavoixdelanation.tg\/wp-content\/uploads\/2025\/04\/Faure-Gnassingbe-et-Huang-Xia-a-Lome.jpg\",\"datePublished\":\"2025-04-24T19:32:00+00:00\",\"dateModified\":\"2025-04-25T06:44:55+00:00\",\"breadcrumb\":{\"@id\":\"https:\/\/lavoixdelanation.tg\/index.php\/2025\/04\/24\/mediation-rdc-rwanda-faure-gnassingbe-recoit-le-soutien-des-nations-unies\/#breadcrumb\"},\"inLanguage\":\"fr-FR\",\"potentialAction\":[{\"@type\":\"ReadAction\",\"target\":[\"https:\/\/lavoixdelanation.tg\/index.php\/2025\/04\/24\/mediation-rdc-rwanda-faure-gnassingbe-recoit-le-soutien-des-nations-unies\/\"]}]},{\"@type\":\"ImageObject\",\"inLanguage\":\"fr-FR\",\"@id\":\"https:\/\/lavoixdelanation.tg\/index.php\/2025\/04\/24\/mediation-rdc-rwanda-faure-gnassingbe-recoit-le-soutien-des-nations-unies\/#primaryimage\",\"url\":\"https:\/\/lavoixdelanation.tg\/wp-content\/uploads\/2025\/04\/Faure-Gnassingbe-et-Huang-Xia-a-Lome.jpg\",\"contentUrl\":\"https:\/\/lavoixdelanation.tg\/wp-content\/uploads\/2025\/04\/Faure-Gnassingbe-et-Huang-Xia-a-Lome.jpg\",\"width\":1600,\"height\":1213,\"caption\":\"Faure Gnassingb\u00e9 et Huang Xia \u00e0 Lom\u00e9\"},{\"@type\":\"BreadcrumbList\",\"@id\":\"https:\/\/lavoixdelanation.tg\/index.php\/2025\/04\/24\/mediation-rdc-rwanda-faure-gnassingbe-recoit-le-soutien-des-nations-unies\/#breadcrumb\",\"itemListElement\":[{\"@type\":\"ListItem\",\"position\":1,\"name\":\"Accueil\",\"item\":\"https:\/\/lavoixdelanation.tg\/\"},{\"@type\":\"ListItem\",\"position\":2,\"name\":\"M\u00e9diation RDC-Rwanda : Faure Gnassingb\u00e9 re\u00e7oit le soutien des Nations Unies\"}]},{\"@type\":\"WebSite\",\"@id\":\"https:\/\/lavoixdelanation.tg\/#website\",\"url\":\"https:\/\/lavoixdelanation.tg\/\",\"name\":\"La Voix de la Nation\",\"description\":\"R\u00e9c\u00e9piss\u00e9 n\u00b00108\/HAAC\/01-2024\/pl\/P\",\"publisher\":{\"@id\":\"https:\/\/lavoixdelanation.tg\/#organization\"},\"alternateName\":\"VON\",\"potentialAction\":[{\"@type\":\"SearchAction\",\"target\":{\"@type\":\"EntryPoint\",\"urlTemplate\":\"https:\/\/lavoixdelanation.tg\/?s={search_term_string}\"},\"query-input\":{\"@type\":\"PropertyValueSpecification\",\"valueRequired\":true,\"valueName\":\"search_term_string\"}}],\"inLanguage\":\"fr-FR\"},{\"@type\":\"Organization\",\"@id\":\"https:\/\/lavoixdelanation.tg\/#organization\",\"name\":\"La Voix de la Nation\",\"url\":\"https:\/\/lavoixdelanation.tg\/\",\"logo\":{\"@type\":\"ImageObject\",\"inLanguage\":\"fr-FR\",\"@id\":\"https:\/\/lavoixdelanation.tg\/#\/schema\/logo\/image\/\",\"url\":\"https:\/\/lavoixdelanation.tg\/wp-content\/uploads\/2024\/12\/lavn-1.png\",\"contentUrl\":\"https:\/\/lavoixdelanation.tg\/wp-content\/uploads\/2024\/12\/lavn-1.png\",\"width\":1024,\"height\":464,\"caption\":\"La Voix de la Nation\"},\"image\":{\"@id\":\"https:\/\/lavoixdelanation.tg\/#\/schema\/logo\/image\/\"},\"sameAs\":[\"https:\/\/www.facebook.com\/lavoixdelanation\"]},{\"@type\":\"Person\",\"@id\":\"https:\/\/lavoixdelanation.tg\/#\/schema\/person\/6c489293aa38053673a9e554acb6e224\",\"name\":\"La voix de la nation\",\"image\":{\"@type\":\"ImageObject\",\"inLanguage\":\"fr-FR\",\"@id\":\"https:\/\/lavoixdelanation.tg\/#\/schema\/person\/image\/\",\"url\":\"https:\/\/secure.gravatar.com\/avatar\/8aa135d4bbc794494cecaa8d483f6d6cc1023624868deaff686baed5e727a5a1?s=96&d=mm&r=g\",\"contentUrl\":\"https:\/\/secure.gravatar.com\/avatar\/8aa135d4bbc794494cecaa8d483f6d6cc1023624868deaff686baed5e727a5a1?s=96&d=mm&r=g\",\"caption\":\"La voix de la nation\"},\"sameAs\":[\"https:\/\/lavoixdelanation.tg\"],\"url\":\"https:\/\/lavoixdelanation.tg\/index.php\/author\/lavn\/\"}]}<\/script>\n<!-- \/ Yoast SEO plugin. -->","yoast_head_json":{"title":"M\u00e9diation RDC-Rwanda : Faure Gnassingb\u00e9 re\u00e7oit le soutien des Nations Unies - La Voix de la Nation","robots":{"index":"index","follow":"follow","max-snippet":"max-snippet:-1","max-image-preview":"max-image-preview:large","max-video-preview":"max-video-preview:-1"},"canonical":"https:\/\/lavoixdelanation.tg\/index.php\/2025\/04\/24\/mediation-rdc-rwanda-faure-gnassingbe-recoit-le-soutien-des-nations-unies\/","og_locale":"fr_FR","og_type":"article","og_title":"M\u00e9diation RDC-Rwanda : Faure Gnassingb\u00e9 re\u00e7oit le soutien des Nations Unies - La Voix de la Nation","og_description":"Le chef de l\u2019Etat Faure Gnassingb\u00e9 s\u2019est entretenu ce 24 avril 2025 \u00e0 Lom\u00e9, avec Huang Xia, envoy\u00e9 sp\u00e9cial du Secr\u00e9taire g\u00e9n\u00e9ral des Nations unies pour la r\u00e9gion des Grands&hellip;","og_url":"https:\/\/lavoixdelanation.tg\/index.php\/2025\/04\/24\/mediation-rdc-rwanda-faure-gnassingbe-recoit-le-soutien-des-nations-unies\/","og_site_name":"La Voix de la Nation","article_publisher":"https:\/\/www.facebook.com\/lavoixdelanation","article_published_time":"2025-04-24T19:32:00+00:00","article_modified_time":"2025-04-25T06:44:55+00:00","og_image":[{"width":1600,"height":1213,"url":"https:\/\/lavoixdelanation.tg\/wp-content\/uploads\/2025\/04\/Faure-Gnassingbe-et-Huang-Xia-a-Lome.jpg","type":"image\/jpeg"}],"author":"La voix de la nation","twitter_card":"summary_large_image","twitter_misc":{"\u00c9crit par":"La voix de la nation","Dur\u00e9e de lecture estim\u00e9e":"2 minutes"},"schema":{"@context":"https:\/\/schema.org","@graph":[{"@type":"Article","@id":"https:\/\/lavoixdelanation.tg\/index.php\/2025\/04\/24\/mediation-rdc-rwanda-faure-gnassingbe-recoit-le-soutien-des-nations-unies\/#article","isPartOf":{"@id":"https:\/\/lavoixdelanation.tg\/index.php\/2025\/04\/24\/mediation-rdc-rwanda-faure-gnassingbe-recoit-le-soutien-des-nations-unies\/"},"author":{"name":"La voix de la nation","@id":"https:\/\/lavoixdelanation.tg\/#\/schema\/person\/6c489293aa38053673a9e554acb6e224"},"headline":"M\u00e9diation RDC-Rwanda : Faure Gnassingb\u00e9 re\u00e7oit le soutien des Nations Unies","datePublished":"2025-04-24T19:32:00+00:00","dateModified":"2025-04-25T06:44:55+00:00","mainEntityOfPage":{"@id":"https:\/\/lavoixdelanation.tg\/index.php\/2025\/04\/24\/mediation-rdc-rwanda-faure-gnassingbe-recoit-le-soutien-des-nations-unies\/"},"wordCount":344,"commentCount":0,"publisher":{"@id":"https:\/\/lavoixdelanation.tg\/#organization"},"image":{"@id":"https:\/\/lavoixdelanation.tg\/index.php\/2025\/04\/24\/mediation-rdc-rwanda-faure-gnassingbe-recoit-le-soutien-des-nations-unies\/#primaryimage"},"thumbnailUrl":"https:\/\/lavoixdelanation.tg\/wp-content\/uploads\/2025\/04\/Faure-Gnassingbe-et-Huang-Xia-a-Lome.jpg","articleSection":["Diplomatie"],"inLanguage":"fr-FR","potentialAction":[{"@type":"CommentAction","name":"Comment","target":["https:\/\/lavoixdelanation.tg\/index.php\/2025\/04\/24\/mediation-rdc-rwanda-faure-gnassingbe-recoit-le-soutien-des-nations-unies\/#respond"]}]},{"@type":"WebPage","@id":"https:\/\/lavoixdelanation.tg\/index.php\/2025\/04\/24\/mediation-rdc-rwanda-faure-gnassingbe-recoit-le-soutien-des-nations-unies\/","url":"https:\/\/lavoixdelanation.tg\/index.php\/2025\/04\/24\/mediation-rdc-rwanda-faure-gnassingbe-recoit-le-soutien-des-nations-unies\/","name":"M\u00e9diation RDC-Rwanda : Faure Gnassingb\u00e9 re\u00e7oit le soutien des Nations Unies - La Voix de la Nation","isPartOf":{"@id":"https:\/\/lavoixdelanation.tg\/#website"},"primaryImageOfPage":{"@id":"https:\/\/lavoixdelanation.tg\/index.php\/2025\/04\/24\/mediation-rdc-rwanda-faure-gnassingbe-recoit-le-soutien-des-nations-unies\/#primaryimage"},"image":{"@id":"https:\/\/lavoixdelanation.tg\/index.php\/2025\/04\/24\/mediation-rdc-rwanda-faure-gnassingbe-recoit-le-soutien-des-nations-unies\/#primaryimage"},"thumbnailUrl":"https:\/\/lavoixdelanation.tg\/wp-content\/uploads\/2025\/04\/Faure-Gnassingbe-et-Huang-Xia-a-Lome.jpg","datePublished":"2025-04-24T19:32:00+00:00","dateModified":"2025-04-25T06:44:55+00:00","breadcrumb":{"@id":"https:\/\/lavoixdelanation.tg\/index.php\/2025\/04\/24\/mediation-rdc-rwanda-faure-gnassingbe-recoit-le-soutien-des-nations-unies\/#breadcrumb"},"inLanguage":"fr-FR","potentialAction":[{"@type":"ReadAction","target":["https:\/\/lavoixdelanation.tg\/index.php\/2025\/04\/24\/mediation-rdc-rwanda-faure-gnassingbe-recoit-le-soutien-des-nations-unies\/"]}]},{"@type":"ImageObject","inLanguage":"fr-FR","@id":"https:\/\/lavoixdelanation.tg\/index.php\/2025\/04\/24\/mediation-rdc-rwanda-faure-gnassingbe-recoit-le-soutien-des-nations-unies\/#primaryimage","url":"https:\/\/lavoixdelanation.tg\/wp-content\/uploads\/2025\/04\/Faure-Gnassingbe-et-Huang-Xia-a-Lome.jpg","contentUrl":"https:\/\/lavoixdelanation.tg\/wp-content\/uploads\/2025\/04\/Faure-Gnassingbe-et-Huang-Xia-a-Lome.jpg","width":1600,"height":1213,"caption":"Faure Gnassingb\u00e9 et Huang Xia \u00e0 Lom\u00e9"},{"@type":"BreadcrumbList","@id":"https:\/\/lavoixdelanation.tg\/index.php\/2025\/04\/24\/mediation-rdc-rwanda-faure-gnassingbe-recoit-le-soutien-des-nations-unies\/#breadcrumb","itemListElement":[{"@type":"ListItem","position":1,"name":"Accueil","item":"https:\/\/lavoixdelanation.tg\/"},{"@type":"ListItem","position":2,"name":"M\u00e9diation RDC-Rwanda : Faure Gnassingb\u00e9 re\u00e7oit le soutien des Nations Unies"}]},{"@type":"WebSite","@id":"https:\/\/lavoixdelanation.tg\/#website","url":"https:\/\/lavoixdelanation.tg\/","name":"La Voix de la Nation","description":"R\u00e9c\u00e9piss\u00e9 n\u00b00108\/HAAC\/01-2024\/pl\/P","publisher":{"@id":"https:\/\/lavoixdelanation.tg\/#organization"},"alternateName":"VON","potentialAction":[{"@type":"SearchAction","target":{"@type":"EntryPoint","urlTemplate":"https:\/\/lavoixdelanation.tg\/?s={search_term_string}"},"query-input":{"@type":"PropertyValueSpecification","valueRequired":true,"valueName":"search_term_string"}}],"inLanguage":"fr-FR"},{"@type":"Organization","@id":"https:\/\/lavoixdelanation.tg\/#organization","name":"La Voix de la Nation","url":"https:\/\/lavoixdelanation.tg\/","logo":{"@type":"ImageObject","inLanguage":"fr-FR","@id":"https:\/\/lavoixdelanation.tg\/#\/schema\/logo\/image\/","url":"https:\/\/lavoixdelanation.tg\/wp-content\/uploads\/2024\/12\/lavn-1.png","contentUrl":"https:\/\/lavoixdelanation.tg\/wp-content\/uploads\/2024\/12\/lavn-1.png","width":1024,"height":464,"caption":"La Voix de la Nation"},"image":{"@id":"https:\/\/lavoixdelanation.tg\/#\/schema\/logo\/image\/"},"sameAs":["https:\/\/www.facebook.com\/lavoixdelanation"]},{"@type":"Person","@id":"https:\/\/lavoixdelanation.tg\/#\/schema\/person\/6c489293aa38053673a9e554acb6e224","name":"La voix de la nation","image":{"@type":"ImageObject","inLanguage":"fr-FR","@id":"https:\/\/lavoixdelanation.tg\/#\/schema\/person\/image\/","url":"https:\/\/secure.gravatar.com\/avatar\/8aa135d4bbc794494cecaa8d483f6d6cc1023624868deaff686baed5e727a5a1?s=96&d=mm&r=g","contentUrl":"https:\/\/secure.gravatar.com\/avatar\/8aa135d4bbc794494cecaa8d483f6d6cc1023624868deaff686baed5e727a5a1?s=96&d=mm&r=g","caption":"La voix de la nation"},"sameAs":["https:\/\/lavoixdelanation.tg"],"url":"https:\/\/lavoixdelanation.tg\/index.php\/author\/lavn\/"}]}},"_links":{"self":[{"href":"https:\/\/lavoixdelanation.tg\/index.php\/wp-json\/wp\/v2\/posts\/2705","targetHints":{"allow":["GET"]}}],"collection":[{"href":"https:\/\/lavoixdelanation.tg\/index.php\/wp-json\/wp\/v2\/posts"}],"about":[{"href":"https:\/\/lavoixdelanation.tg\/index.php\/wp-json\/wp\/v2\/types\/post"}],"author":[{"embeddable":true,"href":"https:\/\/lavoixdelanation.tg\/index.php\/wp-json\/wp\/v2\/users\/1"}],"replies":[{"embeddable":true,"href":"https:\/\/lavoixdelanation.tg\/index.php\/wp-json\/wp\/v2\/comments?post=2705"}],"version-history":[{"count":1,"href":"https:\/\/lavoixdelanation.tg\/index.php\/wp-json\/wp\/v2\/posts\/2705\/revisions"}],"predecessor-version":[{"id":2707,"href":"https:\/\/lavoixdelanation.tg\/index.php\/wp-json\/wp\/v2\/posts\/2705\/revisions\/2707"}],"wp:featuredmedia":[{"embeddable":true,"href":"https:\/\/lavoixdelanation.tg\/index.php\/wp-json\/wp\/v2\/media\/2706"}],"wp:attachment":[{"href":"https:\/\/lavoixdelanation.tg\/index.php\/wp-json\/wp\/v2\/media?parent=2705"}],"wp:term":[{"taxonomy":"category","embeddable":true,"href":"https:\/\/lavoixdelanation.tg\/index.php\/wp-json\/wp\/v2\/categories?post=2705"},{"taxonomy":"post_tag","embeddable":true,"href":"https:\/\/lavoixdelanation.tg\/index.php\/wp-json\/wp\/v2\/tags?post=2705"}],"curies":[{"name":"wp","href":"https:\/\/api.w.org\/{rel}","templated":true}]}}