{"id":2699,"date":"2025-04-17T16:24:58","date_gmt":"2025-04-17T14:24:58","guid":{"rendered":"https:\/\/lavoixdelanation.tg\/?p=2699"},"modified":"2025-04-21T16:26:53","modified_gmt":"2025-04-21T14:26:53","slug":"crise-rwanda-rdc-faure-gnassingbe-en-mission-de-bons-offices-a-kinshasa","status":"publish","type":"post","link":"https:\/\/lavoixdelanation.tg\/index.php\/2025\/04\/17\/crise-rwanda-rdc-faure-gnassingbe-en-mission-de-bons-offices-a-kinshasa\/","title":{"rendered":"Crise Rwanda-RDC : Faure Gnassingb\u00e9 en mission de bons offices \u00e0 Kinshasa"},"content":{"rendered":"\n<p><strong>Dans le cadre de ses consultations diplomatiques de haut niveau pour la r\u00e9solution durable de la crise entre la R\u00e9publique D\u00e9mocratique du Congo (RDC), le Mouvement du 23 mars (M23) et le Rwanda, le chef de l\u2019Etat togolais Faure Gnassingb\u00e9 s\u2019est rendu \u00e0 Kinshasa pour une premi\u00e8re discussion avec le Pr\u00e9sident congolais F\u00e9lix Antoine Tshisekedi-Tshilombo.<\/strong><\/p>\n\n\n\n<p>Cette mission de bons offices fait suite \u00e0 celle effectu\u00e9e ce 16 avril 2025 \u00e0 Luanda o\u00f9 il a eu des \u00e9changes avec son homologue angolais Jo\u00e3o Louren\u00e7o, Pr\u00e9sident en exercice de la Conf\u00e9rence des chefs d\u2019Etat et de gouvernement l\u2019Union africaine (UA).<\/p>\n\n\n\n<p>Cette initiative diplomatique s\u2019inscrit dans une d\u00e9marche progressive de consultation des diff\u00e9rentes parties prenantes, en vue de poser les bases d\u2019un processus de paix et de r\u00e9conciliation dans l\u2019Est de la RDC.<\/p>\n\n\n\n<p>Selon une note de la Pr\u00e9sidence de la R\u00e9publique, le dirigeant togolais a r\u00e9it\u00e9r\u00e9 sa disponibilit\u00e9 \u00e0 \u0153uvrer pour la restauration d\u2019un dialogue constructif entre le Rwanda et la R\u00e9publique D\u00e9mocratique du Congo (RD), soulignant ainsi son engagement en faveur de la paix et l\u2019int\u00e9gration en Afrique.<\/p>\n\n\n\n<p>Il faut souligner que cette visite du chef de l\u2019Etat en RDC, fait suite \u00e0 sa d\u00e9signation par l\u2019Union africaine (UA) en tant que nouveau m\u00e9diateur dans la r\u00e9solution de la crise entre la RDC, le Rwanda et le Mouvement du 23 mars (M23).<\/p>\n\n\n\n<p><strong>Cris DADA<\/strong><\/p>\n","protected":false},"excerpt":{"rendered":"<p>Dans le cadre de ses consultations diplomatiques de haut niveau pour la r\u00e9solution durable de la crise entre la R\u00e9publique D\u00e9mocratique du Congo (RDC), le Mouvement du 23 mars (M23)&hellip; <\/p>\n","protected":false},"author":1,"featured_media":2700,"comment_status":"open","ping_status":"open","sticky":false,"template":"","format":"standard","meta":{"footnotes":""},"categories":[12,21],"tags":[626,45,625,627,39],"class_list":["post-2699","post","type-post","status-publish","format-standard","has-post-thumbnail","hentry","category-diplomatie","category-politique","tag-consultations-diplomatiques","tag-faure-gnassingbe","tag-felix-antoine-tshisekedi-tshilombo","tag-kinshasa","tag-togo"],"yoast_head":"<!-- This site is optimized with the Yoast SEO plugin v26.4 - https:\/\/yoast.com\/wordpress\/plugins\/seo\/ -->\n<title>Crise Rwanda-RDC : Faure Gnassingb\u00e9 en mission de bons offices \u00e0 Kinshasa - La Voix de la Nation<\/title>\n<meta name=\"robots\" content=\"index, follow, max-snippet:-1, max-image-preview:large, max-video-preview:-1\" \/>\n<link rel=\"canonical\" href=\"https:\/\/lavoixdelanation.tg\/index.php\/2025\/04\/17\/crise-rwanda-rdc-faure-gnassingbe-en-mission-de-bons-offices-a-kinshasa\/\" \/>\n<meta property=\"og:locale\" content=\"fr_FR\" \/>\n<meta property=\"og:type\" content=\"article\" \/>\n<meta property=\"og:title\" content=\"Crise Rwanda-RDC : Faure Gnassingb\u00e9 en mission de bons offices \u00e0 Kinshasa - La Voix de la Nation\" \/>\n<meta property=\"og:description\" content=\"Dans le cadre de ses consultations diplomatiques de haut niveau pour la r\u00e9solution durable de la crise entre la R\u00e9publique D\u00e9mocratique du Congo (RDC), le Mouvement du 23 mars (M23)&hellip;\" \/>\n<meta property=\"og:url\" content=\"https:\/\/lavoixdelanation.tg\/index.php\/2025\/04\/17\/crise-rwanda-rdc-faure-gnassingbe-en-mission-de-bons-offices-a-kinshasa\/\" \/>\n<meta property=\"og:site_name\" content=\"La Voix de la Nation\" \/>\n<meta property=\"article:publisher\" content=\"https:\/\/www.facebook.com\/lavoixdelanation\" \/>\n<meta property=\"article:published_time\" content=\"2025-04-17T14:24:58+00:00\" \/>\n<meta property=\"article:modified_time\" content=\"2025-04-21T14:26:53+00:00\" \/>\n<meta property=\"og:image\" content=\"https:\/\/lavoixdelanation.tg\/wp-content\/uploads\/2025\/04\/Faure-Gnassingbe-et-Felix-Antoine-Tshisekedi-Tshilombo-a-Kinshasa.jpg\" \/>\n\t<meta property=\"og:image:width\" content=\"650\" \/>\n\t<meta property=\"og:image:height\" content=\"446\" \/>\n\t<meta property=\"og:image:type\" content=\"image\/jpeg\" \/>\n<meta name=\"author\" content=\"La voix de la nation\" \/>\n<meta name=\"twitter:card\" content=\"summary_large_image\" \/>\n<meta name=\"twitter:label1\" content=\"\u00c9crit par\" \/>\n\t<meta name=\"twitter:data1\" content=\"La voix de la nation\" \/>\n\t<meta name=\"twitter:label2\" content=\"Dur\u00e9e de lecture estim\u00e9e\" \/>\n\t<meta name=\"twitter:data2\" content=\"2 minutes\" \/>\n<script type=\"application\/ld+json\" class=\"yoast-schema-graph\">{\"@context\":\"https:\/\/schema.org\",\"@graph\":[{\"@type\":\"Article\",\"@id\":\"https:\/\/lavoixdelanation.tg\/index.php\/2025\/04\/17\/crise-rwanda-rdc-faure-gnassingbe-en-mission-de-bons-offices-a-kinshasa\/#article\",\"isPartOf\":{\"@id\":\"https:\/\/lavoixdelanation.tg\/index.php\/2025\/04\/17\/crise-rwanda-rdc-faure-gnassingbe-en-mission-de-bons-offices-a-kinshasa\/\"},\"author\":{\"name\":\"La voix de la nation\",\"@id\":\"https:\/\/lavoixdelanation.tg\/#\/schema\/person\/6c489293aa38053673a9e554acb6e224\"},\"headline\":\"Crise Rwanda-RDC : Faure Gnassingb\u00e9 en mission de bons offices \u00e0 Kinshasa\",\"datePublished\":\"2025-04-17T14:24:58+00:00\",\"dateModified\":\"2025-04-21T14:26:53+00:00\",\"mainEntityOfPage\":{\"@id\":\"https:\/\/lavoixdelanation.tg\/index.php\/2025\/04\/17\/crise-rwanda-rdc-faure-gnassingbe-en-mission-de-bons-offices-a-kinshasa\/\"},\"wordCount\":259,\"commentCount\":0,\"publisher\":{\"@id\":\"https:\/\/lavoixdelanation.tg\/#organization\"},\"image\":{\"@id\":\"https:\/\/lavoixdelanation.tg\/index.php\/2025\/04\/17\/crise-rwanda-rdc-faure-gnassingbe-en-mission-de-bons-offices-a-kinshasa\/#primaryimage\"},\"thumbnailUrl\":\"https:\/\/lavoixdelanation.tg\/wp-content\/uploads\/2025\/04\/Faure-Gnassingbe-et-Felix-Antoine-Tshisekedi-Tshilombo-a-Kinshasa.jpg\",\"keywords\":[\"consultations diplomatiques\",\"Faure Gnassingb\u00e9\",\"F\u00e9lix Antoine Tshisekedi-Tshilombo\",\"Kinshasa\",\"Togo\"],\"articleSection\":[\"Diplomatie\",\"Politique\"],\"inLanguage\":\"fr-FR\",\"potentialAction\":[{\"@type\":\"CommentAction\",\"name\":\"Comment\",\"target\":[\"https:\/\/lavoixdelanation.tg\/index.php\/2025\/04\/17\/crise-rwanda-rdc-faure-gnassingbe-en-mission-de-bons-offices-a-kinshasa\/#respond\"]}]},{\"@type\":\"WebPage\",\"@id\":\"https:\/\/lavoixdelanation.tg\/index.php\/2025\/04\/17\/crise-rwanda-rdc-faure-gnassingbe-en-mission-de-bons-offices-a-kinshasa\/\",\"url\":\"https:\/\/lavoixdelanation.tg\/index.php\/2025\/04\/17\/crise-rwanda-rdc-faure-gnassingbe-en-mission-de-bons-offices-a-kinshasa\/\",\"name\":\"Crise Rwanda-RDC : Faure Gnassingb\u00e9 en mission de bons offices \u00e0 Kinshasa - La Voix de la Nation\",\"isPartOf\":{\"@id\":\"https:\/\/lavoixdelanation.tg\/#website\"},\"primaryImageOfPage\":{\"@id\":\"https:\/\/lavoixdelanation.tg\/index.php\/2025\/04\/17\/crise-rwanda-rdc-faure-gnassingbe-en-mission-de-bons-offices-a-kinshasa\/#primaryimage\"},\"image\":{\"@id\":\"https:\/\/lavoixdelanation.tg\/index.php\/2025\/04\/17\/crise-rwanda-rdc-faure-gnassingbe-en-mission-de-bons-offices-a-kinshasa\/#primaryimage\"},\"thumbnailUrl\":\"https:\/\/lavoixdelanation.tg\/wp-content\/uploads\/2025\/04\/Faure-Gnassingbe-et-Felix-Antoine-Tshisekedi-Tshilombo-a-Kinshasa.jpg\",\"datePublished\":\"2025-04-17T14:24:58+00:00\",\"dateModified\":\"2025-04-21T14:26:53+00:00\",\"breadcrumb\":{\"@id\":\"https:\/\/lavoixdelanation.tg\/index.php\/2025\/04\/17\/crise-rwanda-rdc-faure-gnassingbe-en-mission-de-bons-offices-a-kinshasa\/#breadcrumb\"},\"inLanguage\":\"fr-FR\",\"potentialAction\":[{\"@type\":\"ReadAction\",\"target\":[\"https:\/\/lavoixdelanation.tg\/index.php\/2025\/04\/17\/crise-rwanda-rdc-faure-gnassingbe-en-mission-de-bons-offices-a-kinshasa\/\"]}]},{\"@type\":\"ImageObject\",\"inLanguage\":\"fr-FR\",\"@id\":\"https:\/\/lavoixdelanation.tg\/index.php\/2025\/04\/17\/crise-rwanda-rdc-faure-gnassingbe-en-mission-de-bons-offices-a-kinshasa\/#primaryimage\",\"url\":\"https:\/\/lavoixdelanation.tg\/wp-content\/uploads\/2025\/04\/Faure-Gnassingbe-et-Felix-Antoine-Tshisekedi-Tshilombo-a-Kinshasa.jpg\",\"contentUrl\":\"https:\/\/lavoixdelanation.tg\/wp-content\/uploads\/2025\/04\/Faure-Gnassingbe-et-Felix-Antoine-Tshisekedi-Tshilombo-a-Kinshasa.jpg\",\"width\":650,\"height\":446,\"caption\":\"Faure Gnassingb\u00e9 et F\u00e9lix Antoine Tshisekedi-Tshilombo \u00e0 Kinshasa\"},{\"@type\":\"BreadcrumbList\",\"@id\":\"https:\/\/lavoixdelanation.tg\/index.php\/2025\/04\/17\/crise-rwanda-rdc-faure-gnassingbe-en-mission-de-bons-offices-a-kinshasa\/#breadcrumb\",\"itemListElement\":[{\"@type\":\"ListItem\",\"position\":1,\"name\":\"Accueil\",\"item\":\"https:\/\/lavoixdelanation.tg\/\"},{\"@type\":\"ListItem\",\"position\":2,\"name\":\"Crise Rwanda-RDC : Faure Gnassingb\u00e9 en mission de bons offices \u00e0 Kinshasa\"}]},{\"@type\":\"WebSite\",\"@id\":\"https:\/\/lavoixdelanation.tg\/#website\",\"url\":\"https:\/\/lavoixdelanation.tg\/\",\"name\":\"La Voix de la Nation\",\"description\":\"R\u00e9c\u00e9piss\u00e9 n\u00b00108\/HAAC\/01-2024\/pl\/P\",\"publisher\":{\"@id\":\"https:\/\/lavoixdelanation.tg\/#organization\"},\"alternateName\":\"VON\",\"potentialAction\":[{\"@type\":\"SearchAction\",\"target\":{\"@type\":\"EntryPoint\",\"urlTemplate\":\"https:\/\/lavoixdelanation.tg\/?s={search_term_string}\"},\"query-input\":{\"@type\":\"PropertyValueSpecification\",\"valueRequired\":true,\"valueName\":\"search_term_string\"}}],\"inLanguage\":\"fr-FR\"},{\"@type\":\"Organization\",\"@id\":\"https:\/\/lavoixdelanation.tg\/#organization\",\"name\":\"La Voix de la Nation\",\"url\":\"https:\/\/lavoixdelanation.tg\/\",\"logo\":{\"@type\":\"ImageObject\",\"inLanguage\":\"fr-FR\",\"@id\":\"https:\/\/lavoixdelanation.tg\/#\/schema\/logo\/image\/\",\"url\":\"https:\/\/lavoixdelanation.tg\/wp-content\/uploads\/2024\/12\/lavn-1.png\",\"contentUrl\":\"https:\/\/lavoixdelanation.tg\/wp-content\/uploads\/2024\/12\/lavn-1.png\",\"width\":1024,\"height\":464,\"caption\":\"La Voix de la Nation\"},\"image\":{\"@id\":\"https:\/\/lavoixdelanation.tg\/#\/schema\/logo\/image\/\"},\"sameAs\":[\"https:\/\/www.facebook.com\/lavoixdelanation\"]},{\"@type\":\"Person\",\"@id\":\"https:\/\/lavoixdelanation.tg\/#\/schema\/person\/6c489293aa38053673a9e554acb6e224\",\"name\":\"La voix de la nation\",\"image\":{\"@type\":\"ImageObject\",\"inLanguage\":\"fr-FR\",\"@id\":\"https:\/\/lavoixdelanation.tg\/#\/schema\/person\/image\/\",\"url\":\"https:\/\/secure.gravatar.com\/avatar\/8aa135d4bbc794494cecaa8d483f6d6cc1023624868deaff686baed5e727a5a1?s=96&d=mm&r=g\",\"contentUrl\":\"https:\/\/secure.gravatar.com\/avatar\/8aa135d4bbc794494cecaa8d483f6d6cc1023624868deaff686baed5e727a5a1?s=96&d=mm&r=g\",\"caption\":\"La voix de la nation\"},\"sameAs\":[\"https:\/\/lavoixdelanation.tg\"],\"url\":\"https:\/\/lavoixdelanation.tg\/index.php\/author\/lavn\/\"}]}<\/script>\n<!-- \/ Yoast SEO plugin. -->","yoast_head_json":{"title":"Crise Rwanda-RDC : Faure Gnassingb\u00e9 en mission de bons offices \u00e0 Kinshasa - La Voix de la Nation","robots":{"index":"index","follow":"follow","max-snippet":"max-snippet:-1","max-image-preview":"max-image-preview:large","max-video-preview":"max-video-preview:-1"},"canonical":"https:\/\/lavoixdelanation.tg\/index.php\/2025\/04\/17\/crise-rwanda-rdc-faure-gnassingbe-en-mission-de-bons-offices-a-kinshasa\/","og_locale":"fr_FR","og_type":"article","og_title":"Crise Rwanda-RDC : Faure Gnassingb\u00e9 en mission de bons offices \u00e0 Kinshasa - La Voix de la Nation","og_description":"Dans le cadre de ses consultations diplomatiques de haut niveau pour la r\u00e9solution durable de la crise entre la R\u00e9publique D\u00e9mocratique du Congo (RDC), le Mouvement du 23 mars (M23)&hellip;","og_url":"https:\/\/lavoixdelanation.tg\/index.php\/2025\/04\/17\/crise-rwanda-rdc-faure-gnassingbe-en-mission-de-bons-offices-a-kinshasa\/","og_site_name":"La Voix de la Nation","article_publisher":"https:\/\/www.facebook.com\/lavoixdelanation","article_published_time":"2025-04-17T14:24:58+00:00","article_modified_time":"2025-04-21T14:26:53+00:00","og_image":[{"width":650,"height":446,"url":"https:\/\/lavoixdelanation.tg\/wp-content\/uploads\/2025\/04\/Faure-Gnassingbe-et-Felix-Antoine-Tshisekedi-Tshilombo-a-Kinshasa.jpg","type":"image\/jpeg"}],"author":"La voix de la nation","twitter_card":"summary_large_image","twitter_misc":{"\u00c9crit par":"La voix de la nation","Dur\u00e9e de lecture estim\u00e9e":"2 minutes"},"schema":{"@context":"https:\/\/schema.org","@graph":[{"@type":"Article","@id":"https:\/\/lavoixdelanation.tg\/index.php\/2025\/04\/17\/crise-rwanda-rdc-faure-gnassingbe-en-mission-de-bons-offices-a-kinshasa\/#article","isPartOf":{"@id":"https:\/\/lavoixdelanation.tg\/index.php\/2025\/04\/17\/crise-rwanda-rdc-faure-gnassingbe-en-mission-de-bons-offices-a-kinshasa\/"},"author":{"name":"La voix de la nation","@id":"https:\/\/lavoixdelanation.tg\/#\/schema\/person\/6c489293aa38053673a9e554acb6e224"},"headline":"Crise Rwanda-RDC : Faure Gnassingb\u00e9 en mission de bons offices \u00e0 Kinshasa","datePublished":"2025-04-17T14:24:58+00:00","dateModified":"2025-04-21T14:26:53+00:00","mainEntityOfPage":{"@id":"https:\/\/lavoixdelanation.tg\/index.php\/2025\/04\/17\/crise-rwanda-rdc-faure-gnassingbe-en-mission-de-bons-offices-a-kinshasa\/"},"wordCount":259,"commentCount":0,"publisher":{"@id":"https:\/\/lavoixdelanation.tg\/#organization"},"image":{"@id":"https:\/\/lavoixdelanation.tg\/index.php\/2025\/04\/17\/crise-rwanda-rdc-faure-gnassingbe-en-mission-de-bons-offices-a-kinshasa\/#primaryimage"},"thumbnailUrl":"https:\/\/lavoixdelanation.tg\/wp-content\/uploads\/2025\/04\/Faure-Gnassingbe-et-Felix-Antoine-Tshisekedi-Tshilombo-a-Kinshasa.jpg","keywords":["consultations diplomatiques","Faure Gnassingb\u00e9","F\u00e9lix Antoine Tshisekedi-Tshilombo","Kinshasa","Togo"],"articleSection":["Diplomatie","Politique"],"inLanguage":"fr-FR","potentialAction":[{"@type":"CommentAction","name":"Comment","target":["https:\/\/lavoixdelanation.tg\/index.php\/2025\/04\/17\/crise-rwanda-rdc-faure-gnassingbe-en-mission-de-bons-offices-a-kinshasa\/#respond"]}]},{"@type":"WebPage","@id":"https:\/\/lavoixdelanation.tg\/index.php\/2025\/04\/17\/crise-rwanda-rdc-faure-gnassingbe-en-mission-de-bons-offices-a-kinshasa\/","url":"https:\/\/lavoixdelanation.tg\/index.php\/2025\/04\/17\/crise-rwanda-rdc-faure-gnassingbe-en-mission-de-bons-offices-a-kinshasa\/","name":"Crise Rwanda-RDC : Faure Gnassingb\u00e9 en mission de bons offices \u00e0 Kinshasa - La Voix de la Nation","isPartOf":{"@id":"https:\/\/lavoixdelanation.tg\/#website"},"primaryImageOfPage":{"@id":"https:\/\/lavoixdelanation.tg\/index.php\/2025\/04\/17\/crise-rwanda-rdc-faure-gnassingbe-en-mission-de-bons-offices-a-kinshasa\/#primaryimage"},"image":{"@id":"https:\/\/lavoixdelanation.tg\/index.php\/2025\/04\/17\/crise-rwanda-rdc-faure-gnassingbe-en-mission-de-bons-offices-a-kinshasa\/#primaryimage"},"thumbnailUrl":"https:\/\/lavoixdelanation.tg\/wp-content\/uploads\/2025\/04\/Faure-Gnassingbe-et-Felix-Antoine-Tshisekedi-Tshilombo-a-Kinshasa.jpg","datePublished":"2025-04-17T14:24:58+00:00","dateModified":"2025-04-21T14:26:53+00:00","breadcrumb":{"@id":"https:\/\/lavoixdelanation.tg\/index.php\/2025\/04\/17\/crise-rwanda-rdc-faure-gnassingbe-en-mission-de-bons-offices-a-kinshasa\/#breadcrumb"},"inLanguage":"fr-FR","potentialAction":[{"@type":"ReadAction","target":["https:\/\/lavoixdelanation.tg\/index.php\/2025\/04\/17\/crise-rwanda-rdc-faure-gnassingbe-en-mission-de-bons-offices-a-kinshasa\/"]}]},{"@type":"ImageObject","inLanguage":"fr-FR","@id":"https:\/\/lavoixdelanation.tg\/index.php\/2025\/04\/17\/crise-rwanda-rdc-faure-gnassingbe-en-mission-de-bons-offices-a-kinshasa\/#primaryimage","url":"https:\/\/lavoixdelanation.tg\/wp-content\/uploads\/2025\/04\/Faure-Gnassingbe-et-Felix-Antoine-Tshisekedi-Tshilombo-a-Kinshasa.jpg","contentUrl":"https:\/\/lavoixdelanation.tg\/wp-content\/uploads\/2025\/04\/Faure-Gnassingbe-et-Felix-Antoine-Tshisekedi-Tshilombo-a-Kinshasa.jpg","width":650,"height":446,"caption":"Faure Gnassingb\u00e9 et F\u00e9lix Antoine Tshisekedi-Tshilombo \u00e0 Kinshasa"},{"@type":"BreadcrumbList","@id":"https:\/\/lavoixdelanation.tg\/index.php\/2025\/04\/17\/crise-rwanda-rdc-faure-gnassingbe-en-mission-de-bons-offices-a-kinshasa\/#breadcrumb","itemListElement":[{"@type":"ListItem","position":1,"name":"Accueil","item":"https:\/\/lavoixdelanation.tg\/"},{"@type":"ListItem","position":2,"name":"Crise Rwanda-RDC : Faure Gnassingb\u00e9 en mission de bons offices \u00e0 Kinshasa"}]},{"@type":"WebSite","@id":"https:\/\/lavoixdelanation.tg\/#website","url":"https:\/\/lavoixdelanation.tg\/","name":"La Voix de la Nation","description":"R\u00e9c\u00e9piss\u00e9 n\u00b00108\/HAAC\/01-2024\/pl\/P","publisher":{"@id":"https:\/\/lavoixdelanation.tg\/#organization"},"alternateName":"VON","potentialAction":[{"@type":"SearchAction","target":{"@type":"EntryPoint","urlTemplate":"https:\/\/lavoixdelanation.tg\/?s={search_term_string}"},"query-input":{"@type":"PropertyValueSpecification","valueRequired":true,"valueName":"search_term_string"}}],"inLanguage":"fr-FR"},{"@type":"Organization","@id":"https:\/\/lavoixdelanation.tg\/#organization","name":"La Voix de la Nation","url":"https:\/\/lavoixdelanation.tg\/","logo":{"@type":"ImageObject","inLanguage":"fr-FR","@id":"https:\/\/lavoixdelanation.tg\/#\/schema\/logo\/image\/","url":"https:\/\/lavoixdelanation.tg\/wp-content\/uploads\/2024\/12\/lavn-1.png","contentUrl":"https:\/\/lavoixdelanation.tg\/wp-content\/uploads\/2024\/12\/lavn-1.png","width":1024,"height":464,"caption":"La Voix de la Nation"},"image":{"@id":"https:\/\/lavoixdelanation.tg\/#\/schema\/logo\/image\/"},"sameAs":["https:\/\/www.facebook.com\/lavoixdelanation"]},{"@type":"Person","@id":"https:\/\/lavoixdelanation.tg\/#\/schema\/person\/6c489293aa38053673a9e554acb6e224","name":"La voix de la nation","image":{"@type":"ImageObject","inLanguage":"fr-FR","@id":"https:\/\/lavoixdelanation.tg\/#\/schema\/person\/image\/","url":"https:\/\/secure.gravatar.com\/avatar\/8aa135d4bbc794494cecaa8d483f6d6cc1023624868deaff686baed5e727a5a1?s=96&d=mm&r=g","contentUrl":"https:\/\/secure.gravatar.com\/avatar\/8aa135d4bbc794494cecaa8d483f6d6cc1023624868deaff686baed5e727a5a1?s=96&d=mm&r=g","caption":"La voix de la nation"},"sameAs":["https:\/\/lavoixdelanation.tg"],"url":"https:\/\/lavoixdelanation.tg\/index.php\/author\/lavn\/"}]}},"_links":{"self":[{"href":"https:\/\/lavoixdelanation.tg\/index.php\/wp-json\/wp\/v2\/posts\/2699","targetHints":{"allow":["GET"]}}],"collection":[{"href":"https:\/\/lavoixdelanation.tg\/index.php\/wp-json\/wp\/v2\/posts"}],"about":[{"href":"https:\/\/lavoixdelanation.tg\/index.php\/wp-json\/wp\/v2\/types\/post"}],"author":[{"embeddable":true,"href":"https:\/\/lavoixdelanation.tg\/index.php\/wp-json\/wp\/v2\/users\/1"}],"replies":[{"embeddable":true,"href":"https:\/\/lavoixdelanation.tg\/index.php\/wp-json\/wp\/v2\/comments?post=2699"}],"version-history":[{"count":1,"href":"https:\/\/lavoixdelanation.tg\/index.php\/wp-json\/wp\/v2\/posts\/2699\/revisions"}],"predecessor-version":[{"id":2701,"href":"https:\/\/lavoixdelanation.tg\/index.php\/wp-json\/wp\/v2\/posts\/2699\/revisions\/2701"}],"wp:featuredmedia":[{"embeddable":true,"href":"https:\/\/lavoixdelanation.tg\/index.php\/wp-json\/wp\/v2\/media\/2700"}],"wp:attachment":[{"href":"https:\/\/lavoixdelanation.tg\/index.php\/wp-json\/wp\/v2\/media?parent=2699"}],"wp:term":[{"taxonomy":"category","embeddable":true,"href":"https:\/\/lavoixdelanation.tg\/index.php\/wp-json\/wp\/v2\/categories?post=2699"},{"taxonomy":"post_tag","embeddable":true,"href":"https:\/\/lavoixdelanation.tg\/index.php\/wp-json\/wp\/v2\/tags?post=2699"}],"curies":[{"name":"wp","href":"https:\/\/api.w.org\/{rel}","templated":true}]}}