{"id":2687,"date":"2025-04-21T13:58:31","date_gmt":"2025-04-21T11:58:31","guid":{"rendered":"https:\/\/lavoixdelanation.tg\/?p=2687"},"modified":"2025-04-21T14:02:18","modified_gmt":"2025-04-21T12:02:18","slug":"deces-du-pape-francois-faure-gnassingbe-adresse-ses-condoleances-a-leglise-catholique","status":"publish","type":"post","link":"https:\/\/lavoixdelanation.tg\/index.php\/2025\/04\/21\/deces-du-pape-francois-faure-gnassingbe-adresse-ses-condoleances-a-leglise-catholique\/","title":{"rendered":"D\u00e9c\u00e8s du Pape Fran\u00e7ois\u00a0: Faure Gnassingb\u00e9 adresse ses condol\u00e9ances \u00e0 l\u2019\u00c9glise catholique"},"content":{"rendered":"\n<p><strong>L\u2019\u00c9glise catholique est en deuil. Le Pape Fran\u00e7ois&nbsp;est d\u00e9c\u00e9d\u00e9 ce lundi matin 21 avril 2025 \u00e0 88 ans, soit un mois apr\u00e8s sa sortie de l&rsquo;h\u00f4pital pour une pneumonie infectieuse.<\/strong><\/p>\n\n\n\n<p>L\u2019annonce de la triste nouvelle a \u00e9t\u00e9 faite par le Saint-Si\u00e8ge en ce lundi de P\u00e2ques.<\/p>\n\n\n\n<p>\u00ab&nbsp;Chers fr\u00e8res et s\u0153urs, c&rsquo;est avec une profonde tristesse que je dois annoncer le d\u00e9c\u00e8s de notre Saint-P\u00e8re Fran\u00e7ois&nbsp;\u00bb, a en effet indiqu\u00e9 le cardinal Kevin Farrell sur la cha\u00eene de t\u00e9l\u00e9vision du Vatican.&nbsp;<\/p>\n\n\n\n<p>Hier dimanche, le Pape Fran\u00e7ois&nbsp;\u00e9tait apparu en public pour la derni\u00e8re fois, lors de la c\u00e9l\u00e9bration de P\u00e2ques, \u00e0 la place Saint-Pierre au Vatican, pour un bain de foule surprise.<\/p>\n\n\n\n<p class=\"has-text-align-center\"><strong>Les condol\u00e9ances de Faure Gnassingb\u00e9<\/strong><\/p>\n\n\n\n<p>Ayant appris la triste nouvelle, le chef de l\u2019Etat togolais a rendu hommage \u00e0 l\u2019illustre disparu tout en saluant sa m\u00e9moire.<\/p>\n\n\n\n<p>\u00ab\u00a0C\u2019est avec une grande \u00e9motion que j\u2019ai appris le d\u00e9c\u00e8s de Sa Saintet\u00e9 le Pape Fran\u00e7ois. Artisan infatigable de paix, de justice et de fraternit\u00e9, il laisse une empreinte profonde dans notre humanit\u00e9\u00a0\u00bb, a en indiqu\u00e9 Faure Gnassingb\u00e9 sur sa <strong><a href=\"https:\/\/web.facebook.com\/FEGnassingbe\">page facebook<\/a><\/strong>.<\/p>\n\n\n\n<p>\u00ab&nbsp;Son engagement en faveur des plus vuln\u00e9rables et son appel constant \u00e0 la dignit\u00e9 humaine resteront grav\u00e9s dans nos m\u00e9moires. Au nom du peuple togolais, j\u2019adresse mes condol\u00e9ances attrist\u00e9es \u00e0 l\u2019\u00c9glise catholique et \u00e0 tous les fid\u00e8les touch\u00e9s par cette perte&nbsp;\u00bb, a-t-il ajout\u00e9.<\/p>\n\n\n\n<p>Selon le Constitution du Vatican, des obs\u00e8ques seront organis\u00e9es pendant neuf jours, ainsi qu&rsquo;un d\u00e9lai de 15 \u00e0 20 jours pour organiser un conclave. C\u2019est ce dernier qui d\u00e9signera le successeur de Fran\u00e7ois. Selon un communiqu\u00e9 du Saint-Si\u00e8ge, le corps du pape Fran\u00e7ois sera mis en bi\u00e8re \u00e0 18h temps universel.<\/p>\n\n\n\n<p>Pour rappel, le souverain pontife Jorge Mario Bergoglio (son vrai nom) avait \u00e9t\u00e9 \u00e9lu en 2013 suite \u00e0 la d\u00e9mission de B\u00e9no\u00eet XVI.<\/p>\n\n\n\n<p><strong>La R\u00e9daction<\/strong><\/p>\n","protected":false},"excerpt":{"rendered":"<p>L\u2019\u00c9glise catholique est en deuil. Le Pape Fran\u00e7ois&nbsp;est d\u00e9c\u00e9d\u00e9 ce lundi matin 21 avril 2025 \u00e0 88 ans, soit un mois apr\u00e8s sa sortie de l&rsquo;h\u00f4pital pour une pneumonie infectieuse.&hellip; <\/p>\n","protected":false},"author":1,"featured_media":2688,"comment_status":"open","ping_status":"open","sticky":false,"template":"","format":"standard","meta":{"footnotes":""},"categories":[29],"tags":[620,619,45,621],"class_list":["post-2687","post","type-post","status-publish","format-standard","has-post-thumbnail","hentry","category-societe","tag-condoleances","tag-deces-du-pape-francois","tag-faure-gnassingbe","tag-vatican"],"yoast_head":"<!-- This site is optimized with the Yoast SEO plugin v26.4 - https:\/\/yoast.com\/wordpress\/plugins\/seo\/ -->\n<title>D\u00e9c\u00e8s du Pape Fran\u00e7ois\u00a0: Faure Gnassingb\u00e9 adresse ses condol\u00e9ances \u00e0 l\u2019\u00c9glise catholique - La Voix de la Nation<\/title>\n<meta name=\"description\" content=\"L\u2019\u00c9glise catholique est en deuil. Le Pape Fran\u00e7ois\u00a0est d\u00e9c\u00e9d\u00e9 ce lundi matin 21 avril 2025 \u00e0 88 ans, soit un mois apr\u00e8s sa sortie de l&#039;h\u00f4pital pour une pneumonie infectieuse.\" \/>\n<meta name=\"robots\" content=\"index, follow, max-snippet:-1, max-image-preview:large, max-video-preview:-1\" \/>\n<link rel=\"canonical\" href=\"https:\/\/lavoixdelanation.tg\/index.php\/2025\/04\/21\/deces-du-pape-francois-faure-gnassingbe-adresse-ses-condoleances-a-leglise-catholique\/\" \/>\n<meta property=\"og:locale\" content=\"fr_FR\" \/>\n<meta property=\"og:type\" content=\"article\" \/>\n<meta property=\"og:title\" content=\"D\u00e9c\u00e8s du Pape Fran\u00e7ois\u00a0: Faure Gnassingb\u00e9 adresse ses condol\u00e9ances \u00e0 l\u2019\u00c9glise catholique - La Voix de la Nation\" \/>\n<meta property=\"og:description\" content=\"L\u2019\u00c9glise catholique est en deuil. Le Pape Fran\u00e7ois\u00a0est d\u00e9c\u00e9d\u00e9 ce lundi matin 21 avril 2025 \u00e0 88 ans, soit un mois apr\u00e8s sa sortie de l&#039;h\u00f4pital pour une pneumonie infectieuse.\" \/>\n<meta property=\"og:url\" content=\"https:\/\/lavoixdelanation.tg\/index.php\/2025\/04\/21\/deces-du-pape-francois-faure-gnassingbe-adresse-ses-condoleances-a-leglise-catholique\/\" \/>\n<meta property=\"og:site_name\" content=\"La Voix de la Nation\" \/>\n<meta property=\"article:publisher\" content=\"https:\/\/www.facebook.com\/lavoixdelanation\" \/>\n<meta property=\"article:published_time\" content=\"2025-04-21T11:58:31+00:00\" \/>\n<meta property=\"article:modified_time\" content=\"2025-04-21T12:02:18+00:00\" \/>\n<meta property=\"og:image\" content=\"https:\/\/lavoixdelanation.tg\/wp-content\/uploads\/2025\/04\/Deces-du-Pape-Francois-Faure-Gnassingbe-adresse-ses-condoleances-a-lEglise-catholique.jpg\" \/>\n\t<meta property=\"og:image:width\" content=\"640\" \/>\n\t<meta property=\"og:image:height\" content=\"359\" \/>\n\t<meta property=\"og:image:type\" content=\"image\/jpeg\" \/>\n<meta name=\"author\" content=\"La voix de la nation\" \/>\n<meta name=\"twitter:card\" content=\"summary_large_image\" \/>\n<meta name=\"twitter:label1\" content=\"\u00c9crit par\" \/>\n\t<meta name=\"twitter:data1\" content=\"La voix de la nation\" \/>\n\t<meta name=\"twitter:label2\" content=\"Dur\u00e9e de lecture estim\u00e9e\" \/>\n\t<meta name=\"twitter:data2\" content=\"2 minutes\" \/>\n<script type=\"application\/ld+json\" class=\"yoast-schema-graph\">{\"@context\":\"https:\/\/schema.org\",\"@graph\":[{\"@type\":\"Article\",\"@id\":\"https:\/\/lavoixdelanation.tg\/index.php\/2025\/04\/21\/deces-du-pape-francois-faure-gnassingbe-adresse-ses-condoleances-a-leglise-catholique\/#article\",\"isPartOf\":{\"@id\":\"https:\/\/lavoixdelanation.tg\/index.php\/2025\/04\/21\/deces-du-pape-francois-faure-gnassingbe-adresse-ses-condoleances-a-leglise-catholique\/\"},\"author\":{\"name\":\"La voix de la nation\",\"@id\":\"https:\/\/lavoixdelanation.tg\/#\/schema\/person\/6c489293aa38053673a9e554acb6e224\"},\"headline\":\"D\u00e9c\u00e8s du Pape Fran\u00e7ois\u00a0: Faure Gnassingb\u00e9 adresse ses condol\u00e9ances \u00e0 l\u2019\u00c9glise catholique\",\"datePublished\":\"2025-04-21T11:58:31+00:00\",\"dateModified\":\"2025-04-21T12:02:18+00:00\",\"mainEntityOfPage\":{\"@id\":\"https:\/\/lavoixdelanation.tg\/index.php\/2025\/04\/21\/deces-du-pape-francois-faure-gnassingbe-adresse-ses-condoleances-a-leglise-catholique\/\"},\"wordCount\":364,\"commentCount\":0,\"publisher\":{\"@id\":\"https:\/\/lavoixdelanation.tg\/#organization\"},\"image\":{\"@id\":\"https:\/\/lavoixdelanation.tg\/index.php\/2025\/04\/21\/deces-du-pape-francois-faure-gnassingbe-adresse-ses-condoleances-a-leglise-catholique\/#primaryimage\"},\"thumbnailUrl\":\"https:\/\/lavoixdelanation.tg\/wp-content\/uploads\/2025\/04\/Deces-du-Pape-Francois-Faure-Gnassingbe-adresse-ses-condoleances-a-lEglise-catholique.jpg\",\"keywords\":[\"condol\u00e9ances\",\"D\u00e9c\u00e8s du Pape Fran\u00e7ois\",\"Faure Gnassingb\u00e9\",\"Vatican\"],\"articleSection\":[\"Soci\u00e9t\u00e9\"],\"inLanguage\":\"fr-FR\",\"potentialAction\":[{\"@type\":\"CommentAction\",\"name\":\"Comment\",\"target\":[\"https:\/\/lavoixdelanation.tg\/index.php\/2025\/04\/21\/deces-du-pape-francois-faure-gnassingbe-adresse-ses-condoleances-a-leglise-catholique\/#respond\"]}]},{\"@type\":\"WebPage\",\"@id\":\"https:\/\/lavoixdelanation.tg\/index.php\/2025\/04\/21\/deces-du-pape-francois-faure-gnassingbe-adresse-ses-condoleances-a-leglise-catholique\/\",\"url\":\"https:\/\/lavoixdelanation.tg\/index.php\/2025\/04\/21\/deces-du-pape-francois-faure-gnassingbe-adresse-ses-condoleances-a-leglise-catholique\/\",\"name\":\"D\u00e9c\u00e8s du Pape Fran\u00e7ois\u00a0: Faure Gnassingb\u00e9 adresse ses condol\u00e9ances \u00e0 l\u2019\u00c9glise catholique - La Voix de la Nation\",\"isPartOf\":{\"@id\":\"https:\/\/lavoixdelanation.tg\/#website\"},\"primaryImageOfPage\":{\"@id\":\"https:\/\/lavoixdelanation.tg\/index.php\/2025\/04\/21\/deces-du-pape-francois-faure-gnassingbe-adresse-ses-condoleances-a-leglise-catholique\/#primaryimage\"},\"image\":{\"@id\":\"https:\/\/lavoixdelanation.tg\/index.php\/2025\/04\/21\/deces-du-pape-francois-faure-gnassingbe-adresse-ses-condoleances-a-leglise-catholique\/#primaryimage\"},\"thumbnailUrl\":\"https:\/\/lavoixdelanation.tg\/wp-content\/uploads\/2025\/04\/Deces-du-Pape-Francois-Faure-Gnassingbe-adresse-ses-condoleances-a-lEglise-catholique.jpg\",\"datePublished\":\"2025-04-21T11:58:31+00:00\",\"dateModified\":\"2025-04-21T12:02:18+00:00\",\"description\":\"L\u2019\u00c9glise catholique est en deuil. Le Pape Fran\u00e7ois\u00a0est d\u00e9c\u00e9d\u00e9 ce lundi matin 21 avril 2025 \u00e0 88 ans, soit un mois apr\u00e8s sa sortie de l'h\u00f4pital pour une pneumonie infectieuse.\",\"breadcrumb\":{\"@id\":\"https:\/\/lavoixdelanation.tg\/index.php\/2025\/04\/21\/deces-du-pape-francois-faure-gnassingbe-adresse-ses-condoleances-a-leglise-catholique\/#breadcrumb\"},\"inLanguage\":\"fr-FR\",\"potentialAction\":[{\"@type\":\"ReadAction\",\"target\":[\"https:\/\/lavoixdelanation.tg\/index.php\/2025\/04\/21\/deces-du-pape-francois-faure-gnassingbe-adresse-ses-condoleances-a-leglise-catholique\/\"]}]},{\"@type\":\"ImageObject\",\"inLanguage\":\"fr-FR\",\"@id\":\"https:\/\/lavoixdelanation.tg\/index.php\/2025\/04\/21\/deces-du-pape-francois-faure-gnassingbe-adresse-ses-condoleances-a-leglise-catholique\/#primaryimage\",\"url\":\"https:\/\/lavoixdelanation.tg\/wp-content\/uploads\/2025\/04\/Deces-du-Pape-Francois-Faure-Gnassingbe-adresse-ses-condoleances-a-lEglise-catholique.jpg\",\"contentUrl\":\"https:\/\/lavoixdelanation.tg\/wp-content\/uploads\/2025\/04\/Deces-du-Pape-Francois-Faure-Gnassingbe-adresse-ses-condoleances-a-lEglise-catholique.jpg\",\"width\":640,\"height\":359,\"caption\":\"Le Pape Fran\u00e7ois est d\u00e9c\u00e9d\u00e9 \u00e0 l\u2019\u00e2ge de 88 ans\"},{\"@type\":\"BreadcrumbList\",\"@id\":\"https:\/\/lavoixdelanation.tg\/index.php\/2025\/04\/21\/deces-du-pape-francois-faure-gnassingbe-adresse-ses-condoleances-a-leglise-catholique\/#breadcrumb\",\"itemListElement\":[{\"@type\":\"ListItem\",\"position\":1,\"name\":\"Accueil\",\"item\":\"https:\/\/lavoixdelanation.tg\/\"},{\"@type\":\"ListItem\",\"position\":2,\"name\":\"D\u00e9c\u00e8s du Pape Fran\u00e7ois\u00a0: Faure Gnassingb\u00e9 adresse ses condol\u00e9ances \u00e0 l\u2019\u00c9glise catholique\"}]},{\"@type\":\"WebSite\",\"@id\":\"https:\/\/lavoixdelanation.tg\/#website\",\"url\":\"https:\/\/lavoixdelanation.tg\/\",\"name\":\"La Voix de la Nation\",\"description\":\"R\u00e9c\u00e9piss\u00e9 n\u00b00108\/HAAC\/01-2024\/pl\/P\",\"publisher\":{\"@id\":\"https:\/\/lavoixdelanation.tg\/#organization\"},\"alternateName\":\"VON\",\"potentialAction\":[{\"@type\":\"SearchAction\",\"target\":{\"@type\":\"EntryPoint\",\"urlTemplate\":\"https:\/\/lavoixdelanation.tg\/?s={search_term_string}\"},\"query-input\":{\"@type\":\"PropertyValueSpecification\",\"valueRequired\":true,\"valueName\":\"search_term_string\"}}],\"inLanguage\":\"fr-FR\"},{\"@type\":\"Organization\",\"@id\":\"https:\/\/lavoixdelanation.tg\/#organization\",\"name\":\"La Voix de la Nation\",\"url\":\"https:\/\/lavoixdelanation.tg\/\",\"logo\":{\"@type\":\"ImageObject\",\"inLanguage\":\"fr-FR\",\"@id\":\"https:\/\/lavoixdelanation.tg\/#\/schema\/logo\/image\/\",\"url\":\"https:\/\/lavoixdelanation.tg\/wp-content\/uploads\/2024\/12\/lavn-1.png\",\"contentUrl\":\"https:\/\/lavoixdelanation.tg\/wp-content\/uploads\/2024\/12\/lavn-1.png\",\"width\":1024,\"height\":464,\"caption\":\"La Voix de la Nation\"},\"image\":{\"@id\":\"https:\/\/lavoixdelanation.tg\/#\/schema\/logo\/image\/\"},\"sameAs\":[\"https:\/\/www.facebook.com\/lavoixdelanation\"]},{\"@type\":\"Person\",\"@id\":\"https:\/\/lavoixdelanation.tg\/#\/schema\/person\/6c489293aa38053673a9e554acb6e224\",\"name\":\"La voix de la nation\",\"image\":{\"@type\":\"ImageObject\",\"inLanguage\":\"fr-FR\",\"@id\":\"https:\/\/lavoixdelanation.tg\/#\/schema\/person\/image\/\",\"url\":\"https:\/\/secure.gravatar.com\/avatar\/8aa135d4bbc794494cecaa8d483f6d6cc1023624868deaff686baed5e727a5a1?s=96&d=mm&r=g\",\"contentUrl\":\"https:\/\/secure.gravatar.com\/avatar\/8aa135d4bbc794494cecaa8d483f6d6cc1023624868deaff686baed5e727a5a1?s=96&d=mm&r=g\",\"caption\":\"La voix de la nation\"},\"sameAs\":[\"https:\/\/lavoixdelanation.tg\"],\"url\":\"https:\/\/lavoixdelanation.tg\/index.php\/author\/lavn\/\"}]}<\/script>\n<!-- \/ Yoast SEO plugin. -->","yoast_head_json":{"title":"D\u00e9c\u00e8s du Pape Fran\u00e7ois\u00a0: Faure Gnassingb\u00e9 adresse ses condol\u00e9ances \u00e0 l\u2019\u00c9glise catholique - La Voix de la Nation","description":"L\u2019\u00c9glise catholique est en deuil. Le Pape Fran\u00e7ois\u00a0est d\u00e9c\u00e9d\u00e9 ce lundi matin 21 avril 2025 \u00e0 88 ans, soit un mois apr\u00e8s sa sortie de l'h\u00f4pital pour une pneumonie infectieuse.","robots":{"index":"index","follow":"follow","max-snippet":"max-snippet:-1","max-image-preview":"max-image-preview:large","max-video-preview":"max-video-preview:-1"},"canonical":"https:\/\/lavoixdelanation.tg\/index.php\/2025\/04\/21\/deces-du-pape-francois-faure-gnassingbe-adresse-ses-condoleances-a-leglise-catholique\/","og_locale":"fr_FR","og_type":"article","og_title":"D\u00e9c\u00e8s du Pape Fran\u00e7ois\u00a0: Faure Gnassingb\u00e9 adresse ses condol\u00e9ances \u00e0 l\u2019\u00c9glise catholique - La Voix de la Nation","og_description":"L\u2019\u00c9glise catholique est en deuil. Le Pape Fran\u00e7ois\u00a0est d\u00e9c\u00e9d\u00e9 ce lundi matin 21 avril 2025 \u00e0 88 ans, soit un mois apr\u00e8s sa sortie de l'h\u00f4pital pour une pneumonie infectieuse.","og_url":"https:\/\/lavoixdelanation.tg\/index.php\/2025\/04\/21\/deces-du-pape-francois-faure-gnassingbe-adresse-ses-condoleances-a-leglise-catholique\/","og_site_name":"La Voix de la Nation","article_publisher":"https:\/\/www.facebook.com\/lavoixdelanation","article_published_time":"2025-04-21T11:58:31+00:00","article_modified_time":"2025-04-21T12:02:18+00:00","og_image":[{"width":640,"height":359,"url":"https:\/\/lavoixdelanation.tg\/wp-content\/uploads\/2025\/04\/Deces-du-Pape-Francois-Faure-Gnassingbe-adresse-ses-condoleances-a-lEglise-catholique.jpg","type":"image\/jpeg"}],"author":"La voix de la nation","twitter_card":"summary_large_image","twitter_misc":{"\u00c9crit par":"La voix de la nation","Dur\u00e9e de lecture estim\u00e9e":"2 minutes"},"schema":{"@context":"https:\/\/schema.org","@graph":[{"@type":"Article","@id":"https:\/\/lavoixdelanation.tg\/index.php\/2025\/04\/21\/deces-du-pape-francois-faure-gnassingbe-adresse-ses-condoleances-a-leglise-catholique\/#article","isPartOf":{"@id":"https:\/\/lavoixdelanation.tg\/index.php\/2025\/04\/21\/deces-du-pape-francois-faure-gnassingbe-adresse-ses-condoleances-a-leglise-catholique\/"},"author":{"name":"La voix de la nation","@id":"https:\/\/lavoixdelanation.tg\/#\/schema\/person\/6c489293aa38053673a9e554acb6e224"},"headline":"D\u00e9c\u00e8s du Pape Fran\u00e7ois\u00a0: Faure Gnassingb\u00e9 adresse ses condol\u00e9ances \u00e0 l\u2019\u00c9glise catholique","datePublished":"2025-04-21T11:58:31+00:00","dateModified":"2025-04-21T12:02:18+00:00","mainEntityOfPage":{"@id":"https:\/\/lavoixdelanation.tg\/index.php\/2025\/04\/21\/deces-du-pape-francois-faure-gnassingbe-adresse-ses-condoleances-a-leglise-catholique\/"},"wordCount":364,"commentCount":0,"publisher":{"@id":"https:\/\/lavoixdelanation.tg\/#organization"},"image":{"@id":"https:\/\/lavoixdelanation.tg\/index.php\/2025\/04\/21\/deces-du-pape-francois-faure-gnassingbe-adresse-ses-condoleances-a-leglise-catholique\/#primaryimage"},"thumbnailUrl":"https:\/\/lavoixdelanation.tg\/wp-content\/uploads\/2025\/04\/Deces-du-Pape-Francois-Faure-Gnassingbe-adresse-ses-condoleances-a-lEglise-catholique.jpg","keywords":["condol\u00e9ances","D\u00e9c\u00e8s du Pape Fran\u00e7ois","Faure Gnassingb\u00e9","Vatican"],"articleSection":["Soci\u00e9t\u00e9"],"inLanguage":"fr-FR","potentialAction":[{"@type":"CommentAction","name":"Comment","target":["https:\/\/lavoixdelanation.tg\/index.php\/2025\/04\/21\/deces-du-pape-francois-faure-gnassingbe-adresse-ses-condoleances-a-leglise-catholique\/#respond"]}]},{"@type":"WebPage","@id":"https:\/\/lavoixdelanation.tg\/index.php\/2025\/04\/21\/deces-du-pape-francois-faure-gnassingbe-adresse-ses-condoleances-a-leglise-catholique\/","url":"https:\/\/lavoixdelanation.tg\/index.php\/2025\/04\/21\/deces-du-pape-francois-faure-gnassingbe-adresse-ses-condoleances-a-leglise-catholique\/","name":"D\u00e9c\u00e8s du Pape Fran\u00e7ois\u00a0: Faure Gnassingb\u00e9 adresse ses condol\u00e9ances \u00e0 l\u2019\u00c9glise catholique - La Voix de la Nation","isPartOf":{"@id":"https:\/\/lavoixdelanation.tg\/#website"},"primaryImageOfPage":{"@id":"https:\/\/lavoixdelanation.tg\/index.php\/2025\/04\/21\/deces-du-pape-francois-faure-gnassingbe-adresse-ses-condoleances-a-leglise-catholique\/#primaryimage"},"image":{"@id":"https:\/\/lavoixdelanation.tg\/index.php\/2025\/04\/21\/deces-du-pape-francois-faure-gnassingbe-adresse-ses-condoleances-a-leglise-catholique\/#primaryimage"},"thumbnailUrl":"https:\/\/lavoixdelanation.tg\/wp-content\/uploads\/2025\/04\/Deces-du-Pape-Francois-Faure-Gnassingbe-adresse-ses-condoleances-a-lEglise-catholique.jpg","datePublished":"2025-04-21T11:58:31+00:00","dateModified":"2025-04-21T12:02:18+00:00","description":"L\u2019\u00c9glise catholique est en deuil. Le Pape Fran\u00e7ois\u00a0est d\u00e9c\u00e9d\u00e9 ce lundi matin 21 avril 2025 \u00e0 88 ans, soit un mois apr\u00e8s sa sortie de l'h\u00f4pital pour une pneumonie infectieuse.","breadcrumb":{"@id":"https:\/\/lavoixdelanation.tg\/index.php\/2025\/04\/21\/deces-du-pape-francois-faure-gnassingbe-adresse-ses-condoleances-a-leglise-catholique\/#breadcrumb"},"inLanguage":"fr-FR","potentialAction":[{"@type":"ReadAction","target":["https:\/\/lavoixdelanation.tg\/index.php\/2025\/04\/21\/deces-du-pape-francois-faure-gnassingbe-adresse-ses-condoleances-a-leglise-catholique\/"]}]},{"@type":"ImageObject","inLanguage":"fr-FR","@id":"https:\/\/lavoixdelanation.tg\/index.php\/2025\/04\/21\/deces-du-pape-francois-faure-gnassingbe-adresse-ses-condoleances-a-leglise-catholique\/#primaryimage","url":"https:\/\/lavoixdelanation.tg\/wp-content\/uploads\/2025\/04\/Deces-du-Pape-Francois-Faure-Gnassingbe-adresse-ses-condoleances-a-lEglise-catholique.jpg","contentUrl":"https:\/\/lavoixdelanation.tg\/wp-content\/uploads\/2025\/04\/Deces-du-Pape-Francois-Faure-Gnassingbe-adresse-ses-condoleances-a-lEglise-catholique.jpg","width":640,"height":359,"caption":"Le Pape Fran\u00e7ois est d\u00e9c\u00e9d\u00e9 \u00e0 l\u2019\u00e2ge de 88 ans"},{"@type":"BreadcrumbList","@id":"https:\/\/lavoixdelanation.tg\/index.php\/2025\/04\/21\/deces-du-pape-francois-faure-gnassingbe-adresse-ses-condoleances-a-leglise-catholique\/#breadcrumb","itemListElement":[{"@type":"ListItem","position":1,"name":"Accueil","item":"https:\/\/lavoixdelanation.tg\/"},{"@type":"ListItem","position":2,"name":"D\u00e9c\u00e8s du Pape Fran\u00e7ois\u00a0: Faure Gnassingb\u00e9 adresse ses condol\u00e9ances \u00e0 l\u2019\u00c9glise catholique"}]},{"@type":"WebSite","@id":"https:\/\/lavoixdelanation.tg\/#website","url":"https:\/\/lavoixdelanation.tg\/","name":"La Voix de la Nation","description":"R\u00e9c\u00e9piss\u00e9 n\u00b00108\/HAAC\/01-2024\/pl\/P","publisher":{"@id":"https:\/\/lavoixdelanation.tg\/#organization"},"alternateName":"VON","potentialAction":[{"@type":"SearchAction","target":{"@type":"EntryPoint","urlTemplate":"https:\/\/lavoixdelanation.tg\/?s={search_term_string}"},"query-input":{"@type":"PropertyValueSpecification","valueRequired":true,"valueName":"search_term_string"}}],"inLanguage":"fr-FR"},{"@type":"Organization","@id":"https:\/\/lavoixdelanation.tg\/#organization","name":"La Voix de la Nation","url":"https:\/\/lavoixdelanation.tg\/","logo":{"@type":"ImageObject","inLanguage":"fr-FR","@id":"https:\/\/lavoixdelanation.tg\/#\/schema\/logo\/image\/","url":"https:\/\/lavoixdelanation.tg\/wp-content\/uploads\/2024\/12\/lavn-1.png","contentUrl":"https:\/\/lavoixdelanation.tg\/wp-content\/uploads\/2024\/12\/lavn-1.png","width":1024,"height":464,"caption":"La Voix de la Nation"},"image":{"@id":"https:\/\/lavoixdelanation.tg\/#\/schema\/logo\/image\/"},"sameAs":["https:\/\/www.facebook.com\/lavoixdelanation"]},{"@type":"Person","@id":"https:\/\/lavoixdelanation.tg\/#\/schema\/person\/6c489293aa38053673a9e554acb6e224","name":"La voix de la nation","image":{"@type":"ImageObject","inLanguage":"fr-FR","@id":"https:\/\/lavoixdelanation.tg\/#\/schema\/person\/image\/","url":"https:\/\/secure.gravatar.com\/avatar\/8aa135d4bbc794494cecaa8d483f6d6cc1023624868deaff686baed5e727a5a1?s=96&d=mm&r=g","contentUrl":"https:\/\/secure.gravatar.com\/avatar\/8aa135d4bbc794494cecaa8d483f6d6cc1023624868deaff686baed5e727a5a1?s=96&d=mm&r=g","caption":"La voix de la nation"},"sameAs":["https:\/\/lavoixdelanation.tg"],"url":"https:\/\/lavoixdelanation.tg\/index.php\/author\/lavn\/"}]}},"_links":{"self":[{"href":"https:\/\/lavoixdelanation.tg\/index.php\/wp-json\/wp\/v2\/posts\/2687","targetHints":{"allow":["GET"]}}],"collection":[{"href":"https:\/\/lavoixdelanation.tg\/index.php\/wp-json\/wp\/v2\/posts"}],"about":[{"href":"https:\/\/lavoixdelanation.tg\/index.php\/wp-json\/wp\/v2\/types\/post"}],"author":[{"embeddable":true,"href":"https:\/\/lavoixdelanation.tg\/index.php\/wp-json\/wp\/v2\/users\/1"}],"replies":[{"embeddable":true,"href":"https:\/\/lavoixdelanation.tg\/index.php\/wp-json\/wp\/v2\/comments?post=2687"}],"version-history":[{"count":2,"href":"https:\/\/lavoixdelanation.tg\/index.php\/wp-json\/wp\/v2\/posts\/2687\/revisions"}],"predecessor-version":[{"id":2691,"href":"https:\/\/lavoixdelanation.tg\/index.php\/wp-json\/wp\/v2\/posts\/2687\/revisions\/2691"}],"wp:featuredmedia":[{"embeddable":true,"href":"https:\/\/lavoixdelanation.tg\/index.php\/wp-json\/wp\/v2\/media\/2688"}],"wp:attachment":[{"href":"https:\/\/lavoixdelanation.tg\/index.php\/wp-json\/wp\/v2\/media?parent=2687"}],"wp:term":[{"taxonomy":"category","embeddable":true,"href":"https:\/\/lavoixdelanation.tg\/index.php\/wp-json\/wp\/v2\/categories?post=2687"},{"taxonomy":"post_tag","embeddable":true,"href":"https:\/\/lavoixdelanation.tg\/index.php\/wp-json\/wp\/v2\/tags?post=2687"}],"curies":[{"name":"wp","href":"https:\/\/api.w.org\/{rel}","templated":true}]}}