{"id":2684,"date":"2025-04-18T12:01:59","date_gmt":"2025-04-18T10:01:59","guid":{"rendered":"https:\/\/lavoixdelanation.tg\/?p=2684"},"modified":"2025-04-21T12:04:05","modified_gmt":"2025-04-21T10:04:05","slug":"mme-victoire-tomegah-dogbe-sur-le-site-des-travaux-dextension-de-laeroport-international-gnassingbe-eyadema-de-lome","status":"publish","type":"post","link":"https:\/\/lavoixdelanation.tg\/index.php\/2025\/04\/18\/mme-victoire-tomegah-dogbe-sur-le-site-des-travaux-dextension-de-laeroport-international-gnassingbe-eyadema-de-lome\/","title":{"rendered":"Mme Victoire Tom\u00e9gah-Dogb\u00e9 sur le site des travaux d\u2019extension de l\u2019A\u00e9roport International Gnassingb\u00e9 Eyadema de Lom\u00e9"},"content":{"rendered":"\n<p>Le Premier ministre Victoire Tom\u00e9gah-Dogb\u00e9 a effectu\u00e9 16 avril 2025 une visite inopin\u00e9e sur le site des travaux d\u2019extension de l\u2019A\u00e9roport International Gnassingb\u00e9 Eyadema (AIGE) \u00e0 Lom\u00e9.<\/p>\n\n\n\n<p>L\u2019objectif est de constater sur place l\u2019\u00e9tat d\u2019avancement des travaux en cours qui visent \u00e0 accro\u00eetre sa capacit\u00e9 d\u2019accueil de l\u2019a\u00e9roport en r\u00e9ponse \u00e0 l\u2019ambition du gouvernement de faire de cette infrastructure, un hub a\u00e9rien de r\u00e9f\u00e9rence et d\u2019accro\u00eetre l\u2019influence du pays en Afrique de l\u2019Ouest.<\/p>\n\n\n\n<p>\u00ab&nbsp;Lors de ma visite ce jour \u00e0 l\u2019A\u00e9roport International Gnassingb\u00e9 Eyadema, j\u2019ai pu constater la bonne avanc\u00e9e des travaux qui y sont effectu\u00e9s (extension parking, extension du terminal etc..)&nbsp;\u00bb, a indiqu\u00e9 la cheffe du gouvernement.<\/p>\n\n\n\n<p>Elle a ajout\u00e9 que ces am\u00e9nagements et les investissements \u00e0 venir traduisent la volont\u00e9 affirm\u00e9e du Pr\u00e9sident de la R\u00e9publique Faure Gnassingb\u00e9 de positionner l&rsquo;AIGE comme un hub de r\u00e9f\u00e9rence en Afrique.<\/p>\n\n\n\n<p>Sur place, Mme Victoire Tom\u00e9gah-Dogb\u00e9 a vivement encourag\u00e9 toutes les \u00e9quipes \u00e0 poursuivre leurs efforts avec professionnalisme et d\u00e9termination pour la satisfaction et la s\u00fbret\u00e9 des usagers.<\/p>\n\n\n\n<p>Selon le directeur g\u00e9n\u00e9ral adjoint de la Soci\u00e9t\u00e9 A\u00e9roportuaire de Lom\u00e9 Tokoin (SALT) M. Michel Tchangani, les travaux en cours concernent la construction de deux parkings de code E (gros porteurs) qui est \u00e0 plus de 99 % du taux de r\u00e9alisation, l\u2019extension sud de l\u2019a\u00e9roport et le r\u00e9am\u00e9nagement des boutiques \u00e0 l\u2019int\u00e9rieur de l\u2019a\u00e9rogare.<\/p>\n\n\n\n<p>\u00ab&nbsp;Concernant l\u2019extension c\u00f4t\u00e9 sud, les techniciens \u00e0 pied d\u2019\u0153uvre ont d\u00e9j\u00e0 br\u00fbl\u00e9 4 mois et il leur reste 8 mois pour achever les gros ouvrages \u00bb, a -t-il fait savoir.<\/p>\n\n\n\n<p>Selon les informations, les travaux d\u2019extension devront permettre d\u2019accro\u00eetre la capacit\u00e9 de l\u2019a\u00e9rogare.<\/p>\n\n\n\n<p>Pour rappel, le trafic \u00e0 l\u2019A\u00e9roport international Gnassingb\u00e9 Eyadema de Lom\u00e9 a connu une nouvelle hausse en 2024 avec plus de 1,5 million de passagers enregistr\u00e9s, selon les chiffres de l\u2019aviation civile togolaise.<\/p>\n\n\n\n<p>Le trafic affiche en effet une hausse de 6,2 % par rapport \u00e0 2023 avec 1,4 million de passagers avec exactement 1.506.946 voyageurs recens\u00e9s.<\/p>\n\n\n\n<p><strong>La R\u00e9daction<\/strong><\/p>\n","protected":false},"excerpt":{"rendered":"<p>Le Premier ministre Victoire Tom\u00e9gah-Dogb\u00e9 a effectu\u00e9 16 avril 2025 une visite inopin\u00e9e sur le site des travaux d\u2019extension de l\u2019A\u00e9roport International Gnassingb\u00e9 Eyadema (AIGE) \u00e0 Lom\u00e9. L\u2019objectif est de&hellip; <\/p>\n","protected":false},"author":1,"featured_media":2685,"comment_status":"open","ping_status":"open","sticky":false,"template":"","format":"standard","meta":{"footnotes":""},"categories":[8],"tags":[616,617,39,618,356],"class_list":["post-2684","post","type-post","status-publish","format-standard","has-post-thumbnail","hentry","category-economie","tag-aeroport-international-de-lome","tag-aige","tag-togo","tag-travaux-dextension","tag-victoire-tomegah-dogbe"],"yoast_head":"<!-- This site is optimized with the Yoast SEO plugin v26.4 - https:\/\/yoast.com\/wordpress\/plugins\/seo\/ -->\n<title>Mme Victoire Tom\u00e9gah-Dogb\u00e9 sur le site des travaux d\u2019extension de l\u2019A\u00e9roport International Gnassingb\u00e9 Eyadema de Lom\u00e9 - La Voix de la Nation<\/title>\n<meta name=\"robots\" content=\"index, follow, max-snippet:-1, max-image-preview:large, max-video-preview:-1\" \/>\n<link rel=\"canonical\" href=\"https:\/\/lavoixdelanation.tg\/index.php\/2025\/04\/18\/mme-victoire-tomegah-dogbe-sur-le-site-des-travaux-dextension-de-laeroport-international-gnassingbe-eyadema-de-lome\/\" \/>\n<meta property=\"og:locale\" content=\"fr_FR\" \/>\n<meta property=\"og:type\" content=\"article\" \/>\n<meta property=\"og:title\" content=\"Mme Victoire Tom\u00e9gah-Dogb\u00e9 sur le site des travaux d\u2019extension de l\u2019A\u00e9roport International Gnassingb\u00e9 Eyadema de Lom\u00e9 - La Voix de la Nation\" \/>\n<meta property=\"og:description\" content=\"Le Premier ministre Victoire Tom\u00e9gah-Dogb\u00e9 a effectu\u00e9 16 avril 2025 une visite inopin\u00e9e sur le site des travaux d\u2019extension de l\u2019A\u00e9roport International Gnassingb\u00e9 Eyadema (AIGE) \u00e0 Lom\u00e9. L\u2019objectif est de&hellip;\" \/>\n<meta property=\"og:url\" content=\"https:\/\/lavoixdelanation.tg\/index.php\/2025\/04\/18\/mme-victoire-tomegah-dogbe-sur-le-site-des-travaux-dextension-de-laeroport-international-gnassingbe-eyadema-de-lome\/\" \/>\n<meta property=\"og:site_name\" content=\"La Voix de la Nation\" \/>\n<meta property=\"article:publisher\" content=\"https:\/\/www.facebook.com\/lavoixdelanation\" \/>\n<meta property=\"article:published_time\" content=\"2025-04-18T10:01:59+00:00\" \/>\n<meta property=\"article:modified_time\" content=\"2025-04-21T10:04:05+00:00\" \/>\n<meta property=\"og:image\" content=\"https:\/\/lavoixdelanation.tg\/wp-content\/uploads\/2025\/04\/Victoire-Tomegah-Dogbe-sur-le-site-des-travaux-dextension-de-lAeroport-International-Gnassingbe-Eyadema-de-Lome.jpg\" \/>\n\t<meta property=\"og:image:width\" content=\"1280\" \/>\n\t<meta property=\"og:image:height\" content=\"853\" \/>\n\t<meta property=\"og:image:type\" content=\"image\/jpeg\" \/>\n<meta name=\"author\" content=\"La voix de la nation\" \/>\n<meta name=\"twitter:card\" content=\"summary_large_image\" \/>\n<meta name=\"twitter:label1\" content=\"\u00c9crit par\" \/>\n\t<meta name=\"twitter:data1\" content=\"La voix de la nation\" \/>\n\t<meta name=\"twitter:label2\" content=\"Dur\u00e9e de lecture estim\u00e9e\" \/>\n\t<meta name=\"twitter:data2\" content=\"2 minutes\" \/>\n<script type=\"application\/ld+json\" class=\"yoast-schema-graph\">{\"@context\":\"https:\/\/schema.org\",\"@graph\":[{\"@type\":\"Article\",\"@id\":\"https:\/\/lavoixdelanation.tg\/index.php\/2025\/04\/18\/mme-victoire-tomegah-dogbe-sur-le-site-des-travaux-dextension-de-laeroport-international-gnassingbe-eyadema-de-lome\/#article\",\"isPartOf\":{\"@id\":\"https:\/\/lavoixdelanation.tg\/index.php\/2025\/04\/18\/mme-victoire-tomegah-dogbe-sur-le-site-des-travaux-dextension-de-laeroport-international-gnassingbe-eyadema-de-lome\/\"},\"author\":{\"name\":\"La voix de la nation\",\"@id\":\"https:\/\/lavoixdelanation.tg\/#\/schema\/person\/6c489293aa38053673a9e554acb6e224\"},\"headline\":\"Mme Victoire Tom\u00e9gah-Dogb\u00e9 sur le site des travaux d\u2019extension de l\u2019A\u00e9roport International Gnassingb\u00e9 Eyadema de Lom\u00e9\",\"datePublished\":\"2025-04-18T10:01:59+00:00\",\"dateModified\":\"2025-04-21T10:04:05+00:00\",\"mainEntityOfPage\":{\"@id\":\"https:\/\/lavoixdelanation.tg\/index.php\/2025\/04\/18\/mme-victoire-tomegah-dogbe-sur-le-site-des-travaux-dextension-de-laeroport-international-gnassingbe-eyadema-de-lome\/\"},\"wordCount\":388,\"commentCount\":0,\"publisher\":{\"@id\":\"https:\/\/lavoixdelanation.tg\/#organization\"},\"image\":{\"@id\":\"https:\/\/lavoixdelanation.tg\/index.php\/2025\/04\/18\/mme-victoire-tomegah-dogbe-sur-le-site-des-travaux-dextension-de-laeroport-international-gnassingbe-eyadema-de-lome\/#primaryimage\"},\"thumbnailUrl\":\"https:\/\/lavoixdelanation.tg\/wp-content\/uploads\/2025\/04\/Victoire-Tomegah-Dogbe-sur-le-site-des-travaux-dextension-de-lAeroport-International-Gnassingbe-Eyadema-de-Lome.jpg\",\"keywords\":[\"A\u00e9roport International de Lom\u00e9\",\"AIGE\",\"Togo\",\"travaux d\u2019extension\",\"Victoire Tom\u00e9gah-Dogb\u00e9\"],\"articleSection\":[\"Economie\"],\"inLanguage\":\"fr-FR\",\"potentialAction\":[{\"@type\":\"CommentAction\",\"name\":\"Comment\",\"target\":[\"https:\/\/lavoixdelanation.tg\/index.php\/2025\/04\/18\/mme-victoire-tomegah-dogbe-sur-le-site-des-travaux-dextension-de-laeroport-international-gnassingbe-eyadema-de-lome\/#respond\"]}]},{\"@type\":\"WebPage\",\"@id\":\"https:\/\/lavoixdelanation.tg\/index.php\/2025\/04\/18\/mme-victoire-tomegah-dogbe-sur-le-site-des-travaux-dextension-de-laeroport-international-gnassingbe-eyadema-de-lome\/\",\"url\":\"https:\/\/lavoixdelanation.tg\/index.php\/2025\/04\/18\/mme-victoire-tomegah-dogbe-sur-le-site-des-travaux-dextension-de-laeroport-international-gnassingbe-eyadema-de-lome\/\",\"name\":\"Mme Victoire Tom\u00e9gah-Dogb\u00e9 sur le site des travaux d\u2019extension de l\u2019A\u00e9roport International Gnassingb\u00e9 Eyadema de Lom\u00e9 - La Voix de la Nation\",\"isPartOf\":{\"@id\":\"https:\/\/lavoixdelanation.tg\/#website\"},\"primaryImageOfPage\":{\"@id\":\"https:\/\/lavoixdelanation.tg\/index.php\/2025\/04\/18\/mme-victoire-tomegah-dogbe-sur-le-site-des-travaux-dextension-de-laeroport-international-gnassingbe-eyadema-de-lome\/#primaryimage\"},\"image\":{\"@id\":\"https:\/\/lavoixdelanation.tg\/index.php\/2025\/04\/18\/mme-victoire-tomegah-dogbe-sur-le-site-des-travaux-dextension-de-laeroport-international-gnassingbe-eyadema-de-lome\/#primaryimage\"},\"thumbnailUrl\":\"https:\/\/lavoixdelanation.tg\/wp-content\/uploads\/2025\/04\/Victoire-Tomegah-Dogbe-sur-le-site-des-travaux-dextension-de-lAeroport-International-Gnassingbe-Eyadema-de-Lome.jpg\",\"datePublished\":\"2025-04-18T10:01:59+00:00\",\"dateModified\":\"2025-04-21T10:04:05+00:00\",\"breadcrumb\":{\"@id\":\"https:\/\/lavoixdelanation.tg\/index.php\/2025\/04\/18\/mme-victoire-tomegah-dogbe-sur-le-site-des-travaux-dextension-de-laeroport-international-gnassingbe-eyadema-de-lome\/#breadcrumb\"},\"inLanguage\":\"fr-FR\",\"potentialAction\":[{\"@type\":\"ReadAction\",\"target\":[\"https:\/\/lavoixdelanation.tg\/index.php\/2025\/04\/18\/mme-victoire-tomegah-dogbe-sur-le-site-des-travaux-dextension-de-laeroport-international-gnassingbe-eyadema-de-lome\/\"]}]},{\"@type\":\"ImageObject\",\"inLanguage\":\"fr-FR\",\"@id\":\"https:\/\/lavoixdelanation.tg\/index.php\/2025\/04\/18\/mme-victoire-tomegah-dogbe-sur-le-site-des-travaux-dextension-de-laeroport-international-gnassingbe-eyadema-de-lome\/#primaryimage\",\"url\":\"https:\/\/lavoixdelanation.tg\/wp-content\/uploads\/2025\/04\/Victoire-Tomegah-Dogbe-sur-le-site-des-travaux-dextension-de-lAeroport-International-Gnassingbe-Eyadema-de-Lome.jpg\",\"contentUrl\":\"https:\/\/lavoixdelanation.tg\/wp-content\/uploads\/2025\/04\/Victoire-Tomegah-Dogbe-sur-le-site-des-travaux-dextension-de-lAeroport-International-Gnassingbe-Eyadema-de-Lome.jpg\",\"width\":1280,\"height\":853},{\"@type\":\"BreadcrumbList\",\"@id\":\"https:\/\/lavoixdelanation.tg\/index.php\/2025\/04\/18\/mme-victoire-tomegah-dogbe-sur-le-site-des-travaux-dextension-de-laeroport-international-gnassingbe-eyadema-de-lome\/#breadcrumb\",\"itemListElement\":[{\"@type\":\"ListItem\",\"position\":1,\"name\":\"Accueil\",\"item\":\"https:\/\/lavoixdelanation.tg\/\"},{\"@type\":\"ListItem\",\"position\":2,\"name\":\"Mme Victoire Tom\u00e9gah-Dogb\u00e9 sur le site des travaux d\u2019extension de l\u2019A\u00e9roport International Gnassingb\u00e9 Eyadema de Lom\u00e9\"}]},{\"@type\":\"WebSite\",\"@id\":\"https:\/\/lavoixdelanation.tg\/#website\",\"url\":\"https:\/\/lavoixdelanation.tg\/\",\"name\":\"La Voix de la Nation\",\"description\":\"R\u00e9c\u00e9piss\u00e9 n\u00b00108\/HAAC\/01-2024\/pl\/P\",\"publisher\":{\"@id\":\"https:\/\/lavoixdelanation.tg\/#organization\"},\"alternateName\":\"VON\",\"potentialAction\":[{\"@type\":\"SearchAction\",\"target\":{\"@type\":\"EntryPoint\",\"urlTemplate\":\"https:\/\/lavoixdelanation.tg\/?s={search_term_string}\"},\"query-input\":{\"@type\":\"PropertyValueSpecification\",\"valueRequired\":true,\"valueName\":\"search_term_string\"}}],\"inLanguage\":\"fr-FR\"},{\"@type\":\"Organization\",\"@id\":\"https:\/\/lavoixdelanation.tg\/#organization\",\"name\":\"La Voix de la Nation\",\"url\":\"https:\/\/lavoixdelanation.tg\/\",\"logo\":{\"@type\":\"ImageObject\",\"inLanguage\":\"fr-FR\",\"@id\":\"https:\/\/lavoixdelanation.tg\/#\/schema\/logo\/image\/\",\"url\":\"https:\/\/lavoixdelanation.tg\/wp-content\/uploads\/2024\/12\/lavn-1.png\",\"contentUrl\":\"https:\/\/lavoixdelanation.tg\/wp-content\/uploads\/2024\/12\/lavn-1.png\",\"width\":1024,\"height\":464,\"caption\":\"La Voix de la Nation\"},\"image\":{\"@id\":\"https:\/\/lavoixdelanation.tg\/#\/schema\/logo\/image\/\"},\"sameAs\":[\"https:\/\/www.facebook.com\/lavoixdelanation\"]},{\"@type\":\"Person\",\"@id\":\"https:\/\/lavoixdelanation.tg\/#\/schema\/person\/6c489293aa38053673a9e554acb6e224\",\"name\":\"La voix de la nation\",\"image\":{\"@type\":\"ImageObject\",\"inLanguage\":\"fr-FR\",\"@id\":\"https:\/\/lavoixdelanation.tg\/#\/schema\/person\/image\/\",\"url\":\"https:\/\/secure.gravatar.com\/avatar\/8aa135d4bbc794494cecaa8d483f6d6cc1023624868deaff686baed5e727a5a1?s=96&d=mm&r=g\",\"contentUrl\":\"https:\/\/secure.gravatar.com\/avatar\/8aa135d4bbc794494cecaa8d483f6d6cc1023624868deaff686baed5e727a5a1?s=96&d=mm&r=g\",\"caption\":\"La voix de la nation\"},\"sameAs\":[\"https:\/\/lavoixdelanation.tg\"],\"url\":\"https:\/\/lavoixdelanation.tg\/index.php\/author\/lavn\/\"}]}<\/script>\n<!-- \/ Yoast SEO plugin. -->","yoast_head_json":{"title":"Mme Victoire Tom\u00e9gah-Dogb\u00e9 sur le site des travaux d\u2019extension de l\u2019A\u00e9roport International Gnassingb\u00e9 Eyadema de Lom\u00e9 - La Voix de la Nation","robots":{"index":"index","follow":"follow","max-snippet":"max-snippet:-1","max-image-preview":"max-image-preview:large","max-video-preview":"max-video-preview:-1"},"canonical":"https:\/\/lavoixdelanation.tg\/index.php\/2025\/04\/18\/mme-victoire-tomegah-dogbe-sur-le-site-des-travaux-dextension-de-laeroport-international-gnassingbe-eyadema-de-lome\/","og_locale":"fr_FR","og_type":"article","og_title":"Mme Victoire Tom\u00e9gah-Dogb\u00e9 sur le site des travaux d\u2019extension de l\u2019A\u00e9roport International Gnassingb\u00e9 Eyadema de Lom\u00e9 - La Voix de la Nation","og_description":"Le Premier ministre Victoire Tom\u00e9gah-Dogb\u00e9 a effectu\u00e9 16 avril 2025 une visite inopin\u00e9e sur le site des travaux d\u2019extension de l\u2019A\u00e9roport International Gnassingb\u00e9 Eyadema (AIGE) \u00e0 Lom\u00e9. L\u2019objectif est de&hellip;","og_url":"https:\/\/lavoixdelanation.tg\/index.php\/2025\/04\/18\/mme-victoire-tomegah-dogbe-sur-le-site-des-travaux-dextension-de-laeroport-international-gnassingbe-eyadema-de-lome\/","og_site_name":"La Voix de la Nation","article_publisher":"https:\/\/www.facebook.com\/lavoixdelanation","article_published_time":"2025-04-18T10:01:59+00:00","article_modified_time":"2025-04-21T10:04:05+00:00","og_image":[{"width":1280,"height":853,"url":"https:\/\/lavoixdelanation.tg\/wp-content\/uploads\/2025\/04\/Victoire-Tomegah-Dogbe-sur-le-site-des-travaux-dextension-de-lAeroport-International-Gnassingbe-Eyadema-de-Lome.jpg","type":"image\/jpeg"}],"author":"La voix de la nation","twitter_card":"summary_large_image","twitter_misc":{"\u00c9crit par":"La voix de la nation","Dur\u00e9e de lecture estim\u00e9e":"2 minutes"},"schema":{"@context":"https:\/\/schema.org","@graph":[{"@type":"Article","@id":"https:\/\/lavoixdelanation.tg\/index.php\/2025\/04\/18\/mme-victoire-tomegah-dogbe-sur-le-site-des-travaux-dextension-de-laeroport-international-gnassingbe-eyadema-de-lome\/#article","isPartOf":{"@id":"https:\/\/lavoixdelanation.tg\/index.php\/2025\/04\/18\/mme-victoire-tomegah-dogbe-sur-le-site-des-travaux-dextension-de-laeroport-international-gnassingbe-eyadema-de-lome\/"},"author":{"name":"La voix de la nation","@id":"https:\/\/lavoixdelanation.tg\/#\/schema\/person\/6c489293aa38053673a9e554acb6e224"},"headline":"Mme Victoire Tom\u00e9gah-Dogb\u00e9 sur le site des travaux d\u2019extension de l\u2019A\u00e9roport International Gnassingb\u00e9 Eyadema de Lom\u00e9","datePublished":"2025-04-18T10:01:59+00:00","dateModified":"2025-04-21T10:04:05+00:00","mainEntityOfPage":{"@id":"https:\/\/lavoixdelanation.tg\/index.php\/2025\/04\/18\/mme-victoire-tomegah-dogbe-sur-le-site-des-travaux-dextension-de-laeroport-international-gnassingbe-eyadema-de-lome\/"},"wordCount":388,"commentCount":0,"publisher":{"@id":"https:\/\/lavoixdelanation.tg\/#organization"},"image":{"@id":"https:\/\/lavoixdelanation.tg\/index.php\/2025\/04\/18\/mme-victoire-tomegah-dogbe-sur-le-site-des-travaux-dextension-de-laeroport-international-gnassingbe-eyadema-de-lome\/#primaryimage"},"thumbnailUrl":"https:\/\/lavoixdelanation.tg\/wp-content\/uploads\/2025\/04\/Victoire-Tomegah-Dogbe-sur-le-site-des-travaux-dextension-de-lAeroport-International-Gnassingbe-Eyadema-de-Lome.jpg","keywords":["A\u00e9roport International de Lom\u00e9","AIGE","Togo","travaux d\u2019extension","Victoire Tom\u00e9gah-Dogb\u00e9"],"articleSection":["Economie"],"inLanguage":"fr-FR","potentialAction":[{"@type":"CommentAction","name":"Comment","target":["https:\/\/lavoixdelanation.tg\/index.php\/2025\/04\/18\/mme-victoire-tomegah-dogbe-sur-le-site-des-travaux-dextension-de-laeroport-international-gnassingbe-eyadema-de-lome\/#respond"]}]},{"@type":"WebPage","@id":"https:\/\/lavoixdelanation.tg\/index.php\/2025\/04\/18\/mme-victoire-tomegah-dogbe-sur-le-site-des-travaux-dextension-de-laeroport-international-gnassingbe-eyadema-de-lome\/","url":"https:\/\/lavoixdelanation.tg\/index.php\/2025\/04\/18\/mme-victoire-tomegah-dogbe-sur-le-site-des-travaux-dextension-de-laeroport-international-gnassingbe-eyadema-de-lome\/","name":"Mme Victoire Tom\u00e9gah-Dogb\u00e9 sur le site des travaux d\u2019extension de l\u2019A\u00e9roport International Gnassingb\u00e9 Eyadema de Lom\u00e9 - La Voix de la Nation","isPartOf":{"@id":"https:\/\/lavoixdelanation.tg\/#website"},"primaryImageOfPage":{"@id":"https:\/\/lavoixdelanation.tg\/index.php\/2025\/04\/18\/mme-victoire-tomegah-dogbe-sur-le-site-des-travaux-dextension-de-laeroport-international-gnassingbe-eyadema-de-lome\/#primaryimage"},"image":{"@id":"https:\/\/lavoixdelanation.tg\/index.php\/2025\/04\/18\/mme-victoire-tomegah-dogbe-sur-le-site-des-travaux-dextension-de-laeroport-international-gnassingbe-eyadema-de-lome\/#primaryimage"},"thumbnailUrl":"https:\/\/lavoixdelanation.tg\/wp-content\/uploads\/2025\/04\/Victoire-Tomegah-Dogbe-sur-le-site-des-travaux-dextension-de-lAeroport-International-Gnassingbe-Eyadema-de-Lome.jpg","datePublished":"2025-04-18T10:01:59+00:00","dateModified":"2025-04-21T10:04:05+00:00","breadcrumb":{"@id":"https:\/\/lavoixdelanation.tg\/index.php\/2025\/04\/18\/mme-victoire-tomegah-dogbe-sur-le-site-des-travaux-dextension-de-laeroport-international-gnassingbe-eyadema-de-lome\/#breadcrumb"},"inLanguage":"fr-FR","potentialAction":[{"@type":"ReadAction","target":["https:\/\/lavoixdelanation.tg\/index.php\/2025\/04\/18\/mme-victoire-tomegah-dogbe-sur-le-site-des-travaux-dextension-de-laeroport-international-gnassingbe-eyadema-de-lome\/"]}]},{"@type":"ImageObject","inLanguage":"fr-FR","@id":"https:\/\/lavoixdelanation.tg\/index.php\/2025\/04\/18\/mme-victoire-tomegah-dogbe-sur-le-site-des-travaux-dextension-de-laeroport-international-gnassingbe-eyadema-de-lome\/#primaryimage","url":"https:\/\/lavoixdelanation.tg\/wp-content\/uploads\/2025\/04\/Victoire-Tomegah-Dogbe-sur-le-site-des-travaux-dextension-de-lAeroport-International-Gnassingbe-Eyadema-de-Lome.jpg","contentUrl":"https:\/\/lavoixdelanation.tg\/wp-content\/uploads\/2025\/04\/Victoire-Tomegah-Dogbe-sur-le-site-des-travaux-dextension-de-lAeroport-International-Gnassingbe-Eyadema-de-Lome.jpg","width":1280,"height":853},{"@type":"BreadcrumbList","@id":"https:\/\/lavoixdelanation.tg\/index.php\/2025\/04\/18\/mme-victoire-tomegah-dogbe-sur-le-site-des-travaux-dextension-de-laeroport-international-gnassingbe-eyadema-de-lome\/#breadcrumb","itemListElement":[{"@type":"ListItem","position":1,"name":"Accueil","item":"https:\/\/lavoixdelanation.tg\/"},{"@type":"ListItem","position":2,"name":"Mme Victoire Tom\u00e9gah-Dogb\u00e9 sur le site des travaux d\u2019extension de l\u2019A\u00e9roport International Gnassingb\u00e9 Eyadema de Lom\u00e9"}]},{"@type":"WebSite","@id":"https:\/\/lavoixdelanation.tg\/#website","url":"https:\/\/lavoixdelanation.tg\/","name":"La Voix de la Nation","description":"R\u00e9c\u00e9piss\u00e9 n\u00b00108\/HAAC\/01-2024\/pl\/P","publisher":{"@id":"https:\/\/lavoixdelanation.tg\/#organization"},"alternateName":"VON","potentialAction":[{"@type":"SearchAction","target":{"@type":"EntryPoint","urlTemplate":"https:\/\/lavoixdelanation.tg\/?s={search_term_string}"},"query-input":{"@type":"PropertyValueSpecification","valueRequired":true,"valueName":"search_term_string"}}],"inLanguage":"fr-FR"},{"@type":"Organization","@id":"https:\/\/lavoixdelanation.tg\/#organization","name":"La Voix de la Nation","url":"https:\/\/lavoixdelanation.tg\/","logo":{"@type":"ImageObject","inLanguage":"fr-FR","@id":"https:\/\/lavoixdelanation.tg\/#\/schema\/logo\/image\/","url":"https:\/\/lavoixdelanation.tg\/wp-content\/uploads\/2024\/12\/lavn-1.png","contentUrl":"https:\/\/lavoixdelanation.tg\/wp-content\/uploads\/2024\/12\/lavn-1.png","width":1024,"height":464,"caption":"La Voix de la Nation"},"image":{"@id":"https:\/\/lavoixdelanation.tg\/#\/schema\/logo\/image\/"},"sameAs":["https:\/\/www.facebook.com\/lavoixdelanation"]},{"@type":"Person","@id":"https:\/\/lavoixdelanation.tg\/#\/schema\/person\/6c489293aa38053673a9e554acb6e224","name":"La voix de la nation","image":{"@type":"ImageObject","inLanguage":"fr-FR","@id":"https:\/\/lavoixdelanation.tg\/#\/schema\/person\/image\/","url":"https:\/\/secure.gravatar.com\/avatar\/8aa135d4bbc794494cecaa8d483f6d6cc1023624868deaff686baed5e727a5a1?s=96&d=mm&r=g","contentUrl":"https:\/\/secure.gravatar.com\/avatar\/8aa135d4bbc794494cecaa8d483f6d6cc1023624868deaff686baed5e727a5a1?s=96&d=mm&r=g","caption":"La voix de la nation"},"sameAs":["https:\/\/lavoixdelanation.tg"],"url":"https:\/\/lavoixdelanation.tg\/index.php\/author\/lavn\/"}]}},"_links":{"self":[{"href":"https:\/\/lavoixdelanation.tg\/index.php\/wp-json\/wp\/v2\/posts\/2684","targetHints":{"allow":["GET"]}}],"collection":[{"href":"https:\/\/lavoixdelanation.tg\/index.php\/wp-json\/wp\/v2\/posts"}],"about":[{"href":"https:\/\/lavoixdelanation.tg\/index.php\/wp-json\/wp\/v2\/types\/post"}],"author":[{"embeddable":true,"href":"https:\/\/lavoixdelanation.tg\/index.php\/wp-json\/wp\/v2\/users\/1"}],"replies":[{"embeddable":true,"href":"https:\/\/lavoixdelanation.tg\/index.php\/wp-json\/wp\/v2\/comments?post=2684"}],"version-history":[{"count":1,"href":"https:\/\/lavoixdelanation.tg\/index.php\/wp-json\/wp\/v2\/posts\/2684\/revisions"}],"predecessor-version":[{"id":2686,"href":"https:\/\/lavoixdelanation.tg\/index.php\/wp-json\/wp\/v2\/posts\/2684\/revisions\/2686"}],"wp:featuredmedia":[{"embeddable":true,"href":"https:\/\/lavoixdelanation.tg\/index.php\/wp-json\/wp\/v2\/media\/2685"}],"wp:attachment":[{"href":"https:\/\/lavoixdelanation.tg\/index.php\/wp-json\/wp\/v2\/media?parent=2684"}],"wp:term":[{"taxonomy":"category","embeddable":true,"href":"https:\/\/lavoixdelanation.tg\/index.php\/wp-json\/wp\/v2\/categories?post=2684"},{"taxonomy":"post_tag","embeddable":true,"href":"https:\/\/lavoixdelanation.tg\/index.php\/wp-json\/wp\/v2\/tags?post=2684"}],"curies":[{"name":"wp","href":"https:\/\/api.w.org\/{rel}","templated":true}]}}