{"id":2681,"date":"2025-04-20T15:23:00","date_gmt":"2025-04-20T13:23:00","guid":{"rendered":"https:\/\/lavoixdelanation.tg\/?p=2681"},"modified":"2025-04-21T10:26:43","modified_gmt":"2025-04-21T08:26:43","slug":"paques-que-ce-moment-festif-pour-la-communaute-chretienne-concoure-a-consolider-le-vivre-ensemble-et-la-solidarite-faure-gnassingbe","status":"publish","type":"post","link":"https:\/\/lavoixdelanation.tg\/index.php\/2025\/04\/20\/paques-que-ce-moment-festif-pour-la-communaute-chretienne-concoure-a-consolider-le-vivre-ensemble-et-la-solidarite-faure-gnassingbe\/","title":{"rendered":"P\u00e2ques\u00a0: \u00ab\u00a0Que ce moment festif pour la communaut\u00e9 chr\u00e9tienne concoure \u00e0 consolider le vivre ensemble et la solidarit\u00e9\u00a0\u00bb (Faure Gnassingb\u00e9)"},"content":{"rendered":"\n<p>Les chr\u00e9tiens c\u00e9l\u00e8brent la f\u00eate de P\u00e2ques ce dimanche 20 avril 2025. Apr\u00e8s avoir souhait\u00e9 une bonne c\u00e9l\u00e9bration de P\u00e2ques \u00e0 tous les chr\u00e9tiens du Togo et de la diaspora, le chef de l\u2019Etat a saisi l\u2019occasion pour encore une fois invit\u00e9 les populations \u00e0 promouvoir le vivre ensemble et la solidarit\u00e9.<\/p>\n\n\n\n<p>\u00ab&nbsp;Que ce moment festif pour la communaut\u00e9 chr\u00e9tienne concoure \u00e0 consolider le vivre ensemble et la solidarit\u00e9, ferments de la coh\u00e9sion et de la paix&nbsp;\u00bb, a en effet indiqu\u00e9 Faure Gnassingb\u00e9.<\/p>\n\n\n\n<p>Pour rappel, P\u00e2ques est la f\u00eate la plus importante et la plus anciennement attest\u00e9e du christianisme. C\u00e9l\u00e9br\u00e9e par une messe solennelle, elle comm\u00e9more la R\u00e9surrection de J\u00e9sus, qui se situe au c\u0153ur de la foi chr\u00e9tienne.<\/p>\n\n\n\n<p>La R\u00e9surrection du Christ est \u00e9galement consid\u00e9r\u00e9e comme l\u2019accomplissement des promesses faites par Dieu \u00e0 son peuple.<\/p>\n","protected":false},"excerpt":{"rendered":"<p>Les chr\u00e9tiens c\u00e9l\u00e8brent la f\u00eate de P\u00e2ques ce dimanche 20 avril 2025. Apr\u00e8s avoir souhait\u00e9 une bonne c\u00e9l\u00e9bration de P\u00e2ques \u00e0 tous les chr\u00e9tiens du Togo et de la diaspora,&hellip; <\/p>\n","protected":false},"author":1,"featured_media":2682,"comment_status":"open","ping_status":"open","sticky":false,"template":"","format":"standard","meta":{"footnotes":""},"categories":[29],"tags":[615,614,613,39],"class_list":["post-2681","post","type-post","status-publish","format-standard","has-post-thumbnail","hentry","category-societe","tag-communaute-chretienne","tag-fete-de-paques","tag-resurrection-du-christ","tag-togo"],"yoast_head":"<!-- This site is optimized with the Yoast SEO plugin v26.4 - https:\/\/yoast.com\/wordpress\/plugins\/seo\/ -->\n<title>P\u00e2ques\u00a0: \u00ab\u00a0Que ce moment festif pour la communaut\u00e9 chr\u00e9tienne concoure \u00e0 consolider le vivre ensemble et la solidarit\u00e9\u00a0\u00bb (Faure Gnassingb\u00e9) - La Voix de la Nation<\/title>\n<meta name=\"description\" content=\"Les chr\u00e9tiens c\u00e9l\u00e8brent la f\u00eate de P\u00e2ques ce dimanche 20 avril 2025. Apr\u00e8s avoir souhait\u00e9 une bonne c\u00e9l\u00e9bration de P\u00e2ques \u00e0 tous les chr\u00e9tiens du Togo et de la diaspora, le chef de l\u2019Etat a saisi l\u2019occasion pour encore une fois invit\u00e9 les populations \u00e0 promouvoir le vivre ensemble et la solidarit\u00e9.\" \/>\n<meta name=\"robots\" content=\"index, follow, max-snippet:-1, max-image-preview:large, max-video-preview:-1\" \/>\n<link rel=\"canonical\" href=\"https:\/\/lavoixdelanation.tg\/index.php\/2025\/04\/20\/paques-que-ce-moment-festif-pour-la-communaute-chretienne-concoure-a-consolider-le-vivre-ensemble-et-la-solidarite-faure-gnassingbe\/\" \/>\n<meta property=\"og:locale\" content=\"fr_FR\" \/>\n<meta property=\"og:type\" content=\"article\" \/>\n<meta property=\"og:title\" content=\"P\u00e2ques\u00a0: \u00ab\u00a0Que ce moment festif pour la communaut\u00e9 chr\u00e9tienne concoure \u00e0 consolider le vivre ensemble et la solidarit\u00e9\u00a0\u00bb (Faure Gnassingb\u00e9) - La Voix de la Nation\" \/>\n<meta property=\"og:description\" content=\"Les chr\u00e9tiens c\u00e9l\u00e8brent la f\u00eate de P\u00e2ques ce dimanche 20 avril 2025. Apr\u00e8s avoir souhait\u00e9 une bonne c\u00e9l\u00e9bration de P\u00e2ques \u00e0 tous les chr\u00e9tiens du Togo et de la diaspora, le chef de l\u2019Etat a saisi l\u2019occasion pour encore une fois invit\u00e9 les populations \u00e0 promouvoir le vivre ensemble et la solidarit\u00e9.\" \/>\n<meta property=\"og:url\" content=\"https:\/\/lavoixdelanation.tg\/index.php\/2025\/04\/20\/paques-que-ce-moment-festif-pour-la-communaute-chretienne-concoure-a-consolider-le-vivre-ensemble-et-la-solidarite-faure-gnassingbe\/\" \/>\n<meta property=\"og:site_name\" content=\"La Voix de la Nation\" \/>\n<meta property=\"article:publisher\" content=\"https:\/\/www.facebook.com\/lavoixdelanation\" \/>\n<meta property=\"article:published_time\" content=\"2025-04-20T13:23:00+00:00\" \/>\n<meta property=\"article:modified_time\" content=\"2025-04-21T08:26:43+00:00\" \/>\n<meta property=\"og:image\" content=\"https:\/\/lavoixdelanation.tg\/wp-content\/uploads\/2025\/04\/Paques.jpg\" \/>\n\t<meta property=\"og:image:width\" content=\"526\" \/>\n\t<meta property=\"og:image:height\" content=\"706\" \/>\n\t<meta property=\"og:image:type\" content=\"image\/jpeg\" \/>\n<meta name=\"author\" content=\"La voix de la nation\" \/>\n<meta name=\"twitter:card\" content=\"summary_large_image\" \/>\n<meta name=\"twitter:label1\" content=\"\u00c9crit par\" \/>\n\t<meta name=\"twitter:data1\" content=\"La voix de la nation\" \/>\n\t<meta name=\"twitter:label2\" content=\"Dur\u00e9e de lecture estim\u00e9e\" \/>\n\t<meta name=\"twitter:data2\" content=\"1 minute\" \/>\n<script type=\"application\/ld+json\" class=\"yoast-schema-graph\">{\"@context\":\"https:\/\/schema.org\",\"@graph\":[{\"@type\":\"Article\",\"@id\":\"https:\/\/lavoixdelanation.tg\/index.php\/2025\/04\/20\/paques-que-ce-moment-festif-pour-la-communaute-chretienne-concoure-a-consolider-le-vivre-ensemble-et-la-solidarite-faure-gnassingbe\/#article\",\"isPartOf\":{\"@id\":\"https:\/\/lavoixdelanation.tg\/index.php\/2025\/04\/20\/paques-que-ce-moment-festif-pour-la-communaute-chretienne-concoure-a-consolider-le-vivre-ensemble-et-la-solidarite-faure-gnassingbe\/\"},\"author\":{\"name\":\"La voix de la nation\",\"@id\":\"https:\/\/lavoixdelanation.tg\/#\/schema\/person\/6c489293aa38053673a9e554acb6e224\"},\"headline\":\"P\u00e2ques\u00a0: \u00ab\u00a0Que ce moment festif pour la communaut\u00e9 chr\u00e9tienne concoure \u00e0 consolider le vivre ensemble et la solidarit\u00e9\u00a0\u00bb (Faure Gnassingb\u00e9)\",\"datePublished\":\"2025-04-20T13:23:00+00:00\",\"dateModified\":\"2025-04-21T08:26:43+00:00\",\"mainEntityOfPage\":{\"@id\":\"https:\/\/lavoixdelanation.tg\/index.php\/2025\/04\/20\/paques-que-ce-moment-festif-pour-la-communaute-chretienne-concoure-a-consolider-le-vivre-ensemble-et-la-solidarite-faure-gnassingbe\/\"},\"wordCount\":182,\"commentCount\":0,\"publisher\":{\"@id\":\"https:\/\/lavoixdelanation.tg\/#organization\"},\"image\":{\"@id\":\"https:\/\/lavoixdelanation.tg\/index.php\/2025\/04\/20\/paques-que-ce-moment-festif-pour-la-communaute-chretienne-concoure-a-consolider-le-vivre-ensemble-et-la-solidarite-faure-gnassingbe\/#primaryimage\"},\"thumbnailUrl\":\"https:\/\/lavoixdelanation.tg\/wp-content\/uploads\/2025\/04\/Paques.jpg\",\"keywords\":[\"communaut\u00e9 chr\u00e9tienne\",\"f\u00eate de P\u00e2ques\",\"R\u00e9surrection du Christ\",\"Togo\"],\"articleSection\":[\"Soci\u00e9t\u00e9\"],\"inLanguage\":\"fr-FR\",\"potentialAction\":[{\"@type\":\"CommentAction\",\"name\":\"Comment\",\"target\":[\"https:\/\/lavoixdelanation.tg\/index.php\/2025\/04\/20\/paques-que-ce-moment-festif-pour-la-communaute-chretienne-concoure-a-consolider-le-vivre-ensemble-et-la-solidarite-faure-gnassingbe\/#respond\"]}]},{\"@type\":\"WebPage\",\"@id\":\"https:\/\/lavoixdelanation.tg\/index.php\/2025\/04\/20\/paques-que-ce-moment-festif-pour-la-communaute-chretienne-concoure-a-consolider-le-vivre-ensemble-et-la-solidarite-faure-gnassingbe\/\",\"url\":\"https:\/\/lavoixdelanation.tg\/index.php\/2025\/04\/20\/paques-que-ce-moment-festif-pour-la-communaute-chretienne-concoure-a-consolider-le-vivre-ensemble-et-la-solidarite-faure-gnassingbe\/\",\"name\":\"P\u00e2ques\u00a0: \u00ab\u00a0Que ce moment festif pour la communaut\u00e9 chr\u00e9tienne concoure \u00e0 consolider le vivre ensemble et la solidarit\u00e9\u00a0\u00bb (Faure Gnassingb\u00e9) - La Voix de la Nation\",\"isPartOf\":{\"@id\":\"https:\/\/lavoixdelanation.tg\/#website\"},\"primaryImageOfPage\":{\"@id\":\"https:\/\/lavoixdelanation.tg\/index.php\/2025\/04\/20\/paques-que-ce-moment-festif-pour-la-communaute-chretienne-concoure-a-consolider-le-vivre-ensemble-et-la-solidarite-faure-gnassingbe\/#primaryimage\"},\"image\":{\"@id\":\"https:\/\/lavoixdelanation.tg\/index.php\/2025\/04\/20\/paques-que-ce-moment-festif-pour-la-communaute-chretienne-concoure-a-consolider-le-vivre-ensemble-et-la-solidarite-faure-gnassingbe\/#primaryimage\"},\"thumbnailUrl\":\"https:\/\/lavoixdelanation.tg\/wp-content\/uploads\/2025\/04\/Paques.jpg\",\"datePublished\":\"2025-04-20T13:23:00+00:00\",\"dateModified\":\"2025-04-21T08:26:43+00:00\",\"description\":\"Les chr\u00e9tiens c\u00e9l\u00e8brent la f\u00eate de P\u00e2ques ce dimanche 20 avril 2025. Apr\u00e8s avoir souhait\u00e9 une bonne c\u00e9l\u00e9bration de P\u00e2ques \u00e0 tous les chr\u00e9tiens du Togo et de la diaspora, le chef de l\u2019Etat a saisi l\u2019occasion pour encore une fois invit\u00e9 les populations \u00e0 promouvoir le vivre ensemble et la solidarit\u00e9.\",\"breadcrumb\":{\"@id\":\"https:\/\/lavoixdelanation.tg\/index.php\/2025\/04\/20\/paques-que-ce-moment-festif-pour-la-communaute-chretienne-concoure-a-consolider-le-vivre-ensemble-et-la-solidarite-faure-gnassingbe\/#breadcrumb\"},\"inLanguage\":\"fr-FR\",\"potentialAction\":[{\"@type\":\"ReadAction\",\"target\":[\"https:\/\/lavoixdelanation.tg\/index.php\/2025\/04\/20\/paques-que-ce-moment-festif-pour-la-communaute-chretienne-concoure-a-consolider-le-vivre-ensemble-et-la-solidarite-faure-gnassingbe\/\"]}]},{\"@type\":\"ImageObject\",\"inLanguage\":\"fr-FR\",\"@id\":\"https:\/\/lavoixdelanation.tg\/index.php\/2025\/04\/20\/paques-que-ce-moment-festif-pour-la-communaute-chretienne-concoure-a-consolider-le-vivre-ensemble-et-la-solidarite-faure-gnassingbe\/#primaryimage\",\"url\":\"https:\/\/lavoixdelanation.tg\/wp-content\/uploads\/2025\/04\/Paques.jpg\",\"contentUrl\":\"https:\/\/lavoixdelanation.tg\/wp-content\/uploads\/2025\/04\/Paques.jpg\",\"width\":526,\"height\":706},{\"@type\":\"BreadcrumbList\",\"@id\":\"https:\/\/lavoixdelanation.tg\/index.php\/2025\/04\/20\/paques-que-ce-moment-festif-pour-la-communaute-chretienne-concoure-a-consolider-le-vivre-ensemble-et-la-solidarite-faure-gnassingbe\/#breadcrumb\",\"itemListElement\":[{\"@type\":\"ListItem\",\"position\":1,\"name\":\"Accueil\",\"item\":\"https:\/\/lavoixdelanation.tg\/\"},{\"@type\":\"ListItem\",\"position\":2,\"name\":\"P\u00e2ques\u00a0: \u00ab\u00a0Que ce moment festif pour la communaut\u00e9 chr\u00e9tienne concoure \u00e0 consolider le vivre ensemble et la solidarit\u00e9\u00a0\u00bb (Faure Gnassingb\u00e9)\"}]},{\"@type\":\"WebSite\",\"@id\":\"https:\/\/lavoixdelanation.tg\/#website\",\"url\":\"https:\/\/lavoixdelanation.tg\/\",\"name\":\"La Voix de la Nation\",\"description\":\"R\u00e9c\u00e9piss\u00e9 n\u00b00108\/HAAC\/01-2024\/pl\/P\",\"publisher\":{\"@id\":\"https:\/\/lavoixdelanation.tg\/#organization\"},\"alternateName\":\"VON\",\"potentialAction\":[{\"@type\":\"SearchAction\",\"target\":{\"@type\":\"EntryPoint\",\"urlTemplate\":\"https:\/\/lavoixdelanation.tg\/?s={search_term_string}\"},\"query-input\":{\"@type\":\"PropertyValueSpecification\",\"valueRequired\":true,\"valueName\":\"search_term_string\"}}],\"inLanguage\":\"fr-FR\"},{\"@type\":\"Organization\",\"@id\":\"https:\/\/lavoixdelanation.tg\/#organization\",\"name\":\"La Voix de la Nation\",\"url\":\"https:\/\/lavoixdelanation.tg\/\",\"logo\":{\"@type\":\"ImageObject\",\"inLanguage\":\"fr-FR\",\"@id\":\"https:\/\/lavoixdelanation.tg\/#\/schema\/logo\/image\/\",\"url\":\"https:\/\/lavoixdelanation.tg\/wp-content\/uploads\/2024\/12\/lavn-1.png\",\"contentUrl\":\"https:\/\/lavoixdelanation.tg\/wp-content\/uploads\/2024\/12\/lavn-1.png\",\"width\":1024,\"height\":464,\"caption\":\"La Voix de la Nation\"},\"image\":{\"@id\":\"https:\/\/lavoixdelanation.tg\/#\/schema\/logo\/image\/\"},\"sameAs\":[\"https:\/\/www.facebook.com\/lavoixdelanation\"]},{\"@type\":\"Person\",\"@id\":\"https:\/\/lavoixdelanation.tg\/#\/schema\/person\/6c489293aa38053673a9e554acb6e224\",\"name\":\"La voix de la nation\",\"image\":{\"@type\":\"ImageObject\",\"inLanguage\":\"fr-FR\",\"@id\":\"https:\/\/lavoixdelanation.tg\/#\/schema\/person\/image\/\",\"url\":\"https:\/\/secure.gravatar.com\/avatar\/8aa135d4bbc794494cecaa8d483f6d6cc1023624868deaff686baed5e727a5a1?s=96&d=mm&r=g\",\"contentUrl\":\"https:\/\/secure.gravatar.com\/avatar\/8aa135d4bbc794494cecaa8d483f6d6cc1023624868deaff686baed5e727a5a1?s=96&d=mm&r=g\",\"caption\":\"La voix de la nation\"},\"sameAs\":[\"https:\/\/lavoixdelanation.tg\"],\"url\":\"https:\/\/lavoixdelanation.tg\/index.php\/author\/lavn\/\"}]}<\/script>\n<!-- \/ Yoast SEO plugin. -->","yoast_head_json":{"title":"P\u00e2ques\u00a0: \u00ab\u00a0Que ce moment festif pour la communaut\u00e9 chr\u00e9tienne concoure \u00e0 consolider le vivre ensemble et la solidarit\u00e9\u00a0\u00bb (Faure Gnassingb\u00e9) - La Voix de la Nation","description":"Les chr\u00e9tiens c\u00e9l\u00e8brent la f\u00eate de P\u00e2ques ce dimanche 20 avril 2025. Apr\u00e8s avoir souhait\u00e9 une bonne c\u00e9l\u00e9bration de P\u00e2ques \u00e0 tous les chr\u00e9tiens du Togo et de la diaspora, le chef de l\u2019Etat a saisi l\u2019occasion pour encore une fois invit\u00e9 les populations \u00e0 promouvoir le vivre ensemble et la solidarit\u00e9.","robots":{"index":"index","follow":"follow","max-snippet":"max-snippet:-1","max-image-preview":"max-image-preview:large","max-video-preview":"max-video-preview:-1"},"canonical":"https:\/\/lavoixdelanation.tg\/index.php\/2025\/04\/20\/paques-que-ce-moment-festif-pour-la-communaute-chretienne-concoure-a-consolider-le-vivre-ensemble-et-la-solidarite-faure-gnassingbe\/","og_locale":"fr_FR","og_type":"article","og_title":"P\u00e2ques\u00a0: \u00ab\u00a0Que ce moment festif pour la communaut\u00e9 chr\u00e9tienne concoure \u00e0 consolider le vivre ensemble et la solidarit\u00e9\u00a0\u00bb (Faure Gnassingb\u00e9) - La Voix de la Nation","og_description":"Les chr\u00e9tiens c\u00e9l\u00e8brent la f\u00eate de P\u00e2ques ce dimanche 20 avril 2025. Apr\u00e8s avoir souhait\u00e9 une bonne c\u00e9l\u00e9bration de P\u00e2ques \u00e0 tous les chr\u00e9tiens du Togo et de la diaspora, le chef de l\u2019Etat a saisi l\u2019occasion pour encore une fois invit\u00e9 les populations \u00e0 promouvoir le vivre ensemble et la solidarit\u00e9.","og_url":"https:\/\/lavoixdelanation.tg\/index.php\/2025\/04\/20\/paques-que-ce-moment-festif-pour-la-communaute-chretienne-concoure-a-consolider-le-vivre-ensemble-et-la-solidarite-faure-gnassingbe\/","og_site_name":"La Voix de la Nation","article_publisher":"https:\/\/www.facebook.com\/lavoixdelanation","article_published_time":"2025-04-20T13:23:00+00:00","article_modified_time":"2025-04-21T08:26:43+00:00","og_image":[{"width":526,"height":706,"url":"https:\/\/lavoixdelanation.tg\/wp-content\/uploads\/2025\/04\/Paques.jpg","type":"image\/jpeg"}],"author":"La voix de la nation","twitter_card":"summary_large_image","twitter_misc":{"\u00c9crit par":"La voix de la nation","Dur\u00e9e de lecture estim\u00e9e":"1 minute"},"schema":{"@context":"https:\/\/schema.org","@graph":[{"@type":"Article","@id":"https:\/\/lavoixdelanation.tg\/index.php\/2025\/04\/20\/paques-que-ce-moment-festif-pour-la-communaute-chretienne-concoure-a-consolider-le-vivre-ensemble-et-la-solidarite-faure-gnassingbe\/#article","isPartOf":{"@id":"https:\/\/lavoixdelanation.tg\/index.php\/2025\/04\/20\/paques-que-ce-moment-festif-pour-la-communaute-chretienne-concoure-a-consolider-le-vivre-ensemble-et-la-solidarite-faure-gnassingbe\/"},"author":{"name":"La voix de la nation","@id":"https:\/\/lavoixdelanation.tg\/#\/schema\/person\/6c489293aa38053673a9e554acb6e224"},"headline":"P\u00e2ques\u00a0: \u00ab\u00a0Que ce moment festif pour la communaut\u00e9 chr\u00e9tienne concoure \u00e0 consolider le vivre ensemble et la solidarit\u00e9\u00a0\u00bb (Faure Gnassingb\u00e9)","datePublished":"2025-04-20T13:23:00+00:00","dateModified":"2025-04-21T08:26:43+00:00","mainEntityOfPage":{"@id":"https:\/\/lavoixdelanation.tg\/index.php\/2025\/04\/20\/paques-que-ce-moment-festif-pour-la-communaute-chretienne-concoure-a-consolider-le-vivre-ensemble-et-la-solidarite-faure-gnassingbe\/"},"wordCount":182,"commentCount":0,"publisher":{"@id":"https:\/\/lavoixdelanation.tg\/#organization"},"image":{"@id":"https:\/\/lavoixdelanation.tg\/index.php\/2025\/04\/20\/paques-que-ce-moment-festif-pour-la-communaute-chretienne-concoure-a-consolider-le-vivre-ensemble-et-la-solidarite-faure-gnassingbe\/#primaryimage"},"thumbnailUrl":"https:\/\/lavoixdelanation.tg\/wp-content\/uploads\/2025\/04\/Paques.jpg","keywords":["communaut\u00e9 chr\u00e9tienne","f\u00eate de P\u00e2ques","R\u00e9surrection du Christ","Togo"],"articleSection":["Soci\u00e9t\u00e9"],"inLanguage":"fr-FR","potentialAction":[{"@type":"CommentAction","name":"Comment","target":["https:\/\/lavoixdelanation.tg\/index.php\/2025\/04\/20\/paques-que-ce-moment-festif-pour-la-communaute-chretienne-concoure-a-consolider-le-vivre-ensemble-et-la-solidarite-faure-gnassingbe\/#respond"]}]},{"@type":"WebPage","@id":"https:\/\/lavoixdelanation.tg\/index.php\/2025\/04\/20\/paques-que-ce-moment-festif-pour-la-communaute-chretienne-concoure-a-consolider-le-vivre-ensemble-et-la-solidarite-faure-gnassingbe\/","url":"https:\/\/lavoixdelanation.tg\/index.php\/2025\/04\/20\/paques-que-ce-moment-festif-pour-la-communaute-chretienne-concoure-a-consolider-le-vivre-ensemble-et-la-solidarite-faure-gnassingbe\/","name":"P\u00e2ques\u00a0: \u00ab\u00a0Que ce moment festif pour la communaut\u00e9 chr\u00e9tienne concoure \u00e0 consolider le vivre ensemble et la solidarit\u00e9\u00a0\u00bb (Faure Gnassingb\u00e9) - La Voix de la Nation","isPartOf":{"@id":"https:\/\/lavoixdelanation.tg\/#website"},"primaryImageOfPage":{"@id":"https:\/\/lavoixdelanation.tg\/index.php\/2025\/04\/20\/paques-que-ce-moment-festif-pour-la-communaute-chretienne-concoure-a-consolider-le-vivre-ensemble-et-la-solidarite-faure-gnassingbe\/#primaryimage"},"image":{"@id":"https:\/\/lavoixdelanation.tg\/index.php\/2025\/04\/20\/paques-que-ce-moment-festif-pour-la-communaute-chretienne-concoure-a-consolider-le-vivre-ensemble-et-la-solidarite-faure-gnassingbe\/#primaryimage"},"thumbnailUrl":"https:\/\/lavoixdelanation.tg\/wp-content\/uploads\/2025\/04\/Paques.jpg","datePublished":"2025-04-20T13:23:00+00:00","dateModified":"2025-04-21T08:26:43+00:00","description":"Les chr\u00e9tiens c\u00e9l\u00e8brent la f\u00eate de P\u00e2ques ce dimanche 20 avril 2025. Apr\u00e8s avoir souhait\u00e9 une bonne c\u00e9l\u00e9bration de P\u00e2ques \u00e0 tous les chr\u00e9tiens du Togo et de la diaspora, le chef de l\u2019Etat a saisi l\u2019occasion pour encore une fois invit\u00e9 les populations \u00e0 promouvoir le vivre ensemble et la solidarit\u00e9.","breadcrumb":{"@id":"https:\/\/lavoixdelanation.tg\/index.php\/2025\/04\/20\/paques-que-ce-moment-festif-pour-la-communaute-chretienne-concoure-a-consolider-le-vivre-ensemble-et-la-solidarite-faure-gnassingbe\/#breadcrumb"},"inLanguage":"fr-FR","potentialAction":[{"@type":"ReadAction","target":["https:\/\/lavoixdelanation.tg\/index.php\/2025\/04\/20\/paques-que-ce-moment-festif-pour-la-communaute-chretienne-concoure-a-consolider-le-vivre-ensemble-et-la-solidarite-faure-gnassingbe\/"]}]},{"@type":"ImageObject","inLanguage":"fr-FR","@id":"https:\/\/lavoixdelanation.tg\/index.php\/2025\/04\/20\/paques-que-ce-moment-festif-pour-la-communaute-chretienne-concoure-a-consolider-le-vivre-ensemble-et-la-solidarite-faure-gnassingbe\/#primaryimage","url":"https:\/\/lavoixdelanation.tg\/wp-content\/uploads\/2025\/04\/Paques.jpg","contentUrl":"https:\/\/lavoixdelanation.tg\/wp-content\/uploads\/2025\/04\/Paques.jpg","width":526,"height":706},{"@type":"BreadcrumbList","@id":"https:\/\/lavoixdelanation.tg\/index.php\/2025\/04\/20\/paques-que-ce-moment-festif-pour-la-communaute-chretienne-concoure-a-consolider-le-vivre-ensemble-et-la-solidarite-faure-gnassingbe\/#breadcrumb","itemListElement":[{"@type":"ListItem","position":1,"name":"Accueil","item":"https:\/\/lavoixdelanation.tg\/"},{"@type":"ListItem","position":2,"name":"P\u00e2ques\u00a0: \u00ab\u00a0Que ce moment festif pour la communaut\u00e9 chr\u00e9tienne concoure \u00e0 consolider le vivre ensemble et la solidarit\u00e9\u00a0\u00bb (Faure Gnassingb\u00e9)"}]},{"@type":"WebSite","@id":"https:\/\/lavoixdelanation.tg\/#website","url":"https:\/\/lavoixdelanation.tg\/","name":"La Voix de la Nation","description":"R\u00e9c\u00e9piss\u00e9 n\u00b00108\/HAAC\/01-2024\/pl\/P","publisher":{"@id":"https:\/\/lavoixdelanation.tg\/#organization"},"alternateName":"VON","potentialAction":[{"@type":"SearchAction","target":{"@type":"EntryPoint","urlTemplate":"https:\/\/lavoixdelanation.tg\/?s={search_term_string}"},"query-input":{"@type":"PropertyValueSpecification","valueRequired":true,"valueName":"search_term_string"}}],"inLanguage":"fr-FR"},{"@type":"Organization","@id":"https:\/\/lavoixdelanation.tg\/#organization","name":"La Voix de la Nation","url":"https:\/\/lavoixdelanation.tg\/","logo":{"@type":"ImageObject","inLanguage":"fr-FR","@id":"https:\/\/lavoixdelanation.tg\/#\/schema\/logo\/image\/","url":"https:\/\/lavoixdelanation.tg\/wp-content\/uploads\/2024\/12\/lavn-1.png","contentUrl":"https:\/\/lavoixdelanation.tg\/wp-content\/uploads\/2024\/12\/lavn-1.png","width":1024,"height":464,"caption":"La Voix de la Nation"},"image":{"@id":"https:\/\/lavoixdelanation.tg\/#\/schema\/logo\/image\/"},"sameAs":["https:\/\/www.facebook.com\/lavoixdelanation"]},{"@type":"Person","@id":"https:\/\/lavoixdelanation.tg\/#\/schema\/person\/6c489293aa38053673a9e554acb6e224","name":"La voix de la nation","image":{"@type":"ImageObject","inLanguage":"fr-FR","@id":"https:\/\/lavoixdelanation.tg\/#\/schema\/person\/image\/","url":"https:\/\/secure.gravatar.com\/avatar\/8aa135d4bbc794494cecaa8d483f6d6cc1023624868deaff686baed5e727a5a1?s=96&d=mm&r=g","contentUrl":"https:\/\/secure.gravatar.com\/avatar\/8aa135d4bbc794494cecaa8d483f6d6cc1023624868deaff686baed5e727a5a1?s=96&d=mm&r=g","caption":"La voix de la nation"},"sameAs":["https:\/\/lavoixdelanation.tg"],"url":"https:\/\/lavoixdelanation.tg\/index.php\/author\/lavn\/"}]}},"_links":{"self":[{"href":"https:\/\/lavoixdelanation.tg\/index.php\/wp-json\/wp\/v2\/posts\/2681","targetHints":{"allow":["GET"]}}],"collection":[{"href":"https:\/\/lavoixdelanation.tg\/index.php\/wp-json\/wp\/v2\/posts"}],"about":[{"href":"https:\/\/lavoixdelanation.tg\/index.php\/wp-json\/wp\/v2\/types\/post"}],"author":[{"embeddable":true,"href":"https:\/\/lavoixdelanation.tg\/index.php\/wp-json\/wp\/v2\/users\/1"}],"replies":[{"embeddable":true,"href":"https:\/\/lavoixdelanation.tg\/index.php\/wp-json\/wp\/v2\/comments?post=2681"}],"version-history":[{"count":1,"href":"https:\/\/lavoixdelanation.tg\/index.php\/wp-json\/wp\/v2\/posts\/2681\/revisions"}],"predecessor-version":[{"id":2683,"href":"https:\/\/lavoixdelanation.tg\/index.php\/wp-json\/wp\/v2\/posts\/2681\/revisions\/2683"}],"wp:featuredmedia":[{"embeddable":true,"href":"https:\/\/lavoixdelanation.tg\/index.php\/wp-json\/wp\/v2\/media\/2682"}],"wp:attachment":[{"href":"https:\/\/lavoixdelanation.tg\/index.php\/wp-json\/wp\/v2\/media?parent=2681"}],"wp:term":[{"taxonomy":"category","embeddable":true,"href":"https:\/\/lavoixdelanation.tg\/index.php\/wp-json\/wp\/v2\/categories?post=2681"},{"taxonomy":"post_tag","embeddable":true,"href":"https:\/\/lavoixdelanation.tg\/index.php\/wp-json\/wp\/v2\/tags?post=2681"}],"curies":[{"name":"wp","href":"https:\/\/api.w.org\/{rel}","templated":true}]}}