{"id":2671,"date":"2025-04-20T09:07:30","date_gmt":"2025-04-20T07:07:30","guid":{"rendered":"https:\/\/lavoixdelanation.tg\/?p=2671"},"modified":"2025-04-21T09:10:38","modified_gmt":"2025-04-21T07:10:38","slug":"72-milliards-f-cfa-de-lallemagne-pour-renforcer-le-programme-dalimentation-scolaire-au-togo","status":"publish","type":"post","link":"https:\/\/lavoixdelanation.tg\/index.php\/2025\/04\/20\/72-milliards-f-cfa-de-lallemagne-pour-renforcer-le-programme-dalimentation-scolaire-au-togo\/","title":{"rendered":"7,2 milliards F CFA de l\u2019Allemagne pour renforcer le programme d\u2019alimentation scolaire au Togo"},"content":{"rendered":"\n<p><strong>L\u2019Allemagne apporte son appui au programme d\u2019alimentation scolaire au Togo avec une enveloppe financi\u00e8re de 11 millions d\u2019euros en dons, soit 7,2 milliards de F CFA.<\/strong><\/p>\n\n\n\n<p>Il s\u2019agit d\u2019un projet d\u2019alimentation scolaire int\u00e9gr\u00e9e bas\u00e9 sur la production locale, qui pr\u00e9voit de toucher jusqu\u2019en 2028, plus de 100 \u00e9coles et en somme 28.000 \u00e9l\u00e8ves dans les r\u00e9gions de la Kara et des savanes.<\/p>\n\n\n\n<p>En dehors des repas scolaires nutritifs pour les enfants, d\u2019autres dimensions sont prises en compte, telles que&nbsp;la connexion des petits producteurs agricoles locaux aux cantines scolaires, la promotion de l\u2019inclusion sociale, et l\u2019autonomisation des femmes des coop\u00e9ratives de transformation agricole.<\/p>\n\n\n\n<p>Il a \u00e9t\u00e9 officiellement lanc\u00e9 ce 17 avril 2025 \u00e0 Kara par le Ministre d\u00e9l\u00e9gu\u00e9 aupr\u00e8s de la Ministre du D\u00e9veloppement \u00e0 la base, M. Abdul-Fahd FOFANA et la Charg\u00e9e d\u2019Affaires a.i. de l\u2019Ambassade d\u2019Allemagne au Togo, Mme Camilla Gendolla.<\/p>\n\n\n\n<figure class=\"wp-block-image size-full is-resized\"><img loading=\"lazy\" decoding=\"async\" width=\"650\" height=\"394\" src=\"https:\/\/lavoixdelanation.tg\/wp-content\/uploads\/2025\/04\/Projet-dalimentation-scolaire-integree-base-sur-la-production-locale-au-Togo.jpg\" alt=\"\" class=\"wp-image-2673\" style=\"width:840px;height:auto\" srcset=\"https:\/\/lavoixdelanation.tg\/wp-content\/uploads\/2025\/04\/Projet-dalimentation-scolaire-integree-base-sur-la-production-locale-au-Togo.jpg 650w, https:\/\/lavoixdelanation.tg\/wp-content\/uploads\/2025\/04\/Projet-dalimentation-scolaire-integree-base-sur-la-production-locale-au-Togo-300x182.jpg 300w\" sizes=\"auto, (max-width: 650px) 100vw, 650px\" \/><\/figure>\n\n\n\n<p>\u00ab&nbsp;Ce projet illustre notre ambition d&rsquo;une transformation \u00e9conomique inclusive, fond\u00e9e sur la souverainet\u00e9 alimentaire et le d\u00e9veloppement rural&nbsp;\u00bb, a indiqu\u00e9 le ministre d\u00e9l\u00e9gu\u00e9 Abdul-Fattah Fofana.<\/p>\n\n\n\n<p>Le projet sera mis en \u0153uvre par le Programme Alimentaire Mondial (PAM). Il s\u2019inscrit dans le&nbsp; cadre des strat\u00e9gies togolaises de d\u00e9veloppement, en lien avec les Objectifs de d\u00e9veloppement durable (ODD).<\/p>\n","protected":false},"excerpt":{"rendered":"<p>L\u2019Allemagne apporte son appui au programme d\u2019alimentation scolaire au Togo avec une enveloppe financi\u00e8re de 11 millions d\u2019euros en dons, soit 7,2 milliards de F CFA. Il s\u2019agit d\u2019un projet&hellip; <\/p>\n","protected":false},"author":1,"featured_media":2672,"comment_status":"open","ping_status":"open","sticky":false,"template":"","format":"standard","meta":{"footnotes":""},"categories":[10],"tags":[610,39],"class_list":["post-2671","post","type-post","status-publish","format-standard","has-post-thumbnail","hentry","category-education","tag-alimentation-scolaire-integree","tag-togo"],"yoast_head":"<!-- This site is optimized with the Yoast SEO plugin v26.4 - https:\/\/yoast.com\/wordpress\/plugins\/seo\/ -->\n<title>7,2 milliards F CFA de l\u2019Allemagne pour renforcer le programme d\u2019alimentation scolaire au Togo - La Voix de la Nation<\/title>\n<meta name=\"description\" content=\"L\u2019Allemagne apporte son appui au programme d\u2019alimentation scolaire au Togo avec une enveloppe financi\u00e8re de 11 millions d\u2019euros en dons, soit 7,2 milliards de F CFA.\" \/>\n<meta name=\"robots\" content=\"index, follow, max-snippet:-1, max-image-preview:large, max-video-preview:-1\" \/>\n<link rel=\"canonical\" href=\"https:\/\/lavoixdelanation.tg\/index.php\/2025\/04\/20\/72-milliards-f-cfa-de-lallemagne-pour-renforcer-le-programme-dalimentation-scolaire-au-togo\/\" \/>\n<meta property=\"og:locale\" content=\"fr_FR\" \/>\n<meta property=\"og:type\" content=\"article\" \/>\n<meta property=\"og:title\" content=\"7,2 milliards F CFA de l\u2019Allemagne pour renforcer le programme d\u2019alimentation scolaire au Togo - La Voix de la Nation\" \/>\n<meta property=\"og:description\" content=\"L\u2019Allemagne apporte son appui au programme d\u2019alimentation scolaire au Togo avec une enveloppe financi\u00e8re de 11 millions d\u2019euros en dons, soit 7,2 milliards de F CFA.\" \/>\n<meta property=\"og:url\" content=\"https:\/\/lavoixdelanation.tg\/index.php\/2025\/04\/20\/72-milliards-f-cfa-de-lallemagne-pour-renforcer-le-programme-dalimentation-scolaire-au-togo\/\" \/>\n<meta property=\"og:site_name\" content=\"La Voix de la Nation\" \/>\n<meta property=\"article:publisher\" content=\"https:\/\/www.facebook.com\/lavoixdelanation\" \/>\n<meta property=\"article:published_time\" content=\"2025-04-20T07:07:30+00:00\" \/>\n<meta property=\"article:modified_time\" content=\"2025-04-21T07:10:38+00:00\" \/>\n<meta property=\"og:image\" content=\"https:\/\/lavoixdelanation.tg\/wp-content\/uploads\/2025\/04\/Lancement-du-projet-dalimentation-scolaire-integree-base-sur-la-production-locale-au-Togo.jpg\" \/>\n\t<meta property=\"og:image:width\" content=\"650\" \/>\n\t<meta property=\"og:image:height\" content=\"410\" \/>\n\t<meta property=\"og:image:type\" content=\"image\/jpeg\" \/>\n<meta name=\"author\" content=\"La voix de la nation\" \/>\n<meta name=\"twitter:card\" content=\"summary_large_image\" \/>\n<meta name=\"twitter:label1\" content=\"\u00c9crit par\" \/>\n\t<meta name=\"twitter:data1\" content=\"La voix de la nation\" \/>\n\t<meta name=\"twitter:label2\" content=\"Dur\u00e9e de lecture estim\u00e9e\" \/>\n\t<meta name=\"twitter:data2\" content=\"2 minutes\" \/>\n<script type=\"application\/ld+json\" class=\"yoast-schema-graph\">{\"@context\":\"https:\/\/schema.org\",\"@graph\":[{\"@type\":\"Article\",\"@id\":\"https:\/\/lavoixdelanation.tg\/index.php\/2025\/04\/20\/72-milliards-f-cfa-de-lallemagne-pour-renforcer-le-programme-dalimentation-scolaire-au-togo\/#article\",\"isPartOf\":{\"@id\":\"https:\/\/lavoixdelanation.tg\/index.php\/2025\/04\/20\/72-milliards-f-cfa-de-lallemagne-pour-renforcer-le-programme-dalimentation-scolaire-au-togo\/\"},\"author\":{\"name\":\"La voix de la nation\",\"@id\":\"https:\/\/lavoixdelanation.tg\/#\/schema\/person\/6c489293aa38053673a9e554acb6e224\"},\"headline\":\"7,2 milliards F CFA de l\u2019Allemagne pour renforcer le programme d\u2019alimentation scolaire au Togo\",\"datePublished\":\"2025-04-20T07:07:30+00:00\",\"dateModified\":\"2025-04-21T07:10:38+00:00\",\"mainEntityOfPage\":{\"@id\":\"https:\/\/lavoixdelanation.tg\/index.php\/2025\/04\/20\/72-milliards-f-cfa-de-lallemagne-pour-renforcer-le-programme-dalimentation-scolaire-au-togo\/\"},\"wordCount\":244,\"commentCount\":0,\"publisher\":{\"@id\":\"https:\/\/lavoixdelanation.tg\/#organization\"},\"image\":{\"@id\":\"https:\/\/lavoixdelanation.tg\/index.php\/2025\/04\/20\/72-milliards-f-cfa-de-lallemagne-pour-renforcer-le-programme-dalimentation-scolaire-au-togo\/#primaryimage\"},\"thumbnailUrl\":\"https:\/\/lavoixdelanation.tg\/wp-content\/uploads\/2025\/04\/Lancement-du-projet-dalimentation-scolaire-integree-base-sur-la-production-locale-au-Togo.jpg\",\"keywords\":[\"alimentation scolaire int\u00e9gr\u00e9e\",\"Togo\"],\"articleSection\":[\"Education\"],\"inLanguage\":\"fr-FR\",\"potentialAction\":[{\"@type\":\"CommentAction\",\"name\":\"Comment\",\"target\":[\"https:\/\/lavoixdelanation.tg\/index.php\/2025\/04\/20\/72-milliards-f-cfa-de-lallemagne-pour-renforcer-le-programme-dalimentation-scolaire-au-togo\/#respond\"]}]},{\"@type\":\"WebPage\",\"@id\":\"https:\/\/lavoixdelanation.tg\/index.php\/2025\/04\/20\/72-milliards-f-cfa-de-lallemagne-pour-renforcer-le-programme-dalimentation-scolaire-au-togo\/\",\"url\":\"https:\/\/lavoixdelanation.tg\/index.php\/2025\/04\/20\/72-milliards-f-cfa-de-lallemagne-pour-renforcer-le-programme-dalimentation-scolaire-au-togo\/\",\"name\":\"7,2 milliards F CFA de l\u2019Allemagne pour renforcer le programme d\u2019alimentation scolaire au Togo - La Voix de la Nation\",\"isPartOf\":{\"@id\":\"https:\/\/lavoixdelanation.tg\/#website\"},\"primaryImageOfPage\":{\"@id\":\"https:\/\/lavoixdelanation.tg\/index.php\/2025\/04\/20\/72-milliards-f-cfa-de-lallemagne-pour-renforcer-le-programme-dalimentation-scolaire-au-togo\/#primaryimage\"},\"image\":{\"@id\":\"https:\/\/lavoixdelanation.tg\/index.php\/2025\/04\/20\/72-milliards-f-cfa-de-lallemagne-pour-renforcer-le-programme-dalimentation-scolaire-au-togo\/#primaryimage\"},\"thumbnailUrl\":\"https:\/\/lavoixdelanation.tg\/wp-content\/uploads\/2025\/04\/Lancement-du-projet-dalimentation-scolaire-integree-base-sur-la-production-locale-au-Togo.jpg\",\"datePublished\":\"2025-04-20T07:07:30+00:00\",\"dateModified\":\"2025-04-21T07:10:38+00:00\",\"description\":\"L\u2019Allemagne apporte son appui au programme d\u2019alimentation scolaire au Togo avec une enveloppe financi\u00e8re de 11 millions d\u2019euros en dons, soit 7,2 milliards de F CFA.\",\"breadcrumb\":{\"@id\":\"https:\/\/lavoixdelanation.tg\/index.php\/2025\/04\/20\/72-milliards-f-cfa-de-lallemagne-pour-renforcer-le-programme-dalimentation-scolaire-au-togo\/#breadcrumb\"},\"inLanguage\":\"fr-FR\",\"potentialAction\":[{\"@type\":\"ReadAction\",\"target\":[\"https:\/\/lavoixdelanation.tg\/index.php\/2025\/04\/20\/72-milliards-f-cfa-de-lallemagne-pour-renforcer-le-programme-dalimentation-scolaire-au-togo\/\"]}]},{\"@type\":\"ImageObject\",\"inLanguage\":\"fr-FR\",\"@id\":\"https:\/\/lavoixdelanation.tg\/index.php\/2025\/04\/20\/72-milliards-f-cfa-de-lallemagne-pour-renforcer-le-programme-dalimentation-scolaire-au-togo\/#primaryimage\",\"url\":\"https:\/\/lavoixdelanation.tg\/wp-content\/uploads\/2025\/04\/Lancement-du-projet-dalimentation-scolaire-integree-base-sur-la-production-locale-au-Togo.jpg\",\"contentUrl\":\"https:\/\/lavoixdelanation.tg\/wp-content\/uploads\/2025\/04\/Lancement-du-projet-dalimentation-scolaire-integree-base-sur-la-production-locale-au-Togo.jpg\",\"width\":650,\"height\":410},{\"@type\":\"BreadcrumbList\",\"@id\":\"https:\/\/lavoixdelanation.tg\/index.php\/2025\/04\/20\/72-milliards-f-cfa-de-lallemagne-pour-renforcer-le-programme-dalimentation-scolaire-au-togo\/#breadcrumb\",\"itemListElement\":[{\"@type\":\"ListItem\",\"position\":1,\"name\":\"Accueil\",\"item\":\"https:\/\/lavoixdelanation.tg\/\"},{\"@type\":\"ListItem\",\"position\":2,\"name\":\"7,2 milliards F CFA de l\u2019Allemagne pour renforcer le programme d\u2019alimentation scolaire au Togo\"}]},{\"@type\":\"WebSite\",\"@id\":\"https:\/\/lavoixdelanation.tg\/#website\",\"url\":\"https:\/\/lavoixdelanation.tg\/\",\"name\":\"La Voix de la Nation\",\"description\":\"R\u00e9c\u00e9piss\u00e9 n\u00b00108\/HAAC\/01-2024\/pl\/P\",\"publisher\":{\"@id\":\"https:\/\/lavoixdelanation.tg\/#organization\"},\"alternateName\":\"VON\",\"potentialAction\":[{\"@type\":\"SearchAction\",\"target\":{\"@type\":\"EntryPoint\",\"urlTemplate\":\"https:\/\/lavoixdelanation.tg\/?s={search_term_string}\"},\"query-input\":{\"@type\":\"PropertyValueSpecification\",\"valueRequired\":true,\"valueName\":\"search_term_string\"}}],\"inLanguage\":\"fr-FR\"},{\"@type\":\"Organization\",\"@id\":\"https:\/\/lavoixdelanation.tg\/#organization\",\"name\":\"La Voix de la Nation\",\"url\":\"https:\/\/lavoixdelanation.tg\/\",\"logo\":{\"@type\":\"ImageObject\",\"inLanguage\":\"fr-FR\",\"@id\":\"https:\/\/lavoixdelanation.tg\/#\/schema\/logo\/image\/\",\"url\":\"https:\/\/lavoixdelanation.tg\/wp-content\/uploads\/2024\/12\/lavn-1.png\",\"contentUrl\":\"https:\/\/lavoixdelanation.tg\/wp-content\/uploads\/2024\/12\/lavn-1.png\",\"width\":1024,\"height\":464,\"caption\":\"La Voix de la Nation\"},\"image\":{\"@id\":\"https:\/\/lavoixdelanation.tg\/#\/schema\/logo\/image\/\"},\"sameAs\":[\"https:\/\/www.facebook.com\/lavoixdelanation\"]},{\"@type\":\"Person\",\"@id\":\"https:\/\/lavoixdelanation.tg\/#\/schema\/person\/6c489293aa38053673a9e554acb6e224\",\"name\":\"La voix de la nation\",\"image\":{\"@type\":\"ImageObject\",\"inLanguage\":\"fr-FR\",\"@id\":\"https:\/\/lavoixdelanation.tg\/#\/schema\/person\/image\/\",\"url\":\"https:\/\/secure.gravatar.com\/avatar\/8aa135d4bbc794494cecaa8d483f6d6cc1023624868deaff686baed5e727a5a1?s=96&d=mm&r=g\",\"contentUrl\":\"https:\/\/secure.gravatar.com\/avatar\/8aa135d4bbc794494cecaa8d483f6d6cc1023624868deaff686baed5e727a5a1?s=96&d=mm&r=g\",\"caption\":\"La voix de la nation\"},\"sameAs\":[\"https:\/\/lavoixdelanation.tg\"],\"url\":\"https:\/\/lavoixdelanation.tg\/index.php\/author\/lavn\/\"}]}<\/script>\n<!-- \/ Yoast SEO plugin. -->","yoast_head_json":{"title":"7,2 milliards F CFA de l\u2019Allemagne pour renforcer le programme d\u2019alimentation scolaire au Togo - La Voix de la Nation","description":"L\u2019Allemagne apporte son appui au programme d\u2019alimentation scolaire au Togo avec une enveloppe financi\u00e8re de 11 millions d\u2019euros en dons, soit 7,2 milliards de F CFA.","robots":{"index":"index","follow":"follow","max-snippet":"max-snippet:-1","max-image-preview":"max-image-preview:large","max-video-preview":"max-video-preview:-1"},"canonical":"https:\/\/lavoixdelanation.tg\/index.php\/2025\/04\/20\/72-milliards-f-cfa-de-lallemagne-pour-renforcer-le-programme-dalimentation-scolaire-au-togo\/","og_locale":"fr_FR","og_type":"article","og_title":"7,2 milliards F CFA de l\u2019Allemagne pour renforcer le programme d\u2019alimentation scolaire au Togo - La Voix de la Nation","og_description":"L\u2019Allemagne apporte son appui au programme d\u2019alimentation scolaire au Togo avec une enveloppe financi\u00e8re de 11 millions d\u2019euros en dons, soit 7,2 milliards de F CFA.","og_url":"https:\/\/lavoixdelanation.tg\/index.php\/2025\/04\/20\/72-milliards-f-cfa-de-lallemagne-pour-renforcer-le-programme-dalimentation-scolaire-au-togo\/","og_site_name":"La Voix de la Nation","article_publisher":"https:\/\/www.facebook.com\/lavoixdelanation","article_published_time":"2025-04-20T07:07:30+00:00","article_modified_time":"2025-04-21T07:10:38+00:00","og_image":[{"width":650,"height":410,"url":"https:\/\/lavoixdelanation.tg\/wp-content\/uploads\/2025\/04\/Lancement-du-projet-dalimentation-scolaire-integree-base-sur-la-production-locale-au-Togo.jpg","type":"image\/jpeg"}],"author":"La voix de la nation","twitter_card":"summary_large_image","twitter_misc":{"\u00c9crit par":"La voix de la nation","Dur\u00e9e de lecture estim\u00e9e":"2 minutes"},"schema":{"@context":"https:\/\/schema.org","@graph":[{"@type":"Article","@id":"https:\/\/lavoixdelanation.tg\/index.php\/2025\/04\/20\/72-milliards-f-cfa-de-lallemagne-pour-renforcer-le-programme-dalimentation-scolaire-au-togo\/#article","isPartOf":{"@id":"https:\/\/lavoixdelanation.tg\/index.php\/2025\/04\/20\/72-milliards-f-cfa-de-lallemagne-pour-renforcer-le-programme-dalimentation-scolaire-au-togo\/"},"author":{"name":"La voix de la nation","@id":"https:\/\/lavoixdelanation.tg\/#\/schema\/person\/6c489293aa38053673a9e554acb6e224"},"headline":"7,2 milliards F CFA de l\u2019Allemagne pour renforcer le programme d\u2019alimentation scolaire au Togo","datePublished":"2025-04-20T07:07:30+00:00","dateModified":"2025-04-21T07:10:38+00:00","mainEntityOfPage":{"@id":"https:\/\/lavoixdelanation.tg\/index.php\/2025\/04\/20\/72-milliards-f-cfa-de-lallemagne-pour-renforcer-le-programme-dalimentation-scolaire-au-togo\/"},"wordCount":244,"commentCount":0,"publisher":{"@id":"https:\/\/lavoixdelanation.tg\/#organization"},"image":{"@id":"https:\/\/lavoixdelanation.tg\/index.php\/2025\/04\/20\/72-milliards-f-cfa-de-lallemagne-pour-renforcer-le-programme-dalimentation-scolaire-au-togo\/#primaryimage"},"thumbnailUrl":"https:\/\/lavoixdelanation.tg\/wp-content\/uploads\/2025\/04\/Lancement-du-projet-dalimentation-scolaire-integree-base-sur-la-production-locale-au-Togo.jpg","keywords":["alimentation scolaire int\u00e9gr\u00e9e","Togo"],"articleSection":["Education"],"inLanguage":"fr-FR","potentialAction":[{"@type":"CommentAction","name":"Comment","target":["https:\/\/lavoixdelanation.tg\/index.php\/2025\/04\/20\/72-milliards-f-cfa-de-lallemagne-pour-renforcer-le-programme-dalimentation-scolaire-au-togo\/#respond"]}]},{"@type":"WebPage","@id":"https:\/\/lavoixdelanation.tg\/index.php\/2025\/04\/20\/72-milliards-f-cfa-de-lallemagne-pour-renforcer-le-programme-dalimentation-scolaire-au-togo\/","url":"https:\/\/lavoixdelanation.tg\/index.php\/2025\/04\/20\/72-milliards-f-cfa-de-lallemagne-pour-renforcer-le-programme-dalimentation-scolaire-au-togo\/","name":"7,2 milliards F CFA de l\u2019Allemagne pour renforcer le programme d\u2019alimentation scolaire au Togo - La Voix de la Nation","isPartOf":{"@id":"https:\/\/lavoixdelanation.tg\/#website"},"primaryImageOfPage":{"@id":"https:\/\/lavoixdelanation.tg\/index.php\/2025\/04\/20\/72-milliards-f-cfa-de-lallemagne-pour-renforcer-le-programme-dalimentation-scolaire-au-togo\/#primaryimage"},"image":{"@id":"https:\/\/lavoixdelanation.tg\/index.php\/2025\/04\/20\/72-milliards-f-cfa-de-lallemagne-pour-renforcer-le-programme-dalimentation-scolaire-au-togo\/#primaryimage"},"thumbnailUrl":"https:\/\/lavoixdelanation.tg\/wp-content\/uploads\/2025\/04\/Lancement-du-projet-dalimentation-scolaire-integree-base-sur-la-production-locale-au-Togo.jpg","datePublished":"2025-04-20T07:07:30+00:00","dateModified":"2025-04-21T07:10:38+00:00","description":"L\u2019Allemagne apporte son appui au programme d\u2019alimentation scolaire au Togo avec une enveloppe financi\u00e8re de 11 millions d\u2019euros en dons, soit 7,2 milliards de F CFA.","breadcrumb":{"@id":"https:\/\/lavoixdelanation.tg\/index.php\/2025\/04\/20\/72-milliards-f-cfa-de-lallemagne-pour-renforcer-le-programme-dalimentation-scolaire-au-togo\/#breadcrumb"},"inLanguage":"fr-FR","potentialAction":[{"@type":"ReadAction","target":["https:\/\/lavoixdelanation.tg\/index.php\/2025\/04\/20\/72-milliards-f-cfa-de-lallemagne-pour-renforcer-le-programme-dalimentation-scolaire-au-togo\/"]}]},{"@type":"ImageObject","inLanguage":"fr-FR","@id":"https:\/\/lavoixdelanation.tg\/index.php\/2025\/04\/20\/72-milliards-f-cfa-de-lallemagne-pour-renforcer-le-programme-dalimentation-scolaire-au-togo\/#primaryimage","url":"https:\/\/lavoixdelanation.tg\/wp-content\/uploads\/2025\/04\/Lancement-du-projet-dalimentation-scolaire-integree-base-sur-la-production-locale-au-Togo.jpg","contentUrl":"https:\/\/lavoixdelanation.tg\/wp-content\/uploads\/2025\/04\/Lancement-du-projet-dalimentation-scolaire-integree-base-sur-la-production-locale-au-Togo.jpg","width":650,"height":410},{"@type":"BreadcrumbList","@id":"https:\/\/lavoixdelanation.tg\/index.php\/2025\/04\/20\/72-milliards-f-cfa-de-lallemagne-pour-renforcer-le-programme-dalimentation-scolaire-au-togo\/#breadcrumb","itemListElement":[{"@type":"ListItem","position":1,"name":"Accueil","item":"https:\/\/lavoixdelanation.tg\/"},{"@type":"ListItem","position":2,"name":"7,2 milliards F CFA de l\u2019Allemagne pour renforcer le programme d\u2019alimentation scolaire au Togo"}]},{"@type":"WebSite","@id":"https:\/\/lavoixdelanation.tg\/#website","url":"https:\/\/lavoixdelanation.tg\/","name":"La Voix de la Nation","description":"R\u00e9c\u00e9piss\u00e9 n\u00b00108\/HAAC\/01-2024\/pl\/P","publisher":{"@id":"https:\/\/lavoixdelanation.tg\/#organization"},"alternateName":"VON","potentialAction":[{"@type":"SearchAction","target":{"@type":"EntryPoint","urlTemplate":"https:\/\/lavoixdelanation.tg\/?s={search_term_string}"},"query-input":{"@type":"PropertyValueSpecification","valueRequired":true,"valueName":"search_term_string"}}],"inLanguage":"fr-FR"},{"@type":"Organization","@id":"https:\/\/lavoixdelanation.tg\/#organization","name":"La Voix de la Nation","url":"https:\/\/lavoixdelanation.tg\/","logo":{"@type":"ImageObject","inLanguage":"fr-FR","@id":"https:\/\/lavoixdelanation.tg\/#\/schema\/logo\/image\/","url":"https:\/\/lavoixdelanation.tg\/wp-content\/uploads\/2024\/12\/lavn-1.png","contentUrl":"https:\/\/lavoixdelanation.tg\/wp-content\/uploads\/2024\/12\/lavn-1.png","width":1024,"height":464,"caption":"La Voix de la Nation"},"image":{"@id":"https:\/\/lavoixdelanation.tg\/#\/schema\/logo\/image\/"},"sameAs":["https:\/\/www.facebook.com\/lavoixdelanation"]},{"@type":"Person","@id":"https:\/\/lavoixdelanation.tg\/#\/schema\/person\/6c489293aa38053673a9e554acb6e224","name":"La voix de la nation","image":{"@type":"ImageObject","inLanguage":"fr-FR","@id":"https:\/\/lavoixdelanation.tg\/#\/schema\/person\/image\/","url":"https:\/\/secure.gravatar.com\/avatar\/8aa135d4bbc794494cecaa8d483f6d6cc1023624868deaff686baed5e727a5a1?s=96&d=mm&r=g","contentUrl":"https:\/\/secure.gravatar.com\/avatar\/8aa135d4bbc794494cecaa8d483f6d6cc1023624868deaff686baed5e727a5a1?s=96&d=mm&r=g","caption":"La voix de la nation"},"sameAs":["https:\/\/lavoixdelanation.tg"],"url":"https:\/\/lavoixdelanation.tg\/index.php\/author\/lavn\/"}]}},"_links":{"self":[{"href":"https:\/\/lavoixdelanation.tg\/index.php\/wp-json\/wp\/v2\/posts\/2671","targetHints":{"allow":["GET"]}}],"collection":[{"href":"https:\/\/lavoixdelanation.tg\/index.php\/wp-json\/wp\/v2\/posts"}],"about":[{"href":"https:\/\/lavoixdelanation.tg\/index.php\/wp-json\/wp\/v2\/types\/post"}],"author":[{"embeddable":true,"href":"https:\/\/lavoixdelanation.tg\/index.php\/wp-json\/wp\/v2\/users\/1"}],"replies":[{"embeddable":true,"href":"https:\/\/lavoixdelanation.tg\/index.php\/wp-json\/wp\/v2\/comments?post=2671"}],"version-history":[{"count":1,"href":"https:\/\/lavoixdelanation.tg\/index.php\/wp-json\/wp\/v2\/posts\/2671\/revisions"}],"predecessor-version":[{"id":2674,"href":"https:\/\/lavoixdelanation.tg\/index.php\/wp-json\/wp\/v2\/posts\/2671\/revisions\/2674"}],"wp:featuredmedia":[{"embeddable":true,"href":"https:\/\/lavoixdelanation.tg\/index.php\/wp-json\/wp\/v2\/media\/2672"}],"wp:attachment":[{"href":"https:\/\/lavoixdelanation.tg\/index.php\/wp-json\/wp\/v2\/media?parent=2671"}],"wp:term":[{"taxonomy":"category","embeddable":true,"href":"https:\/\/lavoixdelanation.tg\/index.php\/wp-json\/wp\/v2\/categories?post=2671"},{"taxonomy":"post_tag","embeddable":true,"href":"https:\/\/lavoixdelanation.tg\/index.php\/wp-json\/wp\/v2\/tags?post=2671"}],"curies":[{"name":"wp","href":"https:\/\/api.w.org\/{rel}","templated":true}]}}