{"id":2668,"date":"2025-04-19T07:40:44","date_gmt":"2025-04-19T05:40:44","guid":{"rendered":"https:\/\/lavoixdelanation.tg\/?p=2668"},"modified":"2025-04-20T07:47:47","modified_gmt":"2025-04-20T05:47:47","slug":"des-bourses-detude-en-inde-pour-les-etudiants-togolais","status":"publish","type":"post","link":"https:\/\/lavoixdelanation.tg\/index.php\/2025\/04\/19\/des-bourses-detude-en-inde-pour-les-etudiants-togolais\/","title":{"rendered":"Des bourses d\u2019\u00e9tude en Inde pour les \u00e9tudiants togolais"},"content":{"rendered":"\n<p><strong>Le Gouvernement de l&rsquo;Inde offre des bourses d&rsquo;\u00e9tudes ICCR (Indian Council for Cultural Relations) aux \u00e9tudiants togolais pour le compte de l\u2019ann\u00e9e 2025-2026.<\/strong><\/p>\n\n\n\n<p>Cette opportunit\u00e9 s\u2019inscrit dans le cadre du programme de Bourses India-Africa Maitri.<\/p>\n\n\n\n<p>Les bourses sont disponibles pour des cours d&rsquo;ing\u00e9nierie, de science, d&rsquo;agriculture, de commerce et d&rsquo;\u00e9conomie, d&rsquo;Arts, de Sciences Sociales et Humaines dans des Universit\u00e9s\/Instituts Indiens, au titre de l&rsquo;ann\u00e9e acad\u00e9mique 2025-2026.<\/p>\n\n\n\n<p>Dans un communiqu\u00e9 en date du 17 avril 2025, le Directeur des Bourses et Stages a au nom du ministre de l\u2019enseignement sup\u00e9rieur et de la recherche, pr\u00e9cis\u00e9 que les \u00e9tudiants int\u00e9ress\u00e9s par ce programme de bourses sont invit\u00e9s \u00e0 pr\u00e9senter leur candidature en ligne sur le portail A2A Scholarship, portal de l&rsquo;ICCR, \u00e0 l&rsquo;adresse <a href=\"http:\/\/a2ascholarships.iccr.gov.in\">http:\/\/a2ascholarships.iccr.gov.in<\/a> La date limite de d\u00e9p\u00f4t des candidatures sur le portail est le 30 Avril 2025.<\/p>\n","protected":false},"excerpt":{"rendered":"<p>Le Gouvernement de l&rsquo;Inde offre des bourses d&rsquo;\u00e9tudes ICCR (Indian Council for Cultural Relations) aux \u00e9tudiants togolais pour le compte de l\u2019ann\u00e9e 2025-2026. Cette opportunit\u00e9 s\u2019inscrit dans le cadre du&hellip; <\/p>\n","protected":false},"author":1,"featured_media":2669,"comment_status":"open","ping_status":"open","sticky":false,"template":"","format":"standard","meta":{"footnotes":""},"categories":[10],"tags":[609,605,606,89,607,608],"class_list":["post-2668","post","type-post","status-publish","format-standard","has-post-thumbnail","hentry","category-education","tag-bourses-detudes-iccr","tag-bourses-detude","tag-etudiants-togolais","tag-inde","tag-india-africa-maitri","tag-indian-council-for-cultural-relations"],"yoast_head":"<!-- This site is optimized with the Yoast SEO plugin v26.4 - https:\/\/yoast.com\/wordpress\/plugins\/seo\/ -->\n<title>Des bourses d\u2019\u00e9tude en Inde pour les \u00e9tudiants togolais - La Voix de la Nation<\/title>\n<meta name=\"robots\" content=\"index, follow, max-snippet:-1, max-image-preview:large, max-video-preview:-1\" \/>\n<link rel=\"canonical\" href=\"https:\/\/lavoixdelanation.tg\/index.php\/2025\/04\/19\/des-bourses-detude-en-inde-pour-les-etudiants-togolais\/\" \/>\n<meta property=\"og:locale\" content=\"fr_FR\" \/>\n<meta property=\"og:type\" content=\"article\" \/>\n<meta property=\"og:title\" content=\"Des bourses d\u2019\u00e9tude en Inde pour les \u00e9tudiants togolais - La Voix de la Nation\" \/>\n<meta property=\"og:description\" content=\"Le Gouvernement de l&rsquo;Inde offre des bourses d&rsquo;\u00e9tudes ICCR (Indian Council for Cultural Relations) aux \u00e9tudiants togolais pour le compte de l\u2019ann\u00e9e 2025-2026. Cette opportunit\u00e9 s\u2019inscrit dans le cadre du&hellip;\" \/>\n<meta property=\"og:url\" content=\"https:\/\/lavoixdelanation.tg\/index.php\/2025\/04\/19\/des-bourses-detude-en-inde-pour-les-etudiants-togolais\/\" \/>\n<meta property=\"og:site_name\" content=\"La Voix de la Nation\" \/>\n<meta property=\"article:publisher\" content=\"https:\/\/www.facebook.com\/lavoixdelanation\" \/>\n<meta property=\"article:published_time\" content=\"2025-04-19T05:40:44+00:00\" \/>\n<meta property=\"article:modified_time\" content=\"2025-04-20T05:47:47+00:00\" \/>\n<meta property=\"og:image\" content=\"https:\/\/lavoixdelanation.tg\/wp-content\/uploads\/2025\/04\/Des-bourses-detude-en-Inde-pour-les-etudiants-togolais.jpg\" \/>\n\t<meta property=\"og:image:width\" content=\"750\" \/>\n\t<meta property=\"og:image:height\" content=\"500\" \/>\n\t<meta property=\"og:image:type\" content=\"image\/jpeg\" \/>\n<meta name=\"author\" content=\"La voix de la nation\" \/>\n<meta name=\"twitter:card\" content=\"summary_large_image\" \/>\n<meta name=\"twitter:label1\" content=\"\u00c9crit par\" \/>\n\t<meta name=\"twitter:data1\" content=\"La voix de la nation\" \/>\n\t<meta name=\"twitter:label2\" content=\"Dur\u00e9e de lecture estim\u00e9e\" \/>\n\t<meta name=\"twitter:data2\" content=\"1 minute\" \/>\n<script type=\"application\/ld+json\" class=\"yoast-schema-graph\">{\"@context\":\"https:\/\/schema.org\",\"@graph\":[{\"@type\":\"Article\",\"@id\":\"https:\/\/lavoixdelanation.tg\/index.php\/2025\/04\/19\/des-bourses-detude-en-inde-pour-les-etudiants-togolais\/#article\",\"isPartOf\":{\"@id\":\"https:\/\/lavoixdelanation.tg\/index.php\/2025\/04\/19\/des-bourses-detude-en-inde-pour-les-etudiants-togolais\/\"},\"author\":{\"name\":\"La voix de la nation\",\"@id\":\"https:\/\/lavoixdelanation.tg\/#\/schema\/person\/6c489293aa38053673a9e554acb6e224\"},\"headline\":\"Des bourses d\u2019\u00e9tude en Inde pour les \u00e9tudiants togolais\",\"datePublished\":\"2025-04-19T05:40:44+00:00\",\"dateModified\":\"2025-04-20T05:47:47+00:00\",\"mainEntityOfPage\":{\"@id\":\"https:\/\/lavoixdelanation.tg\/index.php\/2025\/04\/19\/des-bourses-detude-en-inde-pour-les-etudiants-togolais\/\"},\"wordCount\":173,\"commentCount\":0,\"publisher\":{\"@id\":\"https:\/\/lavoixdelanation.tg\/#organization\"},\"image\":{\"@id\":\"https:\/\/lavoixdelanation.tg\/index.php\/2025\/04\/19\/des-bourses-detude-en-inde-pour-les-etudiants-togolais\/#primaryimage\"},\"thumbnailUrl\":\"https:\/\/lavoixdelanation.tg\/wp-content\/uploads\/2025\/04\/Des-bourses-detude-en-Inde-pour-les-etudiants-togolais.jpg\",\"keywords\":[\"bourses d'\u00e9tudes ICCR\",\"bourses d\u2019\u00e9tude\",\"\u00e9tudiants togolais\",\"Inde\",\"India-Africa Maitri\",\"Indian Council for Cultural Relations\"],\"articleSection\":[\"Education\"],\"inLanguage\":\"fr-FR\",\"potentialAction\":[{\"@type\":\"CommentAction\",\"name\":\"Comment\",\"target\":[\"https:\/\/lavoixdelanation.tg\/index.php\/2025\/04\/19\/des-bourses-detude-en-inde-pour-les-etudiants-togolais\/#respond\"]}]},{\"@type\":\"WebPage\",\"@id\":\"https:\/\/lavoixdelanation.tg\/index.php\/2025\/04\/19\/des-bourses-detude-en-inde-pour-les-etudiants-togolais\/\",\"url\":\"https:\/\/lavoixdelanation.tg\/index.php\/2025\/04\/19\/des-bourses-detude-en-inde-pour-les-etudiants-togolais\/\",\"name\":\"Des bourses d\u2019\u00e9tude en Inde pour les \u00e9tudiants togolais - La Voix de la Nation\",\"isPartOf\":{\"@id\":\"https:\/\/lavoixdelanation.tg\/#website\"},\"primaryImageOfPage\":{\"@id\":\"https:\/\/lavoixdelanation.tg\/index.php\/2025\/04\/19\/des-bourses-detude-en-inde-pour-les-etudiants-togolais\/#primaryimage\"},\"image\":{\"@id\":\"https:\/\/lavoixdelanation.tg\/index.php\/2025\/04\/19\/des-bourses-detude-en-inde-pour-les-etudiants-togolais\/#primaryimage\"},\"thumbnailUrl\":\"https:\/\/lavoixdelanation.tg\/wp-content\/uploads\/2025\/04\/Des-bourses-detude-en-Inde-pour-les-etudiants-togolais.jpg\",\"datePublished\":\"2025-04-19T05:40:44+00:00\",\"dateModified\":\"2025-04-20T05:47:47+00:00\",\"breadcrumb\":{\"@id\":\"https:\/\/lavoixdelanation.tg\/index.php\/2025\/04\/19\/des-bourses-detude-en-inde-pour-les-etudiants-togolais\/#breadcrumb\"},\"inLanguage\":\"fr-FR\",\"potentialAction\":[{\"@type\":\"ReadAction\",\"target\":[\"https:\/\/lavoixdelanation.tg\/index.php\/2025\/04\/19\/des-bourses-detude-en-inde-pour-les-etudiants-togolais\/\"]}]},{\"@type\":\"ImageObject\",\"inLanguage\":\"fr-FR\",\"@id\":\"https:\/\/lavoixdelanation.tg\/index.php\/2025\/04\/19\/des-bourses-detude-en-inde-pour-les-etudiants-togolais\/#primaryimage\",\"url\":\"https:\/\/lavoixdelanation.tg\/wp-content\/uploads\/2025\/04\/Des-bourses-detude-en-Inde-pour-les-etudiants-togolais.jpg\",\"contentUrl\":\"https:\/\/lavoixdelanation.tg\/wp-content\/uploads\/2025\/04\/Des-bourses-detude-en-Inde-pour-les-etudiants-togolais.jpg\",\"width\":750,\"height\":500},{\"@type\":\"BreadcrumbList\",\"@id\":\"https:\/\/lavoixdelanation.tg\/index.php\/2025\/04\/19\/des-bourses-detude-en-inde-pour-les-etudiants-togolais\/#breadcrumb\",\"itemListElement\":[{\"@type\":\"ListItem\",\"position\":1,\"name\":\"Accueil\",\"item\":\"https:\/\/lavoixdelanation.tg\/\"},{\"@type\":\"ListItem\",\"position\":2,\"name\":\"Des bourses d\u2019\u00e9tude en Inde pour les \u00e9tudiants togolais\"}]},{\"@type\":\"WebSite\",\"@id\":\"https:\/\/lavoixdelanation.tg\/#website\",\"url\":\"https:\/\/lavoixdelanation.tg\/\",\"name\":\"La Voix de la Nation\",\"description\":\"R\u00e9c\u00e9piss\u00e9 n\u00b00108\/HAAC\/01-2024\/pl\/P\",\"publisher\":{\"@id\":\"https:\/\/lavoixdelanation.tg\/#organization\"},\"alternateName\":\"VON\",\"potentialAction\":[{\"@type\":\"SearchAction\",\"target\":{\"@type\":\"EntryPoint\",\"urlTemplate\":\"https:\/\/lavoixdelanation.tg\/?s={search_term_string}\"},\"query-input\":{\"@type\":\"PropertyValueSpecification\",\"valueRequired\":true,\"valueName\":\"search_term_string\"}}],\"inLanguage\":\"fr-FR\"},{\"@type\":\"Organization\",\"@id\":\"https:\/\/lavoixdelanation.tg\/#organization\",\"name\":\"La Voix de la Nation\",\"url\":\"https:\/\/lavoixdelanation.tg\/\",\"logo\":{\"@type\":\"ImageObject\",\"inLanguage\":\"fr-FR\",\"@id\":\"https:\/\/lavoixdelanation.tg\/#\/schema\/logo\/image\/\",\"url\":\"https:\/\/lavoixdelanation.tg\/wp-content\/uploads\/2024\/12\/lavn-1.png\",\"contentUrl\":\"https:\/\/lavoixdelanation.tg\/wp-content\/uploads\/2024\/12\/lavn-1.png\",\"width\":1024,\"height\":464,\"caption\":\"La Voix de la Nation\"},\"image\":{\"@id\":\"https:\/\/lavoixdelanation.tg\/#\/schema\/logo\/image\/\"},\"sameAs\":[\"https:\/\/www.facebook.com\/lavoixdelanation\"]},{\"@type\":\"Person\",\"@id\":\"https:\/\/lavoixdelanation.tg\/#\/schema\/person\/6c489293aa38053673a9e554acb6e224\",\"name\":\"La voix de la nation\",\"image\":{\"@type\":\"ImageObject\",\"inLanguage\":\"fr-FR\",\"@id\":\"https:\/\/lavoixdelanation.tg\/#\/schema\/person\/image\/\",\"url\":\"https:\/\/secure.gravatar.com\/avatar\/8aa135d4bbc794494cecaa8d483f6d6cc1023624868deaff686baed5e727a5a1?s=96&d=mm&r=g\",\"contentUrl\":\"https:\/\/secure.gravatar.com\/avatar\/8aa135d4bbc794494cecaa8d483f6d6cc1023624868deaff686baed5e727a5a1?s=96&d=mm&r=g\",\"caption\":\"La voix de la nation\"},\"sameAs\":[\"https:\/\/lavoixdelanation.tg\"],\"url\":\"https:\/\/lavoixdelanation.tg\/index.php\/author\/lavn\/\"}]}<\/script>\n<!-- \/ Yoast SEO plugin. -->","yoast_head_json":{"title":"Des bourses d\u2019\u00e9tude en Inde pour les \u00e9tudiants togolais - La Voix de la Nation","robots":{"index":"index","follow":"follow","max-snippet":"max-snippet:-1","max-image-preview":"max-image-preview:large","max-video-preview":"max-video-preview:-1"},"canonical":"https:\/\/lavoixdelanation.tg\/index.php\/2025\/04\/19\/des-bourses-detude-en-inde-pour-les-etudiants-togolais\/","og_locale":"fr_FR","og_type":"article","og_title":"Des bourses d\u2019\u00e9tude en Inde pour les \u00e9tudiants togolais - La Voix de la Nation","og_description":"Le Gouvernement de l&rsquo;Inde offre des bourses d&rsquo;\u00e9tudes ICCR (Indian Council for Cultural Relations) aux \u00e9tudiants togolais pour le compte de l\u2019ann\u00e9e 2025-2026. Cette opportunit\u00e9 s\u2019inscrit dans le cadre du&hellip;","og_url":"https:\/\/lavoixdelanation.tg\/index.php\/2025\/04\/19\/des-bourses-detude-en-inde-pour-les-etudiants-togolais\/","og_site_name":"La Voix de la Nation","article_publisher":"https:\/\/www.facebook.com\/lavoixdelanation","article_published_time":"2025-04-19T05:40:44+00:00","article_modified_time":"2025-04-20T05:47:47+00:00","og_image":[{"width":750,"height":500,"url":"https:\/\/lavoixdelanation.tg\/wp-content\/uploads\/2025\/04\/Des-bourses-detude-en-Inde-pour-les-etudiants-togolais.jpg","type":"image\/jpeg"}],"author":"La voix de la nation","twitter_card":"summary_large_image","twitter_misc":{"\u00c9crit par":"La voix de la nation","Dur\u00e9e de lecture estim\u00e9e":"1 minute"},"schema":{"@context":"https:\/\/schema.org","@graph":[{"@type":"Article","@id":"https:\/\/lavoixdelanation.tg\/index.php\/2025\/04\/19\/des-bourses-detude-en-inde-pour-les-etudiants-togolais\/#article","isPartOf":{"@id":"https:\/\/lavoixdelanation.tg\/index.php\/2025\/04\/19\/des-bourses-detude-en-inde-pour-les-etudiants-togolais\/"},"author":{"name":"La voix de la nation","@id":"https:\/\/lavoixdelanation.tg\/#\/schema\/person\/6c489293aa38053673a9e554acb6e224"},"headline":"Des bourses d\u2019\u00e9tude en Inde pour les \u00e9tudiants togolais","datePublished":"2025-04-19T05:40:44+00:00","dateModified":"2025-04-20T05:47:47+00:00","mainEntityOfPage":{"@id":"https:\/\/lavoixdelanation.tg\/index.php\/2025\/04\/19\/des-bourses-detude-en-inde-pour-les-etudiants-togolais\/"},"wordCount":173,"commentCount":0,"publisher":{"@id":"https:\/\/lavoixdelanation.tg\/#organization"},"image":{"@id":"https:\/\/lavoixdelanation.tg\/index.php\/2025\/04\/19\/des-bourses-detude-en-inde-pour-les-etudiants-togolais\/#primaryimage"},"thumbnailUrl":"https:\/\/lavoixdelanation.tg\/wp-content\/uploads\/2025\/04\/Des-bourses-detude-en-Inde-pour-les-etudiants-togolais.jpg","keywords":["bourses d'\u00e9tudes ICCR","bourses d\u2019\u00e9tude","\u00e9tudiants togolais","Inde","India-Africa Maitri","Indian Council for Cultural Relations"],"articleSection":["Education"],"inLanguage":"fr-FR","potentialAction":[{"@type":"CommentAction","name":"Comment","target":["https:\/\/lavoixdelanation.tg\/index.php\/2025\/04\/19\/des-bourses-detude-en-inde-pour-les-etudiants-togolais\/#respond"]}]},{"@type":"WebPage","@id":"https:\/\/lavoixdelanation.tg\/index.php\/2025\/04\/19\/des-bourses-detude-en-inde-pour-les-etudiants-togolais\/","url":"https:\/\/lavoixdelanation.tg\/index.php\/2025\/04\/19\/des-bourses-detude-en-inde-pour-les-etudiants-togolais\/","name":"Des bourses d\u2019\u00e9tude en Inde pour les \u00e9tudiants togolais - La Voix de la Nation","isPartOf":{"@id":"https:\/\/lavoixdelanation.tg\/#website"},"primaryImageOfPage":{"@id":"https:\/\/lavoixdelanation.tg\/index.php\/2025\/04\/19\/des-bourses-detude-en-inde-pour-les-etudiants-togolais\/#primaryimage"},"image":{"@id":"https:\/\/lavoixdelanation.tg\/index.php\/2025\/04\/19\/des-bourses-detude-en-inde-pour-les-etudiants-togolais\/#primaryimage"},"thumbnailUrl":"https:\/\/lavoixdelanation.tg\/wp-content\/uploads\/2025\/04\/Des-bourses-detude-en-Inde-pour-les-etudiants-togolais.jpg","datePublished":"2025-04-19T05:40:44+00:00","dateModified":"2025-04-20T05:47:47+00:00","breadcrumb":{"@id":"https:\/\/lavoixdelanation.tg\/index.php\/2025\/04\/19\/des-bourses-detude-en-inde-pour-les-etudiants-togolais\/#breadcrumb"},"inLanguage":"fr-FR","potentialAction":[{"@type":"ReadAction","target":["https:\/\/lavoixdelanation.tg\/index.php\/2025\/04\/19\/des-bourses-detude-en-inde-pour-les-etudiants-togolais\/"]}]},{"@type":"ImageObject","inLanguage":"fr-FR","@id":"https:\/\/lavoixdelanation.tg\/index.php\/2025\/04\/19\/des-bourses-detude-en-inde-pour-les-etudiants-togolais\/#primaryimage","url":"https:\/\/lavoixdelanation.tg\/wp-content\/uploads\/2025\/04\/Des-bourses-detude-en-Inde-pour-les-etudiants-togolais.jpg","contentUrl":"https:\/\/lavoixdelanation.tg\/wp-content\/uploads\/2025\/04\/Des-bourses-detude-en-Inde-pour-les-etudiants-togolais.jpg","width":750,"height":500},{"@type":"BreadcrumbList","@id":"https:\/\/lavoixdelanation.tg\/index.php\/2025\/04\/19\/des-bourses-detude-en-inde-pour-les-etudiants-togolais\/#breadcrumb","itemListElement":[{"@type":"ListItem","position":1,"name":"Accueil","item":"https:\/\/lavoixdelanation.tg\/"},{"@type":"ListItem","position":2,"name":"Des bourses d\u2019\u00e9tude en Inde pour les \u00e9tudiants togolais"}]},{"@type":"WebSite","@id":"https:\/\/lavoixdelanation.tg\/#website","url":"https:\/\/lavoixdelanation.tg\/","name":"La Voix de la Nation","description":"R\u00e9c\u00e9piss\u00e9 n\u00b00108\/HAAC\/01-2024\/pl\/P","publisher":{"@id":"https:\/\/lavoixdelanation.tg\/#organization"},"alternateName":"VON","potentialAction":[{"@type":"SearchAction","target":{"@type":"EntryPoint","urlTemplate":"https:\/\/lavoixdelanation.tg\/?s={search_term_string}"},"query-input":{"@type":"PropertyValueSpecification","valueRequired":true,"valueName":"search_term_string"}}],"inLanguage":"fr-FR"},{"@type":"Organization","@id":"https:\/\/lavoixdelanation.tg\/#organization","name":"La Voix de la Nation","url":"https:\/\/lavoixdelanation.tg\/","logo":{"@type":"ImageObject","inLanguage":"fr-FR","@id":"https:\/\/lavoixdelanation.tg\/#\/schema\/logo\/image\/","url":"https:\/\/lavoixdelanation.tg\/wp-content\/uploads\/2024\/12\/lavn-1.png","contentUrl":"https:\/\/lavoixdelanation.tg\/wp-content\/uploads\/2024\/12\/lavn-1.png","width":1024,"height":464,"caption":"La Voix de la Nation"},"image":{"@id":"https:\/\/lavoixdelanation.tg\/#\/schema\/logo\/image\/"},"sameAs":["https:\/\/www.facebook.com\/lavoixdelanation"]},{"@type":"Person","@id":"https:\/\/lavoixdelanation.tg\/#\/schema\/person\/6c489293aa38053673a9e554acb6e224","name":"La voix de la nation","image":{"@type":"ImageObject","inLanguage":"fr-FR","@id":"https:\/\/lavoixdelanation.tg\/#\/schema\/person\/image\/","url":"https:\/\/secure.gravatar.com\/avatar\/8aa135d4bbc794494cecaa8d483f6d6cc1023624868deaff686baed5e727a5a1?s=96&d=mm&r=g","contentUrl":"https:\/\/secure.gravatar.com\/avatar\/8aa135d4bbc794494cecaa8d483f6d6cc1023624868deaff686baed5e727a5a1?s=96&d=mm&r=g","caption":"La voix de la nation"},"sameAs":["https:\/\/lavoixdelanation.tg"],"url":"https:\/\/lavoixdelanation.tg\/index.php\/author\/lavn\/"}]}},"_links":{"self":[{"href":"https:\/\/lavoixdelanation.tg\/index.php\/wp-json\/wp\/v2\/posts\/2668","targetHints":{"allow":["GET"]}}],"collection":[{"href":"https:\/\/lavoixdelanation.tg\/index.php\/wp-json\/wp\/v2\/posts"}],"about":[{"href":"https:\/\/lavoixdelanation.tg\/index.php\/wp-json\/wp\/v2\/types\/post"}],"author":[{"embeddable":true,"href":"https:\/\/lavoixdelanation.tg\/index.php\/wp-json\/wp\/v2\/users\/1"}],"replies":[{"embeddable":true,"href":"https:\/\/lavoixdelanation.tg\/index.php\/wp-json\/wp\/v2\/comments?post=2668"}],"version-history":[{"count":1,"href":"https:\/\/lavoixdelanation.tg\/index.php\/wp-json\/wp\/v2\/posts\/2668\/revisions"}],"predecessor-version":[{"id":2670,"href":"https:\/\/lavoixdelanation.tg\/index.php\/wp-json\/wp\/v2\/posts\/2668\/revisions\/2670"}],"wp:featuredmedia":[{"embeddable":true,"href":"https:\/\/lavoixdelanation.tg\/index.php\/wp-json\/wp\/v2\/media\/2669"}],"wp:attachment":[{"href":"https:\/\/lavoixdelanation.tg\/index.php\/wp-json\/wp\/v2\/media?parent=2668"}],"wp:term":[{"taxonomy":"category","embeddable":true,"href":"https:\/\/lavoixdelanation.tg\/index.php\/wp-json\/wp\/v2\/categories?post=2668"},{"taxonomy":"post_tag","embeddable":true,"href":"https:\/\/lavoixdelanation.tg\/index.php\/wp-json\/wp\/v2\/tags?post=2668"}],"curies":[{"name":"wp","href":"https:\/\/api.w.org\/{rel}","templated":true}]}}