{"id":2663,"date":"2025-04-16T18:10:00","date_gmt":"2025-04-16T16:10:00","guid":{"rendered":"https:\/\/lavoixdelanation.tg\/?p=2663"},"modified":"2025-04-17T01:19:29","modified_gmt":"2025-04-16T23:19:29","slug":"lome-02-personnes-interpellees-suite-a-lincendie-dun-immeuble-a-aguiarkome","status":"publish","type":"post","link":"https:\/\/lavoixdelanation.tg\/index.php\/2025\/04\/16\/lome-02-personnes-interpellees-suite-a-lincendie-dun-immeuble-a-aguiarkome\/","title":{"rendered":"Lom\u00e9\u00a0: 02 personnes interpell\u00e9es suite \u00e0 l\u2019incendie d\u2019un immeuble \u00e0 Aguiarkom\u00e9"},"content":{"rendered":"\n<p><strong>Deux (2) personnes ont \u00e9t\u00e9 interpell\u00e9es dans le cadre d\u2019une enqu\u00eate ouverte pour d\u00e9terminer les causes et situer les responsabilit\u00e9s suite \u00e0 un incendie qui a ravag\u00e9 un immeuble situ\u00e9 au quartier Aguiarkom\u00e9 dans la commune du Golfe 4 \u00e0 Lom\u00e9, dans l\u2019apr\u00e8s-midi du 14 avril 2025.<\/strong><\/p>\n\n\n\n<p>Les investigations se poursuivent suite \u00e0 ce sinistre qui a entrain\u00e9 l&rsquo;effondrement total de l&rsquo;immeuble et occasionn\u00e9 des d\u00e9g\u00e2ts mat\u00e9riels importants, selon un communiqu\u00e9 en date de ce 16 avril, sign\u00e9 du ministre de la s\u00e9curit\u00e9 et de la protection civile, Calixte Batossie Madjoulba.<\/p>\n\n\n\n<p>Les informations font \u00e9tat de ce que l&rsquo;immeuble concern\u00e9 sert notamment au stockage de substances chimiques de type acide.<\/p>\n\n\n\n<p>Pour circonscrire l&rsquo;incendie, le p\u00e9rim\u00e8tre imm\u00e9diat du sinistre a \u00e9t\u00e9 aussit\u00f4t \u00e9vacu\u00e9, gr\u00e2ce \u00e0 l&rsquo;intervention rapide des sapeurs-pompiers, de la police nationale et de la gendarmerie nationale, et avec la collaboration diligente des autorit\u00e9s locales ainsi que la mobilisation des populations riveraines.<\/p>\n\n\n\n<p>Dans la foul\u00e9e, le Ministre de la s\u00e9curit\u00e9 et de la protection civile a d\u00e9clench\u00e9 le plan ORSEC, au regard de l&rsquo;ampleur de l&rsquo;incendie et de la complexit\u00e9 de l&rsquo;intervention des services de secours et de s\u00e9curit\u00e9.<\/p>\n\n\n\n<p>Cette mesure a permis selon le gouvernement, d&rsquo;am\u00e9liorer l&rsquo;efficacit\u00e9 des interventions et de mobiliser les ressources humaines et mat\u00e9rielles additionnelles de diff\u00e9rents acteurs de la plateforme nationale de r\u00e9duction de risques de catastrophes (PNRRC), notamment les forces de d\u00e9fense et de s\u00e9curit\u00e9, l&rsquo;agence nationale de la protection civile (ANPC), l&rsquo;agence nationale d&rsquo;assainissement et de salubrit\u00e9 publique (ANASAP), les collectivit\u00e9s territoriales, les agences et minist\u00e8res sectoriels ainsi que les partenaires priv\u00e9s.<\/p>\n\n\n\n<p>\u00ab&nbsp;Grace \u00e0 ces efforts concert\u00e9s, aucune perte en vie humaine n&rsquo;a \u00e9t\u00e9 enregistr\u00e9e&nbsp;\u00bb, a indiqu\u00e9 le ministre dans son communiqu\u00e9.<\/p>\n\n\n\n<p>Par ailleurs, une d\u00e9l\u00e9gation gouvernementale s&rsquo;est rendue sur les lieux le 15 avril 2025 pour encourager les \u00e9quipes de s\u00e9curit\u00e9 et de secours, et exprimer le soutien du chef de l&rsquo;\u00c9tat aux populations riveraines.<\/p>\n\n\n\n<p>Selon le Ministre de la s\u00e9curit\u00e9 et de la protection civile, des dispositions urgentes sont prises pour limiter les risques et cons\u00e9quences de l&rsquo;incendie et assurer un retour rapide \u00e0 la normale dans le p\u00e9rim\u00e8tre affect\u00e9.<\/p>\n\n\n\n<p>Le ministre Calixte de la s\u00e9curit\u00e9 et de la protection civile a salu\u00e9 le professionnalisme de l&rsquo;ensemble des acteurs de la plateforme de r\u00e9duction des risques de catastrophes, la collaboration des partenaires priv\u00e9s et la mobilisation des populations riveraines.<\/p>\n\n\n\n<p>Batossie Madjoulba a \u00e9galement renouvel\u00e9 la solidarit\u00e9 du gouvernement aux voisins et victimes de cet incendie, tout en invitant l&rsquo;ensemble de la population \u00e0 redoubler de vigilance en prenant des pr\u00e9cautions n\u00e9cessaires pour \u00e9viter tout \u00e9ventuel sinistre.<\/p>\n\n\n\n<p><strong>La R\u00e9daction<\/strong><\/p>\n","protected":false},"excerpt":{"rendered":"<p>Deux (2) personnes ont \u00e9t\u00e9 interpell\u00e9es dans le cadre d\u2019une enqu\u00eate ouverte pour d\u00e9terminer les causes et situer les responsabilit\u00e9s suite \u00e0 un incendie qui a ravag\u00e9 un immeuble situ\u00e9&hellip; <\/p>\n","protected":false},"author":1,"featured_media":2664,"comment_status":"open","ping_status":"open","sticky":false,"template":"","format":"standard","meta":{"footnotes":""},"categories":[29],"tags":[],"class_list":["post-2663","post","type-post","status-publish","format-standard","has-post-thumbnail","hentry","category-societe"],"yoast_head":"<!-- This site is optimized with the Yoast SEO plugin v26.4 - https:\/\/yoast.com\/wordpress\/plugins\/seo\/ -->\n<title>Lom\u00e9\u00a0: 02 personnes interpell\u00e9es suite \u00e0 l\u2019incendie d\u2019un immeuble \u00e0 Aguiarkom\u00e9 - La Voix de la Nation<\/title>\n<meta name=\"robots\" content=\"index, follow, max-snippet:-1, max-image-preview:large, max-video-preview:-1\" \/>\n<link rel=\"canonical\" href=\"https:\/\/lavoixdelanation.tg\/index.php\/2025\/04\/16\/lome-02-personnes-interpellees-suite-a-lincendie-dun-immeuble-a-aguiarkome\/\" \/>\n<meta property=\"og:locale\" content=\"fr_FR\" \/>\n<meta property=\"og:type\" content=\"article\" \/>\n<meta property=\"og:title\" content=\"Lom\u00e9\u00a0: 02 personnes interpell\u00e9es suite \u00e0 l\u2019incendie d\u2019un immeuble \u00e0 Aguiarkom\u00e9 - La Voix de la Nation\" \/>\n<meta property=\"og:description\" content=\"Deux (2) personnes ont \u00e9t\u00e9 interpell\u00e9es dans le cadre d\u2019une enqu\u00eate ouverte pour d\u00e9terminer les causes et situer les responsabilit\u00e9s suite \u00e0 un incendie qui a ravag\u00e9 un immeuble situ\u00e9&hellip;\" \/>\n<meta property=\"og:url\" content=\"https:\/\/lavoixdelanation.tg\/index.php\/2025\/04\/16\/lome-02-personnes-interpellees-suite-a-lincendie-dun-immeuble-a-aguiarkome\/\" \/>\n<meta property=\"og:site_name\" content=\"La Voix de la Nation\" \/>\n<meta property=\"article:publisher\" content=\"https:\/\/www.facebook.com\/lavoixdelanation\" \/>\n<meta property=\"article:published_time\" content=\"2025-04-16T16:10:00+00:00\" \/>\n<meta property=\"article:modified_time\" content=\"2025-04-16T23:19:29+00:00\" \/>\n<meta property=\"og:image\" content=\"https:\/\/lavoixdelanation.tg\/wp-content\/uploads\/2025\/04\/Calixte-Batossie-Madjoulba-Ministre-de-la-securite-et-de-la-protection-civile.jpg\" \/>\n\t<meta property=\"og:image:width\" content=\"650\" \/>\n\t<meta property=\"og:image:height\" content=\"427\" \/>\n\t<meta property=\"og:image:type\" content=\"image\/jpeg\" \/>\n<meta name=\"author\" content=\"La voix de la nation\" \/>\n<meta name=\"twitter:card\" content=\"summary_large_image\" \/>\n<meta name=\"twitter:label1\" content=\"\u00c9crit par\" \/>\n\t<meta name=\"twitter:data1\" content=\"La voix de la nation\" \/>\n\t<meta name=\"twitter:label2\" content=\"Dur\u00e9e de lecture estim\u00e9e\" \/>\n\t<meta name=\"twitter:data2\" content=\"3 minutes\" \/>\n<script type=\"application\/ld+json\" class=\"yoast-schema-graph\">{\"@context\":\"https:\/\/schema.org\",\"@graph\":[{\"@type\":\"Article\",\"@id\":\"https:\/\/lavoixdelanation.tg\/index.php\/2025\/04\/16\/lome-02-personnes-interpellees-suite-a-lincendie-dun-immeuble-a-aguiarkome\/#article\",\"isPartOf\":{\"@id\":\"https:\/\/lavoixdelanation.tg\/index.php\/2025\/04\/16\/lome-02-personnes-interpellees-suite-a-lincendie-dun-immeuble-a-aguiarkome\/\"},\"author\":{\"name\":\"La voix de la nation\",\"@id\":\"https:\/\/lavoixdelanation.tg\/#\/schema\/person\/6c489293aa38053673a9e554acb6e224\"},\"headline\":\"Lom\u00e9\u00a0: 02 personnes interpell\u00e9es suite \u00e0 l\u2019incendie d\u2019un immeuble \u00e0 Aguiarkom\u00e9\",\"datePublished\":\"2025-04-16T16:10:00+00:00\",\"dateModified\":\"2025-04-16T23:19:29+00:00\",\"mainEntityOfPage\":{\"@id\":\"https:\/\/lavoixdelanation.tg\/index.php\/2025\/04\/16\/lome-02-personnes-interpellees-suite-a-lincendie-dun-immeuble-a-aguiarkome\/\"},\"wordCount\":490,\"commentCount\":0,\"publisher\":{\"@id\":\"https:\/\/lavoixdelanation.tg\/#organization\"},\"image\":{\"@id\":\"https:\/\/lavoixdelanation.tg\/index.php\/2025\/04\/16\/lome-02-personnes-interpellees-suite-a-lincendie-dun-immeuble-a-aguiarkome\/#primaryimage\"},\"thumbnailUrl\":\"https:\/\/lavoixdelanation.tg\/wp-content\/uploads\/2025\/04\/Calixte-Batossie-Madjoulba-Ministre-de-la-securite-et-de-la-protection-civile.jpg\",\"articleSection\":[\"Soci\u00e9t\u00e9\"],\"inLanguage\":\"fr-FR\",\"potentialAction\":[{\"@type\":\"CommentAction\",\"name\":\"Comment\",\"target\":[\"https:\/\/lavoixdelanation.tg\/index.php\/2025\/04\/16\/lome-02-personnes-interpellees-suite-a-lincendie-dun-immeuble-a-aguiarkome\/#respond\"]}]},{\"@type\":\"WebPage\",\"@id\":\"https:\/\/lavoixdelanation.tg\/index.php\/2025\/04\/16\/lome-02-personnes-interpellees-suite-a-lincendie-dun-immeuble-a-aguiarkome\/\",\"url\":\"https:\/\/lavoixdelanation.tg\/index.php\/2025\/04\/16\/lome-02-personnes-interpellees-suite-a-lincendie-dun-immeuble-a-aguiarkome\/\",\"name\":\"Lom\u00e9\u00a0: 02 personnes interpell\u00e9es suite \u00e0 l\u2019incendie d\u2019un immeuble \u00e0 Aguiarkom\u00e9 - La Voix de la Nation\",\"isPartOf\":{\"@id\":\"https:\/\/lavoixdelanation.tg\/#website\"},\"primaryImageOfPage\":{\"@id\":\"https:\/\/lavoixdelanation.tg\/index.php\/2025\/04\/16\/lome-02-personnes-interpellees-suite-a-lincendie-dun-immeuble-a-aguiarkome\/#primaryimage\"},\"image\":{\"@id\":\"https:\/\/lavoixdelanation.tg\/index.php\/2025\/04\/16\/lome-02-personnes-interpellees-suite-a-lincendie-dun-immeuble-a-aguiarkome\/#primaryimage\"},\"thumbnailUrl\":\"https:\/\/lavoixdelanation.tg\/wp-content\/uploads\/2025\/04\/Calixte-Batossie-Madjoulba-Ministre-de-la-securite-et-de-la-protection-civile.jpg\",\"datePublished\":\"2025-04-16T16:10:00+00:00\",\"dateModified\":\"2025-04-16T23:19:29+00:00\",\"breadcrumb\":{\"@id\":\"https:\/\/lavoixdelanation.tg\/index.php\/2025\/04\/16\/lome-02-personnes-interpellees-suite-a-lincendie-dun-immeuble-a-aguiarkome\/#breadcrumb\"},\"inLanguage\":\"fr-FR\",\"potentialAction\":[{\"@type\":\"ReadAction\",\"target\":[\"https:\/\/lavoixdelanation.tg\/index.php\/2025\/04\/16\/lome-02-personnes-interpellees-suite-a-lincendie-dun-immeuble-a-aguiarkome\/\"]}]},{\"@type\":\"ImageObject\",\"inLanguage\":\"fr-FR\",\"@id\":\"https:\/\/lavoixdelanation.tg\/index.php\/2025\/04\/16\/lome-02-personnes-interpellees-suite-a-lincendie-dun-immeuble-a-aguiarkome\/#primaryimage\",\"url\":\"https:\/\/lavoixdelanation.tg\/wp-content\/uploads\/2025\/04\/Calixte-Batossie-Madjoulba-Ministre-de-la-securite-et-de-la-protection-civile.jpg\",\"contentUrl\":\"https:\/\/lavoixdelanation.tg\/wp-content\/uploads\/2025\/04\/Calixte-Batossie-Madjoulba-Ministre-de-la-securite-et-de-la-protection-civile.jpg\",\"width\":650,\"height\":427,\"caption\":\"Calixte Batossie Madjoulba, Ministre de la s\u00e9curit\u00e9 et de la protection civile\"},{\"@type\":\"BreadcrumbList\",\"@id\":\"https:\/\/lavoixdelanation.tg\/index.php\/2025\/04\/16\/lome-02-personnes-interpellees-suite-a-lincendie-dun-immeuble-a-aguiarkome\/#breadcrumb\",\"itemListElement\":[{\"@type\":\"ListItem\",\"position\":1,\"name\":\"Accueil\",\"item\":\"https:\/\/lavoixdelanation.tg\/\"},{\"@type\":\"ListItem\",\"position\":2,\"name\":\"Lom\u00e9\u00a0: 02 personnes interpell\u00e9es suite \u00e0 l\u2019incendie d\u2019un immeuble \u00e0 Aguiarkom\u00e9\"}]},{\"@type\":\"WebSite\",\"@id\":\"https:\/\/lavoixdelanation.tg\/#website\",\"url\":\"https:\/\/lavoixdelanation.tg\/\",\"name\":\"La Voix de la Nation\",\"description\":\"R\u00e9c\u00e9piss\u00e9 n\u00b00108\/HAAC\/01-2024\/pl\/P\",\"publisher\":{\"@id\":\"https:\/\/lavoixdelanation.tg\/#organization\"},\"alternateName\":\"VON\",\"potentialAction\":[{\"@type\":\"SearchAction\",\"target\":{\"@type\":\"EntryPoint\",\"urlTemplate\":\"https:\/\/lavoixdelanation.tg\/?s={search_term_string}\"},\"query-input\":{\"@type\":\"PropertyValueSpecification\",\"valueRequired\":true,\"valueName\":\"search_term_string\"}}],\"inLanguage\":\"fr-FR\"},{\"@type\":\"Organization\",\"@id\":\"https:\/\/lavoixdelanation.tg\/#organization\",\"name\":\"La Voix de la Nation\",\"url\":\"https:\/\/lavoixdelanation.tg\/\",\"logo\":{\"@type\":\"ImageObject\",\"inLanguage\":\"fr-FR\",\"@id\":\"https:\/\/lavoixdelanation.tg\/#\/schema\/logo\/image\/\",\"url\":\"https:\/\/lavoixdelanation.tg\/wp-content\/uploads\/2024\/12\/lavn-1.png\",\"contentUrl\":\"https:\/\/lavoixdelanation.tg\/wp-content\/uploads\/2024\/12\/lavn-1.png\",\"width\":1024,\"height\":464,\"caption\":\"La Voix de la Nation\"},\"image\":{\"@id\":\"https:\/\/lavoixdelanation.tg\/#\/schema\/logo\/image\/\"},\"sameAs\":[\"https:\/\/www.facebook.com\/lavoixdelanation\"]},{\"@type\":\"Person\",\"@id\":\"https:\/\/lavoixdelanation.tg\/#\/schema\/person\/6c489293aa38053673a9e554acb6e224\",\"name\":\"La voix de la nation\",\"image\":{\"@type\":\"ImageObject\",\"inLanguage\":\"fr-FR\",\"@id\":\"https:\/\/lavoixdelanation.tg\/#\/schema\/person\/image\/\",\"url\":\"https:\/\/secure.gravatar.com\/avatar\/8aa135d4bbc794494cecaa8d483f6d6cc1023624868deaff686baed5e727a5a1?s=96&d=mm&r=g\",\"contentUrl\":\"https:\/\/secure.gravatar.com\/avatar\/8aa135d4bbc794494cecaa8d483f6d6cc1023624868deaff686baed5e727a5a1?s=96&d=mm&r=g\",\"caption\":\"La voix de la nation\"},\"sameAs\":[\"https:\/\/lavoixdelanation.tg\"],\"url\":\"https:\/\/lavoixdelanation.tg\/index.php\/author\/lavn\/\"}]}<\/script>\n<!-- \/ Yoast SEO plugin. -->","yoast_head_json":{"title":"Lom\u00e9\u00a0: 02 personnes interpell\u00e9es suite \u00e0 l\u2019incendie d\u2019un immeuble \u00e0 Aguiarkom\u00e9 - La Voix de la Nation","robots":{"index":"index","follow":"follow","max-snippet":"max-snippet:-1","max-image-preview":"max-image-preview:large","max-video-preview":"max-video-preview:-1"},"canonical":"https:\/\/lavoixdelanation.tg\/index.php\/2025\/04\/16\/lome-02-personnes-interpellees-suite-a-lincendie-dun-immeuble-a-aguiarkome\/","og_locale":"fr_FR","og_type":"article","og_title":"Lom\u00e9\u00a0: 02 personnes interpell\u00e9es suite \u00e0 l\u2019incendie d\u2019un immeuble \u00e0 Aguiarkom\u00e9 - La Voix de la Nation","og_description":"Deux (2) personnes ont \u00e9t\u00e9 interpell\u00e9es dans le cadre d\u2019une enqu\u00eate ouverte pour d\u00e9terminer les causes et situer les responsabilit\u00e9s suite \u00e0 un incendie qui a ravag\u00e9 un immeuble situ\u00e9&hellip;","og_url":"https:\/\/lavoixdelanation.tg\/index.php\/2025\/04\/16\/lome-02-personnes-interpellees-suite-a-lincendie-dun-immeuble-a-aguiarkome\/","og_site_name":"La Voix de la Nation","article_publisher":"https:\/\/www.facebook.com\/lavoixdelanation","article_published_time":"2025-04-16T16:10:00+00:00","article_modified_time":"2025-04-16T23:19:29+00:00","og_image":[{"width":650,"height":427,"url":"https:\/\/lavoixdelanation.tg\/wp-content\/uploads\/2025\/04\/Calixte-Batossie-Madjoulba-Ministre-de-la-securite-et-de-la-protection-civile.jpg","type":"image\/jpeg"}],"author":"La voix de la nation","twitter_card":"summary_large_image","twitter_misc":{"\u00c9crit par":"La voix de la nation","Dur\u00e9e de lecture estim\u00e9e":"3 minutes"},"schema":{"@context":"https:\/\/schema.org","@graph":[{"@type":"Article","@id":"https:\/\/lavoixdelanation.tg\/index.php\/2025\/04\/16\/lome-02-personnes-interpellees-suite-a-lincendie-dun-immeuble-a-aguiarkome\/#article","isPartOf":{"@id":"https:\/\/lavoixdelanation.tg\/index.php\/2025\/04\/16\/lome-02-personnes-interpellees-suite-a-lincendie-dun-immeuble-a-aguiarkome\/"},"author":{"name":"La voix de la nation","@id":"https:\/\/lavoixdelanation.tg\/#\/schema\/person\/6c489293aa38053673a9e554acb6e224"},"headline":"Lom\u00e9\u00a0: 02 personnes interpell\u00e9es suite \u00e0 l\u2019incendie d\u2019un immeuble \u00e0 Aguiarkom\u00e9","datePublished":"2025-04-16T16:10:00+00:00","dateModified":"2025-04-16T23:19:29+00:00","mainEntityOfPage":{"@id":"https:\/\/lavoixdelanation.tg\/index.php\/2025\/04\/16\/lome-02-personnes-interpellees-suite-a-lincendie-dun-immeuble-a-aguiarkome\/"},"wordCount":490,"commentCount":0,"publisher":{"@id":"https:\/\/lavoixdelanation.tg\/#organization"},"image":{"@id":"https:\/\/lavoixdelanation.tg\/index.php\/2025\/04\/16\/lome-02-personnes-interpellees-suite-a-lincendie-dun-immeuble-a-aguiarkome\/#primaryimage"},"thumbnailUrl":"https:\/\/lavoixdelanation.tg\/wp-content\/uploads\/2025\/04\/Calixte-Batossie-Madjoulba-Ministre-de-la-securite-et-de-la-protection-civile.jpg","articleSection":["Soci\u00e9t\u00e9"],"inLanguage":"fr-FR","potentialAction":[{"@type":"CommentAction","name":"Comment","target":["https:\/\/lavoixdelanation.tg\/index.php\/2025\/04\/16\/lome-02-personnes-interpellees-suite-a-lincendie-dun-immeuble-a-aguiarkome\/#respond"]}]},{"@type":"WebPage","@id":"https:\/\/lavoixdelanation.tg\/index.php\/2025\/04\/16\/lome-02-personnes-interpellees-suite-a-lincendie-dun-immeuble-a-aguiarkome\/","url":"https:\/\/lavoixdelanation.tg\/index.php\/2025\/04\/16\/lome-02-personnes-interpellees-suite-a-lincendie-dun-immeuble-a-aguiarkome\/","name":"Lom\u00e9\u00a0: 02 personnes interpell\u00e9es suite \u00e0 l\u2019incendie d\u2019un immeuble \u00e0 Aguiarkom\u00e9 - La Voix de la Nation","isPartOf":{"@id":"https:\/\/lavoixdelanation.tg\/#website"},"primaryImageOfPage":{"@id":"https:\/\/lavoixdelanation.tg\/index.php\/2025\/04\/16\/lome-02-personnes-interpellees-suite-a-lincendie-dun-immeuble-a-aguiarkome\/#primaryimage"},"image":{"@id":"https:\/\/lavoixdelanation.tg\/index.php\/2025\/04\/16\/lome-02-personnes-interpellees-suite-a-lincendie-dun-immeuble-a-aguiarkome\/#primaryimage"},"thumbnailUrl":"https:\/\/lavoixdelanation.tg\/wp-content\/uploads\/2025\/04\/Calixte-Batossie-Madjoulba-Ministre-de-la-securite-et-de-la-protection-civile.jpg","datePublished":"2025-04-16T16:10:00+00:00","dateModified":"2025-04-16T23:19:29+00:00","breadcrumb":{"@id":"https:\/\/lavoixdelanation.tg\/index.php\/2025\/04\/16\/lome-02-personnes-interpellees-suite-a-lincendie-dun-immeuble-a-aguiarkome\/#breadcrumb"},"inLanguage":"fr-FR","potentialAction":[{"@type":"ReadAction","target":["https:\/\/lavoixdelanation.tg\/index.php\/2025\/04\/16\/lome-02-personnes-interpellees-suite-a-lincendie-dun-immeuble-a-aguiarkome\/"]}]},{"@type":"ImageObject","inLanguage":"fr-FR","@id":"https:\/\/lavoixdelanation.tg\/index.php\/2025\/04\/16\/lome-02-personnes-interpellees-suite-a-lincendie-dun-immeuble-a-aguiarkome\/#primaryimage","url":"https:\/\/lavoixdelanation.tg\/wp-content\/uploads\/2025\/04\/Calixte-Batossie-Madjoulba-Ministre-de-la-securite-et-de-la-protection-civile.jpg","contentUrl":"https:\/\/lavoixdelanation.tg\/wp-content\/uploads\/2025\/04\/Calixte-Batossie-Madjoulba-Ministre-de-la-securite-et-de-la-protection-civile.jpg","width":650,"height":427,"caption":"Calixte Batossie Madjoulba, Ministre de la s\u00e9curit\u00e9 et de la protection civile"},{"@type":"BreadcrumbList","@id":"https:\/\/lavoixdelanation.tg\/index.php\/2025\/04\/16\/lome-02-personnes-interpellees-suite-a-lincendie-dun-immeuble-a-aguiarkome\/#breadcrumb","itemListElement":[{"@type":"ListItem","position":1,"name":"Accueil","item":"https:\/\/lavoixdelanation.tg\/"},{"@type":"ListItem","position":2,"name":"Lom\u00e9\u00a0: 02 personnes interpell\u00e9es suite \u00e0 l\u2019incendie d\u2019un immeuble \u00e0 Aguiarkom\u00e9"}]},{"@type":"WebSite","@id":"https:\/\/lavoixdelanation.tg\/#website","url":"https:\/\/lavoixdelanation.tg\/","name":"La Voix de la Nation","description":"R\u00e9c\u00e9piss\u00e9 n\u00b00108\/HAAC\/01-2024\/pl\/P","publisher":{"@id":"https:\/\/lavoixdelanation.tg\/#organization"},"alternateName":"VON","potentialAction":[{"@type":"SearchAction","target":{"@type":"EntryPoint","urlTemplate":"https:\/\/lavoixdelanation.tg\/?s={search_term_string}"},"query-input":{"@type":"PropertyValueSpecification","valueRequired":true,"valueName":"search_term_string"}}],"inLanguage":"fr-FR"},{"@type":"Organization","@id":"https:\/\/lavoixdelanation.tg\/#organization","name":"La Voix de la Nation","url":"https:\/\/lavoixdelanation.tg\/","logo":{"@type":"ImageObject","inLanguage":"fr-FR","@id":"https:\/\/lavoixdelanation.tg\/#\/schema\/logo\/image\/","url":"https:\/\/lavoixdelanation.tg\/wp-content\/uploads\/2024\/12\/lavn-1.png","contentUrl":"https:\/\/lavoixdelanation.tg\/wp-content\/uploads\/2024\/12\/lavn-1.png","width":1024,"height":464,"caption":"La Voix de la Nation"},"image":{"@id":"https:\/\/lavoixdelanation.tg\/#\/schema\/logo\/image\/"},"sameAs":["https:\/\/www.facebook.com\/lavoixdelanation"]},{"@type":"Person","@id":"https:\/\/lavoixdelanation.tg\/#\/schema\/person\/6c489293aa38053673a9e554acb6e224","name":"La voix de la nation","image":{"@type":"ImageObject","inLanguage":"fr-FR","@id":"https:\/\/lavoixdelanation.tg\/#\/schema\/person\/image\/","url":"https:\/\/secure.gravatar.com\/avatar\/8aa135d4bbc794494cecaa8d483f6d6cc1023624868deaff686baed5e727a5a1?s=96&d=mm&r=g","contentUrl":"https:\/\/secure.gravatar.com\/avatar\/8aa135d4bbc794494cecaa8d483f6d6cc1023624868deaff686baed5e727a5a1?s=96&d=mm&r=g","caption":"La voix de la nation"},"sameAs":["https:\/\/lavoixdelanation.tg"],"url":"https:\/\/lavoixdelanation.tg\/index.php\/author\/lavn\/"}]}},"_links":{"self":[{"href":"https:\/\/lavoixdelanation.tg\/index.php\/wp-json\/wp\/v2\/posts\/2663","targetHints":{"allow":["GET"]}}],"collection":[{"href":"https:\/\/lavoixdelanation.tg\/index.php\/wp-json\/wp\/v2\/posts"}],"about":[{"href":"https:\/\/lavoixdelanation.tg\/index.php\/wp-json\/wp\/v2\/types\/post"}],"author":[{"embeddable":true,"href":"https:\/\/lavoixdelanation.tg\/index.php\/wp-json\/wp\/v2\/users\/1"}],"replies":[{"embeddable":true,"href":"https:\/\/lavoixdelanation.tg\/index.php\/wp-json\/wp\/v2\/comments?post=2663"}],"version-history":[{"count":1,"href":"https:\/\/lavoixdelanation.tg\/index.php\/wp-json\/wp\/v2\/posts\/2663\/revisions"}],"predecessor-version":[{"id":2665,"href":"https:\/\/lavoixdelanation.tg\/index.php\/wp-json\/wp\/v2\/posts\/2663\/revisions\/2665"}],"wp:featuredmedia":[{"embeddable":true,"href":"https:\/\/lavoixdelanation.tg\/index.php\/wp-json\/wp\/v2\/media\/2664"}],"wp:attachment":[{"href":"https:\/\/lavoixdelanation.tg\/index.php\/wp-json\/wp\/v2\/media?parent=2663"}],"wp:term":[{"taxonomy":"category","embeddable":true,"href":"https:\/\/lavoixdelanation.tg\/index.php\/wp-json\/wp\/v2\/categories?post=2663"},{"taxonomy":"post_tag","embeddable":true,"href":"https:\/\/lavoixdelanation.tg\/index.php\/wp-json\/wp\/v2\/tags?post=2663"}],"curies":[{"name":"wp","href":"https:\/\/api.w.org\/{rel}","templated":true}]}}