{"id":2651,"date":"2025-04-15T09:07:00","date_gmt":"2025-04-15T07:07:00","guid":{"rendered":"https:\/\/lavoixdelanation.tg\/?p=2651"},"modified":"2025-04-16T01:15:57","modified_gmt":"2025-04-15T23:15:57","slug":"unir-un-13e-anniversaire-celebre-avec-ferveur-gratitude-et-responsabilite","status":"publish","type":"post","link":"https:\/\/lavoixdelanation.tg\/index.php\/2025\/04\/15\/unir-un-13e-anniversaire-celebre-avec-ferveur-gratitude-et-responsabilite\/","title":{"rendered":"UNIR\u00a0: Un 13\u00e8 anniversaire c\u00e9l\u00e9br\u00e9 avec ferveur, gratitude et responsabilit\u00e9"},"content":{"rendered":"\n<p><strong>C\u2019est avec <\/strong><strong>ferveur,<\/strong><strong> <\/strong><strong>gratitude et responsabilit\u00e9 que le parti Union pour la R\u00e9publique (UNIR) a c\u00e9l\u00e9br\u00e9 ce 14 avril 2025, son <\/strong><strong>13\u00e8 anniversaire \u00e9galement synonyme d\u2019un <\/strong><strong>moment de mobilisation et de projection pour les membres et sympathisants du parti. <\/strong><strong><\/strong><\/p>\n\n\n\n<p>Pour les responsables du parti, il s\u2019agit de treize ann\u00e9es d&rsquo;engagement patriotique, de constance dans l&rsquo;action, et de fid\u00e9lit\u00e9 au service du peuple togolais.<\/p>\n\n\n\n<p>C\u2019est en effet le 14 avril 2012 que le parti a \u00e9t\u00e9 port\u00e9 sur les fonts baptismaux \u00e0 Atakpam\u00e9 par le chef de l\u2019Etat Faure Gnassingb\u00e9, Pr\u00e9sident fondateur d\u2019UNIR.<\/p>\n\n\n\n<p>Depuis, le parti s&rsquo;est impos\u00e9 dans le paysage politique togolais, avec une force qui r\u00e9side dans sa capacit\u00e9 \u00e0 transcender les clivages et \u00e0 faire converger les \u00e9nergies vers un id\u00e9al commun : un Togo r\u00e9concili\u00e9, ambitieux et solidaire.<\/p>\n\n\n\n<p>&nbsp;\u00ab&nbsp;Sous l&rsquo;impulsion visionnaire du Chef de l&rsquo;\u00c9tat, notre pays a franchi des \u00e9tapes d\u00e9cisives, en particulier avec l&rsquo;av\u00e8nement de la V\u00e8me R\u00e9publique, marquant un passage historique vers un r\u00e9gime parlementaire inclusif, repr\u00e9sentatif, et r\u00e9solument d\u00e9di\u00e9 \u00e0 l&rsquo;int\u00e9r\u00eat g\u00e9n\u00e9ral. La Cinqui\u00e8me R\u00e9publique n&rsquo;est pas seulement une r\u00e9forme institutionnelle, elle incarne un tournant historique, le fruit d&rsquo;une volont\u00e9 politique assum\u00e9e, visant \u00e0 rapprocher la d\u00e9cision publique des aspirations populaires&nbsp;\u00bb, a indiqu\u00e9 le bureau ex\u00e9cutif du parti dans une d\u00e9claration de circonstance.<\/p>\n\n\n\n<p class=\"has-text-align-center\"><strong>Regard vers l\u2019avenir<\/strong><\/p>\n\n\n\n<p>Fid\u00e8le \u00e0 sa vocation d&rsquo;encadrement politique, UNIR se pr\u00e9pare \u00e9galement aux \u00e9ch\u00e9ances \u00e9lectorales \u00e0 venir, avec la conviction que \u00ab&nbsp;les Togolaises et les Togolais continueront de reconna\u00eetre, dans la vision et les r\u00e9alisations de Son Excellence Monsieur Faure Essozimna Gnassingb\u00e9, les gages d&rsquo;un avenir paisible et prosp\u00e8re&nbsp;\u00bb.<\/p>\n\n\n\n<p>\u00ab&nbsp;L&rsquo;heure est au rassemblement, \u00e0 la fid\u00e9lit\u00e9 \u00e0 nos id\u00e9aux, et \u00e0 la mobilisation g\u00e9n\u00e9rale en vue de nouvelles victoires toujours plus \u00e9clatantes. UNIR, c&rsquo;est une volont\u00e9 collective, c&rsquo;est une promesse d&rsquo;esp\u00e9rance et d&rsquo;unit\u00e9, c&rsquo;est un engagement \u00e0 construire ensemble le Togo que nous voulons, celui o\u00f9 chaque Togolais joue sa partition et s&rsquo;\u00e9panouit dans la prosp\u00e9rit\u00e9 partag\u00e9e&nbsp;\u00bb, lit-on dans la d\u00e9claration du parti.<\/p>\n\n\n\n<figure class=\"wp-block-image size-large\"><img loading=\"lazy\" decoding=\"async\" width=\"1024\" height=\"667\" src=\"https:\/\/lavoixdelanation.tg\/wp-content\/uploads\/2025\/04\/13e-anniversaire-du-parti-UNIR-au-Togo-1024x667.jpeg\" alt=\"\" class=\"wp-image-2653\" srcset=\"https:\/\/lavoixdelanation.tg\/wp-content\/uploads\/2025\/04\/13e-anniversaire-du-parti-UNIR-au-Togo-1024x667.jpeg 1024w, https:\/\/lavoixdelanation.tg\/wp-content\/uploads\/2025\/04\/13e-anniversaire-du-parti-UNIR-au-Togo-300x196.jpeg 300w, https:\/\/lavoixdelanation.tg\/wp-content\/uploads\/2025\/04\/13e-anniversaire-du-parti-UNIR-au-Togo-768x501.jpeg 768w, https:\/\/lavoixdelanation.tg\/wp-content\/uploads\/2025\/04\/13e-anniversaire-du-parti-UNIR-au-Togo.jpeg 1536w\" sizes=\"auto, (max-width: 1024px) 100vw, 1024px\" \/><\/figure>\n\n\n\n<p>UNIR a saisi l\u2019occasion de son anniversaire pour r\u00e9affirmer sa loyaut\u00e9 \u00e0 son Pr\u00e9sident fondateur Faure Gnassingb\u00e9 qualifi\u00e9 d\u2019\u00ab artisan m\u00e9thodique et pragmatique de la transformation nationale&nbsp;\u00bb.<\/p>\n\n\n\n<p>Au chapitre des motifs de fiert\u00e9 nationale, le parti a particuli\u00e8rement salu\u00e9 la d\u00e9signation par l&rsquo;Union africaine, du Pr\u00e9sident de la R\u00e9publique togolaise Faure Gnassingb\u00e9, en qualit\u00e9 de m\u00e9diateur dans la crise entre deux pays fr\u00e8res d&rsquo;Afrique de l&rsquo;Est et du centre.<\/p>\n\n\n\n<p>Pour UNIR, \u00ab\u00a0ce choix honore un leadership apais\u00e9, une diplomatie efficace et une stature panafricaine incontestable\u00a0\u00bb. \u00ab\u00a0\u00c0 travers lui, c&rsquo;est tout le peuple togolais qui se trouve honor\u00e9\u00a0\u00bb, estime le parti UNIR.<\/p>\n","protected":false},"excerpt":{"rendered":"<p>C\u2019est avec ferveur, gratitude et responsabilit\u00e9 que le parti Union pour la R\u00e9publique (UNIR) a c\u00e9l\u00e9br\u00e9 ce 14 avril 2025, son 13\u00e8 anniversaire \u00e9galement synonyme d\u2019un moment de mobilisation et&hellip; <\/p>\n","protected":false},"author":1,"featured_media":2652,"comment_status":"open","ping_status":"open","sticky":false,"template":"","format":"standard","meta":{"footnotes":""},"categories":[21],"tags":[598,45,39,597,141],"class_list":["post-2651","post","type-post","status-publish","format-standard","has-post-thumbnail","hentry","category-politique","tag-anniversaire","tag-faure-gnassingbe","tag-togo","tag-union-pour-la-republique","tag-unir"],"yoast_head":"<!-- This site is optimized with the Yoast SEO plugin v26.4 - https:\/\/yoast.com\/wordpress\/plugins\/seo\/ -->\n<title>UNIR\u00a0: Un 13\u00e8 anniversaire c\u00e9l\u00e9br\u00e9 avec ferveur, gratitude et responsabilit\u00e9 - La Voix de la Nation<\/title>\n<meta name=\"robots\" content=\"index, follow, max-snippet:-1, max-image-preview:large, max-video-preview:-1\" \/>\n<link rel=\"canonical\" href=\"https:\/\/lavoixdelanation.tg\/index.php\/2025\/04\/15\/unir-un-13e-anniversaire-celebre-avec-ferveur-gratitude-et-responsabilite\/\" \/>\n<meta property=\"og:locale\" content=\"fr_FR\" \/>\n<meta property=\"og:type\" content=\"article\" \/>\n<meta property=\"og:title\" content=\"UNIR\u00a0: Un 13\u00e8 anniversaire c\u00e9l\u00e9br\u00e9 avec ferveur, gratitude et responsabilit\u00e9 - La Voix de la Nation\" \/>\n<meta property=\"og:description\" content=\"C\u2019est avec ferveur, gratitude et responsabilit\u00e9 que le parti Union pour la R\u00e9publique (UNIR) a c\u00e9l\u00e9br\u00e9 ce 14 avril 2025, son 13\u00e8 anniversaire \u00e9galement synonyme d\u2019un moment de mobilisation et&hellip;\" \/>\n<meta property=\"og:url\" content=\"https:\/\/lavoixdelanation.tg\/index.php\/2025\/04\/15\/unir-un-13e-anniversaire-celebre-avec-ferveur-gratitude-et-responsabilite\/\" \/>\n<meta property=\"og:site_name\" content=\"La Voix de la Nation\" \/>\n<meta property=\"article:publisher\" content=\"https:\/\/www.facebook.com\/lavoixdelanation\" \/>\n<meta property=\"article:published_time\" content=\"2025-04-15T07:07:00+00:00\" \/>\n<meta property=\"article:modified_time\" content=\"2025-04-15T23:15:57+00:00\" \/>\n<meta property=\"og:image\" content=\"https:\/\/lavoixdelanation.tg\/wp-content\/uploads\/2025\/04\/13e-anniversaire-du-parti-UNIR.jpeg\" \/>\n\t<meta property=\"og:image:width\" content=\"1536\" \/>\n\t<meta property=\"og:image:height\" content=\"956\" \/>\n\t<meta property=\"og:image:type\" content=\"image\/jpeg\" \/>\n<meta name=\"author\" content=\"La voix de la nation\" \/>\n<meta name=\"twitter:card\" content=\"summary_large_image\" \/>\n<meta name=\"twitter:label1\" content=\"\u00c9crit par\" \/>\n\t<meta name=\"twitter:data1\" content=\"La voix de la nation\" \/>\n\t<meta name=\"twitter:label2\" content=\"Dur\u00e9e de lecture estim\u00e9e\" \/>\n\t<meta name=\"twitter:data2\" content=\"3 minutes\" \/>\n<script type=\"application\/ld+json\" class=\"yoast-schema-graph\">{\"@context\":\"https:\/\/schema.org\",\"@graph\":[{\"@type\":\"Article\",\"@id\":\"https:\/\/lavoixdelanation.tg\/index.php\/2025\/04\/15\/unir-un-13e-anniversaire-celebre-avec-ferveur-gratitude-et-responsabilite\/#article\",\"isPartOf\":{\"@id\":\"https:\/\/lavoixdelanation.tg\/index.php\/2025\/04\/15\/unir-un-13e-anniversaire-celebre-avec-ferveur-gratitude-et-responsabilite\/\"},\"author\":{\"name\":\"La voix de la nation\",\"@id\":\"https:\/\/lavoixdelanation.tg\/#\/schema\/person\/6c489293aa38053673a9e554acb6e224\"},\"headline\":\"UNIR\u00a0: Un 13\u00e8 anniversaire c\u00e9l\u00e9br\u00e9 avec ferveur, gratitude et responsabilit\u00e9\",\"datePublished\":\"2025-04-15T07:07:00+00:00\",\"dateModified\":\"2025-04-15T23:15:57+00:00\",\"mainEntityOfPage\":{\"@id\":\"https:\/\/lavoixdelanation.tg\/index.php\/2025\/04\/15\/unir-un-13e-anniversaire-celebre-avec-ferveur-gratitude-et-responsabilite\/\"},\"wordCount\":506,\"commentCount\":0,\"publisher\":{\"@id\":\"https:\/\/lavoixdelanation.tg\/#organization\"},\"image\":{\"@id\":\"https:\/\/lavoixdelanation.tg\/index.php\/2025\/04\/15\/unir-un-13e-anniversaire-celebre-avec-ferveur-gratitude-et-responsabilite\/#primaryimage\"},\"thumbnailUrl\":\"https:\/\/lavoixdelanation.tg\/wp-content\/uploads\/2025\/04\/13e-anniversaire-du-parti-UNIR.jpeg\",\"keywords\":[\"Anniversaire\",\"Faure Gnassingb\u00e9\",\"Togo\",\"Union pour la R\u00e9publique\",\"UNIR\"],\"articleSection\":[\"Politique\"],\"inLanguage\":\"fr-FR\",\"potentialAction\":[{\"@type\":\"CommentAction\",\"name\":\"Comment\",\"target\":[\"https:\/\/lavoixdelanation.tg\/index.php\/2025\/04\/15\/unir-un-13e-anniversaire-celebre-avec-ferveur-gratitude-et-responsabilite\/#respond\"]}]},{\"@type\":\"WebPage\",\"@id\":\"https:\/\/lavoixdelanation.tg\/index.php\/2025\/04\/15\/unir-un-13e-anniversaire-celebre-avec-ferveur-gratitude-et-responsabilite\/\",\"url\":\"https:\/\/lavoixdelanation.tg\/index.php\/2025\/04\/15\/unir-un-13e-anniversaire-celebre-avec-ferveur-gratitude-et-responsabilite\/\",\"name\":\"UNIR\u00a0: Un 13\u00e8 anniversaire c\u00e9l\u00e9br\u00e9 avec ferveur, gratitude et responsabilit\u00e9 - La Voix de la Nation\",\"isPartOf\":{\"@id\":\"https:\/\/lavoixdelanation.tg\/#website\"},\"primaryImageOfPage\":{\"@id\":\"https:\/\/lavoixdelanation.tg\/index.php\/2025\/04\/15\/unir-un-13e-anniversaire-celebre-avec-ferveur-gratitude-et-responsabilite\/#primaryimage\"},\"image\":{\"@id\":\"https:\/\/lavoixdelanation.tg\/index.php\/2025\/04\/15\/unir-un-13e-anniversaire-celebre-avec-ferveur-gratitude-et-responsabilite\/#primaryimage\"},\"thumbnailUrl\":\"https:\/\/lavoixdelanation.tg\/wp-content\/uploads\/2025\/04\/13e-anniversaire-du-parti-UNIR.jpeg\",\"datePublished\":\"2025-04-15T07:07:00+00:00\",\"dateModified\":\"2025-04-15T23:15:57+00:00\",\"breadcrumb\":{\"@id\":\"https:\/\/lavoixdelanation.tg\/index.php\/2025\/04\/15\/unir-un-13e-anniversaire-celebre-avec-ferveur-gratitude-et-responsabilite\/#breadcrumb\"},\"inLanguage\":\"fr-FR\",\"potentialAction\":[{\"@type\":\"ReadAction\",\"target\":[\"https:\/\/lavoixdelanation.tg\/index.php\/2025\/04\/15\/unir-un-13e-anniversaire-celebre-avec-ferveur-gratitude-et-responsabilite\/\"]}]},{\"@type\":\"ImageObject\",\"inLanguage\":\"fr-FR\",\"@id\":\"https:\/\/lavoixdelanation.tg\/index.php\/2025\/04\/15\/unir-un-13e-anniversaire-celebre-avec-ferveur-gratitude-et-responsabilite\/#primaryimage\",\"url\":\"https:\/\/lavoixdelanation.tg\/wp-content\/uploads\/2025\/04\/13e-anniversaire-du-parti-UNIR.jpeg\",\"contentUrl\":\"https:\/\/lavoixdelanation.tg\/wp-content\/uploads\/2025\/04\/13e-anniversaire-du-parti-UNIR.jpeg\",\"width\":1536,\"height\":956},{\"@type\":\"BreadcrumbList\",\"@id\":\"https:\/\/lavoixdelanation.tg\/index.php\/2025\/04\/15\/unir-un-13e-anniversaire-celebre-avec-ferveur-gratitude-et-responsabilite\/#breadcrumb\",\"itemListElement\":[{\"@type\":\"ListItem\",\"position\":1,\"name\":\"Accueil\",\"item\":\"https:\/\/lavoixdelanation.tg\/\"},{\"@type\":\"ListItem\",\"position\":2,\"name\":\"UNIR\u00a0: Un 13\u00e8 anniversaire c\u00e9l\u00e9br\u00e9 avec ferveur, gratitude et responsabilit\u00e9\"}]},{\"@type\":\"WebSite\",\"@id\":\"https:\/\/lavoixdelanation.tg\/#website\",\"url\":\"https:\/\/lavoixdelanation.tg\/\",\"name\":\"La Voix de la Nation\",\"description\":\"R\u00e9c\u00e9piss\u00e9 n\u00b00108\/HAAC\/01-2024\/pl\/P\",\"publisher\":{\"@id\":\"https:\/\/lavoixdelanation.tg\/#organization\"},\"alternateName\":\"VON\",\"potentialAction\":[{\"@type\":\"SearchAction\",\"target\":{\"@type\":\"EntryPoint\",\"urlTemplate\":\"https:\/\/lavoixdelanation.tg\/?s={search_term_string}\"},\"query-input\":{\"@type\":\"PropertyValueSpecification\",\"valueRequired\":true,\"valueName\":\"search_term_string\"}}],\"inLanguage\":\"fr-FR\"},{\"@type\":\"Organization\",\"@id\":\"https:\/\/lavoixdelanation.tg\/#organization\",\"name\":\"La Voix de la Nation\",\"url\":\"https:\/\/lavoixdelanation.tg\/\",\"logo\":{\"@type\":\"ImageObject\",\"inLanguage\":\"fr-FR\",\"@id\":\"https:\/\/lavoixdelanation.tg\/#\/schema\/logo\/image\/\",\"url\":\"https:\/\/lavoixdelanation.tg\/wp-content\/uploads\/2024\/12\/lavn-1.png\",\"contentUrl\":\"https:\/\/lavoixdelanation.tg\/wp-content\/uploads\/2024\/12\/lavn-1.png\",\"width\":1024,\"height\":464,\"caption\":\"La Voix de la Nation\"},\"image\":{\"@id\":\"https:\/\/lavoixdelanation.tg\/#\/schema\/logo\/image\/\"},\"sameAs\":[\"https:\/\/www.facebook.com\/lavoixdelanation\"]},{\"@type\":\"Person\",\"@id\":\"https:\/\/lavoixdelanation.tg\/#\/schema\/person\/6c489293aa38053673a9e554acb6e224\",\"name\":\"La voix de la nation\",\"image\":{\"@type\":\"ImageObject\",\"inLanguage\":\"fr-FR\",\"@id\":\"https:\/\/lavoixdelanation.tg\/#\/schema\/person\/image\/\",\"url\":\"https:\/\/secure.gravatar.com\/avatar\/8aa135d4bbc794494cecaa8d483f6d6cc1023624868deaff686baed5e727a5a1?s=96&d=mm&r=g\",\"contentUrl\":\"https:\/\/secure.gravatar.com\/avatar\/8aa135d4bbc794494cecaa8d483f6d6cc1023624868deaff686baed5e727a5a1?s=96&d=mm&r=g\",\"caption\":\"La voix de la nation\"},\"sameAs\":[\"https:\/\/lavoixdelanation.tg\"],\"url\":\"https:\/\/lavoixdelanation.tg\/index.php\/author\/lavn\/\"}]}<\/script>\n<!-- \/ Yoast SEO plugin. -->","yoast_head_json":{"title":"UNIR\u00a0: Un 13\u00e8 anniversaire c\u00e9l\u00e9br\u00e9 avec ferveur, gratitude et responsabilit\u00e9 - La Voix de la Nation","robots":{"index":"index","follow":"follow","max-snippet":"max-snippet:-1","max-image-preview":"max-image-preview:large","max-video-preview":"max-video-preview:-1"},"canonical":"https:\/\/lavoixdelanation.tg\/index.php\/2025\/04\/15\/unir-un-13e-anniversaire-celebre-avec-ferveur-gratitude-et-responsabilite\/","og_locale":"fr_FR","og_type":"article","og_title":"UNIR\u00a0: Un 13\u00e8 anniversaire c\u00e9l\u00e9br\u00e9 avec ferveur, gratitude et responsabilit\u00e9 - La Voix de la Nation","og_description":"C\u2019est avec ferveur, gratitude et responsabilit\u00e9 que le parti Union pour la R\u00e9publique (UNIR) a c\u00e9l\u00e9br\u00e9 ce 14 avril 2025, son 13\u00e8 anniversaire \u00e9galement synonyme d\u2019un moment de mobilisation et&hellip;","og_url":"https:\/\/lavoixdelanation.tg\/index.php\/2025\/04\/15\/unir-un-13e-anniversaire-celebre-avec-ferveur-gratitude-et-responsabilite\/","og_site_name":"La Voix de la Nation","article_publisher":"https:\/\/www.facebook.com\/lavoixdelanation","article_published_time":"2025-04-15T07:07:00+00:00","article_modified_time":"2025-04-15T23:15:57+00:00","og_image":[{"width":1536,"height":956,"url":"https:\/\/lavoixdelanation.tg\/wp-content\/uploads\/2025\/04\/13e-anniversaire-du-parti-UNIR.jpeg","type":"image\/jpeg"}],"author":"La voix de la nation","twitter_card":"summary_large_image","twitter_misc":{"\u00c9crit par":"La voix de la nation","Dur\u00e9e de lecture estim\u00e9e":"3 minutes"},"schema":{"@context":"https:\/\/schema.org","@graph":[{"@type":"Article","@id":"https:\/\/lavoixdelanation.tg\/index.php\/2025\/04\/15\/unir-un-13e-anniversaire-celebre-avec-ferveur-gratitude-et-responsabilite\/#article","isPartOf":{"@id":"https:\/\/lavoixdelanation.tg\/index.php\/2025\/04\/15\/unir-un-13e-anniversaire-celebre-avec-ferveur-gratitude-et-responsabilite\/"},"author":{"name":"La voix de la nation","@id":"https:\/\/lavoixdelanation.tg\/#\/schema\/person\/6c489293aa38053673a9e554acb6e224"},"headline":"UNIR\u00a0: Un 13\u00e8 anniversaire c\u00e9l\u00e9br\u00e9 avec ferveur, gratitude et responsabilit\u00e9","datePublished":"2025-04-15T07:07:00+00:00","dateModified":"2025-04-15T23:15:57+00:00","mainEntityOfPage":{"@id":"https:\/\/lavoixdelanation.tg\/index.php\/2025\/04\/15\/unir-un-13e-anniversaire-celebre-avec-ferveur-gratitude-et-responsabilite\/"},"wordCount":506,"commentCount":0,"publisher":{"@id":"https:\/\/lavoixdelanation.tg\/#organization"},"image":{"@id":"https:\/\/lavoixdelanation.tg\/index.php\/2025\/04\/15\/unir-un-13e-anniversaire-celebre-avec-ferveur-gratitude-et-responsabilite\/#primaryimage"},"thumbnailUrl":"https:\/\/lavoixdelanation.tg\/wp-content\/uploads\/2025\/04\/13e-anniversaire-du-parti-UNIR.jpeg","keywords":["Anniversaire","Faure Gnassingb\u00e9","Togo","Union pour la R\u00e9publique","UNIR"],"articleSection":["Politique"],"inLanguage":"fr-FR","potentialAction":[{"@type":"CommentAction","name":"Comment","target":["https:\/\/lavoixdelanation.tg\/index.php\/2025\/04\/15\/unir-un-13e-anniversaire-celebre-avec-ferveur-gratitude-et-responsabilite\/#respond"]}]},{"@type":"WebPage","@id":"https:\/\/lavoixdelanation.tg\/index.php\/2025\/04\/15\/unir-un-13e-anniversaire-celebre-avec-ferveur-gratitude-et-responsabilite\/","url":"https:\/\/lavoixdelanation.tg\/index.php\/2025\/04\/15\/unir-un-13e-anniversaire-celebre-avec-ferveur-gratitude-et-responsabilite\/","name":"UNIR\u00a0: Un 13\u00e8 anniversaire c\u00e9l\u00e9br\u00e9 avec ferveur, gratitude et responsabilit\u00e9 - La Voix de la Nation","isPartOf":{"@id":"https:\/\/lavoixdelanation.tg\/#website"},"primaryImageOfPage":{"@id":"https:\/\/lavoixdelanation.tg\/index.php\/2025\/04\/15\/unir-un-13e-anniversaire-celebre-avec-ferveur-gratitude-et-responsabilite\/#primaryimage"},"image":{"@id":"https:\/\/lavoixdelanation.tg\/index.php\/2025\/04\/15\/unir-un-13e-anniversaire-celebre-avec-ferveur-gratitude-et-responsabilite\/#primaryimage"},"thumbnailUrl":"https:\/\/lavoixdelanation.tg\/wp-content\/uploads\/2025\/04\/13e-anniversaire-du-parti-UNIR.jpeg","datePublished":"2025-04-15T07:07:00+00:00","dateModified":"2025-04-15T23:15:57+00:00","breadcrumb":{"@id":"https:\/\/lavoixdelanation.tg\/index.php\/2025\/04\/15\/unir-un-13e-anniversaire-celebre-avec-ferveur-gratitude-et-responsabilite\/#breadcrumb"},"inLanguage":"fr-FR","potentialAction":[{"@type":"ReadAction","target":["https:\/\/lavoixdelanation.tg\/index.php\/2025\/04\/15\/unir-un-13e-anniversaire-celebre-avec-ferveur-gratitude-et-responsabilite\/"]}]},{"@type":"ImageObject","inLanguage":"fr-FR","@id":"https:\/\/lavoixdelanation.tg\/index.php\/2025\/04\/15\/unir-un-13e-anniversaire-celebre-avec-ferveur-gratitude-et-responsabilite\/#primaryimage","url":"https:\/\/lavoixdelanation.tg\/wp-content\/uploads\/2025\/04\/13e-anniversaire-du-parti-UNIR.jpeg","contentUrl":"https:\/\/lavoixdelanation.tg\/wp-content\/uploads\/2025\/04\/13e-anniversaire-du-parti-UNIR.jpeg","width":1536,"height":956},{"@type":"BreadcrumbList","@id":"https:\/\/lavoixdelanation.tg\/index.php\/2025\/04\/15\/unir-un-13e-anniversaire-celebre-avec-ferveur-gratitude-et-responsabilite\/#breadcrumb","itemListElement":[{"@type":"ListItem","position":1,"name":"Accueil","item":"https:\/\/lavoixdelanation.tg\/"},{"@type":"ListItem","position":2,"name":"UNIR\u00a0: Un 13\u00e8 anniversaire c\u00e9l\u00e9br\u00e9 avec ferveur, gratitude et responsabilit\u00e9"}]},{"@type":"WebSite","@id":"https:\/\/lavoixdelanation.tg\/#website","url":"https:\/\/lavoixdelanation.tg\/","name":"La Voix de la Nation","description":"R\u00e9c\u00e9piss\u00e9 n\u00b00108\/HAAC\/01-2024\/pl\/P","publisher":{"@id":"https:\/\/lavoixdelanation.tg\/#organization"},"alternateName":"VON","potentialAction":[{"@type":"SearchAction","target":{"@type":"EntryPoint","urlTemplate":"https:\/\/lavoixdelanation.tg\/?s={search_term_string}"},"query-input":{"@type":"PropertyValueSpecification","valueRequired":true,"valueName":"search_term_string"}}],"inLanguage":"fr-FR"},{"@type":"Organization","@id":"https:\/\/lavoixdelanation.tg\/#organization","name":"La Voix de la Nation","url":"https:\/\/lavoixdelanation.tg\/","logo":{"@type":"ImageObject","inLanguage":"fr-FR","@id":"https:\/\/lavoixdelanation.tg\/#\/schema\/logo\/image\/","url":"https:\/\/lavoixdelanation.tg\/wp-content\/uploads\/2024\/12\/lavn-1.png","contentUrl":"https:\/\/lavoixdelanation.tg\/wp-content\/uploads\/2024\/12\/lavn-1.png","width":1024,"height":464,"caption":"La Voix de la Nation"},"image":{"@id":"https:\/\/lavoixdelanation.tg\/#\/schema\/logo\/image\/"},"sameAs":["https:\/\/www.facebook.com\/lavoixdelanation"]},{"@type":"Person","@id":"https:\/\/lavoixdelanation.tg\/#\/schema\/person\/6c489293aa38053673a9e554acb6e224","name":"La voix de la nation","image":{"@type":"ImageObject","inLanguage":"fr-FR","@id":"https:\/\/lavoixdelanation.tg\/#\/schema\/person\/image\/","url":"https:\/\/secure.gravatar.com\/avatar\/8aa135d4bbc794494cecaa8d483f6d6cc1023624868deaff686baed5e727a5a1?s=96&d=mm&r=g","contentUrl":"https:\/\/secure.gravatar.com\/avatar\/8aa135d4bbc794494cecaa8d483f6d6cc1023624868deaff686baed5e727a5a1?s=96&d=mm&r=g","caption":"La voix de la nation"},"sameAs":["https:\/\/lavoixdelanation.tg"],"url":"https:\/\/lavoixdelanation.tg\/index.php\/author\/lavn\/"}]}},"_links":{"self":[{"href":"https:\/\/lavoixdelanation.tg\/index.php\/wp-json\/wp\/v2\/posts\/2651","targetHints":{"allow":["GET"]}}],"collection":[{"href":"https:\/\/lavoixdelanation.tg\/index.php\/wp-json\/wp\/v2\/posts"}],"about":[{"href":"https:\/\/lavoixdelanation.tg\/index.php\/wp-json\/wp\/v2\/types\/post"}],"author":[{"embeddable":true,"href":"https:\/\/lavoixdelanation.tg\/index.php\/wp-json\/wp\/v2\/users\/1"}],"replies":[{"embeddable":true,"href":"https:\/\/lavoixdelanation.tg\/index.php\/wp-json\/wp\/v2\/comments?post=2651"}],"version-history":[{"count":1,"href":"https:\/\/lavoixdelanation.tg\/index.php\/wp-json\/wp\/v2\/posts\/2651\/revisions"}],"predecessor-version":[{"id":2654,"href":"https:\/\/lavoixdelanation.tg\/index.php\/wp-json\/wp\/v2\/posts\/2651\/revisions\/2654"}],"wp:featuredmedia":[{"embeddable":true,"href":"https:\/\/lavoixdelanation.tg\/index.php\/wp-json\/wp\/v2\/media\/2652"}],"wp:attachment":[{"href":"https:\/\/lavoixdelanation.tg\/index.php\/wp-json\/wp\/v2\/media?parent=2651"}],"wp:term":[{"taxonomy":"category","embeddable":true,"href":"https:\/\/lavoixdelanation.tg\/index.php\/wp-json\/wp\/v2\/categories?post=2651"},{"taxonomy":"post_tag","embeddable":true,"href":"https:\/\/lavoixdelanation.tg\/index.php\/wp-json\/wp\/v2\/tags?post=2651"}],"curies":[{"name":"wp","href":"https:\/\/api.w.org\/{rel}","templated":true}]}}