{"id":2635,"date":"2025-04-13T15:19:00","date_gmt":"2025-04-13T13:19:00","guid":{"rendered":"https:\/\/lavoixdelanation.tg\/?p=2635"},"modified":"2025-04-14T01:24:34","modified_gmt":"2025-04-13T23:24:34","slug":"kara-apotheose-de-la-danse-traditionnelle-des-chasseurs-en-presence-de-faure-gnassingbe","status":"publish","type":"post","link":"https:\/\/lavoixdelanation.tg\/index.php\/2025\/04\/13\/kara-apotheose-de-la-danse-traditionnelle-des-chasseurs-en-presence-de-faure-gnassingbe\/","title":{"rendered":"Kara : Apoth\u00e9ose de la danse traditionnelle des chasseurs en pr\u00e9sence de Faure Gnassingb\u00e9"},"content":{"rendered":"\n<p><strong>Ouverte le 10 mars dernier, la f\u00eate de chasse traditionnelle en pays Kaby\u00e8 a pris fin ce samedi 12 avril 2025 \u00e0 l\u2019esplanade du Palais des Congr\u00e8s de Kara avec la \u00ab Journ\u00e9e de chasse Eyad\u00e9ma \u00bb en pr\u00e9sence du chef de l\u2019Etat Faure Gnassingb\u00e9.<\/strong><\/p>\n\n\n\n<p>La c\u00e9l\u00e9bration de la\u00a0\u00ab\u00a0Chasse Gnassingb\u00e9 Eyad\u00e9ma \u00bb\u00a0\u00e9dition 2025 s\u2019inscrit dans le cadre des festivit\u00e9s inscrites au programme de la comm\u00e9moration du 20<sup>\u00e8me<\/sup>\u00a0anniversaire du rappel \u00e0 Dieu du p\u00e8re de la nation, feu G\u00e9n\u00e9ral Gnassingb\u00e9 Eyad\u00e9ma, grand chasseur traditionnel afin de saluer sa contribution \u00e0 la sauvegarde de ce patrimoine culturel.<\/p>\n\n\n\n<p>Issus de diff\u00e9rents cantons et arborant fi\u00e8rement les attributs ancestraux et par\u00e9s d\u2019\u00e9quipements traditionnels, les chasseurs traditionnels ont ex\u00e9cut\u00e9 des mouvements rythm\u00e9s et des chants, r\u00e9sonnant comme une incantation \u00e0 la bravoure et \u00e0 l\u2019endurance en hommage au P\u00e8re de la Nation.<\/p>\n\n\n\n<p>Plusieurs autres groupes folkloriques des diff\u00e9rentes r\u00e9gions du pays ont \u00e9galement fait le d\u00e9placement de Kara pour saluer la m\u00e9moire de l\u2019illustre disparu \u00e0 travers leurs diff\u00e9rentes prestations.<\/p>\n\n\n\n<p>Au nom du chef de l\u2019Etat, le ministre de l\u2019Administration territoriale, de la d\u00e9centralisation et de la chefferie coutumi\u00e8re, le Colonel Hodabalo Awat\u00e9 (pr\u00e9sident du comit\u00e9 national d\u2019organisation) a f\u00e9licit\u00e9 les chasseurs pour leurs diverses prestations qui traduisent leur attachement aux traditions s\u00e9culaires et \u00e0 la transmission des valeurs culturelles et sociales aux g\u00e9n\u00e9rations futures.<\/p>\n\n\n\n<figure class=\"wp-block-image size-large\"><img loading=\"lazy\" decoding=\"async\" width=\"1024\" height=\"751\" src=\"https:\/\/lavoixdelanation.tg\/wp-content\/uploads\/2025\/04\/Apotheose-de-la-danse-traditionnelle-des-chasseurs-en-presence-de-Faure-Gnassingbe-a-Kara-1024x751.jpg\" alt=\"\" class=\"wp-image-2637\" srcset=\"https:\/\/lavoixdelanation.tg\/wp-content\/uploads\/2025\/04\/Apotheose-de-la-danse-traditionnelle-des-chasseurs-en-presence-de-Faure-Gnassingbe-a-Kara-1024x751.jpg 1024w, https:\/\/lavoixdelanation.tg\/wp-content\/uploads\/2025\/04\/Apotheose-de-la-danse-traditionnelle-des-chasseurs-en-presence-de-Faure-Gnassingbe-a-Kara-300x220.jpg 300w, https:\/\/lavoixdelanation.tg\/wp-content\/uploads\/2025\/04\/Apotheose-de-la-danse-traditionnelle-des-chasseurs-en-presence-de-Faure-Gnassingbe-a-Kara-768x563.jpg 768w, https:\/\/lavoixdelanation.tg\/wp-content\/uploads\/2025\/04\/Apotheose-de-la-danse-traditionnelle-des-chasseurs-en-presence-de-Faure-Gnassingbe-a-Kara-1536x1126.jpg 1536w, https:\/\/lavoixdelanation.tg\/wp-content\/uploads\/2025\/04\/Apotheose-de-la-danse-traditionnelle-des-chasseurs-en-presence-de-Faure-Gnassingbe-a-Kara.jpg 1600w\" sizes=\"auto, (max-width: 1024px) 100vw, 1024px\" \/><\/figure>\n\n\n\n<p>Pour rappel, la chasse traditionnelle en pays kaby\u00e8 intervient en p\u00e9riode d\u2019inactivit\u00e9, entre les r\u00e9coltes et la future saison des pluies. La pr\u00e9sence du chef de l\u2019Etat Faure Gnassingb\u00e9 \u00e0 l\u2019ouverture et \u00e0 la cl\u00f4ture de ces rites est l\u2019expression de sa d\u00e9termination \u00e0 promouvoir la culture togolaise ainsi que les valeurs de paix et de coh\u00e9sion sociale.<\/p>\n","protected":false},"excerpt":{"rendered":"<p>Ouverte le 10 mars dernier, la f\u00eate de chasse traditionnelle en pays Kaby\u00e8 a pris fin ce samedi 12 avril 2025 \u00e0 l\u2019esplanade du Palais des Congr\u00e8s de Kara avec&hellip; <\/p>\n","protected":false},"author":1,"featured_media":2636,"comment_status":"open","ping_status":"open","sticky":false,"template":"","format":"standard","meta":{"footnotes":""},"categories":[13,29],"tags":[463,45,593,462,39],"class_list":["post-2635","post","type-post","status-publish","format-standard","has-post-thumbnail","hentry","category-culture","category-societe","tag-chasse-traditionnelle","tag-faure-gnassingbe","tag-journee-de-chasse-eyadema","tag-pays-kabye","tag-togo"],"yoast_head":"<!-- This site is optimized with the Yoast SEO plugin v26.4 - https:\/\/yoast.com\/wordpress\/plugins\/seo\/ -->\n<title>Kara : Apoth\u00e9ose de la danse traditionnelle des chasseurs en pr\u00e9sence de Faure Gnassingb\u00e9 - La Voix de la Nation<\/title>\n<meta name=\"robots\" content=\"index, follow, max-snippet:-1, max-image-preview:large, max-video-preview:-1\" \/>\n<link rel=\"canonical\" href=\"https:\/\/lavoixdelanation.tg\/index.php\/2025\/04\/13\/kara-apotheose-de-la-danse-traditionnelle-des-chasseurs-en-presence-de-faure-gnassingbe\/\" \/>\n<meta property=\"og:locale\" content=\"fr_FR\" \/>\n<meta property=\"og:type\" content=\"article\" \/>\n<meta property=\"og:title\" content=\"Kara : Apoth\u00e9ose de la danse traditionnelle des chasseurs en pr\u00e9sence de Faure Gnassingb\u00e9 - La Voix de la Nation\" \/>\n<meta property=\"og:description\" content=\"Ouverte le 10 mars dernier, la f\u00eate de chasse traditionnelle en pays Kaby\u00e8 a pris fin ce samedi 12 avril 2025 \u00e0 l\u2019esplanade du Palais des Congr\u00e8s de Kara avec&hellip;\" \/>\n<meta property=\"og:url\" content=\"https:\/\/lavoixdelanation.tg\/index.php\/2025\/04\/13\/kara-apotheose-de-la-danse-traditionnelle-des-chasseurs-en-presence-de-faure-gnassingbe\/\" \/>\n<meta property=\"og:site_name\" content=\"La Voix de la Nation\" \/>\n<meta property=\"article:publisher\" content=\"https:\/\/www.facebook.com\/lavoixdelanation\" \/>\n<meta property=\"article:published_time\" content=\"2025-04-13T13:19:00+00:00\" \/>\n<meta property=\"article:modified_time\" content=\"2025-04-13T23:24:34+00:00\" \/>\n<meta property=\"og:image\" content=\"https:\/\/lavoixdelanation.tg\/wp-content\/uploads\/2025\/04\/Apotheose-de-la-danse-traditionnelle-des-chasseurs-en-presence-de-Faure-Gnassingbe.jpg\" \/>\n\t<meta property=\"og:image:width\" content=\"1600\" \/>\n\t<meta property=\"og:image:height\" content=\"1173\" \/>\n\t<meta property=\"og:image:type\" content=\"image\/jpeg\" \/>\n<meta name=\"author\" content=\"La voix de la nation\" \/>\n<meta name=\"twitter:card\" content=\"summary_large_image\" \/>\n<meta name=\"twitter:label1\" content=\"\u00c9crit par\" \/>\n\t<meta name=\"twitter:data1\" content=\"La voix de la nation\" \/>\n\t<meta name=\"twitter:label2\" content=\"Dur\u00e9e de lecture estim\u00e9e\" \/>\n\t<meta name=\"twitter:data2\" content=\"2 minutes\" \/>\n<script type=\"application\/ld+json\" class=\"yoast-schema-graph\">{\"@context\":\"https:\/\/schema.org\",\"@graph\":[{\"@type\":\"Article\",\"@id\":\"https:\/\/lavoixdelanation.tg\/index.php\/2025\/04\/13\/kara-apotheose-de-la-danse-traditionnelle-des-chasseurs-en-presence-de-faure-gnassingbe\/#article\",\"isPartOf\":{\"@id\":\"https:\/\/lavoixdelanation.tg\/index.php\/2025\/04\/13\/kara-apotheose-de-la-danse-traditionnelle-des-chasseurs-en-presence-de-faure-gnassingbe\/\"},\"author\":{\"name\":\"La voix de la nation\",\"@id\":\"https:\/\/lavoixdelanation.tg\/#\/schema\/person\/6c489293aa38053673a9e554acb6e224\"},\"headline\":\"Kara : Apoth\u00e9ose de la danse traditionnelle des chasseurs en pr\u00e9sence de Faure Gnassingb\u00e9\",\"datePublished\":\"2025-04-13T13:19:00+00:00\",\"dateModified\":\"2025-04-13T23:24:34+00:00\",\"mainEntityOfPage\":{\"@id\":\"https:\/\/lavoixdelanation.tg\/index.php\/2025\/04\/13\/kara-apotheose-de-la-danse-traditionnelle-des-chasseurs-en-presence-de-faure-gnassingbe\/\"},\"wordCount\":331,\"commentCount\":0,\"publisher\":{\"@id\":\"https:\/\/lavoixdelanation.tg\/#organization\"},\"image\":{\"@id\":\"https:\/\/lavoixdelanation.tg\/index.php\/2025\/04\/13\/kara-apotheose-de-la-danse-traditionnelle-des-chasseurs-en-presence-de-faure-gnassingbe\/#primaryimage\"},\"thumbnailUrl\":\"https:\/\/lavoixdelanation.tg\/wp-content\/uploads\/2025\/04\/Apotheose-de-la-danse-traditionnelle-des-chasseurs-en-presence-de-Faure-Gnassingbe.jpg\",\"keywords\":[\"Chasse traditionnelle\",\"Faure Gnassingb\u00e9\",\"Journ\u00e9e de chasse Eyad\u00e9ma\",\"Pays kaby\u00e8\",\"Togo\"],\"articleSection\":[\"Culture\",\"Soci\u00e9t\u00e9\"],\"inLanguage\":\"fr-FR\",\"potentialAction\":[{\"@type\":\"CommentAction\",\"name\":\"Comment\",\"target\":[\"https:\/\/lavoixdelanation.tg\/index.php\/2025\/04\/13\/kara-apotheose-de-la-danse-traditionnelle-des-chasseurs-en-presence-de-faure-gnassingbe\/#respond\"]}]},{\"@type\":\"WebPage\",\"@id\":\"https:\/\/lavoixdelanation.tg\/index.php\/2025\/04\/13\/kara-apotheose-de-la-danse-traditionnelle-des-chasseurs-en-presence-de-faure-gnassingbe\/\",\"url\":\"https:\/\/lavoixdelanation.tg\/index.php\/2025\/04\/13\/kara-apotheose-de-la-danse-traditionnelle-des-chasseurs-en-presence-de-faure-gnassingbe\/\",\"name\":\"Kara : Apoth\u00e9ose de la danse traditionnelle des chasseurs en pr\u00e9sence de Faure Gnassingb\u00e9 - La Voix de la Nation\",\"isPartOf\":{\"@id\":\"https:\/\/lavoixdelanation.tg\/#website\"},\"primaryImageOfPage\":{\"@id\":\"https:\/\/lavoixdelanation.tg\/index.php\/2025\/04\/13\/kara-apotheose-de-la-danse-traditionnelle-des-chasseurs-en-presence-de-faure-gnassingbe\/#primaryimage\"},\"image\":{\"@id\":\"https:\/\/lavoixdelanation.tg\/index.php\/2025\/04\/13\/kara-apotheose-de-la-danse-traditionnelle-des-chasseurs-en-presence-de-faure-gnassingbe\/#primaryimage\"},\"thumbnailUrl\":\"https:\/\/lavoixdelanation.tg\/wp-content\/uploads\/2025\/04\/Apotheose-de-la-danse-traditionnelle-des-chasseurs-en-presence-de-Faure-Gnassingbe.jpg\",\"datePublished\":\"2025-04-13T13:19:00+00:00\",\"dateModified\":\"2025-04-13T23:24:34+00:00\",\"breadcrumb\":{\"@id\":\"https:\/\/lavoixdelanation.tg\/index.php\/2025\/04\/13\/kara-apotheose-de-la-danse-traditionnelle-des-chasseurs-en-presence-de-faure-gnassingbe\/#breadcrumb\"},\"inLanguage\":\"fr-FR\",\"potentialAction\":[{\"@type\":\"ReadAction\",\"target\":[\"https:\/\/lavoixdelanation.tg\/index.php\/2025\/04\/13\/kara-apotheose-de-la-danse-traditionnelle-des-chasseurs-en-presence-de-faure-gnassingbe\/\"]}]},{\"@type\":\"ImageObject\",\"inLanguage\":\"fr-FR\",\"@id\":\"https:\/\/lavoixdelanation.tg\/index.php\/2025\/04\/13\/kara-apotheose-de-la-danse-traditionnelle-des-chasseurs-en-presence-de-faure-gnassingbe\/#primaryimage\",\"url\":\"https:\/\/lavoixdelanation.tg\/wp-content\/uploads\/2025\/04\/Apotheose-de-la-danse-traditionnelle-des-chasseurs-en-presence-de-Faure-Gnassingbe.jpg\",\"contentUrl\":\"https:\/\/lavoixdelanation.tg\/wp-content\/uploads\/2025\/04\/Apotheose-de-la-danse-traditionnelle-des-chasseurs-en-presence-de-Faure-Gnassingbe.jpg\",\"width\":1600,\"height\":1173},{\"@type\":\"BreadcrumbList\",\"@id\":\"https:\/\/lavoixdelanation.tg\/index.php\/2025\/04\/13\/kara-apotheose-de-la-danse-traditionnelle-des-chasseurs-en-presence-de-faure-gnassingbe\/#breadcrumb\",\"itemListElement\":[{\"@type\":\"ListItem\",\"position\":1,\"name\":\"Accueil\",\"item\":\"https:\/\/lavoixdelanation.tg\/\"},{\"@type\":\"ListItem\",\"position\":2,\"name\":\"Kara : Apoth\u00e9ose de la danse traditionnelle des chasseurs en pr\u00e9sence de Faure Gnassingb\u00e9\"}]},{\"@type\":\"WebSite\",\"@id\":\"https:\/\/lavoixdelanation.tg\/#website\",\"url\":\"https:\/\/lavoixdelanation.tg\/\",\"name\":\"La Voix de la Nation\",\"description\":\"R\u00e9c\u00e9piss\u00e9 n\u00b00108\/HAAC\/01-2024\/pl\/P\",\"publisher\":{\"@id\":\"https:\/\/lavoixdelanation.tg\/#organization\"},\"alternateName\":\"VON\",\"potentialAction\":[{\"@type\":\"SearchAction\",\"target\":{\"@type\":\"EntryPoint\",\"urlTemplate\":\"https:\/\/lavoixdelanation.tg\/?s={search_term_string}\"},\"query-input\":{\"@type\":\"PropertyValueSpecification\",\"valueRequired\":true,\"valueName\":\"search_term_string\"}}],\"inLanguage\":\"fr-FR\"},{\"@type\":\"Organization\",\"@id\":\"https:\/\/lavoixdelanation.tg\/#organization\",\"name\":\"La Voix de la Nation\",\"url\":\"https:\/\/lavoixdelanation.tg\/\",\"logo\":{\"@type\":\"ImageObject\",\"inLanguage\":\"fr-FR\",\"@id\":\"https:\/\/lavoixdelanation.tg\/#\/schema\/logo\/image\/\",\"url\":\"https:\/\/lavoixdelanation.tg\/wp-content\/uploads\/2024\/12\/lavn-1.png\",\"contentUrl\":\"https:\/\/lavoixdelanation.tg\/wp-content\/uploads\/2024\/12\/lavn-1.png\",\"width\":1024,\"height\":464,\"caption\":\"La Voix de la Nation\"},\"image\":{\"@id\":\"https:\/\/lavoixdelanation.tg\/#\/schema\/logo\/image\/\"},\"sameAs\":[\"https:\/\/www.facebook.com\/lavoixdelanation\"]},{\"@type\":\"Person\",\"@id\":\"https:\/\/lavoixdelanation.tg\/#\/schema\/person\/6c489293aa38053673a9e554acb6e224\",\"name\":\"La voix de la nation\",\"image\":{\"@type\":\"ImageObject\",\"inLanguage\":\"fr-FR\",\"@id\":\"https:\/\/lavoixdelanation.tg\/#\/schema\/person\/image\/\",\"url\":\"https:\/\/secure.gravatar.com\/avatar\/8aa135d4bbc794494cecaa8d483f6d6cc1023624868deaff686baed5e727a5a1?s=96&d=mm&r=g\",\"contentUrl\":\"https:\/\/secure.gravatar.com\/avatar\/8aa135d4bbc794494cecaa8d483f6d6cc1023624868deaff686baed5e727a5a1?s=96&d=mm&r=g\",\"caption\":\"La voix de la nation\"},\"sameAs\":[\"https:\/\/lavoixdelanation.tg\"],\"url\":\"https:\/\/lavoixdelanation.tg\/index.php\/author\/lavn\/\"}]}<\/script>\n<!-- \/ Yoast SEO plugin. -->","yoast_head_json":{"title":"Kara : Apoth\u00e9ose de la danse traditionnelle des chasseurs en pr\u00e9sence de Faure Gnassingb\u00e9 - La Voix de la Nation","robots":{"index":"index","follow":"follow","max-snippet":"max-snippet:-1","max-image-preview":"max-image-preview:large","max-video-preview":"max-video-preview:-1"},"canonical":"https:\/\/lavoixdelanation.tg\/index.php\/2025\/04\/13\/kara-apotheose-de-la-danse-traditionnelle-des-chasseurs-en-presence-de-faure-gnassingbe\/","og_locale":"fr_FR","og_type":"article","og_title":"Kara : Apoth\u00e9ose de la danse traditionnelle des chasseurs en pr\u00e9sence de Faure Gnassingb\u00e9 - La Voix de la Nation","og_description":"Ouverte le 10 mars dernier, la f\u00eate de chasse traditionnelle en pays Kaby\u00e8 a pris fin ce samedi 12 avril 2025 \u00e0 l\u2019esplanade du Palais des Congr\u00e8s de Kara avec&hellip;","og_url":"https:\/\/lavoixdelanation.tg\/index.php\/2025\/04\/13\/kara-apotheose-de-la-danse-traditionnelle-des-chasseurs-en-presence-de-faure-gnassingbe\/","og_site_name":"La Voix de la Nation","article_publisher":"https:\/\/www.facebook.com\/lavoixdelanation","article_published_time":"2025-04-13T13:19:00+00:00","article_modified_time":"2025-04-13T23:24:34+00:00","og_image":[{"width":1600,"height":1173,"url":"https:\/\/lavoixdelanation.tg\/wp-content\/uploads\/2025\/04\/Apotheose-de-la-danse-traditionnelle-des-chasseurs-en-presence-de-Faure-Gnassingbe.jpg","type":"image\/jpeg"}],"author":"La voix de la nation","twitter_card":"summary_large_image","twitter_misc":{"\u00c9crit par":"La voix de la nation","Dur\u00e9e de lecture estim\u00e9e":"2 minutes"},"schema":{"@context":"https:\/\/schema.org","@graph":[{"@type":"Article","@id":"https:\/\/lavoixdelanation.tg\/index.php\/2025\/04\/13\/kara-apotheose-de-la-danse-traditionnelle-des-chasseurs-en-presence-de-faure-gnassingbe\/#article","isPartOf":{"@id":"https:\/\/lavoixdelanation.tg\/index.php\/2025\/04\/13\/kara-apotheose-de-la-danse-traditionnelle-des-chasseurs-en-presence-de-faure-gnassingbe\/"},"author":{"name":"La voix de la nation","@id":"https:\/\/lavoixdelanation.tg\/#\/schema\/person\/6c489293aa38053673a9e554acb6e224"},"headline":"Kara : Apoth\u00e9ose de la danse traditionnelle des chasseurs en pr\u00e9sence de Faure Gnassingb\u00e9","datePublished":"2025-04-13T13:19:00+00:00","dateModified":"2025-04-13T23:24:34+00:00","mainEntityOfPage":{"@id":"https:\/\/lavoixdelanation.tg\/index.php\/2025\/04\/13\/kara-apotheose-de-la-danse-traditionnelle-des-chasseurs-en-presence-de-faure-gnassingbe\/"},"wordCount":331,"commentCount":0,"publisher":{"@id":"https:\/\/lavoixdelanation.tg\/#organization"},"image":{"@id":"https:\/\/lavoixdelanation.tg\/index.php\/2025\/04\/13\/kara-apotheose-de-la-danse-traditionnelle-des-chasseurs-en-presence-de-faure-gnassingbe\/#primaryimage"},"thumbnailUrl":"https:\/\/lavoixdelanation.tg\/wp-content\/uploads\/2025\/04\/Apotheose-de-la-danse-traditionnelle-des-chasseurs-en-presence-de-Faure-Gnassingbe.jpg","keywords":["Chasse traditionnelle","Faure Gnassingb\u00e9","Journ\u00e9e de chasse Eyad\u00e9ma","Pays kaby\u00e8","Togo"],"articleSection":["Culture","Soci\u00e9t\u00e9"],"inLanguage":"fr-FR","potentialAction":[{"@type":"CommentAction","name":"Comment","target":["https:\/\/lavoixdelanation.tg\/index.php\/2025\/04\/13\/kara-apotheose-de-la-danse-traditionnelle-des-chasseurs-en-presence-de-faure-gnassingbe\/#respond"]}]},{"@type":"WebPage","@id":"https:\/\/lavoixdelanation.tg\/index.php\/2025\/04\/13\/kara-apotheose-de-la-danse-traditionnelle-des-chasseurs-en-presence-de-faure-gnassingbe\/","url":"https:\/\/lavoixdelanation.tg\/index.php\/2025\/04\/13\/kara-apotheose-de-la-danse-traditionnelle-des-chasseurs-en-presence-de-faure-gnassingbe\/","name":"Kara : Apoth\u00e9ose de la danse traditionnelle des chasseurs en pr\u00e9sence de Faure Gnassingb\u00e9 - La Voix de la Nation","isPartOf":{"@id":"https:\/\/lavoixdelanation.tg\/#website"},"primaryImageOfPage":{"@id":"https:\/\/lavoixdelanation.tg\/index.php\/2025\/04\/13\/kara-apotheose-de-la-danse-traditionnelle-des-chasseurs-en-presence-de-faure-gnassingbe\/#primaryimage"},"image":{"@id":"https:\/\/lavoixdelanation.tg\/index.php\/2025\/04\/13\/kara-apotheose-de-la-danse-traditionnelle-des-chasseurs-en-presence-de-faure-gnassingbe\/#primaryimage"},"thumbnailUrl":"https:\/\/lavoixdelanation.tg\/wp-content\/uploads\/2025\/04\/Apotheose-de-la-danse-traditionnelle-des-chasseurs-en-presence-de-Faure-Gnassingbe.jpg","datePublished":"2025-04-13T13:19:00+00:00","dateModified":"2025-04-13T23:24:34+00:00","breadcrumb":{"@id":"https:\/\/lavoixdelanation.tg\/index.php\/2025\/04\/13\/kara-apotheose-de-la-danse-traditionnelle-des-chasseurs-en-presence-de-faure-gnassingbe\/#breadcrumb"},"inLanguage":"fr-FR","potentialAction":[{"@type":"ReadAction","target":["https:\/\/lavoixdelanation.tg\/index.php\/2025\/04\/13\/kara-apotheose-de-la-danse-traditionnelle-des-chasseurs-en-presence-de-faure-gnassingbe\/"]}]},{"@type":"ImageObject","inLanguage":"fr-FR","@id":"https:\/\/lavoixdelanation.tg\/index.php\/2025\/04\/13\/kara-apotheose-de-la-danse-traditionnelle-des-chasseurs-en-presence-de-faure-gnassingbe\/#primaryimage","url":"https:\/\/lavoixdelanation.tg\/wp-content\/uploads\/2025\/04\/Apotheose-de-la-danse-traditionnelle-des-chasseurs-en-presence-de-Faure-Gnassingbe.jpg","contentUrl":"https:\/\/lavoixdelanation.tg\/wp-content\/uploads\/2025\/04\/Apotheose-de-la-danse-traditionnelle-des-chasseurs-en-presence-de-Faure-Gnassingbe.jpg","width":1600,"height":1173},{"@type":"BreadcrumbList","@id":"https:\/\/lavoixdelanation.tg\/index.php\/2025\/04\/13\/kara-apotheose-de-la-danse-traditionnelle-des-chasseurs-en-presence-de-faure-gnassingbe\/#breadcrumb","itemListElement":[{"@type":"ListItem","position":1,"name":"Accueil","item":"https:\/\/lavoixdelanation.tg\/"},{"@type":"ListItem","position":2,"name":"Kara : Apoth\u00e9ose de la danse traditionnelle des chasseurs en pr\u00e9sence de Faure Gnassingb\u00e9"}]},{"@type":"WebSite","@id":"https:\/\/lavoixdelanation.tg\/#website","url":"https:\/\/lavoixdelanation.tg\/","name":"La Voix de la Nation","description":"R\u00e9c\u00e9piss\u00e9 n\u00b00108\/HAAC\/01-2024\/pl\/P","publisher":{"@id":"https:\/\/lavoixdelanation.tg\/#organization"},"alternateName":"VON","potentialAction":[{"@type":"SearchAction","target":{"@type":"EntryPoint","urlTemplate":"https:\/\/lavoixdelanation.tg\/?s={search_term_string}"},"query-input":{"@type":"PropertyValueSpecification","valueRequired":true,"valueName":"search_term_string"}}],"inLanguage":"fr-FR"},{"@type":"Organization","@id":"https:\/\/lavoixdelanation.tg\/#organization","name":"La Voix de la Nation","url":"https:\/\/lavoixdelanation.tg\/","logo":{"@type":"ImageObject","inLanguage":"fr-FR","@id":"https:\/\/lavoixdelanation.tg\/#\/schema\/logo\/image\/","url":"https:\/\/lavoixdelanation.tg\/wp-content\/uploads\/2024\/12\/lavn-1.png","contentUrl":"https:\/\/lavoixdelanation.tg\/wp-content\/uploads\/2024\/12\/lavn-1.png","width":1024,"height":464,"caption":"La Voix de la Nation"},"image":{"@id":"https:\/\/lavoixdelanation.tg\/#\/schema\/logo\/image\/"},"sameAs":["https:\/\/www.facebook.com\/lavoixdelanation"]},{"@type":"Person","@id":"https:\/\/lavoixdelanation.tg\/#\/schema\/person\/6c489293aa38053673a9e554acb6e224","name":"La voix de la nation","image":{"@type":"ImageObject","inLanguage":"fr-FR","@id":"https:\/\/lavoixdelanation.tg\/#\/schema\/person\/image\/","url":"https:\/\/secure.gravatar.com\/avatar\/8aa135d4bbc794494cecaa8d483f6d6cc1023624868deaff686baed5e727a5a1?s=96&d=mm&r=g","contentUrl":"https:\/\/secure.gravatar.com\/avatar\/8aa135d4bbc794494cecaa8d483f6d6cc1023624868deaff686baed5e727a5a1?s=96&d=mm&r=g","caption":"La voix de la nation"},"sameAs":["https:\/\/lavoixdelanation.tg"],"url":"https:\/\/lavoixdelanation.tg\/index.php\/author\/lavn\/"}]}},"_links":{"self":[{"href":"https:\/\/lavoixdelanation.tg\/index.php\/wp-json\/wp\/v2\/posts\/2635","targetHints":{"allow":["GET"]}}],"collection":[{"href":"https:\/\/lavoixdelanation.tg\/index.php\/wp-json\/wp\/v2\/posts"}],"about":[{"href":"https:\/\/lavoixdelanation.tg\/index.php\/wp-json\/wp\/v2\/types\/post"}],"author":[{"embeddable":true,"href":"https:\/\/lavoixdelanation.tg\/index.php\/wp-json\/wp\/v2\/users\/1"}],"replies":[{"embeddable":true,"href":"https:\/\/lavoixdelanation.tg\/index.php\/wp-json\/wp\/v2\/comments?post=2635"}],"version-history":[{"count":1,"href":"https:\/\/lavoixdelanation.tg\/index.php\/wp-json\/wp\/v2\/posts\/2635\/revisions"}],"predecessor-version":[{"id":2638,"href":"https:\/\/lavoixdelanation.tg\/index.php\/wp-json\/wp\/v2\/posts\/2635\/revisions\/2638"}],"wp:featuredmedia":[{"embeddable":true,"href":"https:\/\/lavoixdelanation.tg\/index.php\/wp-json\/wp\/v2\/media\/2636"}],"wp:attachment":[{"href":"https:\/\/lavoixdelanation.tg\/index.php\/wp-json\/wp\/v2\/media?parent=2635"}],"wp:term":[{"taxonomy":"category","embeddable":true,"href":"https:\/\/lavoixdelanation.tg\/index.php\/wp-json\/wp\/v2\/categories?post=2635"},{"taxonomy":"post_tag","embeddable":true,"href":"https:\/\/lavoixdelanation.tg\/index.php\/wp-json\/wp\/v2\/tags?post=2635"}],"curies":[{"name":"wp","href":"https:\/\/api.w.org\/{rel}","templated":true}]}}