{"id":2607,"date":"2025-04-09T12:28:12","date_gmt":"2025-04-09T10:28:12","guid":{"rendered":"https:\/\/lavoixdelanation.tg\/?p=2607"},"modified":"2025-04-10T12:35:54","modified_gmt":"2025-04-10T10:35:54","slug":"atakpame-des-osc-briefees-sur-la-mise-en-oeuvre-des-subventions-gavi","status":"publish","type":"post","link":"https:\/\/lavoixdelanation.tg\/index.php\/2025\/04\/09\/atakpame-des-osc-briefees-sur-la-mise-en-oeuvre-des-subventions-gavi\/","title":{"rendered":"Atakpam\u00e9\u00a0: Des OSC brief\u00e9es sur la mise en \u0153uvre des subventions GAVI"},"content":{"rendered":"\n<p><strong>Un s\u00e9minaire d\u2019information et d\u2019\u00e9change a r\u00e9uni du 03 au 4 avril 2025 \u00e0 Atakpam\u00e9, la Plateforme des Organisations de la Soci\u00e9t\u00e9 Civile pour le Soutien \u00e0 la Vaccination et \u00e0 l\u2019immunisation au Togo (POSCVI-Togo) et les OSC membres.<\/strong><\/p>\n\n\n\n<p>Portant sur l\u2019activit\u00e9 \u00ab&nbsp;\u00e9laborer le cahier de charges des OSC impliqu\u00e9es dans la mise en \u0153uvre de la subvention FPP y compris leur orientation&nbsp;\u00bb, cette rencontre a \u00e9t\u00e9 organis\u00e9e par le minist\u00e8re de la sant\u00e9 et de l\u2019hygi\u00e8ne publique \u00e0 travers sa cellule de coordination des interventions de renforcement du syst\u00e8me de sant\u00e9, en collaboration avec POSCVI-Togo.<\/p>\n\n\n\n<p>Elle vise \u00e0 amener les OSC intervenants dans la mise en \u0153uvre des subventions GAVI \u00e0 ma\u00eetriser leur cahier de charges et \u00e0 disposer des notions sur le m\u00e9canisme de gestion desdits fonds et ses implications.<\/p>\n\n\n\n<p>Le s\u00e9minaire r\u00e9ponde \u00e0 la n\u00e9cessit\u00e9 de d\u00e9finir un nouveau cadre de collaboration entre OSC \u00e0 travers POSCVI-Togo et le minist\u00e8re en charge de la sant\u00e9 dans une approche bas\u00e9e sur la nature et la qualit\u00e9 de l\u2019appui pour acc\u00e9l\u00e9rer la transformation du r\u00f4le des OSC afin qu\u2019elles contribuent \u00e0 am\u00e9liorer l\u2019acc\u00e8s des populations aux services de vaccination.<\/p>\n\n\n\n<p>Ils sont 20 OSC retenues sur toute l\u2019\u00e9tendue du territoire national \u00e0 b\u00e9n\u00e9ficier de cet atelier qui s\u2019est d\u00e9roul\u00e9 autour des modules suivants&nbsp;: g\u00e9n\u00e9ralit\u00e9s sur le nouveau m\u00e9canisme de gestion des fonds GAVI au Togo, responsabilit\u00e9s des acteurs dans le nouveau m\u00e9canisme par entit\u00e9, proc\u00e9dures de gestion des subventions de GAVI, r\u00f4les des OSC et leur engagement (missions et t\u00e2ches).<\/p>\n\n\n\n<figure class=\"wp-block-image size-full is-resized\"><img loading=\"lazy\" decoding=\"async\" width=\"700\" height=\"384\" src=\"https:\/\/lavoixdelanation.tg\/wp-content\/uploads\/2025\/04\/Des-OSC-briefees-sur-les-subventions-GAVI-a-Atakpame.jpg\" alt=\"\" class=\"wp-image-2609\" style=\"width:840px;height:auto\" srcset=\"https:\/\/lavoixdelanation.tg\/wp-content\/uploads\/2025\/04\/Des-OSC-briefees-sur-les-subventions-GAVI-a-Atakpame.jpg 700w, https:\/\/lavoixdelanation.tg\/wp-content\/uploads\/2025\/04\/Des-OSC-briefees-sur-les-subventions-GAVI-a-Atakpame-300x165.jpg 300w\" sizes=\"auto, (max-width: 700px) 100vw, 700px\" \/><\/figure>\n\n\n\n<p>Ils ont \u00e0 la fin des deux jours de travaux, organis\u00e9 des travaux de groupes sur leurs cahiers de charges et ceux des \u00ab&nbsp;papas champions&nbsp;\u00bb.<\/p>\n\n\n\n<p>Ces entretiens vont permettre aux participants de renforcer leurs participations aux activit\u00e9s de coordination du Programme \u00c9largi de Vaccination (PEV) notamment la mobilisation sociale, l\u2019appui aux \u00ab&nbsp;papas champions&nbsp;\u00bb dans les activit\u00e9s de sensibilisation de proximit\u00e9 et ceci \u00e0 travers le suivi.<\/p>\n\n\n\n<p>Les participants comptent mettre en \u0153uvre, suivre et rapporter p\u00e9riodiquement les t\u00e2ches qui leurs sont confi\u00e9es par la plateforme POSCVI-Togo \u00e0 travers le secr\u00e9tariat technique sur les subventions allou\u00e9es par GAVI.<\/p>\n\n\n\n<p>Ils s\u2019engagent \u00e0 disposer d\u2019un personnel comp\u00e9tent pour la r\u00e9alisation desdites activit\u00e9s et \u00e0 observer les suggestions et recommandations faites par POSCVI-Togo et le minist\u00e8re de la sant\u00e9.<\/p>\n\n\n\n<p>Dans son discours d\u2019ouverture des travaux, le chef division de l\u2019immunisation au minist\u00e8re de la sant\u00e9 M. Boko Amevegb\u00e9 Kodjo a indiqu\u00e9 que ces \u00e9changes permettent \u00e0 tous de comprendre les r\u00f4les et responsabilit\u00e9s des OSC, la ma\u00eetrise de leurs cahiers de charges et celle des points focaux pour faciliter la r\u00e9ussite dans la mise en \u0153uvre des activit\u00e9s communautaires.<\/p>\n\n\n\n<p>Les organisateurs ont pour finir, r\u00e9it\u00e9r\u00e9 leurs remerciements et reconnaissances aux diff\u00e9rents OSC vis-\u00e0-vis de leurs activit\u00e9s qu\u2019elles m\u00e8nent dans chaque communaut\u00e9 dans le but de faciliter l\u2019am\u00e9lioration de la couverture vaccinale au Togo.<\/p>\n\n\n\n<p>Il faut souligner que les travaux ont connu la participation du pr\u00e9sident du PCA POSCVI-Togo M. Datagni Nadzomb\u00e9, du coordonnateur cellule RSS au minist\u00e8re de la sant\u00e9 M. Zigan Mawunyo, et de la sage-femme, cheffe section communication \u00e0 la sant\u00e9 publique de la division de l\u2019immunisation Mme Tena Kamanana.<\/p>\n\n\n\n<p><strong>Depuis Atakpam\u00e9, Evrard Nomanyo<\/strong><\/p>\n","protected":false},"excerpt":{"rendered":"<p>Un s\u00e9minaire d\u2019information et d\u2019\u00e9change a r\u00e9uni du 03 au 4 avril 2025 \u00e0 Atakpam\u00e9, la Plateforme des Organisations de la Soci\u00e9t\u00e9 Civile pour le Soutien \u00e0 la Vaccination et&hellip; <\/p>\n","protected":false},"author":1,"featured_media":2608,"comment_status":"open","ping_status":"open","sticky":false,"template":"","format":"standard","meta":{"footnotes":""},"categories":[7],"tags":[140,574,572,571,39,573],"class_list":["post-2607","post","type-post","status-publish","format-standard","has-post-thumbnail","hentry","category-sante","tag-atakpame","tag-poscvi-togo","tag-societe-civile","tag-subventions-gavi","tag-togo","tag-vaccination"],"yoast_head":"<!-- This site is optimized with the Yoast SEO plugin v26.4 - https:\/\/yoast.com\/wordpress\/plugins\/seo\/ -->\n<title>Atakpam\u00e9\u00a0: Des OSC brief\u00e9es sur la mise en \u0153uvre des subventions GAVI - La Voix de la Nation<\/title>\n<meta name=\"robots\" content=\"index, follow, max-snippet:-1, max-image-preview:large, max-video-preview:-1\" \/>\n<link rel=\"canonical\" href=\"https:\/\/lavoixdelanation.tg\/index.php\/2025\/04\/09\/atakpame-des-osc-briefees-sur-la-mise-en-oeuvre-des-subventions-gavi\/\" \/>\n<meta property=\"og:locale\" content=\"fr_FR\" \/>\n<meta property=\"og:type\" content=\"article\" \/>\n<meta property=\"og:title\" content=\"Atakpam\u00e9\u00a0: Des OSC brief\u00e9es sur la mise en \u0153uvre des subventions GAVI - La Voix de la Nation\" \/>\n<meta property=\"og:description\" content=\"Un s\u00e9minaire d\u2019information et d\u2019\u00e9change a r\u00e9uni du 03 au 4 avril 2025 \u00e0 Atakpam\u00e9, la Plateforme des Organisations de la Soci\u00e9t\u00e9 Civile pour le Soutien \u00e0 la Vaccination et&hellip;\" \/>\n<meta property=\"og:url\" content=\"https:\/\/lavoixdelanation.tg\/index.php\/2025\/04\/09\/atakpame-des-osc-briefees-sur-la-mise-en-oeuvre-des-subventions-gavi\/\" \/>\n<meta property=\"og:site_name\" content=\"La Voix de la Nation\" \/>\n<meta property=\"article:publisher\" content=\"https:\/\/www.facebook.com\/lavoixdelanation\" \/>\n<meta property=\"article:published_time\" content=\"2025-04-09T10:28:12+00:00\" \/>\n<meta property=\"article:modified_time\" content=\"2025-04-10T10:35:54+00:00\" \/>\n<meta property=\"og:image\" content=\"https:\/\/lavoixdelanation.tg\/wp-content\/uploads\/2025\/04\/Des-OSC-briefees-sur-la-mise-en-oeuvre-des-subventions-GAVI-a-Atakpame.jpg\" \/>\n\t<meta property=\"og:image:width\" content=\"650\" \/>\n\t<meta property=\"og:image:height\" content=\"422\" \/>\n\t<meta property=\"og:image:type\" content=\"image\/jpeg\" \/>\n<meta name=\"author\" content=\"La voix de la nation\" \/>\n<meta name=\"twitter:card\" content=\"summary_large_image\" \/>\n<meta name=\"twitter:label1\" content=\"\u00c9crit par\" \/>\n\t<meta name=\"twitter:data1\" content=\"La voix de la nation\" \/>\n\t<meta name=\"twitter:label2\" content=\"Dur\u00e9e de lecture estim\u00e9e\" \/>\n\t<meta name=\"twitter:data2\" content=\"4 minutes\" \/>\n<script type=\"application\/ld+json\" class=\"yoast-schema-graph\">{\"@context\":\"https:\/\/schema.org\",\"@graph\":[{\"@type\":\"Article\",\"@id\":\"https:\/\/lavoixdelanation.tg\/index.php\/2025\/04\/09\/atakpame-des-osc-briefees-sur-la-mise-en-oeuvre-des-subventions-gavi\/#article\",\"isPartOf\":{\"@id\":\"https:\/\/lavoixdelanation.tg\/index.php\/2025\/04\/09\/atakpame-des-osc-briefees-sur-la-mise-en-oeuvre-des-subventions-gavi\/\"},\"author\":{\"name\":\"La voix de la nation\",\"@id\":\"https:\/\/lavoixdelanation.tg\/#\/schema\/person\/6c489293aa38053673a9e554acb6e224\"},\"headline\":\"Atakpam\u00e9\u00a0: Des OSC brief\u00e9es sur la mise en \u0153uvre des subventions GAVI\",\"datePublished\":\"2025-04-09T10:28:12+00:00\",\"dateModified\":\"2025-04-10T10:35:54+00:00\",\"mainEntityOfPage\":{\"@id\":\"https:\/\/lavoixdelanation.tg\/index.php\/2025\/04\/09\/atakpame-des-osc-briefees-sur-la-mise-en-oeuvre-des-subventions-gavi\/\"},\"wordCount\":597,\"commentCount\":0,\"publisher\":{\"@id\":\"https:\/\/lavoixdelanation.tg\/#organization\"},\"image\":{\"@id\":\"https:\/\/lavoixdelanation.tg\/index.php\/2025\/04\/09\/atakpame-des-osc-briefees-sur-la-mise-en-oeuvre-des-subventions-gavi\/#primaryimage\"},\"thumbnailUrl\":\"https:\/\/lavoixdelanation.tg\/wp-content\/uploads\/2025\/04\/Des-OSC-briefees-sur-la-mise-en-oeuvre-des-subventions-GAVI-a-Atakpame.jpg\",\"keywords\":[\"Atakpam\u00e9\",\"POSCVI-Togo\",\"Soci\u00e9t\u00e9 Civile\",\"subventions GAVI\",\"Togo\",\"Vaccination\"],\"articleSection\":[\"Sant\u00e9\"],\"inLanguage\":\"fr-FR\",\"potentialAction\":[{\"@type\":\"CommentAction\",\"name\":\"Comment\",\"target\":[\"https:\/\/lavoixdelanation.tg\/index.php\/2025\/04\/09\/atakpame-des-osc-briefees-sur-la-mise-en-oeuvre-des-subventions-gavi\/#respond\"]}]},{\"@type\":\"WebPage\",\"@id\":\"https:\/\/lavoixdelanation.tg\/index.php\/2025\/04\/09\/atakpame-des-osc-briefees-sur-la-mise-en-oeuvre-des-subventions-gavi\/\",\"url\":\"https:\/\/lavoixdelanation.tg\/index.php\/2025\/04\/09\/atakpame-des-osc-briefees-sur-la-mise-en-oeuvre-des-subventions-gavi\/\",\"name\":\"Atakpam\u00e9\u00a0: Des OSC brief\u00e9es sur la mise en \u0153uvre des subventions GAVI - La Voix de la Nation\",\"isPartOf\":{\"@id\":\"https:\/\/lavoixdelanation.tg\/#website\"},\"primaryImageOfPage\":{\"@id\":\"https:\/\/lavoixdelanation.tg\/index.php\/2025\/04\/09\/atakpame-des-osc-briefees-sur-la-mise-en-oeuvre-des-subventions-gavi\/#primaryimage\"},\"image\":{\"@id\":\"https:\/\/lavoixdelanation.tg\/index.php\/2025\/04\/09\/atakpame-des-osc-briefees-sur-la-mise-en-oeuvre-des-subventions-gavi\/#primaryimage\"},\"thumbnailUrl\":\"https:\/\/lavoixdelanation.tg\/wp-content\/uploads\/2025\/04\/Des-OSC-briefees-sur-la-mise-en-oeuvre-des-subventions-GAVI-a-Atakpame.jpg\",\"datePublished\":\"2025-04-09T10:28:12+00:00\",\"dateModified\":\"2025-04-10T10:35:54+00:00\",\"breadcrumb\":{\"@id\":\"https:\/\/lavoixdelanation.tg\/index.php\/2025\/04\/09\/atakpame-des-osc-briefees-sur-la-mise-en-oeuvre-des-subventions-gavi\/#breadcrumb\"},\"inLanguage\":\"fr-FR\",\"potentialAction\":[{\"@type\":\"ReadAction\",\"target\":[\"https:\/\/lavoixdelanation.tg\/index.php\/2025\/04\/09\/atakpame-des-osc-briefees-sur-la-mise-en-oeuvre-des-subventions-gavi\/\"]}]},{\"@type\":\"ImageObject\",\"inLanguage\":\"fr-FR\",\"@id\":\"https:\/\/lavoixdelanation.tg\/index.php\/2025\/04\/09\/atakpame-des-osc-briefees-sur-la-mise-en-oeuvre-des-subventions-gavi\/#primaryimage\",\"url\":\"https:\/\/lavoixdelanation.tg\/wp-content\/uploads\/2025\/04\/Des-OSC-briefees-sur-la-mise-en-oeuvre-des-subventions-GAVI-a-Atakpame.jpg\",\"contentUrl\":\"https:\/\/lavoixdelanation.tg\/wp-content\/uploads\/2025\/04\/Des-OSC-briefees-sur-la-mise-en-oeuvre-des-subventions-GAVI-a-Atakpame.jpg\",\"width\":650,\"height\":422},{\"@type\":\"BreadcrumbList\",\"@id\":\"https:\/\/lavoixdelanation.tg\/index.php\/2025\/04\/09\/atakpame-des-osc-briefees-sur-la-mise-en-oeuvre-des-subventions-gavi\/#breadcrumb\",\"itemListElement\":[{\"@type\":\"ListItem\",\"position\":1,\"name\":\"Accueil\",\"item\":\"https:\/\/lavoixdelanation.tg\/\"},{\"@type\":\"ListItem\",\"position\":2,\"name\":\"Atakpam\u00e9\u00a0: Des OSC brief\u00e9es sur la mise en \u0153uvre des subventions GAVI\"}]},{\"@type\":\"WebSite\",\"@id\":\"https:\/\/lavoixdelanation.tg\/#website\",\"url\":\"https:\/\/lavoixdelanation.tg\/\",\"name\":\"La Voix de la Nation\",\"description\":\"R\u00e9c\u00e9piss\u00e9 n\u00b00108\/HAAC\/01-2024\/pl\/P\",\"publisher\":{\"@id\":\"https:\/\/lavoixdelanation.tg\/#organization\"},\"alternateName\":\"VON\",\"potentialAction\":[{\"@type\":\"SearchAction\",\"target\":{\"@type\":\"EntryPoint\",\"urlTemplate\":\"https:\/\/lavoixdelanation.tg\/?s={search_term_string}\"},\"query-input\":{\"@type\":\"PropertyValueSpecification\",\"valueRequired\":true,\"valueName\":\"search_term_string\"}}],\"inLanguage\":\"fr-FR\"},{\"@type\":\"Organization\",\"@id\":\"https:\/\/lavoixdelanation.tg\/#organization\",\"name\":\"La Voix de la Nation\",\"url\":\"https:\/\/lavoixdelanation.tg\/\",\"logo\":{\"@type\":\"ImageObject\",\"inLanguage\":\"fr-FR\",\"@id\":\"https:\/\/lavoixdelanation.tg\/#\/schema\/logo\/image\/\",\"url\":\"https:\/\/lavoixdelanation.tg\/wp-content\/uploads\/2024\/12\/lavn-1.png\",\"contentUrl\":\"https:\/\/lavoixdelanation.tg\/wp-content\/uploads\/2024\/12\/lavn-1.png\",\"width\":1024,\"height\":464,\"caption\":\"La Voix de la Nation\"},\"image\":{\"@id\":\"https:\/\/lavoixdelanation.tg\/#\/schema\/logo\/image\/\"},\"sameAs\":[\"https:\/\/www.facebook.com\/lavoixdelanation\"]},{\"@type\":\"Person\",\"@id\":\"https:\/\/lavoixdelanation.tg\/#\/schema\/person\/6c489293aa38053673a9e554acb6e224\",\"name\":\"La voix de la nation\",\"image\":{\"@type\":\"ImageObject\",\"inLanguage\":\"fr-FR\",\"@id\":\"https:\/\/lavoixdelanation.tg\/#\/schema\/person\/image\/\",\"url\":\"https:\/\/secure.gravatar.com\/avatar\/8aa135d4bbc794494cecaa8d483f6d6cc1023624868deaff686baed5e727a5a1?s=96&d=mm&r=g\",\"contentUrl\":\"https:\/\/secure.gravatar.com\/avatar\/8aa135d4bbc794494cecaa8d483f6d6cc1023624868deaff686baed5e727a5a1?s=96&d=mm&r=g\",\"caption\":\"La voix de la nation\"},\"sameAs\":[\"https:\/\/lavoixdelanation.tg\"],\"url\":\"https:\/\/lavoixdelanation.tg\/index.php\/author\/lavn\/\"}]}<\/script>\n<!-- \/ Yoast SEO plugin. -->","yoast_head_json":{"title":"Atakpam\u00e9\u00a0: Des OSC brief\u00e9es sur la mise en \u0153uvre des subventions GAVI - La Voix de la Nation","robots":{"index":"index","follow":"follow","max-snippet":"max-snippet:-1","max-image-preview":"max-image-preview:large","max-video-preview":"max-video-preview:-1"},"canonical":"https:\/\/lavoixdelanation.tg\/index.php\/2025\/04\/09\/atakpame-des-osc-briefees-sur-la-mise-en-oeuvre-des-subventions-gavi\/","og_locale":"fr_FR","og_type":"article","og_title":"Atakpam\u00e9\u00a0: Des OSC brief\u00e9es sur la mise en \u0153uvre des subventions GAVI - La Voix de la Nation","og_description":"Un s\u00e9minaire d\u2019information et d\u2019\u00e9change a r\u00e9uni du 03 au 4 avril 2025 \u00e0 Atakpam\u00e9, la Plateforme des Organisations de la Soci\u00e9t\u00e9 Civile pour le Soutien \u00e0 la Vaccination et&hellip;","og_url":"https:\/\/lavoixdelanation.tg\/index.php\/2025\/04\/09\/atakpame-des-osc-briefees-sur-la-mise-en-oeuvre-des-subventions-gavi\/","og_site_name":"La Voix de la Nation","article_publisher":"https:\/\/www.facebook.com\/lavoixdelanation","article_published_time":"2025-04-09T10:28:12+00:00","article_modified_time":"2025-04-10T10:35:54+00:00","og_image":[{"width":650,"height":422,"url":"https:\/\/lavoixdelanation.tg\/wp-content\/uploads\/2025\/04\/Des-OSC-briefees-sur-la-mise-en-oeuvre-des-subventions-GAVI-a-Atakpame.jpg","type":"image\/jpeg"}],"author":"La voix de la nation","twitter_card":"summary_large_image","twitter_misc":{"\u00c9crit par":"La voix de la nation","Dur\u00e9e de lecture estim\u00e9e":"4 minutes"},"schema":{"@context":"https:\/\/schema.org","@graph":[{"@type":"Article","@id":"https:\/\/lavoixdelanation.tg\/index.php\/2025\/04\/09\/atakpame-des-osc-briefees-sur-la-mise-en-oeuvre-des-subventions-gavi\/#article","isPartOf":{"@id":"https:\/\/lavoixdelanation.tg\/index.php\/2025\/04\/09\/atakpame-des-osc-briefees-sur-la-mise-en-oeuvre-des-subventions-gavi\/"},"author":{"name":"La voix de la nation","@id":"https:\/\/lavoixdelanation.tg\/#\/schema\/person\/6c489293aa38053673a9e554acb6e224"},"headline":"Atakpam\u00e9\u00a0: Des OSC brief\u00e9es sur la mise en \u0153uvre des subventions GAVI","datePublished":"2025-04-09T10:28:12+00:00","dateModified":"2025-04-10T10:35:54+00:00","mainEntityOfPage":{"@id":"https:\/\/lavoixdelanation.tg\/index.php\/2025\/04\/09\/atakpame-des-osc-briefees-sur-la-mise-en-oeuvre-des-subventions-gavi\/"},"wordCount":597,"commentCount":0,"publisher":{"@id":"https:\/\/lavoixdelanation.tg\/#organization"},"image":{"@id":"https:\/\/lavoixdelanation.tg\/index.php\/2025\/04\/09\/atakpame-des-osc-briefees-sur-la-mise-en-oeuvre-des-subventions-gavi\/#primaryimage"},"thumbnailUrl":"https:\/\/lavoixdelanation.tg\/wp-content\/uploads\/2025\/04\/Des-OSC-briefees-sur-la-mise-en-oeuvre-des-subventions-GAVI-a-Atakpame.jpg","keywords":["Atakpam\u00e9","POSCVI-Togo","Soci\u00e9t\u00e9 Civile","subventions GAVI","Togo","Vaccination"],"articleSection":["Sant\u00e9"],"inLanguage":"fr-FR","potentialAction":[{"@type":"CommentAction","name":"Comment","target":["https:\/\/lavoixdelanation.tg\/index.php\/2025\/04\/09\/atakpame-des-osc-briefees-sur-la-mise-en-oeuvre-des-subventions-gavi\/#respond"]}]},{"@type":"WebPage","@id":"https:\/\/lavoixdelanation.tg\/index.php\/2025\/04\/09\/atakpame-des-osc-briefees-sur-la-mise-en-oeuvre-des-subventions-gavi\/","url":"https:\/\/lavoixdelanation.tg\/index.php\/2025\/04\/09\/atakpame-des-osc-briefees-sur-la-mise-en-oeuvre-des-subventions-gavi\/","name":"Atakpam\u00e9\u00a0: Des OSC brief\u00e9es sur la mise en \u0153uvre des subventions GAVI - La Voix de la Nation","isPartOf":{"@id":"https:\/\/lavoixdelanation.tg\/#website"},"primaryImageOfPage":{"@id":"https:\/\/lavoixdelanation.tg\/index.php\/2025\/04\/09\/atakpame-des-osc-briefees-sur-la-mise-en-oeuvre-des-subventions-gavi\/#primaryimage"},"image":{"@id":"https:\/\/lavoixdelanation.tg\/index.php\/2025\/04\/09\/atakpame-des-osc-briefees-sur-la-mise-en-oeuvre-des-subventions-gavi\/#primaryimage"},"thumbnailUrl":"https:\/\/lavoixdelanation.tg\/wp-content\/uploads\/2025\/04\/Des-OSC-briefees-sur-la-mise-en-oeuvre-des-subventions-GAVI-a-Atakpame.jpg","datePublished":"2025-04-09T10:28:12+00:00","dateModified":"2025-04-10T10:35:54+00:00","breadcrumb":{"@id":"https:\/\/lavoixdelanation.tg\/index.php\/2025\/04\/09\/atakpame-des-osc-briefees-sur-la-mise-en-oeuvre-des-subventions-gavi\/#breadcrumb"},"inLanguage":"fr-FR","potentialAction":[{"@type":"ReadAction","target":["https:\/\/lavoixdelanation.tg\/index.php\/2025\/04\/09\/atakpame-des-osc-briefees-sur-la-mise-en-oeuvre-des-subventions-gavi\/"]}]},{"@type":"ImageObject","inLanguage":"fr-FR","@id":"https:\/\/lavoixdelanation.tg\/index.php\/2025\/04\/09\/atakpame-des-osc-briefees-sur-la-mise-en-oeuvre-des-subventions-gavi\/#primaryimage","url":"https:\/\/lavoixdelanation.tg\/wp-content\/uploads\/2025\/04\/Des-OSC-briefees-sur-la-mise-en-oeuvre-des-subventions-GAVI-a-Atakpame.jpg","contentUrl":"https:\/\/lavoixdelanation.tg\/wp-content\/uploads\/2025\/04\/Des-OSC-briefees-sur-la-mise-en-oeuvre-des-subventions-GAVI-a-Atakpame.jpg","width":650,"height":422},{"@type":"BreadcrumbList","@id":"https:\/\/lavoixdelanation.tg\/index.php\/2025\/04\/09\/atakpame-des-osc-briefees-sur-la-mise-en-oeuvre-des-subventions-gavi\/#breadcrumb","itemListElement":[{"@type":"ListItem","position":1,"name":"Accueil","item":"https:\/\/lavoixdelanation.tg\/"},{"@type":"ListItem","position":2,"name":"Atakpam\u00e9\u00a0: Des OSC brief\u00e9es sur la mise en \u0153uvre des subventions GAVI"}]},{"@type":"WebSite","@id":"https:\/\/lavoixdelanation.tg\/#website","url":"https:\/\/lavoixdelanation.tg\/","name":"La Voix de la Nation","description":"R\u00e9c\u00e9piss\u00e9 n\u00b00108\/HAAC\/01-2024\/pl\/P","publisher":{"@id":"https:\/\/lavoixdelanation.tg\/#organization"},"alternateName":"VON","potentialAction":[{"@type":"SearchAction","target":{"@type":"EntryPoint","urlTemplate":"https:\/\/lavoixdelanation.tg\/?s={search_term_string}"},"query-input":{"@type":"PropertyValueSpecification","valueRequired":true,"valueName":"search_term_string"}}],"inLanguage":"fr-FR"},{"@type":"Organization","@id":"https:\/\/lavoixdelanation.tg\/#organization","name":"La Voix de la Nation","url":"https:\/\/lavoixdelanation.tg\/","logo":{"@type":"ImageObject","inLanguage":"fr-FR","@id":"https:\/\/lavoixdelanation.tg\/#\/schema\/logo\/image\/","url":"https:\/\/lavoixdelanation.tg\/wp-content\/uploads\/2024\/12\/lavn-1.png","contentUrl":"https:\/\/lavoixdelanation.tg\/wp-content\/uploads\/2024\/12\/lavn-1.png","width":1024,"height":464,"caption":"La Voix de la Nation"},"image":{"@id":"https:\/\/lavoixdelanation.tg\/#\/schema\/logo\/image\/"},"sameAs":["https:\/\/www.facebook.com\/lavoixdelanation"]},{"@type":"Person","@id":"https:\/\/lavoixdelanation.tg\/#\/schema\/person\/6c489293aa38053673a9e554acb6e224","name":"La voix de la nation","image":{"@type":"ImageObject","inLanguage":"fr-FR","@id":"https:\/\/lavoixdelanation.tg\/#\/schema\/person\/image\/","url":"https:\/\/secure.gravatar.com\/avatar\/8aa135d4bbc794494cecaa8d483f6d6cc1023624868deaff686baed5e727a5a1?s=96&d=mm&r=g","contentUrl":"https:\/\/secure.gravatar.com\/avatar\/8aa135d4bbc794494cecaa8d483f6d6cc1023624868deaff686baed5e727a5a1?s=96&d=mm&r=g","caption":"La voix de la nation"},"sameAs":["https:\/\/lavoixdelanation.tg"],"url":"https:\/\/lavoixdelanation.tg\/index.php\/author\/lavn\/"}]}},"_links":{"self":[{"href":"https:\/\/lavoixdelanation.tg\/index.php\/wp-json\/wp\/v2\/posts\/2607","targetHints":{"allow":["GET"]}}],"collection":[{"href":"https:\/\/lavoixdelanation.tg\/index.php\/wp-json\/wp\/v2\/posts"}],"about":[{"href":"https:\/\/lavoixdelanation.tg\/index.php\/wp-json\/wp\/v2\/types\/post"}],"author":[{"embeddable":true,"href":"https:\/\/lavoixdelanation.tg\/index.php\/wp-json\/wp\/v2\/users\/1"}],"replies":[{"embeddable":true,"href":"https:\/\/lavoixdelanation.tg\/index.php\/wp-json\/wp\/v2\/comments?post=2607"}],"version-history":[{"count":1,"href":"https:\/\/lavoixdelanation.tg\/index.php\/wp-json\/wp\/v2\/posts\/2607\/revisions"}],"predecessor-version":[{"id":2610,"href":"https:\/\/lavoixdelanation.tg\/index.php\/wp-json\/wp\/v2\/posts\/2607\/revisions\/2610"}],"wp:featuredmedia":[{"embeddable":true,"href":"https:\/\/lavoixdelanation.tg\/index.php\/wp-json\/wp\/v2\/media\/2608"}],"wp:attachment":[{"href":"https:\/\/lavoixdelanation.tg\/index.php\/wp-json\/wp\/v2\/media?parent=2607"}],"wp:term":[{"taxonomy":"category","embeddable":true,"href":"https:\/\/lavoixdelanation.tg\/index.php\/wp-json\/wp\/v2\/categories?post=2607"},{"taxonomy":"post_tag","embeddable":true,"href":"https:\/\/lavoixdelanation.tg\/index.php\/wp-json\/wp\/v2\/tags?post=2607"}],"curies":[{"name":"wp","href":"https:\/\/api.w.org\/{rel}","templated":true}]}}