{"id":2566,"date":"2025-04-04T08:35:00","date_gmt":"2025-04-04T06:35:00","guid":{"rendered":"https:\/\/lavoixdelanation.tg\/?p=2566"},"modified":"2025-04-04T11:45:19","modified_gmt":"2025-04-04T09:45:19","slug":"senat-ouverture-de-la-premiere-session-ordinaire-de-lannee-2025","status":"publish","type":"post","link":"https:\/\/lavoixdelanation.tg\/index.php\/2025\/04\/04\/senat-ouverture-de-la-premiere-session-ordinaire-de-lannee-2025\/","title":{"rendered":"S\u00e9nat\u00a0: Ouverture de la premi\u00e8re session ordinaire de l\u2019ann\u00e9e 2025"},"content":{"rendered":"\n<p><strong>La premi\u00e8re session ordinaire de l\u2019ann\u00e9e 2025 du S\u00e9nat s\u2019est ouverte ce jeudi 03 avril 2025 conform\u00e9ment aux dispositions de l\u2019article 12, alin\u00e9a 2 de la Constitution de la V\u00e8me R\u00e9publique.<\/strong><\/p>\n\n\n\n<p>C\u2019est le pr\u00e9sident de l\u2019institution, Barry Moussa Barqu\u00e9 qui a dirig\u00e9 cette session en pr\u00e9sence du Premier ministre Victoire Tom\u00e9gah-Dogb\u00e9, du pr\u00e9sident de l\u2019Assembl\u00e9e nationale, Kodzo S\u00e9von-T\u00e9p\u00e9 Ad\u00e9dz\u00e9.<\/p>\n\n\n\n<p>Le pr\u00e9sident du S\u00e9nat, Barry Moussa Barqu\u00e9 a dans son discours d\u2019ouverture, rendu un hommage au pr\u00e9sident de la R\u00e9publique Faure Gnassingb\u00e9, avant d\u2019exposer les mesures organisationnelles \u00e0 mettre en place pour assurer le bon fonctionnement de l\u2019institution.<\/p>\n\n\n\n<p>&nbsp;\u00ab&nbsp;Le S\u00e9nat se doit de pr\u00e9server les valeurs r\u00e9publicaines. Pour atteindre cet objectif, il est essentiel de b\u00e2tir une administration efficace et adapt\u00e9e aux exigences modernes, d\u2019allier rigueur et innovation<em>&nbsp;\u00bb<\/em>, a-t-il fait savoir.<\/p>\n\n\n\n<p><strong>Lire aussi\u00a0: <a href=\"https:\/\/lavoixdelanation.tg\/index.php\/2025\/04\/03\/togo-barry-moussa-barque-elu-president-du-senat\/\">Togo : Barry Moussa Barqu\u00e9 \u00e9lu pr\u00e9sident du S\u00e9nat<\/a><\/strong><\/p>\n\n\n\n<p>Il a \u00e0 cet effet \u00e9num\u00e9r\u00e9 l\u2019organisation des s\u00e9minaires de formation individuelle et collective, afin d\u2019acqu\u00e9rir des outils indispensables pour ma\u00eetriser les rouages des proc\u00e9dures parlementaires, approfondir le travail l\u00e9gislatif et acc\u00e9der aux ressources permettant de mieux comprendre l\u2019action du gouvernement.<\/p>\n\n\n\n<figure class=\"wp-block-image size-full is-resized\"><img loading=\"lazy\" decoding=\"async\" width=\"700\" height=\"356\" src=\"https:\/\/lavoixdelanation.tg\/wp-content\/uploads\/2025\/04\/Ouverture-de-la-premiere-session-ordinaire-du-Senat-du-Togo.jpg\" alt=\"\" class=\"wp-image-2568\" style=\"width:840px;height:auto\" srcset=\"https:\/\/lavoixdelanation.tg\/wp-content\/uploads\/2025\/04\/Ouverture-de-la-premiere-session-ordinaire-du-Senat-du-Togo.jpg 700w, https:\/\/lavoixdelanation.tg\/wp-content\/uploads\/2025\/04\/Ouverture-de-la-premiere-session-ordinaire-du-Senat-du-Togo-300x153.jpg 300w\" sizes=\"auto, (max-width: 700px) 100vw, 700px\" \/><\/figure>\n\n\n\n<p>Barry Moussa Barqu\u00e9 a \u00e9galement soulign\u00e9 la n\u00e9cessit\u00e9 de mettre en place une structure fluide et harmonieuse, permettant \u00e0 chaque membre de contribuer \u00e0 la bonne marche de l\u2019institution, tout en assumant ses responsabilit\u00e9s.<\/p>\n\n\n\n<p>Pour le pr\u00e9sident de l\u2019Assembl\u00e9e nationale, l\u2019ouverture solennelle de la 1\u00e8re session ordinaire du S\u00e9nat consacre le d\u00e9but du bicam\u00e9ralisme dans la Ve R\u00e9publique.<\/p>\n\n\n\n<p>\u00ab&nbsp;Ce syst\u00e8me parlementaire \u00e0 deux chambres enrichit le d\u00e9bat d\u00e9mocratique, renforce la repr\u00e9sentativit\u00e9 et permet une analyse approfondie des lois, au service de la nation&nbsp;\u00bb, a indiqu\u00e9 Kodzo S\u00e9von-T\u00e9p\u00e9 Ad\u00e9dz\u00e9 sur sa page facebook.<\/p>\n\n\n\n<p>Pr\u00e9cisons que l\u2019ouverture de cette session a \u00e9galement \u00e9t\u00e9 marqu\u00e9e par la pr\u00e9sence des membres du gouvernement, des pr\u00e9sidents d\u2019institutions de la R\u00e9publique, des d\u00e9put\u00e9s et diverses autres personnalit\u00e9s politiques, diplomatiques, militaires et traditionnelles.<\/p>\n","protected":false},"excerpt":{"rendered":"<p>La premi\u00e8re session ordinaire de l\u2019ann\u00e9e 2025 du S\u00e9nat s\u2019est ouverte ce jeudi 03 avril 2025 conform\u00e9ment aux dispositions de l\u2019article 12, alin\u00e9a 2 de la Constitution de la V\u00e8me&hellip; <\/p>\n","protected":false},"author":1,"featured_media":2567,"comment_status":"open","ping_status":"open","sticky":false,"template":"","format":"standard","meta":{"footnotes":""},"categories":[21],"tags":[378,447,550,39],"class_list":["post-2566","post","type-post","status-publish","format-standard","has-post-thumbnail","hentry","category-politique","tag-barry-moussa-barque","tag-senat-2","tag-session-ordinaire","tag-togo"],"yoast_head":"<!-- This site is optimized with the Yoast SEO plugin v26.4 - https:\/\/yoast.com\/wordpress\/plugins\/seo\/ -->\n<title>S\u00e9nat\u00a0: Ouverture de la premi\u00e8re session ordinaire de l\u2019ann\u00e9e 2025 - La Voix de la Nation<\/title>\n<meta name=\"robots\" content=\"index, follow, max-snippet:-1, max-image-preview:large, max-video-preview:-1\" \/>\n<link rel=\"canonical\" href=\"https:\/\/lavoixdelanation.tg\/index.php\/2025\/04\/04\/senat-ouverture-de-la-premiere-session-ordinaire-de-lannee-2025\/\" \/>\n<meta property=\"og:locale\" content=\"fr_FR\" \/>\n<meta property=\"og:type\" content=\"article\" \/>\n<meta property=\"og:title\" content=\"S\u00e9nat\u00a0: Ouverture de la premi\u00e8re session ordinaire de l\u2019ann\u00e9e 2025 - La Voix de la Nation\" \/>\n<meta property=\"og:description\" content=\"La premi\u00e8re session ordinaire de l\u2019ann\u00e9e 2025 du S\u00e9nat s\u2019est ouverte ce jeudi 03 avril 2025 conform\u00e9ment aux dispositions de l\u2019article 12, alin\u00e9a 2 de la Constitution de la V\u00e8me&hellip;\" \/>\n<meta property=\"og:url\" content=\"https:\/\/lavoixdelanation.tg\/index.php\/2025\/04\/04\/senat-ouverture-de-la-premiere-session-ordinaire-de-lannee-2025\/\" \/>\n<meta property=\"og:site_name\" content=\"La Voix de la Nation\" \/>\n<meta property=\"article:publisher\" content=\"https:\/\/www.facebook.com\/lavoixdelanation\" \/>\n<meta property=\"article:published_time\" content=\"2025-04-04T06:35:00+00:00\" \/>\n<meta property=\"article:modified_time\" content=\"2025-04-04T09:45:19+00:00\" \/>\n<meta property=\"og:image\" content=\"https:\/\/lavoixdelanation.tg\/wp-content\/uploads\/2025\/04\/Ouvre-de-la-premiere-session-ordinaire-du-Senat-au-Togo.jpg\" \/>\n\t<meta property=\"og:image:width\" content=\"650\" \/>\n\t<meta property=\"og:image:height\" content=\"388\" \/>\n\t<meta property=\"og:image:type\" content=\"image\/jpeg\" \/>\n<meta name=\"author\" content=\"La voix de la nation\" \/>\n<meta name=\"twitter:card\" content=\"summary_large_image\" \/>\n<meta name=\"twitter:label1\" content=\"\u00c9crit par\" \/>\n\t<meta name=\"twitter:data1\" content=\"La voix de la nation\" \/>\n\t<meta name=\"twitter:label2\" content=\"Dur\u00e9e de lecture estim\u00e9e\" \/>\n\t<meta name=\"twitter:data2\" content=\"2 minutes\" \/>\n<script type=\"application\/ld+json\" class=\"yoast-schema-graph\">{\"@context\":\"https:\/\/schema.org\",\"@graph\":[{\"@type\":\"Article\",\"@id\":\"https:\/\/lavoixdelanation.tg\/index.php\/2025\/04\/04\/senat-ouverture-de-la-premiere-session-ordinaire-de-lannee-2025\/#article\",\"isPartOf\":{\"@id\":\"https:\/\/lavoixdelanation.tg\/index.php\/2025\/04\/04\/senat-ouverture-de-la-premiere-session-ordinaire-de-lannee-2025\/\"},\"author\":{\"name\":\"La voix de la nation\",\"@id\":\"https:\/\/lavoixdelanation.tg\/#\/schema\/person\/6c489293aa38053673a9e554acb6e224\"},\"headline\":\"S\u00e9nat\u00a0: Ouverture de la premi\u00e8re session ordinaire de l\u2019ann\u00e9e 2025\",\"datePublished\":\"2025-04-04T06:35:00+00:00\",\"dateModified\":\"2025-04-04T09:45:19+00:00\",\"mainEntityOfPage\":{\"@id\":\"https:\/\/lavoixdelanation.tg\/index.php\/2025\/04\/04\/senat-ouverture-de-la-premiere-session-ordinaire-de-lannee-2025\/\"},\"wordCount\":389,\"commentCount\":0,\"publisher\":{\"@id\":\"https:\/\/lavoixdelanation.tg\/#organization\"},\"image\":{\"@id\":\"https:\/\/lavoixdelanation.tg\/index.php\/2025\/04\/04\/senat-ouverture-de-la-premiere-session-ordinaire-de-lannee-2025\/#primaryimage\"},\"thumbnailUrl\":\"https:\/\/lavoixdelanation.tg\/wp-content\/uploads\/2025\/04\/Ouvre-de-la-premiere-session-ordinaire-du-Senat-au-Togo.jpg\",\"keywords\":[\"Barry Moussa Barqu\u00e9\",\"S\u00e9nat\",\"Session ordinaire\",\"Togo\"],\"articleSection\":[\"Politique\"],\"inLanguage\":\"fr-FR\",\"potentialAction\":[{\"@type\":\"CommentAction\",\"name\":\"Comment\",\"target\":[\"https:\/\/lavoixdelanation.tg\/index.php\/2025\/04\/04\/senat-ouverture-de-la-premiere-session-ordinaire-de-lannee-2025\/#respond\"]}]},{\"@type\":\"WebPage\",\"@id\":\"https:\/\/lavoixdelanation.tg\/index.php\/2025\/04\/04\/senat-ouverture-de-la-premiere-session-ordinaire-de-lannee-2025\/\",\"url\":\"https:\/\/lavoixdelanation.tg\/index.php\/2025\/04\/04\/senat-ouverture-de-la-premiere-session-ordinaire-de-lannee-2025\/\",\"name\":\"S\u00e9nat\u00a0: Ouverture de la premi\u00e8re session ordinaire de l\u2019ann\u00e9e 2025 - La Voix de la Nation\",\"isPartOf\":{\"@id\":\"https:\/\/lavoixdelanation.tg\/#website\"},\"primaryImageOfPage\":{\"@id\":\"https:\/\/lavoixdelanation.tg\/index.php\/2025\/04\/04\/senat-ouverture-de-la-premiere-session-ordinaire-de-lannee-2025\/#primaryimage\"},\"image\":{\"@id\":\"https:\/\/lavoixdelanation.tg\/index.php\/2025\/04\/04\/senat-ouverture-de-la-premiere-session-ordinaire-de-lannee-2025\/#primaryimage\"},\"thumbnailUrl\":\"https:\/\/lavoixdelanation.tg\/wp-content\/uploads\/2025\/04\/Ouvre-de-la-premiere-session-ordinaire-du-Senat-au-Togo.jpg\",\"datePublished\":\"2025-04-04T06:35:00+00:00\",\"dateModified\":\"2025-04-04T09:45:19+00:00\",\"breadcrumb\":{\"@id\":\"https:\/\/lavoixdelanation.tg\/index.php\/2025\/04\/04\/senat-ouverture-de-la-premiere-session-ordinaire-de-lannee-2025\/#breadcrumb\"},\"inLanguage\":\"fr-FR\",\"potentialAction\":[{\"@type\":\"ReadAction\",\"target\":[\"https:\/\/lavoixdelanation.tg\/index.php\/2025\/04\/04\/senat-ouverture-de-la-premiere-session-ordinaire-de-lannee-2025\/\"]}]},{\"@type\":\"ImageObject\",\"inLanguage\":\"fr-FR\",\"@id\":\"https:\/\/lavoixdelanation.tg\/index.php\/2025\/04\/04\/senat-ouverture-de-la-premiere-session-ordinaire-de-lannee-2025\/#primaryimage\",\"url\":\"https:\/\/lavoixdelanation.tg\/wp-content\/uploads\/2025\/04\/Ouvre-de-la-premiere-session-ordinaire-du-Senat-au-Togo.jpg\",\"contentUrl\":\"https:\/\/lavoixdelanation.tg\/wp-content\/uploads\/2025\/04\/Ouvre-de-la-premiere-session-ordinaire-du-Senat-au-Togo.jpg\",\"width\":650,\"height\":388},{\"@type\":\"BreadcrumbList\",\"@id\":\"https:\/\/lavoixdelanation.tg\/index.php\/2025\/04\/04\/senat-ouverture-de-la-premiere-session-ordinaire-de-lannee-2025\/#breadcrumb\",\"itemListElement\":[{\"@type\":\"ListItem\",\"position\":1,\"name\":\"Accueil\",\"item\":\"https:\/\/lavoixdelanation.tg\/\"},{\"@type\":\"ListItem\",\"position\":2,\"name\":\"S\u00e9nat\u00a0: Ouverture de la premi\u00e8re session ordinaire de l\u2019ann\u00e9e 2025\"}]},{\"@type\":\"WebSite\",\"@id\":\"https:\/\/lavoixdelanation.tg\/#website\",\"url\":\"https:\/\/lavoixdelanation.tg\/\",\"name\":\"La Voix de la Nation\",\"description\":\"R\u00e9c\u00e9piss\u00e9 n\u00b00108\/HAAC\/01-2024\/pl\/P\",\"publisher\":{\"@id\":\"https:\/\/lavoixdelanation.tg\/#organization\"},\"alternateName\":\"VON\",\"potentialAction\":[{\"@type\":\"SearchAction\",\"target\":{\"@type\":\"EntryPoint\",\"urlTemplate\":\"https:\/\/lavoixdelanation.tg\/?s={search_term_string}\"},\"query-input\":{\"@type\":\"PropertyValueSpecification\",\"valueRequired\":true,\"valueName\":\"search_term_string\"}}],\"inLanguage\":\"fr-FR\"},{\"@type\":\"Organization\",\"@id\":\"https:\/\/lavoixdelanation.tg\/#organization\",\"name\":\"La Voix de la Nation\",\"url\":\"https:\/\/lavoixdelanation.tg\/\",\"logo\":{\"@type\":\"ImageObject\",\"inLanguage\":\"fr-FR\",\"@id\":\"https:\/\/lavoixdelanation.tg\/#\/schema\/logo\/image\/\",\"url\":\"https:\/\/lavoixdelanation.tg\/wp-content\/uploads\/2024\/12\/lavn-1.png\",\"contentUrl\":\"https:\/\/lavoixdelanation.tg\/wp-content\/uploads\/2024\/12\/lavn-1.png\",\"width\":1024,\"height\":464,\"caption\":\"La Voix de la Nation\"},\"image\":{\"@id\":\"https:\/\/lavoixdelanation.tg\/#\/schema\/logo\/image\/\"},\"sameAs\":[\"https:\/\/www.facebook.com\/lavoixdelanation\"]},{\"@type\":\"Person\",\"@id\":\"https:\/\/lavoixdelanation.tg\/#\/schema\/person\/6c489293aa38053673a9e554acb6e224\",\"name\":\"La voix de la nation\",\"image\":{\"@type\":\"ImageObject\",\"inLanguage\":\"fr-FR\",\"@id\":\"https:\/\/lavoixdelanation.tg\/#\/schema\/person\/image\/\",\"url\":\"https:\/\/secure.gravatar.com\/avatar\/8aa135d4bbc794494cecaa8d483f6d6cc1023624868deaff686baed5e727a5a1?s=96&d=mm&r=g\",\"contentUrl\":\"https:\/\/secure.gravatar.com\/avatar\/8aa135d4bbc794494cecaa8d483f6d6cc1023624868deaff686baed5e727a5a1?s=96&d=mm&r=g\",\"caption\":\"La voix de la nation\"},\"sameAs\":[\"https:\/\/lavoixdelanation.tg\"],\"url\":\"https:\/\/lavoixdelanation.tg\/index.php\/author\/lavn\/\"}]}<\/script>\n<!-- \/ Yoast SEO plugin. -->","yoast_head_json":{"title":"S\u00e9nat\u00a0: Ouverture de la premi\u00e8re session ordinaire de l\u2019ann\u00e9e 2025 - La Voix de la Nation","robots":{"index":"index","follow":"follow","max-snippet":"max-snippet:-1","max-image-preview":"max-image-preview:large","max-video-preview":"max-video-preview:-1"},"canonical":"https:\/\/lavoixdelanation.tg\/index.php\/2025\/04\/04\/senat-ouverture-de-la-premiere-session-ordinaire-de-lannee-2025\/","og_locale":"fr_FR","og_type":"article","og_title":"S\u00e9nat\u00a0: Ouverture de la premi\u00e8re session ordinaire de l\u2019ann\u00e9e 2025 - La Voix de la Nation","og_description":"La premi\u00e8re session ordinaire de l\u2019ann\u00e9e 2025 du S\u00e9nat s\u2019est ouverte ce jeudi 03 avril 2025 conform\u00e9ment aux dispositions de l\u2019article 12, alin\u00e9a 2 de la Constitution de la V\u00e8me&hellip;","og_url":"https:\/\/lavoixdelanation.tg\/index.php\/2025\/04\/04\/senat-ouverture-de-la-premiere-session-ordinaire-de-lannee-2025\/","og_site_name":"La Voix de la Nation","article_publisher":"https:\/\/www.facebook.com\/lavoixdelanation","article_published_time":"2025-04-04T06:35:00+00:00","article_modified_time":"2025-04-04T09:45:19+00:00","og_image":[{"width":650,"height":388,"url":"https:\/\/lavoixdelanation.tg\/wp-content\/uploads\/2025\/04\/Ouvre-de-la-premiere-session-ordinaire-du-Senat-au-Togo.jpg","type":"image\/jpeg"}],"author":"La voix de la nation","twitter_card":"summary_large_image","twitter_misc":{"\u00c9crit par":"La voix de la nation","Dur\u00e9e de lecture estim\u00e9e":"2 minutes"},"schema":{"@context":"https:\/\/schema.org","@graph":[{"@type":"Article","@id":"https:\/\/lavoixdelanation.tg\/index.php\/2025\/04\/04\/senat-ouverture-de-la-premiere-session-ordinaire-de-lannee-2025\/#article","isPartOf":{"@id":"https:\/\/lavoixdelanation.tg\/index.php\/2025\/04\/04\/senat-ouverture-de-la-premiere-session-ordinaire-de-lannee-2025\/"},"author":{"name":"La voix de la nation","@id":"https:\/\/lavoixdelanation.tg\/#\/schema\/person\/6c489293aa38053673a9e554acb6e224"},"headline":"S\u00e9nat\u00a0: Ouverture de la premi\u00e8re session ordinaire de l\u2019ann\u00e9e 2025","datePublished":"2025-04-04T06:35:00+00:00","dateModified":"2025-04-04T09:45:19+00:00","mainEntityOfPage":{"@id":"https:\/\/lavoixdelanation.tg\/index.php\/2025\/04\/04\/senat-ouverture-de-la-premiere-session-ordinaire-de-lannee-2025\/"},"wordCount":389,"commentCount":0,"publisher":{"@id":"https:\/\/lavoixdelanation.tg\/#organization"},"image":{"@id":"https:\/\/lavoixdelanation.tg\/index.php\/2025\/04\/04\/senat-ouverture-de-la-premiere-session-ordinaire-de-lannee-2025\/#primaryimage"},"thumbnailUrl":"https:\/\/lavoixdelanation.tg\/wp-content\/uploads\/2025\/04\/Ouvre-de-la-premiere-session-ordinaire-du-Senat-au-Togo.jpg","keywords":["Barry Moussa Barqu\u00e9","S\u00e9nat","Session ordinaire","Togo"],"articleSection":["Politique"],"inLanguage":"fr-FR","potentialAction":[{"@type":"CommentAction","name":"Comment","target":["https:\/\/lavoixdelanation.tg\/index.php\/2025\/04\/04\/senat-ouverture-de-la-premiere-session-ordinaire-de-lannee-2025\/#respond"]}]},{"@type":"WebPage","@id":"https:\/\/lavoixdelanation.tg\/index.php\/2025\/04\/04\/senat-ouverture-de-la-premiere-session-ordinaire-de-lannee-2025\/","url":"https:\/\/lavoixdelanation.tg\/index.php\/2025\/04\/04\/senat-ouverture-de-la-premiere-session-ordinaire-de-lannee-2025\/","name":"S\u00e9nat\u00a0: Ouverture de la premi\u00e8re session ordinaire de l\u2019ann\u00e9e 2025 - La Voix de la Nation","isPartOf":{"@id":"https:\/\/lavoixdelanation.tg\/#website"},"primaryImageOfPage":{"@id":"https:\/\/lavoixdelanation.tg\/index.php\/2025\/04\/04\/senat-ouverture-de-la-premiere-session-ordinaire-de-lannee-2025\/#primaryimage"},"image":{"@id":"https:\/\/lavoixdelanation.tg\/index.php\/2025\/04\/04\/senat-ouverture-de-la-premiere-session-ordinaire-de-lannee-2025\/#primaryimage"},"thumbnailUrl":"https:\/\/lavoixdelanation.tg\/wp-content\/uploads\/2025\/04\/Ouvre-de-la-premiere-session-ordinaire-du-Senat-au-Togo.jpg","datePublished":"2025-04-04T06:35:00+00:00","dateModified":"2025-04-04T09:45:19+00:00","breadcrumb":{"@id":"https:\/\/lavoixdelanation.tg\/index.php\/2025\/04\/04\/senat-ouverture-de-la-premiere-session-ordinaire-de-lannee-2025\/#breadcrumb"},"inLanguage":"fr-FR","potentialAction":[{"@type":"ReadAction","target":["https:\/\/lavoixdelanation.tg\/index.php\/2025\/04\/04\/senat-ouverture-de-la-premiere-session-ordinaire-de-lannee-2025\/"]}]},{"@type":"ImageObject","inLanguage":"fr-FR","@id":"https:\/\/lavoixdelanation.tg\/index.php\/2025\/04\/04\/senat-ouverture-de-la-premiere-session-ordinaire-de-lannee-2025\/#primaryimage","url":"https:\/\/lavoixdelanation.tg\/wp-content\/uploads\/2025\/04\/Ouvre-de-la-premiere-session-ordinaire-du-Senat-au-Togo.jpg","contentUrl":"https:\/\/lavoixdelanation.tg\/wp-content\/uploads\/2025\/04\/Ouvre-de-la-premiere-session-ordinaire-du-Senat-au-Togo.jpg","width":650,"height":388},{"@type":"BreadcrumbList","@id":"https:\/\/lavoixdelanation.tg\/index.php\/2025\/04\/04\/senat-ouverture-de-la-premiere-session-ordinaire-de-lannee-2025\/#breadcrumb","itemListElement":[{"@type":"ListItem","position":1,"name":"Accueil","item":"https:\/\/lavoixdelanation.tg\/"},{"@type":"ListItem","position":2,"name":"S\u00e9nat\u00a0: Ouverture de la premi\u00e8re session ordinaire de l\u2019ann\u00e9e 2025"}]},{"@type":"WebSite","@id":"https:\/\/lavoixdelanation.tg\/#website","url":"https:\/\/lavoixdelanation.tg\/","name":"La Voix de la Nation","description":"R\u00e9c\u00e9piss\u00e9 n\u00b00108\/HAAC\/01-2024\/pl\/P","publisher":{"@id":"https:\/\/lavoixdelanation.tg\/#organization"},"alternateName":"VON","potentialAction":[{"@type":"SearchAction","target":{"@type":"EntryPoint","urlTemplate":"https:\/\/lavoixdelanation.tg\/?s={search_term_string}"},"query-input":{"@type":"PropertyValueSpecification","valueRequired":true,"valueName":"search_term_string"}}],"inLanguage":"fr-FR"},{"@type":"Organization","@id":"https:\/\/lavoixdelanation.tg\/#organization","name":"La Voix de la Nation","url":"https:\/\/lavoixdelanation.tg\/","logo":{"@type":"ImageObject","inLanguage":"fr-FR","@id":"https:\/\/lavoixdelanation.tg\/#\/schema\/logo\/image\/","url":"https:\/\/lavoixdelanation.tg\/wp-content\/uploads\/2024\/12\/lavn-1.png","contentUrl":"https:\/\/lavoixdelanation.tg\/wp-content\/uploads\/2024\/12\/lavn-1.png","width":1024,"height":464,"caption":"La Voix de la Nation"},"image":{"@id":"https:\/\/lavoixdelanation.tg\/#\/schema\/logo\/image\/"},"sameAs":["https:\/\/www.facebook.com\/lavoixdelanation"]},{"@type":"Person","@id":"https:\/\/lavoixdelanation.tg\/#\/schema\/person\/6c489293aa38053673a9e554acb6e224","name":"La voix de la nation","image":{"@type":"ImageObject","inLanguage":"fr-FR","@id":"https:\/\/lavoixdelanation.tg\/#\/schema\/person\/image\/","url":"https:\/\/secure.gravatar.com\/avatar\/8aa135d4bbc794494cecaa8d483f6d6cc1023624868deaff686baed5e727a5a1?s=96&d=mm&r=g","contentUrl":"https:\/\/secure.gravatar.com\/avatar\/8aa135d4bbc794494cecaa8d483f6d6cc1023624868deaff686baed5e727a5a1?s=96&d=mm&r=g","caption":"La voix de la nation"},"sameAs":["https:\/\/lavoixdelanation.tg"],"url":"https:\/\/lavoixdelanation.tg\/index.php\/author\/lavn\/"}]}},"_links":{"self":[{"href":"https:\/\/lavoixdelanation.tg\/index.php\/wp-json\/wp\/v2\/posts\/2566","targetHints":{"allow":["GET"]}}],"collection":[{"href":"https:\/\/lavoixdelanation.tg\/index.php\/wp-json\/wp\/v2\/posts"}],"about":[{"href":"https:\/\/lavoixdelanation.tg\/index.php\/wp-json\/wp\/v2\/types\/post"}],"author":[{"embeddable":true,"href":"https:\/\/lavoixdelanation.tg\/index.php\/wp-json\/wp\/v2\/users\/1"}],"replies":[{"embeddable":true,"href":"https:\/\/lavoixdelanation.tg\/index.php\/wp-json\/wp\/v2\/comments?post=2566"}],"version-history":[{"count":4,"href":"https:\/\/lavoixdelanation.tg\/index.php\/wp-json\/wp\/v2\/posts\/2566\/revisions"}],"predecessor-version":[{"id":2572,"href":"https:\/\/lavoixdelanation.tg\/index.php\/wp-json\/wp\/v2\/posts\/2566\/revisions\/2572"}],"wp:featuredmedia":[{"embeddable":true,"href":"https:\/\/lavoixdelanation.tg\/index.php\/wp-json\/wp\/v2\/media\/2567"}],"wp:attachment":[{"href":"https:\/\/lavoixdelanation.tg\/index.php\/wp-json\/wp\/v2\/media?parent=2566"}],"wp:term":[{"taxonomy":"category","embeddable":true,"href":"https:\/\/lavoixdelanation.tg\/index.php\/wp-json\/wp\/v2\/categories?post=2566"},{"taxonomy":"post_tag","embeddable":true,"href":"https:\/\/lavoixdelanation.tg\/index.php\/wp-json\/wp\/v2\/tags?post=2566"}],"curies":[{"name":"wp","href":"https:\/\/api.w.org\/{rel}","templated":true}]}}