{"id":2515,"date":"2025-03-29T08:22:00","date_gmt":"2025-03-29T07:22:00","guid":{"rendered":"https:\/\/lavoixdelanation.tg\/?p=2515"},"modified":"2025-03-29T15:35:16","modified_gmt":"2025-03-29T14:35:16","slug":"securite-le-projet-de-loi-relatif-au-renseignement-adopte-par-lassemblee-nationale","status":"publish","type":"post","link":"https:\/\/lavoixdelanation.tg\/index.php\/2025\/03\/29\/securite-le-projet-de-loi-relatif-au-renseignement-adopte-par-lassemblee-nationale\/","title":{"rendered":"S\u00e9curit\u00e9 : Le projet de loi relatif au renseignement adopt\u00e9 par l\u2019Assembl\u00e9e nationale"},"content":{"rendered":"\n<p><strong>Les d\u00e9put\u00e9s togolais r\u00e9affirment leur engagement \u00e0 faire du cadre l\u00e9gislatif, un levier strat\u00e9gique de protection des citoyens et de souverainet\u00e9 nationale. L\u2019Assembl\u00e9e nationale a en effet adopt\u00e9 \u00e0 l\u2019unanimit\u00e9 ce vendredi 28 mars 2025, le projet de loi relatif au renseignement.<\/strong><\/p>\n\n\n\n<p>Ce vote marque une \u00e9tape importante dans le renforcement de l\u2019architecture nationale de s\u00e9curit\u00e9, au regard des menaces multidimensionnelles, notamment l\u2019expansion des groupes terroristes, de l\u2019extr\u00e9misme violent et de la cybercriminalit\u00e9.<\/p>\n\n\n\n<p>C\u2019est le Pr\u00e9sident de l\u2019Assembl\u00e9e nationale Kodjo Ad\u00e9dz\u00e9 qui a pr\u00e9sid\u00e9 les travaux de cette session en pr\u00e9sence de plusieurs membres du gouvernement dont le Colonel Calixte Madjoulba, Ministre de la s\u00e9curit\u00e9 et de la protection civile.<\/p>\n\n\n\n<p class=\"has-text-align-center\"><strong>L\u2019int\u00e9r\u00eat et les enjeux<\/strong><\/p>\n\n\n\n<p>Dans le contexte r\u00e9gional de menaces s\u00e9curitaires persistantes, le renseignement repr\u00e9sente selon le gouvernement, un enjeu majeur de s\u00e9curit\u00e9 nationale. Il doit en effet disposer d\u2019un cadre juridique ad\u00e9quat garantissant une mise en \u0153uvre coordonn\u00e9e et efficiente, respectueuse des lois et r\u00e8glements, et protectrice des droits et libert\u00e9s.<\/p>\n\n\n\n<p>Dans cette dynamique, cette loi s\u2019inscrit dans le cadre des r\u00e9formes d\u00e9j\u00e0 r\u00e9alis\u00e9es par le pays pour renforcer l\u2019appareil de renseignement, et pour prendre en compte les nouvelles menaces transversales li\u00e9es aux technologies de l\u2019information et de la communication.<\/p>\n\n\n\n<p>Le texte l\u00e9gislatif adopt\u00e9 pr\u00e9sente des int\u00e9r\u00eats majeurs notamment la stabilit\u00e9 et l\u2019attractivit\u00e9 des investissements en infrastructures et d\u00e9veloppement \u00e9conomique, la contribution \u00e0 une meilleure protection des populations vuln\u00e9rables via la surveillance renforc\u00e9e des r\u00e9seaux criminels, la r\u00e9duction des risques de perturbations \u00e9conomiques dues \u00e0 des attaques ou cyberattaques.<\/p>\n\n\n\n<p class=\"has-text-align-center\"><strong>Les innovations<\/strong><\/p>\n\n\n\n<p>La loi pr\u00e9sente de nombreuses innovations, notamment l\u2019instauration d\u2019un d\u00e9l\u00e9gu\u00e9 charg\u00e9 de la coordination de l\u2019ensemble des services de renseignement, l\u2019institution d\u2019un contr\u00f4le interne administratif et d\u2019un contr\u00f4le externe par le Parlement.<\/p>\n\n\n\n<p>Autres mesures pr\u00e9vues par cette loi, la pr\u00e9vention et la gestion proactive des litiges fonciers gr\u00e2ce \u00e0 l\u2019efficacit\u00e9 des renseignements, la pr\u00e9vention des abus de pouvoir et garantie d\u2019un contr\u00f4le strict de l\u00e9galit\u00e9, la sauvegarde des valeurs et int\u00e9r\u00eats fondamentaux de la nation, la protection de l\u2019int\u00e9grit\u00e9 de l\u2019\u00c9tat et la s\u00e9curit\u00e9 de ses citoyens et la pr\u00e9servation des droits et libert\u00e9s fondamentaux reconnus par les lois de la R\u00e9publique<strong>.<\/strong><\/p>\n\n\n\n<p>\u00ab&nbsp;(\u2026) Notre pays se dote d\u2019un cadre juridique moderne, garantissant \u00e0 la fois une lutte efficace contre les menaces et un strict respect des droits fondamentaux \u00bb, a indiqu\u00e9 le Colonel Calixte Madjoulba, Ministre de la s\u00e9curit\u00e9 et de la protection civile.<\/p>\n\n\n\n<p>\u00ab Cette loi incarne une volont\u00e9 affirm\u00e9e de prot\u00e9ger l\u2019int\u00e9grit\u00e9 de l\u2019\u00c9tat et la s\u00e9curit\u00e9 de ses citoyens, tout en veillant \u00e0 pr\u00e9server les droits et libert\u00e9s fondamentaux reconnus par les lois de la R\u00e9publique. Cet \u00e9quilibre d\u00e9licat, mais essentiel, entre la n\u00e9cessit\u00e9 de pr\u00e9venir les menaces et le respect des libert\u00e9s d\u00e9mocratiques, illustre une d\u00e9marche r\u00e9fl\u00e9chie et d\u00e9termin\u00e9e en faveur de la stabilit\u00e9 et de la justice \u00bb, a pour sa part soulign\u00e9 le Pr\u00e9sident de la Repr\u00e9sentation nationale, Kodjo Adedze.<\/p>\n\n\n\n<p>Au demeurant, \u00e0 travers ce projet de loi, le Gouvernement togolais r\u00e9affirme sa volont\u00e9 de consolider la souverainet\u00e9 nationale, de prot\u00e9ger les int\u00e9r\u00eats vitaux de la Nation et de garantir la s\u00e9curit\u00e9 des citoyens, dans le strict respect des droits fondamentaux.<\/p>\n\n\n\n<p>Le texte adopt\u00e9 permettra \u00e9galement au pays de moderniser l\u2019organisation de l\u2019activit\u00e9 de renseignement, d\u2019en assurer une meilleure coordination et de renforcer la transparence de leurs actions, en veillant au respect des droits des citoyens.<\/p>\n\n\n\n<p><strong>David S.<\/strong><\/p>\n","protected":false},"excerpt":{"rendered":"<p>Les d\u00e9put\u00e9s togolais r\u00e9affirment leur engagement \u00e0 faire du cadre l\u00e9gislatif, un levier strat\u00e9gique de protection des citoyens et de souverainet\u00e9 nationale. L\u2019Assembl\u00e9e nationale a en effet adopt\u00e9 \u00e0 l\u2019unanimit\u00e9&hellip; <\/p>\n","protected":false},"author":1,"featured_media":2516,"comment_status":"open","ping_status":"open","sticky":false,"template":"","format":"standard","meta":{"footnotes":""},"categories":[21,29],"tags":[43,539,503,125,39],"class_list":["post-2515","post","type-post","status-publish","format-standard","has-post-thumbnail","hentry","category-politique","category-societe","tag-assemblee-nationale","tag-loi-relatif-au-renseignement","tag-projet-de-loi","tag-securite","tag-togo"],"yoast_head":"<!-- This site is optimized with the Yoast SEO plugin v26.4 - https:\/\/yoast.com\/wordpress\/plugins\/seo\/ -->\n<title>S\u00e9curit\u00e9 : Le projet de loi relatif au renseignement adopt\u00e9 par l\u2019Assembl\u00e9e nationale - La Voix de la Nation<\/title>\n<meta name=\"robots\" content=\"index, follow, max-snippet:-1, max-image-preview:large, max-video-preview:-1\" \/>\n<link rel=\"canonical\" href=\"https:\/\/lavoixdelanation.tg\/index.php\/2025\/03\/29\/securite-le-projet-de-loi-relatif-au-renseignement-adopte-par-lassemblee-nationale\/\" \/>\n<meta property=\"og:locale\" content=\"fr_FR\" \/>\n<meta property=\"og:type\" content=\"article\" \/>\n<meta property=\"og:title\" content=\"S\u00e9curit\u00e9 : Le projet de loi relatif au renseignement adopt\u00e9 par l\u2019Assembl\u00e9e nationale - La Voix de la Nation\" \/>\n<meta property=\"og:description\" content=\"Les d\u00e9put\u00e9s togolais r\u00e9affirment leur engagement \u00e0 faire du cadre l\u00e9gislatif, un levier strat\u00e9gique de protection des citoyens et de souverainet\u00e9 nationale. L\u2019Assembl\u00e9e nationale a en effet adopt\u00e9 \u00e0 l\u2019unanimit\u00e9&hellip;\" \/>\n<meta property=\"og:url\" content=\"https:\/\/lavoixdelanation.tg\/index.php\/2025\/03\/29\/securite-le-projet-de-loi-relatif-au-renseignement-adopte-par-lassemblee-nationale\/\" \/>\n<meta property=\"og:site_name\" content=\"La Voix de la Nation\" \/>\n<meta property=\"article:publisher\" content=\"https:\/\/www.facebook.com\/lavoixdelanation\" \/>\n<meta property=\"article:published_time\" content=\"2025-03-29T07:22:00+00:00\" \/>\n<meta property=\"article:modified_time\" content=\"2025-03-29T14:35:16+00:00\" \/>\n<meta property=\"og:image\" content=\"https:\/\/lavoixdelanation.tg\/wp-content\/uploads\/2025\/03\/Le-projet-de-loi-relatif-au-renseignement-adopte-par-lAssemblee-nationale-au-Togo.jpg\" \/>\n\t<meta property=\"og:image:width\" content=\"650\" \/>\n\t<meta property=\"og:image:height\" content=\"400\" \/>\n\t<meta property=\"og:image:type\" content=\"image\/jpeg\" \/>\n<meta name=\"author\" content=\"La voix de la nation\" \/>\n<meta name=\"twitter:card\" content=\"summary_large_image\" \/>\n<meta name=\"twitter:label1\" content=\"\u00c9crit par\" \/>\n\t<meta name=\"twitter:data1\" content=\"La voix de la nation\" \/>\n\t<meta name=\"twitter:label2\" content=\"Dur\u00e9e de lecture estim\u00e9e\" \/>\n\t<meta name=\"twitter:data2\" content=\"4 minutes\" \/>\n<script type=\"application\/ld+json\" class=\"yoast-schema-graph\">{\"@context\":\"https:\/\/schema.org\",\"@graph\":[{\"@type\":\"Article\",\"@id\":\"https:\/\/lavoixdelanation.tg\/index.php\/2025\/03\/29\/securite-le-projet-de-loi-relatif-au-renseignement-adopte-par-lassemblee-nationale\/#article\",\"isPartOf\":{\"@id\":\"https:\/\/lavoixdelanation.tg\/index.php\/2025\/03\/29\/securite-le-projet-de-loi-relatif-au-renseignement-adopte-par-lassemblee-nationale\/\"},\"author\":{\"name\":\"La voix de la nation\",\"@id\":\"https:\/\/lavoixdelanation.tg\/#\/schema\/person\/6c489293aa38053673a9e554acb6e224\"},\"headline\":\"S\u00e9curit\u00e9 : Le projet de loi relatif au renseignement adopt\u00e9 par l\u2019Assembl\u00e9e nationale\",\"datePublished\":\"2025-03-29T07:22:00+00:00\",\"dateModified\":\"2025-03-29T14:35:16+00:00\",\"mainEntityOfPage\":{\"@id\":\"https:\/\/lavoixdelanation.tg\/index.php\/2025\/03\/29\/securite-le-projet-de-loi-relatif-au-renseignement-adopte-par-lassemblee-nationale\/\"},\"wordCount\":668,\"commentCount\":0,\"publisher\":{\"@id\":\"https:\/\/lavoixdelanation.tg\/#organization\"},\"image\":{\"@id\":\"https:\/\/lavoixdelanation.tg\/index.php\/2025\/03\/29\/securite-le-projet-de-loi-relatif-au-renseignement-adopte-par-lassemblee-nationale\/#primaryimage\"},\"thumbnailUrl\":\"https:\/\/lavoixdelanation.tg\/wp-content\/uploads\/2025\/03\/Le-projet-de-loi-relatif-au-renseignement-adopte-par-lAssemblee-nationale-au-Togo.jpg\",\"keywords\":[\"Assembl\u00e9e nationale\",\"loi relatif au renseignement\",\"Projet de loi\",\"S\u00e9curit\u00e9\",\"Togo\"],\"articleSection\":[\"Politique\",\"Soci\u00e9t\u00e9\"],\"inLanguage\":\"fr-FR\",\"potentialAction\":[{\"@type\":\"CommentAction\",\"name\":\"Comment\",\"target\":[\"https:\/\/lavoixdelanation.tg\/index.php\/2025\/03\/29\/securite-le-projet-de-loi-relatif-au-renseignement-adopte-par-lassemblee-nationale\/#respond\"]}]},{\"@type\":\"WebPage\",\"@id\":\"https:\/\/lavoixdelanation.tg\/index.php\/2025\/03\/29\/securite-le-projet-de-loi-relatif-au-renseignement-adopte-par-lassemblee-nationale\/\",\"url\":\"https:\/\/lavoixdelanation.tg\/index.php\/2025\/03\/29\/securite-le-projet-de-loi-relatif-au-renseignement-adopte-par-lassemblee-nationale\/\",\"name\":\"S\u00e9curit\u00e9 : Le projet de loi relatif au renseignement adopt\u00e9 par l\u2019Assembl\u00e9e nationale - La Voix de la Nation\",\"isPartOf\":{\"@id\":\"https:\/\/lavoixdelanation.tg\/#website\"},\"primaryImageOfPage\":{\"@id\":\"https:\/\/lavoixdelanation.tg\/index.php\/2025\/03\/29\/securite-le-projet-de-loi-relatif-au-renseignement-adopte-par-lassemblee-nationale\/#primaryimage\"},\"image\":{\"@id\":\"https:\/\/lavoixdelanation.tg\/index.php\/2025\/03\/29\/securite-le-projet-de-loi-relatif-au-renseignement-adopte-par-lassemblee-nationale\/#primaryimage\"},\"thumbnailUrl\":\"https:\/\/lavoixdelanation.tg\/wp-content\/uploads\/2025\/03\/Le-projet-de-loi-relatif-au-renseignement-adopte-par-lAssemblee-nationale-au-Togo.jpg\",\"datePublished\":\"2025-03-29T07:22:00+00:00\",\"dateModified\":\"2025-03-29T14:35:16+00:00\",\"breadcrumb\":{\"@id\":\"https:\/\/lavoixdelanation.tg\/index.php\/2025\/03\/29\/securite-le-projet-de-loi-relatif-au-renseignement-adopte-par-lassemblee-nationale\/#breadcrumb\"},\"inLanguage\":\"fr-FR\",\"potentialAction\":[{\"@type\":\"ReadAction\",\"target\":[\"https:\/\/lavoixdelanation.tg\/index.php\/2025\/03\/29\/securite-le-projet-de-loi-relatif-au-renseignement-adopte-par-lassemblee-nationale\/\"]}]},{\"@type\":\"ImageObject\",\"inLanguage\":\"fr-FR\",\"@id\":\"https:\/\/lavoixdelanation.tg\/index.php\/2025\/03\/29\/securite-le-projet-de-loi-relatif-au-renseignement-adopte-par-lassemblee-nationale\/#primaryimage\",\"url\":\"https:\/\/lavoixdelanation.tg\/wp-content\/uploads\/2025\/03\/Le-projet-de-loi-relatif-au-renseignement-adopte-par-lAssemblee-nationale-au-Togo.jpg\",\"contentUrl\":\"https:\/\/lavoixdelanation.tg\/wp-content\/uploads\/2025\/03\/Le-projet-de-loi-relatif-au-renseignement-adopte-par-lAssemblee-nationale-au-Togo.jpg\",\"width\":650,\"height\":400,\"caption\":\"Adoption du projet de loi relatif au renseignement au Togo\"},{\"@type\":\"BreadcrumbList\",\"@id\":\"https:\/\/lavoixdelanation.tg\/index.php\/2025\/03\/29\/securite-le-projet-de-loi-relatif-au-renseignement-adopte-par-lassemblee-nationale\/#breadcrumb\",\"itemListElement\":[{\"@type\":\"ListItem\",\"position\":1,\"name\":\"Accueil\",\"item\":\"https:\/\/lavoixdelanation.tg\/\"},{\"@type\":\"ListItem\",\"position\":2,\"name\":\"S\u00e9curit\u00e9 : Le projet de loi relatif au renseignement adopt\u00e9 par l\u2019Assembl\u00e9e nationale\"}]},{\"@type\":\"WebSite\",\"@id\":\"https:\/\/lavoixdelanation.tg\/#website\",\"url\":\"https:\/\/lavoixdelanation.tg\/\",\"name\":\"La Voix de la Nation\",\"description\":\"R\u00e9c\u00e9piss\u00e9 n\u00b00108\/HAAC\/01-2024\/pl\/P\",\"publisher\":{\"@id\":\"https:\/\/lavoixdelanation.tg\/#organization\"},\"alternateName\":\"VON\",\"potentialAction\":[{\"@type\":\"SearchAction\",\"target\":{\"@type\":\"EntryPoint\",\"urlTemplate\":\"https:\/\/lavoixdelanation.tg\/?s={search_term_string}\"},\"query-input\":{\"@type\":\"PropertyValueSpecification\",\"valueRequired\":true,\"valueName\":\"search_term_string\"}}],\"inLanguage\":\"fr-FR\"},{\"@type\":\"Organization\",\"@id\":\"https:\/\/lavoixdelanation.tg\/#organization\",\"name\":\"La Voix de la Nation\",\"url\":\"https:\/\/lavoixdelanation.tg\/\",\"logo\":{\"@type\":\"ImageObject\",\"inLanguage\":\"fr-FR\",\"@id\":\"https:\/\/lavoixdelanation.tg\/#\/schema\/logo\/image\/\",\"url\":\"https:\/\/lavoixdelanation.tg\/wp-content\/uploads\/2024\/12\/lavn-1.png\",\"contentUrl\":\"https:\/\/lavoixdelanation.tg\/wp-content\/uploads\/2024\/12\/lavn-1.png\",\"width\":1024,\"height\":464,\"caption\":\"La Voix de la Nation\"},\"image\":{\"@id\":\"https:\/\/lavoixdelanation.tg\/#\/schema\/logo\/image\/\"},\"sameAs\":[\"https:\/\/www.facebook.com\/lavoixdelanation\"]},{\"@type\":\"Person\",\"@id\":\"https:\/\/lavoixdelanation.tg\/#\/schema\/person\/6c489293aa38053673a9e554acb6e224\",\"name\":\"La voix de la nation\",\"image\":{\"@type\":\"ImageObject\",\"inLanguage\":\"fr-FR\",\"@id\":\"https:\/\/lavoixdelanation.tg\/#\/schema\/person\/image\/\",\"url\":\"https:\/\/secure.gravatar.com\/avatar\/8aa135d4bbc794494cecaa8d483f6d6cc1023624868deaff686baed5e727a5a1?s=96&d=mm&r=g\",\"contentUrl\":\"https:\/\/secure.gravatar.com\/avatar\/8aa135d4bbc794494cecaa8d483f6d6cc1023624868deaff686baed5e727a5a1?s=96&d=mm&r=g\",\"caption\":\"La voix de la nation\"},\"sameAs\":[\"https:\/\/lavoixdelanation.tg\"],\"url\":\"https:\/\/lavoixdelanation.tg\/index.php\/author\/lavn\/\"}]}<\/script>\n<!-- \/ Yoast SEO plugin. -->","yoast_head_json":{"title":"S\u00e9curit\u00e9 : Le projet de loi relatif au renseignement adopt\u00e9 par l\u2019Assembl\u00e9e nationale - La Voix de la Nation","robots":{"index":"index","follow":"follow","max-snippet":"max-snippet:-1","max-image-preview":"max-image-preview:large","max-video-preview":"max-video-preview:-1"},"canonical":"https:\/\/lavoixdelanation.tg\/index.php\/2025\/03\/29\/securite-le-projet-de-loi-relatif-au-renseignement-adopte-par-lassemblee-nationale\/","og_locale":"fr_FR","og_type":"article","og_title":"S\u00e9curit\u00e9 : Le projet de loi relatif au renseignement adopt\u00e9 par l\u2019Assembl\u00e9e nationale - La Voix de la Nation","og_description":"Les d\u00e9put\u00e9s togolais r\u00e9affirment leur engagement \u00e0 faire du cadre l\u00e9gislatif, un levier strat\u00e9gique de protection des citoyens et de souverainet\u00e9 nationale. L\u2019Assembl\u00e9e nationale a en effet adopt\u00e9 \u00e0 l\u2019unanimit\u00e9&hellip;","og_url":"https:\/\/lavoixdelanation.tg\/index.php\/2025\/03\/29\/securite-le-projet-de-loi-relatif-au-renseignement-adopte-par-lassemblee-nationale\/","og_site_name":"La Voix de la Nation","article_publisher":"https:\/\/www.facebook.com\/lavoixdelanation","article_published_time":"2025-03-29T07:22:00+00:00","article_modified_time":"2025-03-29T14:35:16+00:00","og_image":[{"width":650,"height":400,"url":"https:\/\/lavoixdelanation.tg\/wp-content\/uploads\/2025\/03\/Le-projet-de-loi-relatif-au-renseignement-adopte-par-lAssemblee-nationale-au-Togo.jpg","type":"image\/jpeg"}],"author":"La voix de la nation","twitter_card":"summary_large_image","twitter_misc":{"\u00c9crit par":"La voix de la nation","Dur\u00e9e de lecture estim\u00e9e":"4 minutes"},"schema":{"@context":"https:\/\/schema.org","@graph":[{"@type":"Article","@id":"https:\/\/lavoixdelanation.tg\/index.php\/2025\/03\/29\/securite-le-projet-de-loi-relatif-au-renseignement-adopte-par-lassemblee-nationale\/#article","isPartOf":{"@id":"https:\/\/lavoixdelanation.tg\/index.php\/2025\/03\/29\/securite-le-projet-de-loi-relatif-au-renseignement-adopte-par-lassemblee-nationale\/"},"author":{"name":"La voix de la nation","@id":"https:\/\/lavoixdelanation.tg\/#\/schema\/person\/6c489293aa38053673a9e554acb6e224"},"headline":"S\u00e9curit\u00e9 : Le projet de loi relatif au renseignement adopt\u00e9 par l\u2019Assembl\u00e9e nationale","datePublished":"2025-03-29T07:22:00+00:00","dateModified":"2025-03-29T14:35:16+00:00","mainEntityOfPage":{"@id":"https:\/\/lavoixdelanation.tg\/index.php\/2025\/03\/29\/securite-le-projet-de-loi-relatif-au-renseignement-adopte-par-lassemblee-nationale\/"},"wordCount":668,"commentCount":0,"publisher":{"@id":"https:\/\/lavoixdelanation.tg\/#organization"},"image":{"@id":"https:\/\/lavoixdelanation.tg\/index.php\/2025\/03\/29\/securite-le-projet-de-loi-relatif-au-renseignement-adopte-par-lassemblee-nationale\/#primaryimage"},"thumbnailUrl":"https:\/\/lavoixdelanation.tg\/wp-content\/uploads\/2025\/03\/Le-projet-de-loi-relatif-au-renseignement-adopte-par-lAssemblee-nationale-au-Togo.jpg","keywords":["Assembl\u00e9e nationale","loi relatif au renseignement","Projet de loi","S\u00e9curit\u00e9","Togo"],"articleSection":["Politique","Soci\u00e9t\u00e9"],"inLanguage":"fr-FR","potentialAction":[{"@type":"CommentAction","name":"Comment","target":["https:\/\/lavoixdelanation.tg\/index.php\/2025\/03\/29\/securite-le-projet-de-loi-relatif-au-renseignement-adopte-par-lassemblee-nationale\/#respond"]}]},{"@type":"WebPage","@id":"https:\/\/lavoixdelanation.tg\/index.php\/2025\/03\/29\/securite-le-projet-de-loi-relatif-au-renseignement-adopte-par-lassemblee-nationale\/","url":"https:\/\/lavoixdelanation.tg\/index.php\/2025\/03\/29\/securite-le-projet-de-loi-relatif-au-renseignement-adopte-par-lassemblee-nationale\/","name":"S\u00e9curit\u00e9 : Le projet de loi relatif au renseignement adopt\u00e9 par l\u2019Assembl\u00e9e nationale - La Voix de la Nation","isPartOf":{"@id":"https:\/\/lavoixdelanation.tg\/#website"},"primaryImageOfPage":{"@id":"https:\/\/lavoixdelanation.tg\/index.php\/2025\/03\/29\/securite-le-projet-de-loi-relatif-au-renseignement-adopte-par-lassemblee-nationale\/#primaryimage"},"image":{"@id":"https:\/\/lavoixdelanation.tg\/index.php\/2025\/03\/29\/securite-le-projet-de-loi-relatif-au-renseignement-adopte-par-lassemblee-nationale\/#primaryimage"},"thumbnailUrl":"https:\/\/lavoixdelanation.tg\/wp-content\/uploads\/2025\/03\/Le-projet-de-loi-relatif-au-renseignement-adopte-par-lAssemblee-nationale-au-Togo.jpg","datePublished":"2025-03-29T07:22:00+00:00","dateModified":"2025-03-29T14:35:16+00:00","breadcrumb":{"@id":"https:\/\/lavoixdelanation.tg\/index.php\/2025\/03\/29\/securite-le-projet-de-loi-relatif-au-renseignement-adopte-par-lassemblee-nationale\/#breadcrumb"},"inLanguage":"fr-FR","potentialAction":[{"@type":"ReadAction","target":["https:\/\/lavoixdelanation.tg\/index.php\/2025\/03\/29\/securite-le-projet-de-loi-relatif-au-renseignement-adopte-par-lassemblee-nationale\/"]}]},{"@type":"ImageObject","inLanguage":"fr-FR","@id":"https:\/\/lavoixdelanation.tg\/index.php\/2025\/03\/29\/securite-le-projet-de-loi-relatif-au-renseignement-adopte-par-lassemblee-nationale\/#primaryimage","url":"https:\/\/lavoixdelanation.tg\/wp-content\/uploads\/2025\/03\/Le-projet-de-loi-relatif-au-renseignement-adopte-par-lAssemblee-nationale-au-Togo.jpg","contentUrl":"https:\/\/lavoixdelanation.tg\/wp-content\/uploads\/2025\/03\/Le-projet-de-loi-relatif-au-renseignement-adopte-par-lAssemblee-nationale-au-Togo.jpg","width":650,"height":400,"caption":"Adoption du projet de loi relatif au renseignement au Togo"},{"@type":"BreadcrumbList","@id":"https:\/\/lavoixdelanation.tg\/index.php\/2025\/03\/29\/securite-le-projet-de-loi-relatif-au-renseignement-adopte-par-lassemblee-nationale\/#breadcrumb","itemListElement":[{"@type":"ListItem","position":1,"name":"Accueil","item":"https:\/\/lavoixdelanation.tg\/"},{"@type":"ListItem","position":2,"name":"S\u00e9curit\u00e9 : Le projet de loi relatif au renseignement adopt\u00e9 par l\u2019Assembl\u00e9e nationale"}]},{"@type":"WebSite","@id":"https:\/\/lavoixdelanation.tg\/#website","url":"https:\/\/lavoixdelanation.tg\/","name":"La Voix de la Nation","description":"R\u00e9c\u00e9piss\u00e9 n\u00b00108\/HAAC\/01-2024\/pl\/P","publisher":{"@id":"https:\/\/lavoixdelanation.tg\/#organization"},"alternateName":"VON","potentialAction":[{"@type":"SearchAction","target":{"@type":"EntryPoint","urlTemplate":"https:\/\/lavoixdelanation.tg\/?s={search_term_string}"},"query-input":{"@type":"PropertyValueSpecification","valueRequired":true,"valueName":"search_term_string"}}],"inLanguage":"fr-FR"},{"@type":"Organization","@id":"https:\/\/lavoixdelanation.tg\/#organization","name":"La Voix de la Nation","url":"https:\/\/lavoixdelanation.tg\/","logo":{"@type":"ImageObject","inLanguage":"fr-FR","@id":"https:\/\/lavoixdelanation.tg\/#\/schema\/logo\/image\/","url":"https:\/\/lavoixdelanation.tg\/wp-content\/uploads\/2024\/12\/lavn-1.png","contentUrl":"https:\/\/lavoixdelanation.tg\/wp-content\/uploads\/2024\/12\/lavn-1.png","width":1024,"height":464,"caption":"La Voix de la Nation"},"image":{"@id":"https:\/\/lavoixdelanation.tg\/#\/schema\/logo\/image\/"},"sameAs":["https:\/\/www.facebook.com\/lavoixdelanation"]},{"@type":"Person","@id":"https:\/\/lavoixdelanation.tg\/#\/schema\/person\/6c489293aa38053673a9e554acb6e224","name":"La voix de la nation","image":{"@type":"ImageObject","inLanguage":"fr-FR","@id":"https:\/\/lavoixdelanation.tg\/#\/schema\/person\/image\/","url":"https:\/\/secure.gravatar.com\/avatar\/8aa135d4bbc794494cecaa8d483f6d6cc1023624868deaff686baed5e727a5a1?s=96&d=mm&r=g","contentUrl":"https:\/\/secure.gravatar.com\/avatar\/8aa135d4bbc794494cecaa8d483f6d6cc1023624868deaff686baed5e727a5a1?s=96&d=mm&r=g","caption":"La voix de la nation"},"sameAs":["https:\/\/lavoixdelanation.tg"],"url":"https:\/\/lavoixdelanation.tg\/index.php\/author\/lavn\/"}]}},"_links":{"self":[{"href":"https:\/\/lavoixdelanation.tg\/index.php\/wp-json\/wp\/v2\/posts\/2515","targetHints":{"allow":["GET"]}}],"collection":[{"href":"https:\/\/lavoixdelanation.tg\/index.php\/wp-json\/wp\/v2\/posts"}],"about":[{"href":"https:\/\/lavoixdelanation.tg\/index.php\/wp-json\/wp\/v2\/types\/post"}],"author":[{"embeddable":true,"href":"https:\/\/lavoixdelanation.tg\/index.php\/wp-json\/wp\/v2\/users\/1"}],"replies":[{"embeddable":true,"href":"https:\/\/lavoixdelanation.tg\/index.php\/wp-json\/wp\/v2\/comments?post=2515"}],"version-history":[{"count":2,"href":"https:\/\/lavoixdelanation.tg\/index.php\/wp-json\/wp\/v2\/posts\/2515\/revisions"}],"predecessor-version":[{"id":2518,"href":"https:\/\/lavoixdelanation.tg\/index.php\/wp-json\/wp\/v2\/posts\/2515\/revisions\/2518"}],"wp:featuredmedia":[{"embeddable":true,"href":"https:\/\/lavoixdelanation.tg\/index.php\/wp-json\/wp\/v2\/media\/2516"}],"wp:attachment":[{"href":"https:\/\/lavoixdelanation.tg\/index.php\/wp-json\/wp\/v2\/media?parent=2515"}],"wp:term":[{"taxonomy":"category","embeddable":true,"href":"https:\/\/lavoixdelanation.tg\/index.php\/wp-json\/wp\/v2\/categories?post=2515"},{"taxonomy":"post_tag","embeddable":true,"href":"https:\/\/lavoixdelanation.tg\/index.php\/wp-json\/wp\/v2\/tags?post=2515"}],"curies":[{"name":"wp","href":"https:\/\/api.w.org\/{rel}","templated":true}]}}