{"id":2499,"date":"2025-03-28T09:54:55","date_gmt":"2025-03-28T08:54:55","guid":{"rendered":"https:\/\/lavoixdelanation.tg\/?p=2499"},"modified":"2025-03-28T09:54:56","modified_gmt":"2025-03-28T08:54:56","slug":"un-plateforme-e-learning-pour-la-formation-a-distance-des-elus-locaux-au-togo","status":"publish","type":"post","link":"https:\/\/lavoixdelanation.tg\/index.php\/2025\/03\/28\/un-plateforme-e-learning-pour-la-formation-a-distance-des-elus-locaux-au-togo\/","title":{"rendered":"Un plateforme e-learning pour la formation \u00e0 distance des \u00e9lus locaux au Togo"},"content":{"rendered":"\n<p><strong>C\u2019est un tournant d\u00e9cisif dans le renforcement des capacit\u00e9s des \u00e9lus locaux au Togo \u00e0 travers l\u2019Agence nationale de formation des collectivit\u00e9s territoriales (ANFCT).<\/strong><\/p>\n\n\n\n<p>La \u00ab&nbsp;Plateforme e-learning de l\u2019ANFCT&nbsp;\u00bb a \u00e9t\u00e9 officiellement r\u00e9ceptionn\u00e9e ce mercredi 26 mars 2025 \u00e0 Lom\u00e9 par le ministre Awat\u00e9 Hodabalo de l\u2019administration territoriale, de la d\u00e9centralisation et de la chefferie coutumi\u00e8re.<\/p>\n\n\n\n<p>Estim\u00e9e \u00e0 un co\u00fbt de l\u2019ordre de 400 mille euros soit un montant d\u2019environ 300 millions de F CFA,&nbsp;le dispositif est con\u00e7u avec l\u2019assistance technique et financi\u00e8re de la coop\u00e9ration allemande mise en \u0153uvre au Togo par la GIZ, au moyen de l\u2019expertise de \u00ab&nbsp;Eco Consult&nbsp;\u00bb.<\/p>\n\n\n\n<p>La plateforme se pr\u00e9sente comme une r\u00e9ponse au besoin de formation exprim\u00e9e aujourd\u2019hui par les acteurs locaux et agents des collectivit\u00e9s territoriales depuis la communalisation du territoire national en 2019 r\u00e9parti en 117 communes.<\/p>\n\n\n\n<p>\u00ab&nbsp;Avec cette plateforme, nous brisons les barri\u00e8res de la distance et du temps dans le cadre de la formation des diff\u00e9rents acteurs notamment les agents des collectivit\u00e9s territoriales et les \u00e9lus locaux. Chaque acteur local pourra d\u00e9sormais se former \u00e0 son rythme, acc\u00e9der \u00e0 des contenus actualis\u00e9s, \u00e9changer des exp\u00e9riences et renforcer son expertise dans un environnement d\u2019apprentissage interactif et convivial&nbsp;\u00bb, a indiqu\u00e9 le ministre Awat\u00e9 Hodabalo.<\/p>\n\n\n\n<p>\u00ab&nbsp;Cette remise de la plateforme e-learning de l\u2019ANCFT qui marque le lancement officiel de ladite plateforme n\u2019est pas un aboutissement, mais plut\u00f4t le point de d\u00e9part d\u2019une dynamique nouvelle que nous souhaitons inscrire dans la dur\u00e9e&nbsp;\u00bb, a-t-il pr\u00e9cis\u00e9.<\/p>\n\n\n\n<p>La remise solennelle de ce dispositif num\u00e9rique marque ainsi l\u2019ach\u00e8vement des phases de conception, de validation des modules par le Conseil p\u00e9dagogique de l\u2019ANFCT, d\u2019enregistrement, de montage et de mise en ligne de sept modules disponibles bient\u00f4t ouverts aux collectivit\u00e9s locales.<\/p>\n\n\n\n<p>Les modules enregistr\u00e9s sont entre autres \u00ab&nbsp;R\u00f4les, comp\u00e9tences et responsabilit\u00e9s des diff\u00e9rents acteurs de la gouvernance locale&nbsp;\u00bb, \u00ab&nbsp;Organisation et management des services communaux&nbsp;\u00bb, \u00ab&nbsp;Les Finances locales&nbsp;\u00bb, \u00ab&nbsp;Ma\u00eetrise d\u2019ouvrage communale&nbsp;\u00bb, \u00ab&nbsp;Mobilisation des ressources financi\u00e8res&nbsp;\u00bb, \u00ab&nbsp;La Planification du d\u00e9veloppement local&nbsp;\u00bb, \u00ab&nbsp;La Gestion des ressources humaines&nbsp;\u00bb.<\/p>\n\n\n\n<p><strong>David S.<\/strong><\/p>\n","protected":false},"excerpt":{"rendered":"<p>C\u2019est un tournant d\u00e9cisif dans le renforcement des capacit\u00e9s des \u00e9lus locaux au Togo \u00e0 travers l\u2019Agence nationale de formation des collectivit\u00e9s territoriales (ANFCT). La \u00ab&nbsp;Plateforme e-learning de l\u2019ANFCT&nbsp;\u00bb a&hellip; <\/p>\n","protected":false},"author":1,"featured_media":2500,"comment_status":"open","ping_status":"open","sticky":false,"template":"","format":"standard","meta":{"footnotes":""},"categories":[10],"tags":[532,385,531,530,529,39],"class_list":["post-2499","post","type-post","status-publish","format-standard","has-post-thumbnail","hentry","category-education","tag-administration-territoriale","tag-decentralisation","tag-elus-locaux","tag-formation-a-distance","tag-plateforme-e-learning","tag-togo"],"yoast_head":"<!-- This site is optimized with the Yoast SEO plugin v26.4 - https:\/\/yoast.com\/wordpress\/plugins\/seo\/ -->\n<title>Un plateforme e-learning pour la formation \u00e0 distance des \u00e9lus locaux au Togo - La Voix de la Nation<\/title>\n<meta name=\"robots\" content=\"index, follow, max-snippet:-1, max-image-preview:large, max-video-preview:-1\" \/>\n<link rel=\"canonical\" href=\"https:\/\/lavoixdelanation.tg\/index.php\/2025\/03\/28\/un-plateforme-e-learning-pour-la-formation-a-distance-des-elus-locaux-au-togo\/\" \/>\n<meta property=\"og:locale\" content=\"fr_FR\" \/>\n<meta property=\"og:type\" content=\"article\" \/>\n<meta property=\"og:title\" content=\"Un plateforme e-learning pour la formation \u00e0 distance des \u00e9lus locaux au Togo - La Voix de la Nation\" \/>\n<meta property=\"og:description\" content=\"C\u2019est un tournant d\u00e9cisif dans le renforcement des capacit\u00e9s des \u00e9lus locaux au Togo \u00e0 travers l\u2019Agence nationale de formation des collectivit\u00e9s territoriales (ANFCT). La \u00ab&nbsp;Plateforme e-learning de l\u2019ANFCT&nbsp;\u00bb a&hellip;\" \/>\n<meta property=\"og:url\" content=\"https:\/\/lavoixdelanation.tg\/index.php\/2025\/03\/28\/un-plateforme-e-learning-pour-la-formation-a-distance-des-elus-locaux-au-togo\/\" \/>\n<meta property=\"og:site_name\" content=\"La Voix de la Nation\" \/>\n<meta property=\"article:publisher\" content=\"https:\/\/www.facebook.com\/lavoixdelanation\" \/>\n<meta property=\"article:published_time\" content=\"2025-03-28T08:54:55+00:00\" \/>\n<meta property=\"article:modified_time\" content=\"2025-03-28T08:54:56+00:00\" \/>\n<meta property=\"og:image\" content=\"https:\/\/lavoixdelanation.tg\/wp-content\/uploads\/2025\/03\/Une-plateforme-e-learning-pour-la-formation-a-distance-des-elus-locaux-au-Togo.jpg\" \/>\n\t<meta property=\"og:image:width\" content=\"650\" \/>\n\t<meta property=\"og:image:height\" content=\"399\" \/>\n\t<meta property=\"og:image:type\" content=\"image\/jpeg\" \/>\n<meta name=\"author\" content=\"La voix de la nation\" \/>\n<meta name=\"twitter:card\" content=\"summary_large_image\" \/>\n<meta name=\"twitter:label1\" content=\"\u00c9crit par\" \/>\n\t<meta name=\"twitter:data1\" content=\"La voix de la nation\" \/>\n\t<meta name=\"twitter:label2\" content=\"Dur\u00e9e de lecture estim\u00e9e\" \/>\n\t<meta name=\"twitter:data2\" content=\"2 minutes\" \/>\n<script type=\"application\/ld+json\" class=\"yoast-schema-graph\">{\"@context\":\"https:\/\/schema.org\",\"@graph\":[{\"@type\":\"Article\",\"@id\":\"https:\/\/lavoixdelanation.tg\/index.php\/2025\/03\/28\/un-plateforme-e-learning-pour-la-formation-a-distance-des-elus-locaux-au-togo\/#article\",\"isPartOf\":{\"@id\":\"https:\/\/lavoixdelanation.tg\/index.php\/2025\/03\/28\/un-plateforme-e-learning-pour-la-formation-a-distance-des-elus-locaux-au-togo\/\"},\"author\":{\"name\":\"La voix de la nation\",\"@id\":\"https:\/\/lavoixdelanation.tg\/#\/schema\/person\/6c489293aa38053673a9e554acb6e224\"},\"headline\":\"Un plateforme e-learning pour la formation \u00e0 distance des \u00e9lus locaux au Togo\",\"datePublished\":\"2025-03-28T08:54:55+00:00\",\"dateModified\":\"2025-03-28T08:54:56+00:00\",\"mainEntityOfPage\":{\"@id\":\"https:\/\/lavoixdelanation.tg\/index.php\/2025\/03\/28\/un-plateforme-e-learning-pour-la-formation-a-distance-des-elus-locaux-au-togo\/\"},\"wordCount\":410,\"commentCount\":0,\"publisher\":{\"@id\":\"https:\/\/lavoixdelanation.tg\/#organization\"},\"image\":{\"@id\":\"https:\/\/lavoixdelanation.tg\/index.php\/2025\/03\/28\/un-plateforme-e-learning-pour-la-formation-a-distance-des-elus-locaux-au-togo\/#primaryimage\"},\"thumbnailUrl\":\"https:\/\/lavoixdelanation.tg\/wp-content\/uploads\/2025\/03\/Une-plateforme-e-learning-pour-la-formation-a-distance-des-elus-locaux-au-Togo.jpg\",\"keywords\":[\"Administration territoriale\",\"D\u00e9centralisation\",\"\u00e9lus locaux\",\"formation \u00e0 distance\",\"Plateforme e-learning\",\"Togo\"],\"articleSection\":[\"Education\"],\"inLanguage\":\"fr-FR\",\"potentialAction\":[{\"@type\":\"CommentAction\",\"name\":\"Comment\",\"target\":[\"https:\/\/lavoixdelanation.tg\/index.php\/2025\/03\/28\/un-plateforme-e-learning-pour-la-formation-a-distance-des-elus-locaux-au-togo\/#respond\"]}]},{\"@type\":\"WebPage\",\"@id\":\"https:\/\/lavoixdelanation.tg\/index.php\/2025\/03\/28\/un-plateforme-e-learning-pour-la-formation-a-distance-des-elus-locaux-au-togo\/\",\"url\":\"https:\/\/lavoixdelanation.tg\/index.php\/2025\/03\/28\/un-plateforme-e-learning-pour-la-formation-a-distance-des-elus-locaux-au-togo\/\",\"name\":\"Un plateforme e-learning pour la formation \u00e0 distance des \u00e9lus locaux au Togo - La Voix de la Nation\",\"isPartOf\":{\"@id\":\"https:\/\/lavoixdelanation.tg\/#website\"},\"primaryImageOfPage\":{\"@id\":\"https:\/\/lavoixdelanation.tg\/index.php\/2025\/03\/28\/un-plateforme-e-learning-pour-la-formation-a-distance-des-elus-locaux-au-togo\/#primaryimage\"},\"image\":{\"@id\":\"https:\/\/lavoixdelanation.tg\/index.php\/2025\/03\/28\/un-plateforme-e-learning-pour-la-formation-a-distance-des-elus-locaux-au-togo\/#primaryimage\"},\"thumbnailUrl\":\"https:\/\/lavoixdelanation.tg\/wp-content\/uploads\/2025\/03\/Une-plateforme-e-learning-pour-la-formation-a-distance-des-elus-locaux-au-Togo.jpg\",\"datePublished\":\"2025-03-28T08:54:55+00:00\",\"dateModified\":\"2025-03-28T08:54:56+00:00\",\"breadcrumb\":{\"@id\":\"https:\/\/lavoixdelanation.tg\/index.php\/2025\/03\/28\/un-plateforme-e-learning-pour-la-formation-a-distance-des-elus-locaux-au-togo\/#breadcrumb\"},\"inLanguage\":\"fr-FR\",\"potentialAction\":[{\"@type\":\"ReadAction\",\"target\":[\"https:\/\/lavoixdelanation.tg\/index.php\/2025\/03\/28\/un-plateforme-e-learning-pour-la-formation-a-distance-des-elus-locaux-au-togo\/\"]}]},{\"@type\":\"ImageObject\",\"inLanguage\":\"fr-FR\",\"@id\":\"https:\/\/lavoixdelanation.tg\/index.php\/2025\/03\/28\/un-plateforme-e-learning-pour-la-formation-a-distance-des-elus-locaux-au-togo\/#primaryimage\",\"url\":\"https:\/\/lavoixdelanation.tg\/wp-content\/uploads\/2025\/03\/Une-plateforme-e-learning-pour-la-formation-a-distance-des-elus-locaux-au-Togo.jpg\",\"contentUrl\":\"https:\/\/lavoixdelanation.tg\/wp-content\/uploads\/2025\/03\/Une-plateforme-e-learning-pour-la-formation-a-distance-des-elus-locaux-au-Togo.jpg\",\"width\":650,\"height\":399,\"caption\":\"Une plateforme e-learning pour la formation \u00e0 distance des \u00e9lus locaux au Togo\"},{\"@type\":\"BreadcrumbList\",\"@id\":\"https:\/\/lavoixdelanation.tg\/index.php\/2025\/03\/28\/un-plateforme-e-learning-pour-la-formation-a-distance-des-elus-locaux-au-togo\/#breadcrumb\",\"itemListElement\":[{\"@type\":\"ListItem\",\"position\":1,\"name\":\"Accueil\",\"item\":\"https:\/\/lavoixdelanation.tg\/\"},{\"@type\":\"ListItem\",\"position\":2,\"name\":\"Un plateforme e-learning pour la formation \u00e0 distance des \u00e9lus locaux au Togo\"}]},{\"@type\":\"WebSite\",\"@id\":\"https:\/\/lavoixdelanation.tg\/#website\",\"url\":\"https:\/\/lavoixdelanation.tg\/\",\"name\":\"La Voix de la Nation\",\"description\":\"R\u00e9c\u00e9piss\u00e9 n\u00b00108\/HAAC\/01-2024\/pl\/P\",\"publisher\":{\"@id\":\"https:\/\/lavoixdelanation.tg\/#organization\"},\"alternateName\":\"VON\",\"potentialAction\":[{\"@type\":\"SearchAction\",\"target\":{\"@type\":\"EntryPoint\",\"urlTemplate\":\"https:\/\/lavoixdelanation.tg\/?s={search_term_string}\"},\"query-input\":{\"@type\":\"PropertyValueSpecification\",\"valueRequired\":true,\"valueName\":\"search_term_string\"}}],\"inLanguage\":\"fr-FR\"},{\"@type\":\"Organization\",\"@id\":\"https:\/\/lavoixdelanation.tg\/#organization\",\"name\":\"La Voix de la Nation\",\"url\":\"https:\/\/lavoixdelanation.tg\/\",\"logo\":{\"@type\":\"ImageObject\",\"inLanguage\":\"fr-FR\",\"@id\":\"https:\/\/lavoixdelanation.tg\/#\/schema\/logo\/image\/\",\"url\":\"https:\/\/lavoixdelanation.tg\/wp-content\/uploads\/2024\/12\/lavn-1.png\",\"contentUrl\":\"https:\/\/lavoixdelanation.tg\/wp-content\/uploads\/2024\/12\/lavn-1.png\",\"width\":1024,\"height\":464,\"caption\":\"La Voix de la Nation\"},\"image\":{\"@id\":\"https:\/\/lavoixdelanation.tg\/#\/schema\/logo\/image\/\"},\"sameAs\":[\"https:\/\/www.facebook.com\/lavoixdelanation\"]},{\"@type\":\"Person\",\"@id\":\"https:\/\/lavoixdelanation.tg\/#\/schema\/person\/6c489293aa38053673a9e554acb6e224\",\"name\":\"La voix de la nation\",\"image\":{\"@type\":\"ImageObject\",\"inLanguage\":\"fr-FR\",\"@id\":\"https:\/\/lavoixdelanation.tg\/#\/schema\/person\/image\/\",\"url\":\"https:\/\/secure.gravatar.com\/avatar\/8aa135d4bbc794494cecaa8d483f6d6cc1023624868deaff686baed5e727a5a1?s=96&d=mm&r=g\",\"contentUrl\":\"https:\/\/secure.gravatar.com\/avatar\/8aa135d4bbc794494cecaa8d483f6d6cc1023624868deaff686baed5e727a5a1?s=96&d=mm&r=g\",\"caption\":\"La voix de la nation\"},\"sameAs\":[\"https:\/\/lavoixdelanation.tg\"],\"url\":\"https:\/\/lavoixdelanation.tg\/index.php\/author\/lavn\/\"}]}<\/script>\n<!-- \/ Yoast SEO plugin. -->","yoast_head_json":{"title":"Un plateforme e-learning pour la formation \u00e0 distance des \u00e9lus locaux au Togo - La Voix de la Nation","robots":{"index":"index","follow":"follow","max-snippet":"max-snippet:-1","max-image-preview":"max-image-preview:large","max-video-preview":"max-video-preview:-1"},"canonical":"https:\/\/lavoixdelanation.tg\/index.php\/2025\/03\/28\/un-plateforme-e-learning-pour-la-formation-a-distance-des-elus-locaux-au-togo\/","og_locale":"fr_FR","og_type":"article","og_title":"Un plateforme e-learning pour la formation \u00e0 distance des \u00e9lus locaux au Togo - La Voix de la Nation","og_description":"C\u2019est un tournant d\u00e9cisif dans le renforcement des capacit\u00e9s des \u00e9lus locaux au Togo \u00e0 travers l\u2019Agence nationale de formation des collectivit\u00e9s territoriales (ANFCT). La \u00ab&nbsp;Plateforme e-learning de l\u2019ANFCT&nbsp;\u00bb a&hellip;","og_url":"https:\/\/lavoixdelanation.tg\/index.php\/2025\/03\/28\/un-plateforme-e-learning-pour-la-formation-a-distance-des-elus-locaux-au-togo\/","og_site_name":"La Voix de la Nation","article_publisher":"https:\/\/www.facebook.com\/lavoixdelanation","article_published_time":"2025-03-28T08:54:55+00:00","article_modified_time":"2025-03-28T08:54:56+00:00","og_image":[{"width":650,"height":399,"url":"https:\/\/lavoixdelanation.tg\/wp-content\/uploads\/2025\/03\/Une-plateforme-e-learning-pour-la-formation-a-distance-des-elus-locaux-au-Togo.jpg","type":"image\/jpeg"}],"author":"La voix de la nation","twitter_card":"summary_large_image","twitter_misc":{"\u00c9crit par":"La voix de la nation","Dur\u00e9e de lecture estim\u00e9e":"2 minutes"},"schema":{"@context":"https:\/\/schema.org","@graph":[{"@type":"Article","@id":"https:\/\/lavoixdelanation.tg\/index.php\/2025\/03\/28\/un-plateforme-e-learning-pour-la-formation-a-distance-des-elus-locaux-au-togo\/#article","isPartOf":{"@id":"https:\/\/lavoixdelanation.tg\/index.php\/2025\/03\/28\/un-plateforme-e-learning-pour-la-formation-a-distance-des-elus-locaux-au-togo\/"},"author":{"name":"La voix de la nation","@id":"https:\/\/lavoixdelanation.tg\/#\/schema\/person\/6c489293aa38053673a9e554acb6e224"},"headline":"Un plateforme e-learning pour la formation \u00e0 distance des \u00e9lus locaux au Togo","datePublished":"2025-03-28T08:54:55+00:00","dateModified":"2025-03-28T08:54:56+00:00","mainEntityOfPage":{"@id":"https:\/\/lavoixdelanation.tg\/index.php\/2025\/03\/28\/un-plateforme-e-learning-pour-la-formation-a-distance-des-elus-locaux-au-togo\/"},"wordCount":410,"commentCount":0,"publisher":{"@id":"https:\/\/lavoixdelanation.tg\/#organization"},"image":{"@id":"https:\/\/lavoixdelanation.tg\/index.php\/2025\/03\/28\/un-plateforme-e-learning-pour-la-formation-a-distance-des-elus-locaux-au-togo\/#primaryimage"},"thumbnailUrl":"https:\/\/lavoixdelanation.tg\/wp-content\/uploads\/2025\/03\/Une-plateforme-e-learning-pour-la-formation-a-distance-des-elus-locaux-au-Togo.jpg","keywords":["Administration territoriale","D\u00e9centralisation","\u00e9lus locaux","formation \u00e0 distance","Plateforme e-learning","Togo"],"articleSection":["Education"],"inLanguage":"fr-FR","potentialAction":[{"@type":"CommentAction","name":"Comment","target":["https:\/\/lavoixdelanation.tg\/index.php\/2025\/03\/28\/un-plateforme-e-learning-pour-la-formation-a-distance-des-elus-locaux-au-togo\/#respond"]}]},{"@type":"WebPage","@id":"https:\/\/lavoixdelanation.tg\/index.php\/2025\/03\/28\/un-plateforme-e-learning-pour-la-formation-a-distance-des-elus-locaux-au-togo\/","url":"https:\/\/lavoixdelanation.tg\/index.php\/2025\/03\/28\/un-plateforme-e-learning-pour-la-formation-a-distance-des-elus-locaux-au-togo\/","name":"Un plateforme e-learning pour la formation \u00e0 distance des \u00e9lus locaux au Togo - La Voix de la Nation","isPartOf":{"@id":"https:\/\/lavoixdelanation.tg\/#website"},"primaryImageOfPage":{"@id":"https:\/\/lavoixdelanation.tg\/index.php\/2025\/03\/28\/un-plateforme-e-learning-pour-la-formation-a-distance-des-elus-locaux-au-togo\/#primaryimage"},"image":{"@id":"https:\/\/lavoixdelanation.tg\/index.php\/2025\/03\/28\/un-plateforme-e-learning-pour-la-formation-a-distance-des-elus-locaux-au-togo\/#primaryimage"},"thumbnailUrl":"https:\/\/lavoixdelanation.tg\/wp-content\/uploads\/2025\/03\/Une-plateforme-e-learning-pour-la-formation-a-distance-des-elus-locaux-au-Togo.jpg","datePublished":"2025-03-28T08:54:55+00:00","dateModified":"2025-03-28T08:54:56+00:00","breadcrumb":{"@id":"https:\/\/lavoixdelanation.tg\/index.php\/2025\/03\/28\/un-plateforme-e-learning-pour-la-formation-a-distance-des-elus-locaux-au-togo\/#breadcrumb"},"inLanguage":"fr-FR","potentialAction":[{"@type":"ReadAction","target":["https:\/\/lavoixdelanation.tg\/index.php\/2025\/03\/28\/un-plateforme-e-learning-pour-la-formation-a-distance-des-elus-locaux-au-togo\/"]}]},{"@type":"ImageObject","inLanguage":"fr-FR","@id":"https:\/\/lavoixdelanation.tg\/index.php\/2025\/03\/28\/un-plateforme-e-learning-pour-la-formation-a-distance-des-elus-locaux-au-togo\/#primaryimage","url":"https:\/\/lavoixdelanation.tg\/wp-content\/uploads\/2025\/03\/Une-plateforme-e-learning-pour-la-formation-a-distance-des-elus-locaux-au-Togo.jpg","contentUrl":"https:\/\/lavoixdelanation.tg\/wp-content\/uploads\/2025\/03\/Une-plateforme-e-learning-pour-la-formation-a-distance-des-elus-locaux-au-Togo.jpg","width":650,"height":399,"caption":"Une plateforme e-learning pour la formation \u00e0 distance des \u00e9lus locaux au Togo"},{"@type":"BreadcrumbList","@id":"https:\/\/lavoixdelanation.tg\/index.php\/2025\/03\/28\/un-plateforme-e-learning-pour-la-formation-a-distance-des-elus-locaux-au-togo\/#breadcrumb","itemListElement":[{"@type":"ListItem","position":1,"name":"Accueil","item":"https:\/\/lavoixdelanation.tg\/"},{"@type":"ListItem","position":2,"name":"Un plateforme e-learning pour la formation \u00e0 distance des \u00e9lus locaux au Togo"}]},{"@type":"WebSite","@id":"https:\/\/lavoixdelanation.tg\/#website","url":"https:\/\/lavoixdelanation.tg\/","name":"La Voix de la Nation","description":"R\u00e9c\u00e9piss\u00e9 n\u00b00108\/HAAC\/01-2024\/pl\/P","publisher":{"@id":"https:\/\/lavoixdelanation.tg\/#organization"},"alternateName":"VON","potentialAction":[{"@type":"SearchAction","target":{"@type":"EntryPoint","urlTemplate":"https:\/\/lavoixdelanation.tg\/?s={search_term_string}"},"query-input":{"@type":"PropertyValueSpecification","valueRequired":true,"valueName":"search_term_string"}}],"inLanguage":"fr-FR"},{"@type":"Organization","@id":"https:\/\/lavoixdelanation.tg\/#organization","name":"La Voix de la Nation","url":"https:\/\/lavoixdelanation.tg\/","logo":{"@type":"ImageObject","inLanguage":"fr-FR","@id":"https:\/\/lavoixdelanation.tg\/#\/schema\/logo\/image\/","url":"https:\/\/lavoixdelanation.tg\/wp-content\/uploads\/2024\/12\/lavn-1.png","contentUrl":"https:\/\/lavoixdelanation.tg\/wp-content\/uploads\/2024\/12\/lavn-1.png","width":1024,"height":464,"caption":"La Voix de la Nation"},"image":{"@id":"https:\/\/lavoixdelanation.tg\/#\/schema\/logo\/image\/"},"sameAs":["https:\/\/www.facebook.com\/lavoixdelanation"]},{"@type":"Person","@id":"https:\/\/lavoixdelanation.tg\/#\/schema\/person\/6c489293aa38053673a9e554acb6e224","name":"La voix de la nation","image":{"@type":"ImageObject","inLanguage":"fr-FR","@id":"https:\/\/lavoixdelanation.tg\/#\/schema\/person\/image\/","url":"https:\/\/secure.gravatar.com\/avatar\/8aa135d4bbc794494cecaa8d483f6d6cc1023624868deaff686baed5e727a5a1?s=96&d=mm&r=g","contentUrl":"https:\/\/secure.gravatar.com\/avatar\/8aa135d4bbc794494cecaa8d483f6d6cc1023624868deaff686baed5e727a5a1?s=96&d=mm&r=g","caption":"La voix de la nation"},"sameAs":["https:\/\/lavoixdelanation.tg"],"url":"https:\/\/lavoixdelanation.tg\/index.php\/author\/lavn\/"}]}},"_links":{"self":[{"href":"https:\/\/lavoixdelanation.tg\/index.php\/wp-json\/wp\/v2\/posts\/2499","targetHints":{"allow":["GET"]}}],"collection":[{"href":"https:\/\/lavoixdelanation.tg\/index.php\/wp-json\/wp\/v2\/posts"}],"about":[{"href":"https:\/\/lavoixdelanation.tg\/index.php\/wp-json\/wp\/v2\/types\/post"}],"author":[{"embeddable":true,"href":"https:\/\/lavoixdelanation.tg\/index.php\/wp-json\/wp\/v2\/users\/1"}],"replies":[{"embeddable":true,"href":"https:\/\/lavoixdelanation.tg\/index.php\/wp-json\/wp\/v2\/comments?post=2499"}],"version-history":[{"count":1,"href":"https:\/\/lavoixdelanation.tg\/index.php\/wp-json\/wp\/v2\/posts\/2499\/revisions"}],"predecessor-version":[{"id":2501,"href":"https:\/\/lavoixdelanation.tg\/index.php\/wp-json\/wp\/v2\/posts\/2499\/revisions\/2501"}],"wp:featuredmedia":[{"embeddable":true,"href":"https:\/\/lavoixdelanation.tg\/index.php\/wp-json\/wp\/v2\/media\/2500"}],"wp:attachment":[{"href":"https:\/\/lavoixdelanation.tg\/index.php\/wp-json\/wp\/v2\/media?parent=2499"}],"wp:term":[{"taxonomy":"category","embeddable":true,"href":"https:\/\/lavoixdelanation.tg\/index.php\/wp-json\/wp\/v2\/categories?post=2499"},{"taxonomy":"post_tag","embeddable":true,"href":"https:\/\/lavoixdelanation.tg\/index.php\/wp-json\/wp\/v2\/tags?post=2499"}],"curies":[{"name":"wp","href":"https:\/\/api.w.org\/{rel}","templated":true}]}}