{"id":2466,"date":"2025-03-25T11:39:54","date_gmt":"2025-03-25T10:39:54","guid":{"rendered":"https:\/\/lavoixdelanation.tg\/?p=2466"},"modified":"2025-03-27T00:54:28","modified_gmt":"2025-03-26T23:54:28","slug":"journee-mondiale-des-mathematiques-ledition-2025-observee-a-lens-datakpame","status":"publish","type":"post","link":"https:\/\/lavoixdelanation.tg\/index.php\/2025\/03\/25\/journee-mondiale-des-mathematiques-ledition-2025-observee-a-lens-datakpame\/","title":{"rendered":"Journ\u00e9e Mondiale des Math\u00e9matiques\u00a0: L\u2019\u00e9dition 2025 observ\u00e9e \u00e0 l\u2019ENS d\u2019Atakpam\u00e9"},"content":{"rendered":"\n<p><strong>Le 14 mars de chaque ann\u00e9e, est c\u00e9l\u00e9br\u00e9e la Journ\u00e9e Internationale des math\u00e9matiques au Togo \u00e0 l\u2019instar des autres pays. Ceci, pour mettre en lumi\u00e8re comment la pens\u00e9e math\u00e9matique contribue \u00e0 la r\u00e9solution de probl\u00e8mes, au raisonnement critique et \u00e0 l\u2019exploration cr\u00e9ative.<\/strong><\/p>\n\n\n\n<p>Pour marquer l\u2019\u00e9dition 2025 de cette c\u00e9l\u00e9bration, le d\u00e9partement des math\u00e9matiques de l\u2019Ecole Normale Sup\u00e9rieure (ENS) d\u2019Atakpam\u00e9 a initi\u00e9 une s\u00e9rie d\u2019activit\u00e9s en mettant en relief l\u2019historique des math\u00e9matiques, de m\u00eame que des jeux de questions-r\u00e9ponses avec la participation des \u00e9l\u00e8ves venus de quatre coll\u00e8ges d\u2019enseignement de la commune Ogou 1.<\/p>\n\n\n\n<p>\u00ab&nbsp;D\u00e9mystification des math\u00e9matiques en milieu scolaire&nbsp;\u00bb&nbsp;: c\u2019est en effet le th\u00e8me au centre d\u2019une causerie-d\u00e9bats initi\u00e9 \u00e0 l\u2019occasion de cette journ\u00e9e, en pr\u00e9sence du Ma\u00eetre de Conf\u00e9rences, directeur g\u00e9n\u00e9ral de l\u2019ENS M. Agbenoko Koffi Donyo, entour\u00e9 du directeur r\u00e9gional de l\u2019\u00e9ducation des plateaux-est M. Ciss\u00e9 Abdou-Razak et du chef de d\u00e9partement des math\u00e9matiques Dr. Kaman L\u00e9l\u00e9n ainsi que d\u2019autres acteurs de la communaut\u00e9 \u00e9ducative.<\/p>\n\n\n\n<p>Se f\u00e9licitant de cette journ\u00e9e, Dr. Kaman L\u00e9l\u00e9n a retrac\u00e9 les origines des math\u00e9matiques et son \u00e9volution aujourd\u2019hui, en passant par les prouesses des premiers math\u00e9maticiens. Abondant dans le m\u00eame sens, certains de ses coll\u00e8gues enseignants ont relev\u00e9 l\u2019exploit du savant Archim\u00e8de et la provenance du chiffre z\u00e9ro.<\/p>\n\n\n\n<p>Ils ont convi\u00e9 les \u00e9l\u00e8ves et \u00e9tudiants \u00e0 d\u00e9velopper une passion pour l\u2019\u00e9tude des math\u00e9matiques sans pour autant laisser les autres sciences.<\/p>\n\n\n\n<figure class=\"wp-block-image size-large\"><img loading=\"lazy\" decoding=\"async\" width=\"1024\" height=\"576\" src=\"https:\/\/lavoixdelanation.tg\/wp-content\/uploads\/2025\/03\/De-gauche-a-droite-Le-Chef-de-departement-Mathematiques-ENS-Dr.-Kaman-Leleng-le-DG-de-lENS-M.-Agbenoko-Koffi-Donyo-et-le-DRE-plateaux-est-inspecteur-Cisse-Abdou-Razak-1024x576.jpeg\" alt=\"\" class=\"wp-image-2468\" srcset=\"https:\/\/lavoixdelanation.tg\/wp-content\/uploads\/2025\/03\/De-gauche-a-droite-Le-Chef-de-departement-Mathematiques-ENS-Dr.-Kaman-Leleng-le-DG-de-lENS-M.-Agbenoko-Koffi-Donyo-et-le-DRE-plateaux-est-inspecteur-Cisse-Abdou-Razak-1024x576.jpeg 1024w, https:\/\/lavoixdelanation.tg\/wp-content\/uploads\/2025\/03\/De-gauche-a-droite-Le-Chef-de-departement-Mathematiques-ENS-Dr.-Kaman-Leleng-le-DG-de-lENS-M.-Agbenoko-Koffi-Donyo-et-le-DRE-plateaux-est-inspecteur-Cisse-Abdou-Razak-300x169.jpeg 300w, https:\/\/lavoixdelanation.tg\/wp-content\/uploads\/2025\/03\/De-gauche-a-droite-Le-Chef-de-departement-Mathematiques-ENS-Dr.-Kaman-Leleng-le-DG-de-lENS-M.-Agbenoko-Koffi-Donyo-et-le-DRE-plateaux-est-inspecteur-Cisse-Abdou-Razak-768x432.jpeg 768w, https:\/\/lavoixdelanation.tg\/wp-content\/uploads\/2025\/03\/De-gauche-a-droite-Le-Chef-de-departement-Mathematiques-ENS-Dr.-Kaman-Leleng-le-DG-de-lENS-M.-Agbenoko-Koffi-Donyo-et-le-DRE-plateaux-est-inspecteur-Cisse-Abdou-Razak.jpeg 1080w\" sizes=\"auto, (max-width: 1024px) 100vw, 1024px\" \/><figcaption class=\"wp-element-caption\"><em>De gauche \u00e0 droite : Le Chef de d\u00e9partement Math\u00e9matiques (ENS) Dr. Kaman L\u00e9l\u00e9n, le DG de l&rsquo;ENS M. Agbenoko Koffi Donyo et le DRE-plateaux-est, inspecteur Ciss\u00e9 Abdou Razak<\/em><\/figcaption><\/figure>\n\n\n\n<p>Pour eux, les math\u00e9matiques permettent \u00e0 ceux qui l\u2019exercent de d\u00e9velopper non seulement des comp\u00e9tences sur la logique, les m\u00e9thodes exp\u00e9rimentales, la rigueur et les capacit\u00e9s d\u2019abstractions, mais aussi les aideront au quotidien \u00e0 comprendre comment fonctionne le cosmos et toutes les autres sciences entre autres la physique, la chimie, la technologie et l\u2019informatique.<\/p>\n\n\n\n<p>Pour finir, ils ont \u00e9mis le v\u0153u de ratisser large leurs actions de sensibilisation et de mobilisation en prenant en compte les autres \u00e9tablissements dans les \u00e9ditions \u00e0 venir.<\/p>\n\n\n\n<p>Le Directeur g\u00e9n\u00e9ral de l\u2019ENS Agbenoko Koffi Donyo a pour sa part soulign\u00e9 le r\u00f4le essentiel jou\u00e9 par les sciences math\u00e9matiques dans l&rsquo;identification des solutions \u00e0 certains d\u00e9fis les plus urgents de notre \u00e9poque.<\/p>\n\n\n\n<p>Il a exhort\u00e9 tout apprenant \u00e0 se donner \u00e0 ses \u00e9tudes, \u00e0 se battre et \u00e0 se fixer des objectifs afin de trouver une place de choix dans la vie et \u00e0 rendre plus noble et attractive cette discipline aux futurs \u00e9tudiants.<\/p>\n\n\n\n<p>Les organisateurs et l\u2019ensemble des participants de cette c\u00e9l\u00e9bration ont \u00e0 l\u2019issue des travaux relev\u00e9 la n\u00e9cessit\u00e9 de ma\u00eetriser davantage les sciences math\u00e9matiques. En prenant un rendez-vous sur l\u2019an prochain, ils se sont s\u00e9par\u00e9s sur une note de satisfecit g\u00e9n\u00e9ral. L\u2019ambiance a \u00e9t\u00e9 entretenue et agr\u00e9ment\u00e9e par le Club litt\u00e9raire de l\u2019ENS sur la marque d\u2019une prestation th\u00e9\u00e2trale.<\/p>\n\n\n\n<p><strong>Depuis Atakpam\u00e9, Evrard Nomanyo<\/strong><\/p>\n","protected":false},"excerpt":{"rendered":"<p>Le 14 mars de chaque ann\u00e9e, est c\u00e9l\u00e9br\u00e9e la Journ\u00e9e Internationale des math\u00e9matiques au Togo \u00e0 l\u2019instar des autres pays. Ceci, pour mettre en lumi\u00e8re comment la pens\u00e9e math\u00e9matique contribue&hellip; <\/p>\n","protected":false},"author":1,"featured_media":2467,"comment_status":"open","ping_status":"open","sticky":false,"template":"","format":"standard","meta":{"footnotes":""},"categories":[10],"tags":[519,518,39],"class_list":["post-2466","post","type-post","status-publish","format-standard","has-post-thumbnail","hentry","category-education","tag-ens-datakpame","tag-journee-mondiale-des-mathematiques","tag-togo"],"yoast_head":"<!-- This site is optimized with the Yoast SEO plugin v26.4 - https:\/\/yoast.com\/wordpress\/plugins\/seo\/ -->\n<title>Journ\u00e9e Mondiale des Math\u00e9matiques\u00a0: L\u2019\u00e9dition 2025 observ\u00e9e \u00e0 l\u2019ENS d\u2019Atakpam\u00e9 - La Voix de la Nation<\/title>\n<meta name=\"robots\" content=\"index, follow, max-snippet:-1, max-image-preview:large, max-video-preview:-1\" \/>\n<link rel=\"canonical\" href=\"https:\/\/lavoixdelanation.tg\/index.php\/2025\/03\/25\/journee-mondiale-des-mathematiques-ledition-2025-observee-a-lens-datakpame\/\" \/>\n<meta property=\"og:locale\" content=\"fr_FR\" \/>\n<meta property=\"og:type\" content=\"article\" \/>\n<meta property=\"og:title\" content=\"Journ\u00e9e Mondiale des Math\u00e9matiques\u00a0: L\u2019\u00e9dition 2025 observ\u00e9e \u00e0 l\u2019ENS d\u2019Atakpam\u00e9 - La Voix de la Nation\" \/>\n<meta property=\"og:description\" content=\"Le 14 mars de chaque ann\u00e9e, est c\u00e9l\u00e9br\u00e9e la Journ\u00e9e Internationale des math\u00e9matiques au Togo \u00e0 l\u2019instar des autres pays. Ceci, pour mettre en lumi\u00e8re comment la pens\u00e9e math\u00e9matique contribue&hellip;\" \/>\n<meta property=\"og:url\" content=\"https:\/\/lavoixdelanation.tg\/index.php\/2025\/03\/25\/journee-mondiale-des-mathematiques-ledition-2025-observee-a-lens-datakpame\/\" \/>\n<meta property=\"og:site_name\" content=\"La Voix de la Nation\" \/>\n<meta property=\"article:publisher\" content=\"https:\/\/www.facebook.com\/lavoixdelanation\" \/>\n<meta property=\"article:published_time\" content=\"2025-03-25T10:39:54+00:00\" \/>\n<meta property=\"article:modified_time\" content=\"2025-03-26T23:54:28+00:00\" \/>\n<meta property=\"og:image\" content=\"https:\/\/lavoixdelanation.tg\/wp-content\/uploads\/2025\/03\/Photo-de-famille-des-laureats-et-enseignants-des-mathematiques.jpeg\" \/>\n\t<meta property=\"og:image:width\" content=\"1080\" \/>\n\t<meta property=\"og:image:height\" content=\"608\" \/>\n\t<meta property=\"og:image:type\" content=\"image\/jpeg\" \/>\n<meta name=\"author\" content=\"La voix de la nation\" \/>\n<meta name=\"twitter:card\" content=\"summary_large_image\" \/>\n<meta name=\"twitter:label1\" content=\"\u00c9crit par\" \/>\n\t<meta name=\"twitter:data1\" content=\"La voix de la nation\" \/>\n\t<meta name=\"twitter:label2\" content=\"Dur\u00e9e de lecture estim\u00e9e\" \/>\n\t<meta name=\"twitter:data2\" content=\"3 minutes\" \/>\n<script type=\"application\/ld+json\" class=\"yoast-schema-graph\">{\"@context\":\"https:\/\/schema.org\",\"@graph\":[{\"@type\":\"Article\",\"@id\":\"https:\/\/lavoixdelanation.tg\/index.php\/2025\/03\/25\/journee-mondiale-des-mathematiques-ledition-2025-observee-a-lens-datakpame\/#article\",\"isPartOf\":{\"@id\":\"https:\/\/lavoixdelanation.tg\/index.php\/2025\/03\/25\/journee-mondiale-des-mathematiques-ledition-2025-observee-a-lens-datakpame\/\"},\"author\":{\"name\":\"La voix de la nation\",\"@id\":\"https:\/\/lavoixdelanation.tg\/#\/schema\/person\/6c489293aa38053673a9e554acb6e224\"},\"headline\":\"Journ\u00e9e Mondiale des Math\u00e9matiques\u00a0: L\u2019\u00e9dition 2025 observ\u00e9e \u00e0 l\u2019ENS d\u2019Atakpam\u00e9\",\"datePublished\":\"2025-03-25T10:39:54+00:00\",\"dateModified\":\"2025-03-26T23:54:28+00:00\",\"mainEntityOfPage\":{\"@id\":\"https:\/\/lavoixdelanation.tg\/index.php\/2025\/03\/25\/journee-mondiale-des-mathematiques-ledition-2025-observee-a-lens-datakpame\/\"},\"wordCount\":584,\"commentCount\":0,\"publisher\":{\"@id\":\"https:\/\/lavoixdelanation.tg\/#organization\"},\"image\":{\"@id\":\"https:\/\/lavoixdelanation.tg\/index.php\/2025\/03\/25\/journee-mondiale-des-mathematiques-ledition-2025-observee-a-lens-datakpame\/#primaryimage\"},\"thumbnailUrl\":\"https:\/\/lavoixdelanation.tg\/wp-content\/uploads\/2025\/03\/Photo-de-famille-des-laureats-et-enseignants-des-mathematiques.jpeg\",\"keywords\":[\"ENS d\u2019Atakpam\u00e9\",\"Journ\u00e9e Mondiale des Math\u00e9matiques\",\"Togo\"],\"articleSection\":[\"Education\"],\"inLanguage\":\"fr-FR\",\"potentialAction\":[{\"@type\":\"CommentAction\",\"name\":\"Comment\",\"target\":[\"https:\/\/lavoixdelanation.tg\/index.php\/2025\/03\/25\/journee-mondiale-des-mathematiques-ledition-2025-observee-a-lens-datakpame\/#respond\"]}]},{\"@type\":\"WebPage\",\"@id\":\"https:\/\/lavoixdelanation.tg\/index.php\/2025\/03\/25\/journee-mondiale-des-mathematiques-ledition-2025-observee-a-lens-datakpame\/\",\"url\":\"https:\/\/lavoixdelanation.tg\/index.php\/2025\/03\/25\/journee-mondiale-des-mathematiques-ledition-2025-observee-a-lens-datakpame\/\",\"name\":\"Journ\u00e9e Mondiale des Math\u00e9matiques\u00a0: L\u2019\u00e9dition 2025 observ\u00e9e \u00e0 l\u2019ENS d\u2019Atakpam\u00e9 - La Voix de la Nation\",\"isPartOf\":{\"@id\":\"https:\/\/lavoixdelanation.tg\/#website\"},\"primaryImageOfPage\":{\"@id\":\"https:\/\/lavoixdelanation.tg\/index.php\/2025\/03\/25\/journee-mondiale-des-mathematiques-ledition-2025-observee-a-lens-datakpame\/#primaryimage\"},\"image\":{\"@id\":\"https:\/\/lavoixdelanation.tg\/index.php\/2025\/03\/25\/journee-mondiale-des-mathematiques-ledition-2025-observee-a-lens-datakpame\/#primaryimage\"},\"thumbnailUrl\":\"https:\/\/lavoixdelanation.tg\/wp-content\/uploads\/2025\/03\/Photo-de-famille-des-laureats-et-enseignants-des-mathematiques.jpeg\",\"datePublished\":\"2025-03-25T10:39:54+00:00\",\"dateModified\":\"2025-03-26T23:54:28+00:00\",\"breadcrumb\":{\"@id\":\"https:\/\/lavoixdelanation.tg\/index.php\/2025\/03\/25\/journee-mondiale-des-mathematiques-ledition-2025-observee-a-lens-datakpame\/#breadcrumb\"},\"inLanguage\":\"fr-FR\",\"potentialAction\":[{\"@type\":\"ReadAction\",\"target\":[\"https:\/\/lavoixdelanation.tg\/index.php\/2025\/03\/25\/journee-mondiale-des-mathematiques-ledition-2025-observee-a-lens-datakpame\/\"]}]},{\"@type\":\"ImageObject\",\"inLanguage\":\"fr-FR\",\"@id\":\"https:\/\/lavoixdelanation.tg\/index.php\/2025\/03\/25\/journee-mondiale-des-mathematiques-ledition-2025-observee-a-lens-datakpame\/#primaryimage\",\"url\":\"https:\/\/lavoixdelanation.tg\/wp-content\/uploads\/2025\/03\/Photo-de-famille-des-laureats-et-enseignants-des-mathematiques.jpeg\",\"contentUrl\":\"https:\/\/lavoixdelanation.tg\/wp-content\/uploads\/2025\/03\/Photo-de-famille-des-laureats-et-enseignants-des-mathematiques.jpeg\",\"width\":1080,\"height\":608,\"caption\":\"Photo de famille des laur\u00e9ats et enseignants des math\u00e9matiques\"},{\"@type\":\"BreadcrumbList\",\"@id\":\"https:\/\/lavoixdelanation.tg\/index.php\/2025\/03\/25\/journee-mondiale-des-mathematiques-ledition-2025-observee-a-lens-datakpame\/#breadcrumb\",\"itemListElement\":[{\"@type\":\"ListItem\",\"position\":1,\"name\":\"Accueil\",\"item\":\"https:\/\/lavoixdelanation.tg\/\"},{\"@type\":\"ListItem\",\"position\":2,\"name\":\"Journ\u00e9e Mondiale des Math\u00e9matiques\u00a0: L\u2019\u00e9dition 2025 observ\u00e9e \u00e0 l\u2019ENS d\u2019Atakpam\u00e9\"}]},{\"@type\":\"WebSite\",\"@id\":\"https:\/\/lavoixdelanation.tg\/#website\",\"url\":\"https:\/\/lavoixdelanation.tg\/\",\"name\":\"La Voix de la Nation\",\"description\":\"R\u00e9c\u00e9piss\u00e9 n\u00b00108\/HAAC\/01-2024\/pl\/P\",\"publisher\":{\"@id\":\"https:\/\/lavoixdelanation.tg\/#organization\"},\"alternateName\":\"VON\",\"potentialAction\":[{\"@type\":\"SearchAction\",\"target\":{\"@type\":\"EntryPoint\",\"urlTemplate\":\"https:\/\/lavoixdelanation.tg\/?s={search_term_string}\"},\"query-input\":{\"@type\":\"PropertyValueSpecification\",\"valueRequired\":true,\"valueName\":\"search_term_string\"}}],\"inLanguage\":\"fr-FR\"},{\"@type\":\"Organization\",\"@id\":\"https:\/\/lavoixdelanation.tg\/#organization\",\"name\":\"La Voix de la Nation\",\"url\":\"https:\/\/lavoixdelanation.tg\/\",\"logo\":{\"@type\":\"ImageObject\",\"inLanguage\":\"fr-FR\",\"@id\":\"https:\/\/lavoixdelanation.tg\/#\/schema\/logo\/image\/\",\"url\":\"https:\/\/lavoixdelanation.tg\/wp-content\/uploads\/2024\/12\/lavn-1.png\",\"contentUrl\":\"https:\/\/lavoixdelanation.tg\/wp-content\/uploads\/2024\/12\/lavn-1.png\",\"width\":1024,\"height\":464,\"caption\":\"La Voix de la Nation\"},\"image\":{\"@id\":\"https:\/\/lavoixdelanation.tg\/#\/schema\/logo\/image\/\"},\"sameAs\":[\"https:\/\/www.facebook.com\/lavoixdelanation\"]},{\"@type\":\"Person\",\"@id\":\"https:\/\/lavoixdelanation.tg\/#\/schema\/person\/6c489293aa38053673a9e554acb6e224\",\"name\":\"La voix de la nation\",\"image\":{\"@type\":\"ImageObject\",\"inLanguage\":\"fr-FR\",\"@id\":\"https:\/\/lavoixdelanation.tg\/#\/schema\/person\/image\/\",\"url\":\"https:\/\/secure.gravatar.com\/avatar\/8aa135d4bbc794494cecaa8d483f6d6cc1023624868deaff686baed5e727a5a1?s=96&d=mm&r=g\",\"contentUrl\":\"https:\/\/secure.gravatar.com\/avatar\/8aa135d4bbc794494cecaa8d483f6d6cc1023624868deaff686baed5e727a5a1?s=96&d=mm&r=g\",\"caption\":\"La voix de la nation\"},\"sameAs\":[\"https:\/\/lavoixdelanation.tg\"],\"url\":\"https:\/\/lavoixdelanation.tg\/index.php\/author\/lavn\/\"}]}<\/script>\n<!-- \/ Yoast SEO plugin. -->","yoast_head_json":{"title":"Journ\u00e9e Mondiale des Math\u00e9matiques\u00a0: L\u2019\u00e9dition 2025 observ\u00e9e \u00e0 l\u2019ENS d\u2019Atakpam\u00e9 - La Voix de la Nation","robots":{"index":"index","follow":"follow","max-snippet":"max-snippet:-1","max-image-preview":"max-image-preview:large","max-video-preview":"max-video-preview:-1"},"canonical":"https:\/\/lavoixdelanation.tg\/index.php\/2025\/03\/25\/journee-mondiale-des-mathematiques-ledition-2025-observee-a-lens-datakpame\/","og_locale":"fr_FR","og_type":"article","og_title":"Journ\u00e9e Mondiale des Math\u00e9matiques\u00a0: L\u2019\u00e9dition 2025 observ\u00e9e \u00e0 l\u2019ENS d\u2019Atakpam\u00e9 - La Voix de la Nation","og_description":"Le 14 mars de chaque ann\u00e9e, est c\u00e9l\u00e9br\u00e9e la Journ\u00e9e Internationale des math\u00e9matiques au Togo \u00e0 l\u2019instar des autres pays. Ceci, pour mettre en lumi\u00e8re comment la pens\u00e9e math\u00e9matique contribue&hellip;","og_url":"https:\/\/lavoixdelanation.tg\/index.php\/2025\/03\/25\/journee-mondiale-des-mathematiques-ledition-2025-observee-a-lens-datakpame\/","og_site_name":"La Voix de la Nation","article_publisher":"https:\/\/www.facebook.com\/lavoixdelanation","article_published_time":"2025-03-25T10:39:54+00:00","article_modified_time":"2025-03-26T23:54:28+00:00","og_image":[{"width":1080,"height":608,"url":"https:\/\/lavoixdelanation.tg\/wp-content\/uploads\/2025\/03\/Photo-de-famille-des-laureats-et-enseignants-des-mathematiques.jpeg","type":"image\/jpeg"}],"author":"La voix de la nation","twitter_card":"summary_large_image","twitter_misc":{"\u00c9crit par":"La voix de la nation","Dur\u00e9e de lecture estim\u00e9e":"3 minutes"},"schema":{"@context":"https:\/\/schema.org","@graph":[{"@type":"Article","@id":"https:\/\/lavoixdelanation.tg\/index.php\/2025\/03\/25\/journee-mondiale-des-mathematiques-ledition-2025-observee-a-lens-datakpame\/#article","isPartOf":{"@id":"https:\/\/lavoixdelanation.tg\/index.php\/2025\/03\/25\/journee-mondiale-des-mathematiques-ledition-2025-observee-a-lens-datakpame\/"},"author":{"name":"La voix de la nation","@id":"https:\/\/lavoixdelanation.tg\/#\/schema\/person\/6c489293aa38053673a9e554acb6e224"},"headline":"Journ\u00e9e Mondiale des Math\u00e9matiques\u00a0: L\u2019\u00e9dition 2025 observ\u00e9e \u00e0 l\u2019ENS d\u2019Atakpam\u00e9","datePublished":"2025-03-25T10:39:54+00:00","dateModified":"2025-03-26T23:54:28+00:00","mainEntityOfPage":{"@id":"https:\/\/lavoixdelanation.tg\/index.php\/2025\/03\/25\/journee-mondiale-des-mathematiques-ledition-2025-observee-a-lens-datakpame\/"},"wordCount":584,"commentCount":0,"publisher":{"@id":"https:\/\/lavoixdelanation.tg\/#organization"},"image":{"@id":"https:\/\/lavoixdelanation.tg\/index.php\/2025\/03\/25\/journee-mondiale-des-mathematiques-ledition-2025-observee-a-lens-datakpame\/#primaryimage"},"thumbnailUrl":"https:\/\/lavoixdelanation.tg\/wp-content\/uploads\/2025\/03\/Photo-de-famille-des-laureats-et-enseignants-des-mathematiques.jpeg","keywords":["ENS d\u2019Atakpam\u00e9","Journ\u00e9e Mondiale des Math\u00e9matiques","Togo"],"articleSection":["Education"],"inLanguage":"fr-FR","potentialAction":[{"@type":"CommentAction","name":"Comment","target":["https:\/\/lavoixdelanation.tg\/index.php\/2025\/03\/25\/journee-mondiale-des-mathematiques-ledition-2025-observee-a-lens-datakpame\/#respond"]}]},{"@type":"WebPage","@id":"https:\/\/lavoixdelanation.tg\/index.php\/2025\/03\/25\/journee-mondiale-des-mathematiques-ledition-2025-observee-a-lens-datakpame\/","url":"https:\/\/lavoixdelanation.tg\/index.php\/2025\/03\/25\/journee-mondiale-des-mathematiques-ledition-2025-observee-a-lens-datakpame\/","name":"Journ\u00e9e Mondiale des Math\u00e9matiques\u00a0: L\u2019\u00e9dition 2025 observ\u00e9e \u00e0 l\u2019ENS d\u2019Atakpam\u00e9 - La Voix de la Nation","isPartOf":{"@id":"https:\/\/lavoixdelanation.tg\/#website"},"primaryImageOfPage":{"@id":"https:\/\/lavoixdelanation.tg\/index.php\/2025\/03\/25\/journee-mondiale-des-mathematiques-ledition-2025-observee-a-lens-datakpame\/#primaryimage"},"image":{"@id":"https:\/\/lavoixdelanation.tg\/index.php\/2025\/03\/25\/journee-mondiale-des-mathematiques-ledition-2025-observee-a-lens-datakpame\/#primaryimage"},"thumbnailUrl":"https:\/\/lavoixdelanation.tg\/wp-content\/uploads\/2025\/03\/Photo-de-famille-des-laureats-et-enseignants-des-mathematiques.jpeg","datePublished":"2025-03-25T10:39:54+00:00","dateModified":"2025-03-26T23:54:28+00:00","breadcrumb":{"@id":"https:\/\/lavoixdelanation.tg\/index.php\/2025\/03\/25\/journee-mondiale-des-mathematiques-ledition-2025-observee-a-lens-datakpame\/#breadcrumb"},"inLanguage":"fr-FR","potentialAction":[{"@type":"ReadAction","target":["https:\/\/lavoixdelanation.tg\/index.php\/2025\/03\/25\/journee-mondiale-des-mathematiques-ledition-2025-observee-a-lens-datakpame\/"]}]},{"@type":"ImageObject","inLanguage":"fr-FR","@id":"https:\/\/lavoixdelanation.tg\/index.php\/2025\/03\/25\/journee-mondiale-des-mathematiques-ledition-2025-observee-a-lens-datakpame\/#primaryimage","url":"https:\/\/lavoixdelanation.tg\/wp-content\/uploads\/2025\/03\/Photo-de-famille-des-laureats-et-enseignants-des-mathematiques.jpeg","contentUrl":"https:\/\/lavoixdelanation.tg\/wp-content\/uploads\/2025\/03\/Photo-de-famille-des-laureats-et-enseignants-des-mathematiques.jpeg","width":1080,"height":608,"caption":"Photo de famille des laur\u00e9ats et enseignants des math\u00e9matiques"},{"@type":"BreadcrumbList","@id":"https:\/\/lavoixdelanation.tg\/index.php\/2025\/03\/25\/journee-mondiale-des-mathematiques-ledition-2025-observee-a-lens-datakpame\/#breadcrumb","itemListElement":[{"@type":"ListItem","position":1,"name":"Accueil","item":"https:\/\/lavoixdelanation.tg\/"},{"@type":"ListItem","position":2,"name":"Journ\u00e9e Mondiale des Math\u00e9matiques\u00a0: L\u2019\u00e9dition 2025 observ\u00e9e \u00e0 l\u2019ENS d\u2019Atakpam\u00e9"}]},{"@type":"WebSite","@id":"https:\/\/lavoixdelanation.tg\/#website","url":"https:\/\/lavoixdelanation.tg\/","name":"La Voix de la Nation","description":"R\u00e9c\u00e9piss\u00e9 n\u00b00108\/HAAC\/01-2024\/pl\/P","publisher":{"@id":"https:\/\/lavoixdelanation.tg\/#organization"},"alternateName":"VON","potentialAction":[{"@type":"SearchAction","target":{"@type":"EntryPoint","urlTemplate":"https:\/\/lavoixdelanation.tg\/?s={search_term_string}"},"query-input":{"@type":"PropertyValueSpecification","valueRequired":true,"valueName":"search_term_string"}}],"inLanguage":"fr-FR"},{"@type":"Organization","@id":"https:\/\/lavoixdelanation.tg\/#organization","name":"La Voix de la Nation","url":"https:\/\/lavoixdelanation.tg\/","logo":{"@type":"ImageObject","inLanguage":"fr-FR","@id":"https:\/\/lavoixdelanation.tg\/#\/schema\/logo\/image\/","url":"https:\/\/lavoixdelanation.tg\/wp-content\/uploads\/2024\/12\/lavn-1.png","contentUrl":"https:\/\/lavoixdelanation.tg\/wp-content\/uploads\/2024\/12\/lavn-1.png","width":1024,"height":464,"caption":"La Voix de la Nation"},"image":{"@id":"https:\/\/lavoixdelanation.tg\/#\/schema\/logo\/image\/"},"sameAs":["https:\/\/www.facebook.com\/lavoixdelanation"]},{"@type":"Person","@id":"https:\/\/lavoixdelanation.tg\/#\/schema\/person\/6c489293aa38053673a9e554acb6e224","name":"La voix de la nation","image":{"@type":"ImageObject","inLanguage":"fr-FR","@id":"https:\/\/lavoixdelanation.tg\/#\/schema\/person\/image\/","url":"https:\/\/secure.gravatar.com\/avatar\/8aa135d4bbc794494cecaa8d483f6d6cc1023624868deaff686baed5e727a5a1?s=96&d=mm&r=g","contentUrl":"https:\/\/secure.gravatar.com\/avatar\/8aa135d4bbc794494cecaa8d483f6d6cc1023624868deaff686baed5e727a5a1?s=96&d=mm&r=g","caption":"La voix de la nation"},"sameAs":["https:\/\/lavoixdelanation.tg"],"url":"https:\/\/lavoixdelanation.tg\/index.php\/author\/lavn\/"}]}},"_links":{"self":[{"href":"https:\/\/lavoixdelanation.tg\/index.php\/wp-json\/wp\/v2\/posts\/2466","targetHints":{"allow":["GET"]}}],"collection":[{"href":"https:\/\/lavoixdelanation.tg\/index.php\/wp-json\/wp\/v2\/posts"}],"about":[{"href":"https:\/\/lavoixdelanation.tg\/index.php\/wp-json\/wp\/v2\/types\/post"}],"author":[{"embeddable":true,"href":"https:\/\/lavoixdelanation.tg\/index.php\/wp-json\/wp\/v2\/users\/1"}],"replies":[{"embeddable":true,"href":"https:\/\/lavoixdelanation.tg\/index.php\/wp-json\/wp\/v2\/comments?post=2466"}],"version-history":[{"count":6,"href":"https:\/\/lavoixdelanation.tg\/index.php\/wp-json\/wp\/v2\/posts\/2466\/revisions"}],"predecessor-version":[{"id":2487,"href":"https:\/\/lavoixdelanation.tg\/index.php\/wp-json\/wp\/v2\/posts\/2466\/revisions\/2487"}],"wp:featuredmedia":[{"embeddable":true,"href":"https:\/\/lavoixdelanation.tg\/index.php\/wp-json\/wp\/v2\/media\/2467"}],"wp:attachment":[{"href":"https:\/\/lavoixdelanation.tg\/index.php\/wp-json\/wp\/v2\/media?parent=2466"}],"wp:term":[{"taxonomy":"category","embeddable":true,"href":"https:\/\/lavoixdelanation.tg\/index.php\/wp-json\/wp\/v2\/categories?post=2466"},{"taxonomy":"post_tag","embeddable":true,"href":"https:\/\/lavoixdelanation.tg\/index.php\/wp-json\/wp\/v2\/tags?post=2466"}],"curies":[{"name":"wp","href":"https:\/\/api.w.org\/{rel}","templated":true}]}}