{"id":2463,"date":"2025-03-26T11:05:37","date_gmt":"2025-03-26T10:05:37","guid":{"rendered":"https:\/\/lavoixdelanation.tg\/?p=2463"},"modified":"2025-03-26T11:05:38","modified_gmt":"2025-03-26T10:05:38","slug":"diplomatie-ce-quil-faut-retenir-de-la-visite-de-robert-dussey-a-singapour","status":"publish","type":"post","link":"https:\/\/lavoixdelanation.tg\/index.php\/2025\/03\/26\/diplomatie-ce-quil-faut-retenir-de-la-visite-de-robert-dussey-a-singapour\/","title":{"rendered":"Diplomatie\u00a0: Ce qu\u2019il faut retenir de la visite de Robert Dussey \u00e0 Singapour"},"content":{"rendered":"\n<p><strong>Le ministre togolais des affaires \u00e9trang\u00e8res, Pr Robert Dussey&nbsp;a effectu\u00e9 du 23 au 25 mars 2025, une visite officielle \u00e0 Singapour, \u00e0 l\u2019invitation de son homologue Dr. Vivian Balakrishnan<\/strong><\/p>\n\n\n\n<p>Ce d\u00e9placement s\u2019inscrit dans le cadre de la dynamisation et du renforcement des relations bilat\u00e9rales entre Singapour et le Togo \u00e9tablies le 15 juin 2012.<\/p>\n\n\n\n<p>Selon le communiqu\u00e9 ayant sanctionn\u00e9 la visite, les deux chefs de la diplomatie se sont f\u00e9licit\u00e9s de l\u2019excellence des relations d\u2019amiti\u00e9 et de coop\u00e9ration qui existent entre le Togo et Singapour et ont soulign\u00e9 la n\u00e9cessit\u00e9 d\u2019\u00e9tablir un cadre de coop\u00e9ration plus large dans les domaines d\u2019int\u00e9r\u00eat commun aux deux pays.<\/p>\n\n\n\n<p>Les ministres&nbsp;Dussey&nbsp;et&nbsp;Balakrishnan&nbsp;ont \u00e0 cet effet \u00e9chang\u00e9 sur le projet de texte d\u2019accord-cadre de coop\u00e9ration entre la R\u00e9publique togolaise et la R\u00e9publique de Singapour propos\u00e9 par la partie togolaise.<\/p>\n\n\n\n<p>Ils ont exhort\u00e9 leurs \u00e9quipes techniques \u00e0 acc\u00e9l\u00e9rer l\u2019examen de ce projet de texte en vue de proc\u00e9der \u00e0 sa signature au cours de leur prochaine rencontre.<\/p>\n\n\n\n<p>Les deux personnalit\u00e9s ont \u00e9galement proc\u00e9d\u00e9 \u00e0 la signature d\u2019un m\u00e9morandum d\u2019entente relatif aux consultations bilat\u00e9rales entre les minist\u00e8res des affaires \u00e9trang\u00e8res du Togo et de Singapour.&nbsp;Ceci, dans le but de promouvoir les \u00e9changes politiques et les consultations r\u00e9guli\u00e8res entre les deux Etats.<\/p>\n\n\n\n<p>Aux plans r\u00e9gional et international, les deux officiels ont abord\u00e9 les questions de paix et de s\u00e9curit\u00e9 mondiales, plus particuli\u00e8rement en Afrique. Le diplomate singapourien a f\u00e9licit\u00e9 le Togo pour ses efforts sans rel\u00e2che dans la promotion de la paix et la s\u00e9curit\u00e9 en Afrique par l\u2019usage de moyens pacifiques.<\/p>\n\n\n\n<figure class=\"wp-block-embed is-type-rich is-provider-twitter wp-block-embed-twitter\"><div class=\"wp-block-embed__wrapper\">\n<blockquote class=\"twitter-tweet\" data-width=\"550\" data-dnt=\"true\"><p lang=\"en\" dir=\"ltr\">It was such a pleasure to exchange with Ms  Veerle Nouwens, Executive Director of <a href=\"https:\/\/twitter.com\/IISS_org?ref_src=twsrc%5Etfw\">@IISS_org<\/a> -Asia.  I congratulate and encourage IISS research and analysis for their excellent  Strategic Studies  on global security, peace, political risk and military conflict. Bravo\u2026\u2026<a href=\"https:\/\/twitter.com\/IISS_org?ref_src=twsrc%5Etfw\">@IISS_org<\/a>\u2026 <a href=\"https:\/\/t.co\/JwzY613ORi\">pic.twitter.com\/JwzY613ORi<\/a><\/p>&mdash; Robert Dussey (@rdussey) <a href=\"https:\/\/twitter.com\/rdussey\/status\/1904519625162776809?ref_src=twsrc%5Etfw\">March 25, 2025<\/a><\/blockquote><script async src=\"https:\/\/platform.twitter.com\/widgets.js\" charset=\"utf-8\"><\/script>\n<\/div><\/figure>\n\n\n\n<p>Sur le plan multilat\u00e9ral, les deux ministres se sont f\u00e9licit\u00e9s de la convergence de vues du Togo et de Singapour sur les grands d\u00e9fis et questions auxquels fait face le monde actuel. De ce fait, ils se sont encourag\u00e9s \u00e0 renforcer la coop\u00e9ration entre les deux pays au sein des institutions internationales.<\/p>\n\n\n\n<p>Au ours de son s\u00e9jour, le ministre&nbsp;Dussey&nbsp;a eu une s\u00e9ance de travail avec&nbsp;Mme Veerle Nouwens,&nbsp;Directrice ex\u00e9cutive de l\u2019Institut international d\u2019\u00e9tudes strat\u00e9giques de Singapour (IISS). Les \u00e9changes ont port\u00e9 sur des questions de paix et de s\u00e9curit\u00e9 dans le monde et sur les possibilit\u00e9s de partenariats entre cet institut, qui promeut le Dialogue de Shangri-La dans la r\u00e9gion Asie-Pacifique, et le Forum de Lom\u00e9 pour la Paix et la S\u00e9curit\u00e9 (LPSF) en Afrique.<\/p>\n\n\n\n<p>Au terme de sa visite,&nbsp;le patron de la diplomatie togolaise invit\u00e9&nbsp;Dr Vivian Balakrishnan&nbsp;\u00e0 effectuer une visite officielle \u00e0 Lom\u00e9 \u00e0 une date qui sera convenue d\u2019un commun accord. Une invitation accept\u00e9e par le chef de la diplomatie singapourienne.<\/p>\n\n\n\n<p><strong>La R\u00e9daction<\/strong><\/p>\n","protected":false},"excerpt":{"rendered":"<p>Le ministre togolais des affaires \u00e9trang\u00e8res, Pr Robert Dussey&nbsp;a effectu\u00e9 du 23 au 25 mars 2025, une visite officielle \u00e0 Singapour, \u00e0 l\u2019invitation de son homologue Dr. Vivian Balakrishnan Ce&hellip; <\/p>\n","protected":false},"author":1,"featured_media":2464,"comment_status":"open","ping_status":"open","sticky":false,"template":"","format":"standard","meta":{"footnotes":""},"categories":[12],"tags":[90,517,295,513],"class_list":["post-2463","post","type-post","status-publish","format-standard","has-post-thumbnail","hentry","category-diplomatie","tag-diplomatie","tag-ivian-balakrishnan","tag-robert-duseey","tag-singapour"],"yoast_head":"<!-- This site is optimized with the Yoast SEO plugin v26.4 - https:\/\/yoast.com\/wordpress\/plugins\/seo\/ -->\n<title>Diplomatie\u00a0: Ce qu\u2019il faut retenir de la visite de Robert Dussey \u00e0 Singapour - La Voix de la Nation<\/title>\n<meta name=\"robots\" content=\"index, follow, max-snippet:-1, max-image-preview:large, max-video-preview:-1\" \/>\n<link rel=\"canonical\" href=\"https:\/\/lavoixdelanation.tg\/index.php\/2025\/03\/26\/diplomatie-ce-quil-faut-retenir-de-la-visite-de-robert-dussey-a-singapour\/\" \/>\n<meta property=\"og:locale\" content=\"fr_FR\" \/>\n<meta property=\"og:type\" content=\"article\" \/>\n<meta property=\"og:title\" content=\"Diplomatie\u00a0: Ce qu\u2019il faut retenir de la visite de Robert Dussey \u00e0 Singapour - La Voix de la Nation\" \/>\n<meta property=\"og:description\" content=\"Le ministre togolais des affaires \u00e9trang\u00e8res, Pr Robert Dussey&nbsp;a effectu\u00e9 du 23 au 25 mars 2025, une visite officielle \u00e0 Singapour, \u00e0 l\u2019invitation de son homologue Dr. Vivian Balakrishnan Ce&hellip;\" \/>\n<meta property=\"og:url\" content=\"https:\/\/lavoixdelanation.tg\/index.php\/2025\/03\/26\/diplomatie-ce-quil-faut-retenir-de-la-visite-de-robert-dussey-a-singapour\/\" \/>\n<meta property=\"og:site_name\" content=\"La Voix de la Nation\" \/>\n<meta property=\"article:publisher\" content=\"https:\/\/www.facebook.com\/lavoixdelanation\" \/>\n<meta property=\"article:published_time\" content=\"2025-03-26T10:05:37+00:00\" \/>\n<meta property=\"article:modified_time\" content=\"2025-03-26T10:05:38+00:00\" \/>\n<meta property=\"og:image\" content=\"https:\/\/lavoixdelanation.tg\/wp-content\/uploads\/2025\/03\/Visite-officielle-du-ministre-Robert-Dussey-a-Singapour.jpg\" \/>\n\t<meta property=\"og:image:width\" content=\"650\" \/>\n\t<meta property=\"og:image:height\" content=\"420\" \/>\n\t<meta property=\"og:image:type\" content=\"image\/jpeg\" \/>\n<meta name=\"author\" content=\"La voix de la nation\" \/>\n<meta name=\"twitter:card\" content=\"summary_large_image\" \/>\n<meta name=\"twitter:label1\" content=\"\u00c9crit par\" \/>\n\t<meta name=\"twitter:data1\" content=\"La voix de la nation\" \/>\n\t<meta name=\"twitter:label2\" content=\"Dur\u00e9e de lecture estim\u00e9e\" \/>\n\t<meta name=\"twitter:data2\" content=\"3 minutes\" \/>\n<script type=\"application\/ld+json\" class=\"yoast-schema-graph\">{\"@context\":\"https:\/\/schema.org\",\"@graph\":[{\"@type\":\"Article\",\"@id\":\"https:\/\/lavoixdelanation.tg\/index.php\/2025\/03\/26\/diplomatie-ce-quil-faut-retenir-de-la-visite-de-robert-dussey-a-singapour\/#article\",\"isPartOf\":{\"@id\":\"https:\/\/lavoixdelanation.tg\/index.php\/2025\/03\/26\/diplomatie-ce-quil-faut-retenir-de-la-visite-de-robert-dussey-a-singapour\/\"},\"author\":{\"name\":\"La voix de la nation\",\"@id\":\"https:\/\/lavoixdelanation.tg\/#\/schema\/person\/6c489293aa38053673a9e554acb6e224\"},\"headline\":\"Diplomatie\u00a0: Ce qu\u2019il faut retenir de la visite de Robert Dussey \u00e0 Singapour\",\"datePublished\":\"2025-03-26T10:05:37+00:00\",\"dateModified\":\"2025-03-26T10:05:38+00:00\",\"mainEntityOfPage\":{\"@id\":\"https:\/\/lavoixdelanation.tg\/index.php\/2025\/03\/26\/diplomatie-ce-quil-faut-retenir-de-la-visite-de-robert-dussey-a-singapour\/\"},\"wordCount\":506,\"commentCount\":0,\"publisher\":{\"@id\":\"https:\/\/lavoixdelanation.tg\/#organization\"},\"image\":{\"@id\":\"https:\/\/lavoixdelanation.tg\/index.php\/2025\/03\/26\/diplomatie-ce-quil-faut-retenir-de-la-visite-de-robert-dussey-a-singapour\/#primaryimage\"},\"thumbnailUrl\":\"https:\/\/lavoixdelanation.tg\/wp-content\/uploads\/2025\/03\/Visite-officielle-du-ministre-Robert-Dussey-a-Singapour.jpg\",\"keywords\":[\"Diplomatie\",\"ivian Balakrishnan\",\"Robert Duseey\",\"Singapour\"],\"articleSection\":[\"Diplomatie\"],\"inLanguage\":\"fr-FR\",\"potentialAction\":[{\"@type\":\"CommentAction\",\"name\":\"Comment\",\"target\":[\"https:\/\/lavoixdelanation.tg\/index.php\/2025\/03\/26\/diplomatie-ce-quil-faut-retenir-de-la-visite-de-robert-dussey-a-singapour\/#respond\"]}]},{\"@type\":\"WebPage\",\"@id\":\"https:\/\/lavoixdelanation.tg\/index.php\/2025\/03\/26\/diplomatie-ce-quil-faut-retenir-de-la-visite-de-robert-dussey-a-singapour\/\",\"url\":\"https:\/\/lavoixdelanation.tg\/index.php\/2025\/03\/26\/diplomatie-ce-quil-faut-retenir-de-la-visite-de-robert-dussey-a-singapour\/\",\"name\":\"Diplomatie\u00a0: Ce qu\u2019il faut retenir de la visite de Robert Dussey \u00e0 Singapour - La Voix de la Nation\",\"isPartOf\":{\"@id\":\"https:\/\/lavoixdelanation.tg\/#website\"},\"primaryImageOfPage\":{\"@id\":\"https:\/\/lavoixdelanation.tg\/index.php\/2025\/03\/26\/diplomatie-ce-quil-faut-retenir-de-la-visite-de-robert-dussey-a-singapour\/#primaryimage\"},\"image\":{\"@id\":\"https:\/\/lavoixdelanation.tg\/index.php\/2025\/03\/26\/diplomatie-ce-quil-faut-retenir-de-la-visite-de-robert-dussey-a-singapour\/#primaryimage\"},\"thumbnailUrl\":\"https:\/\/lavoixdelanation.tg\/wp-content\/uploads\/2025\/03\/Visite-officielle-du-ministre-Robert-Dussey-a-Singapour.jpg\",\"datePublished\":\"2025-03-26T10:05:37+00:00\",\"dateModified\":\"2025-03-26T10:05:38+00:00\",\"breadcrumb\":{\"@id\":\"https:\/\/lavoixdelanation.tg\/index.php\/2025\/03\/26\/diplomatie-ce-quil-faut-retenir-de-la-visite-de-robert-dussey-a-singapour\/#breadcrumb\"},\"inLanguage\":\"fr-FR\",\"potentialAction\":[{\"@type\":\"ReadAction\",\"target\":[\"https:\/\/lavoixdelanation.tg\/index.php\/2025\/03\/26\/diplomatie-ce-quil-faut-retenir-de-la-visite-de-robert-dussey-a-singapour\/\"]}]},{\"@type\":\"ImageObject\",\"inLanguage\":\"fr-FR\",\"@id\":\"https:\/\/lavoixdelanation.tg\/index.php\/2025\/03\/26\/diplomatie-ce-quil-faut-retenir-de-la-visite-de-robert-dussey-a-singapour\/#primaryimage\",\"url\":\"https:\/\/lavoixdelanation.tg\/wp-content\/uploads\/2025\/03\/Visite-officielle-du-ministre-Robert-Dussey-a-Singapour.jpg\",\"contentUrl\":\"https:\/\/lavoixdelanation.tg\/wp-content\/uploads\/2025\/03\/Visite-officielle-du-ministre-Robert-Dussey-a-Singapour.jpg\",\"width\":650,\"height\":420,\"caption\":\"Les ministres Robert Dussey et Vivian Balakrishnan suite \u00e0 la signature du m\u00e9morandum d\u2019entente\"},{\"@type\":\"BreadcrumbList\",\"@id\":\"https:\/\/lavoixdelanation.tg\/index.php\/2025\/03\/26\/diplomatie-ce-quil-faut-retenir-de-la-visite-de-robert-dussey-a-singapour\/#breadcrumb\",\"itemListElement\":[{\"@type\":\"ListItem\",\"position\":1,\"name\":\"Accueil\",\"item\":\"https:\/\/lavoixdelanation.tg\/\"},{\"@type\":\"ListItem\",\"position\":2,\"name\":\"Diplomatie\u00a0: Ce qu\u2019il faut retenir de la visite de Robert Dussey \u00e0 Singapour\"}]},{\"@type\":\"WebSite\",\"@id\":\"https:\/\/lavoixdelanation.tg\/#website\",\"url\":\"https:\/\/lavoixdelanation.tg\/\",\"name\":\"La Voix de la Nation\",\"description\":\"R\u00e9c\u00e9piss\u00e9 n\u00b00108\/HAAC\/01-2024\/pl\/P\",\"publisher\":{\"@id\":\"https:\/\/lavoixdelanation.tg\/#organization\"},\"alternateName\":\"VON\",\"potentialAction\":[{\"@type\":\"SearchAction\",\"target\":{\"@type\":\"EntryPoint\",\"urlTemplate\":\"https:\/\/lavoixdelanation.tg\/?s={search_term_string}\"},\"query-input\":{\"@type\":\"PropertyValueSpecification\",\"valueRequired\":true,\"valueName\":\"search_term_string\"}}],\"inLanguage\":\"fr-FR\"},{\"@type\":\"Organization\",\"@id\":\"https:\/\/lavoixdelanation.tg\/#organization\",\"name\":\"La Voix de la Nation\",\"url\":\"https:\/\/lavoixdelanation.tg\/\",\"logo\":{\"@type\":\"ImageObject\",\"inLanguage\":\"fr-FR\",\"@id\":\"https:\/\/lavoixdelanation.tg\/#\/schema\/logo\/image\/\",\"url\":\"https:\/\/lavoixdelanation.tg\/wp-content\/uploads\/2024\/12\/lavn-1.png\",\"contentUrl\":\"https:\/\/lavoixdelanation.tg\/wp-content\/uploads\/2024\/12\/lavn-1.png\",\"width\":1024,\"height\":464,\"caption\":\"La Voix de la Nation\"},\"image\":{\"@id\":\"https:\/\/lavoixdelanation.tg\/#\/schema\/logo\/image\/\"},\"sameAs\":[\"https:\/\/www.facebook.com\/lavoixdelanation\"]},{\"@type\":\"Person\",\"@id\":\"https:\/\/lavoixdelanation.tg\/#\/schema\/person\/6c489293aa38053673a9e554acb6e224\",\"name\":\"La voix de la nation\",\"image\":{\"@type\":\"ImageObject\",\"inLanguage\":\"fr-FR\",\"@id\":\"https:\/\/lavoixdelanation.tg\/#\/schema\/person\/image\/\",\"url\":\"https:\/\/secure.gravatar.com\/avatar\/8aa135d4bbc794494cecaa8d483f6d6cc1023624868deaff686baed5e727a5a1?s=96&d=mm&r=g\",\"contentUrl\":\"https:\/\/secure.gravatar.com\/avatar\/8aa135d4bbc794494cecaa8d483f6d6cc1023624868deaff686baed5e727a5a1?s=96&d=mm&r=g\",\"caption\":\"La voix de la nation\"},\"sameAs\":[\"https:\/\/lavoixdelanation.tg\"],\"url\":\"https:\/\/lavoixdelanation.tg\/index.php\/author\/lavn\/\"}]}<\/script>\n<!-- \/ Yoast SEO plugin. -->","yoast_head_json":{"title":"Diplomatie\u00a0: Ce qu\u2019il faut retenir de la visite de Robert Dussey \u00e0 Singapour - La Voix de la Nation","robots":{"index":"index","follow":"follow","max-snippet":"max-snippet:-1","max-image-preview":"max-image-preview:large","max-video-preview":"max-video-preview:-1"},"canonical":"https:\/\/lavoixdelanation.tg\/index.php\/2025\/03\/26\/diplomatie-ce-quil-faut-retenir-de-la-visite-de-robert-dussey-a-singapour\/","og_locale":"fr_FR","og_type":"article","og_title":"Diplomatie\u00a0: Ce qu\u2019il faut retenir de la visite de Robert Dussey \u00e0 Singapour - La Voix de la Nation","og_description":"Le ministre togolais des affaires \u00e9trang\u00e8res, Pr Robert Dussey&nbsp;a effectu\u00e9 du 23 au 25 mars 2025, une visite officielle \u00e0 Singapour, \u00e0 l\u2019invitation de son homologue Dr. Vivian Balakrishnan Ce&hellip;","og_url":"https:\/\/lavoixdelanation.tg\/index.php\/2025\/03\/26\/diplomatie-ce-quil-faut-retenir-de-la-visite-de-robert-dussey-a-singapour\/","og_site_name":"La Voix de la Nation","article_publisher":"https:\/\/www.facebook.com\/lavoixdelanation","article_published_time":"2025-03-26T10:05:37+00:00","article_modified_time":"2025-03-26T10:05:38+00:00","og_image":[{"width":650,"height":420,"url":"https:\/\/lavoixdelanation.tg\/wp-content\/uploads\/2025\/03\/Visite-officielle-du-ministre-Robert-Dussey-a-Singapour.jpg","type":"image\/jpeg"}],"author":"La voix de la nation","twitter_card":"summary_large_image","twitter_misc":{"\u00c9crit par":"La voix de la nation","Dur\u00e9e de lecture estim\u00e9e":"3 minutes"},"schema":{"@context":"https:\/\/schema.org","@graph":[{"@type":"Article","@id":"https:\/\/lavoixdelanation.tg\/index.php\/2025\/03\/26\/diplomatie-ce-quil-faut-retenir-de-la-visite-de-robert-dussey-a-singapour\/#article","isPartOf":{"@id":"https:\/\/lavoixdelanation.tg\/index.php\/2025\/03\/26\/diplomatie-ce-quil-faut-retenir-de-la-visite-de-robert-dussey-a-singapour\/"},"author":{"name":"La voix de la nation","@id":"https:\/\/lavoixdelanation.tg\/#\/schema\/person\/6c489293aa38053673a9e554acb6e224"},"headline":"Diplomatie\u00a0: Ce qu\u2019il faut retenir de la visite de Robert Dussey \u00e0 Singapour","datePublished":"2025-03-26T10:05:37+00:00","dateModified":"2025-03-26T10:05:38+00:00","mainEntityOfPage":{"@id":"https:\/\/lavoixdelanation.tg\/index.php\/2025\/03\/26\/diplomatie-ce-quil-faut-retenir-de-la-visite-de-robert-dussey-a-singapour\/"},"wordCount":506,"commentCount":0,"publisher":{"@id":"https:\/\/lavoixdelanation.tg\/#organization"},"image":{"@id":"https:\/\/lavoixdelanation.tg\/index.php\/2025\/03\/26\/diplomatie-ce-quil-faut-retenir-de-la-visite-de-robert-dussey-a-singapour\/#primaryimage"},"thumbnailUrl":"https:\/\/lavoixdelanation.tg\/wp-content\/uploads\/2025\/03\/Visite-officielle-du-ministre-Robert-Dussey-a-Singapour.jpg","keywords":["Diplomatie","ivian Balakrishnan","Robert Duseey","Singapour"],"articleSection":["Diplomatie"],"inLanguage":"fr-FR","potentialAction":[{"@type":"CommentAction","name":"Comment","target":["https:\/\/lavoixdelanation.tg\/index.php\/2025\/03\/26\/diplomatie-ce-quil-faut-retenir-de-la-visite-de-robert-dussey-a-singapour\/#respond"]}]},{"@type":"WebPage","@id":"https:\/\/lavoixdelanation.tg\/index.php\/2025\/03\/26\/diplomatie-ce-quil-faut-retenir-de-la-visite-de-robert-dussey-a-singapour\/","url":"https:\/\/lavoixdelanation.tg\/index.php\/2025\/03\/26\/diplomatie-ce-quil-faut-retenir-de-la-visite-de-robert-dussey-a-singapour\/","name":"Diplomatie\u00a0: Ce qu\u2019il faut retenir de la visite de Robert Dussey \u00e0 Singapour - La Voix de la Nation","isPartOf":{"@id":"https:\/\/lavoixdelanation.tg\/#website"},"primaryImageOfPage":{"@id":"https:\/\/lavoixdelanation.tg\/index.php\/2025\/03\/26\/diplomatie-ce-quil-faut-retenir-de-la-visite-de-robert-dussey-a-singapour\/#primaryimage"},"image":{"@id":"https:\/\/lavoixdelanation.tg\/index.php\/2025\/03\/26\/diplomatie-ce-quil-faut-retenir-de-la-visite-de-robert-dussey-a-singapour\/#primaryimage"},"thumbnailUrl":"https:\/\/lavoixdelanation.tg\/wp-content\/uploads\/2025\/03\/Visite-officielle-du-ministre-Robert-Dussey-a-Singapour.jpg","datePublished":"2025-03-26T10:05:37+00:00","dateModified":"2025-03-26T10:05:38+00:00","breadcrumb":{"@id":"https:\/\/lavoixdelanation.tg\/index.php\/2025\/03\/26\/diplomatie-ce-quil-faut-retenir-de-la-visite-de-robert-dussey-a-singapour\/#breadcrumb"},"inLanguage":"fr-FR","potentialAction":[{"@type":"ReadAction","target":["https:\/\/lavoixdelanation.tg\/index.php\/2025\/03\/26\/diplomatie-ce-quil-faut-retenir-de-la-visite-de-robert-dussey-a-singapour\/"]}]},{"@type":"ImageObject","inLanguage":"fr-FR","@id":"https:\/\/lavoixdelanation.tg\/index.php\/2025\/03\/26\/diplomatie-ce-quil-faut-retenir-de-la-visite-de-robert-dussey-a-singapour\/#primaryimage","url":"https:\/\/lavoixdelanation.tg\/wp-content\/uploads\/2025\/03\/Visite-officielle-du-ministre-Robert-Dussey-a-Singapour.jpg","contentUrl":"https:\/\/lavoixdelanation.tg\/wp-content\/uploads\/2025\/03\/Visite-officielle-du-ministre-Robert-Dussey-a-Singapour.jpg","width":650,"height":420,"caption":"Les ministres Robert Dussey et Vivian Balakrishnan suite \u00e0 la signature du m\u00e9morandum d\u2019entente"},{"@type":"BreadcrumbList","@id":"https:\/\/lavoixdelanation.tg\/index.php\/2025\/03\/26\/diplomatie-ce-quil-faut-retenir-de-la-visite-de-robert-dussey-a-singapour\/#breadcrumb","itemListElement":[{"@type":"ListItem","position":1,"name":"Accueil","item":"https:\/\/lavoixdelanation.tg\/"},{"@type":"ListItem","position":2,"name":"Diplomatie\u00a0: Ce qu\u2019il faut retenir de la visite de Robert Dussey \u00e0 Singapour"}]},{"@type":"WebSite","@id":"https:\/\/lavoixdelanation.tg\/#website","url":"https:\/\/lavoixdelanation.tg\/","name":"La Voix de la Nation","description":"R\u00e9c\u00e9piss\u00e9 n\u00b00108\/HAAC\/01-2024\/pl\/P","publisher":{"@id":"https:\/\/lavoixdelanation.tg\/#organization"},"alternateName":"VON","potentialAction":[{"@type":"SearchAction","target":{"@type":"EntryPoint","urlTemplate":"https:\/\/lavoixdelanation.tg\/?s={search_term_string}"},"query-input":{"@type":"PropertyValueSpecification","valueRequired":true,"valueName":"search_term_string"}}],"inLanguage":"fr-FR"},{"@type":"Organization","@id":"https:\/\/lavoixdelanation.tg\/#organization","name":"La Voix de la Nation","url":"https:\/\/lavoixdelanation.tg\/","logo":{"@type":"ImageObject","inLanguage":"fr-FR","@id":"https:\/\/lavoixdelanation.tg\/#\/schema\/logo\/image\/","url":"https:\/\/lavoixdelanation.tg\/wp-content\/uploads\/2024\/12\/lavn-1.png","contentUrl":"https:\/\/lavoixdelanation.tg\/wp-content\/uploads\/2024\/12\/lavn-1.png","width":1024,"height":464,"caption":"La Voix de la Nation"},"image":{"@id":"https:\/\/lavoixdelanation.tg\/#\/schema\/logo\/image\/"},"sameAs":["https:\/\/www.facebook.com\/lavoixdelanation"]},{"@type":"Person","@id":"https:\/\/lavoixdelanation.tg\/#\/schema\/person\/6c489293aa38053673a9e554acb6e224","name":"La voix de la nation","image":{"@type":"ImageObject","inLanguage":"fr-FR","@id":"https:\/\/lavoixdelanation.tg\/#\/schema\/person\/image\/","url":"https:\/\/secure.gravatar.com\/avatar\/8aa135d4bbc794494cecaa8d483f6d6cc1023624868deaff686baed5e727a5a1?s=96&d=mm&r=g","contentUrl":"https:\/\/secure.gravatar.com\/avatar\/8aa135d4bbc794494cecaa8d483f6d6cc1023624868deaff686baed5e727a5a1?s=96&d=mm&r=g","caption":"La voix de la nation"},"sameAs":["https:\/\/lavoixdelanation.tg"],"url":"https:\/\/lavoixdelanation.tg\/index.php\/author\/lavn\/"}]}},"_links":{"self":[{"href":"https:\/\/lavoixdelanation.tg\/index.php\/wp-json\/wp\/v2\/posts\/2463","targetHints":{"allow":["GET"]}}],"collection":[{"href":"https:\/\/lavoixdelanation.tg\/index.php\/wp-json\/wp\/v2\/posts"}],"about":[{"href":"https:\/\/lavoixdelanation.tg\/index.php\/wp-json\/wp\/v2\/types\/post"}],"author":[{"embeddable":true,"href":"https:\/\/lavoixdelanation.tg\/index.php\/wp-json\/wp\/v2\/users\/1"}],"replies":[{"embeddable":true,"href":"https:\/\/lavoixdelanation.tg\/index.php\/wp-json\/wp\/v2\/comments?post=2463"}],"version-history":[{"count":1,"href":"https:\/\/lavoixdelanation.tg\/index.php\/wp-json\/wp\/v2\/posts\/2463\/revisions"}],"predecessor-version":[{"id":2465,"href":"https:\/\/lavoixdelanation.tg\/index.php\/wp-json\/wp\/v2\/posts\/2463\/revisions\/2465"}],"wp:featuredmedia":[{"embeddable":true,"href":"https:\/\/lavoixdelanation.tg\/index.php\/wp-json\/wp\/v2\/media\/2464"}],"wp:attachment":[{"href":"https:\/\/lavoixdelanation.tg\/index.php\/wp-json\/wp\/v2\/media?parent=2463"}],"wp:term":[{"taxonomy":"category","embeddable":true,"href":"https:\/\/lavoixdelanation.tg\/index.php\/wp-json\/wp\/v2\/categories?post=2463"},{"taxonomy":"post_tag","embeddable":true,"href":"https:\/\/lavoixdelanation.tg\/index.php\/wp-json\/wp\/v2\/tags?post=2463"}],"curies":[{"name":"wp","href":"https:\/\/api.w.org\/{rel}","templated":true}]}}