{"id":2430,"date":"2025-03-21T10:09:26","date_gmt":"2025-03-21T09:09:26","guid":{"rendered":"https:\/\/lavoixdelanation.tg\/?p=2430"},"modified":"2025-03-21T10:11:43","modified_gmt":"2025-03-21T09:11:43","slug":"candidature-a-la-presidence-de-la-bad-la-zambie-sollicite-lappui-du-togo","status":"publish","type":"post","link":"https:\/\/lavoixdelanation.tg\/index.php\/2025\/03\/21\/candidature-a-la-presidence-de-la-bad-la-zambie-sollicite-lappui-du-togo\/","title":{"rendered":"Candidature \u00e0 la Pr\u00e9sidence de la BAD\u00a0: La Zambie sollicite l\u2019appui du Togo"},"content":{"rendered":"\n<p><strong>Une d\u00e9l\u00e9gation pr\u00e9sidentielle de la Zambie a \u00e9t\u00e9 re\u00e7ue en audience ce jeudi 20 mars 2025 \u00e0 Lom\u00e9 par le chef de l\u2019Etat Faure Gnassingb\u00e9. Conduite par Dr Caleb Fundanga, la d\u00e9l\u00e9gation est porteuse d\u2019un message relatif \u00e0 la candidature du Dr Samuel Munzele Maimbo \u00e0 la pr\u00e9sidence de la Banque africaine de d\u00e9veloppement (BAD).<\/strong><\/p>\n\n\n\n<p>La d\u00e9l\u00e9gation a \u00e0 cet effet sollicit\u00e9 l\u2019appui du Togo \u00e0 la candidature du Dr Samuel Munzele Maimbo \u00e0 la pr\u00e9sidence de l\u2019institution financi\u00e8re panafricaine de d\u00e9veloppement.<\/p>\n\n\n\n<p>Il est depuis juillet 2023, Vice-Pr\u00e9sident charg\u00e9 du budget, de l\u2019\u00e9valuation des performances et de la planification strat\u00e9gique \u00e0 la Banque mondiale.<\/p>\n\n\n\n<p>Sur place \u00e0 Lom\u00e9, l\u2019Envoy\u00e9 sp\u00e9cial du Pr\u00e9sident zambien Hichilema Hakainde et sa d\u00e9l\u00e9gation ont saisi l&rsquo;occasion pour aborder avec Faure Gnassingb\u00e9, les m\u00e9canismes de renforcement des relations d\u2019amiti\u00e9 et de coop\u00e9ration entre Lom\u00e9 et Lusaka.<\/p>\n\n\n\n<p>Les questions de d\u00e9veloppement au Togo et en Afrique \u00e9taient \u00e9galement au c\u0153ur des \u00e9changes<\/p>\n\n\n\n<p>\u00ab&nbsp;Nous avons \u00e9galement discut\u00e9 des programmes de d\u00e9veloppement pour l\u2019Afrique. Au regard de la situation actuelle de notre continent, il est essentiel d\u2019investir dans la croissance et d\u2019\u00e9voluer \u00e0 un rythme et \u00e0 une \u00e9chelle significative. Il a \u00e9t\u00e9 aussi question des projets de d\u00e9veloppement au Togo avec le port de Lom\u00e9 ainsi que les opportunit\u00e9s de poursuivre la croissance \u00e9conomique, non seulement pour le Togo, mais aussi pour toute la r\u00e9gion&nbsp;\u00bb, a indiqu\u00e9 Dr Samuel Munzele Maimbo.<\/p>\n\n\n\n<p><strong>La R\u00e9daction<\/strong><\/p>\n","protected":false},"excerpt":{"rendered":"<p>Une d\u00e9l\u00e9gation pr\u00e9sidentielle de la Zambie a \u00e9t\u00e9 re\u00e7ue en audience ce jeudi 20 mars 2025 \u00e0 Lom\u00e9 par le chef de l\u2019Etat Faure Gnassingb\u00e9. Conduite par Dr Caleb Fundanga,&hellip; <\/p>\n","protected":false},"author":1,"featured_media":2431,"comment_status":"open","ping_status":"open","sticky":false,"template":"","format":"standard","meta":{"footnotes":""},"categories":[12,8],"tags":[],"class_list":["post-2430","post","type-post","status-publish","format-standard","has-post-thumbnail","hentry","category-diplomatie","category-economie"],"yoast_head":"<!-- This site is optimized with the Yoast SEO plugin v26.4 - https:\/\/yoast.com\/wordpress\/plugins\/seo\/ -->\n<title>Candidature \u00e0 la Pr\u00e9sidence de la BAD\u00a0: La Zambie sollicite l\u2019appui du Togo - La Voix de la Nation<\/title>\n<meta name=\"description\" content=\"Une d\u00e9l\u00e9gation pr\u00e9sidentielle de la Zambie a \u00e9t\u00e9 re\u00e7ue en audience ce jeudi 20 mars 2025 \u00e0 Lom\u00e9 par le chef de l\u2019Etat Faure Gnassingb\u00e9. Conduite par Dr Caleb Fundanga, la d\u00e9l\u00e9gation est porteuse d\u2019un message relatif \u00e0 la candidature du Dr Samuel Munzele Maimbo \u00e0 la pr\u00e9sidence de la Banque africaine de d\u00e9veloppement (BAD).\" \/>\n<meta name=\"robots\" content=\"index, follow, max-snippet:-1, max-image-preview:large, max-video-preview:-1\" \/>\n<link rel=\"canonical\" href=\"https:\/\/lavoixdelanation.tg\/index.php\/2025\/03\/21\/candidature-a-la-presidence-de-la-bad-la-zambie-sollicite-lappui-du-togo\/\" \/>\n<meta property=\"og:locale\" content=\"fr_FR\" \/>\n<meta property=\"og:type\" content=\"article\" \/>\n<meta property=\"og:title\" content=\"Candidature \u00e0 la Pr\u00e9sidence de la BAD\u00a0: La Zambie sollicite l\u2019appui du Togo - La Voix de la Nation\" \/>\n<meta property=\"og:description\" content=\"Une d\u00e9l\u00e9gation pr\u00e9sidentielle de la Zambie a \u00e9t\u00e9 re\u00e7ue en audience ce jeudi 20 mars 2025 \u00e0 Lom\u00e9 par le chef de l\u2019Etat Faure Gnassingb\u00e9. Conduite par Dr Caleb Fundanga, la d\u00e9l\u00e9gation est porteuse d\u2019un message relatif \u00e0 la candidature du Dr Samuel Munzele Maimbo \u00e0 la pr\u00e9sidence de la Banque africaine de d\u00e9veloppement (BAD).\" \/>\n<meta property=\"og:url\" content=\"https:\/\/lavoixdelanation.tg\/index.php\/2025\/03\/21\/candidature-a-la-presidence-de-la-bad-la-zambie-sollicite-lappui-du-togo\/\" \/>\n<meta property=\"og:site_name\" content=\"La Voix de la Nation\" \/>\n<meta property=\"article:publisher\" content=\"https:\/\/www.facebook.com\/lavoixdelanation\" \/>\n<meta property=\"article:published_time\" content=\"2025-03-21T09:09:26+00:00\" \/>\n<meta property=\"article:modified_time\" content=\"2025-03-21T09:11:43+00:00\" \/>\n<meta property=\"og:image\" content=\"https:\/\/lavoixdelanation.tg\/wp-content\/uploads\/2025\/03\/Une-delegation-de-la-Zambie-recue-par-Faure-Gnassingbe-a-Lome.jpg\" \/>\n\t<meta property=\"og:image:width\" content=\"650\" \/>\n\t<meta property=\"og:image:height\" content=\"420\" \/>\n\t<meta property=\"og:image:type\" content=\"image\/jpeg\" \/>\n<meta name=\"author\" content=\"La voix de la nation\" \/>\n<meta name=\"twitter:card\" content=\"summary_large_image\" \/>\n<meta name=\"twitter:label1\" content=\"\u00c9crit par\" \/>\n\t<meta name=\"twitter:data1\" content=\"La voix de la nation\" \/>\n\t<meta name=\"twitter:label2\" content=\"Dur\u00e9e de lecture estim\u00e9e\" \/>\n\t<meta name=\"twitter:data2\" content=\"2 minutes\" \/>\n<script type=\"application\/ld+json\" class=\"yoast-schema-graph\">{\"@context\":\"https:\/\/schema.org\",\"@graph\":[{\"@type\":\"Article\",\"@id\":\"https:\/\/lavoixdelanation.tg\/index.php\/2025\/03\/21\/candidature-a-la-presidence-de-la-bad-la-zambie-sollicite-lappui-du-togo\/#article\",\"isPartOf\":{\"@id\":\"https:\/\/lavoixdelanation.tg\/index.php\/2025\/03\/21\/candidature-a-la-presidence-de-la-bad-la-zambie-sollicite-lappui-du-togo\/\"},\"author\":{\"name\":\"La voix de la nation\",\"@id\":\"https:\/\/lavoixdelanation.tg\/#\/schema\/person\/6c489293aa38053673a9e554acb6e224\"},\"headline\":\"Candidature \u00e0 la Pr\u00e9sidence de la BAD\u00a0: La Zambie sollicite l\u2019appui du Togo\",\"datePublished\":\"2025-03-21T09:09:26+00:00\",\"dateModified\":\"2025-03-21T09:11:43+00:00\",\"mainEntityOfPage\":{\"@id\":\"https:\/\/lavoixdelanation.tg\/index.php\/2025\/03\/21\/candidature-a-la-presidence-de-la-bad-la-zambie-sollicite-lappui-du-togo\/\"},\"wordCount\":277,\"commentCount\":0,\"publisher\":{\"@id\":\"https:\/\/lavoixdelanation.tg\/#organization\"},\"image\":{\"@id\":\"https:\/\/lavoixdelanation.tg\/index.php\/2025\/03\/21\/candidature-a-la-presidence-de-la-bad-la-zambie-sollicite-lappui-du-togo\/#primaryimage\"},\"thumbnailUrl\":\"https:\/\/lavoixdelanation.tg\/wp-content\/uploads\/2025\/03\/Une-delegation-de-la-Zambie-recue-par-Faure-Gnassingbe-a-Lome.jpg\",\"articleSection\":[\"Diplomatie\",\"Economie\"],\"inLanguage\":\"fr-FR\",\"potentialAction\":[{\"@type\":\"CommentAction\",\"name\":\"Comment\",\"target\":[\"https:\/\/lavoixdelanation.tg\/index.php\/2025\/03\/21\/candidature-a-la-presidence-de-la-bad-la-zambie-sollicite-lappui-du-togo\/#respond\"]}]},{\"@type\":\"WebPage\",\"@id\":\"https:\/\/lavoixdelanation.tg\/index.php\/2025\/03\/21\/candidature-a-la-presidence-de-la-bad-la-zambie-sollicite-lappui-du-togo\/\",\"url\":\"https:\/\/lavoixdelanation.tg\/index.php\/2025\/03\/21\/candidature-a-la-presidence-de-la-bad-la-zambie-sollicite-lappui-du-togo\/\",\"name\":\"Candidature \u00e0 la Pr\u00e9sidence de la BAD\u00a0: La Zambie sollicite l\u2019appui du Togo - La Voix de la Nation\",\"isPartOf\":{\"@id\":\"https:\/\/lavoixdelanation.tg\/#website\"},\"primaryImageOfPage\":{\"@id\":\"https:\/\/lavoixdelanation.tg\/index.php\/2025\/03\/21\/candidature-a-la-presidence-de-la-bad-la-zambie-sollicite-lappui-du-togo\/#primaryimage\"},\"image\":{\"@id\":\"https:\/\/lavoixdelanation.tg\/index.php\/2025\/03\/21\/candidature-a-la-presidence-de-la-bad-la-zambie-sollicite-lappui-du-togo\/#primaryimage\"},\"thumbnailUrl\":\"https:\/\/lavoixdelanation.tg\/wp-content\/uploads\/2025\/03\/Une-delegation-de-la-Zambie-recue-par-Faure-Gnassingbe-a-Lome.jpg\",\"datePublished\":\"2025-03-21T09:09:26+00:00\",\"dateModified\":\"2025-03-21T09:11:43+00:00\",\"description\":\"Une d\u00e9l\u00e9gation pr\u00e9sidentielle de la Zambie a \u00e9t\u00e9 re\u00e7ue en audience ce jeudi 20 mars 2025 \u00e0 Lom\u00e9 par le chef de l\u2019Etat Faure Gnassingb\u00e9. Conduite par Dr Caleb Fundanga, la d\u00e9l\u00e9gation est porteuse d\u2019un message relatif \u00e0 la candidature du Dr Samuel Munzele Maimbo \u00e0 la pr\u00e9sidence de la Banque africaine de d\u00e9veloppement (BAD).\",\"breadcrumb\":{\"@id\":\"https:\/\/lavoixdelanation.tg\/index.php\/2025\/03\/21\/candidature-a-la-presidence-de-la-bad-la-zambie-sollicite-lappui-du-togo\/#breadcrumb\"},\"inLanguage\":\"fr-FR\",\"potentialAction\":[{\"@type\":\"ReadAction\",\"target\":[\"https:\/\/lavoixdelanation.tg\/index.php\/2025\/03\/21\/candidature-a-la-presidence-de-la-bad-la-zambie-sollicite-lappui-du-togo\/\"]}]},{\"@type\":\"ImageObject\",\"inLanguage\":\"fr-FR\",\"@id\":\"https:\/\/lavoixdelanation.tg\/index.php\/2025\/03\/21\/candidature-a-la-presidence-de-la-bad-la-zambie-sollicite-lappui-du-togo\/#primaryimage\",\"url\":\"https:\/\/lavoixdelanation.tg\/wp-content\/uploads\/2025\/03\/Une-delegation-de-la-Zambie-recue-par-Faure-Gnassingbe-a-Lome.jpg\",\"contentUrl\":\"https:\/\/lavoixdelanation.tg\/wp-content\/uploads\/2025\/03\/Une-delegation-de-la-Zambie-recue-par-Faure-Gnassingbe-a-Lome.jpg\",\"width\":650,\"height\":420,\"caption\":\"Dr Caleb Fundanga avec Faure Gnassingb\u00e9 \u00e0 Lom\u00e9\"},{\"@type\":\"BreadcrumbList\",\"@id\":\"https:\/\/lavoixdelanation.tg\/index.php\/2025\/03\/21\/candidature-a-la-presidence-de-la-bad-la-zambie-sollicite-lappui-du-togo\/#breadcrumb\",\"itemListElement\":[{\"@type\":\"ListItem\",\"position\":1,\"name\":\"Accueil\",\"item\":\"https:\/\/lavoixdelanation.tg\/\"},{\"@type\":\"ListItem\",\"position\":2,\"name\":\"Candidature \u00e0 la Pr\u00e9sidence de la BAD\u00a0: La Zambie sollicite l\u2019appui du Togo\"}]},{\"@type\":\"WebSite\",\"@id\":\"https:\/\/lavoixdelanation.tg\/#website\",\"url\":\"https:\/\/lavoixdelanation.tg\/\",\"name\":\"La Voix de la Nation\",\"description\":\"R\u00e9c\u00e9piss\u00e9 n\u00b00108\/HAAC\/01-2024\/pl\/P\",\"publisher\":{\"@id\":\"https:\/\/lavoixdelanation.tg\/#organization\"},\"alternateName\":\"VON\",\"potentialAction\":[{\"@type\":\"SearchAction\",\"target\":{\"@type\":\"EntryPoint\",\"urlTemplate\":\"https:\/\/lavoixdelanation.tg\/?s={search_term_string}\"},\"query-input\":{\"@type\":\"PropertyValueSpecification\",\"valueRequired\":true,\"valueName\":\"search_term_string\"}}],\"inLanguage\":\"fr-FR\"},{\"@type\":\"Organization\",\"@id\":\"https:\/\/lavoixdelanation.tg\/#organization\",\"name\":\"La Voix de la Nation\",\"url\":\"https:\/\/lavoixdelanation.tg\/\",\"logo\":{\"@type\":\"ImageObject\",\"inLanguage\":\"fr-FR\",\"@id\":\"https:\/\/lavoixdelanation.tg\/#\/schema\/logo\/image\/\",\"url\":\"https:\/\/lavoixdelanation.tg\/wp-content\/uploads\/2024\/12\/lavn-1.png\",\"contentUrl\":\"https:\/\/lavoixdelanation.tg\/wp-content\/uploads\/2024\/12\/lavn-1.png\",\"width\":1024,\"height\":464,\"caption\":\"La Voix de la Nation\"},\"image\":{\"@id\":\"https:\/\/lavoixdelanation.tg\/#\/schema\/logo\/image\/\"},\"sameAs\":[\"https:\/\/www.facebook.com\/lavoixdelanation\"]},{\"@type\":\"Person\",\"@id\":\"https:\/\/lavoixdelanation.tg\/#\/schema\/person\/6c489293aa38053673a9e554acb6e224\",\"name\":\"La voix de la nation\",\"image\":{\"@type\":\"ImageObject\",\"inLanguage\":\"fr-FR\",\"@id\":\"https:\/\/lavoixdelanation.tg\/#\/schema\/person\/image\/\",\"url\":\"https:\/\/secure.gravatar.com\/avatar\/8aa135d4bbc794494cecaa8d483f6d6cc1023624868deaff686baed5e727a5a1?s=96&d=mm&r=g\",\"contentUrl\":\"https:\/\/secure.gravatar.com\/avatar\/8aa135d4bbc794494cecaa8d483f6d6cc1023624868deaff686baed5e727a5a1?s=96&d=mm&r=g\",\"caption\":\"La voix de la nation\"},\"sameAs\":[\"https:\/\/lavoixdelanation.tg\"],\"url\":\"https:\/\/lavoixdelanation.tg\/index.php\/author\/lavn\/\"}]}<\/script>\n<!-- \/ Yoast SEO plugin. -->","yoast_head_json":{"title":"Candidature \u00e0 la Pr\u00e9sidence de la BAD\u00a0: La Zambie sollicite l\u2019appui du Togo - La Voix de la Nation","description":"Une d\u00e9l\u00e9gation pr\u00e9sidentielle de la Zambie a \u00e9t\u00e9 re\u00e7ue en audience ce jeudi 20 mars 2025 \u00e0 Lom\u00e9 par le chef de l\u2019Etat Faure Gnassingb\u00e9. Conduite par Dr Caleb Fundanga, la d\u00e9l\u00e9gation est porteuse d\u2019un message relatif \u00e0 la candidature du Dr Samuel Munzele Maimbo \u00e0 la pr\u00e9sidence de la Banque africaine de d\u00e9veloppement (BAD).","robots":{"index":"index","follow":"follow","max-snippet":"max-snippet:-1","max-image-preview":"max-image-preview:large","max-video-preview":"max-video-preview:-1"},"canonical":"https:\/\/lavoixdelanation.tg\/index.php\/2025\/03\/21\/candidature-a-la-presidence-de-la-bad-la-zambie-sollicite-lappui-du-togo\/","og_locale":"fr_FR","og_type":"article","og_title":"Candidature \u00e0 la Pr\u00e9sidence de la BAD\u00a0: La Zambie sollicite l\u2019appui du Togo - La Voix de la Nation","og_description":"Une d\u00e9l\u00e9gation pr\u00e9sidentielle de la Zambie a \u00e9t\u00e9 re\u00e7ue en audience ce jeudi 20 mars 2025 \u00e0 Lom\u00e9 par le chef de l\u2019Etat Faure Gnassingb\u00e9. Conduite par Dr Caleb Fundanga, la d\u00e9l\u00e9gation est porteuse d\u2019un message relatif \u00e0 la candidature du Dr Samuel Munzele Maimbo \u00e0 la pr\u00e9sidence de la Banque africaine de d\u00e9veloppement (BAD).","og_url":"https:\/\/lavoixdelanation.tg\/index.php\/2025\/03\/21\/candidature-a-la-presidence-de-la-bad-la-zambie-sollicite-lappui-du-togo\/","og_site_name":"La Voix de la Nation","article_publisher":"https:\/\/www.facebook.com\/lavoixdelanation","article_published_time":"2025-03-21T09:09:26+00:00","article_modified_time":"2025-03-21T09:11:43+00:00","og_image":[{"width":650,"height":420,"url":"https:\/\/lavoixdelanation.tg\/wp-content\/uploads\/2025\/03\/Une-delegation-de-la-Zambie-recue-par-Faure-Gnassingbe-a-Lome.jpg","type":"image\/jpeg"}],"author":"La voix de la nation","twitter_card":"summary_large_image","twitter_misc":{"\u00c9crit par":"La voix de la nation","Dur\u00e9e de lecture estim\u00e9e":"2 minutes"},"schema":{"@context":"https:\/\/schema.org","@graph":[{"@type":"Article","@id":"https:\/\/lavoixdelanation.tg\/index.php\/2025\/03\/21\/candidature-a-la-presidence-de-la-bad-la-zambie-sollicite-lappui-du-togo\/#article","isPartOf":{"@id":"https:\/\/lavoixdelanation.tg\/index.php\/2025\/03\/21\/candidature-a-la-presidence-de-la-bad-la-zambie-sollicite-lappui-du-togo\/"},"author":{"name":"La voix de la nation","@id":"https:\/\/lavoixdelanation.tg\/#\/schema\/person\/6c489293aa38053673a9e554acb6e224"},"headline":"Candidature \u00e0 la Pr\u00e9sidence de la BAD\u00a0: La Zambie sollicite l\u2019appui du Togo","datePublished":"2025-03-21T09:09:26+00:00","dateModified":"2025-03-21T09:11:43+00:00","mainEntityOfPage":{"@id":"https:\/\/lavoixdelanation.tg\/index.php\/2025\/03\/21\/candidature-a-la-presidence-de-la-bad-la-zambie-sollicite-lappui-du-togo\/"},"wordCount":277,"commentCount":0,"publisher":{"@id":"https:\/\/lavoixdelanation.tg\/#organization"},"image":{"@id":"https:\/\/lavoixdelanation.tg\/index.php\/2025\/03\/21\/candidature-a-la-presidence-de-la-bad-la-zambie-sollicite-lappui-du-togo\/#primaryimage"},"thumbnailUrl":"https:\/\/lavoixdelanation.tg\/wp-content\/uploads\/2025\/03\/Une-delegation-de-la-Zambie-recue-par-Faure-Gnassingbe-a-Lome.jpg","articleSection":["Diplomatie","Economie"],"inLanguage":"fr-FR","potentialAction":[{"@type":"CommentAction","name":"Comment","target":["https:\/\/lavoixdelanation.tg\/index.php\/2025\/03\/21\/candidature-a-la-presidence-de-la-bad-la-zambie-sollicite-lappui-du-togo\/#respond"]}]},{"@type":"WebPage","@id":"https:\/\/lavoixdelanation.tg\/index.php\/2025\/03\/21\/candidature-a-la-presidence-de-la-bad-la-zambie-sollicite-lappui-du-togo\/","url":"https:\/\/lavoixdelanation.tg\/index.php\/2025\/03\/21\/candidature-a-la-presidence-de-la-bad-la-zambie-sollicite-lappui-du-togo\/","name":"Candidature \u00e0 la Pr\u00e9sidence de la BAD\u00a0: La Zambie sollicite l\u2019appui du Togo - La Voix de la Nation","isPartOf":{"@id":"https:\/\/lavoixdelanation.tg\/#website"},"primaryImageOfPage":{"@id":"https:\/\/lavoixdelanation.tg\/index.php\/2025\/03\/21\/candidature-a-la-presidence-de-la-bad-la-zambie-sollicite-lappui-du-togo\/#primaryimage"},"image":{"@id":"https:\/\/lavoixdelanation.tg\/index.php\/2025\/03\/21\/candidature-a-la-presidence-de-la-bad-la-zambie-sollicite-lappui-du-togo\/#primaryimage"},"thumbnailUrl":"https:\/\/lavoixdelanation.tg\/wp-content\/uploads\/2025\/03\/Une-delegation-de-la-Zambie-recue-par-Faure-Gnassingbe-a-Lome.jpg","datePublished":"2025-03-21T09:09:26+00:00","dateModified":"2025-03-21T09:11:43+00:00","description":"Une d\u00e9l\u00e9gation pr\u00e9sidentielle de la Zambie a \u00e9t\u00e9 re\u00e7ue en audience ce jeudi 20 mars 2025 \u00e0 Lom\u00e9 par le chef de l\u2019Etat Faure Gnassingb\u00e9. Conduite par Dr Caleb Fundanga, la d\u00e9l\u00e9gation est porteuse d\u2019un message relatif \u00e0 la candidature du Dr Samuel Munzele Maimbo \u00e0 la pr\u00e9sidence de la Banque africaine de d\u00e9veloppement (BAD).","breadcrumb":{"@id":"https:\/\/lavoixdelanation.tg\/index.php\/2025\/03\/21\/candidature-a-la-presidence-de-la-bad-la-zambie-sollicite-lappui-du-togo\/#breadcrumb"},"inLanguage":"fr-FR","potentialAction":[{"@type":"ReadAction","target":["https:\/\/lavoixdelanation.tg\/index.php\/2025\/03\/21\/candidature-a-la-presidence-de-la-bad-la-zambie-sollicite-lappui-du-togo\/"]}]},{"@type":"ImageObject","inLanguage":"fr-FR","@id":"https:\/\/lavoixdelanation.tg\/index.php\/2025\/03\/21\/candidature-a-la-presidence-de-la-bad-la-zambie-sollicite-lappui-du-togo\/#primaryimage","url":"https:\/\/lavoixdelanation.tg\/wp-content\/uploads\/2025\/03\/Une-delegation-de-la-Zambie-recue-par-Faure-Gnassingbe-a-Lome.jpg","contentUrl":"https:\/\/lavoixdelanation.tg\/wp-content\/uploads\/2025\/03\/Une-delegation-de-la-Zambie-recue-par-Faure-Gnassingbe-a-Lome.jpg","width":650,"height":420,"caption":"Dr Caleb Fundanga avec Faure Gnassingb\u00e9 \u00e0 Lom\u00e9"},{"@type":"BreadcrumbList","@id":"https:\/\/lavoixdelanation.tg\/index.php\/2025\/03\/21\/candidature-a-la-presidence-de-la-bad-la-zambie-sollicite-lappui-du-togo\/#breadcrumb","itemListElement":[{"@type":"ListItem","position":1,"name":"Accueil","item":"https:\/\/lavoixdelanation.tg\/"},{"@type":"ListItem","position":2,"name":"Candidature \u00e0 la Pr\u00e9sidence de la BAD\u00a0: La Zambie sollicite l\u2019appui du Togo"}]},{"@type":"WebSite","@id":"https:\/\/lavoixdelanation.tg\/#website","url":"https:\/\/lavoixdelanation.tg\/","name":"La Voix de la Nation","description":"R\u00e9c\u00e9piss\u00e9 n\u00b00108\/HAAC\/01-2024\/pl\/P","publisher":{"@id":"https:\/\/lavoixdelanation.tg\/#organization"},"alternateName":"VON","potentialAction":[{"@type":"SearchAction","target":{"@type":"EntryPoint","urlTemplate":"https:\/\/lavoixdelanation.tg\/?s={search_term_string}"},"query-input":{"@type":"PropertyValueSpecification","valueRequired":true,"valueName":"search_term_string"}}],"inLanguage":"fr-FR"},{"@type":"Organization","@id":"https:\/\/lavoixdelanation.tg\/#organization","name":"La Voix de la Nation","url":"https:\/\/lavoixdelanation.tg\/","logo":{"@type":"ImageObject","inLanguage":"fr-FR","@id":"https:\/\/lavoixdelanation.tg\/#\/schema\/logo\/image\/","url":"https:\/\/lavoixdelanation.tg\/wp-content\/uploads\/2024\/12\/lavn-1.png","contentUrl":"https:\/\/lavoixdelanation.tg\/wp-content\/uploads\/2024\/12\/lavn-1.png","width":1024,"height":464,"caption":"La Voix de la Nation"},"image":{"@id":"https:\/\/lavoixdelanation.tg\/#\/schema\/logo\/image\/"},"sameAs":["https:\/\/www.facebook.com\/lavoixdelanation"]},{"@type":"Person","@id":"https:\/\/lavoixdelanation.tg\/#\/schema\/person\/6c489293aa38053673a9e554acb6e224","name":"La voix de la nation","image":{"@type":"ImageObject","inLanguage":"fr-FR","@id":"https:\/\/lavoixdelanation.tg\/#\/schema\/person\/image\/","url":"https:\/\/secure.gravatar.com\/avatar\/8aa135d4bbc794494cecaa8d483f6d6cc1023624868deaff686baed5e727a5a1?s=96&d=mm&r=g","contentUrl":"https:\/\/secure.gravatar.com\/avatar\/8aa135d4bbc794494cecaa8d483f6d6cc1023624868deaff686baed5e727a5a1?s=96&d=mm&r=g","caption":"La voix de la nation"},"sameAs":["https:\/\/lavoixdelanation.tg"],"url":"https:\/\/lavoixdelanation.tg\/index.php\/author\/lavn\/"}]}},"_links":{"self":[{"href":"https:\/\/lavoixdelanation.tg\/index.php\/wp-json\/wp\/v2\/posts\/2430","targetHints":{"allow":["GET"]}}],"collection":[{"href":"https:\/\/lavoixdelanation.tg\/index.php\/wp-json\/wp\/v2\/posts"}],"about":[{"href":"https:\/\/lavoixdelanation.tg\/index.php\/wp-json\/wp\/v2\/types\/post"}],"author":[{"embeddable":true,"href":"https:\/\/lavoixdelanation.tg\/index.php\/wp-json\/wp\/v2\/users\/1"}],"replies":[{"embeddable":true,"href":"https:\/\/lavoixdelanation.tg\/index.php\/wp-json\/wp\/v2\/comments?post=2430"}],"version-history":[{"count":2,"href":"https:\/\/lavoixdelanation.tg\/index.php\/wp-json\/wp\/v2\/posts\/2430\/revisions"}],"predecessor-version":[{"id":2433,"href":"https:\/\/lavoixdelanation.tg\/index.php\/wp-json\/wp\/v2\/posts\/2430\/revisions\/2433"}],"wp:featuredmedia":[{"embeddable":true,"href":"https:\/\/lavoixdelanation.tg\/index.php\/wp-json\/wp\/v2\/media\/2431"}],"wp:attachment":[{"href":"https:\/\/lavoixdelanation.tg\/index.php\/wp-json\/wp\/v2\/media?parent=2430"}],"wp:term":[{"taxonomy":"category","embeddable":true,"href":"https:\/\/lavoixdelanation.tg\/index.php\/wp-json\/wp\/v2\/categories?post=2430"},{"taxonomy":"post_tag","embeddable":true,"href":"https:\/\/lavoixdelanation.tg\/index.php\/wp-json\/wp\/v2\/tags?post=2430"}],"curies":[{"name":"wp","href":"https:\/\/api.w.org\/{rel}","templated":true}]}}