{"id":2426,"date":"2025-03-20T16:16:00","date_gmt":"2025-03-20T15:16:00","guid":{"rendered":"https:\/\/lavoixdelanation.tg\/?p=2426"},"modified":"2025-03-20T20:19:25","modified_gmt":"2025-03-20T19:19:25","slug":"le-togo-se-prepare-pour-lexposition-universelle-osaka-2025","status":"publish","type":"post","link":"https:\/\/lavoixdelanation.tg\/index.php\/2025\/03\/20\/le-togo-se-prepare-pour-lexposition-universelle-osaka-2025\/","title":{"rendered":"Le Togo se pr\u00e9pare pour l&rsquo;Exposition Universelle Osaka 2025"},"content":{"rendered":"\n<p><strong>Le Togo poursuit ses pr\u00e9parations pour la participation du Togo \u00e0 l&rsquo;Exposition Universelle Osaka 2025, pr\u00e9vue du 13 avril au 13 octobre 2025. Une s\u00e9ance d&rsquo;information \u00e0 l\u2019endroit des op\u00e9rateurs \u00e9conomiques <\/strong>et Hommes d&rsquo;affaires togolais<strong> est annonc\u00e9e dans ce sens le 28 mars prochain \u00e0 Lom\u00e9.<\/strong><\/p>\n\n\n\n<p>Cette s\u00e9ance est une initiative du Minist\u00e8re de l&rsquo;Industrie et de la Promotion des Investissements, en collaboration avec la Chambre de Commerce et d&rsquo;Industrie du Togo (CCI-Togo), et plac\u00e9e sous la coordination du Comit\u00e9 National Permanent charg\u00e9 de l&rsquo;Organisation de la Participation du Togo aux Foires et Expositions.<\/p>\n\n\n\n<p>Elle sera l&rsquo;occasion pour les op\u00e9rateurs \u00e9conomiques d&rsquo;obtenir toutes les informations n\u00e9cessaires, de poser des questions et de se pr\u00e9parer \u00e0 tirer pleinement parti de cette importante plateforme \u00e9conomique internationale.<\/p>\n\n\n\n<p>L&rsquo;Exposition Universelle Osaka 2025 est plac\u00e9e sous me th\u00e8me \u00ab Concevoir la soci\u00e9t\u00e9 du futur, imaginer notre vie de demain \u00bb. Une Journ\u00e9e \u00c9conomique sera d\u00e9di\u00e9e au Togo le 19 ao\u00fbt 2025 \u00e0 Osaka.<\/p>\n\n\n\n<p>Le Togo entend saisir l\u2019opportunit\u00e9 pour mettre en avant ses innovations, promouvoir son patrimoine culturel et \u00e9conomique, et renforcer sa pr\u00e9sence sur la sc\u00e8ne internationale. Un pavillon d\u00e9di\u00e9 permettra \u00e9galement de valoriser les particularit\u00e9s du pays et de mettre en avant, les produits locaux.<\/p>\n\n\n\n<p><strong>Cris DADA<\/strong><\/p>\n","protected":false},"excerpt":{"rendered":"<p>Le Togo poursuit ses pr\u00e9parations pour la participation du Togo \u00e0 l&rsquo;Exposition Universelle Osaka 2025, pr\u00e9vue du 13 avril au 13 octobre 2025. Une s\u00e9ance d&rsquo;information \u00e0 l\u2019endroit des op\u00e9rateurs&hellip; <\/p>\n","protected":false},"author":1,"featured_media":2427,"comment_status":"open","ping_status":"open","sticky":false,"template":"","format":"standard","meta":{"footnotes":""},"categories":[8],"tags":[246,500,499,39],"class_list":["post-2426","post","type-post","status-publish","format-standard","has-post-thumbnail","hentry","category-economie","tag-ccit","tag-chambre-de-commerce","tag-exposition-universelle-osaka-2025","tag-togo"],"yoast_head":"<!-- This site is optimized with the Yoast SEO plugin v26.4 - https:\/\/yoast.com\/wordpress\/plugins\/seo\/ -->\n<title>Le Togo se pr\u00e9pare pour l&#039;Exposition Universelle Osaka 2025 - La Voix de la Nation<\/title>\n<meta name=\"robots\" content=\"index, follow, max-snippet:-1, max-image-preview:large, max-video-preview:-1\" \/>\n<link rel=\"canonical\" href=\"https:\/\/lavoixdelanation.tg\/index.php\/2025\/03\/20\/le-togo-se-prepare-pour-lexposition-universelle-osaka-2025\/\" \/>\n<meta property=\"og:locale\" content=\"fr_FR\" \/>\n<meta property=\"og:type\" content=\"article\" \/>\n<meta property=\"og:title\" content=\"Le Togo se pr\u00e9pare pour l&#039;Exposition Universelle Osaka 2025 - La Voix de la Nation\" \/>\n<meta property=\"og:description\" content=\"Le Togo poursuit ses pr\u00e9parations pour la participation du Togo \u00e0 l&rsquo;Exposition Universelle Osaka 2025, pr\u00e9vue du 13 avril au 13 octobre 2025. Une s\u00e9ance d&rsquo;information \u00e0 l\u2019endroit des op\u00e9rateurs&hellip;\" \/>\n<meta property=\"og:url\" content=\"https:\/\/lavoixdelanation.tg\/index.php\/2025\/03\/20\/le-togo-se-prepare-pour-lexposition-universelle-osaka-2025\/\" \/>\n<meta property=\"og:site_name\" content=\"La Voix de la Nation\" \/>\n<meta property=\"article:publisher\" content=\"https:\/\/www.facebook.com\/lavoixdelanation\" \/>\n<meta property=\"article:published_time\" content=\"2025-03-20T15:16:00+00:00\" \/>\n<meta property=\"article:modified_time\" content=\"2025-03-20T19:19:25+00:00\" \/>\n<meta property=\"og:image\" content=\"https:\/\/lavoixdelanation.tg\/wp-content\/uploads\/2025\/03\/Le-Togo-se-prepare-pour-lExposition-Universelle-Osaka-2025.jpg\" \/>\n\t<meta property=\"og:image:width\" content=\"600\" \/>\n\t<meta property=\"og:image:height\" content=\"359\" \/>\n\t<meta property=\"og:image:type\" content=\"image\/jpeg\" \/>\n<meta name=\"author\" content=\"La voix de la nation\" \/>\n<meta name=\"twitter:card\" content=\"summary_large_image\" \/>\n<meta name=\"twitter:label1\" content=\"\u00c9crit par\" \/>\n\t<meta name=\"twitter:data1\" content=\"La voix de la nation\" \/>\n\t<meta name=\"twitter:label2\" content=\"Dur\u00e9e de lecture estim\u00e9e\" \/>\n\t<meta name=\"twitter:data2\" content=\"2 minutes\" \/>\n<script type=\"application\/ld+json\" class=\"yoast-schema-graph\">{\"@context\":\"https:\/\/schema.org\",\"@graph\":[{\"@type\":\"Article\",\"@id\":\"https:\/\/lavoixdelanation.tg\/index.php\/2025\/03\/20\/le-togo-se-prepare-pour-lexposition-universelle-osaka-2025\/#article\",\"isPartOf\":{\"@id\":\"https:\/\/lavoixdelanation.tg\/index.php\/2025\/03\/20\/le-togo-se-prepare-pour-lexposition-universelle-osaka-2025\/\"},\"author\":{\"name\":\"La voix de la nation\",\"@id\":\"https:\/\/lavoixdelanation.tg\/#\/schema\/person\/6c489293aa38053673a9e554acb6e224\"},\"headline\":\"Le Togo se pr\u00e9pare pour l&rsquo;Exposition Universelle Osaka 2025\",\"datePublished\":\"2025-03-20T15:16:00+00:00\",\"dateModified\":\"2025-03-20T19:19:25+00:00\",\"mainEntityOfPage\":{\"@id\":\"https:\/\/lavoixdelanation.tg\/index.php\/2025\/03\/20\/le-togo-se-prepare-pour-lexposition-universelle-osaka-2025\/\"},\"wordCount\":232,\"commentCount\":0,\"publisher\":{\"@id\":\"https:\/\/lavoixdelanation.tg\/#organization\"},\"image\":{\"@id\":\"https:\/\/lavoixdelanation.tg\/index.php\/2025\/03\/20\/le-togo-se-prepare-pour-lexposition-universelle-osaka-2025\/#primaryimage\"},\"thumbnailUrl\":\"https:\/\/lavoixdelanation.tg\/wp-content\/uploads\/2025\/03\/Le-Togo-se-prepare-pour-lExposition-Universelle-Osaka-2025.jpg\",\"keywords\":[\"CCIT\",\"Chambre de Commerce\",\"Exposition Universelle Osaka 2025\",\"Togo\"],\"articleSection\":[\"Economie\"],\"inLanguage\":\"fr-FR\",\"potentialAction\":[{\"@type\":\"CommentAction\",\"name\":\"Comment\",\"target\":[\"https:\/\/lavoixdelanation.tg\/index.php\/2025\/03\/20\/le-togo-se-prepare-pour-lexposition-universelle-osaka-2025\/#respond\"]}]},{\"@type\":\"WebPage\",\"@id\":\"https:\/\/lavoixdelanation.tg\/index.php\/2025\/03\/20\/le-togo-se-prepare-pour-lexposition-universelle-osaka-2025\/\",\"url\":\"https:\/\/lavoixdelanation.tg\/index.php\/2025\/03\/20\/le-togo-se-prepare-pour-lexposition-universelle-osaka-2025\/\",\"name\":\"Le Togo se pr\u00e9pare pour l'Exposition Universelle Osaka 2025 - La Voix de la Nation\",\"isPartOf\":{\"@id\":\"https:\/\/lavoixdelanation.tg\/#website\"},\"primaryImageOfPage\":{\"@id\":\"https:\/\/lavoixdelanation.tg\/index.php\/2025\/03\/20\/le-togo-se-prepare-pour-lexposition-universelle-osaka-2025\/#primaryimage\"},\"image\":{\"@id\":\"https:\/\/lavoixdelanation.tg\/index.php\/2025\/03\/20\/le-togo-se-prepare-pour-lexposition-universelle-osaka-2025\/#primaryimage\"},\"thumbnailUrl\":\"https:\/\/lavoixdelanation.tg\/wp-content\/uploads\/2025\/03\/Le-Togo-se-prepare-pour-lExposition-Universelle-Osaka-2025.jpg\",\"datePublished\":\"2025-03-20T15:16:00+00:00\",\"dateModified\":\"2025-03-20T19:19:25+00:00\",\"breadcrumb\":{\"@id\":\"https:\/\/lavoixdelanation.tg\/index.php\/2025\/03\/20\/le-togo-se-prepare-pour-lexposition-universelle-osaka-2025\/#breadcrumb\"},\"inLanguage\":\"fr-FR\",\"potentialAction\":[{\"@type\":\"ReadAction\",\"target\":[\"https:\/\/lavoixdelanation.tg\/index.php\/2025\/03\/20\/le-togo-se-prepare-pour-lexposition-universelle-osaka-2025\/\"]}]},{\"@type\":\"ImageObject\",\"inLanguage\":\"fr-FR\",\"@id\":\"https:\/\/lavoixdelanation.tg\/index.php\/2025\/03\/20\/le-togo-se-prepare-pour-lexposition-universelle-osaka-2025\/#primaryimage\",\"url\":\"https:\/\/lavoixdelanation.tg\/wp-content\/uploads\/2025\/03\/Le-Togo-se-prepare-pour-lExposition-Universelle-Osaka-2025.jpg\",\"contentUrl\":\"https:\/\/lavoixdelanation.tg\/wp-content\/uploads\/2025\/03\/Le-Togo-se-prepare-pour-lExposition-Universelle-Osaka-2025.jpg\",\"width\":600,\"height\":359},{\"@type\":\"BreadcrumbList\",\"@id\":\"https:\/\/lavoixdelanation.tg\/index.php\/2025\/03\/20\/le-togo-se-prepare-pour-lexposition-universelle-osaka-2025\/#breadcrumb\",\"itemListElement\":[{\"@type\":\"ListItem\",\"position\":1,\"name\":\"Accueil\",\"item\":\"https:\/\/lavoixdelanation.tg\/\"},{\"@type\":\"ListItem\",\"position\":2,\"name\":\"Le Togo se pr\u00e9pare pour l&rsquo;Exposition Universelle Osaka 2025\"}]},{\"@type\":\"WebSite\",\"@id\":\"https:\/\/lavoixdelanation.tg\/#website\",\"url\":\"https:\/\/lavoixdelanation.tg\/\",\"name\":\"La Voix de la Nation\",\"description\":\"R\u00e9c\u00e9piss\u00e9 n\u00b00108\/HAAC\/01-2024\/pl\/P\",\"publisher\":{\"@id\":\"https:\/\/lavoixdelanation.tg\/#organization\"},\"alternateName\":\"VON\",\"potentialAction\":[{\"@type\":\"SearchAction\",\"target\":{\"@type\":\"EntryPoint\",\"urlTemplate\":\"https:\/\/lavoixdelanation.tg\/?s={search_term_string}\"},\"query-input\":{\"@type\":\"PropertyValueSpecification\",\"valueRequired\":true,\"valueName\":\"search_term_string\"}}],\"inLanguage\":\"fr-FR\"},{\"@type\":\"Organization\",\"@id\":\"https:\/\/lavoixdelanation.tg\/#organization\",\"name\":\"La Voix de la Nation\",\"url\":\"https:\/\/lavoixdelanation.tg\/\",\"logo\":{\"@type\":\"ImageObject\",\"inLanguage\":\"fr-FR\",\"@id\":\"https:\/\/lavoixdelanation.tg\/#\/schema\/logo\/image\/\",\"url\":\"https:\/\/lavoixdelanation.tg\/wp-content\/uploads\/2024\/12\/lavn-1.png\",\"contentUrl\":\"https:\/\/lavoixdelanation.tg\/wp-content\/uploads\/2024\/12\/lavn-1.png\",\"width\":1024,\"height\":464,\"caption\":\"La Voix de la Nation\"},\"image\":{\"@id\":\"https:\/\/lavoixdelanation.tg\/#\/schema\/logo\/image\/\"},\"sameAs\":[\"https:\/\/www.facebook.com\/lavoixdelanation\"]},{\"@type\":\"Person\",\"@id\":\"https:\/\/lavoixdelanation.tg\/#\/schema\/person\/6c489293aa38053673a9e554acb6e224\",\"name\":\"La voix de la nation\",\"image\":{\"@type\":\"ImageObject\",\"inLanguage\":\"fr-FR\",\"@id\":\"https:\/\/lavoixdelanation.tg\/#\/schema\/person\/image\/\",\"url\":\"https:\/\/secure.gravatar.com\/avatar\/8aa135d4bbc794494cecaa8d483f6d6cc1023624868deaff686baed5e727a5a1?s=96&d=mm&r=g\",\"contentUrl\":\"https:\/\/secure.gravatar.com\/avatar\/8aa135d4bbc794494cecaa8d483f6d6cc1023624868deaff686baed5e727a5a1?s=96&d=mm&r=g\",\"caption\":\"La voix de la nation\"},\"sameAs\":[\"https:\/\/lavoixdelanation.tg\"],\"url\":\"https:\/\/lavoixdelanation.tg\/index.php\/author\/lavn\/\"}]}<\/script>\n<!-- \/ Yoast SEO plugin. -->","yoast_head_json":{"title":"Le Togo se pr\u00e9pare pour l'Exposition Universelle Osaka 2025 - La Voix de la Nation","robots":{"index":"index","follow":"follow","max-snippet":"max-snippet:-1","max-image-preview":"max-image-preview:large","max-video-preview":"max-video-preview:-1"},"canonical":"https:\/\/lavoixdelanation.tg\/index.php\/2025\/03\/20\/le-togo-se-prepare-pour-lexposition-universelle-osaka-2025\/","og_locale":"fr_FR","og_type":"article","og_title":"Le Togo se pr\u00e9pare pour l'Exposition Universelle Osaka 2025 - La Voix de la Nation","og_description":"Le Togo poursuit ses pr\u00e9parations pour la participation du Togo \u00e0 l&rsquo;Exposition Universelle Osaka 2025, pr\u00e9vue du 13 avril au 13 octobre 2025. Une s\u00e9ance d&rsquo;information \u00e0 l\u2019endroit des op\u00e9rateurs&hellip;","og_url":"https:\/\/lavoixdelanation.tg\/index.php\/2025\/03\/20\/le-togo-se-prepare-pour-lexposition-universelle-osaka-2025\/","og_site_name":"La Voix de la Nation","article_publisher":"https:\/\/www.facebook.com\/lavoixdelanation","article_published_time":"2025-03-20T15:16:00+00:00","article_modified_time":"2025-03-20T19:19:25+00:00","og_image":[{"width":600,"height":359,"url":"https:\/\/lavoixdelanation.tg\/wp-content\/uploads\/2025\/03\/Le-Togo-se-prepare-pour-lExposition-Universelle-Osaka-2025.jpg","type":"image\/jpeg"}],"author":"La voix de la nation","twitter_card":"summary_large_image","twitter_misc":{"\u00c9crit par":"La voix de la nation","Dur\u00e9e de lecture estim\u00e9e":"2 minutes"},"schema":{"@context":"https:\/\/schema.org","@graph":[{"@type":"Article","@id":"https:\/\/lavoixdelanation.tg\/index.php\/2025\/03\/20\/le-togo-se-prepare-pour-lexposition-universelle-osaka-2025\/#article","isPartOf":{"@id":"https:\/\/lavoixdelanation.tg\/index.php\/2025\/03\/20\/le-togo-se-prepare-pour-lexposition-universelle-osaka-2025\/"},"author":{"name":"La voix de la nation","@id":"https:\/\/lavoixdelanation.tg\/#\/schema\/person\/6c489293aa38053673a9e554acb6e224"},"headline":"Le Togo se pr\u00e9pare pour l&rsquo;Exposition Universelle Osaka 2025","datePublished":"2025-03-20T15:16:00+00:00","dateModified":"2025-03-20T19:19:25+00:00","mainEntityOfPage":{"@id":"https:\/\/lavoixdelanation.tg\/index.php\/2025\/03\/20\/le-togo-se-prepare-pour-lexposition-universelle-osaka-2025\/"},"wordCount":232,"commentCount":0,"publisher":{"@id":"https:\/\/lavoixdelanation.tg\/#organization"},"image":{"@id":"https:\/\/lavoixdelanation.tg\/index.php\/2025\/03\/20\/le-togo-se-prepare-pour-lexposition-universelle-osaka-2025\/#primaryimage"},"thumbnailUrl":"https:\/\/lavoixdelanation.tg\/wp-content\/uploads\/2025\/03\/Le-Togo-se-prepare-pour-lExposition-Universelle-Osaka-2025.jpg","keywords":["CCIT","Chambre de Commerce","Exposition Universelle Osaka 2025","Togo"],"articleSection":["Economie"],"inLanguage":"fr-FR","potentialAction":[{"@type":"CommentAction","name":"Comment","target":["https:\/\/lavoixdelanation.tg\/index.php\/2025\/03\/20\/le-togo-se-prepare-pour-lexposition-universelle-osaka-2025\/#respond"]}]},{"@type":"WebPage","@id":"https:\/\/lavoixdelanation.tg\/index.php\/2025\/03\/20\/le-togo-se-prepare-pour-lexposition-universelle-osaka-2025\/","url":"https:\/\/lavoixdelanation.tg\/index.php\/2025\/03\/20\/le-togo-se-prepare-pour-lexposition-universelle-osaka-2025\/","name":"Le Togo se pr\u00e9pare pour l'Exposition Universelle Osaka 2025 - La Voix de la Nation","isPartOf":{"@id":"https:\/\/lavoixdelanation.tg\/#website"},"primaryImageOfPage":{"@id":"https:\/\/lavoixdelanation.tg\/index.php\/2025\/03\/20\/le-togo-se-prepare-pour-lexposition-universelle-osaka-2025\/#primaryimage"},"image":{"@id":"https:\/\/lavoixdelanation.tg\/index.php\/2025\/03\/20\/le-togo-se-prepare-pour-lexposition-universelle-osaka-2025\/#primaryimage"},"thumbnailUrl":"https:\/\/lavoixdelanation.tg\/wp-content\/uploads\/2025\/03\/Le-Togo-se-prepare-pour-lExposition-Universelle-Osaka-2025.jpg","datePublished":"2025-03-20T15:16:00+00:00","dateModified":"2025-03-20T19:19:25+00:00","breadcrumb":{"@id":"https:\/\/lavoixdelanation.tg\/index.php\/2025\/03\/20\/le-togo-se-prepare-pour-lexposition-universelle-osaka-2025\/#breadcrumb"},"inLanguage":"fr-FR","potentialAction":[{"@type":"ReadAction","target":["https:\/\/lavoixdelanation.tg\/index.php\/2025\/03\/20\/le-togo-se-prepare-pour-lexposition-universelle-osaka-2025\/"]}]},{"@type":"ImageObject","inLanguage":"fr-FR","@id":"https:\/\/lavoixdelanation.tg\/index.php\/2025\/03\/20\/le-togo-se-prepare-pour-lexposition-universelle-osaka-2025\/#primaryimage","url":"https:\/\/lavoixdelanation.tg\/wp-content\/uploads\/2025\/03\/Le-Togo-se-prepare-pour-lExposition-Universelle-Osaka-2025.jpg","contentUrl":"https:\/\/lavoixdelanation.tg\/wp-content\/uploads\/2025\/03\/Le-Togo-se-prepare-pour-lExposition-Universelle-Osaka-2025.jpg","width":600,"height":359},{"@type":"BreadcrumbList","@id":"https:\/\/lavoixdelanation.tg\/index.php\/2025\/03\/20\/le-togo-se-prepare-pour-lexposition-universelle-osaka-2025\/#breadcrumb","itemListElement":[{"@type":"ListItem","position":1,"name":"Accueil","item":"https:\/\/lavoixdelanation.tg\/"},{"@type":"ListItem","position":2,"name":"Le Togo se pr\u00e9pare pour l&rsquo;Exposition Universelle Osaka 2025"}]},{"@type":"WebSite","@id":"https:\/\/lavoixdelanation.tg\/#website","url":"https:\/\/lavoixdelanation.tg\/","name":"La Voix de la Nation","description":"R\u00e9c\u00e9piss\u00e9 n\u00b00108\/HAAC\/01-2024\/pl\/P","publisher":{"@id":"https:\/\/lavoixdelanation.tg\/#organization"},"alternateName":"VON","potentialAction":[{"@type":"SearchAction","target":{"@type":"EntryPoint","urlTemplate":"https:\/\/lavoixdelanation.tg\/?s={search_term_string}"},"query-input":{"@type":"PropertyValueSpecification","valueRequired":true,"valueName":"search_term_string"}}],"inLanguage":"fr-FR"},{"@type":"Organization","@id":"https:\/\/lavoixdelanation.tg\/#organization","name":"La Voix de la Nation","url":"https:\/\/lavoixdelanation.tg\/","logo":{"@type":"ImageObject","inLanguage":"fr-FR","@id":"https:\/\/lavoixdelanation.tg\/#\/schema\/logo\/image\/","url":"https:\/\/lavoixdelanation.tg\/wp-content\/uploads\/2024\/12\/lavn-1.png","contentUrl":"https:\/\/lavoixdelanation.tg\/wp-content\/uploads\/2024\/12\/lavn-1.png","width":1024,"height":464,"caption":"La Voix de la Nation"},"image":{"@id":"https:\/\/lavoixdelanation.tg\/#\/schema\/logo\/image\/"},"sameAs":["https:\/\/www.facebook.com\/lavoixdelanation"]},{"@type":"Person","@id":"https:\/\/lavoixdelanation.tg\/#\/schema\/person\/6c489293aa38053673a9e554acb6e224","name":"La voix de la nation","image":{"@type":"ImageObject","inLanguage":"fr-FR","@id":"https:\/\/lavoixdelanation.tg\/#\/schema\/person\/image\/","url":"https:\/\/secure.gravatar.com\/avatar\/8aa135d4bbc794494cecaa8d483f6d6cc1023624868deaff686baed5e727a5a1?s=96&d=mm&r=g","contentUrl":"https:\/\/secure.gravatar.com\/avatar\/8aa135d4bbc794494cecaa8d483f6d6cc1023624868deaff686baed5e727a5a1?s=96&d=mm&r=g","caption":"La voix de la nation"},"sameAs":["https:\/\/lavoixdelanation.tg"],"url":"https:\/\/lavoixdelanation.tg\/index.php\/author\/lavn\/"}]}},"_links":{"self":[{"href":"https:\/\/lavoixdelanation.tg\/index.php\/wp-json\/wp\/v2\/posts\/2426","targetHints":{"allow":["GET"]}}],"collection":[{"href":"https:\/\/lavoixdelanation.tg\/index.php\/wp-json\/wp\/v2\/posts"}],"about":[{"href":"https:\/\/lavoixdelanation.tg\/index.php\/wp-json\/wp\/v2\/types\/post"}],"author":[{"embeddable":true,"href":"https:\/\/lavoixdelanation.tg\/index.php\/wp-json\/wp\/v2\/users\/1"}],"replies":[{"embeddable":true,"href":"https:\/\/lavoixdelanation.tg\/index.php\/wp-json\/wp\/v2\/comments?post=2426"}],"version-history":[{"count":2,"href":"https:\/\/lavoixdelanation.tg\/index.php\/wp-json\/wp\/v2\/posts\/2426\/revisions"}],"predecessor-version":[{"id":2429,"href":"https:\/\/lavoixdelanation.tg\/index.php\/wp-json\/wp\/v2\/posts\/2426\/revisions\/2429"}],"wp:featuredmedia":[{"embeddable":true,"href":"https:\/\/lavoixdelanation.tg\/index.php\/wp-json\/wp\/v2\/media\/2427"}],"wp:attachment":[{"href":"https:\/\/lavoixdelanation.tg\/index.php\/wp-json\/wp\/v2\/media?parent=2426"}],"wp:term":[{"taxonomy":"category","embeddable":true,"href":"https:\/\/lavoixdelanation.tg\/index.php\/wp-json\/wp\/v2\/categories?post=2426"},{"taxonomy":"post_tag","embeddable":true,"href":"https:\/\/lavoixdelanation.tg\/index.php\/wp-json\/wp\/v2\/tags?post=2426"}],"curies":[{"name":"wp","href":"https:\/\/api.w.org\/{rel}","templated":true}]}}