{"id":2412,"date":"2025-03-20T18:20:09","date_gmt":"2025-03-20T17:20:09","guid":{"rendered":"https:\/\/lavoixdelanation.tg\/?p=2412"},"modified":"2025-03-20T18:20:10","modified_gmt":"2025-03-20T17:20:10","slug":"les-maisons-de-justice-de-plus-en-plus-sollicitees-au-togo","status":"publish","type":"post","link":"https:\/\/lavoixdelanation.tg\/index.php\/2025\/03\/20\/les-maisons-de-justice-de-plus-en-plus-sollicitees-au-togo\/","title":{"rendered":"Les \u00ab\u00a0maisons de justice\u00a0\u00bb de plus en plus sollicit\u00e9es au Togo"},"content":{"rendered":"\n<p><strong>L\u2019acc\u00e8s \u00e0 une justice de qualit\u00e9 pour tous est l\u2019une des pr\u00e9occupations majeures du gouvernement togolais. Des \u00ab&nbsp;maisons de justice&nbsp;\u00bb sont cr\u00e9\u00e9es \u00e0 cet effet sur l\u2019ensemble du territoire. Ces juridictions de proximit\u00e9 \u00e0 mi-chemin entre les juridictions classiques et les m\u00e9canismes traditionnels de r\u00e8glement de conflits, font leurs preuves sur le terrain, au grand bonheur des b\u00e9n\u00e9ficiaires.<\/strong><\/p>\n\n\n\n<p>Les maisons de justice ont en effet pour mission de r\u00e9gler gratuitement, par m\u00e9diation ou par conciliation, les petits litiges, d\u2019une part, de fournir une information juridique et d\u2019orienter les usagers, d\u2019autre part.<\/p>\n\n\n\n<p>A ce jour, au total 21 maisons de justice sont op\u00e9rationnelles sur l\u2019ensemble du territoire national, selon Roger Tagb\u00e9, Directeur de l\u2019acc\u00e8s au droit et \u00e0 la justice.<\/p>\n\n\n\n<p>Dans 16 maisons de justice op\u00e9rationnelles, il y a eu 5518 saisines en 2024, contre 4513 en 2023, et 3857 en 2022, selon un bilan dress\u00e9 le vendredi 14 mars 2025 \u00e0 une mission de la Banque mondiale en pr\u00e9sence du ministre Mipamb-Nahm Tchougli en charge de la Justice et de la L\u00e9gislation.<\/p>\n\n\n\n<p>Quant aux les recouvrements, le montant recouvr\u00e9 \u00e9tait de 53.230.295 F CFA en 2022, de 80.376.197 F CFA en 2023 et de 112.421.098 F CFA en 2024.<\/p>\n\n\n\n<p>\u00ab Pour saisir ces juridictions, il n\u2019est pas n\u00e9cessaire de savoir parler, lire et \u00e9crire en fran\u00e7ais. Il n\u2019est pas, non plus n\u00e9cessaire de recourir \u00e0 un professionnel de droit comme un avocat ou un huissier pour faire prosp\u00e9rer son dossier \u00bb, a expliqu\u00e9 Roger Tagb\u00e9.<\/p>\n\n\n\n<p>Pour rappel, la cr\u00e9ation des maisons de justice est une d\u00e9cision du chef de l\u2019Etat Faure Gnassingb\u00e9 en 2028, dans le souci de rendre la justice plus accessible aux plus n\u00e9cessiteux, et de r\u00e9soudre le probl\u00e8me d\u2019\u00e9loignement de la justice du citoyen, du co\u00fbt et de la complexit\u00e9 des proc\u00e9dures.<\/p>\n\n\n\n<p>\u00ab Cette initiative, formalis\u00e9e le 27 f\u00e9vrier 2018 par d\u00e9cret pr\u00e9sidentiel instituant les maisons de justice, a pour ambition de permettre aux groupes financi\u00e8rement d\u00e9favoris\u00e9s d\u2019acc\u00e9der gratuitement et dans leurs langues locales \u00e0 des modes alternatifs de r\u00e8glement des conflits, de d\u00e9sengorger les juridictions ordinaires, de promouvoir la paix et de lutter contre l\u2019extr\u00e9misme violent \u00bb, a rappel\u00e9 le ministre Mipamb-Nahm Tchougli.<\/p>\n\n\n\n<p>Les informations font \u00e9tat de ce que 12 autres maisons de justice (dont 4 dans la r\u00e9gion des Savanes) seront cr\u00e9\u00e9es dans les prochains jours par le gouvernement, toujours avec l\u2019appui de la Banque mondiale.<\/p>\n\n\n\n<p><strong>David Soklou<\/strong><\/p>\n","protected":false},"excerpt":{"rendered":"<p>L\u2019acc\u00e8s \u00e0 une justice de qualit\u00e9 pour tous est l\u2019une des pr\u00e9occupations majeures du gouvernement togolais. Des \u00ab&nbsp;maisons de justice&nbsp;\u00bb sont cr\u00e9\u00e9es \u00e0 cet effet sur l\u2019ensemble du territoire. Ces&hellip; <\/p>\n","protected":false},"author":1,"featured_media":2413,"comment_status":"open","ping_status":"open","sticky":false,"template":"","format":"standard","meta":{"footnotes":""},"categories":[23,29],"tags":[491,490,492,39],"class_list":["post-2412","post","type-post","status-publish","format-standard","has-post-thumbnail","hentry","category-justice","category-societe","tag-juridiction-de-proximite","tag-maisons-de-justice","tag-mipamb-nahm-tchougli","tag-togo"],"yoast_head":"<!-- This site is optimized with the Yoast SEO plugin v26.4 - https:\/\/yoast.com\/wordpress\/plugins\/seo\/ -->\n<title>Les \u00ab\u00a0maisons de justice\u00a0\u00bb de plus en plus sollicit\u00e9es au Togo - La Voix de la Nation<\/title>\n<meta name=\"robots\" content=\"index, follow, max-snippet:-1, max-image-preview:large, max-video-preview:-1\" \/>\n<link rel=\"canonical\" href=\"https:\/\/lavoixdelanation.tg\/index.php\/2025\/03\/20\/les-maisons-de-justice-de-plus-en-plus-sollicitees-au-togo\/\" \/>\n<meta property=\"og:locale\" content=\"fr_FR\" \/>\n<meta property=\"og:type\" content=\"article\" \/>\n<meta property=\"og:title\" content=\"Les \u00ab\u00a0maisons de justice\u00a0\u00bb de plus en plus sollicit\u00e9es au Togo - La Voix de la Nation\" \/>\n<meta property=\"og:description\" content=\"L\u2019acc\u00e8s \u00e0 une justice de qualit\u00e9 pour tous est l\u2019une des pr\u00e9occupations majeures du gouvernement togolais. Des \u00ab&nbsp;maisons de justice&nbsp;\u00bb sont cr\u00e9\u00e9es \u00e0 cet effet sur l\u2019ensemble du territoire. Ces&hellip;\" \/>\n<meta property=\"og:url\" content=\"https:\/\/lavoixdelanation.tg\/index.php\/2025\/03\/20\/les-maisons-de-justice-de-plus-en-plus-sollicitees-au-togo\/\" \/>\n<meta property=\"og:site_name\" content=\"La Voix de la Nation\" \/>\n<meta property=\"article:publisher\" content=\"https:\/\/www.facebook.com\/lavoixdelanation\" \/>\n<meta property=\"article:published_time\" content=\"2025-03-20T17:20:09+00:00\" \/>\n<meta property=\"article:modified_time\" content=\"2025-03-20T17:20:10+00:00\" \/>\n<meta property=\"og:image\" content=\"https:\/\/lavoixdelanation.tg\/wp-content\/uploads\/2025\/03\/Les-maisons-de-justice-au-Togo.jpeg\" \/>\n\t<meta property=\"og:image:width\" content=\"650\" \/>\n\t<meta property=\"og:image:height\" content=\"392\" \/>\n\t<meta property=\"og:image:type\" content=\"image\/jpeg\" \/>\n<meta name=\"author\" content=\"La voix de la nation\" \/>\n<meta name=\"twitter:card\" content=\"summary_large_image\" \/>\n<meta name=\"twitter:label1\" content=\"\u00c9crit par\" \/>\n\t<meta name=\"twitter:data1\" content=\"La voix de la nation\" \/>\n\t<meta name=\"twitter:label2\" content=\"Dur\u00e9e de lecture estim\u00e9e\" \/>\n\t<meta name=\"twitter:data2\" content=\"3 minutes\" \/>\n<script type=\"application\/ld+json\" class=\"yoast-schema-graph\">{\"@context\":\"https:\/\/schema.org\",\"@graph\":[{\"@type\":\"Article\",\"@id\":\"https:\/\/lavoixdelanation.tg\/index.php\/2025\/03\/20\/les-maisons-de-justice-de-plus-en-plus-sollicitees-au-togo\/#article\",\"isPartOf\":{\"@id\":\"https:\/\/lavoixdelanation.tg\/index.php\/2025\/03\/20\/les-maisons-de-justice-de-plus-en-plus-sollicitees-au-togo\/\"},\"author\":{\"name\":\"La voix de la nation\",\"@id\":\"https:\/\/lavoixdelanation.tg\/#\/schema\/person\/6c489293aa38053673a9e554acb6e224\"},\"headline\":\"Les \u00ab\u00a0maisons de justice\u00a0\u00bb de plus en plus sollicit\u00e9es au Togo\",\"datePublished\":\"2025-03-20T17:20:09+00:00\",\"dateModified\":\"2025-03-20T17:20:10+00:00\",\"mainEntityOfPage\":{\"@id\":\"https:\/\/lavoixdelanation.tg\/index.php\/2025\/03\/20\/les-maisons-de-justice-de-plus-en-plus-sollicitees-au-togo\/\"},\"wordCount\":429,\"commentCount\":0,\"publisher\":{\"@id\":\"https:\/\/lavoixdelanation.tg\/#organization\"},\"image\":{\"@id\":\"https:\/\/lavoixdelanation.tg\/index.php\/2025\/03\/20\/les-maisons-de-justice-de-plus-en-plus-sollicitees-au-togo\/#primaryimage\"},\"thumbnailUrl\":\"https:\/\/lavoixdelanation.tg\/wp-content\/uploads\/2025\/03\/Les-maisons-de-justice-au-Togo.jpeg\",\"keywords\":[\"Juridiction de proximit\u00e9\",\"Maisons de justice\",\"Mipamb-Nahm Tchougli\",\"Togo\"],\"articleSection\":[\"Justice\",\"Soci\u00e9t\u00e9\"],\"inLanguage\":\"fr-FR\",\"potentialAction\":[{\"@type\":\"CommentAction\",\"name\":\"Comment\",\"target\":[\"https:\/\/lavoixdelanation.tg\/index.php\/2025\/03\/20\/les-maisons-de-justice-de-plus-en-plus-sollicitees-au-togo\/#respond\"]}]},{\"@type\":\"WebPage\",\"@id\":\"https:\/\/lavoixdelanation.tg\/index.php\/2025\/03\/20\/les-maisons-de-justice-de-plus-en-plus-sollicitees-au-togo\/\",\"url\":\"https:\/\/lavoixdelanation.tg\/index.php\/2025\/03\/20\/les-maisons-de-justice-de-plus-en-plus-sollicitees-au-togo\/\",\"name\":\"Les \u00ab\u00a0maisons de justice\u00a0\u00bb de plus en plus sollicit\u00e9es au Togo - La Voix de la Nation\",\"isPartOf\":{\"@id\":\"https:\/\/lavoixdelanation.tg\/#website\"},\"primaryImageOfPage\":{\"@id\":\"https:\/\/lavoixdelanation.tg\/index.php\/2025\/03\/20\/les-maisons-de-justice-de-plus-en-plus-sollicitees-au-togo\/#primaryimage\"},\"image\":{\"@id\":\"https:\/\/lavoixdelanation.tg\/index.php\/2025\/03\/20\/les-maisons-de-justice-de-plus-en-plus-sollicitees-au-togo\/#primaryimage\"},\"thumbnailUrl\":\"https:\/\/lavoixdelanation.tg\/wp-content\/uploads\/2025\/03\/Les-maisons-de-justice-au-Togo.jpeg\",\"datePublished\":\"2025-03-20T17:20:09+00:00\",\"dateModified\":\"2025-03-20T17:20:10+00:00\",\"breadcrumb\":{\"@id\":\"https:\/\/lavoixdelanation.tg\/index.php\/2025\/03\/20\/les-maisons-de-justice-de-plus-en-plus-sollicitees-au-togo\/#breadcrumb\"},\"inLanguage\":\"fr-FR\",\"potentialAction\":[{\"@type\":\"ReadAction\",\"target\":[\"https:\/\/lavoixdelanation.tg\/index.php\/2025\/03\/20\/les-maisons-de-justice-de-plus-en-plus-sollicitees-au-togo\/\"]}]},{\"@type\":\"ImageObject\",\"inLanguage\":\"fr-FR\",\"@id\":\"https:\/\/lavoixdelanation.tg\/index.php\/2025\/03\/20\/les-maisons-de-justice-de-plus-en-plus-sollicitees-au-togo\/#primaryimage\",\"url\":\"https:\/\/lavoixdelanation.tg\/wp-content\/uploads\/2025\/03\/Les-maisons-de-justice-au-Togo.jpeg\",\"contentUrl\":\"https:\/\/lavoixdelanation.tg\/wp-content\/uploads\/2025\/03\/Les-maisons-de-justice-au-Togo.jpeg\",\"width\":650,\"height\":392},{\"@type\":\"BreadcrumbList\",\"@id\":\"https:\/\/lavoixdelanation.tg\/index.php\/2025\/03\/20\/les-maisons-de-justice-de-plus-en-plus-sollicitees-au-togo\/#breadcrumb\",\"itemListElement\":[{\"@type\":\"ListItem\",\"position\":1,\"name\":\"Accueil\",\"item\":\"https:\/\/lavoixdelanation.tg\/\"},{\"@type\":\"ListItem\",\"position\":2,\"name\":\"Les \u00ab\u00a0maisons de justice\u00a0\u00bb de plus en plus sollicit\u00e9es au Togo\"}]},{\"@type\":\"WebSite\",\"@id\":\"https:\/\/lavoixdelanation.tg\/#website\",\"url\":\"https:\/\/lavoixdelanation.tg\/\",\"name\":\"La Voix de la Nation\",\"description\":\"R\u00e9c\u00e9piss\u00e9 n\u00b00108\/HAAC\/01-2024\/pl\/P\",\"publisher\":{\"@id\":\"https:\/\/lavoixdelanation.tg\/#organization\"},\"alternateName\":\"VON\",\"potentialAction\":[{\"@type\":\"SearchAction\",\"target\":{\"@type\":\"EntryPoint\",\"urlTemplate\":\"https:\/\/lavoixdelanation.tg\/?s={search_term_string}\"},\"query-input\":{\"@type\":\"PropertyValueSpecification\",\"valueRequired\":true,\"valueName\":\"search_term_string\"}}],\"inLanguage\":\"fr-FR\"},{\"@type\":\"Organization\",\"@id\":\"https:\/\/lavoixdelanation.tg\/#organization\",\"name\":\"La Voix de la Nation\",\"url\":\"https:\/\/lavoixdelanation.tg\/\",\"logo\":{\"@type\":\"ImageObject\",\"inLanguage\":\"fr-FR\",\"@id\":\"https:\/\/lavoixdelanation.tg\/#\/schema\/logo\/image\/\",\"url\":\"https:\/\/lavoixdelanation.tg\/wp-content\/uploads\/2024\/12\/lavn-1.png\",\"contentUrl\":\"https:\/\/lavoixdelanation.tg\/wp-content\/uploads\/2024\/12\/lavn-1.png\",\"width\":1024,\"height\":464,\"caption\":\"La Voix de la Nation\"},\"image\":{\"@id\":\"https:\/\/lavoixdelanation.tg\/#\/schema\/logo\/image\/\"},\"sameAs\":[\"https:\/\/www.facebook.com\/lavoixdelanation\"]},{\"@type\":\"Person\",\"@id\":\"https:\/\/lavoixdelanation.tg\/#\/schema\/person\/6c489293aa38053673a9e554acb6e224\",\"name\":\"La voix de la nation\",\"image\":{\"@type\":\"ImageObject\",\"inLanguage\":\"fr-FR\",\"@id\":\"https:\/\/lavoixdelanation.tg\/#\/schema\/person\/image\/\",\"url\":\"https:\/\/secure.gravatar.com\/avatar\/8aa135d4bbc794494cecaa8d483f6d6cc1023624868deaff686baed5e727a5a1?s=96&d=mm&r=g\",\"contentUrl\":\"https:\/\/secure.gravatar.com\/avatar\/8aa135d4bbc794494cecaa8d483f6d6cc1023624868deaff686baed5e727a5a1?s=96&d=mm&r=g\",\"caption\":\"La voix de la nation\"},\"sameAs\":[\"https:\/\/lavoixdelanation.tg\"],\"url\":\"https:\/\/lavoixdelanation.tg\/index.php\/author\/lavn\/\"}]}<\/script>\n<!-- \/ Yoast SEO plugin. -->","yoast_head_json":{"title":"Les \u00ab\u00a0maisons de justice\u00a0\u00bb de plus en plus sollicit\u00e9es au Togo - La Voix de la Nation","robots":{"index":"index","follow":"follow","max-snippet":"max-snippet:-1","max-image-preview":"max-image-preview:large","max-video-preview":"max-video-preview:-1"},"canonical":"https:\/\/lavoixdelanation.tg\/index.php\/2025\/03\/20\/les-maisons-de-justice-de-plus-en-plus-sollicitees-au-togo\/","og_locale":"fr_FR","og_type":"article","og_title":"Les \u00ab\u00a0maisons de justice\u00a0\u00bb de plus en plus sollicit\u00e9es au Togo - La Voix de la Nation","og_description":"L\u2019acc\u00e8s \u00e0 une justice de qualit\u00e9 pour tous est l\u2019une des pr\u00e9occupations majeures du gouvernement togolais. Des \u00ab&nbsp;maisons de justice&nbsp;\u00bb sont cr\u00e9\u00e9es \u00e0 cet effet sur l\u2019ensemble du territoire. Ces&hellip;","og_url":"https:\/\/lavoixdelanation.tg\/index.php\/2025\/03\/20\/les-maisons-de-justice-de-plus-en-plus-sollicitees-au-togo\/","og_site_name":"La Voix de la Nation","article_publisher":"https:\/\/www.facebook.com\/lavoixdelanation","article_published_time":"2025-03-20T17:20:09+00:00","article_modified_time":"2025-03-20T17:20:10+00:00","og_image":[{"width":650,"height":392,"url":"https:\/\/lavoixdelanation.tg\/wp-content\/uploads\/2025\/03\/Les-maisons-de-justice-au-Togo.jpeg","type":"image\/jpeg"}],"author":"La voix de la nation","twitter_card":"summary_large_image","twitter_misc":{"\u00c9crit par":"La voix de la nation","Dur\u00e9e de lecture estim\u00e9e":"3 minutes"},"schema":{"@context":"https:\/\/schema.org","@graph":[{"@type":"Article","@id":"https:\/\/lavoixdelanation.tg\/index.php\/2025\/03\/20\/les-maisons-de-justice-de-plus-en-plus-sollicitees-au-togo\/#article","isPartOf":{"@id":"https:\/\/lavoixdelanation.tg\/index.php\/2025\/03\/20\/les-maisons-de-justice-de-plus-en-plus-sollicitees-au-togo\/"},"author":{"name":"La voix de la nation","@id":"https:\/\/lavoixdelanation.tg\/#\/schema\/person\/6c489293aa38053673a9e554acb6e224"},"headline":"Les \u00ab\u00a0maisons de justice\u00a0\u00bb de plus en plus sollicit\u00e9es au Togo","datePublished":"2025-03-20T17:20:09+00:00","dateModified":"2025-03-20T17:20:10+00:00","mainEntityOfPage":{"@id":"https:\/\/lavoixdelanation.tg\/index.php\/2025\/03\/20\/les-maisons-de-justice-de-plus-en-plus-sollicitees-au-togo\/"},"wordCount":429,"commentCount":0,"publisher":{"@id":"https:\/\/lavoixdelanation.tg\/#organization"},"image":{"@id":"https:\/\/lavoixdelanation.tg\/index.php\/2025\/03\/20\/les-maisons-de-justice-de-plus-en-plus-sollicitees-au-togo\/#primaryimage"},"thumbnailUrl":"https:\/\/lavoixdelanation.tg\/wp-content\/uploads\/2025\/03\/Les-maisons-de-justice-au-Togo.jpeg","keywords":["Juridiction de proximit\u00e9","Maisons de justice","Mipamb-Nahm Tchougli","Togo"],"articleSection":["Justice","Soci\u00e9t\u00e9"],"inLanguage":"fr-FR","potentialAction":[{"@type":"CommentAction","name":"Comment","target":["https:\/\/lavoixdelanation.tg\/index.php\/2025\/03\/20\/les-maisons-de-justice-de-plus-en-plus-sollicitees-au-togo\/#respond"]}]},{"@type":"WebPage","@id":"https:\/\/lavoixdelanation.tg\/index.php\/2025\/03\/20\/les-maisons-de-justice-de-plus-en-plus-sollicitees-au-togo\/","url":"https:\/\/lavoixdelanation.tg\/index.php\/2025\/03\/20\/les-maisons-de-justice-de-plus-en-plus-sollicitees-au-togo\/","name":"Les \u00ab\u00a0maisons de justice\u00a0\u00bb de plus en plus sollicit\u00e9es au Togo - La Voix de la Nation","isPartOf":{"@id":"https:\/\/lavoixdelanation.tg\/#website"},"primaryImageOfPage":{"@id":"https:\/\/lavoixdelanation.tg\/index.php\/2025\/03\/20\/les-maisons-de-justice-de-plus-en-plus-sollicitees-au-togo\/#primaryimage"},"image":{"@id":"https:\/\/lavoixdelanation.tg\/index.php\/2025\/03\/20\/les-maisons-de-justice-de-plus-en-plus-sollicitees-au-togo\/#primaryimage"},"thumbnailUrl":"https:\/\/lavoixdelanation.tg\/wp-content\/uploads\/2025\/03\/Les-maisons-de-justice-au-Togo.jpeg","datePublished":"2025-03-20T17:20:09+00:00","dateModified":"2025-03-20T17:20:10+00:00","breadcrumb":{"@id":"https:\/\/lavoixdelanation.tg\/index.php\/2025\/03\/20\/les-maisons-de-justice-de-plus-en-plus-sollicitees-au-togo\/#breadcrumb"},"inLanguage":"fr-FR","potentialAction":[{"@type":"ReadAction","target":["https:\/\/lavoixdelanation.tg\/index.php\/2025\/03\/20\/les-maisons-de-justice-de-plus-en-plus-sollicitees-au-togo\/"]}]},{"@type":"ImageObject","inLanguage":"fr-FR","@id":"https:\/\/lavoixdelanation.tg\/index.php\/2025\/03\/20\/les-maisons-de-justice-de-plus-en-plus-sollicitees-au-togo\/#primaryimage","url":"https:\/\/lavoixdelanation.tg\/wp-content\/uploads\/2025\/03\/Les-maisons-de-justice-au-Togo.jpeg","contentUrl":"https:\/\/lavoixdelanation.tg\/wp-content\/uploads\/2025\/03\/Les-maisons-de-justice-au-Togo.jpeg","width":650,"height":392},{"@type":"BreadcrumbList","@id":"https:\/\/lavoixdelanation.tg\/index.php\/2025\/03\/20\/les-maisons-de-justice-de-plus-en-plus-sollicitees-au-togo\/#breadcrumb","itemListElement":[{"@type":"ListItem","position":1,"name":"Accueil","item":"https:\/\/lavoixdelanation.tg\/"},{"@type":"ListItem","position":2,"name":"Les \u00ab\u00a0maisons de justice\u00a0\u00bb de plus en plus sollicit\u00e9es au Togo"}]},{"@type":"WebSite","@id":"https:\/\/lavoixdelanation.tg\/#website","url":"https:\/\/lavoixdelanation.tg\/","name":"La Voix de la Nation","description":"R\u00e9c\u00e9piss\u00e9 n\u00b00108\/HAAC\/01-2024\/pl\/P","publisher":{"@id":"https:\/\/lavoixdelanation.tg\/#organization"},"alternateName":"VON","potentialAction":[{"@type":"SearchAction","target":{"@type":"EntryPoint","urlTemplate":"https:\/\/lavoixdelanation.tg\/?s={search_term_string}"},"query-input":{"@type":"PropertyValueSpecification","valueRequired":true,"valueName":"search_term_string"}}],"inLanguage":"fr-FR"},{"@type":"Organization","@id":"https:\/\/lavoixdelanation.tg\/#organization","name":"La Voix de la Nation","url":"https:\/\/lavoixdelanation.tg\/","logo":{"@type":"ImageObject","inLanguage":"fr-FR","@id":"https:\/\/lavoixdelanation.tg\/#\/schema\/logo\/image\/","url":"https:\/\/lavoixdelanation.tg\/wp-content\/uploads\/2024\/12\/lavn-1.png","contentUrl":"https:\/\/lavoixdelanation.tg\/wp-content\/uploads\/2024\/12\/lavn-1.png","width":1024,"height":464,"caption":"La Voix de la Nation"},"image":{"@id":"https:\/\/lavoixdelanation.tg\/#\/schema\/logo\/image\/"},"sameAs":["https:\/\/www.facebook.com\/lavoixdelanation"]},{"@type":"Person","@id":"https:\/\/lavoixdelanation.tg\/#\/schema\/person\/6c489293aa38053673a9e554acb6e224","name":"La voix de la nation","image":{"@type":"ImageObject","inLanguage":"fr-FR","@id":"https:\/\/lavoixdelanation.tg\/#\/schema\/person\/image\/","url":"https:\/\/secure.gravatar.com\/avatar\/8aa135d4bbc794494cecaa8d483f6d6cc1023624868deaff686baed5e727a5a1?s=96&d=mm&r=g","contentUrl":"https:\/\/secure.gravatar.com\/avatar\/8aa135d4bbc794494cecaa8d483f6d6cc1023624868deaff686baed5e727a5a1?s=96&d=mm&r=g","caption":"La voix de la nation"},"sameAs":["https:\/\/lavoixdelanation.tg"],"url":"https:\/\/lavoixdelanation.tg\/index.php\/author\/lavn\/"}]}},"_links":{"self":[{"href":"https:\/\/lavoixdelanation.tg\/index.php\/wp-json\/wp\/v2\/posts\/2412","targetHints":{"allow":["GET"]}}],"collection":[{"href":"https:\/\/lavoixdelanation.tg\/index.php\/wp-json\/wp\/v2\/posts"}],"about":[{"href":"https:\/\/lavoixdelanation.tg\/index.php\/wp-json\/wp\/v2\/types\/post"}],"author":[{"embeddable":true,"href":"https:\/\/lavoixdelanation.tg\/index.php\/wp-json\/wp\/v2\/users\/1"}],"replies":[{"embeddable":true,"href":"https:\/\/lavoixdelanation.tg\/index.php\/wp-json\/wp\/v2\/comments?post=2412"}],"version-history":[{"count":1,"href":"https:\/\/lavoixdelanation.tg\/index.php\/wp-json\/wp\/v2\/posts\/2412\/revisions"}],"predecessor-version":[{"id":2414,"href":"https:\/\/lavoixdelanation.tg\/index.php\/wp-json\/wp\/v2\/posts\/2412\/revisions\/2414"}],"wp:featuredmedia":[{"embeddable":true,"href":"https:\/\/lavoixdelanation.tg\/index.php\/wp-json\/wp\/v2\/media\/2413"}],"wp:attachment":[{"href":"https:\/\/lavoixdelanation.tg\/index.php\/wp-json\/wp\/v2\/media?parent=2412"}],"wp:term":[{"taxonomy":"category","embeddable":true,"href":"https:\/\/lavoixdelanation.tg\/index.php\/wp-json\/wp\/v2\/categories?post=2412"},{"taxonomy":"post_tag","embeddable":true,"href":"https:\/\/lavoixdelanation.tg\/index.php\/wp-json\/wp\/v2\/tags?post=2412"}],"curies":[{"name":"wp","href":"https:\/\/api.w.org\/{rel}","templated":true}]}}