{"id":2403,"date":"2025-03-17T09:14:31","date_gmt":"2025-03-17T08:14:31","guid":{"rendered":"https:\/\/lavoixdelanation.tg\/?p=2403"},"modified":"2025-03-19T09:25:12","modified_gmt":"2025-03-19T08:25:12","slug":"cybersecurite-bientot-un-nouveau-siege-pour-cyber-defense-africa-cda","status":"publish","type":"post","link":"https:\/\/lavoixdelanation.tg\/index.php\/2025\/03\/17\/cybersecurite-bientot-un-nouveau-siege-pour-cyber-defense-africa-cda\/","title":{"rendered":"Cybers\u00e9curit\u00e9\u00a0: Bient\u00f4t un nouveau si\u00e8ge pour Cyber Defense Africa (CDA)"},"content":{"rendered":"\n<p><strong>Le Togo se positionne davantage pour \u00eatre un mod\u00e8le africain de souverainet\u00e9 num\u00e9rique et de r\u00e9silience cybern\u00e9tique. La soci\u00e9t\u00e9 <a href=\"https:\/\/www.cda.tg\/\">Cyber Defense Africa (CDA)<\/a> qui est le bras op\u00e9rationnel de l\u2019Agence Nationale de la Cybers\u00e9curit\u00e9 (ANCy), sera bient\u00f4t dot\u00e9e d\u2019un nouveau si\u00e8ge \u00e0 la hauteur de ses ambitions.<\/strong><\/p>\n\n\n\n<p>La pose de la premi\u00e8re pierre pour la construction du si\u00e8ge de CDA a \u00e9t\u00e9 en effet effectu\u00e9e le 11 mars 2025 par Cina Lawson, Ministre de l\u2019\u00c9conomie Num\u00e9rique et de la Transformation Digitale et Calixte Madjoulba, Ministre de la S\u00e9curit\u00e9 et de la Protection Civile.<\/p>\n\n\n\n<p>Avec ce nouveau si\u00e8ge, Cyber Defense Africa franchit selon le gouvernement togolais, une nouvelle \u00e9tape dans son d\u00e9veloppement et disposera de locaux dignes de son rang et de ses ambitions.<\/p>\n\n\n\n<p>Selon les informations, l\u2019infrastructure comportera notamment un centre op\u00e9rationnel de pointe, un p\u00f4le de formation et d\u2019excellence ainsi qu\u2019un hub d\u2019innovation et de recherche.<\/p>\n\n\n\n<p>\u00ab&nbsp;Bien plus qu\u2019un simple \u00e9difice, ce si\u00e8ge repr\u00e9sente une \u00e9tape cl\u00e9 dans notre ambition de faire du Togo un mod\u00e8le africain de souverainet\u00e9 num\u00e9rique et de r\u00e9silience cybern\u00e9tique&nbsp;\u00bb, a estim\u00e9 la ministre Cina Lawson.<\/p>\n\n\n\n<p>\u00ab&nbsp;Avec cette infrastructure d\u2019exception, nous disposerons \u00e0 la fois d\u2019un centre op\u00e9rationnel de pointe, d\u2019un p\u00f4le de formation et d\u2019excellence, ainsi que d\u2019un hub d\u2019innovation et de recherche, pour continuer d\u2019anticiper les d\u00e9fis num\u00e9riques&nbsp;\u00bb, a-t-elle pr\u00e9cis\u00e9.<\/p>\n\n\n\n<p>Pour sa part, le ministre Calixte Madjoulba a relev\u00e9 qu\u2019\u00e0 travers cette initiative, le Togo r\u00e9affirme sa volont\u00e9 de doter CDA des moyens n\u00e9cessaires pour assurer efficacement la protection de son cyberespace.<\/p>\n\n\n\n<figure class=\"wp-block-image size-large\"><img loading=\"lazy\" decoding=\"async\" width=\"1024\" height=\"682\" src=\"https:\/\/lavoixdelanation.tg\/wp-content\/uploads\/2025\/03\/Bientot-un-nouveau-siege-pour-Cyber-Defense-Africa-CDA-1024x682.jpg\" alt=\"\" class=\"wp-image-2405\" srcset=\"https:\/\/lavoixdelanation.tg\/wp-content\/uploads\/2025\/03\/Bientot-un-nouveau-siege-pour-Cyber-Defense-Africa-CDA-1024x682.jpg 1024w, https:\/\/lavoixdelanation.tg\/wp-content\/uploads\/2025\/03\/Bientot-un-nouveau-siege-pour-Cyber-Defense-Africa-CDA-300x200.jpg 300w, https:\/\/lavoixdelanation.tg\/wp-content\/uploads\/2025\/03\/Bientot-un-nouveau-siege-pour-Cyber-Defense-Africa-CDA-768x511.jpg 768w, https:\/\/lavoixdelanation.tg\/wp-content\/uploads\/2025\/03\/Bientot-un-nouveau-siege-pour-Cyber-Defense-Africa-CDA.jpg 1080w\" sizes=\"auto, (max-width: 1024px) 100vw, 1024px\" \/><\/figure>\n\n\n\n<p>\u00ab&nbsp;Cet engagement s\u2019inscrit dans notre ambition collective de positionner notre pays parmi les nations de \u2018Tier 1\u2019, reconnues comme des mod\u00e8les en mati\u00e8re de cybers\u00e9curit\u00e9&nbsp;\u00bb, a-t-il ajout\u00e9.<\/p>\n\n\n\n<p>Pour rappel, Cyber Defense Africa a d\u00e9j\u00e0 contribu\u00e9 \u00e0 faire du Togo une r\u00e9f\u00e9rence dans le domaine de la cybers\u00e9curit\u00e9 en Afrique et au-del\u00e0, par la qualit\u00e9 et la pertinence des services fournis.<\/p>\n\n\n\n<p>Des performances reconnues au niveau international notamment par le Global Cybersecurity Index (GCI) de l\u2019Union Internationale des T\u00e9l\u00e9communications (UIT). En 2024, le Global Cybersecurity Index a en effet attribu\u00e9 au Togo un score de 88,8, le classant parmi les pays de \u00ab Tier 2 \u00bb (pays en progr\u00e8s), aux c\u00f4t\u00e9s de nations telles que la Chine, Isra\u00ebl, la Suisse et la Russie.<\/p>\n\n\n\n<p class=\"has-text-align-center\"><strong>Un mod\u00e8le unique et innovant<\/strong><\/p>\n\n\n\n<p>Fruit d\u2019une joint-venture novatrice entre le Togo et Asseco, Cyber Defense Africa (CDA) s\u2019affirme comme un acteur majeur de la cybers\u00e9curit\u00e9 en Afrique.<\/p>\n\n\n\n<p>Gr\u00e2ce \u00e0 son Centre des Op\u00e9rations de S\u00e9curit\u00e9 (SOC) de pointe, il assure une surveillance continue et une r\u00e9ponse proactive aux cybermenaces, 24h\/24 et 7j\/7. Son expertise s\u2019\u00e9tend \u00e0 l\u2019audit, au conseil, au pentesting, \u00e0 la formation, \u00e0 l\u2019analyse forensique et \u00e0 la gestion des incidents en temps r\u00e9el.<\/p>\n\n\n\n<p>La soci\u00e9t\u00e9 pilote \u00e9galement le Centre National de R\u00e9ponse aux Incidents de Cybers\u00e9curit\u00e9 au Togo (CERT.tg) qui est un service public d\u00e9di\u00e9 \u00e0 la d\u00e9tection, l\u2019analyse et l\u2019att\u00e9nuation des cyberattaques, contribuant ainsi \u00e0 la r\u00e9silience num\u00e9rique du pays.<\/p>\n\n\n\n<p>Ainsi, gr\u00e2ce \u00e0 cette infrastructure et \u00e0 ses comp\u00e9tences, le Togo se positionne parmi les rares nations africaines capables d\u2019assurer de mani\u00e8re autonome leur cybers\u00e9curit\u00e9.<\/p>\n\n\n\n<p><strong>David Soklou<\/strong><\/p>\n","protected":false},"excerpt":{"rendered":"<p>Le Togo se positionne davantage pour \u00eatre un mod\u00e8le africain de souverainet\u00e9 num\u00e9rique et de r\u00e9silience cybern\u00e9tique. La soci\u00e9t\u00e9 Cyber Defense Africa (CDA) qui est le bras op\u00e9rationnel de l\u2019Agence&hellip; <\/p>\n","protected":false},"author":1,"featured_media":2404,"comment_status":"open","ping_status":"open","sticky":false,"template":"","format":"standard","meta":{"footnotes":""},"categories":[29,36],"tags":[489,443,488,39],"class_list":["post-2403","post","type-post","status-publish","format-standard","has-post-thumbnail","hentry","category-societe","category-tech","tag-agence-nationale-de-la-cybersecurite","tag-ancy","tag-cyber-defense-africa","tag-togo"],"yoast_head":"<!-- This site is optimized with the Yoast SEO plugin v26.4 - https:\/\/yoast.com\/wordpress\/plugins\/seo\/ -->\n<title>Cybers\u00e9curit\u00e9\u00a0: Bient\u00f4t un nouveau si\u00e8ge pour Cyber Defense Africa (CDA) - La Voix de la Nation<\/title>\n<meta name=\"robots\" content=\"index, follow, max-snippet:-1, max-image-preview:large, max-video-preview:-1\" \/>\n<link rel=\"canonical\" href=\"https:\/\/lavoixdelanation.tg\/index.php\/2025\/03\/17\/cybersecurite-bientot-un-nouveau-siege-pour-cyber-defense-africa-cda\/\" \/>\n<meta property=\"og:locale\" content=\"fr_FR\" \/>\n<meta property=\"og:type\" content=\"article\" \/>\n<meta property=\"og:title\" content=\"Cybers\u00e9curit\u00e9\u00a0: Bient\u00f4t un nouveau si\u00e8ge pour Cyber Defense Africa (CDA) - La Voix de la Nation\" \/>\n<meta property=\"og:description\" content=\"Le Togo se positionne davantage pour \u00eatre un mod\u00e8le africain de souverainet\u00e9 num\u00e9rique et de r\u00e9silience cybern\u00e9tique. La soci\u00e9t\u00e9 Cyber Defense Africa (CDA) qui est le bras op\u00e9rationnel de l\u2019Agence&hellip;\" \/>\n<meta property=\"og:url\" content=\"https:\/\/lavoixdelanation.tg\/index.php\/2025\/03\/17\/cybersecurite-bientot-un-nouveau-siege-pour-cyber-defense-africa-cda\/\" \/>\n<meta property=\"og:site_name\" content=\"La Voix de la Nation\" \/>\n<meta property=\"article:publisher\" content=\"https:\/\/www.facebook.com\/lavoixdelanation\" \/>\n<meta property=\"article:published_time\" content=\"2025-03-17T08:14:31+00:00\" \/>\n<meta property=\"article:modified_time\" content=\"2025-03-19T08:25:12+00:00\" \/>\n<meta property=\"og:image\" content=\"https:\/\/lavoixdelanation.tg\/wp-content\/uploads\/2025\/03\/Cina-Lawson-posant-la-premiere-pierre-pour-la-construction-du-siege-de-Cyber-Defense-Africa.jpg\" \/>\n\t<meta property=\"og:image:width\" content=\"1080\" \/>\n\t<meta property=\"og:image:height\" content=\"719\" \/>\n\t<meta property=\"og:image:type\" content=\"image\/jpeg\" \/>\n<meta name=\"author\" content=\"La voix de la nation\" \/>\n<meta name=\"twitter:card\" content=\"summary_large_image\" \/>\n<meta name=\"twitter:label1\" content=\"\u00c9crit par\" \/>\n\t<meta name=\"twitter:data1\" content=\"La voix de la nation\" \/>\n\t<meta name=\"twitter:label2\" content=\"Dur\u00e9e de lecture estim\u00e9e\" \/>\n\t<meta name=\"twitter:data2\" content=\"4 minutes\" \/>\n<script type=\"application\/ld+json\" class=\"yoast-schema-graph\">{\"@context\":\"https:\/\/schema.org\",\"@graph\":[{\"@type\":\"Article\",\"@id\":\"https:\/\/lavoixdelanation.tg\/index.php\/2025\/03\/17\/cybersecurite-bientot-un-nouveau-siege-pour-cyber-defense-africa-cda\/#article\",\"isPartOf\":{\"@id\":\"https:\/\/lavoixdelanation.tg\/index.php\/2025\/03\/17\/cybersecurite-bientot-un-nouveau-siege-pour-cyber-defense-africa-cda\/\"},\"author\":{\"name\":\"La voix de la nation\",\"@id\":\"https:\/\/lavoixdelanation.tg\/#\/schema\/person\/6c489293aa38053673a9e554acb6e224\"},\"headline\":\"Cybers\u00e9curit\u00e9\u00a0: Bient\u00f4t un nouveau si\u00e8ge pour Cyber Defense Africa (CDA)\",\"datePublished\":\"2025-03-17T08:14:31+00:00\",\"dateModified\":\"2025-03-19T08:25:12+00:00\",\"mainEntityOfPage\":{\"@id\":\"https:\/\/lavoixdelanation.tg\/index.php\/2025\/03\/17\/cybersecurite-bientot-un-nouveau-siege-pour-cyber-defense-africa-cda\/\"},\"wordCount\":602,\"commentCount\":0,\"publisher\":{\"@id\":\"https:\/\/lavoixdelanation.tg\/#organization\"},\"image\":{\"@id\":\"https:\/\/lavoixdelanation.tg\/index.php\/2025\/03\/17\/cybersecurite-bientot-un-nouveau-siege-pour-cyber-defense-africa-cda\/#primaryimage\"},\"thumbnailUrl\":\"https:\/\/lavoixdelanation.tg\/wp-content\/uploads\/2025\/03\/Cina-Lawson-posant-la-premiere-pierre-pour-la-construction-du-siege-de-Cyber-Defense-Africa.jpg\",\"keywords\":[\"Agence Nationale de la Cybers\u00e9curit\u00e9\",\"ANCy\",\"Cyber Defense Africa\",\"Togo\"],\"articleSection\":[\"Soci\u00e9t\u00e9\",\"Tech\"],\"inLanguage\":\"fr-FR\",\"potentialAction\":[{\"@type\":\"CommentAction\",\"name\":\"Comment\",\"target\":[\"https:\/\/lavoixdelanation.tg\/index.php\/2025\/03\/17\/cybersecurite-bientot-un-nouveau-siege-pour-cyber-defense-africa-cda\/#respond\"]}]},{\"@type\":\"WebPage\",\"@id\":\"https:\/\/lavoixdelanation.tg\/index.php\/2025\/03\/17\/cybersecurite-bientot-un-nouveau-siege-pour-cyber-defense-africa-cda\/\",\"url\":\"https:\/\/lavoixdelanation.tg\/index.php\/2025\/03\/17\/cybersecurite-bientot-un-nouveau-siege-pour-cyber-defense-africa-cda\/\",\"name\":\"Cybers\u00e9curit\u00e9\u00a0: Bient\u00f4t un nouveau si\u00e8ge pour Cyber Defense Africa (CDA) - La Voix de la Nation\",\"isPartOf\":{\"@id\":\"https:\/\/lavoixdelanation.tg\/#website\"},\"primaryImageOfPage\":{\"@id\":\"https:\/\/lavoixdelanation.tg\/index.php\/2025\/03\/17\/cybersecurite-bientot-un-nouveau-siege-pour-cyber-defense-africa-cda\/#primaryimage\"},\"image\":{\"@id\":\"https:\/\/lavoixdelanation.tg\/index.php\/2025\/03\/17\/cybersecurite-bientot-un-nouveau-siege-pour-cyber-defense-africa-cda\/#primaryimage\"},\"thumbnailUrl\":\"https:\/\/lavoixdelanation.tg\/wp-content\/uploads\/2025\/03\/Cina-Lawson-posant-la-premiere-pierre-pour-la-construction-du-siege-de-Cyber-Defense-Africa.jpg\",\"datePublished\":\"2025-03-17T08:14:31+00:00\",\"dateModified\":\"2025-03-19T08:25:12+00:00\",\"breadcrumb\":{\"@id\":\"https:\/\/lavoixdelanation.tg\/index.php\/2025\/03\/17\/cybersecurite-bientot-un-nouveau-siege-pour-cyber-defense-africa-cda\/#breadcrumb\"},\"inLanguage\":\"fr-FR\",\"potentialAction\":[{\"@type\":\"ReadAction\",\"target\":[\"https:\/\/lavoixdelanation.tg\/index.php\/2025\/03\/17\/cybersecurite-bientot-un-nouveau-siege-pour-cyber-defense-africa-cda\/\"]}]},{\"@type\":\"ImageObject\",\"inLanguage\":\"fr-FR\",\"@id\":\"https:\/\/lavoixdelanation.tg\/index.php\/2025\/03\/17\/cybersecurite-bientot-un-nouveau-siege-pour-cyber-defense-africa-cda\/#primaryimage\",\"url\":\"https:\/\/lavoixdelanation.tg\/wp-content\/uploads\/2025\/03\/Cina-Lawson-posant-la-premiere-pierre-pour-la-construction-du-siege-de-Cyber-Defense-Africa.jpg\",\"contentUrl\":\"https:\/\/lavoixdelanation.tg\/wp-content\/uploads\/2025\/03\/Cina-Lawson-posant-la-premiere-pierre-pour-la-construction-du-siege-de-Cyber-Defense-Africa.jpg\",\"width\":1080,\"height\":719,\"caption\":\"Cina Lawson posant la premi\u00e8re pierre pour la construction du si\u00e8ge de Cyber Defense Africa\"},{\"@type\":\"BreadcrumbList\",\"@id\":\"https:\/\/lavoixdelanation.tg\/index.php\/2025\/03\/17\/cybersecurite-bientot-un-nouveau-siege-pour-cyber-defense-africa-cda\/#breadcrumb\",\"itemListElement\":[{\"@type\":\"ListItem\",\"position\":1,\"name\":\"Accueil\",\"item\":\"https:\/\/lavoixdelanation.tg\/\"},{\"@type\":\"ListItem\",\"position\":2,\"name\":\"Cybers\u00e9curit\u00e9\u00a0: Bient\u00f4t un nouveau si\u00e8ge pour Cyber Defense Africa (CDA)\"}]},{\"@type\":\"WebSite\",\"@id\":\"https:\/\/lavoixdelanation.tg\/#website\",\"url\":\"https:\/\/lavoixdelanation.tg\/\",\"name\":\"La Voix de la Nation\",\"description\":\"R\u00e9c\u00e9piss\u00e9 n\u00b00108\/HAAC\/01-2024\/pl\/P\",\"publisher\":{\"@id\":\"https:\/\/lavoixdelanation.tg\/#organization\"},\"alternateName\":\"VON\",\"potentialAction\":[{\"@type\":\"SearchAction\",\"target\":{\"@type\":\"EntryPoint\",\"urlTemplate\":\"https:\/\/lavoixdelanation.tg\/?s={search_term_string}\"},\"query-input\":{\"@type\":\"PropertyValueSpecification\",\"valueRequired\":true,\"valueName\":\"search_term_string\"}}],\"inLanguage\":\"fr-FR\"},{\"@type\":\"Organization\",\"@id\":\"https:\/\/lavoixdelanation.tg\/#organization\",\"name\":\"La Voix de la Nation\",\"url\":\"https:\/\/lavoixdelanation.tg\/\",\"logo\":{\"@type\":\"ImageObject\",\"inLanguage\":\"fr-FR\",\"@id\":\"https:\/\/lavoixdelanation.tg\/#\/schema\/logo\/image\/\",\"url\":\"https:\/\/lavoixdelanation.tg\/wp-content\/uploads\/2024\/12\/lavn-1.png\",\"contentUrl\":\"https:\/\/lavoixdelanation.tg\/wp-content\/uploads\/2024\/12\/lavn-1.png\",\"width\":1024,\"height\":464,\"caption\":\"La Voix de la Nation\"},\"image\":{\"@id\":\"https:\/\/lavoixdelanation.tg\/#\/schema\/logo\/image\/\"},\"sameAs\":[\"https:\/\/www.facebook.com\/lavoixdelanation\"]},{\"@type\":\"Person\",\"@id\":\"https:\/\/lavoixdelanation.tg\/#\/schema\/person\/6c489293aa38053673a9e554acb6e224\",\"name\":\"La voix de la nation\",\"image\":{\"@type\":\"ImageObject\",\"inLanguage\":\"fr-FR\",\"@id\":\"https:\/\/lavoixdelanation.tg\/#\/schema\/person\/image\/\",\"url\":\"https:\/\/secure.gravatar.com\/avatar\/8aa135d4bbc794494cecaa8d483f6d6cc1023624868deaff686baed5e727a5a1?s=96&d=mm&r=g\",\"contentUrl\":\"https:\/\/secure.gravatar.com\/avatar\/8aa135d4bbc794494cecaa8d483f6d6cc1023624868deaff686baed5e727a5a1?s=96&d=mm&r=g\",\"caption\":\"La voix de la nation\"},\"sameAs\":[\"https:\/\/lavoixdelanation.tg\"],\"url\":\"https:\/\/lavoixdelanation.tg\/index.php\/author\/lavn\/\"}]}<\/script>\n<!-- \/ Yoast SEO plugin. -->","yoast_head_json":{"title":"Cybers\u00e9curit\u00e9\u00a0: Bient\u00f4t un nouveau si\u00e8ge pour Cyber Defense Africa (CDA) - La Voix de la Nation","robots":{"index":"index","follow":"follow","max-snippet":"max-snippet:-1","max-image-preview":"max-image-preview:large","max-video-preview":"max-video-preview:-1"},"canonical":"https:\/\/lavoixdelanation.tg\/index.php\/2025\/03\/17\/cybersecurite-bientot-un-nouveau-siege-pour-cyber-defense-africa-cda\/","og_locale":"fr_FR","og_type":"article","og_title":"Cybers\u00e9curit\u00e9\u00a0: Bient\u00f4t un nouveau si\u00e8ge pour Cyber Defense Africa (CDA) - La Voix de la Nation","og_description":"Le Togo se positionne davantage pour \u00eatre un mod\u00e8le africain de souverainet\u00e9 num\u00e9rique et de r\u00e9silience cybern\u00e9tique. La soci\u00e9t\u00e9 Cyber Defense Africa (CDA) qui est le bras op\u00e9rationnel de l\u2019Agence&hellip;","og_url":"https:\/\/lavoixdelanation.tg\/index.php\/2025\/03\/17\/cybersecurite-bientot-un-nouveau-siege-pour-cyber-defense-africa-cda\/","og_site_name":"La Voix de la Nation","article_publisher":"https:\/\/www.facebook.com\/lavoixdelanation","article_published_time":"2025-03-17T08:14:31+00:00","article_modified_time":"2025-03-19T08:25:12+00:00","og_image":[{"width":1080,"height":719,"url":"https:\/\/lavoixdelanation.tg\/wp-content\/uploads\/2025\/03\/Cina-Lawson-posant-la-premiere-pierre-pour-la-construction-du-siege-de-Cyber-Defense-Africa.jpg","type":"image\/jpeg"}],"author":"La voix de la nation","twitter_card":"summary_large_image","twitter_misc":{"\u00c9crit par":"La voix de la nation","Dur\u00e9e de lecture estim\u00e9e":"4 minutes"},"schema":{"@context":"https:\/\/schema.org","@graph":[{"@type":"Article","@id":"https:\/\/lavoixdelanation.tg\/index.php\/2025\/03\/17\/cybersecurite-bientot-un-nouveau-siege-pour-cyber-defense-africa-cda\/#article","isPartOf":{"@id":"https:\/\/lavoixdelanation.tg\/index.php\/2025\/03\/17\/cybersecurite-bientot-un-nouveau-siege-pour-cyber-defense-africa-cda\/"},"author":{"name":"La voix de la nation","@id":"https:\/\/lavoixdelanation.tg\/#\/schema\/person\/6c489293aa38053673a9e554acb6e224"},"headline":"Cybers\u00e9curit\u00e9\u00a0: Bient\u00f4t un nouveau si\u00e8ge pour Cyber Defense Africa (CDA)","datePublished":"2025-03-17T08:14:31+00:00","dateModified":"2025-03-19T08:25:12+00:00","mainEntityOfPage":{"@id":"https:\/\/lavoixdelanation.tg\/index.php\/2025\/03\/17\/cybersecurite-bientot-un-nouveau-siege-pour-cyber-defense-africa-cda\/"},"wordCount":602,"commentCount":0,"publisher":{"@id":"https:\/\/lavoixdelanation.tg\/#organization"},"image":{"@id":"https:\/\/lavoixdelanation.tg\/index.php\/2025\/03\/17\/cybersecurite-bientot-un-nouveau-siege-pour-cyber-defense-africa-cda\/#primaryimage"},"thumbnailUrl":"https:\/\/lavoixdelanation.tg\/wp-content\/uploads\/2025\/03\/Cina-Lawson-posant-la-premiere-pierre-pour-la-construction-du-siege-de-Cyber-Defense-Africa.jpg","keywords":["Agence Nationale de la Cybers\u00e9curit\u00e9","ANCy","Cyber Defense Africa","Togo"],"articleSection":["Soci\u00e9t\u00e9","Tech"],"inLanguage":"fr-FR","potentialAction":[{"@type":"CommentAction","name":"Comment","target":["https:\/\/lavoixdelanation.tg\/index.php\/2025\/03\/17\/cybersecurite-bientot-un-nouveau-siege-pour-cyber-defense-africa-cda\/#respond"]}]},{"@type":"WebPage","@id":"https:\/\/lavoixdelanation.tg\/index.php\/2025\/03\/17\/cybersecurite-bientot-un-nouveau-siege-pour-cyber-defense-africa-cda\/","url":"https:\/\/lavoixdelanation.tg\/index.php\/2025\/03\/17\/cybersecurite-bientot-un-nouveau-siege-pour-cyber-defense-africa-cda\/","name":"Cybers\u00e9curit\u00e9\u00a0: Bient\u00f4t un nouveau si\u00e8ge pour Cyber Defense Africa (CDA) - La Voix de la Nation","isPartOf":{"@id":"https:\/\/lavoixdelanation.tg\/#website"},"primaryImageOfPage":{"@id":"https:\/\/lavoixdelanation.tg\/index.php\/2025\/03\/17\/cybersecurite-bientot-un-nouveau-siege-pour-cyber-defense-africa-cda\/#primaryimage"},"image":{"@id":"https:\/\/lavoixdelanation.tg\/index.php\/2025\/03\/17\/cybersecurite-bientot-un-nouveau-siege-pour-cyber-defense-africa-cda\/#primaryimage"},"thumbnailUrl":"https:\/\/lavoixdelanation.tg\/wp-content\/uploads\/2025\/03\/Cina-Lawson-posant-la-premiere-pierre-pour-la-construction-du-siege-de-Cyber-Defense-Africa.jpg","datePublished":"2025-03-17T08:14:31+00:00","dateModified":"2025-03-19T08:25:12+00:00","breadcrumb":{"@id":"https:\/\/lavoixdelanation.tg\/index.php\/2025\/03\/17\/cybersecurite-bientot-un-nouveau-siege-pour-cyber-defense-africa-cda\/#breadcrumb"},"inLanguage":"fr-FR","potentialAction":[{"@type":"ReadAction","target":["https:\/\/lavoixdelanation.tg\/index.php\/2025\/03\/17\/cybersecurite-bientot-un-nouveau-siege-pour-cyber-defense-africa-cda\/"]}]},{"@type":"ImageObject","inLanguage":"fr-FR","@id":"https:\/\/lavoixdelanation.tg\/index.php\/2025\/03\/17\/cybersecurite-bientot-un-nouveau-siege-pour-cyber-defense-africa-cda\/#primaryimage","url":"https:\/\/lavoixdelanation.tg\/wp-content\/uploads\/2025\/03\/Cina-Lawson-posant-la-premiere-pierre-pour-la-construction-du-siege-de-Cyber-Defense-Africa.jpg","contentUrl":"https:\/\/lavoixdelanation.tg\/wp-content\/uploads\/2025\/03\/Cina-Lawson-posant-la-premiere-pierre-pour-la-construction-du-siege-de-Cyber-Defense-Africa.jpg","width":1080,"height":719,"caption":"Cina Lawson posant la premi\u00e8re pierre pour la construction du si\u00e8ge de Cyber Defense Africa"},{"@type":"BreadcrumbList","@id":"https:\/\/lavoixdelanation.tg\/index.php\/2025\/03\/17\/cybersecurite-bientot-un-nouveau-siege-pour-cyber-defense-africa-cda\/#breadcrumb","itemListElement":[{"@type":"ListItem","position":1,"name":"Accueil","item":"https:\/\/lavoixdelanation.tg\/"},{"@type":"ListItem","position":2,"name":"Cybers\u00e9curit\u00e9\u00a0: Bient\u00f4t un nouveau si\u00e8ge pour Cyber Defense Africa (CDA)"}]},{"@type":"WebSite","@id":"https:\/\/lavoixdelanation.tg\/#website","url":"https:\/\/lavoixdelanation.tg\/","name":"La Voix de la Nation","description":"R\u00e9c\u00e9piss\u00e9 n\u00b00108\/HAAC\/01-2024\/pl\/P","publisher":{"@id":"https:\/\/lavoixdelanation.tg\/#organization"},"alternateName":"VON","potentialAction":[{"@type":"SearchAction","target":{"@type":"EntryPoint","urlTemplate":"https:\/\/lavoixdelanation.tg\/?s={search_term_string}"},"query-input":{"@type":"PropertyValueSpecification","valueRequired":true,"valueName":"search_term_string"}}],"inLanguage":"fr-FR"},{"@type":"Organization","@id":"https:\/\/lavoixdelanation.tg\/#organization","name":"La Voix de la Nation","url":"https:\/\/lavoixdelanation.tg\/","logo":{"@type":"ImageObject","inLanguage":"fr-FR","@id":"https:\/\/lavoixdelanation.tg\/#\/schema\/logo\/image\/","url":"https:\/\/lavoixdelanation.tg\/wp-content\/uploads\/2024\/12\/lavn-1.png","contentUrl":"https:\/\/lavoixdelanation.tg\/wp-content\/uploads\/2024\/12\/lavn-1.png","width":1024,"height":464,"caption":"La Voix de la Nation"},"image":{"@id":"https:\/\/lavoixdelanation.tg\/#\/schema\/logo\/image\/"},"sameAs":["https:\/\/www.facebook.com\/lavoixdelanation"]},{"@type":"Person","@id":"https:\/\/lavoixdelanation.tg\/#\/schema\/person\/6c489293aa38053673a9e554acb6e224","name":"La voix de la nation","image":{"@type":"ImageObject","inLanguage":"fr-FR","@id":"https:\/\/lavoixdelanation.tg\/#\/schema\/person\/image\/","url":"https:\/\/secure.gravatar.com\/avatar\/8aa135d4bbc794494cecaa8d483f6d6cc1023624868deaff686baed5e727a5a1?s=96&d=mm&r=g","contentUrl":"https:\/\/secure.gravatar.com\/avatar\/8aa135d4bbc794494cecaa8d483f6d6cc1023624868deaff686baed5e727a5a1?s=96&d=mm&r=g","caption":"La voix de la nation"},"sameAs":["https:\/\/lavoixdelanation.tg"],"url":"https:\/\/lavoixdelanation.tg\/index.php\/author\/lavn\/"}]}},"_links":{"self":[{"href":"https:\/\/lavoixdelanation.tg\/index.php\/wp-json\/wp\/v2\/posts\/2403","targetHints":{"allow":["GET"]}}],"collection":[{"href":"https:\/\/lavoixdelanation.tg\/index.php\/wp-json\/wp\/v2\/posts"}],"about":[{"href":"https:\/\/lavoixdelanation.tg\/index.php\/wp-json\/wp\/v2\/types\/post"}],"author":[{"embeddable":true,"href":"https:\/\/lavoixdelanation.tg\/index.php\/wp-json\/wp\/v2\/users\/1"}],"replies":[{"embeddable":true,"href":"https:\/\/lavoixdelanation.tg\/index.php\/wp-json\/wp\/v2\/comments?post=2403"}],"version-history":[{"count":1,"href":"https:\/\/lavoixdelanation.tg\/index.php\/wp-json\/wp\/v2\/posts\/2403\/revisions"}],"predecessor-version":[{"id":2406,"href":"https:\/\/lavoixdelanation.tg\/index.php\/wp-json\/wp\/v2\/posts\/2403\/revisions\/2406"}],"wp:featuredmedia":[{"embeddable":true,"href":"https:\/\/lavoixdelanation.tg\/index.php\/wp-json\/wp\/v2\/media\/2404"}],"wp:attachment":[{"href":"https:\/\/lavoixdelanation.tg\/index.php\/wp-json\/wp\/v2\/media?parent=2403"}],"wp:term":[{"taxonomy":"category","embeddable":true,"href":"https:\/\/lavoixdelanation.tg\/index.php\/wp-json\/wp\/v2\/categories?post=2403"},{"taxonomy":"post_tag","embeddable":true,"href":"https:\/\/lavoixdelanation.tg\/index.php\/wp-json\/wp\/v2\/tags?post=2403"}],"curies":[{"name":"wp","href":"https:\/\/api.w.org\/{rel}","templated":true}]}}