{"id":2376,"date":"2025-03-14T22:13:00","date_gmt":"2025-03-14T21:13:00","guid":{"rendered":"https:\/\/lavoixdelanation.tg\/?p=2376"},"modified":"2025-03-15T07:47:15","modified_gmt":"2025-03-15T06:47:15","slug":"droits-des-femmes-le-togo-prend-part-a-la-csw69-aux-nations-unies","status":"publish","type":"post","link":"https:\/\/lavoixdelanation.tg\/index.php\/2025\/03\/14\/droits-des-femmes-le-togo-prend-part-a-la-csw69-aux-nations-unies\/","title":{"rendered":"Droits des femmes\u00a0: Le Togo prend part \u00e0 la CSW69 aux Nations Unies"},"content":{"rendered":"\n<p><strong>Le Togo prend part \u00e0 la 69\u1d49 session de la Commission de la condition de la femme des Nations unies (CSW69) qui se tient jusqu\u2019au 21 mars 2025 au si\u00e8ge des Nations unies \u00e0 New York.<\/strong><\/p>\n\n\n\n<p>Cette session ouverte depuis le 10 mars, servira de cadre pour les \u00c9tats membres d\u2019\u00e9valuer les progr\u00e8s r\u00e9alis\u00e9s en mati\u00e8re de promotion des droits des femmes et des filles, d\u2019identifier les d\u00e9fis persistants et d\u2019explorer de nouvelles perspectives pour renforcer l\u2019\u00e9galit\u00e9 des sexes.<\/p>\n\n\n\n<p>Les travaux seront consacr\u00e9s notamment \u00e0 l\u2019examen et \u00e0 l\u2019\u00e9valuation de la mise en \u0153uvre de la D\u00e9claration et du Programme d\u2019action de Beijing ainsi qu\u2019aux conclusions de la 23\u1d49 session extraordinaire de l\u2019Assembl\u00e9e g\u00e9n\u00e9rale des Nations unies (Beijing +30), tenue en 2000.<\/p>\n\n\n\n<p>La d\u00e9l\u00e9gation togolaise est conduite par la ministre de l\u2019Action sociale, de la Solidarit\u00e9 et de la Promotion de la femme Pr Kossiwa Zinsou-Klassou accompagn\u00e9e de repr\u00e9sentants des minist\u00e8res sectoriels, des partenaires et des organisations de la soci\u00e9t\u00e9 civile.<\/p>\n\n\n\n<p>Selon le gouvernement, cette participation permettra de mettre en lumi\u00e8re les avanc\u00e9es significatives du pays en mati\u00e8re d\u2019\u00e9galit\u00e9 de genre, notamment dans plusieurs domaines critiques du Programme de Beijing.<\/p>\n\n\n\n<p>Ces domaines prennent en compte la lutte contre la pauvret\u00e9, la sant\u00e9, l\u2019\u00e9ducation, la participation des femmes aux instances de d\u00e9cision, la lutte contre les violences bas\u00e9es sur le genre, l\u2019implication des femmes dans la pr\u00e9vention et la r\u00e9solution des conflits, la protection de l\u2019environnement et promotion des droits des jeunes filles.<\/p>\n\n\n\n<figure class=\"wp-block-image size-large\"><img loading=\"lazy\" decoding=\"async\" width=\"1024\" height=\"492\" src=\"https:\/\/lavoixdelanation.tg\/wp-content\/uploads\/2025\/03\/69e_Session_ONU-fems-filles_Assemblee-ok-1024x492.jpg\" alt=\"\" class=\"wp-image-2380\" srcset=\"https:\/\/lavoixdelanation.tg\/wp-content\/uploads\/2025\/03\/69e_Session_ONU-fems-filles_Assemblee-ok-1024x492.jpg 1024w, https:\/\/lavoixdelanation.tg\/wp-content\/uploads\/2025\/03\/69e_Session_ONU-fems-filles_Assemblee-ok-300x144.jpg 300w, https:\/\/lavoixdelanation.tg\/wp-content\/uploads\/2025\/03\/69e_Session_ONU-fems-filles_Assemblee-ok-768x369.jpg 768w, https:\/\/lavoixdelanation.tg\/wp-content\/uploads\/2025\/03\/69e_Session_ONU-fems-filles_Assemblee-ok.jpg 1280w\" sizes=\"auto, (max-width: 1024px) 100vw, 1024px\" \/><\/figure>\n\n\n\n<p>\u00ab\u202fLe rapport du Togo met en&nbsp;\u00e9vidence l\u2019am\u00e9lioration du cadre juridique&nbsp;\u00e0&nbsp;travers la r\u00e9vision et l\u2019adoption de nouveaux textes visant&nbsp;\u00e0&nbsp;renforcer la position \u00e9conomique des femmes et des jeunes filles, ainsi qu\u2019\u00e0 lutter contre les violences sexistes \u00e0 tous les niveaux (\u2026)&nbsp;; &nbsp;il souligne \u00e9galement le renforcement du cadre institutionnel, avec l\u2019extension des centres d\u2019\u00e9coute&nbsp;pour les victimes de violences bas\u00e9es sur le genre, la mise en place de points focaux genre, l\u2019\u00e9laboration de documents budg\u00e9taires sensibles au genre et la mise en \u0153uvre de projets d\u00e9di\u00e9s \u00e0 l\u2019autonomisation des femmes en milieu rural\u202f\u00bb, indiqu\u00e9 la ministre Kossiwa Zinsou-Klassou.<\/p>\n\n\n\n<p>La session sera marqu\u00e9e par des tables rondes minist\u00e9rielles sur les m\u00e9canismes nationaux en faveur de l\u2019\u00e9galit\u00e9 des sexes et l\u2019autonomisation des femmes, ainsi que par un dialogue interactif de haut niveau de la commission r\u00e9gionale Afrique sur les r\u00e9sultats des examens r\u00e9gionaux Beijing +30 et les perspectives \u00e0 venir.<\/p>\n\n\n\n<p>Pour rappel, la CSW69 est le plus grand rassemblement annuel des Nations Unies sur l\u2019\u00e9galit\u00e9 des sexes et l\u2019autonomisation des femmes examinera les progr\u00e8s accomplis dans la mise en \u0153uvre de la&nbsp;<a href=\"https:\/\/www.unwomen.org\/fr\/digital-library\/publications\/2015\/01\/beijing-declaration\">D\u00e9claration et du Programme d\u2019action de Beijing<\/a>, qui demeure \u00e0 ce jour le plan le plus r\u00e9volutionnaire en mati\u00e8re d\u2019\u00e9galit\u00e9 des sexes.<\/p>\n\n\n\n<p><strong>David S.<\/strong><\/p>\n","protected":false},"excerpt":{"rendered":"<p>Le Togo prend part \u00e0 la 69\u1d49 session de la Commission de la condition de la femme des Nations unies (CSW69) qui se tient jusqu\u2019au 21 mars 2025 au si\u00e8ge&hellip; <\/p>\n","protected":false},"author":1,"featured_media":2377,"comment_status":"open","ping_status":"open","sticky":false,"template":"","format":"standard","meta":{"footnotes":""},"categories":[29],"tags":[469,470,472,99,471,39],"class_list":["post-2376","post","type-post","status-publish","format-standard","has-post-thumbnail","hentry","category-societe","tag-csw69","tag-droits-des-femmes","tag-kossiwa-zinsou-klassou","tag-nations-unies","tag-programme-daction-de-beijing","tag-togo"],"yoast_head":"<!-- This site is optimized with the Yoast SEO plugin v26.4 - https:\/\/yoast.com\/wordpress\/plugins\/seo\/ -->\n<title>Droits des femmes\u00a0: Le Togo prend part \u00e0 la CSW69 aux Nations Unies - La Voix de la Nation<\/title>\n<meta name=\"robots\" content=\"index, follow, max-snippet:-1, max-image-preview:large, max-video-preview:-1\" \/>\n<link rel=\"canonical\" href=\"https:\/\/lavoixdelanation.tg\/index.php\/2025\/03\/14\/droits-des-femmes-le-togo-prend-part-a-la-csw69-aux-nations-unies\/\" \/>\n<meta property=\"og:locale\" content=\"fr_FR\" \/>\n<meta property=\"og:type\" content=\"article\" \/>\n<meta property=\"og:title\" content=\"Droits des femmes\u00a0: Le Togo prend part \u00e0 la CSW69 aux Nations Unies - La Voix de la Nation\" \/>\n<meta property=\"og:description\" content=\"Le Togo prend part \u00e0 la 69\u1d49 session de la Commission de la condition de la femme des Nations unies (CSW69) qui se tient jusqu\u2019au 21 mars 2025 au si\u00e8ge&hellip;\" \/>\n<meta property=\"og:url\" content=\"https:\/\/lavoixdelanation.tg\/index.php\/2025\/03\/14\/droits-des-femmes-le-togo-prend-part-a-la-csw69-aux-nations-unies\/\" \/>\n<meta property=\"og:site_name\" content=\"La Voix de la Nation\" \/>\n<meta property=\"article:publisher\" content=\"https:\/\/www.facebook.com\/lavoixdelanation\" \/>\n<meta property=\"article:published_time\" content=\"2025-03-14T21:13:00+00:00\" \/>\n<meta property=\"article:modified_time\" content=\"2025-03-15T06:47:15+00:00\" \/>\n<meta property=\"og:image\" content=\"https:\/\/lavoixdelanation.tg\/wp-content\/uploads\/2025\/03\/Le-Togo-prend-part-a-la-CSW69-aux-Nations-Unies.jpg\" \/>\n\t<meta property=\"og:image:width\" content=\"650\" \/>\n\t<meta property=\"og:image:height\" content=\"387\" \/>\n\t<meta property=\"og:image:type\" content=\"image\/jpeg\" \/>\n<meta name=\"author\" content=\"La voix de la nation\" \/>\n<meta name=\"twitter:card\" content=\"summary_large_image\" \/>\n<meta name=\"twitter:label1\" content=\"\u00c9crit par\" \/>\n\t<meta name=\"twitter:data1\" content=\"La voix de la nation\" \/>\n\t<meta name=\"twitter:label2\" content=\"Dur\u00e9e de lecture estim\u00e9e\" \/>\n\t<meta name=\"twitter:data2\" content=\"3 minutes\" \/>\n<script type=\"application\/ld+json\" class=\"yoast-schema-graph\">{\"@context\":\"https:\/\/schema.org\",\"@graph\":[{\"@type\":\"Article\",\"@id\":\"https:\/\/lavoixdelanation.tg\/index.php\/2025\/03\/14\/droits-des-femmes-le-togo-prend-part-a-la-csw69-aux-nations-unies\/#article\",\"isPartOf\":{\"@id\":\"https:\/\/lavoixdelanation.tg\/index.php\/2025\/03\/14\/droits-des-femmes-le-togo-prend-part-a-la-csw69-aux-nations-unies\/\"},\"author\":{\"name\":\"La voix de la nation\",\"@id\":\"https:\/\/lavoixdelanation.tg\/#\/schema\/person\/6c489293aa38053673a9e554acb6e224\"},\"headline\":\"Droits des femmes\u00a0: Le Togo prend part \u00e0 la CSW69 aux Nations Unies\",\"datePublished\":\"2025-03-14T21:13:00+00:00\",\"dateModified\":\"2025-03-15T06:47:15+00:00\",\"mainEntityOfPage\":{\"@id\":\"https:\/\/lavoixdelanation.tg\/index.php\/2025\/03\/14\/droits-des-femmes-le-togo-prend-part-a-la-csw69-aux-nations-unies\/\"},\"wordCount\":518,\"commentCount\":0,\"publisher\":{\"@id\":\"https:\/\/lavoixdelanation.tg\/#organization\"},\"image\":{\"@id\":\"https:\/\/lavoixdelanation.tg\/index.php\/2025\/03\/14\/droits-des-femmes-le-togo-prend-part-a-la-csw69-aux-nations-unies\/#primaryimage\"},\"thumbnailUrl\":\"https:\/\/lavoixdelanation.tg\/wp-content\/uploads\/2025\/03\/Le-Togo-prend-part-a-la-CSW69-aux-Nations-Unies.jpg\",\"keywords\":[\"CSW69\",\"Droits des femmes\",\"Kossiwa Zinsou-Klassou\",\"Nations unies\",\"Programme d\u2019action de Beijing\",\"Togo\"],\"articleSection\":[\"Soci\u00e9t\u00e9\"],\"inLanguage\":\"fr-FR\",\"potentialAction\":[{\"@type\":\"CommentAction\",\"name\":\"Comment\",\"target\":[\"https:\/\/lavoixdelanation.tg\/index.php\/2025\/03\/14\/droits-des-femmes-le-togo-prend-part-a-la-csw69-aux-nations-unies\/#respond\"]}]},{\"@type\":\"WebPage\",\"@id\":\"https:\/\/lavoixdelanation.tg\/index.php\/2025\/03\/14\/droits-des-femmes-le-togo-prend-part-a-la-csw69-aux-nations-unies\/\",\"url\":\"https:\/\/lavoixdelanation.tg\/index.php\/2025\/03\/14\/droits-des-femmes-le-togo-prend-part-a-la-csw69-aux-nations-unies\/\",\"name\":\"Droits des femmes\u00a0: Le Togo prend part \u00e0 la CSW69 aux Nations Unies - La Voix de la Nation\",\"isPartOf\":{\"@id\":\"https:\/\/lavoixdelanation.tg\/#website\"},\"primaryImageOfPage\":{\"@id\":\"https:\/\/lavoixdelanation.tg\/index.php\/2025\/03\/14\/droits-des-femmes-le-togo-prend-part-a-la-csw69-aux-nations-unies\/#primaryimage\"},\"image\":{\"@id\":\"https:\/\/lavoixdelanation.tg\/index.php\/2025\/03\/14\/droits-des-femmes-le-togo-prend-part-a-la-csw69-aux-nations-unies\/#primaryimage\"},\"thumbnailUrl\":\"https:\/\/lavoixdelanation.tg\/wp-content\/uploads\/2025\/03\/Le-Togo-prend-part-a-la-CSW69-aux-Nations-Unies.jpg\",\"datePublished\":\"2025-03-14T21:13:00+00:00\",\"dateModified\":\"2025-03-15T06:47:15+00:00\",\"breadcrumb\":{\"@id\":\"https:\/\/lavoixdelanation.tg\/index.php\/2025\/03\/14\/droits-des-femmes-le-togo-prend-part-a-la-csw69-aux-nations-unies\/#breadcrumb\"},\"inLanguage\":\"fr-FR\",\"potentialAction\":[{\"@type\":\"ReadAction\",\"target\":[\"https:\/\/lavoixdelanation.tg\/index.php\/2025\/03\/14\/droits-des-femmes-le-togo-prend-part-a-la-csw69-aux-nations-unies\/\"]}]},{\"@type\":\"ImageObject\",\"inLanguage\":\"fr-FR\",\"@id\":\"https:\/\/lavoixdelanation.tg\/index.php\/2025\/03\/14\/droits-des-femmes-le-togo-prend-part-a-la-csw69-aux-nations-unies\/#primaryimage\",\"url\":\"https:\/\/lavoixdelanation.tg\/wp-content\/uploads\/2025\/03\/Le-Togo-prend-part-a-la-CSW69-aux-Nations-Unies.jpg\",\"contentUrl\":\"https:\/\/lavoixdelanation.tg\/wp-content\/uploads\/2025\/03\/Le-Togo-prend-part-a-la-CSW69-aux-Nations-Unies.jpg\",\"width\":650,\"height\":387},{\"@type\":\"BreadcrumbList\",\"@id\":\"https:\/\/lavoixdelanation.tg\/index.php\/2025\/03\/14\/droits-des-femmes-le-togo-prend-part-a-la-csw69-aux-nations-unies\/#breadcrumb\",\"itemListElement\":[{\"@type\":\"ListItem\",\"position\":1,\"name\":\"Accueil\",\"item\":\"https:\/\/lavoixdelanation.tg\/\"},{\"@type\":\"ListItem\",\"position\":2,\"name\":\"Droits des femmes\u00a0: Le Togo prend part \u00e0 la CSW69 aux Nations Unies\"}]},{\"@type\":\"WebSite\",\"@id\":\"https:\/\/lavoixdelanation.tg\/#website\",\"url\":\"https:\/\/lavoixdelanation.tg\/\",\"name\":\"La Voix de la Nation\",\"description\":\"R\u00e9c\u00e9piss\u00e9 n\u00b00108\/HAAC\/01-2024\/pl\/P\",\"publisher\":{\"@id\":\"https:\/\/lavoixdelanation.tg\/#organization\"},\"alternateName\":\"VON\",\"potentialAction\":[{\"@type\":\"SearchAction\",\"target\":{\"@type\":\"EntryPoint\",\"urlTemplate\":\"https:\/\/lavoixdelanation.tg\/?s={search_term_string}\"},\"query-input\":{\"@type\":\"PropertyValueSpecification\",\"valueRequired\":true,\"valueName\":\"search_term_string\"}}],\"inLanguage\":\"fr-FR\"},{\"@type\":\"Organization\",\"@id\":\"https:\/\/lavoixdelanation.tg\/#organization\",\"name\":\"La Voix de la Nation\",\"url\":\"https:\/\/lavoixdelanation.tg\/\",\"logo\":{\"@type\":\"ImageObject\",\"inLanguage\":\"fr-FR\",\"@id\":\"https:\/\/lavoixdelanation.tg\/#\/schema\/logo\/image\/\",\"url\":\"https:\/\/lavoixdelanation.tg\/wp-content\/uploads\/2024\/12\/lavn-1.png\",\"contentUrl\":\"https:\/\/lavoixdelanation.tg\/wp-content\/uploads\/2024\/12\/lavn-1.png\",\"width\":1024,\"height\":464,\"caption\":\"La Voix de la Nation\"},\"image\":{\"@id\":\"https:\/\/lavoixdelanation.tg\/#\/schema\/logo\/image\/\"},\"sameAs\":[\"https:\/\/www.facebook.com\/lavoixdelanation\"]},{\"@type\":\"Person\",\"@id\":\"https:\/\/lavoixdelanation.tg\/#\/schema\/person\/6c489293aa38053673a9e554acb6e224\",\"name\":\"La voix de la nation\",\"image\":{\"@type\":\"ImageObject\",\"inLanguage\":\"fr-FR\",\"@id\":\"https:\/\/lavoixdelanation.tg\/#\/schema\/person\/image\/\",\"url\":\"https:\/\/secure.gravatar.com\/avatar\/8aa135d4bbc794494cecaa8d483f6d6cc1023624868deaff686baed5e727a5a1?s=96&d=mm&r=g\",\"contentUrl\":\"https:\/\/secure.gravatar.com\/avatar\/8aa135d4bbc794494cecaa8d483f6d6cc1023624868deaff686baed5e727a5a1?s=96&d=mm&r=g\",\"caption\":\"La voix de la nation\"},\"sameAs\":[\"https:\/\/lavoixdelanation.tg\"],\"url\":\"https:\/\/lavoixdelanation.tg\/index.php\/author\/lavn\/\"}]}<\/script>\n<!-- \/ Yoast SEO plugin. -->","yoast_head_json":{"title":"Droits des femmes\u00a0: Le Togo prend part \u00e0 la CSW69 aux Nations Unies - La Voix de la Nation","robots":{"index":"index","follow":"follow","max-snippet":"max-snippet:-1","max-image-preview":"max-image-preview:large","max-video-preview":"max-video-preview:-1"},"canonical":"https:\/\/lavoixdelanation.tg\/index.php\/2025\/03\/14\/droits-des-femmes-le-togo-prend-part-a-la-csw69-aux-nations-unies\/","og_locale":"fr_FR","og_type":"article","og_title":"Droits des femmes\u00a0: Le Togo prend part \u00e0 la CSW69 aux Nations Unies - La Voix de la Nation","og_description":"Le Togo prend part \u00e0 la 69\u1d49 session de la Commission de la condition de la femme des Nations unies (CSW69) qui se tient jusqu\u2019au 21 mars 2025 au si\u00e8ge&hellip;","og_url":"https:\/\/lavoixdelanation.tg\/index.php\/2025\/03\/14\/droits-des-femmes-le-togo-prend-part-a-la-csw69-aux-nations-unies\/","og_site_name":"La Voix de la Nation","article_publisher":"https:\/\/www.facebook.com\/lavoixdelanation","article_published_time":"2025-03-14T21:13:00+00:00","article_modified_time":"2025-03-15T06:47:15+00:00","og_image":[{"width":650,"height":387,"url":"https:\/\/lavoixdelanation.tg\/wp-content\/uploads\/2025\/03\/Le-Togo-prend-part-a-la-CSW69-aux-Nations-Unies.jpg","type":"image\/jpeg"}],"author":"La voix de la nation","twitter_card":"summary_large_image","twitter_misc":{"\u00c9crit par":"La voix de la nation","Dur\u00e9e de lecture estim\u00e9e":"3 minutes"},"schema":{"@context":"https:\/\/schema.org","@graph":[{"@type":"Article","@id":"https:\/\/lavoixdelanation.tg\/index.php\/2025\/03\/14\/droits-des-femmes-le-togo-prend-part-a-la-csw69-aux-nations-unies\/#article","isPartOf":{"@id":"https:\/\/lavoixdelanation.tg\/index.php\/2025\/03\/14\/droits-des-femmes-le-togo-prend-part-a-la-csw69-aux-nations-unies\/"},"author":{"name":"La voix de la nation","@id":"https:\/\/lavoixdelanation.tg\/#\/schema\/person\/6c489293aa38053673a9e554acb6e224"},"headline":"Droits des femmes\u00a0: Le Togo prend part \u00e0 la CSW69 aux Nations Unies","datePublished":"2025-03-14T21:13:00+00:00","dateModified":"2025-03-15T06:47:15+00:00","mainEntityOfPage":{"@id":"https:\/\/lavoixdelanation.tg\/index.php\/2025\/03\/14\/droits-des-femmes-le-togo-prend-part-a-la-csw69-aux-nations-unies\/"},"wordCount":518,"commentCount":0,"publisher":{"@id":"https:\/\/lavoixdelanation.tg\/#organization"},"image":{"@id":"https:\/\/lavoixdelanation.tg\/index.php\/2025\/03\/14\/droits-des-femmes-le-togo-prend-part-a-la-csw69-aux-nations-unies\/#primaryimage"},"thumbnailUrl":"https:\/\/lavoixdelanation.tg\/wp-content\/uploads\/2025\/03\/Le-Togo-prend-part-a-la-CSW69-aux-Nations-Unies.jpg","keywords":["CSW69","Droits des femmes","Kossiwa Zinsou-Klassou","Nations unies","Programme d\u2019action de Beijing","Togo"],"articleSection":["Soci\u00e9t\u00e9"],"inLanguage":"fr-FR","potentialAction":[{"@type":"CommentAction","name":"Comment","target":["https:\/\/lavoixdelanation.tg\/index.php\/2025\/03\/14\/droits-des-femmes-le-togo-prend-part-a-la-csw69-aux-nations-unies\/#respond"]}]},{"@type":"WebPage","@id":"https:\/\/lavoixdelanation.tg\/index.php\/2025\/03\/14\/droits-des-femmes-le-togo-prend-part-a-la-csw69-aux-nations-unies\/","url":"https:\/\/lavoixdelanation.tg\/index.php\/2025\/03\/14\/droits-des-femmes-le-togo-prend-part-a-la-csw69-aux-nations-unies\/","name":"Droits des femmes\u00a0: Le Togo prend part \u00e0 la CSW69 aux Nations Unies - La Voix de la Nation","isPartOf":{"@id":"https:\/\/lavoixdelanation.tg\/#website"},"primaryImageOfPage":{"@id":"https:\/\/lavoixdelanation.tg\/index.php\/2025\/03\/14\/droits-des-femmes-le-togo-prend-part-a-la-csw69-aux-nations-unies\/#primaryimage"},"image":{"@id":"https:\/\/lavoixdelanation.tg\/index.php\/2025\/03\/14\/droits-des-femmes-le-togo-prend-part-a-la-csw69-aux-nations-unies\/#primaryimage"},"thumbnailUrl":"https:\/\/lavoixdelanation.tg\/wp-content\/uploads\/2025\/03\/Le-Togo-prend-part-a-la-CSW69-aux-Nations-Unies.jpg","datePublished":"2025-03-14T21:13:00+00:00","dateModified":"2025-03-15T06:47:15+00:00","breadcrumb":{"@id":"https:\/\/lavoixdelanation.tg\/index.php\/2025\/03\/14\/droits-des-femmes-le-togo-prend-part-a-la-csw69-aux-nations-unies\/#breadcrumb"},"inLanguage":"fr-FR","potentialAction":[{"@type":"ReadAction","target":["https:\/\/lavoixdelanation.tg\/index.php\/2025\/03\/14\/droits-des-femmes-le-togo-prend-part-a-la-csw69-aux-nations-unies\/"]}]},{"@type":"ImageObject","inLanguage":"fr-FR","@id":"https:\/\/lavoixdelanation.tg\/index.php\/2025\/03\/14\/droits-des-femmes-le-togo-prend-part-a-la-csw69-aux-nations-unies\/#primaryimage","url":"https:\/\/lavoixdelanation.tg\/wp-content\/uploads\/2025\/03\/Le-Togo-prend-part-a-la-CSW69-aux-Nations-Unies.jpg","contentUrl":"https:\/\/lavoixdelanation.tg\/wp-content\/uploads\/2025\/03\/Le-Togo-prend-part-a-la-CSW69-aux-Nations-Unies.jpg","width":650,"height":387},{"@type":"BreadcrumbList","@id":"https:\/\/lavoixdelanation.tg\/index.php\/2025\/03\/14\/droits-des-femmes-le-togo-prend-part-a-la-csw69-aux-nations-unies\/#breadcrumb","itemListElement":[{"@type":"ListItem","position":1,"name":"Accueil","item":"https:\/\/lavoixdelanation.tg\/"},{"@type":"ListItem","position":2,"name":"Droits des femmes\u00a0: Le Togo prend part \u00e0 la CSW69 aux Nations Unies"}]},{"@type":"WebSite","@id":"https:\/\/lavoixdelanation.tg\/#website","url":"https:\/\/lavoixdelanation.tg\/","name":"La Voix de la Nation","description":"R\u00e9c\u00e9piss\u00e9 n\u00b00108\/HAAC\/01-2024\/pl\/P","publisher":{"@id":"https:\/\/lavoixdelanation.tg\/#organization"},"alternateName":"VON","potentialAction":[{"@type":"SearchAction","target":{"@type":"EntryPoint","urlTemplate":"https:\/\/lavoixdelanation.tg\/?s={search_term_string}"},"query-input":{"@type":"PropertyValueSpecification","valueRequired":true,"valueName":"search_term_string"}}],"inLanguage":"fr-FR"},{"@type":"Organization","@id":"https:\/\/lavoixdelanation.tg\/#organization","name":"La Voix de la Nation","url":"https:\/\/lavoixdelanation.tg\/","logo":{"@type":"ImageObject","inLanguage":"fr-FR","@id":"https:\/\/lavoixdelanation.tg\/#\/schema\/logo\/image\/","url":"https:\/\/lavoixdelanation.tg\/wp-content\/uploads\/2024\/12\/lavn-1.png","contentUrl":"https:\/\/lavoixdelanation.tg\/wp-content\/uploads\/2024\/12\/lavn-1.png","width":1024,"height":464,"caption":"La Voix de la Nation"},"image":{"@id":"https:\/\/lavoixdelanation.tg\/#\/schema\/logo\/image\/"},"sameAs":["https:\/\/www.facebook.com\/lavoixdelanation"]},{"@type":"Person","@id":"https:\/\/lavoixdelanation.tg\/#\/schema\/person\/6c489293aa38053673a9e554acb6e224","name":"La voix de la nation","image":{"@type":"ImageObject","inLanguage":"fr-FR","@id":"https:\/\/lavoixdelanation.tg\/#\/schema\/person\/image\/","url":"https:\/\/secure.gravatar.com\/avatar\/8aa135d4bbc794494cecaa8d483f6d6cc1023624868deaff686baed5e727a5a1?s=96&d=mm&r=g","contentUrl":"https:\/\/secure.gravatar.com\/avatar\/8aa135d4bbc794494cecaa8d483f6d6cc1023624868deaff686baed5e727a5a1?s=96&d=mm&r=g","caption":"La voix de la nation"},"sameAs":["https:\/\/lavoixdelanation.tg"],"url":"https:\/\/lavoixdelanation.tg\/index.php\/author\/lavn\/"}]}},"_links":{"self":[{"href":"https:\/\/lavoixdelanation.tg\/index.php\/wp-json\/wp\/v2\/posts\/2376","targetHints":{"allow":["GET"]}}],"collection":[{"href":"https:\/\/lavoixdelanation.tg\/index.php\/wp-json\/wp\/v2\/posts"}],"about":[{"href":"https:\/\/lavoixdelanation.tg\/index.php\/wp-json\/wp\/v2\/types\/post"}],"author":[{"embeddable":true,"href":"https:\/\/lavoixdelanation.tg\/index.php\/wp-json\/wp\/v2\/users\/1"}],"replies":[{"embeddable":true,"href":"https:\/\/lavoixdelanation.tg\/index.php\/wp-json\/wp\/v2\/comments?post=2376"}],"version-history":[{"count":3,"href":"https:\/\/lavoixdelanation.tg\/index.php\/wp-json\/wp\/v2\/posts\/2376\/revisions"}],"predecessor-version":[{"id":2382,"href":"https:\/\/lavoixdelanation.tg\/index.php\/wp-json\/wp\/v2\/posts\/2376\/revisions\/2382"}],"wp:featuredmedia":[{"embeddable":true,"href":"https:\/\/lavoixdelanation.tg\/index.php\/wp-json\/wp\/v2\/media\/2377"}],"wp:attachment":[{"href":"https:\/\/lavoixdelanation.tg\/index.php\/wp-json\/wp\/v2\/media?parent=2376"}],"wp:term":[{"taxonomy":"category","embeddable":true,"href":"https:\/\/lavoixdelanation.tg\/index.php\/wp-json\/wp\/v2\/categories?post=2376"},{"taxonomy":"post_tag","embeddable":true,"href":"https:\/\/lavoixdelanation.tg\/index.php\/wp-json\/wp\/v2\/tags?post=2376"}],"curies":[{"name":"wp","href":"https:\/\/api.w.org\/{rel}","templated":true}]}}