{"id":2360,"date":"2025-03-11T22:54:00","date_gmt":"2025-03-11T21:54:00","guid":{"rendered":"https:\/\/lavoixdelanation.tg\/?p=2360"},"modified":"2025-03-12T08:58:19","modified_gmt":"2025-03-12T07:58:19","slug":"communication-yawa-kouigan-a-echange-avec-la-coordonnatrice-du-systeme-des-nations-unies-au-togo","status":"publish","type":"post","link":"https:\/\/lavoixdelanation.tg\/index.php\/2025\/03\/11\/communication-yawa-kouigan-a-echange-avec-la-coordonnatrice-du-systeme-des-nations-unies-au-togo\/","title":{"rendered":"Communication\u00a0: Yawa Kouigan a \u00e9chang\u00e9 avec la coordonnatrice du Syst\u00e8me des Nations Unies au Togo"},"content":{"rendered":"\n<p><strong>Le Togo et les agences onusiennes entretiennent d\u2019excellentes relations notamment dans le secteur de la communication et de l\u2019information. Une coop\u00e9ration salu\u00e9e ce lundi 10 mars 2025 \u00e0 Lom\u00e9 au cours d\u2019un entretien entre la ministre de la communication, des m\u00e9dias et de la culture Mme Yawa Kouigan et la coordonnatrice r\u00e9sidente du Syst\u00e8me des Nations Unies au Togo, Mme Coumba Sow.<\/strong><\/p>\n\n\n\n<p>Les avanc\u00e9es du Togo en mati\u00e8re de gouvernance et d\u2019\u00e9galit\u00e9 des genres ont \u00e9t\u00e9 salu\u00e9es par Coumba Sow qui a \u00e9voqu\u00e9 la r\u00e9cente nomination paritaire, par le Chef de l\u2019\u00c9tat Faure Gnassingb\u00e9, de dix femmes et dix hommes au S\u00e9nat, comme un jalon suppl\u00e9mentaire vers plus d\u2019inclusion des femmes dans les instances de d\u00e9cision.<\/p>\n\n\n\n<p>Elle a par ailleurs relev\u00e9 la communication dynamique qui accompagne l\u2019action publique, en vue d\u2019une meilleure compr\u00e9hension des politiques gouvernementales et de leur impact positif sur les populations.<\/p>\n\n\n\n<p>Coumba Sow a en outre r\u00e9it\u00e9r\u00e9 l\u2019engagement du Syst\u00e8me des Nations Unies \u00e0 poursuivre son accompagnement du Togo dans la perspective de la mise en \u0153uvre des Objectifs de d\u00e9veloppement durable (ODD).<\/p>\n\n\n\n<p>A cet effet, elle a notamment insist\u00e9 sur la n\u00e9cessit\u00e9 de renforcer la communication autour des r\u00e9alisations du gouvernement et de lutter contre la d\u00e9sinformation, tout en exprimant la volont\u00e9 de son institution d\u2019apporter un appui technique au minist\u00e8re notamment sur les enjeux li\u00e9s \u00e0 l\u2019intelligence artificielle.<\/p>\n\n\n\n<p>La ministre de la communication, des m\u00e9dias et de la culture a pour sa part exprim\u00e9 sa gratitude pour l\u2019appui constant des Nations Unies au Togo pour soutenir les actions publiques men\u00e9es en faveur des citoyens.<\/p>\n\n\n\n<p>Mme Yawa Kouigan a soulign\u00e9 la maturit\u00e9 croissante de la presse togolaise et a r\u00e9affirm\u00e9 sa d\u00e9termination \u00e0 \u0153uvrer, avec le soutien des partenaires, au renforcement du paysage m\u00e9diatique et communicationnel du pays.<\/p>\n\n\n\n<p>Elle a pour finir, insist\u00e9 sur l\u2019importance de doter les acteurs de l\u2019information d\u2019outils et de comp\u00e9tences leur permettant de s\u2019adapter aux \u00e9volutions technologiques et de jouer pleinement leur r\u00f4le dans la consolidation d\u2019un espace m\u00e9diatique responsable au Togo.<\/p>\n","protected":false},"excerpt":{"rendered":"<p>Le Togo et les agences onusiennes entretiennent d\u2019excellentes relations notamment dans le secteur de la communication et de l\u2019information. Une coop\u00e9ration salu\u00e9e ce lundi 10 mars 2025 \u00e0 Lom\u00e9 au&hellip; <\/p>\n","protected":false},"author":1,"featured_media":2361,"comment_status":"open","ping_status":"open","sticky":false,"template":"","format":"standard","meta":{"footnotes":""},"categories":[13,24],"tags":[465,100,99,39,155],"class_list":["post-2360","post","type-post","status-publish","format-standard","has-post-thumbnail","hentry","category-culture","category-medias","tag-communication","tag-coumba-sow","tag-nations-unies","tag-togo","tag-yawa-kouigan"],"yoast_head":"<!-- This site is optimized with the Yoast SEO plugin v26.4 - https:\/\/yoast.com\/wordpress\/plugins\/seo\/ -->\n<title>Communication\u00a0: Yawa Kouigan a \u00e9chang\u00e9 avec la coordonnatrice du Syst\u00e8me des Nations Unies au Togo - La Voix de la Nation<\/title>\n<meta name=\"robots\" content=\"index, follow, max-snippet:-1, max-image-preview:large, max-video-preview:-1\" \/>\n<link rel=\"canonical\" href=\"https:\/\/lavoixdelanation.tg\/index.php\/2025\/03\/11\/communication-yawa-kouigan-a-echange-avec-la-coordonnatrice-du-systeme-des-nations-unies-au-togo\/\" \/>\n<meta property=\"og:locale\" content=\"fr_FR\" \/>\n<meta property=\"og:type\" content=\"article\" \/>\n<meta property=\"og:title\" content=\"Communication\u00a0: Yawa Kouigan a \u00e9chang\u00e9 avec la coordonnatrice du Syst\u00e8me des Nations Unies au Togo - La Voix de la Nation\" \/>\n<meta property=\"og:description\" content=\"Le Togo et les agences onusiennes entretiennent d\u2019excellentes relations notamment dans le secteur de la communication et de l\u2019information. Une coop\u00e9ration salu\u00e9e ce lundi 10 mars 2025 \u00e0 Lom\u00e9 au&hellip;\" \/>\n<meta property=\"og:url\" content=\"https:\/\/lavoixdelanation.tg\/index.php\/2025\/03\/11\/communication-yawa-kouigan-a-echange-avec-la-coordonnatrice-du-systeme-des-nations-unies-au-togo\/\" \/>\n<meta property=\"og:site_name\" content=\"La Voix de la Nation\" \/>\n<meta property=\"article:publisher\" content=\"https:\/\/www.facebook.com\/lavoixdelanation\" \/>\n<meta property=\"article:published_time\" content=\"2025-03-11T21:54:00+00:00\" \/>\n<meta property=\"article:modified_time\" content=\"2025-03-12T07:58:19+00:00\" \/>\n<meta property=\"og:image\" content=\"https:\/\/lavoixdelanation.tg\/wp-content\/uploads\/2025\/03\/Yawa-Kouigan-et-Coumba-Sow.jpeg\" \/>\n\t<meta property=\"og:image:width\" content=\"650\" \/>\n\t<meta property=\"og:image:height\" content=\"425\" \/>\n\t<meta property=\"og:image:type\" content=\"image\/jpeg\" \/>\n<meta name=\"author\" content=\"La voix de la nation\" \/>\n<meta name=\"twitter:card\" content=\"summary_large_image\" \/>\n<meta name=\"twitter:label1\" content=\"\u00c9crit par\" \/>\n\t<meta name=\"twitter:data1\" content=\"La voix de la nation\" \/>\n\t<meta name=\"twitter:label2\" content=\"Dur\u00e9e de lecture estim\u00e9e\" \/>\n\t<meta name=\"twitter:data2\" content=\"2 minutes\" \/>\n<script type=\"application\/ld+json\" class=\"yoast-schema-graph\">{\"@context\":\"https:\/\/schema.org\",\"@graph\":[{\"@type\":\"Article\",\"@id\":\"https:\/\/lavoixdelanation.tg\/index.php\/2025\/03\/11\/communication-yawa-kouigan-a-echange-avec-la-coordonnatrice-du-systeme-des-nations-unies-au-togo\/#article\",\"isPartOf\":{\"@id\":\"https:\/\/lavoixdelanation.tg\/index.php\/2025\/03\/11\/communication-yawa-kouigan-a-echange-avec-la-coordonnatrice-du-systeme-des-nations-unies-au-togo\/\"},\"author\":{\"name\":\"La voix de la nation\",\"@id\":\"https:\/\/lavoixdelanation.tg\/#\/schema\/person\/6c489293aa38053673a9e554acb6e224\"},\"headline\":\"Communication\u00a0: Yawa Kouigan a \u00e9chang\u00e9 avec la coordonnatrice du Syst\u00e8me des Nations Unies au Togo\",\"datePublished\":\"2025-03-11T21:54:00+00:00\",\"dateModified\":\"2025-03-12T07:58:19+00:00\",\"mainEntityOfPage\":{\"@id\":\"https:\/\/lavoixdelanation.tg\/index.php\/2025\/03\/11\/communication-yawa-kouigan-a-echange-avec-la-coordonnatrice-du-systeme-des-nations-unies-au-togo\/\"},\"wordCount\":388,\"commentCount\":0,\"publisher\":{\"@id\":\"https:\/\/lavoixdelanation.tg\/#organization\"},\"image\":{\"@id\":\"https:\/\/lavoixdelanation.tg\/index.php\/2025\/03\/11\/communication-yawa-kouigan-a-echange-avec-la-coordonnatrice-du-systeme-des-nations-unies-au-togo\/#primaryimage\"},\"thumbnailUrl\":\"https:\/\/lavoixdelanation.tg\/wp-content\/uploads\/2025\/03\/Yawa-Kouigan-et-Coumba-Sow.jpeg\",\"keywords\":[\"Communication\",\"Coumba Sow\",\"Nations unies\",\"Togo\",\"Yawa Kouigan\"],\"articleSection\":[\"Culture\",\"M\u00e9dias\"],\"inLanguage\":\"fr-FR\",\"potentialAction\":[{\"@type\":\"CommentAction\",\"name\":\"Comment\",\"target\":[\"https:\/\/lavoixdelanation.tg\/index.php\/2025\/03\/11\/communication-yawa-kouigan-a-echange-avec-la-coordonnatrice-du-systeme-des-nations-unies-au-togo\/#respond\"]}]},{\"@type\":\"WebPage\",\"@id\":\"https:\/\/lavoixdelanation.tg\/index.php\/2025\/03\/11\/communication-yawa-kouigan-a-echange-avec-la-coordonnatrice-du-systeme-des-nations-unies-au-togo\/\",\"url\":\"https:\/\/lavoixdelanation.tg\/index.php\/2025\/03\/11\/communication-yawa-kouigan-a-echange-avec-la-coordonnatrice-du-systeme-des-nations-unies-au-togo\/\",\"name\":\"Communication\u00a0: Yawa Kouigan a \u00e9chang\u00e9 avec la coordonnatrice du Syst\u00e8me des Nations Unies au Togo - La Voix de la Nation\",\"isPartOf\":{\"@id\":\"https:\/\/lavoixdelanation.tg\/#website\"},\"primaryImageOfPage\":{\"@id\":\"https:\/\/lavoixdelanation.tg\/index.php\/2025\/03\/11\/communication-yawa-kouigan-a-echange-avec-la-coordonnatrice-du-systeme-des-nations-unies-au-togo\/#primaryimage\"},\"image\":{\"@id\":\"https:\/\/lavoixdelanation.tg\/index.php\/2025\/03\/11\/communication-yawa-kouigan-a-echange-avec-la-coordonnatrice-du-systeme-des-nations-unies-au-togo\/#primaryimage\"},\"thumbnailUrl\":\"https:\/\/lavoixdelanation.tg\/wp-content\/uploads\/2025\/03\/Yawa-Kouigan-et-Coumba-Sow.jpeg\",\"datePublished\":\"2025-03-11T21:54:00+00:00\",\"dateModified\":\"2025-03-12T07:58:19+00:00\",\"breadcrumb\":{\"@id\":\"https:\/\/lavoixdelanation.tg\/index.php\/2025\/03\/11\/communication-yawa-kouigan-a-echange-avec-la-coordonnatrice-du-systeme-des-nations-unies-au-togo\/#breadcrumb\"},\"inLanguage\":\"fr-FR\",\"potentialAction\":[{\"@type\":\"ReadAction\",\"target\":[\"https:\/\/lavoixdelanation.tg\/index.php\/2025\/03\/11\/communication-yawa-kouigan-a-echange-avec-la-coordonnatrice-du-systeme-des-nations-unies-au-togo\/\"]}]},{\"@type\":\"ImageObject\",\"inLanguage\":\"fr-FR\",\"@id\":\"https:\/\/lavoixdelanation.tg\/index.php\/2025\/03\/11\/communication-yawa-kouigan-a-echange-avec-la-coordonnatrice-du-systeme-des-nations-unies-au-togo\/#primaryimage\",\"url\":\"https:\/\/lavoixdelanation.tg\/wp-content\/uploads\/2025\/03\/Yawa-Kouigan-et-Coumba-Sow.jpeg\",\"contentUrl\":\"https:\/\/lavoixdelanation.tg\/wp-content\/uploads\/2025\/03\/Yawa-Kouigan-et-Coumba-Sow.jpeg\",\"width\":650,\"height\":425,\"caption\":\"Yawa Kouigan et Coumba Sow\"},{\"@type\":\"BreadcrumbList\",\"@id\":\"https:\/\/lavoixdelanation.tg\/index.php\/2025\/03\/11\/communication-yawa-kouigan-a-echange-avec-la-coordonnatrice-du-systeme-des-nations-unies-au-togo\/#breadcrumb\",\"itemListElement\":[{\"@type\":\"ListItem\",\"position\":1,\"name\":\"Accueil\",\"item\":\"https:\/\/lavoixdelanation.tg\/\"},{\"@type\":\"ListItem\",\"position\":2,\"name\":\"Communication\u00a0: Yawa Kouigan a \u00e9chang\u00e9 avec la coordonnatrice du Syst\u00e8me des Nations Unies au Togo\"}]},{\"@type\":\"WebSite\",\"@id\":\"https:\/\/lavoixdelanation.tg\/#website\",\"url\":\"https:\/\/lavoixdelanation.tg\/\",\"name\":\"La Voix de la Nation\",\"description\":\"R\u00e9c\u00e9piss\u00e9 n\u00b00108\/HAAC\/01-2024\/pl\/P\",\"publisher\":{\"@id\":\"https:\/\/lavoixdelanation.tg\/#organization\"},\"alternateName\":\"VON\",\"potentialAction\":[{\"@type\":\"SearchAction\",\"target\":{\"@type\":\"EntryPoint\",\"urlTemplate\":\"https:\/\/lavoixdelanation.tg\/?s={search_term_string}\"},\"query-input\":{\"@type\":\"PropertyValueSpecification\",\"valueRequired\":true,\"valueName\":\"search_term_string\"}}],\"inLanguage\":\"fr-FR\"},{\"@type\":\"Organization\",\"@id\":\"https:\/\/lavoixdelanation.tg\/#organization\",\"name\":\"La Voix de la Nation\",\"url\":\"https:\/\/lavoixdelanation.tg\/\",\"logo\":{\"@type\":\"ImageObject\",\"inLanguage\":\"fr-FR\",\"@id\":\"https:\/\/lavoixdelanation.tg\/#\/schema\/logo\/image\/\",\"url\":\"https:\/\/lavoixdelanation.tg\/wp-content\/uploads\/2024\/12\/lavn-1.png\",\"contentUrl\":\"https:\/\/lavoixdelanation.tg\/wp-content\/uploads\/2024\/12\/lavn-1.png\",\"width\":1024,\"height\":464,\"caption\":\"La Voix de la Nation\"},\"image\":{\"@id\":\"https:\/\/lavoixdelanation.tg\/#\/schema\/logo\/image\/\"},\"sameAs\":[\"https:\/\/www.facebook.com\/lavoixdelanation\"]},{\"@type\":\"Person\",\"@id\":\"https:\/\/lavoixdelanation.tg\/#\/schema\/person\/6c489293aa38053673a9e554acb6e224\",\"name\":\"La voix de la nation\",\"image\":{\"@type\":\"ImageObject\",\"inLanguage\":\"fr-FR\",\"@id\":\"https:\/\/lavoixdelanation.tg\/#\/schema\/person\/image\/\",\"url\":\"https:\/\/secure.gravatar.com\/avatar\/8aa135d4bbc794494cecaa8d483f6d6cc1023624868deaff686baed5e727a5a1?s=96&d=mm&r=g\",\"contentUrl\":\"https:\/\/secure.gravatar.com\/avatar\/8aa135d4bbc794494cecaa8d483f6d6cc1023624868deaff686baed5e727a5a1?s=96&d=mm&r=g\",\"caption\":\"La voix de la nation\"},\"sameAs\":[\"https:\/\/lavoixdelanation.tg\"],\"url\":\"https:\/\/lavoixdelanation.tg\/index.php\/author\/lavn\/\"}]}<\/script>\n<!-- \/ Yoast SEO plugin. -->","yoast_head_json":{"title":"Communication\u00a0: Yawa Kouigan a \u00e9chang\u00e9 avec la coordonnatrice du Syst\u00e8me des Nations Unies au Togo - La Voix de la Nation","robots":{"index":"index","follow":"follow","max-snippet":"max-snippet:-1","max-image-preview":"max-image-preview:large","max-video-preview":"max-video-preview:-1"},"canonical":"https:\/\/lavoixdelanation.tg\/index.php\/2025\/03\/11\/communication-yawa-kouigan-a-echange-avec-la-coordonnatrice-du-systeme-des-nations-unies-au-togo\/","og_locale":"fr_FR","og_type":"article","og_title":"Communication\u00a0: Yawa Kouigan a \u00e9chang\u00e9 avec la coordonnatrice du Syst\u00e8me des Nations Unies au Togo - La Voix de la Nation","og_description":"Le Togo et les agences onusiennes entretiennent d\u2019excellentes relations notamment dans le secteur de la communication et de l\u2019information. Une coop\u00e9ration salu\u00e9e ce lundi 10 mars 2025 \u00e0 Lom\u00e9 au&hellip;","og_url":"https:\/\/lavoixdelanation.tg\/index.php\/2025\/03\/11\/communication-yawa-kouigan-a-echange-avec-la-coordonnatrice-du-systeme-des-nations-unies-au-togo\/","og_site_name":"La Voix de la Nation","article_publisher":"https:\/\/www.facebook.com\/lavoixdelanation","article_published_time":"2025-03-11T21:54:00+00:00","article_modified_time":"2025-03-12T07:58:19+00:00","og_image":[{"width":650,"height":425,"url":"https:\/\/lavoixdelanation.tg\/wp-content\/uploads\/2025\/03\/Yawa-Kouigan-et-Coumba-Sow.jpeg","type":"image\/jpeg"}],"author":"La voix de la nation","twitter_card":"summary_large_image","twitter_misc":{"\u00c9crit par":"La voix de la nation","Dur\u00e9e de lecture estim\u00e9e":"2 minutes"},"schema":{"@context":"https:\/\/schema.org","@graph":[{"@type":"Article","@id":"https:\/\/lavoixdelanation.tg\/index.php\/2025\/03\/11\/communication-yawa-kouigan-a-echange-avec-la-coordonnatrice-du-systeme-des-nations-unies-au-togo\/#article","isPartOf":{"@id":"https:\/\/lavoixdelanation.tg\/index.php\/2025\/03\/11\/communication-yawa-kouigan-a-echange-avec-la-coordonnatrice-du-systeme-des-nations-unies-au-togo\/"},"author":{"name":"La voix de la nation","@id":"https:\/\/lavoixdelanation.tg\/#\/schema\/person\/6c489293aa38053673a9e554acb6e224"},"headline":"Communication\u00a0: Yawa Kouigan a \u00e9chang\u00e9 avec la coordonnatrice du Syst\u00e8me des Nations Unies au Togo","datePublished":"2025-03-11T21:54:00+00:00","dateModified":"2025-03-12T07:58:19+00:00","mainEntityOfPage":{"@id":"https:\/\/lavoixdelanation.tg\/index.php\/2025\/03\/11\/communication-yawa-kouigan-a-echange-avec-la-coordonnatrice-du-systeme-des-nations-unies-au-togo\/"},"wordCount":388,"commentCount":0,"publisher":{"@id":"https:\/\/lavoixdelanation.tg\/#organization"},"image":{"@id":"https:\/\/lavoixdelanation.tg\/index.php\/2025\/03\/11\/communication-yawa-kouigan-a-echange-avec-la-coordonnatrice-du-systeme-des-nations-unies-au-togo\/#primaryimage"},"thumbnailUrl":"https:\/\/lavoixdelanation.tg\/wp-content\/uploads\/2025\/03\/Yawa-Kouigan-et-Coumba-Sow.jpeg","keywords":["Communication","Coumba Sow","Nations unies","Togo","Yawa Kouigan"],"articleSection":["Culture","M\u00e9dias"],"inLanguage":"fr-FR","potentialAction":[{"@type":"CommentAction","name":"Comment","target":["https:\/\/lavoixdelanation.tg\/index.php\/2025\/03\/11\/communication-yawa-kouigan-a-echange-avec-la-coordonnatrice-du-systeme-des-nations-unies-au-togo\/#respond"]}]},{"@type":"WebPage","@id":"https:\/\/lavoixdelanation.tg\/index.php\/2025\/03\/11\/communication-yawa-kouigan-a-echange-avec-la-coordonnatrice-du-systeme-des-nations-unies-au-togo\/","url":"https:\/\/lavoixdelanation.tg\/index.php\/2025\/03\/11\/communication-yawa-kouigan-a-echange-avec-la-coordonnatrice-du-systeme-des-nations-unies-au-togo\/","name":"Communication\u00a0: Yawa Kouigan a \u00e9chang\u00e9 avec la coordonnatrice du Syst\u00e8me des Nations Unies au Togo - La Voix de la Nation","isPartOf":{"@id":"https:\/\/lavoixdelanation.tg\/#website"},"primaryImageOfPage":{"@id":"https:\/\/lavoixdelanation.tg\/index.php\/2025\/03\/11\/communication-yawa-kouigan-a-echange-avec-la-coordonnatrice-du-systeme-des-nations-unies-au-togo\/#primaryimage"},"image":{"@id":"https:\/\/lavoixdelanation.tg\/index.php\/2025\/03\/11\/communication-yawa-kouigan-a-echange-avec-la-coordonnatrice-du-systeme-des-nations-unies-au-togo\/#primaryimage"},"thumbnailUrl":"https:\/\/lavoixdelanation.tg\/wp-content\/uploads\/2025\/03\/Yawa-Kouigan-et-Coumba-Sow.jpeg","datePublished":"2025-03-11T21:54:00+00:00","dateModified":"2025-03-12T07:58:19+00:00","breadcrumb":{"@id":"https:\/\/lavoixdelanation.tg\/index.php\/2025\/03\/11\/communication-yawa-kouigan-a-echange-avec-la-coordonnatrice-du-systeme-des-nations-unies-au-togo\/#breadcrumb"},"inLanguage":"fr-FR","potentialAction":[{"@type":"ReadAction","target":["https:\/\/lavoixdelanation.tg\/index.php\/2025\/03\/11\/communication-yawa-kouigan-a-echange-avec-la-coordonnatrice-du-systeme-des-nations-unies-au-togo\/"]}]},{"@type":"ImageObject","inLanguage":"fr-FR","@id":"https:\/\/lavoixdelanation.tg\/index.php\/2025\/03\/11\/communication-yawa-kouigan-a-echange-avec-la-coordonnatrice-du-systeme-des-nations-unies-au-togo\/#primaryimage","url":"https:\/\/lavoixdelanation.tg\/wp-content\/uploads\/2025\/03\/Yawa-Kouigan-et-Coumba-Sow.jpeg","contentUrl":"https:\/\/lavoixdelanation.tg\/wp-content\/uploads\/2025\/03\/Yawa-Kouigan-et-Coumba-Sow.jpeg","width":650,"height":425,"caption":"Yawa Kouigan et Coumba Sow"},{"@type":"BreadcrumbList","@id":"https:\/\/lavoixdelanation.tg\/index.php\/2025\/03\/11\/communication-yawa-kouigan-a-echange-avec-la-coordonnatrice-du-systeme-des-nations-unies-au-togo\/#breadcrumb","itemListElement":[{"@type":"ListItem","position":1,"name":"Accueil","item":"https:\/\/lavoixdelanation.tg\/"},{"@type":"ListItem","position":2,"name":"Communication\u00a0: Yawa Kouigan a \u00e9chang\u00e9 avec la coordonnatrice du Syst\u00e8me des Nations Unies au Togo"}]},{"@type":"WebSite","@id":"https:\/\/lavoixdelanation.tg\/#website","url":"https:\/\/lavoixdelanation.tg\/","name":"La Voix de la Nation","description":"R\u00e9c\u00e9piss\u00e9 n\u00b00108\/HAAC\/01-2024\/pl\/P","publisher":{"@id":"https:\/\/lavoixdelanation.tg\/#organization"},"alternateName":"VON","potentialAction":[{"@type":"SearchAction","target":{"@type":"EntryPoint","urlTemplate":"https:\/\/lavoixdelanation.tg\/?s={search_term_string}"},"query-input":{"@type":"PropertyValueSpecification","valueRequired":true,"valueName":"search_term_string"}}],"inLanguage":"fr-FR"},{"@type":"Organization","@id":"https:\/\/lavoixdelanation.tg\/#organization","name":"La Voix de la Nation","url":"https:\/\/lavoixdelanation.tg\/","logo":{"@type":"ImageObject","inLanguage":"fr-FR","@id":"https:\/\/lavoixdelanation.tg\/#\/schema\/logo\/image\/","url":"https:\/\/lavoixdelanation.tg\/wp-content\/uploads\/2024\/12\/lavn-1.png","contentUrl":"https:\/\/lavoixdelanation.tg\/wp-content\/uploads\/2024\/12\/lavn-1.png","width":1024,"height":464,"caption":"La Voix de la Nation"},"image":{"@id":"https:\/\/lavoixdelanation.tg\/#\/schema\/logo\/image\/"},"sameAs":["https:\/\/www.facebook.com\/lavoixdelanation"]},{"@type":"Person","@id":"https:\/\/lavoixdelanation.tg\/#\/schema\/person\/6c489293aa38053673a9e554acb6e224","name":"La voix de la nation","image":{"@type":"ImageObject","inLanguage":"fr-FR","@id":"https:\/\/lavoixdelanation.tg\/#\/schema\/person\/image\/","url":"https:\/\/secure.gravatar.com\/avatar\/8aa135d4bbc794494cecaa8d483f6d6cc1023624868deaff686baed5e727a5a1?s=96&d=mm&r=g","contentUrl":"https:\/\/secure.gravatar.com\/avatar\/8aa135d4bbc794494cecaa8d483f6d6cc1023624868deaff686baed5e727a5a1?s=96&d=mm&r=g","caption":"La voix de la nation"},"sameAs":["https:\/\/lavoixdelanation.tg"],"url":"https:\/\/lavoixdelanation.tg\/index.php\/author\/lavn\/"}]}},"_links":{"self":[{"href":"https:\/\/lavoixdelanation.tg\/index.php\/wp-json\/wp\/v2\/posts\/2360","targetHints":{"allow":["GET"]}}],"collection":[{"href":"https:\/\/lavoixdelanation.tg\/index.php\/wp-json\/wp\/v2\/posts"}],"about":[{"href":"https:\/\/lavoixdelanation.tg\/index.php\/wp-json\/wp\/v2\/types\/post"}],"author":[{"embeddable":true,"href":"https:\/\/lavoixdelanation.tg\/index.php\/wp-json\/wp\/v2\/users\/1"}],"replies":[{"embeddable":true,"href":"https:\/\/lavoixdelanation.tg\/index.php\/wp-json\/wp\/v2\/comments?post=2360"}],"version-history":[{"count":1,"href":"https:\/\/lavoixdelanation.tg\/index.php\/wp-json\/wp\/v2\/posts\/2360\/revisions"}],"predecessor-version":[{"id":2362,"href":"https:\/\/lavoixdelanation.tg\/index.php\/wp-json\/wp\/v2\/posts\/2360\/revisions\/2362"}],"wp:featuredmedia":[{"embeddable":true,"href":"https:\/\/lavoixdelanation.tg\/index.php\/wp-json\/wp\/v2\/media\/2361"}],"wp:attachment":[{"href":"https:\/\/lavoixdelanation.tg\/index.php\/wp-json\/wp\/v2\/media?parent=2360"}],"wp:term":[{"taxonomy":"category","embeddable":true,"href":"https:\/\/lavoixdelanation.tg\/index.php\/wp-json\/wp\/v2\/categories?post=2360"},{"taxonomy":"post_tag","embeddable":true,"href":"https:\/\/lavoixdelanation.tg\/index.php\/wp-json\/wp\/v2\/tags?post=2360"}],"curies":[{"name":"wp","href":"https:\/\/api.w.org\/{rel}","templated":true}]}}