{"id":2341,"date":"2025-03-08T22:33:00","date_gmt":"2025-03-08T21:33:00","guid":{"rendered":"https:\/\/lavoixdelanation.tg\/?p=2341"},"modified":"2025-03-09T12:42:33","modified_gmt":"2025-03-09T11:42:33","slug":"victoire-tomegah-dogbe-il-est-de-notre-responsabilite-collective-de-garantir-aux-femmes-un-avenir-ou-leurs-droits-ne-sont-plus-a-negocier","status":"publish","type":"post","link":"https:\/\/lavoixdelanation.tg\/index.php\/2025\/03\/08\/victoire-tomegah-dogbe-il-est-de-notre-responsabilite-collective-de-garantir-aux-femmes-un-avenir-ou-leurs-droits-ne-sont-plus-a-negocier\/","title":{"rendered":"Victoire Tom\u00e9gah-Dogb\u00e9\u00a0: \u00ab\u00a0Il est de notre responsabilit\u00e9 collective de garantir aux femmes un avenir o\u00f9 leurs droits ne sont plus \u00e0 n\u00e9gocier\u00a0\u00bb"},"content":{"rendered":"\n<p>\u00ab&nbsp;Il est de notre responsabilit\u00e9 collective de garantir aux femmes un avenir o\u00f9 leurs droits ne sont plus \u00e0 n\u00e9gocier, mais pleinement respect\u00e9s et prot\u00e9g\u00e9s&nbsp;\u00bb, a indiqu\u00e9 le Premier ministre Mme Victoire Tom\u00e9gah-Dogb\u00e9 \u00e0 l\u2019occasion de la c\u00e9r\u00e9bration de journ\u00e9e internationale des droits de la femmes, \u00e9dition 2025.<\/p>\n\n\n\n<p>\u00ab&nbsp;Face aux d\u00e9fis \u00e9conomiques, sociaux, climatiques et s\u00e9curitaires, les femmes et les filles font preuve d\u2019une r\u00e9silience exceptionnelle&nbsp;\u00bb, a-t-elle expliqu\u00e9.<\/p>\n\n\n\n<p>\u00ab&nbsp;Aujourd\u2019hui, \u00e0 l\u2019occasion de la Journ\u00e9e Internationale des Droits des Femmes, nous c\u00e9l\u00e9brons toutes celles qui, \u00e0 travers leurs actions, transforment notre soci\u00e9t\u00e9. De la jeune fille qui ose r\u00eaver grand \u00e0 la femme entrepreneure, scientifique, agricultrice ou leader, chacune contribue au progr\u00e8s de notre pays&nbsp;\u00bb, a pr\u00e9cis\u00e9 la cheffe du gouvernement.<\/p>\n\n\n\n<p>C\u00e9l\u00e9br\u00e9e le 08 mars de chaque ann\u00e9e, la Journ\u00e9e Internationale de la femme met en avant la lutte pour les&nbsp;<a href=\"https:\/\/fr.wikipedia.org\/wiki\/Droits_des_femmes\">droits des femmes<\/a> dans le monde entier. Le th\u00e8me retenu sur le plan international pour la c\u00e9l\u00e9bration est \u00ab&nbsp;Pour toutes les femmes et les filles&nbsp;: droits, \u00e9galit\u00e9 et autonomisation&nbsp;\u00bb.<\/p>\n\n\n\n<p>Pour cette ann\u00e9e, le Togo a orient\u00e9 sa c\u00e9l\u00e9bration vers le renforcement des actions en faveur de l\u2019autonomisation et de la participation des femmes \u00e0 travers le th\u00e8me national :&nbsp;\u00ab&nbsp;L\u2019acc\u00e8s des femmes aux documents d\u2019identit\u00e9 pour une meilleure participation au d\u00e9veloppement&nbsp;\u00bb.<\/p>\n\n\n\n<p><strong>Cris DADA<\/strong><\/p>\n","protected":false},"excerpt":{"rendered":"<p>\u00ab&nbsp;Il est de notre responsabilit\u00e9 collective de garantir aux femmes un avenir o\u00f9 leurs droits ne sont plus \u00e0 n\u00e9gocier, mais pleinement respect\u00e9s et prot\u00e9g\u00e9s&nbsp;\u00bb, a indiqu\u00e9 le Premier ministre&hellip; <\/p>\n","protected":false},"author":1,"featured_media":2342,"comment_status":"open","ping_status":"open","sticky":false,"template":"","format":"standard","meta":{"footnotes":""},"categories":[29],"tags":[455,39],"class_list":["post-2341","post","type-post","status-publish","format-standard","has-post-thumbnail","hentry","category-societe","tag-droits-de-la-femme","tag-togo"],"yoast_head":"<!-- This site is optimized with the Yoast SEO plugin v26.4 - https:\/\/yoast.com\/wordpress\/plugins\/seo\/ -->\n<title>Victoire Tom\u00e9gah-Dogb\u00e9\u00a0: \u00ab\u00a0Il est de notre responsabilit\u00e9 collective de garantir aux femmes un avenir o\u00f9 leurs droits ne sont plus \u00e0 n\u00e9gocier\u00a0\u00bb - La Voix de la Nation<\/title>\n<meta name=\"robots\" content=\"index, follow, max-snippet:-1, max-image-preview:large, max-video-preview:-1\" \/>\n<link rel=\"canonical\" href=\"https:\/\/lavoixdelanation.tg\/index.php\/2025\/03\/08\/victoire-tomegah-dogbe-il-est-de-notre-responsabilite-collective-de-garantir-aux-femmes-un-avenir-ou-leurs-droits-ne-sont-plus-a-negocier\/\" \/>\n<meta property=\"og:locale\" content=\"fr_FR\" \/>\n<meta property=\"og:type\" content=\"article\" \/>\n<meta property=\"og:title\" content=\"Victoire Tom\u00e9gah-Dogb\u00e9\u00a0: \u00ab\u00a0Il est de notre responsabilit\u00e9 collective de garantir aux femmes un avenir o\u00f9 leurs droits ne sont plus \u00e0 n\u00e9gocier\u00a0\u00bb - La Voix de la Nation\" \/>\n<meta property=\"og:description\" content=\"\u00ab&nbsp;Il est de notre responsabilit\u00e9 collective de garantir aux femmes un avenir o\u00f9 leurs droits ne sont plus \u00e0 n\u00e9gocier, mais pleinement respect\u00e9s et prot\u00e9g\u00e9s&nbsp;\u00bb, a indiqu\u00e9 le Premier ministre&hellip;\" \/>\n<meta property=\"og:url\" content=\"https:\/\/lavoixdelanation.tg\/index.php\/2025\/03\/08\/victoire-tomegah-dogbe-il-est-de-notre-responsabilite-collective-de-garantir-aux-femmes-un-avenir-ou-leurs-droits-ne-sont-plus-a-negocier\/\" \/>\n<meta property=\"og:site_name\" content=\"La Voix de la Nation\" \/>\n<meta property=\"article:publisher\" content=\"https:\/\/www.facebook.com\/lavoixdelanation\" \/>\n<meta property=\"article:published_time\" content=\"2025-03-08T21:33:00+00:00\" \/>\n<meta property=\"article:modified_time\" content=\"2025-03-09T11:42:33+00:00\" \/>\n<meta property=\"og:image\" content=\"https:\/\/lavoixdelanation.tg\/wp-content\/uploads\/2025\/03\/Mme-Victoire-Tomegah-Dogbe.png\" \/>\n\t<meta property=\"og:image:width\" content=\"650\" \/>\n\t<meta property=\"og:image:height\" content=\"416\" \/>\n\t<meta property=\"og:image:type\" content=\"image\/png\" \/>\n<meta name=\"author\" content=\"La voix de la nation\" \/>\n<meta name=\"twitter:card\" content=\"summary_large_image\" \/>\n<meta name=\"twitter:label1\" content=\"\u00c9crit par\" \/>\n\t<meta name=\"twitter:data1\" content=\"La voix de la nation\" \/>\n\t<meta name=\"twitter:label2\" content=\"Dur\u00e9e de lecture estim\u00e9e\" \/>\n\t<meta name=\"twitter:data2\" content=\"2 minutes\" \/>\n<script type=\"application\/ld+json\" class=\"yoast-schema-graph\">{\"@context\":\"https:\/\/schema.org\",\"@graph\":[{\"@type\":\"Article\",\"@id\":\"https:\/\/lavoixdelanation.tg\/index.php\/2025\/03\/08\/victoire-tomegah-dogbe-il-est-de-notre-responsabilite-collective-de-garantir-aux-femmes-un-avenir-ou-leurs-droits-ne-sont-plus-a-negocier\/#article\",\"isPartOf\":{\"@id\":\"https:\/\/lavoixdelanation.tg\/index.php\/2025\/03\/08\/victoire-tomegah-dogbe-il-est-de-notre-responsabilite-collective-de-garantir-aux-femmes-un-avenir-ou-leurs-droits-ne-sont-plus-a-negocier\/\"},\"author\":{\"name\":\"La voix de la nation\",\"@id\":\"https:\/\/lavoixdelanation.tg\/#\/schema\/person\/6c489293aa38053673a9e554acb6e224\"},\"headline\":\"Victoire Tom\u00e9gah-Dogb\u00e9\u00a0: \u00ab\u00a0Il est de notre responsabilit\u00e9 collective de garantir aux femmes un avenir o\u00f9 leurs droits ne sont plus \u00e0 n\u00e9gocier\u00a0\u00bb\",\"datePublished\":\"2025-03-08T21:33:00+00:00\",\"dateModified\":\"2025-03-09T11:42:33+00:00\",\"mainEntityOfPage\":{\"@id\":\"https:\/\/lavoixdelanation.tg\/index.php\/2025\/03\/08\/victoire-tomegah-dogbe-il-est-de-notre-responsabilite-collective-de-garantir-aux-femmes-un-avenir-ou-leurs-droits-ne-sont-plus-a-negocier\/\"},\"wordCount\":279,\"commentCount\":0,\"publisher\":{\"@id\":\"https:\/\/lavoixdelanation.tg\/#organization\"},\"image\":{\"@id\":\"https:\/\/lavoixdelanation.tg\/index.php\/2025\/03\/08\/victoire-tomegah-dogbe-il-est-de-notre-responsabilite-collective-de-garantir-aux-femmes-un-avenir-ou-leurs-droits-ne-sont-plus-a-negocier\/#primaryimage\"},\"thumbnailUrl\":\"https:\/\/lavoixdelanation.tg\/wp-content\/uploads\/2025\/03\/Mme-Victoire-Tomegah-Dogbe.png\",\"keywords\":[\"Droits de la femme\",\"Togo\"],\"articleSection\":[\"Soci\u00e9t\u00e9\"],\"inLanguage\":\"fr-FR\",\"potentialAction\":[{\"@type\":\"CommentAction\",\"name\":\"Comment\",\"target\":[\"https:\/\/lavoixdelanation.tg\/index.php\/2025\/03\/08\/victoire-tomegah-dogbe-il-est-de-notre-responsabilite-collective-de-garantir-aux-femmes-un-avenir-ou-leurs-droits-ne-sont-plus-a-negocier\/#respond\"]}]},{\"@type\":\"WebPage\",\"@id\":\"https:\/\/lavoixdelanation.tg\/index.php\/2025\/03\/08\/victoire-tomegah-dogbe-il-est-de-notre-responsabilite-collective-de-garantir-aux-femmes-un-avenir-ou-leurs-droits-ne-sont-plus-a-negocier\/\",\"url\":\"https:\/\/lavoixdelanation.tg\/index.php\/2025\/03\/08\/victoire-tomegah-dogbe-il-est-de-notre-responsabilite-collective-de-garantir-aux-femmes-un-avenir-ou-leurs-droits-ne-sont-plus-a-negocier\/\",\"name\":\"Victoire Tom\u00e9gah-Dogb\u00e9\u00a0: \u00ab\u00a0Il est de notre responsabilit\u00e9 collective de garantir aux femmes un avenir o\u00f9 leurs droits ne sont plus \u00e0 n\u00e9gocier\u00a0\u00bb - La Voix de la Nation\",\"isPartOf\":{\"@id\":\"https:\/\/lavoixdelanation.tg\/#website\"},\"primaryImageOfPage\":{\"@id\":\"https:\/\/lavoixdelanation.tg\/index.php\/2025\/03\/08\/victoire-tomegah-dogbe-il-est-de-notre-responsabilite-collective-de-garantir-aux-femmes-un-avenir-ou-leurs-droits-ne-sont-plus-a-negocier\/#primaryimage\"},\"image\":{\"@id\":\"https:\/\/lavoixdelanation.tg\/index.php\/2025\/03\/08\/victoire-tomegah-dogbe-il-est-de-notre-responsabilite-collective-de-garantir-aux-femmes-un-avenir-ou-leurs-droits-ne-sont-plus-a-negocier\/#primaryimage\"},\"thumbnailUrl\":\"https:\/\/lavoixdelanation.tg\/wp-content\/uploads\/2025\/03\/Mme-Victoire-Tomegah-Dogbe.png\",\"datePublished\":\"2025-03-08T21:33:00+00:00\",\"dateModified\":\"2025-03-09T11:42:33+00:00\",\"breadcrumb\":{\"@id\":\"https:\/\/lavoixdelanation.tg\/index.php\/2025\/03\/08\/victoire-tomegah-dogbe-il-est-de-notre-responsabilite-collective-de-garantir-aux-femmes-un-avenir-ou-leurs-droits-ne-sont-plus-a-negocier\/#breadcrumb\"},\"inLanguage\":\"fr-FR\",\"potentialAction\":[{\"@type\":\"ReadAction\",\"target\":[\"https:\/\/lavoixdelanation.tg\/index.php\/2025\/03\/08\/victoire-tomegah-dogbe-il-est-de-notre-responsabilite-collective-de-garantir-aux-femmes-un-avenir-ou-leurs-droits-ne-sont-plus-a-negocier\/\"]}]},{\"@type\":\"ImageObject\",\"inLanguage\":\"fr-FR\",\"@id\":\"https:\/\/lavoixdelanation.tg\/index.php\/2025\/03\/08\/victoire-tomegah-dogbe-il-est-de-notre-responsabilite-collective-de-garantir-aux-femmes-un-avenir-ou-leurs-droits-ne-sont-plus-a-negocier\/#primaryimage\",\"url\":\"https:\/\/lavoixdelanation.tg\/wp-content\/uploads\/2025\/03\/Mme-Victoire-Tomegah-Dogbe.png\",\"contentUrl\":\"https:\/\/lavoixdelanation.tg\/wp-content\/uploads\/2025\/03\/Mme-Victoire-Tomegah-Dogbe.png\",\"width\":650,\"height\":416,\"caption\":\"Mme Victoire Tom\u00e9gah-Dogb\u00e9\"},{\"@type\":\"BreadcrumbList\",\"@id\":\"https:\/\/lavoixdelanation.tg\/index.php\/2025\/03\/08\/victoire-tomegah-dogbe-il-est-de-notre-responsabilite-collective-de-garantir-aux-femmes-un-avenir-ou-leurs-droits-ne-sont-plus-a-negocier\/#breadcrumb\",\"itemListElement\":[{\"@type\":\"ListItem\",\"position\":1,\"name\":\"Accueil\",\"item\":\"https:\/\/lavoixdelanation.tg\/\"},{\"@type\":\"ListItem\",\"position\":2,\"name\":\"Victoire Tom\u00e9gah-Dogb\u00e9\u00a0: \u00ab\u00a0Il est de notre responsabilit\u00e9 collective de garantir aux femmes un avenir o\u00f9 leurs droits ne sont plus \u00e0 n\u00e9gocier\u00a0\u00bb\"}]},{\"@type\":\"WebSite\",\"@id\":\"https:\/\/lavoixdelanation.tg\/#website\",\"url\":\"https:\/\/lavoixdelanation.tg\/\",\"name\":\"La Voix de la Nation\",\"description\":\"R\u00e9c\u00e9piss\u00e9 n\u00b00108\/HAAC\/01-2024\/pl\/P\",\"publisher\":{\"@id\":\"https:\/\/lavoixdelanation.tg\/#organization\"},\"alternateName\":\"VON\",\"potentialAction\":[{\"@type\":\"SearchAction\",\"target\":{\"@type\":\"EntryPoint\",\"urlTemplate\":\"https:\/\/lavoixdelanation.tg\/?s={search_term_string}\"},\"query-input\":{\"@type\":\"PropertyValueSpecification\",\"valueRequired\":true,\"valueName\":\"search_term_string\"}}],\"inLanguage\":\"fr-FR\"},{\"@type\":\"Organization\",\"@id\":\"https:\/\/lavoixdelanation.tg\/#organization\",\"name\":\"La Voix de la Nation\",\"url\":\"https:\/\/lavoixdelanation.tg\/\",\"logo\":{\"@type\":\"ImageObject\",\"inLanguage\":\"fr-FR\",\"@id\":\"https:\/\/lavoixdelanation.tg\/#\/schema\/logo\/image\/\",\"url\":\"https:\/\/lavoixdelanation.tg\/wp-content\/uploads\/2024\/12\/lavn-1.png\",\"contentUrl\":\"https:\/\/lavoixdelanation.tg\/wp-content\/uploads\/2024\/12\/lavn-1.png\",\"width\":1024,\"height\":464,\"caption\":\"La Voix de la Nation\"},\"image\":{\"@id\":\"https:\/\/lavoixdelanation.tg\/#\/schema\/logo\/image\/\"},\"sameAs\":[\"https:\/\/www.facebook.com\/lavoixdelanation\"]},{\"@type\":\"Person\",\"@id\":\"https:\/\/lavoixdelanation.tg\/#\/schema\/person\/6c489293aa38053673a9e554acb6e224\",\"name\":\"La voix de la nation\",\"image\":{\"@type\":\"ImageObject\",\"inLanguage\":\"fr-FR\",\"@id\":\"https:\/\/lavoixdelanation.tg\/#\/schema\/person\/image\/\",\"url\":\"https:\/\/secure.gravatar.com\/avatar\/8aa135d4bbc794494cecaa8d483f6d6cc1023624868deaff686baed5e727a5a1?s=96&d=mm&r=g\",\"contentUrl\":\"https:\/\/secure.gravatar.com\/avatar\/8aa135d4bbc794494cecaa8d483f6d6cc1023624868deaff686baed5e727a5a1?s=96&d=mm&r=g\",\"caption\":\"La voix de la nation\"},\"sameAs\":[\"https:\/\/lavoixdelanation.tg\"],\"url\":\"https:\/\/lavoixdelanation.tg\/index.php\/author\/lavn\/\"}]}<\/script>\n<!-- \/ Yoast SEO plugin. -->","yoast_head_json":{"title":"Victoire Tom\u00e9gah-Dogb\u00e9\u00a0: \u00ab\u00a0Il est de notre responsabilit\u00e9 collective de garantir aux femmes un avenir o\u00f9 leurs droits ne sont plus \u00e0 n\u00e9gocier\u00a0\u00bb - La Voix de la Nation","robots":{"index":"index","follow":"follow","max-snippet":"max-snippet:-1","max-image-preview":"max-image-preview:large","max-video-preview":"max-video-preview:-1"},"canonical":"https:\/\/lavoixdelanation.tg\/index.php\/2025\/03\/08\/victoire-tomegah-dogbe-il-est-de-notre-responsabilite-collective-de-garantir-aux-femmes-un-avenir-ou-leurs-droits-ne-sont-plus-a-negocier\/","og_locale":"fr_FR","og_type":"article","og_title":"Victoire Tom\u00e9gah-Dogb\u00e9\u00a0: \u00ab\u00a0Il est de notre responsabilit\u00e9 collective de garantir aux femmes un avenir o\u00f9 leurs droits ne sont plus \u00e0 n\u00e9gocier\u00a0\u00bb - La Voix de la Nation","og_description":"\u00ab&nbsp;Il est de notre responsabilit\u00e9 collective de garantir aux femmes un avenir o\u00f9 leurs droits ne sont plus \u00e0 n\u00e9gocier, mais pleinement respect\u00e9s et prot\u00e9g\u00e9s&nbsp;\u00bb, a indiqu\u00e9 le Premier ministre&hellip;","og_url":"https:\/\/lavoixdelanation.tg\/index.php\/2025\/03\/08\/victoire-tomegah-dogbe-il-est-de-notre-responsabilite-collective-de-garantir-aux-femmes-un-avenir-ou-leurs-droits-ne-sont-plus-a-negocier\/","og_site_name":"La Voix de la Nation","article_publisher":"https:\/\/www.facebook.com\/lavoixdelanation","article_published_time":"2025-03-08T21:33:00+00:00","article_modified_time":"2025-03-09T11:42:33+00:00","og_image":[{"width":650,"height":416,"url":"https:\/\/lavoixdelanation.tg\/wp-content\/uploads\/2025\/03\/Mme-Victoire-Tomegah-Dogbe.png","type":"image\/png"}],"author":"La voix de la nation","twitter_card":"summary_large_image","twitter_misc":{"\u00c9crit par":"La voix de la nation","Dur\u00e9e de lecture estim\u00e9e":"2 minutes"},"schema":{"@context":"https:\/\/schema.org","@graph":[{"@type":"Article","@id":"https:\/\/lavoixdelanation.tg\/index.php\/2025\/03\/08\/victoire-tomegah-dogbe-il-est-de-notre-responsabilite-collective-de-garantir-aux-femmes-un-avenir-ou-leurs-droits-ne-sont-plus-a-negocier\/#article","isPartOf":{"@id":"https:\/\/lavoixdelanation.tg\/index.php\/2025\/03\/08\/victoire-tomegah-dogbe-il-est-de-notre-responsabilite-collective-de-garantir-aux-femmes-un-avenir-ou-leurs-droits-ne-sont-plus-a-negocier\/"},"author":{"name":"La voix de la nation","@id":"https:\/\/lavoixdelanation.tg\/#\/schema\/person\/6c489293aa38053673a9e554acb6e224"},"headline":"Victoire Tom\u00e9gah-Dogb\u00e9\u00a0: \u00ab\u00a0Il est de notre responsabilit\u00e9 collective de garantir aux femmes un avenir o\u00f9 leurs droits ne sont plus \u00e0 n\u00e9gocier\u00a0\u00bb","datePublished":"2025-03-08T21:33:00+00:00","dateModified":"2025-03-09T11:42:33+00:00","mainEntityOfPage":{"@id":"https:\/\/lavoixdelanation.tg\/index.php\/2025\/03\/08\/victoire-tomegah-dogbe-il-est-de-notre-responsabilite-collective-de-garantir-aux-femmes-un-avenir-ou-leurs-droits-ne-sont-plus-a-negocier\/"},"wordCount":279,"commentCount":0,"publisher":{"@id":"https:\/\/lavoixdelanation.tg\/#organization"},"image":{"@id":"https:\/\/lavoixdelanation.tg\/index.php\/2025\/03\/08\/victoire-tomegah-dogbe-il-est-de-notre-responsabilite-collective-de-garantir-aux-femmes-un-avenir-ou-leurs-droits-ne-sont-plus-a-negocier\/#primaryimage"},"thumbnailUrl":"https:\/\/lavoixdelanation.tg\/wp-content\/uploads\/2025\/03\/Mme-Victoire-Tomegah-Dogbe.png","keywords":["Droits de la femme","Togo"],"articleSection":["Soci\u00e9t\u00e9"],"inLanguage":"fr-FR","potentialAction":[{"@type":"CommentAction","name":"Comment","target":["https:\/\/lavoixdelanation.tg\/index.php\/2025\/03\/08\/victoire-tomegah-dogbe-il-est-de-notre-responsabilite-collective-de-garantir-aux-femmes-un-avenir-ou-leurs-droits-ne-sont-plus-a-negocier\/#respond"]}]},{"@type":"WebPage","@id":"https:\/\/lavoixdelanation.tg\/index.php\/2025\/03\/08\/victoire-tomegah-dogbe-il-est-de-notre-responsabilite-collective-de-garantir-aux-femmes-un-avenir-ou-leurs-droits-ne-sont-plus-a-negocier\/","url":"https:\/\/lavoixdelanation.tg\/index.php\/2025\/03\/08\/victoire-tomegah-dogbe-il-est-de-notre-responsabilite-collective-de-garantir-aux-femmes-un-avenir-ou-leurs-droits-ne-sont-plus-a-negocier\/","name":"Victoire Tom\u00e9gah-Dogb\u00e9\u00a0: \u00ab\u00a0Il est de notre responsabilit\u00e9 collective de garantir aux femmes un avenir o\u00f9 leurs droits ne sont plus \u00e0 n\u00e9gocier\u00a0\u00bb - La Voix de la Nation","isPartOf":{"@id":"https:\/\/lavoixdelanation.tg\/#website"},"primaryImageOfPage":{"@id":"https:\/\/lavoixdelanation.tg\/index.php\/2025\/03\/08\/victoire-tomegah-dogbe-il-est-de-notre-responsabilite-collective-de-garantir-aux-femmes-un-avenir-ou-leurs-droits-ne-sont-plus-a-negocier\/#primaryimage"},"image":{"@id":"https:\/\/lavoixdelanation.tg\/index.php\/2025\/03\/08\/victoire-tomegah-dogbe-il-est-de-notre-responsabilite-collective-de-garantir-aux-femmes-un-avenir-ou-leurs-droits-ne-sont-plus-a-negocier\/#primaryimage"},"thumbnailUrl":"https:\/\/lavoixdelanation.tg\/wp-content\/uploads\/2025\/03\/Mme-Victoire-Tomegah-Dogbe.png","datePublished":"2025-03-08T21:33:00+00:00","dateModified":"2025-03-09T11:42:33+00:00","breadcrumb":{"@id":"https:\/\/lavoixdelanation.tg\/index.php\/2025\/03\/08\/victoire-tomegah-dogbe-il-est-de-notre-responsabilite-collective-de-garantir-aux-femmes-un-avenir-ou-leurs-droits-ne-sont-plus-a-negocier\/#breadcrumb"},"inLanguage":"fr-FR","potentialAction":[{"@type":"ReadAction","target":["https:\/\/lavoixdelanation.tg\/index.php\/2025\/03\/08\/victoire-tomegah-dogbe-il-est-de-notre-responsabilite-collective-de-garantir-aux-femmes-un-avenir-ou-leurs-droits-ne-sont-plus-a-negocier\/"]}]},{"@type":"ImageObject","inLanguage":"fr-FR","@id":"https:\/\/lavoixdelanation.tg\/index.php\/2025\/03\/08\/victoire-tomegah-dogbe-il-est-de-notre-responsabilite-collective-de-garantir-aux-femmes-un-avenir-ou-leurs-droits-ne-sont-plus-a-negocier\/#primaryimage","url":"https:\/\/lavoixdelanation.tg\/wp-content\/uploads\/2025\/03\/Mme-Victoire-Tomegah-Dogbe.png","contentUrl":"https:\/\/lavoixdelanation.tg\/wp-content\/uploads\/2025\/03\/Mme-Victoire-Tomegah-Dogbe.png","width":650,"height":416,"caption":"Mme Victoire Tom\u00e9gah-Dogb\u00e9"},{"@type":"BreadcrumbList","@id":"https:\/\/lavoixdelanation.tg\/index.php\/2025\/03\/08\/victoire-tomegah-dogbe-il-est-de-notre-responsabilite-collective-de-garantir-aux-femmes-un-avenir-ou-leurs-droits-ne-sont-plus-a-negocier\/#breadcrumb","itemListElement":[{"@type":"ListItem","position":1,"name":"Accueil","item":"https:\/\/lavoixdelanation.tg\/"},{"@type":"ListItem","position":2,"name":"Victoire Tom\u00e9gah-Dogb\u00e9\u00a0: \u00ab\u00a0Il est de notre responsabilit\u00e9 collective de garantir aux femmes un avenir o\u00f9 leurs droits ne sont plus \u00e0 n\u00e9gocier\u00a0\u00bb"}]},{"@type":"WebSite","@id":"https:\/\/lavoixdelanation.tg\/#website","url":"https:\/\/lavoixdelanation.tg\/","name":"La Voix de la Nation","description":"R\u00e9c\u00e9piss\u00e9 n\u00b00108\/HAAC\/01-2024\/pl\/P","publisher":{"@id":"https:\/\/lavoixdelanation.tg\/#organization"},"alternateName":"VON","potentialAction":[{"@type":"SearchAction","target":{"@type":"EntryPoint","urlTemplate":"https:\/\/lavoixdelanation.tg\/?s={search_term_string}"},"query-input":{"@type":"PropertyValueSpecification","valueRequired":true,"valueName":"search_term_string"}}],"inLanguage":"fr-FR"},{"@type":"Organization","@id":"https:\/\/lavoixdelanation.tg\/#organization","name":"La Voix de la Nation","url":"https:\/\/lavoixdelanation.tg\/","logo":{"@type":"ImageObject","inLanguage":"fr-FR","@id":"https:\/\/lavoixdelanation.tg\/#\/schema\/logo\/image\/","url":"https:\/\/lavoixdelanation.tg\/wp-content\/uploads\/2024\/12\/lavn-1.png","contentUrl":"https:\/\/lavoixdelanation.tg\/wp-content\/uploads\/2024\/12\/lavn-1.png","width":1024,"height":464,"caption":"La Voix de la Nation"},"image":{"@id":"https:\/\/lavoixdelanation.tg\/#\/schema\/logo\/image\/"},"sameAs":["https:\/\/www.facebook.com\/lavoixdelanation"]},{"@type":"Person","@id":"https:\/\/lavoixdelanation.tg\/#\/schema\/person\/6c489293aa38053673a9e554acb6e224","name":"La voix de la nation","image":{"@type":"ImageObject","inLanguage":"fr-FR","@id":"https:\/\/lavoixdelanation.tg\/#\/schema\/person\/image\/","url":"https:\/\/secure.gravatar.com\/avatar\/8aa135d4bbc794494cecaa8d483f6d6cc1023624868deaff686baed5e727a5a1?s=96&d=mm&r=g","contentUrl":"https:\/\/secure.gravatar.com\/avatar\/8aa135d4bbc794494cecaa8d483f6d6cc1023624868deaff686baed5e727a5a1?s=96&d=mm&r=g","caption":"La voix de la nation"},"sameAs":["https:\/\/lavoixdelanation.tg"],"url":"https:\/\/lavoixdelanation.tg\/index.php\/author\/lavn\/"}]}},"_links":{"self":[{"href":"https:\/\/lavoixdelanation.tg\/index.php\/wp-json\/wp\/v2\/posts\/2341","targetHints":{"allow":["GET"]}}],"collection":[{"href":"https:\/\/lavoixdelanation.tg\/index.php\/wp-json\/wp\/v2\/posts"}],"about":[{"href":"https:\/\/lavoixdelanation.tg\/index.php\/wp-json\/wp\/v2\/types\/post"}],"author":[{"embeddable":true,"href":"https:\/\/lavoixdelanation.tg\/index.php\/wp-json\/wp\/v2\/users\/1"}],"replies":[{"embeddable":true,"href":"https:\/\/lavoixdelanation.tg\/index.php\/wp-json\/wp\/v2\/comments?post=2341"}],"version-history":[{"count":1,"href":"https:\/\/lavoixdelanation.tg\/index.php\/wp-json\/wp\/v2\/posts\/2341\/revisions"}],"predecessor-version":[{"id":2343,"href":"https:\/\/lavoixdelanation.tg\/index.php\/wp-json\/wp\/v2\/posts\/2341\/revisions\/2343"}],"wp:featuredmedia":[{"embeddable":true,"href":"https:\/\/lavoixdelanation.tg\/index.php\/wp-json\/wp\/v2\/media\/2342"}],"wp:attachment":[{"href":"https:\/\/lavoixdelanation.tg\/index.php\/wp-json\/wp\/v2\/media?parent=2341"}],"wp:term":[{"taxonomy":"category","embeddable":true,"href":"https:\/\/lavoixdelanation.tg\/index.php\/wp-json\/wp\/v2\/categories?post=2341"},{"taxonomy":"post_tag","embeddable":true,"href":"https:\/\/lavoixdelanation.tg\/index.php\/wp-json\/wp\/v2\/tags?post=2341"}],"curies":[{"name":"wp","href":"https:\/\/api.w.org\/{rel}","templated":true}]}}