{"id":2306,"date":"2025-03-05T17:36:15","date_gmt":"2025-03-05T16:36:15","guid":{"rendered":"https:\/\/lavoixdelanation.tg\/?p=2306"},"modified":"2025-03-05T17:36:16","modified_gmt":"2025-03-05T16:36:16","slug":"eliminatoires-coupe-du-monde-2026-le-togo-face-a-la-mauritanie-et-au-senegal-les-22-et-25-mars-prochains","status":"publish","type":"post","link":"https:\/\/lavoixdelanation.tg\/index.php\/2025\/03\/05\/eliminatoires-coupe-du-monde-2026-le-togo-face-a-la-mauritanie-et-au-senegal-les-22-et-25-mars-prochains\/","title":{"rendered":"Eliminatoires\u00a0Coupe du monde 2026 : Le Togo face \u00e0 la Mauritanie et au S\u00e9n\u00e9gal les 22 et 25 mars prochains"},"content":{"rendered":"\n<p><strong>Dans le cadre des \u00e9liminatoires de la Coupe du monde de la FIFA 2026, deux matchs sont au programme des Eperviers du Togo en ce mois de mars.<\/strong><\/p>\n\n\n\n<p>Les poulains du s\u00e9lectionneur Nibomb\u00e9 Dar\u00e9 seront face aux Mourabitounes de la Mauritanie le 22 mars au stade de K\u00e9gu\u00e9 \u00e0 Lom\u00e9 \u00e0 partir de 16h GMT.<\/p>\n\n\n\n<p>Ils se rendront ensuite le 25 mars au stade Abdoulaye Wade de Diamniadio pour affronter les Lions de la Teranga \u00e0 partir de 21h GMT pour le compte de la 6\u00e8 journ\u00e9e de ses \u00e9liminatoires.<\/p>\n\n\n\n<p>Il faut souligner que le Togo est actuellement 4\u00e8me de son groupe de qualifications avec 3 points. Le classement est domin\u00e9 par le Soudan domine avec 10 points, suivi du S\u00e9n\u00e9gal avec 8 points, et de la RD Congo 3\u00e8 avec 7 points. Les 5\u00e8me et 6<sup>\u00e8me<\/sup> plac\u00e9s sont occup\u00e9es par le Soudan du Sud et la Mauritanie avec respectivement 2 et 1 points.<\/p>\n\n\n\n<p><strong>La R\u00e9daction<\/strong><\/p>\n","protected":false},"excerpt":{"rendered":"<p>Dans le cadre des \u00e9liminatoires de la Coupe du monde de la FIFA 2026, deux matchs sont au programme des Eperviers du Togo en ce mois de mars. Les poulains&hellip; <\/p>\n","protected":false},"author":1,"featured_media":2307,"comment_status":"open","ping_status":"open","sticky":false,"template":"","format":"standard","meta":{"footnotes":""},"categories":[11],"tags":[439,438,440,441,39],"class_list":["post-2306","post","type-post","status-publish","format-standard","has-post-thumbnail","hentry","category-sports","tag-coupe-du-monde","tag-eliminatoires","tag-eperviers-du-togo","tag-football","tag-togo"],"yoast_head":"<!-- This site is optimized with the Yoast SEO plugin v26.4 - https:\/\/yoast.com\/wordpress\/plugins\/seo\/ -->\n<title>Eliminatoires\u00a0Coupe du monde 2026 : Le Togo face \u00e0 la Mauritanie et au S\u00e9n\u00e9gal les 22 et 25 mars prochains - La Voix de la Nation<\/title>\n<meta name=\"robots\" content=\"index, follow, max-snippet:-1, max-image-preview:large, max-video-preview:-1\" \/>\n<link rel=\"canonical\" href=\"https:\/\/lavoixdelanation.tg\/index.php\/2025\/03\/05\/eliminatoires-coupe-du-monde-2026-le-togo-face-a-la-mauritanie-et-au-senegal-les-22-et-25-mars-prochains\/\" \/>\n<meta property=\"og:locale\" content=\"fr_FR\" \/>\n<meta property=\"og:type\" content=\"article\" \/>\n<meta property=\"og:title\" content=\"Eliminatoires\u00a0Coupe du monde 2026 : Le Togo face \u00e0 la Mauritanie et au S\u00e9n\u00e9gal les 22 et 25 mars prochains - La Voix de la Nation\" \/>\n<meta property=\"og:description\" content=\"Dans le cadre des \u00e9liminatoires de la Coupe du monde de la FIFA 2026, deux matchs sont au programme des Eperviers du Togo en ce mois de mars. Les poulains&hellip;\" \/>\n<meta property=\"og:url\" content=\"https:\/\/lavoixdelanation.tg\/index.php\/2025\/03\/05\/eliminatoires-coupe-du-monde-2026-le-togo-face-a-la-mauritanie-et-au-senegal-les-22-et-25-mars-prochains\/\" \/>\n<meta property=\"og:site_name\" content=\"La Voix de la Nation\" \/>\n<meta property=\"article:publisher\" content=\"https:\/\/www.facebook.com\/lavoixdelanation\" \/>\n<meta property=\"article:published_time\" content=\"2025-03-05T16:36:15+00:00\" \/>\n<meta property=\"article:modified_time\" content=\"2025-03-05T16:36:16+00:00\" \/>\n<meta property=\"og:image\" content=\"https:\/\/lavoixdelanation.tg\/wp-content\/uploads\/2025\/03\/Eperviers-du-Togo.jpg\" \/>\n\t<meta property=\"og:image:width\" content=\"2560\" \/>\n\t<meta property=\"og:image:height\" content=\"1696\" \/>\n\t<meta property=\"og:image:type\" content=\"image\/jpeg\" \/>\n<meta name=\"author\" content=\"La voix de la nation\" \/>\n<meta name=\"twitter:card\" content=\"summary_large_image\" \/>\n<meta name=\"twitter:label1\" content=\"\u00c9crit par\" \/>\n\t<meta name=\"twitter:data1\" content=\"La voix de la nation\" \/>\n\t<meta name=\"twitter:label2\" content=\"Dur\u00e9e de lecture estim\u00e9e\" \/>\n\t<meta name=\"twitter:data2\" content=\"2 minutes\" \/>\n<script type=\"application\/ld+json\" class=\"yoast-schema-graph\">{\"@context\":\"https:\/\/schema.org\",\"@graph\":[{\"@type\":\"Article\",\"@id\":\"https:\/\/lavoixdelanation.tg\/index.php\/2025\/03\/05\/eliminatoires-coupe-du-monde-2026-le-togo-face-a-la-mauritanie-et-au-senegal-les-22-et-25-mars-prochains\/#article\",\"isPartOf\":{\"@id\":\"https:\/\/lavoixdelanation.tg\/index.php\/2025\/03\/05\/eliminatoires-coupe-du-monde-2026-le-togo-face-a-la-mauritanie-et-au-senegal-les-22-et-25-mars-prochains\/\"},\"author\":{\"name\":\"La voix de la nation\",\"@id\":\"https:\/\/lavoixdelanation.tg\/#\/schema\/person\/6c489293aa38053673a9e554acb6e224\"},\"headline\":\"Eliminatoires\u00a0Coupe du monde 2026 : Le Togo face \u00e0 la Mauritanie et au S\u00e9n\u00e9gal les 22 et 25 mars prochains\",\"datePublished\":\"2025-03-05T16:36:15+00:00\",\"dateModified\":\"2025-03-05T16:36:16+00:00\",\"mainEntityOfPage\":{\"@id\":\"https:\/\/lavoixdelanation.tg\/index.php\/2025\/03\/05\/eliminatoires-coupe-du-monde-2026-le-togo-face-a-la-mauritanie-et-au-senegal-les-22-et-25-mars-prochains\/\"},\"wordCount\":168,\"commentCount\":0,\"publisher\":{\"@id\":\"https:\/\/lavoixdelanation.tg\/#organization\"},\"image\":{\"@id\":\"https:\/\/lavoixdelanation.tg\/index.php\/2025\/03\/05\/eliminatoires-coupe-du-monde-2026-le-togo-face-a-la-mauritanie-et-au-senegal-les-22-et-25-mars-prochains\/#primaryimage\"},\"thumbnailUrl\":\"https:\/\/lavoixdelanation.tg\/wp-content\/uploads\/2025\/03\/Eperviers-du-Togo.jpg\",\"keywords\":[\"Coupe du monde\",\"Eliminatoires\",\"Eperviers du Togo\",\"Football\",\"Togo\"],\"articleSection\":[\"Sports\"],\"inLanguage\":\"fr-FR\",\"potentialAction\":[{\"@type\":\"CommentAction\",\"name\":\"Comment\",\"target\":[\"https:\/\/lavoixdelanation.tg\/index.php\/2025\/03\/05\/eliminatoires-coupe-du-monde-2026-le-togo-face-a-la-mauritanie-et-au-senegal-les-22-et-25-mars-prochains\/#respond\"]}]},{\"@type\":\"WebPage\",\"@id\":\"https:\/\/lavoixdelanation.tg\/index.php\/2025\/03\/05\/eliminatoires-coupe-du-monde-2026-le-togo-face-a-la-mauritanie-et-au-senegal-les-22-et-25-mars-prochains\/\",\"url\":\"https:\/\/lavoixdelanation.tg\/index.php\/2025\/03\/05\/eliminatoires-coupe-du-monde-2026-le-togo-face-a-la-mauritanie-et-au-senegal-les-22-et-25-mars-prochains\/\",\"name\":\"Eliminatoires\u00a0Coupe du monde 2026 : Le Togo face \u00e0 la Mauritanie et au S\u00e9n\u00e9gal les 22 et 25 mars prochains - La Voix de la Nation\",\"isPartOf\":{\"@id\":\"https:\/\/lavoixdelanation.tg\/#website\"},\"primaryImageOfPage\":{\"@id\":\"https:\/\/lavoixdelanation.tg\/index.php\/2025\/03\/05\/eliminatoires-coupe-du-monde-2026-le-togo-face-a-la-mauritanie-et-au-senegal-les-22-et-25-mars-prochains\/#primaryimage\"},\"image\":{\"@id\":\"https:\/\/lavoixdelanation.tg\/index.php\/2025\/03\/05\/eliminatoires-coupe-du-monde-2026-le-togo-face-a-la-mauritanie-et-au-senegal-les-22-et-25-mars-prochains\/#primaryimage\"},\"thumbnailUrl\":\"https:\/\/lavoixdelanation.tg\/wp-content\/uploads\/2025\/03\/Eperviers-du-Togo.jpg\",\"datePublished\":\"2025-03-05T16:36:15+00:00\",\"dateModified\":\"2025-03-05T16:36:16+00:00\",\"breadcrumb\":{\"@id\":\"https:\/\/lavoixdelanation.tg\/index.php\/2025\/03\/05\/eliminatoires-coupe-du-monde-2026-le-togo-face-a-la-mauritanie-et-au-senegal-les-22-et-25-mars-prochains\/#breadcrumb\"},\"inLanguage\":\"fr-FR\",\"potentialAction\":[{\"@type\":\"ReadAction\",\"target\":[\"https:\/\/lavoixdelanation.tg\/index.php\/2025\/03\/05\/eliminatoires-coupe-du-monde-2026-le-togo-face-a-la-mauritanie-et-au-senegal-les-22-et-25-mars-prochains\/\"]}]},{\"@type\":\"ImageObject\",\"inLanguage\":\"fr-FR\",\"@id\":\"https:\/\/lavoixdelanation.tg\/index.php\/2025\/03\/05\/eliminatoires-coupe-du-monde-2026-le-togo-face-a-la-mauritanie-et-au-senegal-les-22-et-25-mars-prochains\/#primaryimage\",\"url\":\"https:\/\/lavoixdelanation.tg\/wp-content\/uploads\/2025\/03\/Eperviers-du-Togo.jpg\",\"contentUrl\":\"https:\/\/lavoixdelanation.tg\/wp-content\/uploads\/2025\/03\/Eperviers-du-Togo.jpg\",\"width\":2560,\"height\":1696},{\"@type\":\"BreadcrumbList\",\"@id\":\"https:\/\/lavoixdelanation.tg\/index.php\/2025\/03\/05\/eliminatoires-coupe-du-monde-2026-le-togo-face-a-la-mauritanie-et-au-senegal-les-22-et-25-mars-prochains\/#breadcrumb\",\"itemListElement\":[{\"@type\":\"ListItem\",\"position\":1,\"name\":\"Accueil\",\"item\":\"https:\/\/lavoixdelanation.tg\/\"},{\"@type\":\"ListItem\",\"position\":2,\"name\":\"Eliminatoires\u00a0Coupe du monde 2026 : Le Togo face \u00e0 la Mauritanie et au S\u00e9n\u00e9gal les 22 et 25 mars prochains\"}]},{\"@type\":\"WebSite\",\"@id\":\"https:\/\/lavoixdelanation.tg\/#website\",\"url\":\"https:\/\/lavoixdelanation.tg\/\",\"name\":\"La Voix de la Nation\",\"description\":\"R\u00e9c\u00e9piss\u00e9 n\u00b00108\/HAAC\/01-2024\/pl\/P\",\"publisher\":{\"@id\":\"https:\/\/lavoixdelanation.tg\/#organization\"},\"alternateName\":\"VON\",\"potentialAction\":[{\"@type\":\"SearchAction\",\"target\":{\"@type\":\"EntryPoint\",\"urlTemplate\":\"https:\/\/lavoixdelanation.tg\/?s={search_term_string}\"},\"query-input\":{\"@type\":\"PropertyValueSpecification\",\"valueRequired\":true,\"valueName\":\"search_term_string\"}}],\"inLanguage\":\"fr-FR\"},{\"@type\":\"Organization\",\"@id\":\"https:\/\/lavoixdelanation.tg\/#organization\",\"name\":\"La Voix de la Nation\",\"url\":\"https:\/\/lavoixdelanation.tg\/\",\"logo\":{\"@type\":\"ImageObject\",\"inLanguage\":\"fr-FR\",\"@id\":\"https:\/\/lavoixdelanation.tg\/#\/schema\/logo\/image\/\",\"url\":\"https:\/\/lavoixdelanation.tg\/wp-content\/uploads\/2024\/12\/lavn-1.png\",\"contentUrl\":\"https:\/\/lavoixdelanation.tg\/wp-content\/uploads\/2024\/12\/lavn-1.png\",\"width\":1024,\"height\":464,\"caption\":\"La Voix de la Nation\"},\"image\":{\"@id\":\"https:\/\/lavoixdelanation.tg\/#\/schema\/logo\/image\/\"},\"sameAs\":[\"https:\/\/www.facebook.com\/lavoixdelanation\"]},{\"@type\":\"Person\",\"@id\":\"https:\/\/lavoixdelanation.tg\/#\/schema\/person\/6c489293aa38053673a9e554acb6e224\",\"name\":\"La voix de la nation\",\"image\":{\"@type\":\"ImageObject\",\"inLanguage\":\"fr-FR\",\"@id\":\"https:\/\/lavoixdelanation.tg\/#\/schema\/person\/image\/\",\"url\":\"https:\/\/secure.gravatar.com\/avatar\/8aa135d4bbc794494cecaa8d483f6d6cc1023624868deaff686baed5e727a5a1?s=96&d=mm&r=g\",\"contentUrl\":\"https:\/\/secure.gravatar.com\/avatar\/8aa135d4bbc794494cecaa8d483f6d6cc1023624868deaff686baed5e727a5a1?s=96&d=mm&r=g\",\"caption\":\"La voix de la nation\"},\"sameAs\":[\"https:\/\/lavoixdelanation.tg\"],\"url\":\"https:\/\/lavoixdelanation.tg\/index.php\/author\/lavn\/\"}]}<\/script>\n<!-- \/ Yoast SEO plugin. -->","yoast_head_json":{"title":"Eliminatoires\u00a0Coupe du monde 2026 : Le Togo face \u00e0 la Mauritanie et au S\u00e9n\u00e9gal les 22 et 25 mars prochains - La Voix de la Nation","robots":{"index":"index","follow":"follow","max-snippet":"max-snippet:-1","max-image-preview":"max-image-preview:large","max-video-preview":"max-video-preview:-1"},"canonical":"https:\/\/lavoixdelanation.tg\/index.php\/2025\/03\/05\/eliminatoires-coupe-du-monde-2026-le-togo-face-a-la-mauritanie-et-au-senegal-les-22-et-25-mars-prochains\/","og_locale":"fr_FR","og_type":"article","og_title":"Eliminatoires\u00a0Coupe du monde 2026 : Le Togo face \u00e0 la Mauritanie et au S\u00e9n\u00e9gal les 22 et 25 mars prochains - La Voix de la Nation","og_description":"Dans le cadre des \u00e9liminatoires de la Coupe du monde de la FIFA 2026, deux matchs sont au programme des Eperviers du Togo en ce mois de mars. Les poulains&hellip;","og_url":"https:\/\/lavoixdelanation.tg\/index.php\/2025\/03\/05\/eliminatoires-coupe-du-monde-2026-le-togo-face-a-la-mauritanie-et-au-senegal-les-22-et-25-mars-prochains\/","og_site_name":"La Voix de la Nation","article_publisher":"https:\/\/www.facebook.com\/lavoixdelanation","article_published_time":"2025-03-05T16:36:15+00:00","article_modified_time":"2025-03-05T16:36:16+00:00","og_image":[{"width":2560,"height":1696,"url":"https:\/\/lavoixdelanation.tg\/wp-content\/uploads\/2025\/03\/Eperviers-du-Togo.jpg","type":"image\/jpeg"}],"author":"La voix de la nation","twitter_card":"summary_large_image","twitter_misc":{"\u00c9crit par":"La voix de la nation","Dur\u00e9e de lecture estim\u00e9e":"2 minutes"},"schema":{"@context":"https:\/\/schema.org","@graph":[{"@type":"Article","@id":"https:\/\/lavoixdelanation.tg\/index.php\/2025\/03\/05\/eliminatoires-coupe-du-monde-2026-le-togo-face-a-la-mauritanie-et-au-senegal-les-22-et-25-mars-prochains\/#article","isPartOf":{"@id":"https:\/\/lavoixdelanation.tg\/index.php\/2025\/03\/05\/eliminatoires-coupe-du-monde-2026-le-togo-face-a-la-mauritanie-et-au-senegal-les-22-et-25-mars-prochains\/"},"author":{"name":"La voix de la nation","@id":"https:\/\/lavoixdelanation.tg\/#\/schema\/person\/6c489293aa38053673a9e554acb6e224"},"headline":"Eliminatoires\u00a0Coupe du monde 2026 : Le Togo face \u00e0 la Mauritanie et au S\u00e9n\u00e9gal les 22 et 25 mars prochains","datePublished":"2025-03-05T16:36:15+00:00","dateModified":"2025-03-05T16:36:16+00:00","mainEntityOfPage":{"@id":"https:\/\/lavoixdelanation.tg\/index.php\/2025\/03\/05\/eliminatoires-coupe-du-monde-2026-le-togo-face-a-la-mauritanie-et-au-senegal-les-22-et-25-mars-prochains\/"},"wordCount":168,"commentCount":0,"publisher":{"@id":"https:\/\/lavoixdelanation.tg\/#organization"},"image":{"@id":"https:\/\/lavoixdelanation.tg\/index.php\/2025\/03\/05\/eliminatoires-coupe-du-monde-2026-le-togo-face-a-la-mauritanie-et-au-senegal-les-22-et-25-mars-prochains\/#primaryimage"},"thumbnailUrl":"https:\/\/lavoixdelanation.tg\/wp-content\/uploads\/2025\/03\/Eperviers-du-Togo.jpg","keywords":["Coupe du monde","Eliminatoires","Eperviers du Togo","Football","Togo"],"articleSection":["Sports"],"inLanguage":"fr-FR","potentialAction":[{"@type":"CommentAction","name":"Comment","target":["https:\/\/lavoixdelanation.tg\/index.php\/2025\/03\/05\/eliminatoires-coupe-du-monde-2026-le-togo-face-a-la-mauritanie-et-au-senegal-les-22-et-25-mars-prochains\/#respond"]}]},{"@type":"WebPage","@id":"https:\/\/lavoixdelanation.tg\/index.php\/2025\/03\/05\/eliminatoires-coupe-du-monde-2026-le-togo-face-a-la-mauritanie-et-au-senegal-les-22-et-25-mars-prochains\/","url":"https:\/\/lavoixdelanation.tg\/index.php\/2025\/03\/05\/eliminatoires-coupe-du-monde-2026-le-togo-face-a-la-mauritanie-et-au-senegal-les-22-et-25-mars-prochains\/","name":"Eliminatoires\u00a0Coupe du monde 2026 : Le Togo face \u00e0 la Mauritanie et au S\u00e9n\u00e9gal les 22 et 25 mars prochains - La Voix de la Nation","isPartOf":{"@id":"https:\/\/lavoixdelanation.tg\/#website"},"primaryImageOfPage":{"@id":"https:\/\/lavoixdelanation.tg\/index.php\/2025\/03\/05\/eliminatoires-coupe-du-monde-2026-le-togo-face-a-la-mauritanie-et-au-senegal-les-22-et-25-mars-prochains\/#primaryimage"},"image":{"@id":"https:\/\/lavoixdelanation.tg\/index.php\/2025\/03\/05\/eliminatoires-coupe-du-monde-2026-le-togo-face-a-la-mauritanie-et-au-senegal-les-22-et-25-mars-prochains\/#primaryimage"},"thumbnailUrl":"https:\/\/lavoixdelanation.tg\/wp-content\/uploads\/2025\/03\/Eperviers-du-Togo.jpg","datePublished":"2025-03-05T16:36:15+00:00","dateModified":"2025-03-05T16:36:16+00:00","breadcrumb":{"@id":"https:\/\/lavoixdelanation.tg\/index.php\/2025\/03\/05\/eliminatoires-coupe-du-monde-2026-le-togo-face-a-la-mauritanie-et-au-senegal-les-22-et-25-mars-prochains\/#breadcrumb"},"inLanguage":"fr-FR","potentialAction":[{"@type":"ReadAction","target":["https:\/\/lavoixdelanation.tg\/index.php\/2025\/03\/05\/eliminatoires-coupe-du-monde-2026-le-togo-face-a-la-mauritanie-et-au-senegal-les-22-et-25-mars-prochains\/"]}]},{"@type":"ImageObject","inLanguage":"fr-FR","@id":"https:\/\/lavoixdelanation.tg\/index.php\/2025\/03\/05\/eliminatoires-coupe-du-monde-2026-le-togo-face-a-la-mauritanie-et-au-senegal-les-22-et-25-mars-prochains\/#primaryimage","url":"https:\/\/lavoixdelanation.tg\/wp-content\/uploads\/2025\/03\/Eperviers-du-Togo.jpg","contentUrl":"https:\/\/lavoixdelanation.tg\/wp-content\/uploads\/2025\/03\/Eperviers-du-Togo.jpg","width":2560,"height":1696},{"@type":"BreadcrumbList","@id":"https:\/\/lavoixdelanation.tg\/index.php\/2025\/03\/05\/eliminatoires-coupe-du-monde-2026-le-togo-face-a-la-mauritanie-et-au-senegal-les-22-et-25-mars-prochains\/#breadcrumb","itemListElement":[{"@type":"ListItem","position":1,"name":"Accueil","item":"https:\/\/lavoixdelanation.tg\/"},{"@type":"ListItem","position":2,"name":"Eliminatoires\u00a0Coupe du monde 2026 : Le Togo face \u00e0 la Mauritanie et au S\u00e9n\u00e9gal les 22 et 25 mars prochains"}]},{"@type":"WebSite","@id":"https:\/\/lavoixdelanation.tg\/#website","url":"https:\/\/lavoixdelanation.tg\/","name":"La Voix de la Nation","description":"R\u00e9c\u00e9piss\u00e9 n\u00b00108\/HAAC\/01-2024\/pl\/P","publisher":{"@id":"https:\/\/lavoixdelanation.tg\/#organization"},"alternateName":"VON","potentialAction":[{"@type":"SearchAction","target":{"@type":"EntryPoint","urlTemplate":"https:\/\/lavoixdelanation.tg\/?s={search_term_string}"},"query-input":{"@type":"PropertyValueSpecification","valueRequired":true,"valueName":"search_term_string"}}],"inLanguage":"fr-FR"},{"@type":"Organization","@id":"https:\/\/lavoixdelanation.tg\/#organization","name":"La Voix de la Nation","url":"https:\/\/lavoixdelanation.tg\/","logo":{"@type":"ImageObject","inLanguage":"fr-FR","@id":"https:\/\/lavoixdelanation.tg\/#\/schema\/logo\/image\/","url":"https:\/\/lavoixdelanation.tg\/wp-content\/uploads\/2024\/12\/lavn-1.png","contentUrl":"https:\/\/lavoixdelanation.tg\/wp-content\/uploads\/2024\/12\/lavn-1.png","width":1024,"height":464,"caption":"La Voix de la Nation"},"image":{"@id":"https:\/\/lavoixdelanation.tg\/#\/schema\/logo\/image\/"},"sameAs":["https:\/\/www.facebook.com\/lavoixdelanation"]},{"@type":"Person","@id":"https:\/\/lavoixdelanation.tg\/#\/schema\/person\/6c489293aa38053673a9e554acb6e224","name":"La voix de la nation","image":{"@type":"ImageObject","inLanguage":"fr-FR","@id":"https:\/\/lavoixdelanation.tg\/#\/schema\/person\/image\/","url":"https:\/\/secure.gravatar.com\/avatar\/8aa135d4bbc794494cecaa8d483f6d6cc1023624868deaff686baed5e727a5a1?s=96&d=mm&r=g","contentUrl":"https:\/\/secure.gravatar.com\/avatar\/8aa135d4bbc794494cecaa8d483f6d6cc1023624868deaff686baed5e727a5a1?s=96&d=mm&r=g","caption":"La voix de la nation"},"sameAs":["https:\/\/lavoixdelanation.tg"],"url":"https:\/\/lavoixdelanation.tg\/index.php\/author\/lavn\/"}]}},"_links":{"self":[{"href":"https:\/\/lavoixdelanation.tg\/index.php\/wp-json\/wp\/v2\/posts\/2306","targetHints":{"allow":["GET"]}}],"collection":[{"href":"https:\/\/lavoixdelanation.tg\/index.php\/wp-json\/wp\/v2\/posts"}],"about":[{"href":"https:\/\/lavoixdelanation.tg\/index.php\/wp-json\/wp\/v2\/types\/post"}],"author":[{"embeddable":true,"href":"https:\/\/lavoixdelanation.tg\/index.php\/wp-json\/wp\/v2\/users\/1"}],"replies":[{"embeddable":true,"href":"https:\/\/lavoixdelanation.tg\/index.php\/wp-json\/wp\/v2\/comments?post=2306"}],"version-history":[{"count":1,"href":"https:\/\/lavoixdelanation.tg\/index.php\/wp-json\/wp\/v2\/posts\/2306\/revisions"}],"predecessor-version":[{"id":2308,"href":"https:\/\/lavoixdelanation.tg\/index.php\/wp-json\/wp\/v2\/posts\/2306\/revisions\/2308"}],"wp:featuredmedia":[{"embeddable":true,"href":"https:\/\/lavoixdelanation.tg\/index.php\/wp-json\/wp\/v2\/media\/2307"}],"wp:attachment":[{"href":"https:\/\/lavoixdelanation.tg\/index.php\/wp-json\/wp\/v2\/media?parent=2306"}],"wp:term":[{"taxonomy":"category","embeddable":true,"href":"https:\/\/lavoixdelanation.tg\/index.php\/wp-json\/wp\/v2\/categories?post=2306"},{"taxonomy":"post_tag","embeddable":true,"href":"https:\/\/lavoixdelanation.tg\/index.php\/wp-json\/wp\/v2\/tags?post=2306"}],"curies":[{"name":"wp","href":"https:\/\/api.w.org\/{rel}","templated":true}]}}