{"id":2213,"date":"2025-02-19T05:23:00","date_gmt":"2025-02-19T04:23:00","guid":{"rendered":"https:\/\/lavoixdelanation.tg\/?p=2213"},"modified":"2025-02-20T09:29:12","modified_gmt":"2025-02-20T08:29:12","slug":"vers-un-renforcement-des-liens-de-cooperation-entre-le-togo-et-laustralie","status":"publish","type":"post","link":"https:\/\/lavoixdelanation.tg\/index.php\/2025\/02\/19\/vers-un-renforcement-des-liens-de-cooperation-entre-le-togo-et-laustralie\/","title":{"rendered":"Vers un renforcement des liens de coop\u00e9ration entre le Togo et l\u2019Australie"},"content":{"rendered":"\n<p><strong>La Haut-commissaire de l\u2019Australie aupr\u00e8s du Togo avec r\u00e9sidence \u00e0 Accra, Mme B\u00e9r\u00e9nice Owen-Jones a \u00e9t\u00e9 re\u00e7ue en audience le mardi 18 f\u00e9vrier 2025 \u00e0 la Primature par le Premier ministre Victoire Tom\u00e9gah-Dogb\u00e9.<\/strong><\/p>\n\n\n\n<p>Au menu des \u00e9changes entre les deux personnalit\u00e9s, le renforcement des liens de coop\u00e9ration entre l\u2019Australie et le Togo. Mme le Premier ministre, Mme Owen-Jones a indiqu\u00e9 avoir \u00e9voqu\u00e9 avec la cheffe du gouvernement, les excellentes relations d\u2019amiti\u00e9 et de coop\u00e9ration qu\u2019entretiennent l\u2019Australie et le Togo.<\/p>\n\n\n\n<p>Elle a \u00e0 cet effet \u00e9voqu\u00e9 le bon \u00e9tat des liens d\u2019amiti\u00e9 qui unissent les deux pays et qu\u2019il faut renforcer, mais aussi du programme d\u2019aide au d\u00e9veloppement au profit du Togo.<\/p>\n\n\n\n<p>\u00ab&nbsp;Nous avons \u00e9voqu\u00e9 la possibilit\u00e9 d\u2019une plus grande coop\u00e9ration dans le domaine agricole par exemple, l\u2019autonomisation des femmes. Nous avons aussi parl\u00e9 de la situation s\u00e9curitaire dans la sous-r\u00e9gion et \u00e0 cet \u00e9gard, je tiens \u00e0 reconna\u00eetre le r\u00f4le important du Togo en tant que b\u00e2tisseur de paix&nbsp;\u00bb, a indiqu\u00e9 Mme B\u00e9r\u00e9nice Owen-Jones.<\/p>\n\n\n\n<p>\u00ab&nbsp;Le Togo est un pays stable qui joue un r\u00f4le important sur la sc\u00e8ne internationale, mais aussi, bien-s\u00fbr, dans la sous-r\u00e9gion. Nous sommes engag\u00e9s \u00e0 travailler plus \u00e9troitement avec le gouvernement togolais dans tous ces domaines. Je suis ravie du fait que Mme le Premier ministre partage l\u2019ambition de faire plus avec l\u2019Australie, malgr\u00e9 la distance entre les deux pays&nbsp;\u00bb, a-t-elle confi\u00e9.<\/p>\n\n\n\n<p><strong>Cris DADA<\/strong><\/p>\n","protected":false},"excerpt":{"rendered":"<p>La Haut-commissaire de l\u2019Australie aupr\u00e8s du Togo avec r\u00e9sidence \u00e0 Accra, Mme B\u00e9r\u00e9nice Owen-Jones a \u00e9t\u00e9 re\u00e7ue en audience le mardi 18 f\u00e9vrier 2025 \u00e0 la Primature par le Premier&hellip; <\/p>\n","protected":false},"author":1,"featured_media":2214,"comment_status":"open","ping_status":"open","sticky":false,"template":"","format":"standard","meta":{"footnotes":""},"categories":[12],"tags":[408,409,92,39,356],"class_list":["post-2213","post","type-post","status-publish","format-standard","has-post-thumbnail","hentry","category-diplomatie","tag-australie","tag-berenice-owen-jones","tag-cooperation","tag-togo","tag-victoire-tomegah-dogbe"],"yoast_head":"<!-- This site is optimized with the Yoast SEO plugin v26.4 - https:\/\/yoast.com\/wordpress\/plugins\/seo\/ -->\n<title>Vers un renforcement des liens de coop\u00e9ration entre le Togo et l\u2019Australie - La Voix de la Nation<\/title>\n<meta name=\"robots\" content=\"index, follow, max-snippet:-1, max-image-preview:large, max-video-preview:-1\" \/>\n<link rel=\"canonical\" href=\"https:\/\/lavoixdelanation.tg\/index.php\/2025\/02\/19\/vers-un-renforcement-des-liens-de-cooperation-entre-le-togo-et-laustralie\/\" \/>\n<meta property=\"og:locale\" content=\"fr_FR\" \/>\n<meta property=\"og:type\" content=\"article\" \/>\n<meta property=\"og:title\" content=\"Vers un renforcement des liens de coop\u00e9ration entre le Togo et l\u2019Australie - La Voix de la Nation\" \/>\n<meta property=\"og:description\" content=\"La Haut-commissaire de l\u2019Australie aupr\u00e8s du Togo avec r\u00e9sidence \u00e0 Accra, Mme B\u00e9r\u00e9nice Owen-Jones a \u00e9t\u00e9 re\u00e7ue en audience le mardi 18 f\u00e9vrier 2025 \u00e0 la Primature par le Premier&hellip;\" \/>\n<meta property=\"og:url\" content=\"https:\/\/lavoixdelanation.tg\/index.php\/2025\/02\/19\/vers-un-renforcement-des-liens-de-cooperation-entre-le-togo-et-laustralie\/\" \/>\n<meta property=\"og:site_name\" content=\"La Voix de la Nation\" \/>\n<meta property=\"article:publisher\" content=\"https:\/\/www.facebook.com\/lavoixdelanation\" \/>\n<meta property=\"article:published_time\" content=\"2025-02-19T04:23:00+00:00\" \/>\n<meta property=\"article:modified_time\" content=\"2025-02-20T08:29:12+00:00\" \/>\n<meta property=\"og:image\" content=\"https:\/\/lavoixdelanation.tg\/wp-content\/uploads\/2025\/02\/Berenice-Owen-Jones-et-Victoire-Tomegah-Dogbe.jpeg\" \/>\n\t<meta property=\"og:image:width\" content=\"809\" \/>\n\t<meta property=\"og:image:height\" content=\"476\" \/>\n\t<meta property=\"og:image:type\" content=\"image\/jpeg\" \/>\n<meta name=\"author\" content=\"La voix de la nation\" \/>\n<meta name=\"twitter:card\" content=\"summary_large_image\" \/>\n<meta name=\"twitter:label1\" content=\"\u00c9crit par\" \/>\n\t<meta name=\"twitter:data1\" content=\"La voix de la nation\" \/>\n\t<meta name=\"twitter:label2\" content=\"Dur\u00e9e de lecture estim\u00e9e\" \/>\n\t<meta name=\"twitter:data2\" content=\"2 minutes\" \/>\n<script type=\"application\/ld+json\" class=\"yoast-schema-graph\">{\"@context\":\"https:\/\/schema.org\",\"@graph\":[{\"@type\":\"Article\",\"@id\":\"https:\/\/lavoixdelanation.tg\/index.php\/2025\/02\/19\/vers-un-renforcement-des-liens-de-cooperation-entre-le-togo-et-laustralie\/#article\",\"isPartOf\":{\"@id\":\"https:\/\/lavoixdelanation.tg\/index.php\/2025\/02\/19\/vers-un-renforcement-des-liens-de-cooperation-entre-le-togo-et-laustralie\/\"},\"author\":{\"name\":\"La voix de la nation\",\"@id\":\"https:\/\/lavoixdelanation.tg\/#\/schema\/person\/6c489293aa38053673a9e554acb6e224\"},\"headline\":\"Vers un renforcement des liens de coop\u00e9ration entre le Togo et l\u2019Australie\",\"datePublished\":\"2025-02-19T04:23:00+00:00\",\"dateModified\":\"2025-02-20T08:29:12+00:00\",\"mainEntityOfPage\":{\"@id\":\"https:\/\/lavoixdelanation.tg\/index.php\/2025\/02\/19\/vers-un-renforcement-des-liens-de-cooperation-entre-le-togo-et-laustralie\/\"},\"wordCount\":274,\"commentCount\":0,\"publisher\":{\"@id\":\"https:\/\/lavoixdelanation.tg\/#organization\"},\"image\":{\"@id\":\"https:\/\/lavoixdelanation.tg\/index.php\/2025\/02\/19\/vers-un-renforcement-des-liens-de-cooperation-entre-le-togo-et-laustralie\/#primaryimage\"},\"thumbnailUrl\":\"https:\/\/lavoixdelanation.tg\/wp-content\/uploads\/2025\/02\/Berenice-Owen-Jones-et-Victoire-Tomegah-Dogbe.jpeg\",\"keywords\":[\"Australie\",\"B\u00e9r\u00e9nice Owen-Jones\",\"Coop\u00e9ration\",\"Togo\",\"Victoire Tom\u00e9gah-Dogb\u00e9\"],\"articleSection\":[\"Diplomatie\"],\"inLanguage\":\"fr-FR\",\"potentialAction\":[{\"@type\":\"CommentAction\",\"name\":\"Comment\",\"target\":[\"https:\/\/lavoixdelanation.tg\/index.php\/2025\/02\/19\/vers-un-renforcement-des-liens-de-cooperation-entre-le-togo-et-laustralie\/#respond\"]}]},{\"@type\":\"WebPage\",\"@id\":\"https:\/\/lavoixdelanation.tg\/index.php\/2025\/02\/19\/vers-un-renforcement-des-liens-de-cooperation-entre-le-togo-et-laustralie\/\",\"url\":\"https:\/\/lavoixdelanation.tg\/index.php\/2025\/02\/19\/vers-un-renforcement-des-liens-de-cooperation-entre-le-togo-et-laustralie\/\",\"name\":\"Vers un renforcement des liens de coop\u00e9ration entre le Togo et l\u2019Australie - La Voix de la Nation\",\"isPartOf\":{\"@id\":\"https:\/\/lavoixdelanation.tg\/#website\"},\"primaryImageOfPage\":{\"@id\":\"https:\/\/lavoixdelanation.tg\/index.php\/2025\/02\/19\/vers-un-renforcement-des-liens-de-cooperation-entre-le-togo-et-laustralie\/#primaryimage\"},\"image\":{\"@id\":\"https:\/\/lavoixdelanation.tg\/index.php\/2025\/02\/19\/vers-un-renforcement-des-liens-de-cooperation-entre-le-togo-et-laustralie\/#primaryimage\"},\"thumbnailUrl\":\"https:\/\/lavoixdelanation.tg\/wp-content\/uploads\/2025\/02\/Berenice-Owen-Jones-et-Victoire-Tomegah-Dogbe.jpeg\",\"datePublished\":\"2025-02-19T04:23:00+00:00\",\"dateModified\":\"2025-02-20T08:29:12+00:00\",\"breadcrumb\":{\"@id\":\"https:\/\/lavoixdelanation.tg\/index.php\/2025\/02\/19\/vers-un-renforcement-des-liens-de-cooperation-entre-le-togo-et-laustralie\/#breadcrumb\"},\"inLanguage\":\"fr-FR\",\"potentialAction\":[{\"@type\":\"ReadAction\",\"target\":[\"https:\/\/lavoixdelanation.tg\/index.php\/2025\/02\/19\/vers-un-renforcement-des-liens-de-cooperation-entre-le-togo-et-laustralie\/\"]}]},{\"@type\":\"ImageObject\",\"inLanguage\":\"fr-FR\",\"@id\":\"https:\/\/lavoixdelanation.tg\/index.php\/2025\/02\/19\/vers-un-renforcement-des-liens-de-cooperation-entre-le-togo-et-laustralie\/#primaryimage\",\"url\":\"https:\/\/lavoixdelanation.tg\/wp-content\/uploads\/2025\/02\/Berenice-Owen-Jones-et-Victoire-Tomegah-Dogbe.jpeg\",\"contentUrl\":\"https:\/\/lavoixdelanation.tg\/wp-content\/uploads\/2025\/02\/Berenice-Owen-Jones-et-Victoire-Tomegah-Dogbe.jpeg\",\"width\":809,\"height\":476,\"caption\":\"B\u00e9r\u00e9nice Owen-Jones et Victoire Tom\u00e9gah-Dogb\u00e9\"},{\"@type\":\"BreadcrumbList\",\"@id\":\"https:\/\/lavoixdelanation.tg\/index.php\/2025\/02\/19\/vers-un-renforcement-des-liens-de-cooperation-entre-le-togo-et-laustralie\/#breadcrumb\",\"itemListElement\":[{\"@type\":\"ListItem\",\"position\":1,\"name\":\"Accueil\",\"item\":\"https:\/\/lavoixdelanation.tg\/\"},{\"@type\":\"ListItem\",\"position\":2,\"name\":\"Vers un renforcement des liens de coop\u00e9ration entre le Togo et l\u2019Australie\"}]},{\"@type\":\"WebSite\",\"@id\":\"https:\/\/lavoixdelanation.tg\/#website\",\"url\":\"https:\/\/lavoixdelanation.tg\/\",\"name\":\"La Voix de la Nation\",\"description\":\"R\u00e9c\u00e9piss\u00e9 n\u00b00108\/HAAC\/01-2024\/pl\/P\",\"publisher\":{\"@id\":\"https:\/\/lavoixdelanation.tg\/#organization\"},\"alternateName\":\"VON\",\"potentialAction\":[{\"@type\":\"SearchAction\",\"target\":{\"@type\":\"EntryPoint\",\"urlTemplate\":\"https:\/\/lavoixdelanation.tg\/?s={search_term_string}\"},\"query-input\":{\"@type\":\"PropertyValueSpecification\",\"valueRequired\":true,\"valueName\":\"search_term_string\"}}],\"inLanguage\":\"fr-FR\"},{\"@type\":\"Organization\",\"@id\":\"https:\/\/lavoixdelanation.tg\/#organization\",\"name\":\"La Voix de la Nation\",\"url\":\"https:\/\/lavoixdelanation.tg\/\",\"logo\":{\"@type\":\"ImageObject\",\"inLanguage\":\"fr-FR\",\"@id\":\"https:\/\/lavoixdelanation.tg\/#\/schema\/logo\/image\/\",\"url\":\"https:\/\/lavoixdelanation.tg\/wp-content\/uploads\/2024\/12\/lavn-1.png\",\"contentUrl\":\"https:\/\/lavoixdelanation.tg\/wp-content\/uploads\/2024\/12\/lavn-1.png\",\"width\":1024,\"height\":464,\"caption\":\"La Voix de la Nation\"},\"image\":{\"@id\":\"https:\/\/lavoixdelanation.tg\/#\/schema\/logo\/image\/\"},\"sameAs\":[\"https:\/\/www.facebook.com\/lavoixdelanation\"]},{\"@type\":\"Person\",\"@id\":\"https:\/\/lavoixdelanation.tg\/#\/schema\/person\/6c489293aa38053673a9e554acb6e224\",\"name\":\"La voix de la nation\",\"image\":{\"@type\":\"ImageObject\",\"inLanguage\":\"fr-FR\",\"@id\":\"https:\/\/lavoixdelanation.tg\/#\/schema\/person\/image\/\",\"url\":\"https:\/\/secure.gravatar.com\/avatar\/8aa135d4bbc794494cecaa8d483f6d6cc1023624868deaff686baed5e727a5a1?s=96&d=mm&r=g\",\"contentUrl\":\"https:\/\/secure.gravatar.com\/avatar\/8aa135d4bbc794494cecaa8d483f6d6cc1023624868deaff686baed5e727a5a1?s=96&d=mm&r=g\",\"caption\":\"La voix de la nation\"},\"sameAs\":[\"https:\/\/lavoixdelanation.tg\"],\"url\":\"https:\/\/lavoixdelanation.tg\/index.php\/author\/lavn\/\"}]}<\/script>\n<!-- \/ Yoast SEO plugin. -->","yoast_head_json":{"title":"Vers un renforcement des liens de coop\u00e9ration entre le Togo et l\u2019Australie - La Voix de la Nation","robots":{"index":"index","follow":"follow","max-snippet":"max-snippet:-1","max-image-preview":"max-image-preview:large","max-video-preview":"max-video-preview:-1"},"canonical":"https:\/\/lavoixdelanation.tg\/index.php\/2025\/02\/19\/vers-un-renforcement-des-liens-de-cooperation-entre-le-togo-et-laustralie\/","og_locale":"fr_FR","og_type":"article","og_title":"Vers un renforcement des liens de coop\u00e9ration entre le Togo et l\u2019Australie - La Voix de la Nation","og_description":"La Haut-commissaire de l\u2019Australie aupr\u00e8s du Togo avec r\u00e9sidence \u00e0 Accra, Mme B\u00e9r\u00e9nice Owen-Jones a \u00e9t\u00e9 re\u00e7ue en audience le mardi 18 f\u00e9vrier 2025 \u00e0 la Primature par le Premier&hellip;","og_url":"https:\/\/lavoixdelanation.tg\/index.php\/2025\/02\/19\/vers-un-renforcement-des-liens-de-cooperation-entre-le-togo-et-laustralie\/","og_site_name":"La Voix de la Nation","article_publisher":"https:\/\/www.facebook.com\/lavoixdelanation","article_published_time":"2025-02-19T04:23:00+00:00","article_modified_time":"2025-02-20T08:29:12+00:00","og_image":[{"width":809,"height":476,"url":"https:\/\/lavoixdelanation.tg\/wp-content\/uploads\/2025\/02\/Berenice-Owen-Jones-et-Victoire-Tomegah-Dogbe.jpeg","type":"image\/jpeg"}],"author":"La voix de la nation","twitter_card":"summary_large_image","twitter_misc":{"\u00c9crit par":"La voix de la nation","Dur\u00e9e de lecture estim\u00e9e":"2 minutes"},"schema":{"@context":"https:\/\/schema.org","@graph":[{"@type":"Article","@id":"https:\/\/lavoixdelanation.tg\/index.php\/2025\/02\/19\/vers-un-renforcement-des-liens-de-cooperation-entre-le-togo-et-laustralie\/#article","isPartOf":{"@id":"https:\/\/lavoixdelanation.tg\/index.php\/2025\/02\/19\/vers-un-renforcement-des-liens-de-cooperation-entre-le-togo-et-laustralie\/"},"author":{"name":"La voix de la nation","@id":"https:\/\/lavoixdelanation.tg\/#\/schema\/person\/6c489293aa38053673a9e554acb6e224"},"headline":"Vers un renforcement des liens de coop\u00e9ration entre le Togo et l\u2019Australie","datePublished":"2025-02-19T04:23:00+00:00","dateModified":"2025-02-20T08:29:12+00:00","mainEntityOfPage":{"@id":"https:\/\/lavoixdelanation.tg\/index.php\/2025\/02\/19\/vers-un-renforcement-des-liens-de-cooperation-entre-le-togo-et-laustralie\/"},"wordCount":274,"commentCount":0,"publisher":{"@id":"https:\/\/lavoixdelanation.tg\/#organization"},"image":{"@id":"https:\/\/lavoixdelanation.tg\/index.php\/2025\/02\/19\/vers-un-renforcement-des-liens-de-cooperation-entre-le-togo-et-laustralie\/#primaryimage"},"thumbnailUrl":"https:\/\/lavoixdelanation.tg\/wp-content\/uploads\/2025\/02\/Berenice-Owen-Jones-et-Victoire-Tomegah-Dogbe.jpeg","keywords":["Australie","B\u00e9r\u00e9nice Owen-Jones","Coop\u00e9ration","Togo","Victoire Tom\u00e9gah-Dogb\u00e9"],"articleSection":["Diplomatie"],"inLanguage":"fr-FR","potentialAction":[{"@type":"CommentAction","name":"Comment","target":["https:\/\/lavoixdelanation.tg\/index.php\/2025\/02\/19\/vers-un-renforcement-des-liens-de-cooperation-entre-le-togo-et-laustralie\/#respond"]}]},{"@type":"WebPage","@id":"https:\/\/lavoixdelanation.tg\/index.php\/2025\/02\/19\/vers-un-renforcement-des-liens-de-cooperation-entre-le-togo-et-laustralie\/","url":"https:\/\/lavoixdelanation.tg\/index.php\/2025\/02\/19\/vers-un-renforcement-des-liens-de-cooperation-entre-le-togo-et-laustralie\/","name":"Vers un renforcement des liens de coop\u00e9ration entre le Togo et l\u2019Australie - La Voix de la Nation","isPartOf":{"@id":"https:\/\/lavoixdelanation.tg\/#website"},"primaryImageOfPage":{"@id":"https:\/\/lavoixdelanation.tg\/index.php\/2025\/02\/19\/vers-un-renforcement-des-liens-de-cooperation-entre-le-togo-et-laustralie\/#primaryimage"},"image":{"@id":"https:\/\/lavoixdelanation.tg\/index.php\/2025\/02\/19\/vers-un-renforcement-des-liens-de-cooperation-entre-le-togo-et-laustralie\/#primaryimage"},"thumbnailUrl":"https:\/\/lavoixdelanation.tg\/wp-content\/uploads\/2025\/02\/Berenice-Owen-Jones-et-Victoire-Tomegah-Dogbe.jpeg","datePublished":"2025-02-19T04:23:00+00:00","dateModified":"2025-02-20T08:29:12+00:00","breadcrumb":{"@id":"https:\/\/lavoixdelanation.tg\/index.php\/2025\/02\/19\/vers-un-renforcement-des-liens-de-cooperation-entre-le-togo-et-laustralie\/#breadcrumb"},"inLanguage":"fr-FR","potentialAction":[{"@type":"ReadAction","target":["https:\/\/lavoixdelanation.tg\/index.php\/2025\/02\/19\/vers-un-renforcement-des-liens-de-cooperation-entre-le-togo-et-laustralie\/"]}]},{"@type":"ImageObject","inLanguage":"fr-FR","@id":"https:\/\/lavoixdelanation.tg\/index.php\/2025\/02\/19\/vers-un-renforcement-des-liens-de-cooperation-entre-le-togo-et-laustralie\/#primaryimage","url":"https:\/\/lavoixdelanation.tg\/wp-content\/uploads\/2025\/02\/Berenice-Owen-Jones-et-Victoire-Tomegah-Dogbe.jpeg","contentUrl":"https:\/\/lavoixdelanation.tg\/wp-content\/uploads\/2025\/02\/Berenice-Owen-Jones-et-Victoire-Tomegah-Dogbe.jpeg","width":809,"height":476,"caption":"B\u00e9r\u00e9nice Owen-Jones et Victoire Tom\u00e9gah-Dogb\u00e9"},{"@type":"BreadcrumbList","@id":"https:\/\/lavoixdelanation.tg\/index.php\/2025\/02\/19\/vers-un-renforcement-des-liens-de-cooperation-entre-le-togo-et-laustralie\/#breadcrumb","itemListElement":[{"@type":"ListItem","position":1,"name":"Accueil","item":"https:\/\/lavoixdelanation.tg\/"},{"@type":"ListItem","position":2,"name":"Vers un renforcement des liens de coop\u00e9ration entre le Togo et l\u2019Australie"}]},{"@type":"WebSite","@id":"https:\/\/lavoixdelanation.tg\/#website","url":"https:\/\/lavoixdelanation.tg\/","name":"La Voix de la Nation","description":"R\u00e9c\u00e9piss\u00e9 n\u00b00108\/HAAC\/01-2024\/pl\/P","publisher":{"@id":"https:\/\/lavoixdelanation.tg\/#organization"},"alternateName":"VON","potentialAction":[{"@type":"SearchAction","target":{"@type":"EntryPoint","urlTemplate":"https:\/\/lavoixdelanation.tg\/?s={search_term_string}"},"query-input":{"@type":"PropertyValueSpecification","valueRequired":true,"valueName":"search_term_string"}}],"inLanguage":"fr-FR"},{"@type":"Organization","@id":"https:\/\/lavoixdelanation.tg\/#organization","name":"La Voix de la Nation","url":"https:\/\/lavoixdelanation.tg\/","logo":{"@type":"ImageObject","inLanguage":"fr-FR","@id":"https:\/\/lavoixdelanation.tg\/#\/schema\/logo\/image\/","url":"https:\/\/lavoixdelanation.tg\/wp-content\/uploads\/2024\/12\/lavn-1.png","contentUrl":"https:\/\/lavoixdelanation.tg\/wp-content\/uploads\/2024\/12\/lavn-1.png","width":1024,"height":464,"caption":"La Voix de la Nation"},"image":{"@id":"https:\/\/lavoixdelanation.tg\/#\/schema\/logo\/image\/"},"sameAs":["https:\/\/www.facebook.com\/lavoixdelanation"]},{"@type":"Person","@id":"https:\/\/lavoixdelanation.tg\/#\/schema\/person\/6c489293aa38053673a9e554acb6e224","name":"La voix de la nation","image":{"@type":"ImageObject","inLanguage":"fr-FR","@id":"https:\/\/lavoixdelanation.tg\/#\/schema\/person\/image\/","url":"https:\/\/secure.gravatar.com\/avatar\/8aa135d4bbc794494cecaa8d483f6d6cc1023624868deaff686baed5e727a5a1?s=96&d=mm&r=g","contentUrl":"https:\/\/secure.gravatar.com\/avatar\/8aa135d4bbc794494cecaa8d483f6d6cc1023624868deaff686baed5e727a5a1?s=96&d=mm&r=g","caption":"La voix de la nation"},"sameAs":["https:\/\/lavoixdelanation.tg"],"url":"https:\/\/lavoixdelanation.tg\/index.php\/author\/lavn\/"}]}},"_links":{"self":[{"href":"https:\/\/lavoixdelanation.tg\/index.php\/wp-json\/wp\/v2\/posts\/2213","targetHints":{"allow":["GET"]}}],"collection":[{"href":"https:\/\/lavoixdelanation.tg\/index.php\/wp-json\/wp\/v2\/posts"}],"about":[{"href":"https:\/\/lavoixdelanation.tg\/index.php\/wp-json\/wp\/v2\/types\/post"}],"author":[{"embeddable":true,"href":"https:\/\/lavoixdelanation.tg\/index.php\/wp-json\/wp\/v2\/users\/1"}],"replies":[{"embeddable":true,"href":"https:\/\/lavoixdelanation.tg\/index.php\/wp-json\/wp\/v2\/comments?post=2213"}],"version-history":[{"count":1,"href":"https:\/\/lavoixdelanation.tg\/index.php\/wp-json\/wp\/v2\/posts\/2213\/revisions"}],"predecessor-version":[{"id":2215,"href":"https:\/\/lavoixdelanation.tg\/index.php\/wp-json\/wp\/v2\/posts\/2213\/revisions\/2215"}],"wp:featuredmedia":[{"embeddable":true,"href":"https:\/\/lavoixdelanation.tg\/index.php\/wp-json\/wp\/v2\/media\/2214"}],"wp:attachment":[{"href":"https:\/\/lavoixdelanation.tg\/index.php\/wp-json\/wp\/v2\/media?parent=2213"}],"wp:term":[{"taxonomy":"category","embeddable":true,"href":"https:\/\/lavoixdelanation.tg\/index.php\/wp-json\/wp\/v2\/categories?post=2213"},{"taxonomy":"post_tag","embeddable":true,"href":"https:\/\/lavoixdelanation.tg\/index.php\/wp-json\/wp\/v2\/tags?post=2213"}],"curies":[{"name":"wp","href":"https:\/\/api.w.org\/{rel}","templated":true}]}}