{"id":2182,"date":"2025-02-13T22:44:00","date_gmt":"2025-02-13T21:44:00","guid":{"rendered":"https:\/\/lavoixdelanation.tg\/?p=2182"},"modified":"2025-02-14T08:57:07","modified_gmt":"2025-02-14T07:57:07","slug":"togo-compte-rendu-du-conseil-des-ministres-du-13-fevrier-2025","status":"publish","type":"post","link":"https:\/\/lavoixdelanation.tg\/index.php\/2025\/02\/13\/togo-compte-rendu-du-conseil-des-ministres-du-13-fevrier-2025\/","title":{"rendered":"Togo\u00a0: Compte rendu du Conseil des ministres du 13 f\u00e9vrier 2025"},"content":{"rendered":"\n<p>Le Conseil des ministres s&rsquo;est r\u00e9uni ce jeudi 13 f\u00e9vrier 2025, sous la pr\u00e9sidence de Son Excellence Monsieur Faure Essozimna Gnassingb\u00e9, Pr\u00e9sident de la R\u00e9publique. Le Conseil des ministres a examin\u00e9 un (01) projet de loi et trois (03) d\u00e9crets, et \u00e9cout\u00e9 une (01) communication.<\/p>\n\n\n\n<p><strong>Au titre du projet de loi,<\/strong><\/p>\n\n\n\n<p>Le Conseil des ministres a examin\u00e9 et adopt\u00e9 le projet de loi portant modification de la loi n\u00b0 2012-016 du 14 d\u00e9cembre 2012, portant cr\u00e9ation de l\u2019office togolais des recettes.<\/p>\n\n\n\n<p>Dans le sillage des r\u00e9formes mises en \u0153uvre pour moderniser l\u2019administration fiscale et douani\u00e8re, en particulier pour assurer un processus transparent de collecte des recettes, il est apparu n\u00e9cessaire de proc\u00e9der \u00e0 une revue du cadre institutionnel de l\u2019office togolais des recettes.<\/p>\n\n\n\n<p>Ainsi le projet de loi adopt\u00e9 par le Conseil permet de consacrer cette \u00e9volution inspir\u00e9e des meilleures pratiques internationales, et qui tire les enseignements des r\u00e9sultats de l\u2019audit relatif \u00e0 l\u2019\u00e9valuation de la performance de l\u2019office togolais des recettes pour la p\u00e9riode 2014-2018.<\/p>\n\n\n\n<p>Le texte vise \u00e0 renforcer la gouvernance, notamment la tutelle minist\u00e9rielle, accro\u00eetre l\u2019efficacit\u00e9 du conseil d\u2019administration, et promouvoir la c\u00e9l\u00e9rit\u00e9 des proc\u00e9dures.<\/p>\n\n\n\n<p>Il permettra \u00e0 notre pays d\u2019avoir un office des recettes plus moderne, efficace et transparent, capable de relever les d\u00e9fis auxquels sont confront\u00e9es les administrations fiscales et douani\u00e8res.<\/p>\n\n\n\n<p><strong>Au titre des d\u00e9crets,<\/strong><\/p>\n\n\n\n<p>Le Conseil des ministres a examin\u00e9 et adopt\u00e9 le d\u00e9cret portant approbation des crit\u00e8res de r\u00e9partition des dotations du fonds d\u2019appui aux collectivit\u00e9s territoriales, exercice 2025, pour le compte des r\u00e9gions.<\/p>\n\n\n\n<p>L\u2019exercice, par les collectivit\u00e9s territoriales, de comp\u00e9tences transf\u00e9r\u00e9es par l\u2019\u00c9tat induit la n\u00e9cessit\u00e9 d\u2019un transfert concomitant des ressources correspondantes.<\/p>\n\n\n\n<p>Ainsi, en plus de leurs ressources propres, les collectivit\u00e9s territoriales b\u00e9n\u00e9ficient d\u2019un m\u00e9canisme national de financement d\u00e9nomm\u00e9 Fonds d\u2019appui aux collectivit\u00e9s territoriales. Les crit\u00e8res de r\u00e9partition des dotations annuelles de ce fonds sont soumis \u00e0 l\u2019approbation du Conseil des ministres.&nbsp;<\/p>\n\n\n\n<p>Pour l\u2019exercice 2025, le montant global \u00e0 r\u00e9partir par r\u00e9gion est compos\u00e9 d\u2019une dotation de base et de dotations de p\u00e9r\u00e9quation suivant les crit\u00e8res de population, de superficie et d\u2019indice de pauvret\u00e9, la dotation de performance n\u2019\u00e9tant pas applicable pour la premi\u00e8re ann\u00e9e de fonctionnement des r\u00e9gions.&nbsp;<\/p>\n\n\n\n<p>Le Conseil des ministres a examin\u00e9 en premi\u00e8re lecture le d\u00e9cret modifiant le d\u00e9cret n\u00b02013-082\/PR du 12 d\u00e9cembre 2013 portant cr\u00e9ation, attributions, organisation et fonctionnement de l\u2019agence nationale d\u2019assainissement et de salubrit\u00e9 publique.&nbsp;<\/p>\n\n\n\n<p>L\u2019agence nationale d\u2019assainissement et de salubrit\u00e9 publique est cr\u00e9\u00e9e \u00e0 l\u2019origine comme un organisme d\u2019appui-conseil, de concertation, de coordination et de contr\u00f4le.<\/p>\n\n\n\n<p>Mais, \u00e0 la pratique, l\u2019agence a \u00e9t\u00e9 sollicit\u00e9e pour des interventions de terrain visant \u00e0 juguler une situation d\u2019insalubrit\u00e9 g\u00e9n\u00e9ralis\u00e9e, en particulier \u00e0 Lom\u00e9 la capitale.&nbsp;<\/p>\n\n\n\n<p>Apr\u00e8s une dizaine d\u2019ann\u00e9es de prise en charge r\u00e9ussie de missions d\u2019ex\u00e9cution sur la base des dispositions pertinentes relatives \u00e0 la d\u00e9centralisation et au fonds d\u2019aide aux collectivit\u00e9s territoriales, il y a lieu de r\u00e9aliser une r\u00e9orientation du cadre r\u00e9glementaire de l\u2019agence nationale d\u2019assainissement et de salubrit\u00e9 publique, en arrimant son texte fondateur \u00e0 son activit\u00e9 effective.&nbsp;<\/p>\n\n\n\n<p>C\u2019est l\u2019objet de ce d\u00e9cret qui devra notamment prendre en compte les r\u00e9alit\u00e9s de l\u2019administration d\u00e9centralis\u00e9e ainsi que l\u2019existence du district autonome du Grand Lom\u00e9 pour une r\u00e9partition des attributions et des responsabilit\u00e9s de chaque intervenant dans la cha\u00eene de l\u2019assainissement et de la salubrit\u00e9, pour garantir aux populations un environnement public propre et un cadre de vie sain.&nbsp;<\/p>\n\n\n\n<p>Le Conseil des ministres a examin\u00e9 en premi\u00e8re lecture le d\u00e9cret fixant les attributions et le fonctionnement des conf\u00e9rences administratives r\u00e9gionales et pr\u00e9fectorales.<\/p>\n\n\n\n<p>La mise en \u0153uvre de la r\u00e9forme 5 de la feuille de route gouvernementale Togo 2025 intitul\u00e9e \u00ab&nbsp;d\u00e9centralisation et d\u00e9concentration de l\u2019\u00c9tat&nbsp;\u00bb exige une coordination renforc\u00e9e entre les diff\u00e9rents acteurs au niveau local, pour favoriser la synergie des strat\u00e9gies, r\u00e9flexions et actions en vue d\u2019un d\u00e9veloppement national harmonieux.&nbsp;<\/p>\n\n\n\n<p>Le d\u00e9cret fixant les attributions et le fonctionnement des conf\u00e9rences administratives r\u00e9gionale et pr\u00e9fectorale va permettre d\u2019assurer la coh\u00e9rence des politiques de d\u00e9veloppement, d\u2019optimiser l\u2019utilisation des ressources disponibles et de renforcer la transparence et l\u2019efficacit\u00e9 dans le suivi des programmes et projets \u00e9tatiques en r\u00e9ponse aux besoins sp\u00e9cifiques des populations locales.&nbsp;<\/p>\n\n\n\n<p><strong>Au titre des communications,<\/strong><\/p>\n\n\n\n<p>Le Conseil des ministres a \u00e9cout\u00e9 une communication de la ministre de l\u2019urbanisme, de l\u2019habitat et de la r\u00e9forme fonci\u00e8re, relative au projet de cr\u00e9ation de l\u2019institut g\u00e9ographique national du Togo.&nbsp;<\/p>\n\n\n\n<p>En vue d\u2019am\u00e9liorer la gestion du syst\u00e8me d\u2019information fonci\u00e8re aux niveaux national et local, le gouvernement a entrepris des mesures destin\u00e9es \u00e0 repenser l\u2019organisation institutionnelle du syst\u00e8me de cartographie nationale, afin qu\u2019il r\u00e9ponde \u00e0 l\u2019ambition de moderniser le pays et renforcer ses structures, d\u2019une part, et, d\u2019autre part, tienne compte des \u00e9volutions techniques en mati\u00e8re de traitement des informations g\u00e9ographiques.&nbsp;<\/p>\n\n\n\n<p>Au nombre de ces mesures figure la transformation de l\u2019actuelle direction g\u00e9n\u00e9rale de l\u2019information g\u00e9ographique et de la cartographie en un institut dot\u00e9 d\u2019une autonomie de gestion administrative et financi\u00e8re.<\/p>\n\n\n\n<p><strong>Fait \u00e0 Lom\u00e9, le 13 f\u00e9vrier 2025&nbsp;<\/strong><\/p>\n\n\n\n<p><strong>Le Conseil des ministres<\/strong><\/p>\n","protected":false},"excerpt":{"rendered":"<p>Le Conseil des ministres s&rsquo;est r\u00e9uni ce jeudi 13 f\u00e9vrier 2025, sous la pr\u00e9sidence de Son Excellence Monsieur Faure Essozimna Gnassingb\u00e9, Pr\u00e9sident de la R\u00e9publique. Le Conseil des ministres a&hellip; <\/p>\n","protected":false},"author":1,"featured_media":2183,"comment_status":"open","ping_status":"open","sticky":false,"template":"","format":"standard","meta":{"footnotes":""},"categories":[21],"tags":[],"class_list":["post-2182","post","type-post","status-publish","format-standard","has-post-thumbnail","hentry","category-politique"],"yoast_head":"<!-- This site is optimized with the Yoast SEO plugin v26.4 - https:\/\/yoast.com\/wordpress\/plugins\/seo\/ -->\n<title>Togo\u00a0: Compte rendu du Conseil des ministres du 13 f\u00e9vrier 2025 - La Voix de la Nation<\/title>\n<meta name=\"robots\" content=\"index, follow, max-snippet:-1, max-image-preview:large, max-video-preview:-1\" \/>\n<link rel=\"canonical\" href=\"https:\/\/lavoixdelanation.tg\/index.php\/2025\/02\/13\/togo-compte-rendu-du-conseil-des-ministres-du-13-fevrier-2025\/\" \/>\n<meta property=\"og:locale\" content=\"fr_FR\" \/>\n<meta property=\"og:type\" content=\"article\" \/>\n<meta property=\"og:title\" content=\"Togo\u00a0: Compte rendu du Conseil des ministres du 13 f\u00e9vrier 2025 - La Voix de la Nation\" \/>\n<meta property=\"og:description\" content=\"Le Conseil des ministres s&rsquo;est r\u00e9uni ce jeudi 13 f\u00e9vrier 2025, sous la pr\u00e9sidence de Son Excellence Monsieur Faure Essozimna Gnassingb\u00e9, Pr\u00e9sident de la R\u00e9publique. Le Conseil des ministres a&hellip;\" \/>\n<meta property=\"og:url\" content=\"https:\/\/lavoixdelanation.tg\/index.php\/2025\/02\/13\/togo-compte-rendu-du-conseil-des-ministres-du-13-fevrier-2025\/\" \/>\n<meta property=\"og:site_name\" content=\"La Voix de la Nation\" \/>\n<meta property=\"article:publisher\" content=\"https:\/\/www.facebook.com\/lavoixdelanation\" \/>\n<meta property=\"article:published_time\" content=\"2025-02-13T21:44:00+00:00\" \/>\n<meta property=\"article:modified_time\" content=\"2025-02-14T07:57:07+00:00\" \/>\n<meta property=\"og:image\" content=\"https:\/\/lavoixdelanation.tg\/wp-content\/uploads\/2025\/02\/Conseil.png\" \/>\n\t<meta property=\"og:image:width\" content=\"640\" \/>\n\t<meta property=\"og:image:height\" content=\"427\" \/>\n\t<meta property=\"og:image:type\" content=\"image\/png\" \/>\n<meta name=\"author\" content=\"La voix de la nation\" \/>\n<meta name=\"twitter:card\" content=\"summary_large_image\" \/>\n<meta name=\"twitter:label1\" content=\"\u00c9crit par\" \/>\n\t<meta name=\"twitter:data1\" content=\"La voix de la nation\" \/>\n\t<meta name=\"twitter:label2\" content=\"Dur\u00e9e de lecture estim\u00e9e\" \/>\n\t<meta name=\"twitter:data2\" content=\"5 minutes\" \/>\n<script type=\"application\/ld+json\" class=\"yoast-schema-graph\">{\"@context\":\"https:\/\/schema.org\",\"@graph\":[{\"@type\":\"Article\",\"@id\":\"https:\/\/lavoixdelanation.tg\/index.php\/2025\/02\/13\/togo-compte-rendu-du-conseil-des-ministres-du-13-fevrier-2025\/#article\",\"isPartOf\":{\"@id\":\"https:\/\/lavoixdelanation.tg\/index.php\/2025\/02\/13\/togo-compte-rendu-du-conseil-des-ministres-du-13-fevrier-2025\/\"},\"author\":{\"name\":\"La voix de la nation\",\"@id\":\"https:\/\/lavoixdelanation.tg\/#\/schema\/person\/6c489293aa38053673a9e554acb6e224\"},\"headline\":\"Togo\u00a0: Compte rendu du Conseil des ministres du 13 f\u00e9vrier 2025\",\"datePublished\":\"2025-02-13T21:44:00+00:00\",\"dateModified\":\"2025-02-14T07:57:07+00:00\",\"mainEntityOfPage\":{\"@id\":\"https:\/\/lavoixdelanation.tg\/index.php\/2025\/02\/13\/togo-compte-rendu-du-conseil-des-ministres-du-13-fevrier-2025\/\"},\"wordCount\":982,\"commentCount\":0,\"publisher\":{\"@id\":\"https:\/\/lavoixdelanation.tg\/#organization\"},\"image\":{\"@id\":\"https:\/\/lavoixdelanation.tg\/index.php\/2025\/02\/13\/togo-compte-rendu-du-conseil-des-ministres-du-13-fevrier-2025\/#primaryimage\"},\"thumbnailUrl\":\"https:\/\/lavoixdelanation.tg\/wp-content\/uploads\/2025\/02\/Conseil.png\",\"articleSection\":[\"Politique\"],\"inLanguage\":\"fr-FR\",\"potentialAction\":[{\"@type\":\"CommentAction\",\"name\":\"Comment\",\"target\":[\"https:\/\/lavoixdelanation.tg\/index.php\/2025\/02\/13\/togo-compte-rendu-du-conseil-des-ministres-du-13-fevrier-2025\/#respond\"]}]},{\"@type\":\"WebPage\",\"@id\":\"https:\/\/lavoixdelanation.tg\/index.php\/2025\/02\/13\/togo-compte-rendu-du-conseil-des-ministres-du-13-fevrier-2025\/\",\"url\":\"https:\/\/lavoixdelanation.tg\/index.php\/2025\/02\/13\/togo-compte-rendu-du-conseil-des-ministres-du-13-fevrier-2025\/\",\"name\":\"Togo\u00a0: Compte rendu du Conseil des ministres du 13 f\u00e9vrier 2025 - La Voix de la Nation\",\"isPartOf\":{\"@id\":\"https:\/\/lavoixdelanation.tg\/#website\"},\"primaryImageOfPage\":{\"@id\":\"https:\/\/lavoixdelanation.tg\/index.php\/2025\/02\/13\/togo-compte-rendu-du-conseil-des-ministres-du-13-fevrier-2025\/#primaryimage\"},\"image\":{\"@id\":\"https:\/\/lavoixdelanation.tg\/index.php\/2025\/02\/13\/togo-compte-rendu-du-conseil-des-ministres-du-13-fevrier-2025\/#primaryimage\"},\"thumbnailUrl\":\"https:\/\/lavoixdelanation.tg\/wp-content\/uploads\/2025\/02\/Conseil.png\",\"datePublished\":\"2025-02-13T21:44:00+00:00\",\"dateModified\":\"2025-02-14T07:57:07+00:00\",\"breadcrumb\":{\"@id\":\"https:\/\/lavoixdelanation.tg\/index.php\/2025\/02\/13\/togo-compte-rendu-du-conseil-des-ministres-du-13-fevrier-2025\/#breadcrumb\"},\"inLanguage\":\"fr-FR\",\"potentialAction\":[{\"@type\":\"ReadAction\",\"target\":[\"https:\/\/lavoixdelanation.tg\/index.php\/2025\/02\/13\/togo-compte-rendu-du-conseil-des-ministres-du-13-fevrier-2025\/\"]}]},{\"@type\":\"ImageObject\",\"inLanguage\":\"fr-FR\",\"@id\":\"https:\/\/lavoixdelanation.tg\/index.php\/2025\/02\/13\/togo-compte-rendu-du-conseil-des-ministres-du-13-fevrier-2025\/#primaryimage\",\"url\":\"https:\/\/lavoixdelanation.tg\/wp-content\/uploads\/2025\/02\/Conseil.png\",\"contentUrl\":\"https:\/\/lavoixdelanation.tg\/wp-content\/uploads\/2025\/02\/Conseil.png\",\"width\":640,\"height\":427},{\"@type\":\"BreadcrumbList\",\"@id\":\"https:\/\/lavoixdelanation.tg\/index.php\/2025\/02\/13\/togo-compte-rendu-du-conseil-des-ministres-du-13-fevrier-2025\/#breadcrumb\",\"itemListElement\":[{\"@type\":\"ListItem\",\"position\":1,\"name\":\"Accueil\",\"item\":\"https:\/\/lavoixdelanation.tg\/\"},{\"@type\":\"ListItem\",\"position\":2,\"name\":\"Togo\u00a0: Compte rendu du Conseil des ministres du 13 f\u00e9vrier 2025\"}]},{\"@type\":\"WebSite\",\"@id\":\"https:\/\/lavoixdelanation.tg\/#website\",\"url\":\"https:\/\/lavoixdelanation.tg\/\",\"name\":\"La Voix de la Nation\",\"description\":\"R\u00e9c\u00e9piss\u00e9 n\u00b00108\/HAAC\/01-2024\/pl\/P\",\"publisher\":{\"@id\":\"https:\/\/lavoixdelanation.tg\/#organization\"},\"alternateName\":\"VON\",\"potentialAction\":[{\"@type\":\"SearchAction\",\"target\":{\"@type\":\"EntryPoint\",\"urlTemplate\":\"https:\/\/lavoixdelanation.tg\/?s={search_term_string}\"},\"query-input\":{\"@type\":\"PropertyValueSpecification\",\"valueRequired\":true,\"valueName\":\"search_term_string\"}}],\"inLanguage\":\"fr-FR\"},{\"@type\":\"Organization\",\"@id\":\"https:\/\/lavoixdelanation.tg\/#organization\",\"name\":\"La Voix de la Nation\",\"url\":\"https:\/\/lavoixdelanation.tg\/\",\"logo\":{\"@type\":\"ImageObject\",\"inLanguage\":\"fr-FR\",\"@id\":\"https:\/\/lavoixdelanation.tg\/#\/schema\/logo\/image\/\",\"url\":\"https:\/\/lavoixdelanation.tg\/wp-content\/uploads\/2024\/12\/lavn-1.png\",\"contentUrl\":\"https:\/\/lavoixdelanation.tg\/wp-content\/uploads\/2024\/12\/lavn-1.png\",\"width\":1024,\"height\":464,\"caption\":\"La Voix de la Nation\"},\"image\":{\"@id\":\"https:\/\/lavoixdelanation.tg\/#\/schema\/logo\/image\/\"},\"sameAs\":[\"https:\/\/www.facebook.com\/lavoixdelanation\"]},{\"@type\":\"Person\",\"@id\":\"https:\/\/lavoixdelanation.tg\/#\/schema\/person\/6c489293aa38053673a9e554acb6e224\",\"name\":\"La voix de la nation\",\"image\":{\"@type\":\"ImageObject\",\"inLanguage\":\"fr-FR\",\"@id\":\"https:\/\/lavoixdelanation.tg\/#\/schema\/person\/image\/\",\"url\":\"https:\/\/secure.gravatar.com\/avatar\/8aa135d4bbc794494cecaa8d483f6d6cc1023624868deaff686baed5e727a5a1?s=96&d=mm&r=g\",\"contentUrl\":\"https:\/\/secure.gravatar.com\/avatar\/8aa135d4bbc794494cecaa8d483f6d6cc1023624868deaff686baed5e727a5a1?s=96&d=mm&r=g\",\"caption\":\"La voix de la nation\"},\"sameAs\":[\"https:\/\/lavoixdelanation.tg\"],\"url\":\"https:\/\/lavoixdelanation.tg\/index.php\/author\/lavn\/\"}]}<\/script>\n<!-- \/ Yoast SEO plugin. -->","yoast_head_json":{"title":"Togo\u00a0: Compte rendu du Conseil des ministres du 13 f\u00e9vrier 2025 - La Voix de la Nation","robots":{"index":"index","follow":"follow","max-snippet":"max-snippet:-1","max-image-preview":"max-image-preview:large","max-video-preview":"max-video-preview:-1"},"canonical":"https:\/\/lavoixdelanation.tg\/index.php\/2025\/02\/13\/togo-compte-rendu-du-conseil-des-ministres-du-13-fevrier-2025\/","og_locale":"fr_FR","og_type":"article","og_title":"Togo\u00a0: Compte rendu du Conseil des ministres du 13 f\u00e9vrier 2025 - La Voix de la Nation","og_description":"Le Conseil des ministres s&rsquo;est r\u00e9uni ce jeudi 13 f\u00e9vrier 2025, sous la pr\u00e9sidence de Son Excellence Monsieur Faure Essozimna Gnassingb\u00e9, Pr\u00e9sident de la R\u00e9publique. Le Conseil des ministres a&hellip;","og_url":"https:\/\/lavoixdelanation.tg\/index.php\/2025\/02\/13\/togo-compte-rendu-du-conseil-des-ministres-du-13-fevrier-2025\/","og_site_name":"La Voix de la Nation","article_publisher":"https:\/\/www.facebook.com\/lavoixdelanation","article_published_time":"2025-02-13T21:44:00+00:00","article_modified_time":"2025-02-14T07:57:07+00:00","og_image":[{"width":640,"height":427,"url":"https:\/\/lavoixdelanation.tg\/wp-content\/uploads\/2025\/02\/Conseil.png","type":"image\/png"}],"author":"La voix de la nation","twitter_card":"summary_large_image","twitter_misc":{"\u00c9crit par":"La voix de la nation","Dur\u00e9e de lecture estim\u00e9e":"5 minutes"},"schema":{"@context":"https:\/\/schema.org","@graph":[{"@type":"Article","@id":"https:\/\/lavoixdelanation.tg\/index.php\/2025\/02\/13\/togo-compte-rendu-du-conseil-des-ministres-du-13-fevrier-2025\/#article","isPartOf":{"@id":"https:\/\/lavoixdelanation.tg\/index.php\/2025\/02\/13\/togo-compte-rendu-du-conseil-des-ministres-du-13-fevrier-2025\/"},"author":{"name":"La voix de la nation","@id":"https:\/\/lavoixdelanation.tg\/#\/schema\/person\/6c489293aa38053673a9e554acb6e224"},"headline":"Togo\u00a0: Compte rendu du Conseil des ministres du 13 f\u00e9vrier 2025","datePublished":"2025-02-13T21:44:00+00:00","dateModified":"2025-02-14T07:57:07+00:00","mainEntityOfPage":{"@id":"https:\/\/lavoixdelanation.tg\/index.php\/2025\/02\/13\/togo-compte-rendu-du-conseil-des-ministres-du-13-fevrier-2025\/"},"wordCount":982,"commentCount":0,"publisher":{"@id":"https:\/\/lavoixdelanation.tg\/#organization"},"image":{"@id":"https:\/\/lavoixdelanation.tg\/index.php\/2025\/02\/13\/togo-compte-rendu-du-conseil-des-ministres-du-13-fevrier-2025\/#primaryimage"},"thumbnailUrl":"https:\/\/lavoixdelanation.tg\/wp-content\/uploads\/2025\/02\/Conseil.png","articleSection":["Politique"],"inLanguage":"fr-FR","potentialAction":[{"@type":"CommentAction","name":"Comment","target":["https:\/\/lavoixdelanation.tg\/index.php\/2025\/02\/13\/togo-compte-rendu-du-conseil-des-ministres-du-13-fevrier-2025\/#respond"]}]},{"@type":"WebPage","@id":"https:\/\/lavoixdelanation.tg\/index.php\/2025\/02\/13\/togo-compte-rendu-du-conseil-des-ministres-du-13-fevrier-2025\/","url":"https:\/\/lavoixdelanation.tg\/index.php\/2025\/02\/13\/togo-compte-rendu-du-conseil-des-ministres-du-13-fevrier-2025\/","name":"Togo\u00a0: Compte rendu du Conseil des ministres du 13 f\u00e9vrier 2025 - La Voix de la Nation","isPartOf":{"@id":"https:\/\/lavoixdelanation.tg\/#website"},"primaryImageOfPage":{"@id":"https:\/\/lavoixdelanation.tg\/index.php\/2025\/02\/13\/togo-compte-rendu-du-conseil-des-ministres-du-13-fevrier-2025\/#primaryimage"},"image":{"@id":"https:\/\/lavoixdelanation.tg\/index.php\/2025\/02\/13\/togo-compte-rendu-du-conseil-des-ministres-du-13-fevrier-2025\/#primaryimage"},"thumbnailUrl":"https:\/\/lavoixdelanation.tg\/wp-content\/uploads\/2025\/02\/Conseil.png","datePublished":"2025-02-13T21:44:00+00:00","dateModified":"2025-02-14T07:57:07+00:00","breadcrumb":{"@id":"https:\/\/lavoixdelanation.tg\/index.php\/2025\/02\/13\/togo-compte-rendu-du-conseil-des-ministres-du-13-fevrier-2025\/#breadcrumb"},"inLanguage":"fr-FR","potentialAction":[{"@type":"ReadAction","target":["https:\/\/lavoixdelanation.tg\/index.php\/2025\/02\/13\/togo-compte-rendu-du-conseil-des-ministres-du-13-fevrier-2025\/"]}]},{"@type":"ImageObject","inLanguage":"fr-FR","@id":"https:\/\/lavoixdelanation.tg\/index.php\/2025\/02\/13\/togo-compte-rendu-du-conseil-des-ministres-du-13-fevrier-2025\/#primaryimage","url":"https:\/\/lavoixdelanation.tg\/wp-content\/uploads\/2025\/02\/Conseil.png","contentUrl":"https:\/\/lavoixdelanation.tg\/wp-content\/uploads\/2025\/02\/Conseil.png","width":640,"height":427},{"@type":"BreadcrumbList","@id":"https:\/\/lavoixdelanation.tg\/index.php\/2025\/02\/13\/togo-compte-rendu-du-conseil-des-ministres-du-13-fevrier-2025\/#breadcrumb","itemListElement":[{"@type":"ListItem","position":1,"name":"Accueil","item":"https:\/\/lavoixdelanation.tg\/"},{"@type":"ListItem","position":2,"name":"Togo\u00a0: Compte rendu du Conseil des ministres du 13 f\u00e9vrier 2025"}]},{"@type":"WebSite","@id":"https:\/\/lavoixdelanation.tg\/#website","url":"https:\/\/lavoixdelanation.tg\/","name":"La Voix de la Nation","description":"R\u00e9c\u00e9piss\u00e9 n\u00b00108\/HAAC\/01-2024\/pl\/P","publisher":{"@id":"https:\/\/lavoixdelanation.tg\/#organization"},"alternateName":"VON","potentialAction":[{"@type":"SearchAction","target":{"@type":"EntryPoint","urlTemplate":"https:\/\/lavoixdelanation.tg\/?s={search_term_string}"},"query-input":{"@type":"PropertyValueSpecification","valueRequired":true,"valueName":"search_term_string"}}],"inLanguage":"fr-FR"},{"@type":"Organization","@id":"https:\/\/lavoixdelanation.tg\/#organization","name":"La Voix de la Nation","url":"https:\/\/lavoixdelanation.tg\/","logo":{"@type":"ImageObject","inLanguage":"fr-FR","@id":"https:\/\/lavoixdelanation.tg\/#\/schema\/logo\/image\/","url":"https:\/\/lavoixdelanation.tg\/wp-content\/uploads\/2024\/12\/lavn-1.png","contentUrl":"https:\/\/lavoixdelanation.tg\/wp-content\/uploads\/2024\/12\/lavn-1.png","width":1024,"height":464,"caption":"La Voix de la Nation"},"image":{"@id":"https:\/\/lavoixdelanation.tg\/#\/schema\/logo\/image\/"},"sameAs":["https:\/\/www.facebook.com\/lavoixdelanation"]},{"@type":"Person","@id":"https:\/\/lavoixdelanation.tg\/#\/schema\/person\/6c489293aa38053673a9e554acb6e224","name":"La voix de la nation","image":{"@type":"ImageObject","inLanguage":"fr-FR","@id":"https:\/\/lavoixdelanation.tg\/#\/schema\/person\/image\/","url":"https:\/\/secure.gravatar.com\/avatar\/8aa135d4bbc794494cecaa8d483f6d6cc1023624868deaff686baed5e727a5a1?s=96&d=mm&r=g","contentUrl":"https:\/\/secure.gravatar.com\/avatar\/8aa135d4bbc794494cecaa8d483f6d6cc1023624868deaff686baed5e727a5a1?s=96&d=mm&r=g","caption":"La voix de la nation"},"sameAs":["https:\/\/lavoixdelanation.tg"],"url":"https:\/\/lavoixdelanation.tg\/index.php\/author\/lavn\/"}]}},"_links":{"self":[{"href":"https:\/\/lavoixdelanation.tg\/index.php\/wp-json\/wp\/v2\/posts\/2182","targetHints":{"allow":["GET"]}}],"collection":[{"href":"https:\/\/lavoixdelanation.tg\/index.php\/wp-json\/wp\/v2\/posts"}],"about":[{"href":"https:\/\/lavoixdelanation.tg\/index.php\/wp-json\/wp\/v2\/types\/post"}],"author":[{"embeddable":true,"href":"https:\/\/lavoixdelanation.tg\/index.php\/wp-json\/wp\/v2\/users\/1"}],"replies":[{"embeddable":true,"href":"https:\/\/lavoixdelanation.tg\/index.php\/wp-json\/wp\/v2\/comments?post=2182"}],"version-history":[{"count":1,"href":"https:\/\/lavoixdelanation.tg\/index.php\/wp-json\/wp\/v2\/posts\/2182\/revisions"}],"predecessor-version":[{"id":2184,"href":"https:\/\/lavoixdelanation.tg\/index.php\/wp-json\/wp\/v2\/posts\/2182\/revisions\/2184"}],"wp:featuredmedia":[{"embeddable":true,"href":"https:\/\/lavoixdelanation.tg\/index.php\/wp-json\/wp\/v2\/media\/2183"}],"wp:attachment":[{"href":"https:\/\/lavoixdelanation.tg\/index.php\/wp-json\/wp\/v2\/media?parent=2182"}],"wp:term":[{"taxonomy":"category","embeddable":true,"href":"https:\/\/lavoixdelanation.tg\/index.php\/wp-json\/wp\/v2\/categories?post=2182"},{"taxonomy":"post_tag","embeddable":true,"href":"https:\/\/lavoixdelanation.tg\/index.php\/wp-json\/wp\/v2\/tags?post=2182"}],"curies":[{"name":"wp","href":"https:\/\/api.w.org\/{rel}","templated":true}]}}