{"id":2174,"date":"2025-02-11T16:09:00","date_gmt":"2025-02-11T15:09:00","guid":{"rendered":"https:\/\/lavoixdelanation.tg\/?p=2174"},"modified":"2025-02-11T20:16:03","modified_gmt":"2025-02-11T19:16:03","slug":"le-togo-reaffirme-son-engagement-en-faveur-du-dialogue-et-de-la-cooperation","status":"publish","type":"post","link":"https:\/\/lavoixdelanation.tg\/index.php\/2025\/02\/11\/le-togo-reaffirme-son-engagement-en-faveur-du-dialogue-et-de-la-cooperation\/","title":{"rendered":"Le Togo r\u00e9affirme son engagement en faveur du dialogue et de la coop\u00e9ration"},"content":{"rendered":"\n<p><strong>Rabat la capitale du Royaume du Maroc a accueilli le 6 f\u00e9vrier 2025, une r\u00e9union des Pr\u00e9sidents des Parlements des \u00c9tats Africains Atlantiques. Repr\u00e9sentant le pr\u00e9sident de l\u2019Assembl\u00e9e nationale aux travaux, l\u2019honorable Myriam Dossou d\u2019Almeida a r\u00e9affirm\u00e9 l\u2019engagement des \u00e9lus du peuple \u00e0 soutenir toutes les initiatives qui maintiennent le dialogue politique et s\u00e9curitaire au sein de l\u2019espace atlantique.<\/strong><\/p>\n\n\n\n<p>La sixi\u00e8me vice-pr\u00e9sidente de l\u2019Assembl\u00e9e nationale a \u00e9galement soulign\u00e9 l\u2019importance de renforcer les m\u00e9canismes de concertation entre les \u00c9tats pour une meilleure gouvernance et une coop\u00e9ration plus efficace face aux d\u00e9fis communs.<\/p>\n\n\n\n<p>Elle a par ailleurs salu\u00e9 la diplomatie proactive du Royaume du Maroc sous la direction de Sa Majest\u00e9 le Roi Mohamed VI, notamment en mati\u00e8re de rapprochement des pays africains.<\/p>\n\n\n\n<p>\u00ab Promouvoir un r\u00e9seau parlementaire pour une Afrique atlantique stable, int\u00e9gr\u00e9e et prosp\u00e8re \u00bb&nbsp;: c\u2019est le th\u00e8me au centre de cette rencontre qui s\u2019est achev\u00e9e par l\u2019adoption d\u2019une \u00ab D\u00e9claration de Rabat \u00bb, qui pose les jalons d\u2019une coop\u00e9ration parlementaire renforc\u00e9e entre les \u00c9tats concern\u00e9s.<\/p>\n\n\n\n<p>L\u2019objectif principal de cette r\u00e9union est de renforcer le dialogue interparlementaire entre les \u00c9tats Africains Atlantiques. Il s\u2019agit d\u2019une d\u00e9marche visant \u00e0 offrir un espace d\u2019\u00e9change entre les institutions l\u00e9gislatives des pays concern\u00e9s, afin de mieux accompagner les politiques nationales et r\u00e9gionales en faveur de la stabilit\u00e9 et du d\u00e9veloppement \u00e9conomique.<\/p>\n\n\n\n<figure class=\"wp-block-image size-large\"><img loading=\"lazy\" decoding=\"async\" width=\"1024\" height=\"682\" src=\"https:\/\/lavoixdelanation.tg\/wp-content\/uploads\/2025\/02\/Dossou-2-1024x682.jpg\" alt=\"\" class=\"wp-image-2176\" srcset=\"https:\/\/lavoixdelanation.tg\/wp-content\/uploads\/2025\/02\/Dossou-2-1024x682.jpg 1024w, https:\/\/lavoixdelanation.tg\/wp-content\/uploads\/2025\/02\/Dossou-2-300x200.jpg 300w, https:\/\/lavoixdelanation.tg\/wp-content\/uploads\/2025\/02\/Dossou-2-768x512.jpg 768w, https:\/\/lavoixdelanation.tg\/wp-content\/uploads\/2025\/02\/Dossou-2-1536x1023.jpg 1536w, https:\/\/lavoixdelanation.tg\/wp-content\/uploads\/2025\/02\/Dossou-2.jpg 1600w\" sizes=\"auto, (max-width: 1024px) 100vw, 1024px\" \/><figcaption class=\"wp-element-caption\"><em>Mme Myriam Dossou d\u2019Almeida et Rachid Talbi El Alami<\/em><\/figcaption><\/figure>\n\n\n\n<p>L\u2019un des points essentiels des discussions est la mise en place d\u2019un r\u00e9seau parlementaire d\u00e9di\u00e9 \u00e0 l\u2019Afrique Atlantique. Ce r\u00e9seau a pour vocation de faciliter la coop\u00e9ration entre les Parlements et d\u2019encourager une action concert\u00e9e sur les grandes th\u00e9matiques de d\u00e9veloppement qui concernent les pays de la fa\u00e7ade atlantique.<\/p>\n\n\n\n<p>Il faut souligner qu\u2019en marge de la r\u00e9union, la sixi\u00e8me Vice-pr\u00e9sidente de l\u2019Assembl\u00e9e nationale a \u00e9t\u00e9 re\u00e7ue en audience par M. Rachid Talbi El Alami, Pr\u00e9sident de la chambre des repr\u00e9sentants du Royaume du Maroc. Cette rencontre a permis aux deux personnalit\u00e9s d\u2019\u00e9changer sur le renforcement des relations bilat\u00e9rales entre les deux institutions parlementaires et de souligner l\u2019importance de l\u2019implication des repr\u00e9sentants du peuple dans la mise en \u0153uvre de la d\u00e9claration de Rabat pour garantir un impact concret et durable au b\u00e9n\u00e9fice des populations.<\/p>\n\n\n\n<p>Lanc\u00e9 le 8 juin 2022 \u00e0 Rabat sous l\u2019impulsion de Sa Majest\u00e9 le Roi Mohammed VI, le Processus des \u00c9tats Africains Atlantiques (PEAA) constitue une initiative majeure pour transformer la fa\u00e7ade atlantique africaine en un espace de synergies humaines, de compl\u00e9mentarit\u00e9 \u00e9conomique et de rayonnement international.<\/p>\n\n\n\n<p><strong>David S.<\/strong><\/p>\n","protected":false},"excerpt":{"rendered":"<p>Rabat la capitale du Royaume du Maroc a accueilli le 6 f\u00e9vrier 2025, une r\u00e9union des Pr\u00e9sidents des Parlements des \u00c9tats Africains Atlantiques. Repr\u00e9sentant le pr\u00e9sident de l\u2019Assembl\u00e9e nationale aux&hellip; <\/p>\n","protected":false},"author":1,"featured_media":2175,"comment_status":"open","ping_status":"open","sticky":false,"template":"","format":"standard","meta":{"footnotes":""},"categories":[12,21],"tags":[],"class_list":["post-2174","post","type-post","status-publish","format-standard","has-post-thumbnail","hentry","category-diplomatie","category-politique"],"yoast_head":"<!-- This site is optimized with the Yoast SEO plugin v26.4 - https:\/\/yoast.com\/wordpress\/plugins\/seo\/ -->\n<title>Le Togo r\u00e9affirme son engagement en faveur du dialogue et de la coop\u00e9ration - La Voix de la Nation<\/title>\n<meta name=\"robots\" content=\"index, follow, max-snippet:-1, max-image-preview:large, max-video-preview:-1\" \/>\n<link rel=\"canonical\" href=\"https:\/\/lavoixdelanation.tg\/index.php\/2025\/02\/11\/le-togo-reaffirme-son-engagement-en-faveur-du-dialogue-et-de-la-cooperation\/\" \/>\n<meta property=\"og:locale\" content=\"fr_FR\" \/>\n<meta property=\"og:type\" content=\"article\" \/>\n<meta property=\"og:title\" content=\"Le Togo r\u00e9affirme son engagement en faveur du dialogue et de la coop\u00e9ration - La Voix de la Nation\" \/>\n<meta property=\"og:description\" content=\"Rabat la capitale du Royaume du Maroc a accueilli le 6 f\u00e9vrier 2025, une r\u00e9union des Pr\u00e9sidents des Parlements des \u00c9tats Africains Atlantiques. Repr\u00e9sentant le pr\u00e9sident de l\u2019Assembl\u00e9e nationale aux&hellip;\" \/>\n<meta property=\"og:url\" content=\"https:\/\/lavoixdelanation.tg\/index.php\/2025\/02\/11\/le-togo-reaffirme-son-engagement-en-faveur-du-dialogue-et-de-la-cooperation\/\" \/>\n<meta property=\"og:site_name\" content=\"La Voix de la Nation\" \/>\n<meta property=\"article:publisher\" content=\"https:\/\/www.facebook.com\/lavoixdelanation\" \/>\n<meta property=\"article:published_time\" content=\"2025-02-11T15:09:00+00:00\" \/>\n<meta property=\"article:modified_time\" content=\"2025-02-11T19:16:03+00:00\" \/>\n<meta property=\"og:image\" content=\"https:\/\/lavoixdelanation.tg\/wp-content\/uploads\/2025\/02\/Myriam-Dossou-dAlmeida-prenant-part-aux-travaux.jpg\" \/>\n\t<meta property=\"og:image:width\" content=\"799\" \/>\n\t<meta property=\"og:image:height\" content=\"533\" \/>\n\t<meta property=\"og:image:type\" content=\"image\/jpeg\" \/>\n<meta name=\"author\" content=\"La voix de la nation\" \/>\n<meta name=\"twitter:card\" content=\"summary_large_image\" \/>\n<meta name=\"twitter:label1\" content=\"\u00c9crit par\" \/>\n\t<meta name=\"twitter:data1\" content=\"La voix de la nation\" \/>\n\t<meta name=\"twitter:label2\" content=\"Dur\u00e9e de lecture estim\u00e9e\" \/>\n\t<meta name=\"twitter:data2\" content=\"3 minutes\" \/>\n<script type=\"application\/ld+json\" class=\"yoast-schema-graph\">{\"@context\":\"https:\/\/schema.org\",\"@graph\":[{\"@type\":\"Article\",\"@id\":\"https:\/\/lavoixdelanation.tg\/index.php\/2025\/02\/11\/le-togo-reaffirme-son-engagement-en-faveur-du-dialogue-et-de-la-cooperation\/#article\",\"isPartOf\":{\"@id\":\"https:\/\/lavoixdelanation.tg\/index.php\/2025\/02\/11\/le-togo-reaffirme-son-engagement-en-faveur-du-dialogue-et-de-la-cooperation\/\"},\"author\":{\"name\":\"La voix de la nation\",\"@id\":\"https:\/\/lavoixdelanation.tg\/#\/schema\/person\/6c489293aa38053673a9e554acb6e224\"},\"headline\":\"Le Togo r\u00e9affirme son engagement en faveur du dialogue et de la coop\u00e9ration\",\"datePublished\":\"2025-02-11T15:09:00+00:00\",\"dateModified\":\"2025-02-11T19:16:03+00:00\",\"mainEntityOfPage\":{\"@id\":\"https:\/\/lavoixdelanation.tg\/index.php\/2025\/02\/11\/le-togo-reaffirme-son-engagement-en-faveur-du-dialogue-et-de-la-cooperation\/\"},\"wordCount\":493,\"commentCount\":0,\"publisher\":{\"@id\":\"https:\/\/lavoixdelanation.tg\/#organization\"},\"image\":{\"@id\":\"https:\/\/lavoixdelanation.tg\/index.php\/2025\/02\/11\/le-togo-reaffirme-son-engagement-en-faveur-du-dialogue-et-de-la-cooperation\/#primaryimage\"},\"thumbnailUrl\":\"https:\/\/lavoixdelanation.tg\/wp-content\/uploads\/2025\/02\/Myriam-Dossou-dAlmeida-prenant-part-aux-travaux.jpg\",\"articleSection\":[\"Diplomatie\",\"Politique\"],\"inLanguage\":\"fr-FR\",\"potentialAction\":[{\"@type\":\"CommentAction\",\"name\":\"Comment\",\"target\":[\"https:\/\/lavoixdelanation.tg\/index.php\/2025\/02\/11\/le-togo-reaffirme-son-engagement-en-faveur-du-dialogue-et-de-la-cooperation\/#respond\"]}]},{\"@type\":\"WebPage\",\"@id\":\"https:\/\/lavoixdelanation.tg\/index.php\/2025\/02\/11\/le-togo-reaffirme-son-engagement-en-faveur-du-dialogue-et-de-la-cooperation\/\",\"url\":\"https:\/\/lavoixdelanation.tg\/index.php\/2025\/02\/11\/le-togo-reaffirme-son-engagement-en-faveur-du-dialogue-et-de-la-cooperation\/\",\"name\":\"Le Togo r\u00e9affirme son engagement en faveur du dialogue et de la coop\u00e9ration - La Voix de la Nation\",\"isPartOf\":{\"@id\":\"https:\/\/lavoixdelanation.tg\/#website\"},\"primaryImageOfPage\":{\"@id\":\"https:\/\/lavoixdelanation.tg\/index.php\/2025\/02\/11\/le-togo-reaffirme-son-engagement-en-faveur-du-dialogue-et-de-la-cooperation\/#primaryimage\"},\"image\":{\"@id\":\"https:\/\/lavoixdelanation.tg\/index.php\/2025\/02\/11\/le-togo-reaffirme-son-engagement-en-faveur-du-dialogue-et-de-la-cooperation\/#primaryimage\"},\"thumbnailUrl\":\"https:\/\/lavoixdelanation.tg\/wp-content\/uploads\/2025\/02\/Myriam-Dossou-dAlmeida-prenant-part-aux-travaux.jpg\",\"datePublished\":\"2025-02-11T15:09:00+00:00\",\"dateModified\":\"2025-02-11T19:16:03+00:00\",\"breadcrumb\":{\"@id\":\"https:\/\/lavoixdelanation.tg\/index.php\/2025\/02\/11\/le-togo-reaffirme-son-engagement-en-faveur-du-dialogue-et-de-la-cooperation\/#breadcrumb\"},\"inLanguage\":\"fr-FR\",\"potentialAction\":[{\"@type\":\"ReadAction\",\"target\":[\"https:\/\/lavoixdelanation.tg\/index.php\/2025\/02\/11\/le-togo-reaffirme-son-engagement-en-faveur-du-dialogue-et-de-la-cooperation\/\"]}]},{\"@type\":\"ImageObject\",\"inLanguage\":\"fr-FR\",\"@id\":\"https:\/\/lavoixdelanation.tg\/index.php\/2025\/02\/11\/le-togo-reaffirme-son-engagement-en-faveur-du-dialogue-et-de-la-cooperation\/#primaryimage\",\"url\":\"https:\/\/lavoixdelanation.tg\/wp-content\/uploads\/2025\/02\/Myriam-Dossou-dAlmeida-prenant-part-aux-travaux.jpg\",\"contentUrl\":\"https:\/\/lavoixdelanation.tg\/wp-content\/uploads\/2025\/02\/Myriam-Dossou-dAlmeida-prenant-part-aux-travaux.jpg\",\"width\":799,\"height\":533},{\"@type\":\"BreadcrumbList\",\"@id\":\"https:\/\/lavoixdelanation.tg\/index.php\/2025\/02\/11\/le-togo-reaffirme-son-engagement-en-faveur-du-dialogue-et-de-la-cooperation\/#breadcrumb\",\"itemListElement\":[{\"@type\":\"ListItem\",\"position\":1,\"name\":\"Accueil\",\"item\":\"https:\/\/lavoixdelanation.tg\/\"},{\"@type\":\"ListItem\",\"position\":2,\"name\":\"Le Togo r\u00e9affirme son engagement en faveur du dialogue et de la coop\u00e9ration\"}]},{\"@type\":\"WebSite\",\"@id\":\"https:\/\/lavoixdelanation.tg\/#website\",\"url\":\"https:\/\/lavoixdelanation.tg\/\",\"name\":\"La Voix de la Nation\",\"description\":\"R\u00e9c\u00e9piss\u00e9 n\u00b00108\/HAAC\/01-2024\/pl\/P\",\"publisher\":{\"@id\":\"https:\/\/lavoixdelanation.tg\/#organization\"},\"alternateName\":\"VON\",\"potentialAction\":[{\"@type\":\"SearchAction\",\"target\":{\"@type\":\"EntryPoint\",\"urlTemplate\":\"https:\/\/lavoixdelanation.tg\/?s={search_term_string}\"},\"query-input\":{\"@type\":\"PropertyValueSpecification\",\"valueRequired\":true,\"valueName\":\"search_term_string\"}}],\"inLanguage\":\"fr-FR\"},{\"@type\":\"Organization\",\"@id\":\"https:\/\/lavoixdelanation.tg\/#organization\",\"name\":\"La Voix de la Nation\",\"url\":\"https:\/\/lavoixdelanation.tg\/\",\"logo\":{\"@type\":\"ImageObject\",\"inLanguage\":\"fr-FR\",\"@id\":\"https:\/\/lavoixdelanation.tg\/#\/schema\/logo\/image\/\",\"url\":\"https:\/\/lavoixdelanation.tg\/wp-content\/uploads\/2024\/12\/lavn-1.png\",\"contentUrl\":\"https:\/\/lavoixdelanation.tg\/wp-content\/uploads\/2024\/12\/lavn-1.png\",\"width\":1024,\"height\":464,\"caption\":\"La Voix de la Nation\"},\"image\":{\"@id\":\"https:\/\/lavoixdelanation.tg\/#\/schema\/logo\/image\/\"},\"sameAs\":[\"https:\/\/www.facebook.com\/lavoixdelanation\"]},{\"@type\":\"Person\",\"@id\":\"https:\/\/lavoixdelanation.tg\/#\/schema\/person\/6c489293aa38053673a9e554acb6e224\",\"name\":\"La voix de la nation\",\"image\":{\"@type\":\"ImageObject\",\"inLanguage\":\"fr-FR\",\"@id\":\"https:\/\/lavoixdelanation.tg\/#\/schema\/person\/image\/\",\"url\":\"https:\/\/secure.gravatar.com\/avatar\/8aa135d4bbc794494cecaa8d483f6d6cc1023624868deaff686baed5e727a5a1?s=96&d=mm&r=g\",\"contentUrl\":\"https:\/\/secure.gravatar.com\/avatar\/8aa135d4bbc794494cecaa8d483f6d6cc1023624868deaff686baed5e727a5a1?s=96&d=mm&r=g\",\"caption\":\"La voix de la nation\"},\"sameAs\":[\"https:\/\/lavoixdelanation.tg\"],\"url\":\"https:\/\/lavoixdelanation.tg\/index.php\/author\/lavn\/\"}]}<\/script>\n<!-- \/ Yoast SEO plugin. -->","yoast_head_json":{"title":"Le Togo r\u00e9affirme son engagement en faveur du dialogue et de la coop\u00e9ration - La Voix de la Nation","robots":{"index":"index","follow":"follow","max-snippet":"max-snippet:-1","max-image-preview":"max-image-preview:large","max-video-preview":"max-video-preview:-1"},"canonical":"https:\/\/lavoixdelanation.tg\/index.php\/2025\/02\/11\/le-togo-reaffirme-son-engagement-en-faveur-du-dialogue-et-de-la-cooperation\/","og_locale":"fr_FR","og_type":"article","og_title":"Le Togo r\u00e9affirme son engagement en faveur du dialogue et de la coop\u00e9ration - La Voix de la Nation","og_description":"Rabat la capitale du Royaume du Maroc a accueilli le 6 f\u00e9vrier 2025, une r\u00e9union des Pr\u00e9sidents des Parlements des \u00c9tats Africains Atlantiques. Repr\u00e9sentant le pr\u00e9sident de l\u2019Assembl\u00e9e nationale aux&hellip;","og_url":"https:\/\/lavoixdelanation.tg\/index.php\/2025\/02\/11\/le-togo-reaffirme-son-engagement-en-faveur-du-dialogue-et-de-la-cooperation\/","og_site_name":"La Voix de la Nation","article_publisher":"https:\/\/www.facebook.com\/lavoixdelanation","article_published_time":"2025-02-11T15:09:00+00:00","article_modified_time":"2025-02-11T19:16:03+00:00","og_image":[{"width":799,"height":533,"url":"https:\/\/lavoixdelanation.tg\/wp-content\/uploads\/2025\/02\/Myriam-Dossou-dAlmeida-prenant-part-aux-travaux.jpg","type":"image\/jpeg"}],"author":"La voix de la nation","twitter_card":"summary_large_image","twitter_misc":{"\u00c9crit par":"La voix de la nation","Dur\u00e9e de lecture estim\u00e9e":"3 minutes"},"schema":{"@context":"https:\/\/schema.org","@graph":[{"@type":"Article","@id":"https:\/\/lavoixdelanation.tg\/index.php\/2025\/02\/11\/le-togo-reaffirme-son-engagement-en-faveur-du-dialogue-et-de-la-cooperation\/#article","isPartOf":{"@id":"https:\/\/lavoixdelanation.tg\/index.php\/2025\/02\/11\/le-togo-reaffirme-son-engagement-en-faveur-du-dialogue-et-de-la-cooperation\/"},"author":{"name":"La voix de la nation","@id":"https:\/\/lavoixdelanation.tg\/#\/schema\/person\/6c489293aa38053673a9e554acb6e224"},"headline":"Le Togo r\u00e9affirme son engagement en faveur du dialogue et de la coop\u00e9ration","datePublished":"2025-02-11T15:09:00+00:00","dateModified":"2025-02-11T19:16:03+00:00","mainEntityOfPage":{"@id":"https:\/\/lavoixdelanation.tg\/index.php\/2025\/02\/11\/le-togo-reaffirme-son-engagement-en-faveur-du-dialogue-et-de-la-cooperation\/"},"wordCount":493,"commentCount":0,"publisher":{"@id":"https:\/\/lavoixdelanation.tg\/#organization"},"image":{"@id":"https:\/\/lavoixdelanation.tg\/index.php\/2025\/02\/11\/le-togo-reaffirme-son-engagement-en-faveur-du-dialogue-et-de-la-cooperation\/#primaryimage"},"thumbnailUrl":"https:\/\/lavoixdelanation.tg\/wp-content\/uploads\/2025\/02\/Myriam-Dossou-dAlmeida-prenant-part-aux-travaux.jpg","articleSection":["Diplomatie","Politique"],"inLanguage":"fr-FR","potentialAction":[{"@type":"CommentAction","name":"Comment","target":["https:\/\/lavoixdelanation.tg\/index.php\/2025\/02\/11\/le-togo-reaffirme-son-engagement-en-faveur-du-dialogue-et-de-la-cooperation\/#respond"]}]},{"@type":"WebPage","@id":"https:\/\/lavoixdelanation.tg\/index.php\/2025\/02\/11\/le-togo-reaffirme-son-engagement-en-faveur-du-dialogue-et-de-la-cooperation\/","url":"https:\/\/lavoixdelanation.tg\/index.php\/2025\/02\/11\/le-togo-reaffirme-son-engagement-en-faveur-du-dialogue-et-de-la-cooperation\/","name":"Le Togo r\u00e9affirme son engagement en faveur du dialogue et de la coop\u00e9ration - La Voix de la Nation","isPartOf":{"@id":"https:\/\/lavoixdelanation.tg\/#website"},"primaryImageOfPage":{"@id":"https:\/\/lavoixdelanation.tg\/index.php\/2025\/02\/11\/le-togo-reaffirme-son-engagement-en-faveur-du-dialogue-et-de-la-cooperation\/#primaryimage"},"image":{"@id":"https:\/\/lavoixdelanation.tg\/index.php\/2025\/02\/11\/le-togo-reaffirme-son-engagement-en-faveur-du-dialogue-et-de-la-cooperation\/#primaryimage"},"thumbnailUrl":"https:\/\/lavoixdelanation.tg\/wp-content\/uploads\/2025\/02\/Myriam-Dossou-dAlmeida-prenant-part-aux-travaux.jpg","datePublished":"2025-02-11T15:09:00+00:00","dateModified":"2025-02-11T19:16:03+00:00","breadcrumb":{"@id":"https:\/\/lavoixdelanation.tg\/index.php\/2025\/02\/11\/le-togo-reaffirme-son-engagement-en-faveur-du-dialogue-et-de-la-cooperation\/#breadcrumb"},"inLanguage":"fr-FR","potentialAction":[{"@type":"ReadAction","target":["https:\/\/lavoixdelanation.tg\/index.php\/2025\/02\/11\/le-togo-reaffirme-son-engagement-en-faveur-du-dialogue-et-de-la-cooperation\/"]}]},{"@type":"ImageObject","inLanguage":"fr-FR","@id":"https:\/\/lavoixdelanation.tg\/index.php\/2025\/02\/11\/le-togo-reaffirme-son-engagement-en-faveur-du-dialogue-et-de-la-cooperation\/#primaryimage","url":"https:\/\/lavoixdelanation.tg\/wp-content\/uploads\/2025\/02\/Myriam-Dossou-dAlmeida-prenant-part-aux-travaux.jpg","contentUrl":"https:\/\/lavoixdelanation.tg\/wp-content\/uploads\/2025\/02\/Myriam-Dossou-dAlmeida-prenant-part-aux-travaux.jpg","width":799,"height":533},{"@type":"BreadcrumbList","@id":"https:\/\/lavoixdelanation.tg\/index.php\/2025\/02\/11\/le-togo-reaffirme-son-engagement-en-faveur-du-dialogue-et-de-la-cooperation\/#breadcrumb","itemListElement":[{"@type":"ListItem","position":1,"name":"Accueil","item":"https:\/\/lavoixdelanation.tg\/"},{"@type":"ListItem","position":2,"name":"Le Togo r\u00e9affirme son engagement en faveur du dialogue et de la coop\u00e9ration"}]},{"@type":"WebSite","@id":"https:\/\/lavoixdelanation.tg\/#website","url":"https:\/\/lavoixdelanation.tg\/","name":"La Voix de la Nation","description":"R\u00e9c\u00e9piss\u00e9 n\u00b00108\/HAAC\/01-2024\/pl\/P","publisher":{"@id":"https:\/\/lavoixdelanation.tg\/#organization"},"alternateName":"VON","potentialAction":[{"@type":"SearchAction","target":{"@type":"EntryPoint","urlTemplate":"https:\/\/lavoixdelanation.tg\/?s={search_term_string}"},"query-input":{"@type":"PropertyValueSpecification","valueRequired":true,"valueName":"search_term_string"}}],"inLanguage":"fr-FR"},{"@type":"Organization","@id":"https:\/\/lavoixdelanation.tg\/#organization","name":"La Voix de la Nation","url":"https:\/\/lavoixdelanation.tg\/","logo":{"@type":"ImageObject","inLanguage":"fr-FR","@id":"https:\/\/lavoixdelanation.tg\/#\/schema\/logo\/image\/","url":"https:\/\/lavoixdelanation.tg\/wp-content\/uploads\/2024\/12\/lavn-1.png","contentUrl":"https:\/\/lavoixdelanation.tg\/wp-content\/uploads\/2024\/12\/lavn-1.png","width":1024,"height":464,"caption":"La Voix de la Nation"},"image":{"@id":"https:\/\/lavoixdelanation.tg\/#\/schema\/logo\/image\/"},"sameAs":["https:\/\/www.facebook.com\/lavoixdelanation"]},{"@type":"Person","@id":"https:\/\/lavoixdelanation.tg\/#\/schema\/person\/6c489293aa38053673a9e554acb6e224","name":"La voix de la nation","image":{"@type":"ImageObject","inLanguage":"fr-FR","@id":"https:\/\/lavoixdelanation.tg\/#\/schema\/person\/image\/","url":"https:\/\/secure.gravatar.com\/avatar\/8aa135d4bbc794494cecaa8d483f6d6cc1023624868deaff686baed5e727a5a1?s=96&d=mm&r=g","contentUrl":"https:\/\/secure.gravatar.com\/avatar\/8aa135d4bbc794494cecaa8d483f6d6cc1023624868deaff686baed5e727a5a1?s=96&d=mm&r=g","caption":"La voix de la nation"},"sameAs":["https:\/\/lavoixdelanation.tg"],"url":"https:\/\/lavoixdelanation.tg\/index.php\/author\/lavn\/"}]}},"_links":{"self":[{"href":"https:\/\/lavoixdelanation.tg\/index.php\/wp-json\/wp\/v2\/posts\/2174","targetHints":{"allow":["GET"]}}],"collection":[{"href":"https:\/\/lavoixdelanation.tg\/index.php\/wp-json\/wp\/v2\/posts"}],"about":[{"href":"https:\/\/lavoixdelanation.tg\/index.php\/wp-json\/wp\/v2\/types\/post"}],"author":[{"embeddable":true,"href":"https:\/\/lavoixdelanation.tg\/index.php\/wp-json\/wp\/v2\/users\/1"}],"replies":[{"embeddable":true,"href":"https:\/\/lavoixdelanation.tg\/index.php\/wp-json\/wp\/v2\/comments?post=2174"}],"version-history":[{"count":2,"href":"https:\/\/lavoixdelanation.tg\/index.php\/wp-json\/wp\/v2\/posts\/2174\/revisions"}],"predecessor-version":[{"id":2178,"href":"https:\/\/lavoixdelanation.tg\/index.php\/wp-json\/wp\/v2\/posts\/2174\/revisions\/2178"}],"wp:featuredmedia":[{"embeddable":true,"href":"https:\/\/lavoixdelanation.tg\/index.php\/wp-json\/wp\/v2\/media\/2175"}],"wp:attachment":[{"href":"https:\/\/lavoixdelanation.tg\/index.php\/wp-json\/wp\/v2\/media?parent=2174"}],"wp:term":[{"taxonomy":"category","embeddable":true,"href":"https:\/\/lavoixdelanation.tg\/index.php\/wp-json\/wp\/v2\/categories?post=2174"},{"taxonomy":"post_tag","embeddable":true,"href":"https:\/\/lavoixdelanation.tg\/index.php\/wp-json\/wp\/v2\/tags?post=2174"}],"curies":[{"name":"wp","href":"https:\/\/api.w.org\/{rel}","templated":true}]}}